{"id":16229,"date":"2026-04-30T14:47:40","date_gmt":"2026-04-30T12:47:40","guid":{"rendered":"https:\/\/covasna45.ro\/?p=16229"},"modified":"2026-04-30T15:04:29","modified_gmt":"2026-04-30T13:04:29","slug":"guvernul-a-decis-fara-pensionari-speciali-in-administratie","status":"publish","type":"post","link":"https:\/\/covasna45.ro\/index.php\/lumea-noastra\/guvernul-a-decis-fara-pensionari-speciali-in-administratie\/","title":{"rendered":"Guvernul a decis: f\u0103r\u0103 pensionari speciali \u00een administra\u021bie"},"content":{"rendered":"\n<p>Guvernul a adoptat, azi, interdic\u0163ia cumulului pensiilor speciale cu salariul, \u00een administra\u0163ia public\u0103 din Rom\u00e2nia, premierul Ilie Bolojan anun\u0163\u00e2nd c\u0103 va fi trimis Parlamentului cu solicitarea s\u0103 fie adoptat \u00een procedur\u0103 de urgen\u0163\u0103. <\/p>\n\n\n\n<p>Potrivit premierului, proiectul rezolv\u0103 o problem\u0103 care \u0163ine de echitate, de economii \u00een sectorul public \u015fi de posibilitatea de a cre\u015fte \u00een cursul anului viitor, \u00eentr-o anvelop\u0103 rezonabil\u0103, salariile \u00een sectorul public.<\/p>\n\n\n\n<p>\u201eAcest proiect de lege va fi trimis Parlamentului cu solicitarea s\u0103 fie adoptat \u00een procedur\u0103 de urgen\u0163\u0103, \u00een a\u015fa fel \u00eenc\u00e2t s\u0103 rezolv\u0103m o problem\u0103 care \u0163ine de echitate, o problem\u0103 care \u0163ine de economii \u00een sectorul public \u015fi, de asemenea, una care \u0163ine de posibilitatea de a cre\u015fte \u00een cursul anului viitor, \u00eentr-o anvelop\u0103 rezonabil\u0103, salariile \u00een sectorul public\u201d, a spus \u015feful Executivului.<\/p>\n\n\n\n<h2 class=\"wp-block-heading\">85% din pensie dac\u0103 vor s\u0103 lucreze <\/h2>\n\n\n\n<p>Pensia special\u0103 non-contributiv\u0103 va fi redus\u0103 cu 85% pentru pensionarii care vor dori s\u0103 r\u0103m\u00e2n\u0103 \u00een activitate, a anun\u021bat \u0219i ministrul interimar al Muncii, Familiei, Tineretului \u0219i Solidarit\u0103\u021bii Sociale, Drago\u0219 P\u00eeslaru, care a subliniat, totodat\u0103, c\u0103 proiectul de lege privind cumulul pensiilor speciale cu salariile vizeaz\u0103 doar sectorul public.<\/p>\n\n\n\n<p>\u201eAst\u0103zi facem ordine \u00een sectorul public. Proiectul este, \u00een primul r\u00e2nd, o problem\u0103 de echitate pentru c\u0103 nu se mai poate \u00eencasa \u00een acela\u0219i timp \u0219i pensie special\u0103 integral\u0103 \u0219i salariu \u00eentreg, tot de la stat. Ast\u0103zi, \u00een \u0219edin\u021ba extraordinar\u0103 de Guvern, proiectul de lege pe care l-am adoptat a fost anun\u021bat \u00een spa\u021biul public de ceva vreme. (&#8230;) Proiectul clarific\u0103 regimul at\u00e2t pentru pensionari, c\u00e2t \u0219i pentru angaja\u021bi \u00een func\u021biile publice. Este foarte important de clarificat faptul c\u0103 pentru cei cu pensii speciale \u0219i cei cu pensii militare de serviciu proiectul clarific\u0103 aceste condi\u021bii. <\/p>\n\n\n\n<p>\u00cen primul r\u00e2nd, dac\u0103 vor dori s\u0103 r\u0103m\u00e2n\u0103 \u00een activitate, vor putea s\u0103 fac\u0103 acest lucru expun\u00e2ndu-\u0219i op\u021biunea de a r\u0103m\u00e2ne \u00een activitate, dar trebuie s\u0103 accepte ca pensia aceasta non-contributiv\u0103 s\u0103 fie redus\u0103 cu 85% pe perioada activit\u0103\u021bii. Dac\u0103 vor alege s\u0103 se retrag\u0103, evident, pensia se p\u0103streaz\u0103 integral&#8217;, a spus P\u00eeslaru, citat de <a href=\"https:\/\/agerpres.ro\/economic\/2026\/04\/30\/pensia-speciala-non-contributiva-va-fi-redusa-cu-85-daca-se-opteaza-pentru-ramanerea-in-activitate-p--1551738\">Agerpres<\/a>.<\/p>\n\n\n\n<h3 class=\"wp-block-heading\">Proiectul vizeaz\u0103 doar sectorul public \u0219i doar pe cei cu pensii speciale. \u00cen sectorul privat, cumulul pensiei cu salariul este \u00een continuare permis pentru orice fel de categorie de pensionare.<\/h3>\n\n\n\n<p>\u201eSe poate continua activitatea \u00een sectorul public p\u00e2n\u0103 la 70 de ani cu o cerere din partea persoanei care \u00eendeplinise v\u00e2rsta de pensionare \u0219i cu acordul angajatorului, \u00een mod evident f\u0103r\u0103 cumulul integral de venituri pentru cei cu pensiile speciale&#8217;, a ad\u0103ugat ministrul.<\/p>\n\n\n\n<h2 class=\"wp-block-heading\">Un fenomen care devenise un fel de sport na\u021bional<\/h2>\n\n\n\n<p>Acesta a precizat c\u0103 exist\u0103 excep\u021bii \u201ejustificate \u0219i limitate\u201d pentru anumite categorii, cum ar fi: ale\u0219ii locali sau cadrele didactice.<\/p>\n\n\n\n<p>\u201eEste, \u00een acela\u0219i timp, un proiect de lege care aduce claritate pe un fenomen care devenise un fel de sport na\u021bional \u00een administra\u021bie, \u0219i anume deta\u0219\u0103rile \u0219i transferurile. Cunoa\u0219tem cazuri care au ajuns \u00een mass-media cu deta\u0219are din zona de prim\u0103rie, ce devine consul sau persoane care se transfer\u0103 din administra\u021bia public\u0103 local\u0103 \u00een cea central\u0103 f\u0103r\u0103 s\u0103 aib\u0103 neap\u0103rat toate calit\u0103\u021bile. Sunt reguli mai clare pentru reorganizarea institu\u021biilor, mecanisme eficiente pentru ocuparea posturilor vacante \u0219i clarificarea \u0219i limitarea acestor deta\u0219\u0103ri \u0219i transferuri\u201d, a mai spus ministrul interimar al Muncii.<\/p>\n","protected":false},"excerpt":{"rendered":"<p>Guvernul a adoptat, azi, interdic\u0163ia cumulului pensiilor speciale cu salariul, \u00een administra\u0163ia public\u0103 din Rom\u00e2nia, premierul Ilie Bolojan anun\u0163\u00e2nd c\u0103 va fi trimis Parlamentului cu solicitarea s\u0103 fie adoptat \u00een procedur\u0103 de urgen\u0163\u0103. Potrivit premierului, proiectul rezolv\u0103 o problem\u0103 care \u0163ine de echitate, de economii \u00een sectorul public \u015fi de posibilitatea de a cre\u015fte \u00een [&hellip;]<\/p>\n","protected":false},"author":1,"featured_media":14115,"comment_status":"open","ping_status":"closed","sticky":false,"template":"","format":"standard","meta":{"tdm_status":"","tdm_grid_status":"","footnotes":""},"categories":[14],"tags":[4724,177,200],"class_list":{"0":"post-16229","1":"post","2":"type-post","3":"status-publish","4":"format-standard","5":"has-post-thumbnail","7":"category-lumea-noastra","8":"tag-administratie-publica-2","9":"tag-guvern","10":"tag-pensii"},"yoast_head":"<!-- This site is optimized with the Yoast SEO plugin v27.5 - https:\/\/yoast.com\/product\/yoast-seo-wordpress\/ -->\n<title>Guvernul a decis: f\u0103r\u0103 pensionari speciali \u00een administra\u021bie - Covasna45<\/title>\n<meta name=\"description\" content=\"Guvernul a adoptat, azi, interdic\u0163ia cumulului pensiilor speciale cu salariul, \u00een administra\u0163ia public\u0103 din Rom\u00e2nia.\" \/>\n<meta name=\"robots\" content=\"index, follow, max-snippet:-1, max-image-preview:large, max-video-preview:-1\" \/>\n<link rel=\"canonical\" href=\"https:\/\/covasna45.ro\/index.php\/lumea-noastra\/guvernul-a-decis-fara-pensionari-speciali-in-administratie\/\" \/>\n<meta property=\"og:locale\" content=\"ro_RO\" \/>\n<meta property=\"og:type\" content=\"article\" \/>\n<meta property=\"og:title\" content=\"Guvernul a decis: f\u0103r\u0103 pensionari speciali \u00een administra\u021bie - Covasna45\" \/>\n<meta property=\"og:description\" content=\"Guvernul a adoptat, azi, interdic\u0163ia cumulului pensiilor speciale cu salariul, \u00een administra\u0163ia public\u0103 din Rom\u00e2nia.\" \/>\n<meta property=\"og:url\" content=\"https:\/\/covasna45.ro\/index.php\/lumea-noastra\/guvernul-a-decis-fara-pensionari-speciali-in-administratie\/\" \/>\n<meta property=\"og:site_name\" content=\"Covasna45\" \/>\n<meta property=\"article:published_time\" content=\"2026-04-30T12:47:40+00:00\" \/>\n<meta property=\"article:modified_time\" content=\"2026-04-30T13:04:29+00:00\" \/>\n<meta property=\"og:image\" content=\"https:\/\/covasna45.ro\/wp-content\/uploads\/2025\/12\/bolojan-guvern.jpg\" \/>\n\t<meta property=\"og:image:width\" content=\"2048\" \/>\n\t<meta property=\"og:image:height\" content=\"1365\" \/>\n\t<meta property=\"og:image:type\" content=\"image\/jpeg\" \/>\n<meta name=\"author\" content=\"Covasna45\" \/>\n<meta name=\"twitter:card\" content=\"summary_large_image\" \/>\n<meta name=\"twitter:label1\" content=\"Scris de\" \/>\n\t<meta name=\"twitter:data1\" content=\"Covasna45\" \/>\n\t<meta name=\"twitter:label2\" content=\"Timp estimat pentru citire\" \/>\n\t<meta name=\"twitter:data2\" content=\"4 minute\" \/>\n<script type=\"application\/ld+json\" class=\"yoast-schema-graph\">{\"@context\":\"https:\\\/\\\/schema.org\",\"@graph\":[{\"@type\":\"Article\",\"@id\":\"https:\\\/\\\/covasna45.ro\\\/index.php\\\/lumea-noastra\\\/guvernul-a-decis-fara-pensionari-speciali-in-administratie\\\/#article\",\"isPartOf\":{\"@id\":\"https:\\\/\\\/covasna45.ro\\\/index.php\\\/lumea-noastra\\\/guvernul-a-decis-fara-pensionari-speciali-in-administratie\\\/\"},\"author\":{\"name\":\"Covasna45\",\"@id\":\"https:\\\/\\\/covasna45.ro\\\/#\\\/schema\\\/person\\\/e674052bd7d95d70bbb007a1060ab73c\"},\"headline\":\"Guvernul a decis: f\u0103r\u0103 pensionari speciali \u00een administra\u021bie\",\"datePublished\":\"2026-04-30T12:47:40+00:00\",\"dateModified\":\"2026-04-30T13:04:29+00:00\",\"mainEntityOfPage\":{\"@id\":\"https:\\\/\\\/covasna45.ro\\\/index.php\\\/lumea-noastra\\\/guvernul-a-decis-fara-pensionari-speciali-in-administratie\\\/\"},\"wordCount\":590,\"commentCount\":0,\"publisher\":{\"@id\":\"https:\\\/\\\/covasna45.ro\\\/#organization\"},\"image\":{\"@id\":\"https:\\\/\\\/covasna45.ro\\\/index.php\\\/lumea-noastra\\\/guvernul-a-decis-fara-pensionari-speciali-in-administratie\\\/#primaryimage\"},\"thumbnailUrl\":\"https:\\\/\\\/covasna45.ro\\\/wp-content\\\/uploads\\\/2025\\\/12\\\/bolojan-guvern.jpg\",\"keywords\":[\"administratie public\u0103\",\"Guvern\",\"Pensii\"],\"articleSection\":[\"Lumea noastr\u0103\"],\"inLanguage\":\"ro-RO\",\"potentialAction\":[{\"@type\":\"CommentAction\",\"name\":\"Comment\",\"target\":[\"https:\\\/\\\/covasna45.ro\\\/index.php\\\/lumea-noastra\\\/guvernul-a-decis-fara-pensionari-speciali-in-administratie\\\/#respond\"]}]},{\"@type\":\"WebPage\",\"@id\":\"https:\\\/\\\/covasna45.ro\\\/index.php\\\/lumea-noastra\\\/guvernul-a-decis-fara-pensionari-speciali-in-administratie\\\/\",\"url\":\"https:\\\/\\\/covasna45.ro\\\/index.php\\\/lumea-noastra\\\/guvernul-a-decis-fara-pensionari-speciali-in-administratie\\\/\",\"name\":\"Guvernul a decis: f\u0103r\u0103 pensionari speciali \u00een administra\u021bie - Covasna45\",\"isPartOf\":{\"@id\":\"https:\\\/\\\/covasna45.ro\\\/#website\"},\"primaryImageOfPage\":{\"@id\":\"https:\\\/\\\/covasna45.ro\\\/index.php\\\/lumea-noastra\\\/guvernul-a-decis-fara-pensionari-speciali-in-administratie\\\/#primaryimage\"},\"image\":{\"@id\":\"https:\\\/\\\/covasna45.ro\\\/index.php\\\/lumea-noastra\\\/guvernul-a-decis-fara-pensionari-speciali-in-administratie\\\/#primaryimage\"},\"thumbnailUrl\":\"https:\\\/\\\/covasna45.ro\\\/wp-content\\\/uploads\\\/2025\\\/12\\\/bolojan-guvern.jpg\",\"datePublished\":\"2026-04-30T12:47:40+00:00\",\"dateModified\":\"2026-04-30T13:04:29+00:00\",\"description\":\"Guvernul a adoptat, azi, interdic\u0163ia cumulului pensiilor speciale cu salariul, \u00een administra\u0163ia public\u0103 din Rom\u00e2nia.\",\"breadcrumb\":{\"@id\":\"https:\\\/\\\/covasna45.ro\\\/index.php\\\/lumea-noastra\\\/guvernul-a-decis-fara-pensionari-speciali-in-administratie\\\/#breadcrumb\"},\"inLanguage\":\"ro-RO\",\"potentialAction\":[{\"@type\":\"ReadAction\",\"target\":[\"https:\\\/\\\/covasna45.ro\\\/index.php\\\/lumea-noastra\\\/guvernul-a-decis-fara-pensionari-speciali-in-administratie\\\/\"]}]},{\"@type\":\"ImageObject\",\"inLanguage\":\"ro-RO\",\"@id\":\"https:\\\/\\\/covasna45.ro\\\/index.php\\\/lumea-noastra\\\/guvernul-a-decis-fara-pensionari-speciali-in-administratie\\\/#primaryimage\",\"url\":\"https:\\\/\\\/covasna45.ro\\\/wp-content\\\/uploads\\\/2025\\\/12\\\/bolojan-guvern.jpg\",\"contentUrl\":\"https:\\\/\\\/covasna45.ro\\\/wp-content\\\/uploads\\\/2025\\\/12\\\/bolojan-guvern.jpg\",\"width\":2048,\"height\":1365},{\"@type\":\"BreadcrumbList\",\"@id\":\"https:\\\/\\\/covasna45.ro\\\/index.php\\\/lumea-noastra\\\/guvernul-a-decis-fara-pensionari-speciali-in-administratie\\\/#breadcrumb\",\"itemListElement\":[{\"@type\":\"ListItem\",\"position\":1,\"name\":\"Prima pagin\u0103\",\"item\":\"https:\\\/\\\/covasna45.ro\\\/\"},{\"@type\":\"ListItem\",\"position\":2,\"name\":\"Guvernul a decis: f\u0103r\u0103 pensionari speciali \u00een administra\u021bie\"}]},{\"@type\":\"WebSite\",\"@id\":\"https:\\\/\\\/covasna45.ro\\\/#website\",\"url\":\"https:\\\/\\\/covasna45.ro\\\/\",\"name\":\"covasna45.ro\",\"description\":\"\",\"publisher\":{\"@id\":\"https:\\\/\\\/covasna45.ro\\\/#organization\"},\"potentialAction\":[{\"@type\":\"SearchAction\",\"target\":{\"@type\":\"EntryPoint\",\"urlTemplate\":\"https:\\\/\\\/covasna45.ro\\\/?s={search_term_string}\"},\"query-input\":{\"@type\":\"PropertyValueSpecification\",\"valueRequired\":true,\"valueName\":\"search_term_string\"}}],\"inLanguage\":\"ro-RO\"},{\"@type\":\"Organization\",\"@id\":\"https:\\\/\\\/covasna45.ro\\\/#organization\",\"name\":\"covasna45.ro\",\"url\":\"https:\\\/\\\/covasna45.ro\\\/\",\"logo\":{\"@type\":\"ImageObject\",\"inLanguage\":\"ro-RO\",\"@id\":\"https:\\\/\\\/covasna45.ro\\\/#\\\/schema\\\/logo\\\/image\\\/\",\"url\":\"https:\\\/\\\/covasna45.ro\\\/wp-content\\\/uploads\\\/2023\\\/01\\\/icon_logo.png\",\"contentUrl\":\"https:\\\/\\\/covasna45.ro\\\/wp-content\\\/uploads\\\/2023\\\/01\\\/icon_logo.png\",\"width\":1900,\"height\":1900,\"caption\":\"covasna45.ro\"},\"image\":{\"@id\":\"https:\\\/\\\/covasna45.ro\\\/#\\\/schema\\\/logo\\\/image\\\/\"}},{\"@type\":\"Person\",\"@id\":\"https:\\\/\\\/covasna45.ro\\\/#\\\/schema\\\/person\\\/e674052bd7d95d70bbb007a1060ab73c\",\"name\":\"Covasna45\",\"image\":{\"@type\":\"ImageObject\",\"inLanguage\":\"ro-RO\",\"@id\":\"https:\\\/\\\/covasna45.ro\\\/wp-content\\\/uploads\\\/2025\\\/10\\\/icon_logo_covasna45-150x150.png\",\"url\":\"https:\\\/\\\/covasna45.ro\\\/wp-content\\\/uploads\\\/2025\\\/10\\\/icon_logo_covasna45-150x150.png\",\"contentUrl\":\"https:\\\/\\\/covasna45.ro\\\/wp-content\\\/uploads\\\/2025\\\/10\\\/icon_logo_covasna45-150x150.png\",\"caption\":\"Covasna45\"},\"sameAs\":[\"https:\\\/\\\/covasna45.ro\"],\"url\":\"https:\\\/\\\/covasna45.ro\\\/index.php\\\/author\\\/covasna\\\/\"}]}<\/script>\n<!-- \/ Yoast SEO plugin. -->","yoast_head_json":{"title":"Guvernul a decis: f\u0103r\u0103 pensionari speciali \u00een administra\u021bie - Covasna45","description":"Guvernul a adoptat, azi, interdic\u0163ia cumulului pensiilor speciale cu salariul, \u00een administra\u0163ia public\u0103 din Rom\u00e2nia.","robots":{"index":"index","follow":"follow","max-snippet":"max-snippet:-1","max-image-preview":"max-image-preview:large","max-video-preview":"max-video-preview:-1"},"canonical":"https:\/\/covasna45.ro\/index.php\/lumea-noastra\/guvernul-a-decis-fara-pensionari-speciali-in-administratie\/","og_locale":"ro_RO","og_type":"article","og_title":"Guvernul a decis: f\u0103r\u0103 pensionari speciali \u00een administra\u021bie - Covasna45","og_description":"Guvernul a adoptat, azi, interdic\u0163ia cumulului pensiilor speciale cu salariul, \u00een administra\u0163ia public\u0103 din Rom\u00e2nia.","og_url":"https:\/\/covasna45.ro\/index.php\/lumea-noastra\/guvernul-a-decis-fara-pensionari-speciali-in-administratie\/","og_site_name":"Covasna45","article_published_time":"2026-04-30T12:47:40+00:00","article_modified_time":"2026-04-30T13:04:29+00:00","og_image":[{"width":2048,"height":1365,"url":"https:\/\/covasna45.ro\/wp-content\/uploads\/2025\/12\/bolojan-guvern.jpg","type":"image\/jpeg"}],"author":"Covasna45","twitter_card":"summary_large_image","twitter_misc":{"Scris de":"Covasna45","Timp estimat pentru citire":"4 minute"},"schema":{"@context":"https:\/\/schema.org","@graph":[{"@type":"Article","@id":"https:\/\/covasna45.ro\/index.php\/lumea-noastra\/guvernul-a-decis-fara-pensionari-speciali-in-administratie\/#article","isPartOf":{"@id":"https:\/\/covasna45.ro\/index.php\/lumea-noastra\/guvernul-a-decis-fara-pensionari-speciali-in-administratie\/"},"author":{"name":"Covasna45","@id":"https:\/\/covasna45.ro\/#\/schema\/person\/e674052bd7d95d70bbb007a1060ab73c"},"headline":"Guvernul a decis: f\u0103r\u0103 pensionari speciali \u00een administra\u021bie","datePublished":"2026-04-30T12:47:40+00:00","dateModified":"2026-04-30T13:04:29+00:00","mainEntityOfPage":{"@id":"https:\/\/covasna45.ro\/index.php\/lumea-noastra\/guvernul-a-decis-fara-pensionari-speciali-in-administratie\/"},"wordCount":590,"commentCount":0,"publisher":{"@id":"https:\/\/covasna45.ro\/#organization"},"image":{"@id":"https:\/\/covasna45.ro\/index.php\/lumea-noastra\/guvernul-a-decis-fara-pensionari-speciali-in-administratie\/#primaryimage"},"thumbnailUrl":"https:\/\/covasna45.ro\/wp-content\/uploads\/2025\/12\/bolojan-guvern.jpg","keywords":["administratie public\u0103","Guvern","Pensii"],"articleSection":["Lumea noastr\u0103"],"inLanguage":"ro-RO","potentialAction":[{"@type":"CommentAction","name":"Comment","target":["https:\/\/covasna45.ro\/index.php\/lumea-noastra\/guvernul-a-decis-fara-pensionari-speciali-in-administratie\/#respond"]}]},{"@type":"WebPage","@id":"https:\/\/covasna45.ro\/index.php\/lumea-noastra\/guvernul-a-decis-fara-pensionari-speciali-in-administratie\/","url":"https:\/\/covasna45.ro\/index.php\/lumea-noastra\/guvernul-a-decis-fara-pensionari-speciali-in-administratie\/","name":"Guvernul a decis: f\u0103r\u0103 pensionari speciali \u00een administra\u021bie - Covasna45","isPartOf":{"@id":"https:\/\/covasna45.ro\/#website"},"primaryImageOfPage":{"@id":"https:\/\/covasna45.ro\/index.php\/lumea-noastra\/guvernul-a-decis-fara-pensionari-speciali-in-administratie\/#primaryimage"},"image":{"@id":"https:\/\/covasna45.ro\/index.php\/lumea-noastra\/guvernul-a-decis-fara-pensionari-speciali-in-administratie\/#primaryimage"},"thumbnailUrl":"https:\/\/covasna45.ro\/wp-content\/uploads\/2025\/12\/bolojan-guvern.jpg","datePublished":"2026-04-30T12:47:40+00:00","dateModified":"2026-04-30T13:04:29+00:00","description":"Guvernul a adoptat, azi, interdic\u0163ia cumulului pensiilor speciale cu salariul, \u00een administra\u0163ia public\u0103 din Rom\u00e2nia.","breadcrumb":{"@id":"https:\/\/covasna45.ro\/index.php\/lumea-noastra\/guvernul-a-decis-fara-pensionari-speciali-in-administratie\/#breadcrumb"},"inLanguage":"ro-RO","potentialAction":[{"@type":"ReadAction","target":["https:\/\/covasna45.ro\/index.php\/lumea-noastra\/guvernul-a-decis-fara-pensionari-speciali-in-administratie\/"]}]},{"@type":"ImageObject","inLanguage":"ro-RO","@id":"https:\/\/covasna45.ro\/index.php\/lumea-noastra\/guvernul-a-decis-fara-pensionari-speciali-in-administratie\/#primaryimage","url":"https:\/\/covasna45.ro\/wp-content\/uploads\/2025\/12\/bolojan-guvern.jpg","contentUrl":"https:\/\/covasna45.ro\/wp-content\/uploads\/2025\/12\/bolojan-guvern.jpg","width":2048,"height":1365},{"@type":"BreadcrumbList","@id":"https:\/\/covasna45.ro\/index.php\/lumea-noastra\/guvernul-a-decis-fara-pensionari-speciali-in-administratie\/#breadcrumb","itemListElement":[{"@type":"ListItem","position":1,"name":"Prima pagin\u0103","item":"https:\/\/covasna45.ro\/"},{"@type":"ListItem","position":2,"name":"Guvernul a decis: f\u0103r\u0103 pensionari speciali \u00een administra\u021bie"}]},{"@type":"WebSite","@id":"https:\/\/covasna45.ro\/#website","url":"https:\/\/covasna45.ro\/","name":"covasna45.ro","description":"","publisher":{"@id":"https:\/\/covasna45.ro\/#organization"},"potentialAction":[{"@type":"SearchAction","target":{"@type":"EntryPoint","urlTemplate":"https:\/\/covasna45.ro\/?s={search_term_string}"},"query-input":{"@type":"PropertyValueSpecification","valueRequired":true,"valueName":"search_term_string"}}],"inLanguage":"ro-RO"},{"@type":"Organization","@id":"https:\/\/covasna45.ro\/#organization","name":"covasna45.ro","url":"https:\/\/covasna45.ro\/","logo":{"@type":"ImageObject","inLanguage":"ro-RO","@id":"https:\/\/covasna45.ro\/#\/schema\/logo\/image\/","url":"https:\/\/covasna45.ro\/wp-content\/uploads\/2023\/01\/icon_logo.png","contentUrl":"https:\/\/covasna45.ro\/wp-content\/uploads\/2023\/01\/icon_logo.png","width":1900,"height":1900,"caption":"covasna45.ro"},"image":{"@id":"https:\/\/covasna45.ro\/#\/schema\/logo\/image\/"}},{"@type":"Person","@id":"https:\/\/covasna45.ro\/#\/schema\/person\/e674052bd7d95d70bbb007a1060ab73c","name":"Covasna45","image":{"@type":"ImageObject","inLanguage":"ro-RO","@id":"https:\/\/covasna45.ro\/wp-content\/uploads\/2025\/10\/icon_logo_covasna45-150x150.png","url":"https:\/\/covasna45.ro\/wp-content\/uploads\/2025\/10\/icon_logo_covasna45-150x150.png","contentUrl":"https:\/\/covasna45.ro\/wp-content\/uploads\/2025\/10\/icon_logo_covasna45-150x150.png","caption":"Covasna45"},"sameAs":["https:\/\/covasna45.ro"],"url":"https:\/\/covasna45.ro\/index.php\/author\/covasna\/"}]}},"_links":{"self":[{"href":"https:\/\/covasna45.ro\/index.php\/wp-json\/wp\/v2\/posts\/16229","targetHints":{"allow":["GET"]}}],"collection":[{"href":"https:\/\/covasna45.ro\/index.php\/wp-json\/wp\/v2\/posts"}],"about":[{"href":"https:\/\/covasna45.ro\/index.php\/wp-json\/wp\/v2\/types\/post"}],"author":[{"embeddable":true,"href":"https:\/\/covasna45.ro\/index.php\/wp-json\/wp\/v2\/users\/1"}],"replies":[{"embeddable":true,"href":"https:\/\/covasna45.ro\/index.php\/wp-json\/wp\/v2\/comments?post=16229"}],"version-history":[{"count":1,"href":"https:\/\/covasna45.ro\/index.php\/wp-json\/wp\/v2\/posts\/16229\/revisions"}],"predecessor-version":[{"id":16230,"href":"https:\/\/covasna45.ro\/index.php\/wp-json\/wp\/v2\/posts\/16229\/revisions\/16230"}],"wp:featuredmedia":[{"embeddable":true,"href":"https:\/\/covasna45.ro\/index.php\/wp-json\/wp\/v2\/media\/14115"}],"wp:attachment":[{"href":"https:\/\/covasna45.ro\/index.php\/wp-json\/wp\/v2\/media?parent=16229"}],"wp:term":[{"taxonomy":"category","embeddable":true,"href":"https:\/\/covasna45.ro\/index.php\/wp-json\/wp\/v2\/categories?post=16229"},{"taxonomy":"post_tag","embeddable":true,"href":"https:\/\/covasna45.ro\/index.php\/wp-json\/wp\/v2\/tags?post=16229"}],"curies":[{"name":"wp","href":"https:\/\/api.w.org\/{rel}","templated":true}]}}