{"id":16231,"date":"2026-04-30T15:32:39","date_gmt":"2026-04-30T13:32:39","guid":{"rendered":"https:\/\/covasna45.ro\/?p=16231"},"modified":"2026-04-30T15:33:12","modified_gmt":"2026-04-30T13:33:12","slug":"tamas-sandor-bugetul-judetului-covasna-un-buget-al-solidaritatii-in-vremuri-dificile","status":"publish","type":"post","link":"https:\/\/covasna45.ro\/index.php\/lumea-noastra\/tamas-sandor-bugetul-judetului-covasna-un-buget-al-solidaritatii-in-vremuri-dificile\/","title":{"rendered":"Tam\u00e1s S\u00e1ndor: Bugetul jude\u021bului Covasna, \u201eun buget al solidarit\u0103\u021bii \u00een vremuri dificile\u201d"},"content":{"rendered":"\n<p>Consiliul Jude\u021bean Covasna a adoptat bugetul jude\u021bului pe acesta an. Un buget \u201eal solidarit\u0103\u021bii \u00een vremuri dificile\u201d, dup\u0103 cum spune pre\u0219edintele CJ, <strong>Tam\u00e1s S\u00e1ndor<\/strong>. S\u0103n\u0103tatea \u0219i siguran\u021ba social\u0103 r\u0103m\u00e2n priorit\u0103\u021bi absolute.<\/p>\n\n\n\n<h2 class=\"wp-block-heading\">Bugetul jude\u021bului Covasna pentru acest an este stabilit la valoarea de 106,9 milioane de euro.<\/h2>\n\n\n\n<p>Cea mai mare parte merge c\u0103tre sistemul de s\u0103n\u0103tate, apoi c\u0103tre investi\u021bii. <\/p>\n\n\n\n<p>\u201e<strong><em>\u00centr-o perioad\u0103 definit\u0103 de incertitudini economice, stabilitatea institu\u021biilor noastre devine esen\u021bial\u0103, garant\u00e2nd accesul cet\u0103\u021benilor la servicii fundamentale \u0219i protec\u021bie social\u0103. Prioritatea noastr\u0103 zero r\u0103m\u00e2ne consolidarea sistemului de s\u0103n\u0103tate \u0219i a re\u021belei de asisten\u021b\u0103 social\u0103.<\/em><\/strong><\/p>\n\n\n\n<p><strong><em>De\u0219i ne afl\u0103m \u00een fa\u021ba unui an marcat de rigoare bugetar\u0103, nu abandon\u0103m obiectivele de investi\u021bii \u0219i dezvoltare. Urm\u0103rim un echilibru corect \u00eentre modernizare \u0219i sus\u021binerea nevoilor specifice ale microregiunilor, av\u00e2nd ca scop principal reducerea disparit\u0103\u021bilor locale.<\/em><\/strong><\/p>\n\n\n\n<p><strong><em>Acest buget este cl\u0103dit pe responsabilitate \u0219i solidaritate \u2013 un cadru care, chiar \u0219i \u00een contexte dificile, ofer\u0103 o funda\u021bie solid\u0103 pentru progresul \u00eentregului jude\u021b<\/em><\/strong>\u201d, a mai subliniat \u0219eful CJ.<\/p>\n\n\n\n<figure class=\"wp-block-image size-large\"><img loading=\"lazy\" decoding=\"async\" width=\"1024\" height=\"667\" src=\"https:\/\/covasna45.ro\/wp-content\/uploads\/2026\/04\/bugett-1024x667.jpg\" alt=\"\" class=\"wp-image-16232\" srcset=\"https:\/\/covasna45.ro\/wp-content\/uploads\/2026\/04\/bugett-1024x667.jpg 1024w, https:\/\/covasna45.ro\/wp-content\/uploads\/2026\/04\/bugett-300x195.jpg 300w, https:\/\/covasna45.ro\/wp-content\/uploads\/2026\/04\/bugett-768x500.jpg 768w, https:\/\/covasna45.ro\/wp-content\/uploads\/2026\/04\/bugett-150x98.jpg 150w, https:\/\/covasna45.ro\/wp-content\/uploads\/2026\/04\/bugett-696x453.jpg 696w, https:\/\/covasna45.ro\/wp-content\/uploads\/2026\/04\/bugett-1068x696.jpg 1068w, https:\/\/covasna45.ro\/wp-content\/uploads\/2026\/04\/bugett.jpg 1440w\" sizes=\"auto, (max-width: 1024px) 100vw, 1024px\" \/><\/figure>\n\n\n\n<p>Merit\u0103 amintit c\u0103 din bugetul de func\u021bionare a Consiliului Jude\u021bean sunt direc\u021biona\u021bi bani \u0219i pentru capitolul \u201eAp\u0103rare\u201d, adic\u0103 pentru Centrul Militar Jude\u021bean. Cu excep\u021bia salariilor militarilor, restul cheltuielilor ce \u021bin de func\u021bionarea Centrului provin din bugetul jude\u021bului. Inclusiv bani pentru firma privat\u0103 de paz\u0103 care &#8230; p\u0103ze\u0219te Centrul Militar.<\/p>\n\n\n\n<p><\/p>\n","protected":false},"excerpt":{"rendered":"<p>Consiliul Jude\u021bean Covasna a adoptat bugetul jude\u021bului pe acesta an. Un buget \u201eal solidarit\u0103\u021bii \u00een vremuri dificile\u201d, dup\u0103 cum spune pre\u0219edintele CJ, Tam\u00e1s S\u00e1ndor. S\u0103n\u0103tatea \u0219i siguran\u021ba social\u0103 r\u0103m\u00e2n priorit\u0103\u021bi absolute. Bugetul jude\u021bului Covasna pentru acest an este stabilit la valoarea de 106,9 milioane de euro. Cea mai mare parte merge c\u0103tre sistemul de s\u0103n\u0103tate, [&hellip;]<\/p>\n","protected":false},"author":1,"featured_media":16233,"comment_status":"open","ping_status":"closed","sticky":false,"template":"","format":"standard","meta":{"tdm_status":"","tdm_grid_status":"","footnotes":""},"categories":[14],"tags":[364,21,696],"class_list":{"0":"post-16231","1":"post","2":"type-post","3":"status-publish","4":"format-standard","5":"has-post-thumbnail","7":"category-lumea-noastra","8":"tag-buget","9":"tag-covasna","10":"tag-tamas-sandor-3"},"yoast_head":"<!-- This site is optimized with the Yoast SEO plugin v27.5 - https:\/\/yoast.com\/product\/yoast-seo-wordpress\/ -->\n<title>Tam\u00e1s S\u00e1ndor: Bugetul jude\u021bului Covasna, \u201eun buget al solidarit\u0103\u021bii \u00een vremuri dificile\u201d - Covasna45<\/title>\n<meta name=\"description\" content=\"Bugetul jude\u021bului Covasna pentru acest an este stabilit la valoarea de 106,9 milioane de euro.\" \/>\n<meta name=\"robots\" content=\"index, follow, max-snippet:-1, max-image-preview:large, max-video-preview:-1\" \/>\n<link rel=\"canonical\" href=\"https:\/\/covasna45.ro\/index.php\/lumea-noastra\/tamas-sandor-bugetul-judetului-covasna-un-buget-al-solidaritatii-in-vremuri-dificile\/\" \/>\n<meta property=\"og:locale\" content=\"ro_RO\" \/>\n<meta property=\"og:type\" content=\"article\" \/>\n<meta property=\"og:title\" content=\"Tam\u00e1s S\u00e1ndor: Bugetul jude\u021bului Covasna, \u201eun buget al solidarit\u0103\u021bii \u00een vremuri dificile\u201d - Covasna45\" \/>\n<meta property=\"og:description\" content=\"Bugetul jude\u021bului Covasna pentru acest an este stabilit la valoarea de 106,9 milioane de euro.\" \/>\n<meta property=\"og:url\" content=\"https:\/\/covasna45.ro\/index.php\/lumea-noastra\/tamas-sandor-bugetul-judetului-covasna-un-buget-al-solidaritatii-in-vremuri-dificile\/\" \/>\n<meta property=\"og:site_name\" content=\"Covasna45\" \/>\n<meta property=\"article:published_time\" content=\"2026-04-30T13:32:39+00:00\" \/>\n<meta property=\"article:modified_time\" content=\"2026-04-30T13:33:12+00:00\" \/>\n<meta property=\"og:image\" content=\"https:\/\/covasna45.ro\/wp-content\/uploads\/2026\/04\/ts-cjcv.jpg\" \/>\n\t<meta property=\"og:image:width\" content=\"1322\" \/>\n\t<meta property=\"og:image:height\" content=\"705\" \/>\n\t<meta property=\"og:image:type\" content=\"image\/jpeg\" \/>\n<meta name=\"author\" content=\"Covasna45\" \/>\n<meta name=\"twitter:card\" content=\"summary_large_image\" \/>\n<meta name=\"twitter:label1\" content=\"Scris de\" \/>\n\t<meta name=\"twitter:data1\" content=\"Covasna45\" \/>\n\t<meta name=\"twitter:label2\" content=\"Timp estimat pentru citire\" \/>\n\t<meta name=\"twitter:data2\" content=\"2 minute\" \/>\n<script type=\"application\/ld+json\" class=\"yoast-schema-graph\">{\"@context\":\"https:\\\/\\\/schema.org\",\"@graph\":[{\"@type\":\"Article\",\"@id\":\"https:\\\/\\\/covasna45.ro\\\/index.php\\\/lumea-noastra\\\/tamas-sandor-bugetul-judetului-covasna-un-buget-al-solidaritatii-in-vremuri-dificile\\\/#article\",\"isPartOf\":{\"@id\":\"https:\\\/\\\/covasna45.ro\\\/index.php\\\/lumea-noastra\\\/tamas-sandor-bugetul-judetului-covasna-un-buget-al-solidaritatii-in-vremuri-dificile\\\/\"},\"author\":{\"name\":\"Covasna45\",\"@id\":\"https:\\\/\\\/covasna45.ro\\\/#\\\/schema\\\/person\\\/e674052bd7d95d70bbb007a1060ab73c\"},\"headline\":\"Tam\u00e1s S\u00e1ndor: Bugetul jude\u021bului Covasna, \u201eun buget al solidarit\u0103\u021bii \u00een vremuri dificile\u201d\",\"datePublished\":\"2026-04-30T13:32:39+00:00\",\"dateModified\":\"2026-04-30T13:33:12+00:00\",\"mainEntityOfPage\":{\"@id\":\"https:\\\/\\\/covasna45.ro\\\/index.php\\\/lumea-noastra\\\/tamas-sandor-bugetul-judetului-covasna-un-buget-al-solidaritatii-in-vremuri-dificile\\\/\"},\"wordCount\":271,\"commentCount\":0,\"publisher\":{\"@id\":\"https:\\\/\\\/covasna45.ro\\\/#organization\"},\"image\":{\"@id\":\"https:\\\/\\\/covasna45.ro\\\/index.php\\\/lumea-noastra\\\/tamas-sandor-bugetul-judetului-covasna-un-buget-al-solidaritatii-in-vremuri-dificile\\\/#primaryimage\"},\"thumbnailUrl\":\"https:\\\/\\\/covasna45.ro\\\/wp-content\\\/uploads\\\/2026\\\/04\\\/ts-cjcv.jpg\",\"keywords\":[\"Buget\",\"covasna\",\"Tamas Sandor\"],\"articleSection\":[\"Lumea noastr\u0103\"],\"inLanguage\":\"ro-RO\",\"potentialAction\":[{\"@type\":\"CommentAction\",\"name\":\"Comment\",\"target\":[\"https:\\\/\\\/covasna45.ro\\\/index.php\\\/lumea-noastra\\\/tamas-sandor-bugetul-judetului-covasna-un-buget-al-solidaritatii-in-vremuri-dificile\\\/#respond\"]}]},{\"@type\":\"WebPage\",\"@id\":\"https:\\\/\\\/covasna45.ro\\\/index.php\\\/lumea-noastra\\\/tamas-sandor-bugetul-judetului-covasna-un-buget-al-solidaritatii-in-vremuri-dificile\\\/\",\"url\":\"https:\\\/\\\/covasna45.ro\\\/index.php\\\/lumea-noastra\\\/tamas-sandor-bugetul-judetului-covasna-un-buget-al-solidaritatii-in-vremuri-dificile\\\/\",\"name\":\"Tam\u00e1s S\u00e1ndor: Bugetul jude\u021bului Covasna, \u201eun buget al solidarit\u0103\u021bii \u00een vremuri dificile\u201d - Covasna45\",\"isPartOf\":{\"@id\":\"https:\\\/\\\/covasna45.ro\\\/#website\"},\"primaryImageOfPage\":{\"@id\":\"https:\\\/\\\/covasna45.ro\\\/index.php\\\/lumea-noastra\\\/tamas-sandor-bugetul-judetului-covasna-un-buget-al-solidaritatii-in-vremuri-dificile\\\/#primaryimage\"},\"image\":{\"@id\":\"https:\\\/\\\/covasna45.ro\\\/index.php\\\/lumea-noastra\\\/tamas-sandor-bugetul-judetului-covasna-un-buget-al-solidaritatii-in-vremuri-dificile\\\/#primaryimage\"},\"thumbnailUrl\":\"https:\\\/\\\/covasna45.ro\\\/wp-content\\\/uploads\\\/2026\\\/04\\\/ts-cjcv.jpg\",\"datePublished\":\"2026-04-30T13:32:39+00:00\",\"dateModified\":\"2026-04-30T13:33:12+00:00\",\"description\":\"Bugetul jude\u021bului Covasna pentru acest an este stabilit la valoarea de 106,9 milioane de euro.\",\"breadcrumb\":{\"@id\":\"https:\\\/\\\/covasna45.ro\\\/index.php\\\/lumea-noastra\\\/tamas-sandor-bugetul-judetului-covasna-un-buget-al-solidaritatii-in-vremuri-dificile\\\/#breadcrumb\"},\"inLanguage\":\"ro-RO\",\"potentialAction\":[{\"@type\":\"ReadAction\",\"target\":[\"https:\\\/\\\/covasna45.ro\\\/index.php\\\/lumea-noastra\\\/tamas-sandor-bugetul-judetului-covasna-un-buget-al-solidaritatii-in-vremuri-dificile\\\/\"]}]},{\"@type\":\"ImageObject\",\"inLanguage\":\"ro-RO\",\"@id\":\"https:\\\/\\\/covasna45.ro\\\/index.php\\\/lumea-noastra\\\/tamas-sandor-bugetul-judetului-covasna-un-buget-al-solidaritatii-in-vremuri-dificile\\\/#primaryimage\",\"url\":\"https:\\\/\\\/covasna45.ro\\\/wp-content\\\/uploads\\\/2026\\\/04\\\/ts-cjcv.jpg\",\"contentUrl\":\"https:\\\/\\\/covasna45.ro\\\/wp-content\\\/uploads\\\/2026\\\/04\\\/ts-cjcv.jpg\",\"width\":1322,\"height\":705},{\"@type\":\"BreadcrumbList\",\"@id\":\"https:\\\/\\\/covasna45.ro\\\/index.php\\\/lumea-noastra\\\/tamas-sandor-bugetul-judetului-covasna-un-buget-al-solidaritatii-in-vremuri-dificile\\\/#breadcrumb\",\"itemListElement\":[{\"@type\":\"ListItem\",\"position\":1,\"name\":\"Prima pagin\u0103\",\"item\":\"https:\\\/\\\/covasna45.ro\\\/\"},{\"@type\":\"ListItem\",\"position\":2,\"name\":\"Tam\u00e1s S\u00e1ndor: Bugetul jude\u021bului Covasna, \u201eun buget al solidarit\u0103\u021bii \u00een vremuri dificile\u201d\"}]},{\"@type\":\"WebSite\",\"@id\":\"https:\\\/\\\/covasna45.ro\\\/#website\",\"url\":\"https:\\\/\\\/covasna45.ro\\\/\",\"name\":\"covasna45.ro\",\"description\":\"\",\"publisher\":{\"@id\":\"https:\\\/\\\/covasna45.ro\\\/#organization\"},\"potentialAction\":[{\"@type\":\"SearchAction\",\"target\":{\"@type\":\"EntryPoint\",\"urlTemplate\":\"https:\\\/\\\/covasna45.ro\\\/?s={search_term_string}\"},\"query-input\":{\"@type\":\"PropertyValueSpecification\",\"valueRequired\":true,\"valueName\":\"search_term_string\"}}],\"inLanguage\":\"ro-RO\"},{\"@type\":\"Organization\",\"@id\":\"https:\\\/\\\/covasna45.ro\\\/#organization\",\"name\":\"covasna45.ro\",\"url\":\"https:\\\/\\\/covasna45.ro\\\/\",\"logo\":{\"@type\":\"ImageObject\",\"inLanguage\":\"ro-RO\",\"@id\":\"https:\\\/\\\/covasna45.ro\\\/#\\\/schema\\\/logo\\\/image\\\/\",\"url\":\"https:\\\/\\\/covasna45.ro\\\/wp-content\\\/uploads\\\/2023\\\/01\\\/icon_logo.png\",\"contentUrl\":\"https:\\\/\\\/covasna45.ro\\\/wp-content\\\/uploads\\\/2023\\\/01\\\/icon_logo.png\",\"width\":1900,\"height\":1900,\"caption\":\"covasna45.ro\"},\"image\":{\"@id\":\"https:\\\/\\\/covasna45.ro\\\/#\\\/schema\\\/logo\\\/image\\\/\"}},{\"@type\":\"Person\",\"@id\":\"https:\\\/\\\/covasna45.ro\\\/#\\\/schema\\\/person\\\/e674052bd7d95d70bbb007a1060ab73c\",\"name\":\"Covasna45\",\"image\":{\"@type\":\"ImageObject\",\"inLanguage\":\"ro-RO\",\"@id\":\"https:\\\/\\\/covasna45.ro\\\/wp-content\\\/uploads\\\/2025\\\/10\\\/icon_logo_covasna45-150x150.png\",\"url\":\"https:\\\/\\\/covasna45.ro\\\/wp-content\\\/uploads\\\/2025\\\/10\\\/icon_logo_covasna45-150x150.png\",\"contentUrl\":\"https:\\\/\\\/covasna45.ro\\\/wp-content\\\/uploads\\\/2025\\\/10\\\/icon_logo_covasna45-150x150.png\",\"caption\":\"Covasna45\"},\"sameAs\":[\"https:\\\/\\\/covasna45.ro\"],\"url\":\"https:\\\/\\\/covasna45.ro\\\/index.php\\\/author\\\/covasna\\\/\"}]}<\/script>\n<!-- \/ Yoast SEO plugin. -->","yoast_head_json":{"title":"Tam\u00e1s S\u00e1ndor: Bugetul jude\u021bului Covasna, \u201eun buget al solidarit\u0103\u021bii \u00een vremuri dificile\u201d - Covasna45","description":"Bugetul jude\u021bului Covasna pentru acest an este stabilit la valoarea de 106,9 milioane de euro.","robots":{"index":"index","follow":"follow","max-snippet":"max-snippet:-1","max-image-preview":"max-image-preview:large","max-video-preview":"max-video-preview:-1"},"canonical":"https:\/\/covasna45.ro\/index.php\/lumea-noastra\/tamas-sandor-bugetul-judetului-covasna-un-buget-al-solidaritatii-in-vremuri-dificile\/","og_locale":"ro_RO","og_type":"article","og_title":"Tam\u00e1s S\u00e1ndor: Bugetul jude\u021bului Covasna, \u201eun buget al solidarit\u0103\u021bii \u00een vremuri dificile\u201d - Covasna45","og_description":"Bugetul jude\u021bului Covasna pentru acest an este stabilit la valoarea de 106,9 milioane de euro.","og_url":"https:\/\/covasna45.ro\/index.php\/lumea-noastra\/tamas-sandor-bugetul-judetului-covasna-un-buget-al-solidaritatii-in-vremuri-dificile\/","og_site_name":"Covasna45","article_published_time":"2026-04-30T13:32:39+00:00","article_modified_time":"2026-04-30T13:33:12+00:00","og_image":[{"width":1322,"height":705,"url":"https:\/\/covasna45.ro\/wp-content\/uploads\/2026\/04\/ts-cjcv.jpg","type":"image\/jpeg"}],"author":"Covasna45","twitter_card":"summary_large_image","twitter_misc":{"Scris de":"Covasna45","Timp estimat pentru citire":"2 minute"},"schema":{"@context":"https:\/\/schema.org","@graph":[{"@type":"Article","@id":"https:\/\/covasna45.ro\/index.php\/lumea-noastra\/tamas-sandor-bugetul-judetului-covasna-un-buget-al-solidaritatii-in-vremuri-dificile\/#article","isPartOf":{"@id":"https:\/\/covasna45.ro\/index.php\/lumea-noastra\/tamas-sandor-bugetul-judetului-covasna-un-buget-al-solidaritatii-in-vremuri-dificile\/"},"author":{"name":"Covasna45","@id":"https:\/\/covasna45.ro\/#\/schema\/person\/e674052bd7d95d70bbb007a1060ab73c"},"headline":"Tam\u00e1s S\u00e1ndor: Bugetul jude\u021bului Covasna, \u201eun buget al solidarit\u0103\u021bii \u00een vremuri dificile\u201d","datePublished":"2026-04-30T13:32:39+00:00","dateModified":"2026-04-30T13:33:12+00:00","mainEntityOfPage":{"@id":"https:\/\/covasna45.ro\/index.php\/lumea-noastra\/tamas-sandor-bugetul-judetului-covasna-un-buget-al-solidaritatii-in-vremuri-dificile\/"},"wordCount":271,"commentCount":0,"publisher":{"@id":"https:\/\/covasna45.ro\/#organization"},"image":{"@id":"https:\/\/covasna45.ro\/index.php\/lumea-noastra\/tamas-sandor-bugetul-judetului-covasna-un-buget-al-solidaritatii-in-vremuri-dificile\/#primaryimage"},"thumbnailUrl":"https:\/\/covasna45.ro\/wp-content\/uploads\/2026\/04\/ts-cjcv.jpg","keywords":["Buget","covasna","Tamas Sandor"],"articleSection":["Lumea noastr\u0103"],"inLanguage":"ro-RO","potentialAction":[{"@type":"CommentAction","name":"Comment","target":["https:\/\/covasna45.ro\/index.php\/lumea-noastra\/tamas-sandor-bugetul-judetului-covasna-un-buget-al-solidaritatii-in-vremuri-dificile\/#respond"]}]},{"@type":"WebPage","@id":"https:\/\/covasna45.ro\/index.php\/lumea-noastra\/tamas-sandor-bugetul-judetului-covasna-un-buget-al-solidaritatii-in-vremuri-dificile\/","url":"https:\/\/covasna45.ro\/index.php\/lumea-noastra\/tamas-sandor-bugetul-judetului-covasna-un-buget-al-solidaritatii-in-vremuri-dificile\/","name":"Tam\u00e1s S\u00e1ndor: Bugetul jude\u021bului Covasna, \u201eun buget al solidarit\u0103\u021bii \u00een vremuri dificile\u201d - Covasna45","isPartOf":{"@id":"https:\/\/covasna45.ro\/#website"},"primaryImageOfPage":{"@id":"https:\/\/covasna45.ro\/index.php\/lumea-noastra\/tamas-sandor-bugetul-judetului-covasna-un-buget-al-solidaritatii-in-vremuri-dificile\/#primaryimage"},"image":{"@id":"https:\/\/covasna45.ro\/index.php\/lumea-noastra\/tamas-sandor-bugetul-judetului-covasna-un-buget-al-solidaritatii-in-vremuri-dificile\/#primaryimage"},"thumbnailUrl":"https:\/\/covasna45.ro\/wp-content\/uploads\/2026\/04\/ts-cjcv.jpg","datePublished":"2026-04-30T13:32:39+00:00","dateModified":"2026-04-30T13:33:12+00:00","description":"Bugetul jude\u021bului Covasna pentru acest an este stabilit la valoarea de 106,9 milioane de euro.","breadcrumb":{"@id":"https:\/\/covasna45.ro\/index.php\/lumea-noastra\/tamas-sandor-bugetul-judetului-covasna-un-buget-al-solidaritatii-in-vremuri-dificile\/#breadcrumb"},"inLanguage":"ro-RO","potentialAction":[{"@type":"ReadAction","target":["https:\/\/covasna45.ro\/index.php\/lumea-noastra\/tamas-sandor-bugetul-judetului-covasna-un-buget-al-solidaritatii-in-vremuri-dificile\/"]}]},{"@type":"ImageObject","inLanguage":"ro-RO","@id":"https:\/\/covasna45.ro\/index.php\/lumea-noastra\/tamas-sandor-bugetul-judetului-covasna-un-buget-al-solidaritatii-in-vremuri-dificile\/#primaryimage","url":"https:\/\/covasna45.ro\/wp-content\/uploads\/2026\/04\/ts-cjcv.jpg","contentUrl":"https:\/\/covasna45.ro\/wp-content\/uploads\/2026\/04\/ts-cjcv.jpg","width":1322,"height":705},{"@type":"BreadcrumbList","@id":"https:\/\/covasna45.ro\/index.php\/lumea-noastra\/tamas-sandor-bugetul-judetului-covasna-un-buget-al-solidaritatii-in-vremuri-dificile\/#breadcrumb","itemListElement":[{"@type":"ListItem","position":1,"name":"Prima pagin\u0103","item":"https:\/\/covasna45.ro\/"},{"@type":"ListItem","position":2,"name":"Tam\u00e1s S\u00e1ndor: Bugetul jude\u021bului Covasna, \u201eun buget al solidarit\u0103\u021bii \u00een vremuri dificile\u201d"}]},{"@type":"WebSite","@id":"https:\/\/covasna45.ro\/#website","url":"https:\/\/covasna45.ro\/","name":"covasna45.ro","description":"","publisher":{"@id":"https:\/\/covasna45.ro\/#organization"},"potentialAction":[{"@type":"SearchAction","target":{"@type":"EntryPoint","urlTemplate":"https:\/\/covasna45.ro\/?s={search_term_string}"},"query-input":{"@type":"PropertyValueSpecification","valueRequired":true,"valueName":"search_term_string"}}],"inLanguage":"ro-RO"},{"@type":"Organization","@id":"https:\/\/covasna45.ro\/#organization","name":"covasna45.ro","url":"https:\/\/covasna45.ro\/","logo":{"@type":"ImageObject","inLanguage":"ro-RO","@id":"https:\/\/covasna45.ro\/#\/schema\/logo\/image\/","url":"https:\/\/covasna45.ro\/wp-content\/uploads\/2023\/01\/icon_logo.png","contentUrl":"https:\/\/covasna45.ro\/wp-content\/uploads\/2023\/01\/icon_logo.png","width":1900,"height":1900,"caption":"covasna45.ro"},"image":{"@id":"https:\/\/covasna45.ro\/#\/schema\/logo\/image\/"}},{"@type":"Person","@id":"https:\/\/covasna45.ro\/#\/schema\/person\/e674052bd7d95d70bbb007a1060ab73c","name":"Covasna45","image":{"@type":"ImageObject","inLanguage":"ro-RO","@id":"https:\/\/covasna45.ro\/wp-content\/uploads\/2025\/10\/icon_logo_covasna45-150x150.png","url":"https:\/\/covasna45.ro\/wp-content\/uploads\/2025\/10\/icon_logo_covasna45-150x150.png","contentUrl":"https:\/\/covasna45.ro\/wp-content\/uploads\/2025\/10\/icon_logo_covasna45-150x150.png","caption":"Covasna45"},"sameAs":["https:\/\/covasna45.ro"],"url":"https:\/\/covasna45.ro\/index.php\/author\/covasna\/"}]}},"_links":{"self":[{"href":"https:\/\/covasna45.ro\/index.php\/wp-json\/wp\/v2\/posts\/16231","targetHints":{"allow":["GET"]}}],"collection":[{"href":"https:\/\/covasna45.ro\/index.php\/wp-json\/wp\/v2\/posts"}],"about":[{"href":"https:\/\/covasna45.ro\/index.php\/wp-json\/wp\/v2\/types\/post"}],"author":[{"embeddable":true,"href":"https:\/\/covasna45.ro\/index.php\/wp-json\/wp\/v2\/users\/1"}],"replies":[{"embeddable":true,"href":"https:\/\/covasna45.ro\/index.php\/wp-json\/wp\/v2\/comments?post=16231"}],"version-history":[{"count":1,"href":"https:\/\/covasna45.ro\/index.php\/wp-json\/wp\/v2\/posts\/16231\/revisions"}],"predecessor-version":[{"id":16234,"href":"https:\/\/covasna45.ro\/index.php\/wp-json\/wp\/v2\/posts\/16231\/revisions\/16234"}],"wp:featuredmedia":[{"embeddable":true,"href":"https:\/\/covasna45.ro\/index.php\/wp-json\/wp\/v2\/media\/16233"}],"wp:attachment":[{"href":"https:\/\/covasna45.ro\/index.php\/wp-json\/wp\/v2\/media?parent=16231"}],"wp:term":[{"taxonomy":"category","embeddable":true,"href":"https:\/\/covasna45.ro\/index.php\/wp-json\/wp\/v2\/categories?post=16231"},{"taxonomy":"post_tag","embeddable":true,"href":"https:\/\/covasna45.ro\/index.php\/wp-json\/wp\/v2\/tags?post=16231"}],"curies":[{"name":"wp","href":"https:\/\/api.w.org\/{rel}","templated":true}]}}