{"id":16237,"date":"2026-05-01T07:02:17","date_gmt":"2026-05-01T05:02:17","guid":{"rendered":"https:\/\/covasna45.ro\/?p=16237"},"modified":"2026-05-01T07:02:18","modified_gmt":"2026-05-01T05:02:18","slug":"consiliere-psihologica-gratuita-pentru-parintii-copiilor-cu-sindrom-down-sau-autism","status":"publish","type":"post","link":"https:\/\/covasna45.ro\/index.php\/lumea-noastra\/consiliere-psihologica-gratuita-pentru-parintii-copiilor-cu-sindrom-down-sau-autism\/","title":{"rendered":"Consiliere psihologic\u0103 gratuit\u0103 pentru p\u0103rin\u021bii copiilor cu sindrom Down sau autism"},"content":{"rendered":"\n<p>P\u0103rin\u021bii ori tutorii legali ai copiilor cu sindrom Down sau cu tulbur\u0103ri din spectrul autist pot beneficia de servicii de consiliere psihologic\u0103, cu decontare integral\u0103 din fondurile asigur\u0103rilor sociale de s\u0103n\u0103tate, potrivit modific\u0103rilor Legii nr. 95\/2006 privind reforma \u00een domeniul s\u0103n\u0103t\u0103\u021bii, <a href=\"https:\/\/agerpres.ro\/politic\/2026\/04\/30\/lege-promulgata-parintii-copiilor-cu-down-sau-tulburari-din-spectrul-autist---consiliere-decontata-d--1551919\">promulgate<\/a> ieri de pre\u0219edintele Nicu\u0219or Dan.<\/p>\n\n\n\n<p>\u201e<strong><em>M\u0103sura propus\u0103 are un impact pozitiv at\u00e2t asupra s\u0103n\u0103t\u0103\u021bii mintale a p\u0103rin\u021bilor, c\u00e2t \u015fi asupra \u00eentregului ecosistem de \u00eengrijire a copilului cu sindrom Down sau autism.<\/em><\/strong> <\/p>\n\n\n\n<p><strong><em>Prin reducerea stresului parental \u015fi sprijinirea echilibrului emo\u021bional al familiei, se creeaz\u0103 premisele pentru un mediu de cre\u015ftere \u015fi dezvoltare mai stabil \u015fi mai favorabil pentru copil.<\/em><\/strong><\/p>\n\n\n\n<p><strong><em>Din perspectiva eficien\u021bei economice, serviciile de consiliere psihologic\u0103 acordate la timp pot reduce cheltuielile ulterioare asociate cu afec\u021biuni psihice netratate \u00een r\u00e2ndul p\u0103rin\u021bilor (de ex., concedii medicale, tratamente medicamentoase, tulbur\u0103ri func\u021bionale etc.), av\u00e2nd un rol preventiv esen\u021bial \u00een politica de s\u0103n\u0103tate public\u0103<\/em><\/strong>\u201d, se arat\u0103 \u00een <a href=\"https:\/\/www.cdep.ro\/pls\/proiecte\/upl_pck2015.proiect?cam=2&amp;idp=22759\">Expunerea de motive<\/a> a legii.<\/p>\n\n\n\n<h2 class=\"wp-block-heading\">Provoc\u0103ri constante<\/h2>\n\n\n\n<p>Legea prevede programe na\u021bionale de s\u0103n\u0103tate curative care au drept scop asigurarea tratamentului specific \u00een cazul bolilor cu impact major asupra s\u0103n\u0103t\u0103\u021bii publice, altele dec\u00e2t TBC \u0219i HIV\/SIDA \u0219i transplant de organe, \u021besuturi \u0219i celule, precum \u0219i acordarea de servicii medicale, servicii de consiliere psihologic\u0103 acordate p\u0103rin\u021bilor ori tutorilor legali ai copiilor cu sindrom Down sau cu tulbur\u0103ri din spectrul autist, \u00een unit\u0103\u021bi de specialitate, servicii de \u00eengrijiri paliative \u0219i servicii conexe actului medical pentru persoanele diagnosticate cu tulbur\u0103ri din spectrul autist.\u00a0<\/p>\n\n\n\n<p>Aceste servicii umeaz\u0103 s\u0103 fie furnizate at\u00e2t \u00een ambulatoriu, c\u00e2t \u0219i \u00een cabinetele de psihologie clinic\u0103, centrele de s\u0103n\u0103tate mintal\u0103 \u0219i centrele comunitare autorizate de Cas\u0103 Na\u021bional\u0103 de Asigur\u0103ri de S\u0103n\u0103tate (CNAS).<\/p>\n\n\n\n<p>Ini\u021biatorii proiectului de lege sus\u021bin c\u0103 p\u0103rin\u021bii \u0219i tutorii legali sunt deseori pu\u0219i \u00een fa\u021ba unor provoc\u0103ri constante de ordin medical, social \u0219i afectiv, care pot genera st\u0103ri, de la anxietate, depresie \u0219i epuizare emo\u021bional\u0103, p\u00e2n\u0103 la sindrom de burnout parental.<\/p>\n\n\n\n<p>\u201e<strong><em>\u00cen lipsa unui sprijin psihologic adecvat, ace\u0219ti factori pot conduce la deteriorarea calit\u0103\u021bii vie\u021bii, afect\u00e2nd inclusiv capacitatea acestora de a \u00eengriji \u00een mod eficient copilul cu sindrom Down sau cu tulbur\u0103ri de spectru autist. \u00cen consecin\u021b\u0103, devine imperativ ca statul s\u0103 intervin\u0103 cu m\u0103suri concrete de sprijin, \u00een acord cu principiile solidarit\u0103\u021bii \u0219i echit\u0103\u021bii sociale care guverneaz\u0103 sistemul de s\u0103n\u0103tate public\u0103<\/em><\/strong>\u201d, mai precizeaz\u0103 autorii proiectului legislativ \u00een expunerea de motive.<\/p>\n\n\n\n<p>Mai mult, spun autorii proiectului, prin adoptarea acestei legi, Rom\u00e2nia face un pas necesar \u00een direc\u021bia consolid\u0103rii unui sistem de s\u0103n\u0103tate echitabil, centrat pe nevoile reale ale cet\u0103\u021benilor s\u0103i \u0219i adaptat particularit\u0103\u021bilor grupurilor vulnerabile.&nbsp;<\/p>\n\n\n\n<p><em>Am scris despre un p\u0103rinte din Lunca M\u0103rcu\u0219ului care are un copil cu autism, <a href=\"https:\/\/covasna45.ro\/index.php\/lumea-noastra\/ziua-de-constientizare-a-autismului-o-mama-din-lunca-marcusului-e-o-zi-care-doare\/\">AICI<\/a>.<\/em><\/p>\n","protected":false},"excerpt":{"rendered":"<p>P\u0103rin\u021bii ori tutorii legali ai copiilor cu sindrom Down sau cu tulbur\u0103ri din spectrul autist pot beneficia de servicii de consiliere psihologic\u0103, cu decontare integral\u0103 din fondurile asigur\u0103rilor sociale de s\u0103n\u0103tate, potrivit modific\u0103rilor Legii nr. 95\/2006 privind reforma \u00een domeniul s\u0103n\u0103t\u0103\u021bii, promulgate ieri de pre\u0219edintele Nicu\u0219or Dan. \u201eM\u0103sura propus\u0103 are un impact pozitiv at\u00e2t asupra [&hellip;]<\/p>\n","protected":false},"author":1,"featured_media":16238,"comment_status":"open","ping_status":"closed","sticky":false,"template":"","format":"standard","meta":{"tdm_status":"","tdm_grid_status":"","footnotes":""},"categories":[14],"tags":[3837,4725,46],"class_list":{"0":"post-16237","1":"post","2":"type-post","3":"status-publish","4":"format-standard","5":"has-post-thumbnail","7":"category-lumea-noastra","8":"tag-autism","9":"tag-consiliere","10":"tag-lege"},"yoast_head":"<!-- This site is optimized with the Yoast SEO plugin v27.5 - https:\/\/yoast.com\/product\/yoast-seo-wordpress\/ -->\n<title>Consiliere psihologic\u0103 gratuit\u0103 pentru p\u0103rin\u021bii copiilor cu sindrom Down sau autism - Covasna45<\/title>\n<meta name=\"description\" content=\"Aceste servicii umeaz\u0103 s\u0103 fie furnizate at\u00e2t \u00een ambulatoriu, c\u00e2t \u0219i \u00een cabinetele de psihologie clinic\u0103 sau \u00een centre specializate.\" \/>\n<meta name=\"robots\" content=\"index, follow, max-snippet:-1, max-image-preview:large, max-video-preview:-1\" \/>\n<link rel=\"canonical\" href=\"https:\/\/covasna45.ro\/index.php\/lumea-noastra\/consiliere-psihologica-gratuita-pentru-parintii-copiilor-cu-sindrom-down-sau-autism\/\" \/>\n<meta property=\"og:locale\" content=\"ro_RO\" \/>\n<meta property=\"og:type\" content=\"article\" \/>\n<meta property=\"og:title\" content=\"Consiliere psihologic\u0103 gratuit\u0103 pentru p\u0103rin\u021bii copiilor cu sindrom Down sau autism - Covasna45\" \/>\n<meta property=\"og:description\" content=\"Aceste servicii umeaz\u0103 s\u0103 fie furnizate at\u00e2t \u00een ambulatoriu, c\u00e2t \u0219i \u00een cabinetele de psihologie clinic\u0103 sau \u00een centre specializate.\" \/>\n<meta property=\"og:url\" content=\"https:\/\/covasna45.ro\/index.php\/lumea-noastra\/consiliere-psihologica-gratuita-pentru-parintii-copiilor-cu-sindrom-down-sau-autism\/\" \/>\n<meta property=\"og:site_name\" content=\"Covasna45\" \/>\n<meta property=\"article:published_time\" content=\"2026-05-01T05:02:17+00:00\" \/>\n<meta property=\"article:modified_time\" content=\"2026-05-01T05:02:18+00:00\" \/>\n<meta property=\"og:image\" content=\"https:\/\/covasna45.ro\/wp-content\/uploads\/2026\/05\/consiliere-scaled.jpg\" \/>\n\t<meta property=\"og:image:width\" content=\"2560\" \/>\n\t<meta property=\"og:image:height\" content=\"1707\" \/>\n\t<meta property=\"og:image:type\" content=\"image\/jpeg\" \/>\n<meta name=\"author\" content=\"Covasna45\" \/>\n<meta name=\"twitter:card\" content=\"summary_large_image\" \/>\n<meta name=\"twitter:label1\" content=\"Scris de\" \/>\n\t<meta name=\"twitter:data1\" content=\"Covasna45\" \/>\n\t<meta name=\"twitter:label2\" content=\"Timp estimat pentru citire\" \/>\n\t<meta name=\"twitter:data2\" content=\"3 minute\" \/>\n<script type=\"application\/ld+json\" class=\"yoast-schema-graph\">{\"@context\":\"https:\\\/\\\/schema.org\",\"@graph\":[{\"@type\":\"Article\",\"@id\":\"https:\\\/\\\/covasna45.ro\\\/index.php\\\/lumea-noastra\\\/consiliere-psihologica-gratuita-pentru-parintii-copiilor-cu-sindrom-down-sau-autism\\\/#article\",\"isPartOf\":{\"@id\":\"https:\\\/\\\/covasna45.ro\\\/index.php\\\/lumea-noastra\\\/consiliere-psihologica-gratuita-pentru-parintii-copiilor-cu-sindrom-down-sau-autism\\\/\"},\"author\":{\"name\":\"Covasna45\",\"@id\":\"https:\\\/\\\/covasna45.ro\\\/#\\\/schema\\\/person\\\/e674052bd7d95d70bbb007a1060ab73c\"},\"headline\":\"Consiliere psihologic\u0103 gratuit\u0103 pentru p\u0103rin\u021bii copiilor cu sindrom Down sau autism\",\"datePublished\":\"2026-05-01T05:02:17+00:00\",\"dateModified\":\"2026-05-01T05:02:18+00:00\",\"mainEntityOfPage\":{\"@id\":\"https:\\\/\\\/covasna45.ro\\\/index.php\\\/lumea-noastra\\\/consiliere-psihologica-gratuita-pentru-parintii-copiilor-cu-sindrom-down-sau-autism\\\/\"},\"wordCount\":525,\"commentCount\":0,\"publisher\":{\"@id\":\"https:\\\/\\\/covasna45.ro\\\/#organization\"},\"image\":{\"@id\":\"https:\\\/\\\/covasna45.ro\\\/index.php\\\/lumea-noastra\\\/consiliere-psihologica-gratuita-pentru-parintii-copiilor-cu-sindrom-down-sau-autism\\\/#primaryimage\"},\"thumbnailUrl\":\"https:\\\/\\\/covasna45.ro\\\/wp-content\\\/uploads\\\/2026\\\/05\\\/consiliere-scaled.jpg\",\"keywords\":[\"autism\",\"consiliere\",\"lege\"],\"articleSection\":[\"Lumea noastr\u0103\"],\"inLanguage\":\"ro-RO\",\"potentialAction\":[{\"@type\":\"CommentAction\",\"name\":\"Comment\",\"target\":[\"https:\\\/\\\/covasna45.ro\\\/index.php\\\/lumea-noastra\\\/consiliere-psihologica-gratuita-pentru-parintii-copiilor-cu-sindrom-down-sau-autism\\\/#respond\"]}]},{\"@type\":\"WebPage\",\"@id\":\"https:\\\/\\\/covasna45.ro\\\/index.php\\\/lumea-noastra\\\/consiliere-psihologica-gratuita-pentru-parintii-copiilor-cu-sindrom-down-sau-autism\\\/\",\"url\":\"https:\\\/\\\/covasna45.ro\\\/index.php\\\/lumea-noastra\\\/consiliere-psihologica-gratuita-pentru-parintii-copiilor-cu-sindrom-down-sau-autism\\\/\",\"name\":\"Consiliere psihologic\u0103 gratuit\u0103 pentru p\u0103rin\u021bii copiilor cu sindrom Down sau autism - Covasna45\",\"isPartOf\":{\"@id\":\"https:\\\/\\\/covasna45.ro\\\/#website\"},\"primaryImageOfPage\":{\"@id\":\"https:\\\/\\\/covasna45.ro\\\/index.php\\\/lumea-noastra\\\/consiliere-psihologica-gratuita-pentru-parintii-copiilor-cu-sindrom-down-sau-autism\\\/#primaryimage\"},\"image\":{\"@id\":\"https:\\\/\\\/covasna45.ro\\\/index.php\\\/lumea-noastra\\\/consiliere-psihologica-gratuita-pentru-parintii-copiilor-cu-sindrom-down-sau-autism\\\/#primaryimage\"},\"thumbnailUrl\":\"https:\\\/\\\/covasna45.ro\\\/wp-content\\\/uploads\\\/2026\\\/05\\\/consiliere-scaled.jpg\",\"datePublished\":\"2026-05-01T05:02:17+00:00\",\"dateModified\":\"2026-05-01T05:02:18+00:00\",\"description\":\"Aceste servicii umeaz\u0103 s\u0103 fie furnizate at\u00e2t \u00een ambulatoriu, c\u00e2t \u0219i \u00een cabinetele de psihologie clinic\u0103 sau \u00een centre specializate.\",\"breadcrumb\":{\"@id\":\"https:\\\/\\\/covasna45.ro\\\/index.php\\\/lumea-noastra\\\/consiliere-psihologica-gratuita-pentru-parintii-copiilor-cu-sindrom-down-sau-autism\\\/#breadcrumb\"},\"inLanguage\":\"ro-RO\",\"potentialAction\":[{\"@type\":\"ReadAction\",\"target\":[\"https:\\\/\\\/covasna45.ro\\\/index.php\\\/lumea-noastra\\\/consiliere-psihologica-gratuita-pentru-parintii-copiilor-cu-sindrom-down-sau-autism\\\/\"]}]},{\"@type\":\"ImageObject\",\"inLanguage\":\"ro-RO\",\"@id\":\"https:\\\/\\\/covasna45.ro\\\/index.php\\\/lumea-noastra\\\/consiliere-psihologica-gratuita-pentru-parintii-copiilor-cu-sindrom-down-sau-autism\\\/#primaryimage\",\"url\":\"https:\\\/\\\/covasna45.ro\\\/wp-content\\\/uploads\\\/2026\\\/05\\\/consiliere-scaled.jpg\",\"contentUrl\":\"https:\\\/\\\/covasna45.ro\\\/wp-content\\\/uploads\\\/2026\\\/05\\\/consiliere-scaled.jpg\",\"width\":2560,\"height\":1707},{\"@type\":\"BreadcrumbList\",\"@id\":\"https:\\\/\\\/covasna45.ro\\\/index.php\\\/lumea-noastra\\\/consiliere-psihologica-gratuita-pentru-parintii-copiilor-cu-sindrom-down-sau-autism\\\/#breadcrumb\",\"itemListElement\":[{\"@type\":\"ListItem\",\"position\":1,\"name\":\"Prima pagin\u0103\",\"item\":\"https:\\\/\\\/covasna45.ro\\\/\"},{\"@type\":\"ListItem\",\"position\":2,\"name\":\"Consiliere psihologic\u0103 gratuit\u0103 pentru p\u0103rin\u021bii copiilor cu sindrom Down sau autism\"}]},{\"@type\":\"WebSite\",\"@id\":\"https:\\\/\\\/covasna45.ro\\\/#website\",\"url\":\"https:\\\/\\\/covasna45.ro\\\/\",\"name\":\"covasna45.ro\",\"description\":\"\",\"publisher\":{\"@id\":\"https:\\\/\\\/covasna45.ro\\\/#organization\"},\"potentialAction\":[{\"@type\":\"SearchAction\",\"target\":{\"@type\":\"EntryPoint\",\"urlTemplate\":\"https:\\\/\\\/covasna45.ro\\\/?s={search_term_string}\"},\"query-input\":{\"@type\":\"PropertyValueSpecification\",\"valueRequired\":true,\"valueName\":\"search_term_string\"}}],\"inLanguage\":\"ro-RO\"},{\"@type\":\"Organization\",\"@id\":\"https:\\\/\\\/covasna45.ro\\\/#organization\",\"name\":\"covasna45.ro\",\"url\":\"https:\\\/\\\/covasna45.ro\\\/\",\"logo\":{\"@type\":\"ImageObject\",\"inLanguage\":\"ro-RO\",\"@id\":\"https:\\\/\\\/covasna45.ro\\\/#\\\/schema\\\/logo\\\/image\\\/\",\"url\":\"https:\\\/\\\/covasna45.ro\\\/wp-content\\\/uploads\\\/2023\\\/01\\\/icon_logo.png\",\"contentUrl\":\"https:\\\/\\\/covasna45.ro\\\/wp-content\\\/uploads\\\/2023\\\/01\\\/icon_logo.png\",\"width\":1900,\"height\":1900,\"caption\":\"covasna45.ro\"},\"image\":{\"@id\":\"https:\\\/\\\/covasna45.ro\\\/#\\\/schema\\\/logo\\\/image\\\/\"}},{\"@type\":\"Person\",\"@id\":\"https:\\\/\\\/covasna45.ro\\\/#\\\/schema\\\/person\\\/e674052bd7d95d70bbb007a1060ab73c\",\"name\":\"Covasna45\",\"image\":{\"@type\":\"ImageObject\",\"inLanguage\":\"ro-RO\",\"@id\":\"https:\\\/\\\/covasna45.ro\\\/wp-content\\\/uploads\\\/2025\\\/10\\\/icon_logo_covasna45-150x150.png\",\"url\":\"https:\\\/\\\/covasna45.ro\\\/wp-content\\\/uploads\\\/2025\\\/10\\\/icon_logo_covasna45-150x150.png\",\"contentUrl\":\"https:\\\/\\\/covasna45.ro\\\/wp-content\\\/uploads\\\/2025\\\/10\\\/icon_logo_covasna45-150x150.png\",\"caption\":\"Covasna45\"},\"sameAs\":[\"https:\\\/\\\/covasna45.ro\"],\"url\":\"https:\\\/\\\/covasna45.ro\\\/index.php\\\/author\\\/covasna\\\/\"}]}<\/script>\n<!-- \/ Yoast SEO plugin. -->","yoast_head_json":{"title":"Consiliere psihologic\u0103 gratuit\u0103 pentru p\u0103rin\u021bii copiilor cu sindrom Down sau autism - Covasna45","description":"Aceste servicii umeaz\u0103 s\u0103 fie furnizate at\u00e2t \u00een ambulatoriu, c\u00e2t \u0219i \u00een cabinetele de psihologie clinic\u0103 sau \u00een centre specializate.","robots":{"index":"index","follow":"follow","max-snippet":"max-snippet:-1","max-image-preview":"max-image-preview:large","max-video-preview":"max-video-preview:-1"},"canonical":"https:\/\/covasna45.ro\/index.php\/lumea-noastra\/consiliere-psihologica-gratuita-pentru-parintii-copiilor-cu-sindrom-down-sau-autism\/","og_locale":"ro_RO","og_type":"article","og_title":"Consiliere psihologic\u0103 gratuit\u0103 pentru p\u0103rin\u021bii copiilor cu sindrom Down sau autism - Covasna45","og_description":"Aceste servicii umeaz\u0103 s\u0103 fie furnizate at\u00e2t \u00een ambulatoriu, c\u00e2t \u0219i \u00een cabinetele de psihologie clinic\u0103 sau \u00een centre specializate.","og_url":"https:\/\/covasna45.ro\/index.php\/lumea-noastra\/consiliere-psihologica-gratuita-pentru-parintii-copiilor-cu-sindrom-down-sau-autism\/","og_site_name":"Covasna45","article_published_time":"2026-05-01T05:02:17+00:00","article_modified_time":"2026-05-01T05:02:18+00:00","og_image":[{"width":2560,"height":1707,"url":"https:\/\/covasna45.ro\/wp-content\/uploads\/2026\/05\/consiliere-scaled.jpg","type":"image\/jpeg"}],"author":"Covasna45","twitter_card":"summary_large_image","twitter_misc":{"Scris de":"Covasna45","Timp estimat pentru citire":"3 minute"},"schema":{"@context":"https:\/\/schema.org","@graph":[{"@type":"Article","@id":"https:\/\/covasna45.ro\/index.php\/lumea-noastra\/consiliere-psihologica-gratuita-pentru-parintii-copiilor-cu-sindrom-down-sau-autism\/#article","isPartOf":{"@id":"https:\/\/covasna45.ro\/index.php\/lumea-noastra\/consiliere-psihologica-gratuita-pentru-parintii-copiilor-cu-sindrom-down-sau-autism\/"},"author":{"name":"Covasna45","@id":"https:\/\/covasna45.ro\/#\/schema\/person\/e674052bd7d95d70bbb007a1060ab73c"},"headline":"Consiliere psihologic\u0103 gratuit\u0103 pentru p\u0103rin\u021bii copiilor cu sindrom Down sau autism","datePublished":"2026-05-01T05:02:17+00:00","dateModified":"2026-05-01T05:02:18+00:00","mainEntityOfPage":{"@id":"https:\/\/covasna45.ro\/index.php\/lumea-noastra\/consiliere-psihologica-gratuita-pentru-parintii-copiilor-cu-sindrom-down-sau-autism\/"},"wordCount":525,"commentCount":0,"publisher":{"@id":"https:\/\/covasna45.ro\/#organization"},"image":{"@id":"https:\/\/covasna45.ro\/index.php\/lumea-noastra\/consiliere-psihologica-gratuita-pentru-parintii-copiilor-cu-sindrom-down-sau-autism\/#primaryimage"},"thumbnailUrl":"https:\/\/covasna45.ro\/wp-content\/uploads\/2026\/05\/consiliere-scaled.jpg","keywords":["autism","consiliere","lege"],"articleSection":["Lumea noastr\u0103"],"inLanguage":"ro-RO","potentialAction":[{"@type":"CommentAction","name":"Comment","target":["https:\/\/covasna45.ro\/index.php\/lumea-noastra\/consiliere-psihologica-gratuita-pentru-parintii-copiilor-cu-sindrom-down-sau-autism\/#respond"]}]},{"@type":"WebPage","@id":"https:\/\/covasna45.ro\/index.php\/lumea-noastra\/consiliere-psihologica-gratuita-pentru-parintii-copiilor-cu-sindrom-down-sau-autism\/","url":"https:\/\/covasna45.ro\/index.php\/lumea-noastra\/consiliere-psihologica-gratuita-pentru-parintii-copiilor-cu-sindrom-down-sau-autism\/","name":"Consiliere psihologic\u0103 gratuit\u0103 pentru p\u0103rin\u021bii copiilor cu sindrom Down sau autism - Covasna45","isPartOf":{"@id":"https:\/\/covasna45.ro\/#website"},"primaryImageOfPage":{"@id":"https:\/\/covasna45.ro\/index.php\/lumea-noastra\/consiliere-psihologica-gratuita-pentru-parintii-copiilor-cu-sindrom-down-sau-autism\/#primaryimage"},"image":{"@id":"https:\/\/covasna45.ro\/index.php\/lumea-noastra\/consiliere-psihologica-gratuita-pentru-parintii-copiilor-cu-sindrom-down-sau-autism\/#primaryimage"},"thumbnailUrl":"https:\/\/covasna45.ro\/wp-content\/uploads\/2026\/05\/consiliere-scaled.jpg","datePublished":"2026-05-01T05:02:17+00:00","dateModified":"2026-05-01T05:02:18+00:00","description":"Aceste servicii umeaz\u0103 s\u0103 fie furnizate at\u00e2t \u00een ambulatoriu, c\u00e2t \u0219i \u00een cabinetele de psihologie clinic\u0103 sau \u00een centre specializate.","breadcrumb":{"@id":"https:\/\/covasna45.ro\/index.php\/lumea-noastra\/consiliere-psihologica-gratuita-pentru-parintii-copiilor-cu-sindrom-down-sau-autism\/#breadcrumb"},"inLanguage":"ro-RO","potentialAction":[{"@type":"ReadAction","target":["https:\/\/covasna45.ro\/index.php\/lumea-noastra\/consiliere-psihologica-gratuita-pentru-parintii-copiilor-cu-sindrom-down-sau-autism\/"]}]},{"@type":"ImageObject","inLanguage":"ro-RO","@id":"https:\/\/covasna45.ro\/index.php\/lumea-noastra\/consiliere-psihologica-gratuita-pentru-parintii-copiilor-cu-sindrom-down-sau-autism\/#primaryimage","url":"https:\/\/covasna45.ro\/wp-content\/uploads\/2026\/05\/consiliere-scaled.jpg","contentUrl":"https:\/\/covasna45.ro\/wp-content\/uploads\/2026\/05\/consiliere-scaled.jpg","width":2560,"height":1707},{"@type":"BreadcrumbList","@id":"https:\/\/covasna45.ro\/index.php\/lumea-noastra\/consiliere-psihologica-gratuita-pentru-parintii-copiilor-cu-sindrom-down-sau-autism\/#breadcrumb","itemListElement":[{"@type":"ListItem","position":1,"name":"Prima pagin\u0103","item":"https:\/\/covasna45.ro\/"},{"@type":"ListItem","position":2,"name":"Consiliere psihologic\u0103 gratuit\u0103 pentru p\u0103rin\u021bii copiilor cu sindrom Down sau autism"}]},{"@type":"WebSite","@id":"https:\/\/covasna45.ro\/#website","url":"https:\/\/covasna45.ro\/","name":"covasna45.ro","description":"","publisher":{"@id":"https:\/\/covasna45.ro\/#organization"},"potentialAction":[{"@type":"SearchAction","target":{"@type":"EntryPoint","urlTemplate":"https:\/\/covasna45.ro\/?s={search_term_string}"},"query-input":{"@type":"PropertyValueSpecification","valueRequired":true,"valueName":"search_term_string"}}],"inLanguage":"ro-RO"},{"@type":"Organization","@id":"https:\/\/covasna45.ro\/#organization","name":"covasna45.ro","url":"https:\/\/covasna45.ro\/","logo":{"@type":"ImageObject","inLanguage":"ro-RO","@id":"https:\/\/covasna45.ro\/#\/schema\/logo\/image\/","url":"https:\/\/covasna45.ro\/wp-content\/uploads\/2023\/01\/icon_logo.png","contentUrl":"https:\/\/covasna45.ro\/wp-content\/uploads\/2023\/01\/icon_logo.png","width":1900,"height":1900,"caption":"covasna45.ro"},"image":{"@id":"https:\/\/covasna45.ro\/#\/schema\/logo\/image\/"}},{"@type":"Person","@id":"https:\/\/covasna45.ro\/#\/schema\/person\/e674052bd7d95d70bbb007a1060ab73c","name":"Covasna45","image":{"@type":"ImageObject","inLanguage":"ro-RO","@id":"https:\/\/covasna45.ro\/wp-content\/uploads\/2025\/10\/icon_logo_covasna45-150x150.png","url":"https:\/\/covasna45.ro\/wp-content\/uploads\/2025\/10\/icon_logo_covasna45-150x150.png","contentUrl":"https:\/\/covasna45.ro\/wp-content\/uploads\/2025\/10\/icon_logo_covasna45-150x150.png","caption":"Covasna45"},"sameAs":["https:\/\/covasna45.ro"],"url":"https:\/\/covasna45.ro\/index.php\/author\/covasna\/"}]}},"_links":{"self":[{"href":"https:\/\/covasna45.ro\/index.php\/wp-json\/wp\/v2\/posts\/16237","targetHints":{"allow":["GET"]}}],"collection":[{"href":"https:\/\/covasna45.ro\/index.php\/wp-json\/wp\/v2\/posts"}],"about":[{"href":"https:\/\/covasna45.ro\/index.php\/wp-json\/wp\/v2\/types\/post"}],"author":[{"embeddable":true,"href":"https:\/\/covasna45.ro\/index.php\/wp-json\/wp\/v2\/users\/1"}],"replies":[{"embeddable":true,"href":"https:\/\/covasna45.ro\/index.php\/wp-json\/wp\/v2\/comments?post=16237"}],"version-history":[{"count":1,"href":"https:\/\/covasna45.ro\/index.php\/wp-json\/wp\/v2\/posts\/16237\/revisions"}],"predecessor-version":[{"id":16239,"href":"https:\/\/covasna45.ro\/index.php\/wp-json\/wp\/v2\/posts\/16237\/revisions\/16239"}],"wp:featuredmedia":[{"embeddable":true,"href":"https:\/\/covasna45.ro\/index.php\/wp-json\/wp\/v2\/media\/16238"}],"wp:attachment":[{"href":"https:\/\/covasna45.ro\/index.php\/wp-json\/wp\/v2\/media?parent=16237"}],"wp:term":[{"taxonomy":"category","embeddable":true,"href":"https:\/\/covasna45.ro\/index.php\/wp-json\/wp\/v2\/categories?post=16237"},{"taxonomy":"post_tag","embeddable":true,"href":"https:\/\/covasna45.ro\/index.php\/wp-json\/wp\/v2\/tags?post=16237"}],"curies":[{"name":"wp","href":"https:\/\/api.w.org\/{rel}","templated":true}]}}