{"id":1645,"date":"2023-05-10T09:07:20","date_gmt":"2023-05-10T07:07:20","guid":{"rendered":"https:\/\/covasna45.ro\/?p=1645"},"modified":"2023-05-10T09:07:21","modified_gmt":"2023-05-10T07:07:21","slug":"germania-ia-in-calcul-reintroducerea-controalelor-la-granite","status":"publish","type":"post","link":"https:\/\/covasna45.ro\/index.php\/lumea-larga\/germania-ia-in-calcul-reintroducerea-controalelor-la-granite\/","title":{"rendered":"Germania ia \u00een calcul reintroducerea controalelor la grani\u021be"},"content":{"rendered":"\n<p id=\"m_-2720153067635425305gmail-1\">La Berlin se discut\u0103 ipoteza reinstituirii punctelor de control la intr\u0103rile \u00een Republica Federal\u0103. Ecologi\u0219tii din coali\u021bia care \u00eel sus\u021bine pe cancelarul Scholz, dar \u0219i unii vecini ai Germaniei, critic\u0103 m\u0103sura, scrie Deutsche Welle.\u00a0<\/p>\n\n\n\n<h2 class=\"wp-block-heading\" id=\"m_-2720153067635425305gmail-2\">Guvernul de la Berlin \u0219i autorit\u0103\u021bile landurilor federale iau \u00een calcul introducerea controalelor la toate grani\u021bele Germaniei.<\/h2>\n\n\n\n<p id=\"m_-2720153067635425305gmail-2\">Ziarul Bild a intrat \u00een posesia unui document ce ar urma s\u0103 fie analizat la un summit dedicat migra\u021biei, convocat la Berlin de cancelarul Olaf Scholz. M\u0103surile ar viza toate intr\u0103rile \u00een Republica Federal\u0103, a\u0219a cum se \u00eent\u00e2mpl\u0103 \u00een prezent la grani\u021ba Germaniei cu Austria.<\/p>\n\n\n\n<p id=\"m_-2720153067635425305gmail-4\"><strong>Statisticile spun c\u0103, except\u00e2nd imigra\u021bia din Ucraina, num\u0103rul refugia\u021bilor sosi\u021bi \u00een Germania, \u00een primele trei luni ale acestui an, este cu 50% mai mare dec\u00e2t cel \u00eenregistrat \u00een 2019, anul de dinainte de pandemie.<\/strong><\/p>\n\n\n\n<p id=\"m_-2720153067635425305gmail-5\">Potrivit poli\u021biei federale, citat\u0103 de ziarul Bild, au existat un total de 19.627 de intr\u0103ri ilegale \u00een Germania \u00een primul trimestru al anului 2023. \u00cen acela\u0219i timp, Oficiul Federal pentru Migra\u021bie \u0219i Refugia\u021bi a \u00eenregistrat aproape 90.000 de cereri de azil.<\/p>\n\n\n\n<h2 class=\"wp-block-heading\" id=\"m_-2720153067635425305gmail-6\">Documentul include suplimentarea personalului de la frontiere \u0219i permanentizarea posturilor de control.<\/h2>\n\n\n\n<p id=\"m_-2720153067635425305gmail-6\">Acesta include \u0219i ini\u021biativa unui dialog mai intens cu reprezentan\u021bii statelor din care provin imigran\u021bii ilegali.<\/p>\n\n\n\n<p id=\"m_-2720153067635425305gmail-7\">Sunt propuse \u0219i m\u0103suri de consolidare a agen\u021biei europene de paza frontierelor, Frontex. \u00cen acest sens, cooperarea dintre \u021b\u0103rile europene ar trebui s\u0103 echilibreze participarea la cheltuielile de finan\u021bare a agen\u021biei. Cancelarul federal Olaf Scholz \u0219i-ar dori ca reforma european\u0103 a azilului \u0219i migra\u021biei s\u0103 intre \u00een vigoare \u00eenc\u0103 \u00eenaintea alegerilor europene de anul viitor. Subiectul migra\u021biei \u0219i azilan\u021bilor a stat \u00een mijlocul disputei dintre Austria \u0219i institu\u021biile europene. S-a concretizat \u00een blocarea de c\u0103tre Viena a ader\u0103rii Rom\u00e2niei \u0219i Bulgariei la spa\u021biul Schengen.<\/p>\n\n\n\n<h2 class=\"wp-block-heading\" id=\"m_-2720153067635425305gmail-8\">Nu sunt excluse tensiuni \u00eentre Germania \u0219i vecinii ei. <\/h2>\n\n\n\n<p id=\"m_-2720153067635425305gmail-8\">Premierul Cehiei, Petr Fiala, a criticat ini\u021biativa. El spune c\u0103 num\u0103rul migran\u021bilor ilegali este mult prea mic pentru a necesita controale la frontier\u0103. Chiar dac\u0103 a fost de acord c\u0103 fenomenul exist\u0103, oficialul ceh a apreciat c\u0103 solu\u021biile ideale ar fi o mai clar\u0103 politic\u0103 de repatriere \u0219i cooperarea cu \u021b\u0103rile aflate pe traseele migra\u021biei.<\/p>\n\n\n\n<p id=\"m_-2720153067635425305gmail-8\">Nici verzii ecologi\u0219ti germani, afla\u021bi la guvernare la Berlin, al\u0103turi de social-democra\u021bi \u0219i liberali, \u00een guvernul Scholz, nu v\u0103d cu ochi buni m\u0103sura.<\/p>\n","protected":false},"excerpt":{"rendered":"<p>La Berlin se discut\u0103 ipoteza reinstituirii punctelor de control la intr\u0103rile \u00een Republica Federal\u0103. Ecologi\u0219tii din coali\u021bia care \u00eel sus\u021bine pe cancelarul Scholz, dar \u0219i unii vecini ai Germaniei, critic\u0103 m\u0103sura, scrie Deutsche Welle.\u00a0 Guvernul de la Berlin \u0219i autorit\u0103\u021bile landurilor federale iau \u00een calcul introducerea controalelor la toate grani\u021bele Germaniei. Ziarul Bild a intrat [&hellip;]<\/p>\n","protected":false},"author":1,"featured_media":1646,"comment_status":"open","ping_status":"closed","sticky":false,"template":"","format":"standard","meta":{"tdm_status":"","tdm_grid_status":"","footnotes":""},"categories":[10],"tags":[571,531,570],"class_list":{"0":"post-1645","1":"post","2":"type-post","3":"status-publish","4":"format-standard","5":"has-post-thumbnail","7":"category-lumea-larga","8":"tag-controale","9":"tag-germania","10":"tag-granite"},"yoast_head":"<!-- This site is optimized with the Yoast SEO plugin v27.5 - https:\/\/yoast.com\/product\/yoast-seo-wordpress\/ -->\n<title>Germania ia \u00een calcul reintroducerea controalelor la grani\u021be - Covasna45<\/title>\n<meta name=\"description\" content=\"Potrivit poli\u021biei federale, au existat un total de 19.627 de intr\u0103ri ilegale \u00een Germania \u00een primul trimestru al anului 2023.\" \/>\n<meta name=\"robots\" content=\"index, follow, max-snippet:-1, max-image-preview:large, max-video-preview:-1\" \/>\n<link rel=\"canonical\" href=\"https:\/\/covasna45.ro\/index.php\/lumea-larga\/germania-ia-in-calcul-reintroducerea-controalelor-la-granite\/\" \/>\n<meta property=\"og:locale\" content=\"ro_RO\" \/>\n<meta property=\"og:type\" content=\"article\" \/>\n<meta property=\"og:title\" content=\"Germania ia \u00een calcul reintroducerea controalelor la grani\u021be - Covasna45\" \/>\n<meta property=\"og:description\" content=\"Potrivit poli\u021biei federale, au existat un total de 19.627 de intr\u0103ri ilegale \u00een Germania \u00een primul trimestru al anului 2023.\" \/>\n<meta property=\"og:url\" content=\"https:\/\/covasna45.ro\/index.php\/lumea-larga\/germania-ia-in-calcul-reintroducerea-controalelor-la-granite\/\" \/>\n<meta property=\"og:site_name\" content=\"Covasna45\" \/>\n<meta property=\"article:published_time\" content=\"2023-05-10T07:07:20+00:00\" \/>\n<meta property=\"article:modified_time\" content=\"2023-05-10T07:07:21+00:00\" \/>\n<meta property=\"og:image\" content=\"https:\/\/covasna45.ro\/wp-content\/uploads\/2023\/05\/frontiera.jpg\" \/>\n\t<meta property=\"og:image:width\" content=\"1188\" \/>\n\t<meta property=\"og:image:height\" content=\"654\" \/>\n\t<meta property=\"og:image:type\" content=\"image\/jpeg\" \/>\n<meta name=\"author\" content=\"Covasna45\" \/>\n<meta name=\"twitter:card\" content=\"summary_large_image\" \/>\n<meta name=\"twitter:label1\" content=\"Scris de\" \/>\n\t<meta name=\"twitter:data1\" content=\"Covasna45\" \/>\n\t<meta name=\"twitter:label2\" content=\"Timp estimat pentru citire\" \/>\n\t<meta name=\"twitter:data2\" content=\"3 minute\" \/>\n<script type=\"application\/ld+json\" class=\"yoast-schema-graph\">{\"@context\":\"https:\\\/\\\/schema.org\",\"@graph\":[{\"@type\":\"Article\",\"@id\":\"https:\\\/\\\/covasna45.ro\\\/index.php\\\/lumea-larga\\\/germania-ia-in-calcul-reintroducerea-controalelor-la-granite\\\/#article\",\"isPartOf\":{\"@id\":\"https:\\\/\\\/covasna45.ro\\\/index.php\\\/lumea-larga\\\/germania-ia-in-calcul-reintroducerea-controalelor-la-granite\\\/\"},\"author\":{\"name\":\"Covasna45\",\"@id\":\"https:\\\/\\\/covasna45.ro\\\/#\\\/schema\\\/person\\\/e674052bd7d95d70bbb007a1060ab73c\"},\"headline\":\"Germania ia \u00een calcul reintroducerea controalelor la grani\u021be\",\"datePublished\":\"2023-05-10T07:07:20+00:00\",\"dateModified\":\"2023-05-10T07:07:21+00:00\",\"mainEntityOfPage\":{\"@id\":\"https:\\\/\\\/covasna45.ro\\\/index.php\\\/lumea-larga\\\/germania-ia-in-calcul-reintroducerea-controalelor-la-granite\\\/\"},\"wordCount\":424,\"commentCount\":0,\"publisher\":{\"@id\":\"https:\\\/\\\/covasna45.ro\\\/#organization\"},\"image\":{\"@id\":\"https:\\\/\\\/covasna45.ro\\\/index.php\\\/lumea-larga\\\/germania-ia-in-calcul-reintroducerea-controalelor-la-granite\\\/#primaryimage\"},\"thumbnailUrl\":\"https:\\\/\\\/covasna45.ro\\\/wp-content\\\/uploads\\\/2023\\\/05\\\/frontiera.jpg\",\"keywords\":[\"Controale\",\"Germania\",\"Grani\u021be\"],\"articleSection\":[\"Lumea larg\u0103\"],\"inLanguage\":\"ro-RO\",\"potentialAction\":[{\"@type\":\"CommentAction\",\"name\":\"Comment\",\"target\":[\"https:\\\/\\\/covasna45.ro\\\/index.php\\\/lumea-larga\\\/germania-ia-in-calcul-reintroducerea-controalelor-la-granite\\\/#respond\"]}]},{\"@type\":\"WebPage\",\"@id\":\"https:\\\/\\\/covasna45.ro\\\/index.php\\\/lumea-larga\\\/germania-ia-in-calcul-reintroducerea-controalelor-la-granite\\\/\",\"url\":\"https:\\\/\\\/covasna45.ro\\\/index.php\\\/lumea-larga\\\/germania-ia-in-calcul-reintroducerea-controalelor-la-granite\\\/\",\"name\":\"Germania ia \u00een calcul reintroducerea controalelor la grani\u021be - Covasna45\",\"isPartOf\":{\"@id\":\"https:\\\/\\\/covasna45.ro\\\/#website\"},\"primaryImageOfPage\":{\"@id\":\"https:\\\/\\\/covasna45.ro\\\/index.php\\\/lumea-larga\\\/germania-ia-in-calcul-reintroducerea-controalelor-la-granite\\\/#primaryimage\"},\"image\":{\"@id\":\"https:\\\/\\\/covasna45.ro\\\/index.php\\\/lumea-larga\\\/germania-ia-in-calcul-reintroducerea-controalelor-la-granite\\\/#primaryimage\"},\"thumbnailUrl\":\"https:\\\/\\\/covasna45.ro\\\/wp-content\\\/uploads\\\/2023\\\/05\\\/frontiera.jpg\",\"datePublished\":\"2023-05-10T07:07:20+00:00\",\"dateModified\":\"2023-05-10T07:07:21+00:00\",\"description\":\"Potrivit poli\u021biei federale, au existat un total de 19.627 de intr\u0103ri ilegale \u00een Germania \u00een primul trimestru al anului 2023.\",\"breadcrumb\":{\"@id\":\"https:\\\/\\\/covasna45.ro\\\/index.php\\\/lumea-larga\\\/germania-ia-in-calcul-reintroducerea-controalelor-la-granite\\\/#breadcrumb\"},\"inLanguage\":\"ro-RO\",\"potentialAction\":[{\"@type\":\"ReadAction\",\"target\":[\"https:\\\/\\\/covasna45.ro\\\/index.php\\\/lumea-larga\\\/germania-ia-in-calcul-reintroducerea-controalelor-la-granite\\\/\"]}]},{\"@type\":\"ImageObject\",\"inLanguage\":\"ro-RO\",\"@id\":\"https:\\\/\\\/covasna45.ro\\\/index.php\\\/lumea-larga\\\/germania-ia-in-calcul-reintroducerea-controalelor-la-granite\\\/#primaryimage\",\"url\":\"https:\\\/\\\/covasna45.ro\\\/wp-content\\\/uploads\\\/2023\\\/05\\\/frontiera.jpg\",\"contentUrl\":\"https:\\\/\\\/covasna45.ro\\\/wp-content\\\/uploads\\\/2023\\\/05\\\/frontiera.jpg\",\"width\":1188,\"height\":654},{\"@type\":\"BreadcrumbList\",\"@id\":\"https:\\\/\\\/covasna45.ro\\\/index.php\\\/lumea-larga\\\/germania-ia-in-calcul-reintroducerea-controalelor-la-granite\\\/#breadcrumb\",\"itemListElement\":[{\"@type\":\"ListItem\",\"position\":1,\"name\":\"Prima pagin\u0103\",\"item\":\"https:\\\/\\\/covasna45.ro\\\/\"},{\"@type\":\"ListItem\",\"position\":2,\"name\":\"Germania ia \u00een calcul reintroducerea controalelor la grani\u021be\"}]},{\"@type\":\"WebSite\",\"@id\":\"https:\\\/\\\/covasna45.ro\\\/#website\",\"url\":\"https:\\\/\\\/covasna45.ro\\\/\",\"name\":\"covasna45.ro\",\"description\":\"\",\"publisher\":{\"@id\":\"https:\\\/\\\/covasna45.ro\\\/#organization\"},\"potentialAction\":[{\"@type\":\"SearchAction\",\"target\":{\"@type\":\"EntryPoint\",\"urlTemplate\":\"https:\\\/\\\/covasna45.ro\\\/?s={search_term_string}\"},\"query-input\":{\"@type\":\"PropertyValueSpecification\",\"valueRequired\":true,\"valueName\":\"search_term_string\"}}],\"inLanguage\":\"ro-RO\"},{\"@type\":\"Organization\",\"@id\":\"https:\\\/\\\/covasna45.ro\\\/#organization\",\"name\":\"covasna45.ro\",\"url\":\"https:\\\/\\\/covasna45.ro\\\/\",\"logo\":{\"@type\":\"ImageObject\",\"inLanguage\":\"ro-RO\",\"@id\":\"https:\\\/\\\/covasna45.ro\\\/#\\\/schema\\\/logo\\\/image\\\/\",\"url\":\"https:\\\/\\\/covasna45.ro\\\/wp-content\\\/uploads\\\/2023\\\/01\\\/icon_logo.png\",\"contentUrl\":\"https:\\\/\\\/covasna45.ro\\\/wp-content\\\/uploads\\\/2023\\\/01\\\/icon_logo.png\",\"width\":1900,\"height\":1900,\"caption\":\"covasna45.ro\"},\"image\":{\"@id\":\"https:\\\/\\\/covasna45.ro\\\/#\\\/schema\\\/logo\\\/image\\\/\"}},{\"@type\":\"Person\",\"@id\":\"https:\\\/\\\/covasna45.ro\\\/#\\\/schema\\\/person\\\/e674052bd7d95d70bbb007a1060ab73c\",\"name\":\"Covasna45\",\"image\":{\"@type\":\"ImageObject\",\"inLanguage\":\"ro-RO\",\"@id\":\"https:\\\/\\\/covasna45.ro\\\/wp-content\\\/uploads\\\/2025\\\/10\\\/icon_logo_covasna45-150x150.png\",\"url\":\"https:\\\/\\\/covasna45.ro\\\/wp-content\\\/uploads\\\/2025\\\/10\\\/icon_logo_covasna45-150x150.png\",\"contentUrl\":\"https:\\\/\\\/covasna45.ro\\\/wp-content\\\/uploads\\\/2025\\\/10\\\/icon_logo_covasna45-150x150.png\",\"caption\":\"Covasna45\"},\"sameAs\":[\"https:\\\/\\\/covasna45.ro\"],\"url\":\"https:\\\/\\\/covasna45.ro\\\/index.php\\\/author\\\/covasna\\\/\"}]}<\/script>\n<!-- \/ Yoast SEO plugin. -->","yoast_head_json":{"title":"Germania ia \u00een calcul reintroducerea controalelor la grani\u021be - Covasna45","description":"Potrivit poli\u021biei federale, au existat un total de 19.627 de intr\u0103ri ilegale \u00een Germania \u00een primul trimestru al anului 2023.","robots":{"index":"index","follow":"follow","max-snippet":"max-snippet:-1","max-image-preview":"max-image-preview:large","max-video-preview":"max-video-preview:-1"},"canonical":"https:\/\/covasna45.ro\/index.php\/lumea-larga\/germania-ia-in-calcul-reintroducerea-controalelor-la-granite\/","og_locale":"ro_RO","og_type":"article","og_title":"Germania ia \u00een calcul reintroducerea controalelor la grani\u021be - Covasna45","og_description":"Potrivit poli\u021biei federale, au existat un total de 19.627 de intr\u0103ri ilegale \u00een Germania \u00een primul trimestru al anului 2023.","og_url":"https:\/\/covasna45.ro\/index.php\/lumea-larga\/germania-ia-in-calcul-reintroducerea-controalelor-la-granite\/","og_site_name":"Covasna45","article_published_time":"2023-05-10T07:07:20+00:00","article_modified_time":"2023-05-10T07:07:21+00:00","og_image":[{"width":1188,"height":654,"url":"https:\/\/covasna45.ro\/wp-content\/uploads\/2023\/05\/frontiera.jpg","type":"image\/jpeg"}],"author":"Covasna45","twitter_card":"summary_large_image","twitter_misc":{"Scris de":"Covasna45","Timp estimat pentru citire":"3 minute"},"schema":{"@context":"https:\/\/schema.org","@graph":[{"@type":"Article","@id":"https:\/\/covasna45.ro\/index.php\/lumea-larga\/germania-ia-in-calcul-reintroducerea-controalelor-la-granite\/#article","isPartOf":{"@id":"https:\/\/covasna45.ro\/index.php\/lumea-larga\/germania-ia-in-calcul-reintroducerea-controalelor-la-granite\/"},"author":{"name":"Covasna45","@id":"https:\/\/covasna45.ro\/#\/schema\/person\/e674052bd7d95d70bbb007a1060ab73c"},"headline":"Germania ia \u00een calcul reintroducerea controalelor la grani\u021be","datePublished":"2023-05-10T07:07:20+00:00","dateModified":"2023-05-10T07:07:21+00:00","mainEntityOfPage":{"@id":"https:\/\/covasna45.ro\/index.php\/lumea-larga\/germania-ia-in-calcul-reintroducerea-controalelor-la-granite\/"},"wordCount":424,"commentCount":0,"publisher":{"@id":"https:\/\/covasna45.ro\/#organization"},"image":{"@id":"https:\/\/covasna45.ro\/index.php\/lumea-larga\/germania-ia-in-calcul-reintroducerea-controalelor-la-granite\/#primaryimage"},"thumbnailUrl":"https:\/\/covasna45.ro\/wp-content\/uploads\/2023\/05\/frontiera.jpg","keywords":["Controale","Germania","Grani\u021be"],"articleSection":["Lumea larg\u0103"],"inLanguage":"ro-RO","potentialAction":[{"@type":"CommentAction","name":"Comment","target":["https:\/\/covasna45.ro\/index.php\/lumea-larga\/germania-ia-in-calcul-reintroducerea-controalelor-la-granite\/#respond"]}]},{"@type":"WebPage","@id":"https:\/\/covasna45.ro\/index.php\/lumea-larga\/germania-ia-in-calcul-reintroducerea-controalelor-la-granite\/","url":"https:\/\/covasna45.ro\/index.php\/lumea-larga\/germania-ia-in-calcul-reintroducerea-controalelor-la-granite\/","name":"Germania ia \u00een calcul reintroducerea controalelor la grani\u021be - Covasna45","isPartOf":{"@id":"https:\/\/covasna45.ro\/#website"},"primaryImageOfPage":{"@id":"https:\/\/covasna45.ro\/index.php\/lumea-larga\/germania-ia-in-calcul-reintroducerea-controalelor-la-granite\/#primaryimage"},"image":{"@id":"https:\/\/covasna45.ro\/index.php\/lumea-larga\/germania-ia-in-calcul-reintroducerea-controalelor-la-granite\/#primaryimage"},"thumbnailUrl":"https:\/\/covasna45.ro\/wp-content\/uploads\/2023\/05\/frontiera.jpg","datePublished":"2023-05-10T07:07:20+00:00","dateModified":"2023-05-10T07:07:21+00:00","description":"Potrivit poli\u021biei federale, au existat un total de 19.627 de intr\u0103ri ilegale \u00een Germania \u00een primul trimestru al anului 2023.","breadcrumb":{"@id":"https:\/\/covasna45.ro\/index.php\/lumea-larga\/germania-ia-in-calcul-reintroducerea-controalelor-la-granite\/#breadcrumb"},"inLanguage":"ro-RO","potentialAction":[{"@type":"ReadAction","target":["https:\/\/covasna45.ro\/index.php\/lumea-larga\/germania-ia-in-calcul-reintroducerea-controalelor-la-granite\/"]}]},{"@type":"ImageObject","inLanguage":"ro-RO","@id":"https:\/\/covasna45.ro\/index.php\/lumea-larga\/germania-ia-in-calcul-reintroducerea-controalelor-la-granite\/#primaryimage","url":"https:\/\/covasna45.ro\/wp-content\/uploads\/2023\/05\/frontiera.jpg","contentUrl":"https:\/\/covasna45.ro\/wp-content\/uploads\/2023\/05\/frontiera.jpg","width":1188,"height":654},{"@type":"BreadcrumbList","@id":"https:\/\/covasna45.ro\/index.php\/lumea-larga\/germania-ia-in-calcul-reintroducerea-controalelor-la-granite\/#breadcrumb","itemListElement":[{"@type":"ListItem","position":1,"name":"Prima pagin\u0103","item":"https:\/\/covasna45.ro\/"},{"@type":"ListItem","position":2,"name":"Germania ia \u00een calcul reintroducerea controalelor la grani\u021be"}]},{"@type":"WebSite","@id":"https:\/\/covasna45.ro\/#website","url":"https:\/\/covasna45.ro\/","name":"covasna45.ro","description":"","publisher":{"@id":"https:\/\/covasna45.ro\/#organization"},"potentialAction":[{"@type":"SearchAction","target":{"@type":"EntryPoint","urlTemplate":"https:\/\/covasna45.ro\/?s={search_term_string}"},"query-input":{"@type":"PropertyValueSpecification","valueRequired":true,"valueName":"search_term_string"}}],"inLanguage":"ro-RO"},{"@type":"Organization","@id":"https:\/\/covasna45.ro\/#organization","name":"covasna45.ro","url":"https:\/\/covasna45.ro\/","logo":{"@type":"ImageObject","inLanguage":"ro-RO","@id":"https:\/\/covasna45.ro\/#\/schema\/logo\/image\/","url":"https:\/\/covasna45.ro\/wp-content\/uploads\/2023\/01\/icon_logo.png","contentUrl":"https:\/\/covasna45.ro\/wp-content\/uploads\/2023\/01\/icon_logo.png","width":1900,"height":1900,"caption":"covasna45.ro"},"image":{"@id":"https:\/\/covasna45.ro\/#\/schema\/logo\/image\/"}},{"@type":"Person","@id":"https:\/\/covasna45.ro\/#\/schema\/person\/e674052bd7d95d70bbb007a1060ab73c","name":"Covasna45","image":{"@type":"ImageObject","inLanguage":"ro-RO","@id":"https:\/\/covasna45.ro\/wp-content\/uploads\/2025\/10\/icon_logo_covasna45-150x150.png","url":"https:\/\/covasna45.ro\/wp-content\/uploads\/2025\/10\/icon_logo_covasna45-150x150.png","contentUrl":"https:\/\/covasna45.ro\/wp-content\/uploads\/2025\/10\/icon_logo_covasna45-150x150.png","caption":"Covasna45"},"sameAs":["https:\/\/covasna45.ro"],"url":"https:\/\/covasna45.ro\/index.php\/author\/covasna\/"}]}},"_links":{"self":[{"href":"https:\/\/covasna45.ro\/index.php\/wp-json\/wp\/v2\/posts\/1645","targetHints":{"allow":["GET"]}}],"collection":[{"href":"https:\/\/covasna45.ro\/index.php\/wp-json\/wp\/v2\/posts"}],"about":[{"href":"https:\/\/covasna45.ro\/index.php\/wp-json\/wp\/v2\/types\/post"}],"author":[{"embeddable":true,"href":"https:\/\/covasna45.ro\/index.php\/wp-json\/wp\/v2\/users\/1"}],"replies":[{"embeddable":true,"href":"https:\/\/covasna45.ro\/index.php\/wp-json\/wp\/v2\/comments?post=1645"}],"version-history":[{"count":1,"href":"https:\/\/covasna45.ro\/index.php\/wp-json\/wp\/v2\/posts\/1645\/revisions"}],"predecessor-version":[{"id":1647,"href":"https:\/\/covasna45.ro\/index.php\/wp-json\/wp\/v2\/posts\/1645\/revisions\/1647"}],"wp:featuredmedia":[{"embeddable":true,"href":"https:\/\/covasna45.ro\/index.php\/wp-json\/wp\/v2\/media\/1646"}],"wp:attachment":[{"href":"https:\/\/covasna45.ro\/index.php\/wp-json\/wp\/v2\/media?parent=1645"}],"wp:term":[{"taxonomy":"category","embeddable":true,"href":"https:\/\/covasna45.ro\/index.php\/wp-json\/wp\/v2\/categories?post=1645"},{"taxonomy":"post_tag","embeddable":true,"href":"https:\/\/covasna45.ro\/index.php\/wp-json\/wp\/v2\/tags?post=1645"}],"curies":[{"name":"wp","href":"https:\/\/api.w.org\/{rel}","templated":true}]}}