{"id":1648,"date":"2023-05-10T09:20:06","date_gmt":"2023-05-10T07:20:06","guid":{"rendered":"https:\/\/covasna45.ro\/?p=1648"},"modified":"2023-05-10T09:20:06","modified_gmt":"2023-05-10T07:20:06","slug":"proiect-legislativ-pentru-dezincriminarea-posesiei-de-canabis-pentru-consum-propriu","status":"publish","type":"post","link":"https:\/\/covasna45.ro\/index.php\/lumea-noastra\/proiect-legislativ-pentru-dezincriminarea-posesiei-de-canabis-pentru-consum-propriu\/","title":{"rendered":"Proiect legislativ pentru dezincriminarea posesiei de canabis pentru consum propriu"},"content":{"rendered":"\n<p id=\"m_-2576754562352588409gmail-1\">Mai mul\u0163i deputa\u0163i au depus o ini\u0163iativ\u0103 legislativ\u0103 de dezincriminare a posesiei de canabis pentru consum propriu, \u00een limita a 3 grame.&nbsp;<\/p>\n\n\n\n<p id=\"m_-2576754562352588409gmail-2\">Propunerea legislativ\u0103 prevede \u00eenl\u0103turarea sanc\u0163iunilor penale (\u00eenchisoare, amend\u0103 penal\u0103) \u015fi \u00eenlocuirea acestora cu sanc\u0163iune contraven\u0163ional\u0103 \u00een cuantum cuprins \u00eentre 1.000 \u015fi 3.000 de lei pentru posesia de cantit\u0103\u0163i mici de canabis \u00een vederea consumului personal. <\/p>\n\n\n\n<h2 class=\"wp-block-heading\" id=\"m_-2576754562352588409gmail-2\">Aceast\u0103 ini\u0163iativ\u0103 este prima de acest fel din istoria Rom\u00e2niei.<\/h2>\n\n\n\n<p id=\"m_-2576754562352588409gmail-2\">Ea urm\u0103re\u015fte alinierea legisla\u0163iei antidrog rom\u00e2ne\u015fti cu cea a partenerilor interna\u0163ionali precum Italia, Spania, Belgia, Luxemburg, Malta, Austria, Cehia, Slovenia, Canada sau Thailanda. \u021aine cont de recomand\u0103rile Comisiei Globale pentru Politica Drogurilor (GCDP) \u015fi cu direc\u0163iile sus\u0163inute de exper\u0163ii Organiza\u0163iei Na\u0163iunilor Unite (ONU) \u015fi cei ai Consor\u0163iului Interna\u0163ional pentru Politicile Publice \u00een Domeniul Drogurilor (IDPC), precizeaz\u0103 ini\u0163iatorii.<\/p>\n\n\n\n<p id=\"m_-2576754562352588409gmail-6\">\u00a0De asemenea, deputa\u0163ii propun ca sumele provenite din aplicarea amenzilor s\u0103 fie folosite pentru finan\u0163area programelor na\u0163ionale de prevenire \u015fi asisten\u0163\u0103 medical\u0103, psihologic\u0103 \u015fi social\u0103 a consumatorilor de droguri.<\/p>\n\n\n\n<h2 class=\"wp-block-heading\">Apare prescrip\u021bia medical\u0103.<\/h2>\n\n\n\n<p id=\"m_-2576754562352588409gmail-7\"><strong><em>\u201eAcesta este primul pas \u015fi pentru reglementarea legal\u0103 a posesiei de canabis medicinal justificat\u0103 de prescrip\u0163ie medical\u0103. Canabisul medicinal a fost blocat \u00een mod injust din a putea fi produs, v\u00e2ndut ori prescris, \u00een principal din cauza modelului ultra-prohibi\u0163ionist adoptat de Rom\u00e2nia \u00eempotriva acestei plante. Renun\u0163area la pedepsele penale (iar ulterior pentru canabisul medicinal, \u015fi la cele contraven\u0163ionale) este o necesitate pentru viitorii pacien\u0163i care pot beneficia de propriet\u0103\u0163ile medicinale ale plantei\u201d,<\/em><\/strong> consider\u0103 ini\u0163iatorii, potrivit unui comunicat de pres\u0103.<\/p>\n\n\n\n<p id=\"m_-2576754562352588409gmail-7\">Potrivit ini\u0163iatorilor, este demonstrat faptul c\u0103 pedepsele penale pentru persoanele care posed\u0103 canabis pentru consum personal nu previn \u015fi nu descurajeaz\u0103 consumul de droguri. \u00cen schimb, astfel de pedepse determin\u0103 apari\u0163ia \u015fi consumul de etnobotanice, \u00eengreuneaz\u0103 accesul la informa\u0163ii \u015fi tratament, p\u0103teaz\u0103 cazierul celor identifica\u0163i \u015fi \u00eengreuneaz\u0103 activitatea parchetelor.<\/p>\n","protected":false},"excerpt":{"rendered":"<p>Mai mul\u0163i deputa\u0163i au depus o ini\u0163iativ\u0103 legislativ\u0103 de dezincriminare a posesiei de canabis pentru consum propriu, \u00een limita a 3 grame.&nbsp; Propunerea legislativ\u0103 prevede \u00eenl\u0103turarea sanc\u0163iunilor penale (\u00eenchisoare, amend\u0103 penal\u0103) \u015fi \u00eenlocuirea acestora cu sanc\u0163iune contraven\u0163ional\u0103 \u00een cuantum cuprins \u00eentre 1.000 \u015fi 3.000 de lei pentru posesia de cantit\u0103\u0163i mici de canabis \u00een vederea [&hellip;]<\/p>\n","protected":false},"author":1,"featured_media":1649,"comment_status":"open","ping_status":"closed","sticky":false,"template":"","format":"standard","meta":{"tdm_status":"","tdm_grid_status":"","footnotes":""},"categories":[14],"tags":[572,573,574,449],"class_list":{"0":"post-1648","1":"post","2":"type-post","3":"status-publish","4":"format-standard","5":"has-post-thumbnail","7":"category-lumea-noastra","8":"tag-canabis","9":"tag-consum","10":"tag-proiect","11":"tag-reglementare"},"yoast_head":"<!-- This site is optimized with the Yoast SEO plugin v27.5 - https:\/\/yoast.com\/product\/yoast-seo-wordpress\/ -->\n<title>Proiect legislativ pentru dezincriminarea posesiei de canabis pentru consum propriu - Covasna45<\/title>\n<meta name=\"description\" content=\"Acesta este primul pas \u015fi pentru reglementarea legal\u0103 a posesiei de canabis medicinal justificat\u0103 de prescrip\u0163ie medical\u0103.\" \/>\n<meta name=\"robots\" content=\"index, follow, max-snippet:-1, max-image-preview:large, max-video-preview:-1\" \/>\n<link rel=\"canonical\" href=\"https:\/\/covasna45.ro\/index.php\/lumea-noastra\/proiect-legislativ-pentru-dezincriminarea-posesiei-de-canabis-pentru-consum-propriu\/\" \/>\n<meta property=\"og:locale\" content=\"ro_RO\" \/>\n<meta property=\"og:type\" content=\"article\" \/>\n<meta property=\"og:title\" content=\"Proiect legislativ pentru dezincriminarea posesiei de canabis pentru consum propriu - Covasna45\" \/>\n<meta property=\"og:description\" content=\"Acesta este primul pas \u015fi pentru reglementarea legal\u0103 a posesiei de canabis medicinal justificat\u0103 de prescrip\u0163ie medical\u0103.\" \/>\n<meta property=\"og:url\" content=\"https:\/\/covasna45.ro\/index.php\/lumea-noastra\/proiect-legislativ-pentru-dezincriminarea-posesiei-de-canabis-pentru-consum-propriu\/\" \/>\n<meta property=\"og:site_name\" content=\"Covasna45\" \/>\n<meta property=\"article:published_time\" content=\"2023-05-10T07:20:06+00:00\" \/>\n<meta property=\"og:image\" content=\"https:\/\/covasna45.ro\/wp-content\/uploads\/2023\/05\/canabis.jpg\" \/>\n\t<meta property=\"og:image:width\" content=\"900\" \/>\n\t<meta property=\"og:image:height\" content=\"630\" \/>\n\t<meta property=\"og:image:type\" content=\"image\/jpeg\" \/>\n<meta name=\"author\" content=\"Covasna45\" \/>\n<meta name=\"twitter:card\" content=\"summary_large_image\" \/>\n<meta name=\"twitter:label1\" content=\"Scris de\" \/>\n\t<meta name=\"twitter:data1\" content=\"Covasna45\" \/>\n\t<meta name=\"twitter:label2\" content=\"Timp estimat pentru citire\" \/>\n\t<meta name=\"twitter:data2\" content=\"2 minute\" \/>\n<script type=\"application\/ld+json\" class=\"yoast-schema-graph\">{\"@context\":\"https:\\\/\\\/schema.org\",\"@graph\":[{\"@type\":\"Article\",\"@id\":\"https:\\\/\\\/covasna45.ro\\\/index.php\\\/lumea-noastra\\\/proiect-legislativ-pentru-dezincriminarea-posesiei-de-canabis-pentru-consum-propriu\\\/#article\",\"isPartOf\":{\"@id\":\"https:\\\/\\\/covasna45.ro\\\/index.php\\\/lumea-noastra\\\/proiect-legislativ-pentru-dezincriminarea-posesiei-de-canabis-pentru-consum-propriu\\\/\"},\"author\":{\"name\":\"Covasna45\",\"@id\":\"https:\\\/\\\/covasna45.ro\\\/#\\\/schema\\\/person\\\/e674052bd7d95d70bbb007a1060ab73c\"},\"headline\":\"Proiect legislativ pentru dezincriminarea posesiei de canabis pentru consum propriu\",\"datePublished\":\"2023-05-10T07:20:06+00:00\",\"mainEntityOfPage\":{\"@id\":\"https:\\\/\\\/covasna45.ro\\\/index.php\\\/lumea-noastra\\\/proiect-legislativ-pentru-dezincriminarea-posesiei-de-canabis-pentru-consum-propriu\\\/\"},\"wordCount\":335,\"commentCount\":2,\"publisher\":{\"@id\":\"https:\\\/\\\/covasna45.ro\\\/#organization\"},\"image\":{\"@id\":\"https:\\\/\\\/covasna45.ro\\\/index.php\\\/lumea-noastra\\\/proiect-legislativ-pentru-dezincriminarea-posesiei-de-canabis-pentru-consum-propriu\\\/#primaryimage\"},\"thumbnailUrl\":\"https:\\\/\\\/covasna45.ro\\\/wp-content\\\/uploads\\\/2023\\\/05\\\/canabis.jpg\",\"keywords\":[\"Canabis\",\"Consum\",\"Proiect\",\"Reglementare\"],\"articleSection\":[\"Lumea noastr\u0103\"],\"inLanguage\":\"ro-RO\",\"potentialAction\":[{\"@type\":\"CommentAction\",\"name\":\"Comment\",\"target\":[\"https:\\\/\\\/covasna45.ro\\\/index.php\\\/lumea-noastra\\\/proiect-legislativ-pentru-dezincriminarea-posesiei-de-canabis-pentru-consum-propriu\\\/#respond\"]}]},{\"@type\":\"WebPage\",\"@id\":\"https:\\\/\\\/covasna45.ro\\\/index.php\\\/lumea-noastra\\\/proiect-legislativ-pentru-dezincriminarea-posesiei-de-canabis-pentru-consum-propriu\\\/\",\"url\":\"https:\\\/\\\/covasna45.ro\\\/index.php\\\/lumea-noastra\\\/proiect-legislativ-pentru-dezincriminarea-posesiei-de-canabis-pentru-consum-propriu\\\/\",\"name\":\"Proiect legislativ pentru dezincriminarea posesiei de canabis pentru consum propriu - Covasna45\",\"isPartOf\":{\"@id\":\"https:\\\/\\\/covasna45.ro\\\/#website\"},\"primaryImageOfPage\":{\"@id\":\"https:\\\/\\\/covasna45.ro\\\/index.php\\\/lumea-noastra\\\/proiect-legislativ-pentru-dezincriminarea-posesiei-de-canabis-pentru-consum-propriu\\\/#primaryimage\"},\"image\":{\"@id\":\"https:\\\/\\\/covasna45.ro\\\/index.php\\\/lumea-noastra\\\/proiect-legislativ-pentru-dezincriminarea-posesiei-de-canabis-pentru-consum-propriu\\\/#primaryimage\"},\"thumbnailUrl\":\"https:\\\/\\\/covasna45.ro\\\/wp-content\\\/uploads\\\/2023\\\/05\\\/canabis.jpg\",\"datePublished\":\"2023-05-10T07:20:06+00:00\",\"description\":\"Acesta este primul pas \u015fi pentru reglementarea legal\u0103 a posesiei de canabis medicinal justificat\u0103 de prescrip\u0163ie medical\u0103.\",\"breadcrumb\":{\"@id\":\"https:\\\/\\\/covasna45.ro\\\/index.php\\\/lumea-noastra\\\/proiect-legislativ-pentru-dezincriminarea-posesiei-de-canabis-pentru-consum-propriu\\\/#breadcrumb\"},\"inLanguage\":\"ro-RO\",\"potentialAction\":[{\"@type\":\"ReadAction\",\"target\":[\"https:\\\/\\\/covasna45.ro\\\/index.php\\\/lumea-noastra\\\/proiect-legislativ-pentru-dezincriminarea-posesiei-de-canabis-pentru-consum-propriu\\\/\"]}]},{\"@type\":\"ImageObject\",\"inLanguage\":\"ro-RO\",\"@id\":\"https:\\\/\\\/covasna45.ro\\\/index.php\\\/lumea-noastra\\\/proiect-legislativ-pentru-dezincriminarea-posesiei-de-canabis-pentru-consum-propriu\\\/#primaryimage\",\"url\":\"https:\\\/\\\/covasna45.ro\\\/wp-content\\\/uploads\\\/2023\\\/05\\\/canabis.jpg\",\"contentUrl\":\"https:\\\/\\\/covasna45.ro\\\/wp-content\\\/uploads\\\/2023\\\/05\\\/canabis.jpg\",\"width\":900,\"height\":630},{\"@type\":\"BreadcrumbList\",\"@id\":\"https:\\\/\\\/covasna45.ro\\\/index.php\\\/lumea-noastra\\\/proiect-legislativ-pentru-dezincriminarea-posesiei-de-canabis-pentru-consum-propriu\\\/#breadcrumb\",\"itemListElement\":[{\"@type\":\"ListItem\",\"position\":1,\"name\":\"Prima pagin\u0103\",\"item\":\"https:\\\/\\\/covasna45.ro\\\/\"},{\"@type\":\"ListItem\",\"position\":2,\"name\":\"Proiect legislativ pentru dezincriminarea posesiei de canabis pentru consum propriu\"}]},{\"@type\":\"WebSite\",\"@id\":\"https:\\\/\\\/covasna45.ro\\\/#website\",\"url\":\"https:\\\/\\\/covasna45.ro\\\/\",\"name\":\"covasna45.ro\",\"description\":\"\",\"publisher\":{\"@id\":\"https:\\\/\\\/covasna45.ro\\\/#organization\"},\"potentialAction\":[{\"@type\":\"SearchAction\",\"target\":{\"@type\":\"EntryPoint\",\"urlTemplate\":\"https:\\\/\\\/covasna45.ro\\\/?s={search_term_string}\"},\"query-input\":{\"@type\":\"PropertyValueSpecification\",\"valueRequired\":true,\"valueName\":\"search_term_string\"}}],\"inLanguage\":\"ro-RO\"},{\"@type\":\"Organization\",\"@id\":\"https:\\\/\\\/covasna45.ro\\\/#organization\",\"name\":\"covasna45.ro\",\"url\":\"https:\\\/\\\/covasna45.ro\\\/\",\"logo\":{\"@type\":\"ImageObject\",\"inLanguage\":\"ro-RO\",\"@id\":\"https:\\\/\\\/covasna45.ro\\\/#\\\/schema\\\/logo\\\/image\\\/\",\"url\":\"https:\\\/\\\/covasna45.ro\\\/wp-content\\\/uploads\\\/2023\\\/01\\\/icon_logo.png\",\"contentUrl\":\"https:\\\/\\\/covasna45.ro\\\/wp-content\\\/uploads\\\/2023\\\/01\\\/icon_logo.png\",\"width\":1900,\"height\":1900,\"caption\":\"covasna45.ro\"},\"image\":{\"@id\":\"https:\\\/\\\/covasna45.ro\\\/#\\\/schema\\\/logo\\\/image\\\/\"}},{\"@type\":\"Person\",\"@id\":\"https:\\\/\\\/covasna45.ro\\\/#\\\/schema\\\/person\\\/e674052bd7d95d70bbb007a1060ab73c\",\"name\":\"Covasna45\",\"image\":{\"@type\":\"ImageObject\",\"inLanguage\":\"ro-RO\",\"@id\":\"https:\\\/\\\/covasna45.ro\\\/wp-content\\\/uploads\\\/2025\\\/10\\\/icon_logo_covasna45-150x150.png\",\"url\":\"https:\\\/\\\/covasna45.ro\\\/wp-content\\\/uploads\\\/2025\\\/10\\\/icon_logo_covasna45-150x150.png\",\"contentUrl\":\"https:\\\/\\\/covasna45.ro\\\/wp-content\\\/uploads\\\/2025\\\/10\\\/icon_logo_covasna45-150x150.png\",\"caption\":\"Covasna45\"},\"sameAs\":[\"https:\\\/\\\/covasna45.ro\"],\"url\":\"https:\\\/\\\/covasna45.ro\\\/index.php\\\/author\\\/covasna\\\/\"}]}<\/script>\n<!-- \/ Yoast SEO plugin. -->","yoast_head_json":{"title":"Proiect legislativ pentru dezincriminarea posesiei de canabis pentru consum propriu - Covasna45","description":"Acesta este primul pas \u015fi pentru reglementarea legal\u0103 a posesiei de canabis medicinal justificat\u0103 de prescrip\u0163ie medical\u0103.","robots":{"index":"index","follow":"follow","max-snippet":"max-snippet:-1","max-image-preview":"max-image-preview:large","max-video-preview":"max-video-preview:-1"},"canonical":"https:\/\/covasna45.ro\/index.php\/lumea-noastra\/proiect-legislativ-pentru-dezincriminarea-posesiei-de-canabis-pentru-consum-propriu\/","og_locale":"ro_RO","og_type":"article","og_title":"Proiect legislativ pentru dezincriminarea posesiei de canabis pentru consum propriu - Covasna45","og_description":"Acesta este primul pas \u015fi pentru reglementarea legal\u0103 a posesiei de canabis medicinal justificat\u0103 de prescrip\u0163ie medical\u0103.","og_url":"https:\/\/covasna45.ro\/index.php\/lumea-noastra\/proiect-legislativ-pentru-dezincriminarea-posesiei-de-canabis-pentru-consum-propriu\/","og_site_name":"Covasna45","article_published_time":"2023-05-10T07:20:06+00:00","og_image":[{"width":900,"height":630,"url":"https:\/\/covasna45.ro\/wp-content\/uploads\/2023\/05\/canabis.jpg","type":"image\/jpeg"}],"author":"Covasna45","twitter_card":"summary_large_image","twitter_misc":{"Scris de":"Covasna45","Timp estimat pentru citire":"2 minute"},"schema":{"@context":"https:\/\/schema.org","@graph":[{"@type":"Article","@id":"https:\/\/covasna45.ro\/index.php\/lumea-noastra\/proiect-legislativ-pentru-dezincriminarea-posesiei-de-canabis-pentru-consum-propriu\/#article","isPartOf":{"@id":"https:\/\/covasna45.ro\/index.php\/lumea-noastra\/proiect-legislativ-pentru-dezincriminarea-posesiei-de-canabis-pentru-consum-propriu\/"},"author":{"name":"Covasna45","@id":"https:\/\/covasna45.ro\/#\/schema\/person\/e674052bd7d95d70bbb007a1060ab73c"},"headline":"Proiect legislativ pentru dezincriminarea posesiei de canabis pentru consum propriu","datePublished":"2023-05-10T07:20:06+00:00","mainEntityOfPage":{"@id":"https:\/\/covasna45.ro\/index.php\/lumea-noastra\/proiect-legislativ-pentru-dezincriminarea-posesiei-de-canabis-pentru-consum-propriu\/"},"wordCount":335,"commentCount":2,"publisher":{"@id":"https:\/\/covasna45.ro\/#organization"},"image":{"@id":"https:\/\/covasna45.ro\/index.php\/lumea-noastra\/proiect-legislativ-pentru-dezincriminarea-posesiei-de-canabis-pentru-consum-propriu\/#primaryimage"},"thumbnailUrl":"https:\/\/covasna45.ro\/wp-content\/uploads\/2023\/05\/canabis.jpg","keywords":["Canabis","Consum","Proiect","Reglementare"],"articleSection":["Lumea noastr\u0103"],"inLanguage":"ro-RO","potentialAction":[{"@type":"CommentAction","name":"Comment","target":["https:\/\/covasna45.ro\/index.php\/lumea-noastra\/proiect-legislativ-pentru-dezincriminarea-posesiei-de-canabis-pentru-consum-propriu\/#respond"]}]},{"@type":"WebPage","@id":"https:\/\/covasna45.ro\/index.php\/lumea-noastra\/proiect-legislativ-pentru-dezincriminarea-posesiei-de-canabis-pentru-consum-propriu\/","url":"https:\/\/covasna45.ro\/index.php\/lumea-noastra\/proiect-legislativ-pentru-dezincriminarea-posesiei-de-canabis-pentru-consum-propriu\/","name":"Proiect legislativ pentru dezincriminarea posesiei de canabis pentru consum propriu - Covasna45","isPartOf":{"@id":"https:\/\/covasna45.ro\/#website"},"primaryImageOfPage":{"@id":"https:\/\/covasna45.ro\/index.php\/lumea-noastra\/proiect-legislativ-pentru-dezincriminarea-posesiei-de-canabis-pentru-consum-propriu\/#primaryimage"},"image":{"@id":"https:\/\/covasna45.ro\/index.php\/lumea-noastra\/proiect-legislativ-pentru-dezincriminarea-posesiei-de-canabis-pentru-consum-propriu\/#primaryimage"},"thumbnailUrl":"https:\/\/covasna45.ro\/wp-content\/uploads\/2023\/05\/canabis.jpg","datePublished":"2023-05-10T07:20:06+00:00","description":"Acesta este primul pas \u015fi pentru reglementarea legal\u0103 a posesiei de canabis medicinal justificat\u0103 de prescrip\u0163ie medical\u0103.","breadcrumb":{"@id":"https:\/\/covasna45.ro\/index.php\/lumea-noastra\/proiect-legislativ-pentru-dezincriminarea-posesiei-de-canabis-pentru-consum-propriu\/#breadcrumb"},"inLanguage":"ro-RO","potentialAction":[{"@type":"ReadAction","target":["https:\/\/covasna45.ro\/index.php\/lumea-noastra\/proiect-legislativ-pentru-dezincriminarea-posesiei-de-canabis-pentru-consum-propriu\/"]}]},{"@type":"ImageObject","inLanguage":"ro-RO","@id":"https:\/\/covasna45.ro\/index.php\/lumea-noastra\/proiect-legislativ-pentru-dezincriminarea-posesiei-de-canabis-pentru-consum-propriu\/#primaryimage","url":"https:\/\/covasna45.ro\/wp-content\/uploads\/2023\/05\/canabis.jpg","contentUrl":"https:\/\/covasna45.ro\/wp-content\/uploads\/2023\/05\/canabis.jpg","width":900,"height":630},{"@type":"BreadcrumbList","@id":"https:\/\/covasna45.ro\/index.php\/lumea-noastra\/proiect-legislativ-pentru-dezincriminarea-posesiei-de-canabis-pentru-consum-propriu\/#breadcrumb","itemListElement":[{"@type":"ListItem","position":1,"name":"Prima pagin\u0103","item":"https:\/\/covasna45.ro\/"},{"@type":"ListItem","position":2,"name":"Proiect legislativ pentru dezincriminarea posesiei de canabis pentru consum propriu"}]},{"@type":"WebSite","@id":"https:\/\/covasna45.ro\/#website","url":"https:\/\/covasna45.ro\/","name":"covasna45.ro","description":"","publisher":{"@id":"https:\/\/covasna45.ro\/#organization"},"potentialAction":[{"@type":"SearchAction","target":{"@type":"EntryPoint","urlTemplate":"https:\/\/covasna45.ro\/?s={search_term_string}"},"query-input":{"@type":"PropertyValueSpecification","valueRequired":true,"valueName":"search_term_string"}}],"inLanguage":"ro-RO"},{"@type":"Organization","@id":"https:\/\/covasna45.ro\/#organization","name":"covasna45.ro","url":"https:\/\/covasna45.ro\/","logo":{"@type":"ImageObject","inLanguage":"ro-RO","@id":"https:\/\/covasna45.ro\/#\/schema\/logo\/image\/","url":"https:\/\/covasna45.ro\/wp-content\/uploads\/2023\/01\/icon_logo.png","contentUrl":"https:\/\/covasna45.ro\/wp-content\/uploads\/2023\/01\/icon_logo.png","width":1900,"height":1900,"caption":"covasna45.ro"},"image":{"@id":"https:\/\/covasna45.ro\/#\/schema\/logo\/image\/"}},{"@type":"Person","@id":"https:\/\/covasna45.ro\/#\/schema\/person\/e674052bd7d95d70bbb007a1060ab73c","name":"Covasna45","image":{"@type":"ImageObject","inLanguage":"ro-RO","@id":"https:\/\/covasna45.ro\/wp-content\/uploads\/2025\/10\/icon_logo_covasna45-150x150.png","url":"https:\/\/covasna45.ro\/wp-content\/uploads\/2025\/10\/icon_logo_covasna45-150x150.png","contentUrl":"https:\/\/covasna45.ro\/wp-content\/uploads\/2025\/10\/icon_logo_covasna45-150x150.png","caption":"Covasna45"},"sameAs":["https:\/\/covasna45.ro"],"url":"https:\/\/covasna45.ro\/index.php\/author\/covasna\/"}]}},"_links":{"self":[{"href":"https:\/\/covasna45.ro\/index.php\/wp-json\/wp\/v2\/posts\/1648","targetHints":{"allow":["GET"]}}],"collection":[{"href":"https:\/\/covasna45.ro\/index.php\/wp-json\/wp\/v2\/posts"}],"about":[{"href":"https:\/\/covasna45.ro\/index.php\/wp-json\/wp\/v2\/types\/post"}],"author":[{"embeddable":true,"href":"https:\/\/covasna45.ro\/index.php\/wp-json\/wp\/v2\/users\/1"}],"replies":[{"embeddable":true,"href":"https:\/\/covasna45.ro\/index.php\/wp-json\/wp\/v2\/comments?post=1648"}],"version-history":[{"count":1,"href":"https:\/\/covasna45.ro\/index.php\/wp-json\/wp\/v2\/posts\/1648\/revisions"}],"predecessor-version":[{"id":1650,"href":"https:\/\/covasna45.ro\/index.php\/wp-json\/wp\/v2\/posts\/1648\/revisions\/1650"}],"wp:featuredmedia":[{"embeddable":true,"href":"https:\/\/covasna45.ro\/index.php\/wp-json\/wp\/v2\/media\/1649"}],"wp:attachment":[{"href":"https:\/\/covasna45.ro\/index.php\/wp-json\/wp\/v2\/media?parent=1648"}],"wp:term":[{"taxonomy":"category","embeddable":true,"href":"https:\/\/covasna45.ro\/index.php\/wp-json\/wp\/v2\/categories?post=1648"},{"taxonomy":"post_tag","embeddable":true,"href":"https:\/\/covasna45.ro\/index.php\/wp-json\/wp\/v2\/tags?post=1648"}],"curies":[{"name":"wp","href":"https:\/\/api.w.org\/{rel}","templated":true}]}}