{"id":18232,"date":"2026-08-31T06:45:11","date_gmt":"2026-08-31T04:45:11","guid":{"rendered":"https:\/\/covasna45.ro\/?p=18232"},"modified":"2026-08-31T07:13:53","modified_gmt":"2026-08-31T05:13:53","slug":"islandezii-au-spus-nu-aderarii-la-ue","status":"publish","type":"post","link":"https:\/\/covasna45.ro\/index.php\/lumea-larga\/islandezii-au-spus-nu-aderarii-la-ue\/","title":{"rendered":"Islandezii au spus \u201enu\u201d ader\u0103rii la UE"},"content":{"rendered":"\n<p class=\"wp-block-paragraph\">Islanda are aproximativ 394.000 de locuitori \u0219i o suprafa\u021b\u0103 de peste 100.000 de kilometri p\u0103tra\u021bi. Este una dintre \u021b\u0103rile cu cea mai redus\u0103 densitate a popula\u021biei din Europa.<\/p>\n\n\n\n<p class=\"wp-block-paragraph\">Dimensiunea demografic\u0103 spune \u00eens\u0103 pu\u021bin despre importan\u021ba sa. Pozi\u021bia \u00een Atlanticul de Nord \u00eei confer\u0103 o valoare strategic\u0103 evident\u0103. Islanda este membr\u0103 NATO din 1949. Nu este membr\u0103 a Uniunii Europene, dar face parte din Spa\u021biul Economic European. Are astfel acces la pia\u021ba unic\u0103 \u0219i aplic\u0103 o parte important\u0103 a legisla\u021biei europene. Este \u0219i membr\u0103 Schengen.<\/p>\n\n\n\n<p class=\"wp-block-paragraph\">Islandezii sunt, a\u0219adar, \u00een Europa economic\u0103 \u0219i \u00een Europa frontierelor deschise. Dar nu \u0219i \u00een Uniunea European\u0103.<\/p>\n\n\n\n<h3 class=\"wp-block-heading\">52,8% au spus \u201enu\u201d<\/h3>\n\n\n\n<p class=\"wp-block-paragraph\">S\u00e2mb\u0103t\u0103, 29 august, aleg\u0103torii au fost chema\u021bi s\u0103 r\u0103spund\u0103 unei \u00eentreb\u0103ri precise. Nu dac\u0103 Islanda trebuie s\u0103 adere la UE, ci dac\u0103 \u021bara trebuie s\u0103 reia negocierile de aderare. 52,8% au votat \u00eempotriv\u0103. 47,2% au votat pentru. Prezen\u021ba a fost de aproximativ 82,5%.<\/p>\n\n\n\n<p class=\"wp-block-paragraph\">Islanda depusese cererea de aderare \u00een 2009, dup\u0103 criza financiar\u0103. Negocierile au \u00eenceput \u00een 2010 \u0219i au fost suspendate trei ani mai t\u00e2rziu. Rezultatul de acum \u00eenchide din nou aceast\u0103 u\u0219\u0103.<\/p>\n\n\n\n<h3 class=\"wp-block-heading\">Bruxelles-ul nu dramatizeaz\u0103<\/h3>\n\n\n\n<p class=\"wp-block-paragraph\">Reac\u021bia Uniunii Europene a fost prudent\u0103. Comisia European\u0103 a transmis c\u0103 respect\u0103 decizia aleg\u0103torilor \u0219i a descris Islanda drept un \u201epartener apropiat\u201d. Pre\u0219edintele Consiliului European, Ant\u00f3nio Costa, a discutat cu premierul Kristr\u00fan Frostad\u00f3ttir despre continuarea cooper\u0103rii.<\/p>\n\n\n\n<p class=\"wp-block-paragraph\">Potrivit <a href=\"https:\/\/www.euronews.com\/my-europe\/2026\/08\/30\/a-close-partner-eu-offers-muted-reaction-after-iceland-rebuffs-accession-talks?utm_source=newsletter&amp;utm_campaign=today_newsletter&amp;utm_medium=referral&amp;insEmail=1&amp;insNltCmpId=209&amp;insNltSldt=10080&amp;insPnName=euronewsfr&amp;ins_iid=YTM1MjZjYWQtM2ZhZi00YzFiLWEzZTYtOTQ3NTBlOTViNGE1&amp;isIns=1&amp;isInsNltCmp=1&amp;utm_campaign=today_newsletter&amp;utm_medium=referral&amp;utm_source=newsletter\">Euronews<\/a>, pentru UE rezultatul nu este \u00eens\u0103 lipsit de semnifica\u021bie. Islanda ar fi fost unul dintre candida\u021bii cel mai u\u0219or de integrat. O bun\u0103 parte din regulile pie\u021bei europene sunt deja aplicate acolo.<\/p>\n\n\n\n<h3 class=\"wp-block-heading\">Exist\u0103 domenii \u00een care islandezii vor s\u0103 decid\u0103 singuri. Cel mai important este pescuitul.<\/h3>\n\n\n\n<p class=\"wp-block-paragraph\">Prin actuala rela\u021bie cu UE, Islanda particip\u0103 la pia\u021ba unic\u0103, dar r\u0103m\u00e2ne \u00een afara Politicii Comune \u00een domeniul Pescuitului \u0219i a Politicii Agricole Comune. Controlul asupra resurselor piscicole este o chestiune economic\u0103, dar \u0219i una de suveranitate.<\/p>\n\n\n\n<p class=\"wp-block-paragraph\">Comisia European\u0103 sugerase c\u0103 ar putea exista solu\u021bii \u201ecreative\u201d pentru aceste probleme. Majoritatea islandezilor a considerat c\u0103 nu merit\u0103 deschis\u0103 negocierea.<\/p>\n\n\n\n<p class=\"wp-block-paragraph\"><em>Foto: Andrew Smales \/ Wikimedia Commons \/ CC0. Reykjav\u00edk, capitala Islandei. <\/em><\/p>\n","protected":false},"excerpt":{"rendered":"<p>Islanda are aproximativ 394.000 de locuitori \u0219i o suprafa\u021b\u0103 de peste 100.000 de kilometri p\u0103tra\u021bi. Este una dintre \u021b\u0103rile cu cea mai redus\u0103 densitate a popula\u021biei din Europa. Dimensiunea demografic\u0103 spune \u00eens\u0103 pu\u021bin despre importan\u021ba sa. Pozi\u021bia \u00een Atlanticul de Nord \u00eei confer\u0103 o valoare strategic\u0103 evident\u0103. Islanda este membr\u0103 NATO din 1949. Nu este [&hellip;]<\/p>\n","protected":false},"author":1,"featured_media":18233,"comment_status":"open","ping_status":"closed","sticky":false,"template":"","format":"standard","meta":{"tdm_status":"","tdm_grid_status":"","footnotes":""},"categories":[10],"tags":[2225,5033,47,3226],"class_list":["post-18232","post","type-post","status-publish","format-standard","has-post-thumbnail","category-lumea-larga","tag-islanda","tag-nu","tag-ue","tag-vot"],"yoast_head":"<!-- This site is optimized with the Yoast SEO plugin v28.3 - https:\/\/yoast.com\/product\/yoast-seo-wordpress\/ -->\n<title>Islandezii au spus \u201enu\u201d ader\u0103rii la UE - Covasna45<\/title>\n<meta name=\"description\" content=\"Islandezii sunt, a\u0219adar, \u00een Europa economic\u0103 \u0219i \u00een Europa frontierelor deschise. Dar nu \u0219i \u00een Uniunea European\u0103.\" \/>\n<meta name=\"robots\" content=\"index, follow, max-snippet:-1, max-image-preview:large, max-video-preview:-1\" \/>\n<link rel=\"canonical\" href=\"https:\/\/covasna45.ro\/index.php\/lumea-larga\/islandezii-au-spus-nu-aderarii-la-ue\/\" \/>\n<meta property=\"og:locale\" content=\"ro_RO\" \/>\n<meta property=\"og:type\" content=\"article\" \/>\n<meta property=\"og:title\" content=\"Islandezii au spus \u201enu\u201d ader\u0103rii la UE - Covasna45\" \/>\n<meta property=\"og:description\" content=\"Islandezii sunt, a\u0219adar, \u00een Europa economic\u0103 \u0219i \u00een Europa frontierelor deschise. Dar nu \u0219i \u00een Uniunea European\u0103.\" \/>\n<meta property=\"og:url\" content=\"https:\/\/covasna45.ro\/index.php\/lumea-larga\/islandezii-au-spus-nu-aderarii-la-ue\/\" \/>\n<meta property=\"og:site_name\" content=\"Covasna45\" \/>\n<meta property=\"article:published_time\" content=\"2026-08-31T04:45:11+00:00\" \/>\n<meta property=\"article:modified_time\" content=\"2026-08-31T05:13:53+00:00\" \/>\n<meta property=\"og:image\" content=\"https:\/\/covasna45.ro\/wp-content\/uploads\/2026\/08\/1280px-Reykjavik_Iceland_aerial_cityscape_Unsplash.jpg\" \/>\n\t<meta property=\"og:image:width\" content=\"1280\" \/>\n\t<meta property=\"og:image:height\" content=\"961\" \/>\n\t<meta property=\"og:image:type\" content=\"image\/jpeg\" \/>\n<meta name=\"author\" content=\"Covasna45\" \/>\n<meta name=\"twitter:card\" content=\"summary_large_image\" \/>\n<meta name=\"twitter:label1\" content=\"Scris de\" \/>\n\t<meta name=\"twitter:data1\" content=\"Covasna45\" \/>\n\t<meta name=\"twitter:label2\" content=\"Timp estimat pentru citire\" \/>\n\t<meta name=\"twitter:data2\" content=\"3 minute\" \/>\n<script type=\"application\/ld+json\" class=\"yoast-schema-graph\">{\"@context\":\"https:\\\/\\\/schema.org\",\"@graph\":[{\"@type\":\"Article\",\"@id\":\"https:\\\/\\\/covasna45.ro\\\/index.php\\\/lumea-larga\\\/islandezii-au-spus-nu-aderarii-la-ue\\\/#article\",\"isPartOf\":{\"@id\":\"https:\\\/\\\/covasna45.ro\\\/index.php\\\/lumea-larga\\\/islandezii-au-spus-nu-aderarii-la-ue\\\/\"},\"author\":{\"name\":\"Covasna45\",\"@id\":\"https:\\\/\\\/covasna45.ro\\\/#\\\/schema\\\/person\\\/e674052bd7d95d70bbb007a1060ab73c\"},\"headline\":\"Islandezii au spus \u201enu\u201d ader\u0103rii la UE\",\"datePublished\":\"2026-08-31T04:45:11+00:00\",\"dateModified\":\"2026-08-31T05:13:53+00:00\",\"mainEntityOfPage\":{\"@id\":\"https:\\\/\\\/covasna45.ro\\\/index.php\\\/lumea-larga\\\/islandezii-au-spus-nu-aderarii-la-ue\\\/\"},\"wordCount\":366,\"commentCount\":0,\"publisher\":{\"@id\":\"https:\\\/\\\/covasna45.ro\\\/#organization\"},\"image\":{\"@id\":\"https:\\\/\\\/covasna45.ro\\\/index.php\\\/lumea-larga\\\/islandezii-au-spus-nu-aderarii-la-ue\\\/#primaryimage\"},\"thumbnailUrl\":\"https:\\\/\\\/covasna45.ro\\\/wp-content\\\/uploads\\\/2026\\\/08\\\/1280px-Reykjavik_Iceland_aerial_cityscape_Unsplash.jpg\",\"keywords\":[\"Islanda\",\"Nu\",\"UE\",\"Vot\"],\"articleSection\":[\"Lumea larg\u0103\"],\"inLanguage\":\"ro-RO\",\"potentialAction\":[{\"@type\":\"CommentAction\",\"name\":\"Comment\",\"target\":[\"https:\\\/\\\/covasna45.ro\\\/index.php\\\/lumea-larga\\\/islandezii-au-spus-nu-aderarii-la-ue\\\/#respond\"]}]},{\"@type\":\"WebPage\",\"@id\":\"https:\\\/\\\/covasna45.ro\\\/index.php\\\/lumea-larga\\\/islandezii-au-spus-nu-aderarii-la-ue\\\/\",\"url\":\"https:\\\/\\\/covasna45.ro\\\/index.php\\\/lumea-larga\\\/islandezii-au-spus-nu-aderarii-la-ue\\\/\",\"name\":\"Islandezii au spus \u201enu\u201d ader\u0103rii la UE - Covasna45\",\"isPartOf\":{\"@id\":\"https:\\\/\\\/covasna45.ro\\\/#website\"},\"primaryImageOfPage\":{\"@id\":\"https:\\\/\\\/covasna45.ro\\\/index.php\\\/lumea-larga\\\/islandezii-au-spus-nu-aderarii-la-ue\\\/#primaryimage\"},\"image\":{\"@id\":\"https:\\\/\\\/covasna45.ro\\\/index.php\\\/lumea-larga\\\/islandezii-au-spus-nu-aderarii-la-ue\\\/#primaryimage\"},\"thumbnailUrl\":\"https:\\\/\\\/covasna45.ro\\\/wp-content\\\/uploads\\\/2026\\\/08\\\/1280px-Reykjavik_Iceland_aerial_cityscape_Unsplash.jpg\",\"datePublished\":\"2026-08-31T04:45:11+00:00\",\"dateModified\":\"2026-08-31T05:13:53+00:00\",\"description\":\"Islandezii sunt, a\u0219adar, \u00een Europa economic\u0103 \u0219i \u00een Europa frontierelor deschise. Dar nu \u0219i \u00een Uniunea European\u0103.\",\"breadcrumb\":{\"@id\":\"https:\\\/\\\/covasna45.ro\\\/index.php\\\/lumea-larga\\\/islandezii-au-spus-nu-aderarii-la-ue\\\/#breadcrumb\"},\"inLanguage\":\"ro-RO\",\"potentialAction\":[{\"@type\":\"ReadAction\",\"target\":[\"https:\\\/\\\/covasna45.ro\\\/index.php\\\/lumea-larga\\\/islandezii-au-spus-nu-aderarii-la-ue\\\/\"]}]},{\"@type\":\"ImageObject\",\"inLanguage\":\"ro-RO\",\"@id\":\"https:\\\/\\\/covasna45.ro\\\/index.php\\\/lumea-larga\\\/islandezii-au-spus-nu-aderarii-la-ue\\\/#primaryimage\",\"url\":\"https:\\\/\\\/covasna45.ro\\\/wp-content\\\/uploads\\\/2026\\\/08\\\/1280px-Reykjavik_Iceland_aerial_cityscape_Unsplash.jpg\",\"contentUrl\":\"https:\\\/\\\/covasna45.ro\\\/wp-content\\\/uploads\\\/2026\\\/08\\\/1280px-Reykjavik_Iceland_aerial_cityscape_Unsplash.jpg\",\"width\":1280,\"height\":961},{\"@type\":\"BreadcrumbList\",\"@id\":\"https:\\\/\\\/covasna45.ro\\\/index.php\\\/lumea-larga\\\/islandezii-au-spus-nu-aderarii-la-ue\\\/#breadcrumb\",\"itemListElement\":[{\"@type\":\"ListItem\",\"position\":1,\"name\":\"Prima pagin\u0103\",\"item\":\"https:\\\/\\\/covasna45.ro\\\/\"},{\"@type\":\"ListItem\",\"position\":2,\"name\":\"Islandezii au spus \u201enu\u201d ader\u0103rii la UE\"}]},{\"@type\":\"WebSite\",\"@id\":\"https:\\\/\\\/covasna45.ro\\\/#website\",\"url\":\"https:\\\/\\\/covasna45.ro\\\/\",\"name\":\"covasna45.ro\",\"description\":\"\",\"publisher\":{\"@id\":\"https:\\\/\\\/covasna45.ro\\\/#organization\"},\"potentialAction\":[{\"@type\":\"SearchAction\",\"target\":{\"@type\":\"EntryPoint\",\"urlTemplate\":\"https:\\\/\\\/covasna45.ro\\\/?s={search_term_string}\"},\"query-input\":{\"@type\":\"PropertyValueSpecification\",\"valueRequired\":true,\"valueName\":\"search_term_string\"}}],\"inLanguage\":\"ro-RO\"},{\"@type\":\"Organization\",\"@id\":\"https:\\\/\\\/covasna45.ro\\\/#organization\",\"name\":\"covasna45.ro\",\"url\":\"https:\\\/\\\/covasna45.ro\\\/\",\"logo\":{\"@type\":\"ImageObject\",\"inLanguage\":\"ro-RO\",\"@id\":\"https:\\\/\\\/covasna45.ro\\\/#\\\/schema\\\/logo\\\/image\\\/\",\"url\":\"https:\\\/\\\/covasna45.ro\\\/wp-content\\\/uploads\\\/2023\\\/01\\\/icon_logo.png\",\"contentUrl\":\"https:\\\/\\\/covasna45.ro\\\/wp-content\\\/uploads\\\/2023\\\/01\\\/icon_logo.png\",\"width\":1900,\"height\":1900,\"caption\":\"covasna45.ro\"},\"image\":{\"@id\":\"https:\\\/\\\/covasna45.ro\\\/#\\\/schema\\\/logo\\\/image\\\/\"}},{\"@type\":\"Person\",\"@id\":\"https:\\\/\\\/covasna45.ro\\\/#\\\/schema\\\/person\\\/e674052bd7d95d70bbb007a1060ab73c\",\"name\":\"Covasna45\",\"image\":{\"@type\":\"ImageObject\",\"inLanguage\":\"ro-RO\",\"@id\":\"https:\\\/\\\/covasna45.ro\\\/wp-content\\\/uploads\\\/2025\\\/10\\\/icon_logo_covasna45-150x150.png\",\"url\":\"https:\\\/\\\/covasna45.ro\\\/wp-content\\\/uploads\\\/2025\\\/10\\\/icon_logo_covasna45-150x150.png\",\"contentUrl\":\"https:\\\/\\\/covasna45.ro\\\/wp-content\\\/uploads\\\/2025\\\/10\\\/icon_logo_covasna45-150x150.png\",\"caption\":\"Covasna45\"},\"sameAs\":[\"https:\\\/\\\/covasna45.ro\"],\"url\":\"https:\\\/\\\/covasna45.ro\\\/index.php\\\/author\\\/covasna\\\/\"}]}<\/script>\n<!-- \/ Yoast SEO plugin. -->","yoast_head_json":{"title":"Islandezii au spus \u201enu\u201d ader\u0103rii la UE - Covasna45","description":"Islandezii sunt, a\u0219adar, \u00een Europa economic\u0103 \u0219i \u00een Europa frontierelor deschise. Dar nu \u0219i \u00een Uniunea European\u0103.","robots":{"index":"index","follow":"follow","max-snippet":"max-snippet:-1","max-image-preview":"max-image-preview:large","max-video-preview":"max-video-preview:-1"},"canonical":"https:\/\/covasna45.ro\/index.php\/lumea-larga\/islandezii-au-spus-nu-aderarii-la-ue\/","og_locale":"ro_RO","og_type":"article","og_title":"Islandezii au spus \u201enu\u201d ader\u0103rii la UE - Covasna45","og_description":"Islandezii sunt, a\u0219adar, \u00een Europa economic\u0103 \u0219i \u00een Europa frontierelor deschise. Dar nu \u0219i \u00een Uniunea European\u0103.","og_url":"https:\/\/covasna45.ro\/index.php\/lumea-larga\/islandezii-au-spus-nu-aderarii-la-ue\/","og_site_name":"Covasna45","article_published_time":"2026-08-31T04:45:11+00:00","article_modified_time":"2026-08-31T05:13:53+00:00","og_image":[{"width":1280,"height":961,"url":"https:\/\/covasna45.ro\/wp-content\/uploads\/2026\/08\/1280px-Reykjavik_Iceland_aerial_cityscape_Unsplash.jpg","type":"image\/jpeg"}],"author":"Covasna45","twitter_card":"summary_large_image","twitter_misc":{"Scris de":"Covasna45","Timp estimat pentru citire":"3 minute"},"schema":{"@context":"https:\/\/schema.org","@graph":[{"@type":"Article","@id":"https:\/\/covasna45.ro\/index.php\/lumea-larga\/islandezii-au-spus-nu-aderarii-la-ue\/#article","isPartOf":{"@id":"https:\/\/covasna45.ro\/index.php\/lumea-larga\/islandezii-au-spus-nu-aderarii-la-ue\/"},"author":{"name":"Covasna45","@id":"https:\/\/covasna45.ro\/#\/schema\/person\/e674052bd7d95d70bbb007a1060ab73c"},"headline":"Islandezii au spus \u201enu\u201d ader\u0103rii la UE","datePublished":"2026-08-31T04:45:11+00:00","dateModified":"2026-08-31T05:13:53+00:00","mainEntityOfPage":{"@id":"https:\/\/covasna45.ro\/index.php\/lumea-larga\/islandezii-au-spus-nu-aderarii-la-ue\/"},"wordCount":366,"commentCount":0,"publisher":{"@id":"https:\/\/covasna45.ro\/#organization"},"image":{"@id":"https:\/\/covasna45.ro\/index.php\/lumea-larga\/islandezii-au-spus-nu-aderarii-la-ue\/#primaryimage"},"thumbnailUrl":"https:\/\/covasna45.ro\/wp-content\/uploads\/2026\/08\/1280px-Reykjavik_Iceland_aerial_cityscape_Unsplash.jpg","keywords":["Islanda","Nu","UE","Vot"],"articleSection":["Lumea larg\u0103"],"inLanguage":"ro-RO","potentialAction":[{"@type":"CommentAction","name":"Comment","target":["https:\/\/covasna45.ro\/index.php\/lumea-larga\/islandezii-au-spus-nu-aderarii-la-ue\/#respond"]}]},{"@type":"WebPage","@id":"https:\/\/covasna45.ro\/index.php\/lumea-larga\/islandezii-au-spus-nu-aderarii-la-ue\/","url":"https:\/\/covasna45.ro\/index.php\/lumea-larga\/islandezii-au-spus-nu-aderarii-la-ue\/","name":"Islandezii au spus \u201enu\u201d ader\u0103rii la UE - Covasna45","isPartOf":{"@id":"https:\/\/covasna45.ro\/#website"},"primaryImageOfPage":{"@id":"https:\/\/covasna45.ro\/index.php\/lumea-larga\/islandezii-au-spus-nu-aderarii-la-ue\/#primaryimage"},"image":{"@id":"https:\/\/covasna45.ro\/index.php\/lumea-larga\/islandezii-au-spus-nu-aderarii-la-ue\/#primaryimage"},"thumbnailUrl":"https:\/\/covasna45.ro\/wp-content\/uploads\/2026\/08\/1280px-Reykjavik_Iceland_aerial_cityscape_Unsplash.jpg","datePublished":"2026-08-31T04:45:11+00:00","dateModified":"2026-08-31T05:13:53+00:00","description":"Islandezii sunt, a\u0219adar, \u00een Europa economic\u0103 \u0219i \u00een Europa frontierelor deschise. Dar nu \u0219i \u00een Uniunea European\u0103.","breadcrumb":{"@id":"https:\/\/covasna45.ro\/index.php\/lumea-larga\/islandezii-au-spus-nu-aderarii-la-ue\/#breadcrumb"},"inLanguage":"ro-RO","potentialAction":[{"@type":"ReadAction","target":["https:\/\/covasna45.ro\/index.php\/lumea-larga\/islandezii-au-spus-nu-aderarii-la-ue\/"]}]},{"@type":"ImageObject","inLanguage":"ro-RO","@id":"https:\/\/covasna45.ro\/index.php\/lumea-larga\/islandezii-au-spus-nu-aderarii-la-ue\/#primaryimage","url":"https:\/\/covasna45.ro\/wp-content\/uploads\/2026\/08\/1280px-Reykjavik_Iceland_aerial_cityscape_Unsplash.jpg","contentUrl":"https:\/\/covasna45.ro\/wp-content\/uploads\/2026\/08\/1280px-Reykjavik_Iceland_aerial_cityscape_Unsplash.jpg","width":1280,"height":961},{"@type":"BreadcrumbList","@id":"https:\/\/covasna45.ro\/index.php\/lumea-larga\/islandezii-au-spus-nu-aderarii-la-ue\/#breadcrumb","itemListElement":[{"@type":"ListItem","position":1,"name":"Prima pagin\u0103","item":"https:\/\/covasna45.ro\/"},{"@type":"ListItem","position":2,"name":"Islandezii au spus \u201enu\u201d ader\u0103rii la UE"}]},{"@type":"WebSite","@id":"https:\/\/covasna45.ro\/#website","url":"https:\/\/covasna45.ro\/","name":"covasna45.ro","description":"","publisher":{"@id":"https:\/\/covasna45.ro\/#organization"},"potentialAction":[{"@type":"SearchAction","target":{"@type":"EntryPoint","urlTemplate":"https:\/\/covasna45.ro\/?s={search_term_string}"},"query-input":{"@type":"PropertyValueSpecification","valueRequired":true,"valueName":"search_term_string"}}],"inLanguage":"ro-RO"},{"@type":"Organization","@id":"https:\/\/covasna45.ro\/#organization","name":"covasna45.ro","url":"https:\/\/covasna45.ro\/","logo":{"@type":"ImageObject","inLanguage":"ro-RO","@id":"https:\/\/covasna45.ro\/#\/schema\/logo\/image\/","url":"https:\/\/covasna45.ro\/wp-content\/uploads\/2023\/01\/icon_logo.png","contentUrl":"https:\/\/covasna45.ro\/wp-content\/uploads\/2023\/01\/icon_logo.png","width":1900,"height":1900,"caption":"covasna45.ro"},"image":{"@id":"https:\/\/covasna45.ro\/#\/schema\/logo\/image\/"}},{"@type":"Person","@id":"https:\/\/covasna45.ro\/#\/schema\/person\/e674052bd7d95d70bbb007a1060ab73c","name":"Covasna45","image":{"@type":"ImageObject","inLanguage":"ro-RO","@id":"https:\/\/covasna45.ro\/wp-content\/uploads\/2025\/10\/icon_logo_covasna45-150x150.png","url":"https:\/\/covasna45.ro\/wp-content\/uploads\/2025\/10\/icon_logo_covasna45-150x150.png","contentUrl":"https:\/\/covasna45.ro\/wp-content\/uploads\/2025\/10\/icon_logo_covasna45-150x150.png","caption":"Covasna45"},"sameAs":["https:\/\/covasna45.ro"],"url":"https:\/\/covasna45.ro\/index.php\/author\/covasna\/"}]}},"amp_enabled":true,"_links":{"self":[{"href":"https:\/\/covasna45.ro\/index.php\/wp-json\/wp\/v2\/posts\/18232","targetHints":{"allow":["GET"]}}],"collection":[{"href":"https:\/\/covasna45.ro\/index.php\/wp-json\/wp\/v2\/posts"}],"about":[{"href":"https:\/\/covasna45.ro\/index.php\/wp-json\/wp\/v2\/types\/post"}],"author":[{"embeddable":true,"href":"https:\/\/covasna45.ro\/index.php\/wp-json\/wp\/v2\/users\/1"}],"replies":[{"embeddable":true,"href":"https:\/\/covasna45.ro\/index.php\/wp-json\/wp\/v2\/comments?post=18232"}],"version-history":[{"count":2,"href":"https:\/\/covasna45.ro\/index.php\/wp-json\/wp\/v2\/posts\/18232\/revisions"}],"predecessor-version":[{"id":18235,"href":"https:\/\/covasna45.ro\/index.php\/wp-json\/wp\/v2\/posts\/18232\/revisions\/18235"}],"wp:featuredmedia":[{"embeddable":true,"href":"https:\/\/covasna45.ro\/index.php\/wp-json\/wp\/v2\/media\/18233"}],"wp:attachment":[{"href":"https:\/\/covasna45.ro\/index.php\/wp-json\/wp\/v2\/media?parent=18232"}],"wp:term":[{"taxonomy":"category","embeddable":true,"href":"https:\/\/covasna45.ro\/index.php\/wp-json\/wp\/v2\/categories?post=18232"},{"taxonomy":"post_tag","embeddable":true,"href":"https:\/\/covasna45.ro\/index.php\/wp-json\/wp\/v2\/tags?post=18232"}],"curies":[{"name":"wp","href":"https:\/\/api.w.org\/{rel}","templated":true}]}}