{"id":18238,"date":"2026-08-31T08:31:09","date_gmt":"2026-08-31T06:31:09","guid":{"rendered":"https:\/\/covasna45.ro\/?p=18238"},"modified":"2026-08-31T08:31:26","modified_gmt":"2026-08-31T06:31:26","slug":"zece-scoli-si-gradinite-din-judetul-covasna-nu-au-autorizatie-sanitara-de-functionare","status":"publish","type":"post","link":"https:\/\/covasna45.ro\/index.php\/lumea-noastra\/zece-scoli-si-gradinite-din-judetul-covasna-nu-au-autorizatie-sanitara-de-functionare\/","title":{"rendered":"Zece \u0219coli \u0219i gr\u0103dini\u021be din jude\u021bul Covasna nu au autoriza\u021bie sanitar\u0103 de func\u021bionare"},"content":{"rendered":"\n<p class=\"wp-block-paragraph\">Noul an \u0219colar \u00eencepe f\u0103r\u0103 autoriza\u021bie sanitar\u0103 de func\u021bionare pentru zece unit\u0103\u021bi de \u00eenv\u0103\u021b\u0103m\u00e2nt din jude\u021bul Covasna. \u00cen paralel, alte \u0219ase unit\u0103\u021bi \u0219i o cre\u0219\u0103 \u00ee\u0219i desf\u0103\u0219oar\u0103 activitatea \u00een condi\u021bii speciale, din cauza unor lucr\u0103ri de reabilitare, modernizare sau repara\u021bii care nu au fost finalizate.<\/p>\n\n\n\n<h2 class=\"wp-block-heading\"><strong>Zece unit\u0103\u021bi f\u0103r\u0103 autoriza\u021bie sanitar\u0103<\/strong><\/h2>\n\n\n\n<p class=\"wp-block-paragraph\">Cele zece unit\u0103\u021bi de \u00eenv\u0103\u021b\u0103m\u00e2nt pentru care nu exist\u0103 autoriza\u021bie sanitar\u0103 de func\u021bionare la \u00eenceputul anului \u0219colar 2026\u20132027 se confrunt\u0103 cu probleme diferite, de la calitatea necorespunz\u0103toare a apei p\u00e2n\u0103 la necesitatea unor lucr\u0103ri de reabilitare sau reorganizarea spa\u021biilor.<\/p>\n\n\n\n<p class=\"wp-block-paragraph\">La <strong>\u0218coala Gimnazial\u0103 \u201eFej\u00e9r \u00c1kos\u201d din Micfal\u0103u<\/strong>, autoriza\u021bia sanitar\u0103 a fost retras\u0103 de Direc\u021bia de S\u0103n\u0103tate Public\u0103 dup\u0103 ce analizele au ar\u0103tat c\u0103 apa din re\u021beaua public\u0103 de alimentare nu este potabil\u0103. Situa\u021bia este neschimbat\u0103 fa\u021b\u0103 de anul \u0219colar anterior. \u00cen aceea\u0219i situa\u021bie se afl\u0103 \u0219i Gr\u0103dini\u021ba cu Program Normal \u201eT\u00f6rpike\u201d din Micfal\u0103u.<\/p>\n\n\n\n<p class=\"wp-block-paragraph\"><strong>\u0218coala Gimnazial\u0103 \u201eGa\u00e1l M\u00f3zes\u201d din Baraolt<\/strong> are patru structuri pentru care exist\u0103 probleme legate de autorizarea sanitar\u0103: Gr\u0103dini\u021ba cu Program Normal \u0219i \u0218coala Primar\u0103 din Miclo\u0219oara, respectiv Gr\u0103dini\u021ba cu Program Normal \u0219i \u0218coala Primar\u0103 din Raco\u0219ul de Sus. La Raco\u0219ul de Sus, autorizarea este \u00een curs, \u00een timp ce la Miclo\u0219oara apa provenit\u0103 din pu\u021b nu este potabil\u0103.<\/p>\n\n\n\n<p class=\"wp-block-paragraph\">La <strong>\u0218coala Gimnazial\u0103 \u201eMihail Sadoveanu\u201d din \u00centorsura Buz\u0103ului<\/strong>, problema vizeaz\u0103 \u0218coala Primar\u0103 Floroaia Mic\u0103. De\u0219i a fost achizi\u021bionat un container sanitar, DSP nu acord\u0103 autoriza\u021bia, deoarece \u00eentreaga cl\u0103dire trebuie reabilitat\u0103.<\/p>\n\n\n\n<p class=\"wp-block-paragraph\">La <strong>\u0218coala Gimnazial\u0103 \u201eKonsza Samu\u201d din B\u0103\u021banii Mari<\/strong>, apa din pu\u021b nu este potabil\u0103, motiv pentru care autoriza\u021bia a fost retras\u0103 de DSP. \u00cen prezent se lucreaz\u0103 la sta\u021bia de epurare a apei. Situa\u021bia \u00eei afecteaz\u0103 \u0219i pe elevii de la \u0218coala Primar\u0103 \u0219i Gr\u0103dini\u021ba cu Program Normal din B\u0103\u021banii Mici.<\/p>\n\n\n\n<p class=\"wp-block-paragraph\"><strong>\u0218coala Gimnazial\u0103 Nr. 1 din Z\u0103bala<\/strong> nu are autoriza\u021bie sanitar\u0103 deoarece apa din pu\u021b nu corespunde normelor DSP.<\/p>\n\n\n\n<p class=\"wp-block-paragraph\">La <strong>\u0218coala Gimnazial\u0103 \u201eMath\u00e9 Janos\u201d din Herculian<\/strong>, apa din re\u021beaua centralizat\u0103 local\u0103 nu este potabil\u0103. Problema vizeaz\u0103 at\u00e2t \u0219coala, c\u00e2t \u0219i Gr\u0103dini\u021ba cu Program Normal din Herculian.<\/p>\n\n\n\n<p class=\"wp-block-paragraph\">La <strong>\u0218coala Gimnazial\u0103 \u201eBartha Karoly\u201d din Boro\u0219neu Mare<\/strong>, problema este legat\u0103 de spa\u021biul \u00een care func\u021bioneaz\u0103 \u0218coala Primar\u0103 \u0219i Gr\u0103dini\u021ba cu Program Normal din Le\u021b 2. Spa\u021biul nu corespunde normativelor \u00een vigoare, iar autorit\u0103\u021bile propun reorganizarea re\u021belei \u0219colare \u00eencep\u00e2nd cu anul \u0219colar 2027\u20132028.<\/p>\n\n\n\n<p class=\"wp-block-paragraph\">\u00cen cazul <strong>\u0218colii Gimnaziale din Dob\u00e2rl\u0103u<\/strong>, autoriza\u021bia este \u00een curs de ob\u021binere at\u00e2t pentru Gr\u0103dini\u021ba cu Program Normal din Dob\u00e2rl\u0103u, c\u00e2t \u0219i pentru structura \u0218coala primar\u0103 \u0219i GPN Lunca M\u0103rcu\u0219ului. Cl\u0103direa din Lunca M\u0103rcu\u0219ului a fost reabilitat\u0103 integral, iar procedura de autorizare este \u00een desf\u0103\u0219urare.<\/p>\n\n\n\n<p class=\"wp-block-paragraph\">La <strong>\u0218coala Gimnazial\u0103 \u201eBorb\u00e1th K\u00e1roly\u201d din V\u00e2rghi\u0219<\/strong>, apa din re\u021beaua public\u0103 nu este potabil\u0103. Consiliul Local nu a identificat \u00eenc\u0103 o solu\u021bie pentru remedierea problemei, iar DSP a retras autoriza\u021bia. Situa\u021bia vizeaz\u0103 at\u00e2t \u0219coala, c\u00e2t \u0219i Gr\u0103dini\u021ba cu Program Normal din V\u00e2rghi\u0219.<\/p>\n\n\n\n<p class=\"wp-block-paragraph\">O situa\u021bie diferit\u0103 este \u00eent\u00e2lnit\u0103 la <strong>\u0218coala Gimnazial\u0103 \u201eK\u00e1lnoky Ludmilla\u201d din Valea Cri\u0219ului<\/strong>. Autoriza\u021bia nu poate fi ob\u021binut\u0103 deoarece cl\u0103direa nou\u0103, construit\u0103 cu destina\u021bia de gr\u0103dini\u021b\u0103, este utilizat\u0103 momentan ca \u0219coal\u0103, \u00een timp ce cl\u0103direa veche nu a fost reabilitat\u0103.<\/p>\n\n\n\n<h2 class=\"wp-block-heading\"><strong>Unit\u0103\u021bi de \u00eenv\u0103\u021b\u0103m\u00e2nt cu activitatea relocat\u0103 din cauza lucr\u0103rilor<\/strong><\/h2>\n\n\n\n<p class=\"wp-block-paragraph\">\u00cen acela\u0219i timp, anul \u0219colar 2026\u20132027 \u00eencepe cu lucr\u0103ri de reabilitare \u0219i modernizare \u00eenc\u0103 nefinalizate la mai multe unit\u0103\u021bi de \u00eenv\u0103\u021b\u0103m\u00e2nt. Potrivit situa\u021biei prezentate de autorit\u0103\u021bi, unele dintre acestea vor continua activitatea \u00een spa\u021bii alternative, p\u00e2n\u0103 la finalizarea lucr\u0103rilor.<\/p>\n\n\n\n<p class=\"wp-block-paragraph\">La <strong>Colegiul Na\u021bional \u201eMihai Viteazul\u201d<\/strong>, lucr\u0103rile vizeaz\u0103 Corpul A, internatul \u0219i sala de festivit\u0103\u021bi. Sunt prev\u0103zute lucr\u0103ri de reabilitare termic\u0103 \u0219i de reabilitare a cl\u0103dirii principale. \u00cen total, sunt afectate 15 clase \u0219i 355 de elevi, iar cursurile se desf\u0103\u0219oar\u0103 \u00een clase modulare amplasate pe terenul de sport. Termenul estimat pentru finalizarea lucr\u0103rilor este 1 septembrie 2027.<\/p>\n\n\n\n<p class=\"wp-block-paragraph\">La <strong>Liceul Tehnologic \u201eApor P\u00e9ter\u201d din T\u00e2rgu Secuiesc<\/strong>, lucr\u0103rile de reabilitare, extindere \u0219i dotare a cl\u0103dirilor principale C1 \u0219i C2 au ajuns la un stadiu de aproximativ 70%. Sunt afectate 15 clase \u0219i 325 de elevi. Pentru perioada lucr\u0103rilor, activitatea este \u00eemp\u0103r\u021bit\u0103 \u00eentre mai multe spa\u021bii: dou\u0103 clase vor fi g\u0103zduite la Liceul \u201eBod P\u00e9ter\u201d, iar restul la Centrul de formare profesional\u0103 Kanta. Reprezentan\u021bii Prim\u0103riei \u0219i ai echipei de implementare au transmis c\u0103 lucr\u0103rile ar urma s\u0103 fie finalizate p\u00e2n\u0103 la \u00eenceperea cursurilor, pe 7 septembrie 2026.<\/p>\n\n\n\n<figure class=\"wp-block-image size-large\"><img loading=\"lazy\" decoding=\"async\" width=\"768\" height=\"1024\" src=\"https:\/\/covasna45.ro\/wp-content\/uploads\/2026\/08\/apor-768x1024-1.jpg\" alt=\"\" class=\"wp-image-18239\" srcset=\"https:\/\/covasna45.ro\/wp-content\/uploads\/2026\/08\/apor-768x1024-1.jpg 768w, https:\/\/covasna45.ro\/wp-content\/uploads\/2026\/08\/apor-225x300.jpg 225w, https:\/\/covasna45.ro\/wp-content\/uploads\/2026\/08\/apor-1152x1536.jpg 1152w, https:\/\/covasna45.ro\/wp-content\/uploads\/2026\/08\/apor-150x200.jpg 150w, https:\/\/covasna45.ro\/wp-content\/uploads\/2026\/08\/apor-300x400-1.jpg 300w, https:\/\/covasna45.ro\/wp-content\/uploads\/2026\/08\/apor-696x928.jpg 696w, https:\/\/covasna45.ro\/wp-content\/uploads\/2026\/08\/apor-1068x1424.jpg 1068w, https:\/\/covasna45.ro\/wp-content\/uploads\/2026\/08\/apor.jpg 1536w\" sizes=\"auto, (max-width: 768px) 100vw, 768px\" \/><\/figure>\n\n\n\n<p class=\"wp-block-paragraph\"><strong>\u0218coala Gimnazial\u0103 \u201eK\u00e1lnoky Ludmilla\u201d din Valea Cri\u0219ului<\/strong> se afl\u0103, de asemenea, pe lista unit\u0103\u021bilor cu activitatea relocat\u0103. Dup\u0103 retragerea autoriza\u021biei sanitare, cele 9 clase, cu 160 de elevi, sunt mutate \u00een cl\u0103direa Gr\u0103dini\u021bei cu Program Normal din Valea Cri\u0219ului. Situa\u021bia este neschimbat\u0103 fa\u021b\u0103 de anul anterior.<\/p>\n\n\n\n<p class=\"wp-block-paragraph\">La <strong>\u0218coala Gimnazial\u0103 \u201eV\u00e9gh Antal\u201d din Cernat<\/strong>, lucr\u0103rile de repara\u021bii capitale \u0219i reabilitare termic\u0103 afecteaz\u0103 9 clase \u0219i 131 de elevi ai structurii \u0218colii Gimnaziale \u201eBod P\u00e9ter\u201d Cernatul de Sus. Pentru desf\u0103\u0219urarea cursurilor sunt folosite spa\u021bii alternative, inclusiv s\u0103li din Conacul \u201eFarkas\u201d din Cernat \u0219i din cl\u0103direa Gr\u0103dini\u021bei Nr. 2 Cernat. Finalizarea lucr\u0103rilor este estimat\u0103 \u00een aproximativ trei ani.<\/p>\n\n\n\n<p class=\"wp-block-paragraph\">La <strong>\u0218coala Gimnazial\u0103 \u201eTatrangi S\u00e1ndor\u201d din Ozun<\/strong>, sunt afectate 3 clase \u0219i 30 de elevi de la \u0218coala Primar\u0103 Bicfal\u0103u, unde sunt \u00een desf\u0103\u0219urare lucr\u0103ri de renovare a c\u0103minului cultural. Lucr\u0103rile ar urma s\u0103 fie finalizate p\u00e2n\u0103 la sf\u00e2r\u0219itul anului 2026.<\/p>\n\n\n\n<p class=\"wp-block-paragraph\">\u0218i <strong>Cre\u0219a Sf\u00e2ntu Gheorghe<\/strong> \u00ee\u0219i desf\u0103\u0219oar\u0103 activitatea \u00een condi\u021bii speciale. Lucr\u0103rile de reabilitare afecteaz\u0103 6 grupe, cu 127 de copii. Acestea urmeaz\u0103 s\u0103 fie mutate \u00een cl\u0103direa ARCON din Sf\u00e2ntu Gheorghe, de pe strada K\u0151r\u00f6si Csoma S\u00e1ndor nr. 32. Finalizarea lucr\u0103rilor este estimat\u0103 pentru sf\u00e2r\u0219itul anului 2026.<\/p>\n\n\n\n<p class=\"wp-block-paragraph\">Sursa: Inspectoratul \u0218colar Covasna<\/p>\n","protected":false},"excerpt":{"rendered":"<p>Noul an \u0219colar \u00eencepe f\u0103r\u0103 autoriza\u021bie sanitar\u0103 de func\u021bionare pentru zece unit\u0103\u021bi de \u00eenv\u0103\u021b\u0103m\u00e2nt din jude\u021bul Covasna. \u00cen paralel, alte \u0219ase unit\u0103\u021bi \u0219i o cre\u0219\u0103 \u00ee\u0219i desf\u0103\u0219oar\u0103 activitatea \u00een condi\u021bii speciale, din cauza unor lucr\u0103ri de reabilitare, modernizare sau repara\u021bii care nu au fost finalizate. Zece unit\u0103\u021bi f\u0103r\u0103 autoriza\u021bie sanitar\u0103 Cele zece unit\u0103\u021bi de \u00eenv\u0103\u021b\u0103m\u00e2nt [&hellip;]<\/p>\n","protected":false},"author":1,"featured_media":7718,"comment_status":"open","ping_status":"closed","sticky":false,"template":"","format":"standard","meta":{"tdm_status":"","tdm_grid_status":"","footnotes":""},"categories":[14],"tags":[4663,21,5034,1897,3357],"class_list":["post-18238","post","type-post","status-publish","format-standard","has-post-thumbnail","category-lumea-noastra","tag-autorizatie","tag-covasna","tag-gradinita-2","tag-liceu","tag-scoli-2"],"yoast_head":"<!-- This site is optimized with the Yoast SEO plugin v28.3 - https:\/\/yoast.com\/product\/yoast-seo-wordpress\/ -->\n<title>Zece \u0219coli \u0219i gr\u0103dini\u021be din jude\u021bul Covasna nu au autoriza\u021bie sanitar\u0103 de func\u021bionare - Covasna45<\/title>\n<meta name=\"description\" content=\"Noul an \u0219colar \u00eencepe f\u0103r\u0103 autoriza\u021bie sanitar\u0103 de func\u021bionare pentru zece unit\u0103\u021bi de \u00eenv\u0103\u021b\u0103m\u00e2nt din jude\u021bul Covasna.\" \/>\n<meta name=\"robots\" content=\"index, follow, max-snippet:-1, max-image-preview:large, max-video-preview:-1\" \/>\n<link rel=\"canonical\" href=\"https:\/\/covasna45.ro\/index.php\/lumea-noastra\/zece-scoli-si-gradinite-din-judetul-covasna-nu-au-autorizatie-sanitara-de-functionare\/\" \/>\n<meta property=\"og:locale\" content=\"ro_RO\" \/>\n<meta property=\"og:type\" content=\"article\" \/>\n<meta property=\"og:title\" content=\"Zece \u0219coli \u0219i gr\u0103dini\u021be din jude\u021bul Covasna nu au autoriza\u021bie sanitar\u0103 de func\u021bionare - Covasna45\" \/>\n<meta property=\"og:description\" content=\"Noul an \u0219colar \u00eencepe f\u0103r\u0103 autoriza\u021bie sanitar\u0103 de func\u021bionare pentru zece unit\u0103\u021bi de \u00eenv\u0103\u021b\u0103m\u00e2nt din jude\u021bul Covasna.\" \/>\n<meta property=\"og:url\" content=\"https:\/\/covasna45.ro\/index.php\/lumea-noastra\/zece-scoli-si-gradinite-din-judetul-covasna-nu-au-autorizatie-sanitara-de-functionare\/\" \/>\n<meta property=\"og:site_name\" content=\"Covasna45\" \/>\n<meta property=\"article:published_time\" content=\"2026-08-31T06:31:09+00:00\" \/>\n<meta property=\"article:modified_time\" content=\"2026-08-31T06:31:26+00:00\" \/>\n<meta property=\"og:image\" content=\"https:\/\/covasna45.ro\/wp-content\/uploads\/2024\/09\/clasa-min-edu.jpg\" \/>\n\t<meta property=\"og:image:width\" content=\"2033\" \/>\n\t<meta property=\"og:image:height\" content=\"1620\" \/>\n\t<meta property=\"og:image:type\" content=\"image\/jpeg\" \/>\n<meta name=\"author\" content=\"Covasna45\" \/>\n<meta name=\"twitter:card\" content=\"summary_large_image\" \/>\n<meta name=\"twitter:label1\" content=\"Scris de\" \/>\n\t<meta name=\"twitter:data1\" content=\"Covasna45\" \/>\n\t<meta name=\"twitter:label2\" content=\"Timp estimat pentru citire\" \/>\n\t<meta name=\"twitter:data2\" content=\"6 minute\" \/>\n<script type=\"application\/ld+json\" class=\"yoast-schema-graph\">{\"@context\":\"https:\\\/\\\/schema.org\",\"@graph\":[{\"@type\":\"Article\",\"@id\":\"https:\\\/\\\/covasna45.ro\\\/index.php\\\/lumea-noastra\\\/zece-scoli-si-gradinite-din-judetul-covasna-nu-au-autorizatie-sanitara-de-functionare\\\/#article\",\"isPartOf\":{\"@id\":\"https:\\\/\\\/covasna45.ro\\\/index.php\\\/lumea-noastra\\\/zece-scoli-si-gradinite-din-judetul-covasna-nu-au-autorizatie-sanitara-de-functionare\\\/\"},\"author\":{\"name\":\"Covasna45\",\"@id\":\"https:\\\/\\\/covasna45.ro\\\/#\\\/schema\\\/person\\\/e674052bd7d95d70bbb007a1060ab73c\"},\"headline\":\"Zece \u0219coli \u0219i gr\u0103dini\u021be din jude\u021bul Covasna nu au autoriza\u021bie sanitar\u0103 de func\u021bionare\",\"datePublished\":\"2026-08-31T06:31:09+00:00\",\"dateModified\":\"2026-08-31T06:31:26+00:00\",\"mainEntityOfPage\":{\"@id\":\"https:\\\/\\\/covasna45.ro\\\/index.php\\\/lumea-noastra\\\/zece-scoli-si-gradinite-din-judetul-covasna-nu-au-autorizatie-sanitara-de-functionare\\\/\"},\"wordCount\":1070,\"commentCount\":0,\"publisher\":{\"@id\":\"https:\\\/\\\/covasna45.ro\\\/#organization\"},\"image\":{\"@id\":\"https:\\\/\\\/covasna45.ro\\\/index.php\\\/lumea-noastra\\\/zece-scoli-si-gradinite-din-judetul-covasna-nu-au-autorizatie-sanitara-de-functionare\\\/#primaryimage\"},\"thumbnailUrl\":\"https:\\\/\\\/covasna45.ro\\\/wp-content\\\/uploads\\\/2024\\\/09\\\/clasa-min-edu.jpg\",\"keywords\":[\"Autoriza\u021bie\",\"covasna\",\"gr\u0103dini\u021b\u0103\",\"Liceu\",\"\u0219coli\"],\"articleSection\":[\"Lumea noastr\u0103\"],\"inLanguage\":\"ro-RO\",\"potentialAction\":[{\"@type\":\"CommentAction\",\"name\":\"Comment\",\"target\":[\"https:\\\/\\\/covasna45.ro\\\/index.php\\\/lumea-noastra\\\/zece-scoli-si-gradinite-din-judetul-covasna-nu-au-autorizatie-sanitara-de-functionare\\\/#respond\"]}]},{\"@type\":\"WebPage\",\"@id\":\"https:\\\/\\\/covasna45.ro\\\/index.php\\\/lumea-noastra\\\/zece-scoli-si-gradinite-din-judetul-covasna-nu-au-autorizatie-sanitara-de-functionare\\\/\",\"url\":\"https:\\\/\\\/covasna45.ro\\\/index.php\\\/lumea-noastra\\\/zece-scoli-si-gradinite-din-judetul-covasna-nu-au-autorizatie-sanitara-de-functionare\\\/\",\"name\":\"Zece \u0219coli \u0219i gr\u0103dini\u021be din jude\u021bul Covasna nu au autoriza\u021bie sanitar\u0103 de func\u021bionare - Covasna45\",\"isPartOf\":{\"@id\":\"https:\\\/\\\/covasna45.ro\\\/#website\"},\"primaryImageOfPage\":{\"@id\":\"https:\\\/\\\/covasna45.ro\\\/index.php\\\/lumea-noastra\\\/zece-scoli-si-gradinite-din-judetul-covasna-nu-au-autorizatie-sanitara-de-functionare\\\/#primaryimage\"},\"image\":{\"@id\":\"https:\\\/\\\/covasna45.ro\\\/index.php\\\/lumea-noastra\\\/zece-scoli-si-gradinite-din-judetul-covasna-nu-au-autorizatie-sanitara-de-functionare\\\/#primaryimage\"},\"thumbnailUrl\":\"https:\\\/\\\/covasna45.ro\\\/wp-content\\\/uploads\\\/2024\\\/09\\\/clasa-min-edu.jpg\",\"datePublished\":\"2026-08-31T06:31:09+00:00\",\"dateModified\":\"2026-08-31T06:31:26+00:00\",\"description\":\"Noul an \u0219colar \u00eencepe f\u0103r\u0103 autoriza\u021bie sanitar\u0103 de func\u021bionare pentru zece unit\u0103\u021bi de \u00eenv\u0103\u021b\u0103m\u00e2nt din jude\u021bul Covasna.\",\"breadcrumb\":{\"@id\":\"https:\\\/\\\/covasna45.ro\\\/index.php\\\/lumea-noastra\\\/zece-scoli-si-gradinite-din-judetul-covasna-nu-au-autorizatie-sanitara-de-functionare\\\/#breadcrumb\"},\"inLanguage\":\"ro-RO\",\"potentialAction\":[{\"@type\":\"ReadAction\",\"target\":[\"https:\\\/\\\/covasna45.ro\\\/index.php\\\/lumea-noastra\\\/zece-scoli-si-gradinite-din-judetul-covasna-nu-au-autorizatie-sanitara-de-functionare\\\/\"]}]},{\"@type\":\"ImageObject\",\"inLanguage\":\"ro-RO\",\"@id\":\"https:\\\/\\\/covasna45.ro\\\/index.php\\\/lumea-noastra\\\/zece-scoli-si-gradinite-din-judetul-covasna-nu-au-autorizatie-sanitara-de-functionare\\\/#primaryimage\",\"url\":\"https:\\\/\\\/covasna45.ro\\\/wp-content\\\/uploads\\\/2024\\\/09\\\/clasa-min-edu.jpg\",\"contentUrl\":\"https:\\\/\\\/covasna45.ro\\\/wp-content\\\/uploads\\\/2024\\\/09\\\/clasa-min-edu.jpg\",\"width\":2033,\"height\":1620},{\"@type\":\"BreadcrumbList\",\"@id\":\"https:\\\/\\\/covasna45.ro\\\/index.php\\\/lumea-noastra\\\/zece-scoli-si-gradinite-din-judetul-covasna-nu-au-autorizatie-sanitara-de-functionare\\\/#breadcrumb\",\"itemListElement\":[{\"@type\":\"ListItem\",\"position\":1,\"name\":\"Prima pagin\u0103\",\"item\":\"https:\\\/\\\/covasna45.ro\\\/\"},{\"@type\":\"ListItem\",\"position\":2,\"name\":\"Zece \u0219coli \u0219i gr\u0103dini\u021be din jude\u021bul Covasna nu au autoriza\u021bie sanitar\u0103 de func\u021bionare\"}]},{\"@type\":\"WebSite\",\"@id\":\"https:\\\/\\\/covasna45.ro\\\/#website\",\"url\":\"https:\\\/\\\/covasna45.ro\\\/\",\"name\":\"covasna45.ro\",\"description\":\"\",\"publisher\":{\"@id\":\"https:\\\/\\\/covasna45.ro\\\/#organization\"},\"potentialAction\":[{\"@type\":\"SearchAction\",\"target\":{\"@type\":\"EntryPoint\",\"urlTemplate\":\"https:\\\/\\\/covasna45.ro\\\/?s={search_term_string}\"},\"query-input\":{\"@type\":\"PropertyValueSpecification\",\"valueRequired\":true,\"valueName\":\"search_term_string\"}}],\"inLanguage\":\"ro-RO\"},{\"@type\":\"Organization\",\"@id\":\"https:\\\/\\\/covasna45.ro\\\/#organization\",\"name\":\"covasna45.ro\",\"url\":\"https:\\\/\\\/covasna45.ro\\\/\",\"logo\":{\"@type\":\"ImageObject\",\"inLanguage\":\"ro-RO\",\"@id\":\"https:\\\/\\\/covasna45.ro\\\/#\\\/schema\\\/logo\\\/image\\\/\",\"url\":\"https:\\\/\\\/covasna45.ro\\\/wp-content\\\/uploads\\\/2023\\\/01\\\/icon_logo.png\",\"contentUrl\":\"https:\\\/\\\/covasna45.ro\\\/wp-content\\\/uploads\\\/2023\\\/01\\\/icon_logo.png\",\"width\":1900,\"height\":1900,\"caption\":\"covasna45.ro\"},\"image\":{\"@id\":\"https:\\\/\\\/covasna45.ro\\\/#\\\/schema\\\/logo\\\/image\\\/\"}},{\"@type\":\"Person\",\"@id\":\"https:\\\/\\\/covasna45.ro\\\/#\\\/schema\\\/person\\\/e674052bd7d95d70bbb007a1060ab73c\",\"name\":\"Covasna45\",\"image\":{\"@type\":\"ImageObject\",\"inLanguage\":\"ro-RO\",\"@id\":\"https:\\\/\\\/covasna45.ro\\\/wp-content\\\/uploads\\\/2025\\\/10\\\/icon_logo_covasna45-150x150.png\",\"url\":\"https:\\\/\\\/covasna45.ro\\\/wp-content\\\/uploads\\\/2025\\\/10\\\/icon_logo_covasna45-150x150.png\",\"contentUrl\":\"https:\\\/\\\/covasna45.ro\\\/wp-content\\\/uploads\\\/2025\\\/10\\\/icon_logo_covasna45-150x150.png\",\"caption\":\"Covasna45\"},\"sameAs\":[\"https:\\\/\\\/covasna45.ro\"],\"url\":\"https:\\\/\\\/covasna45.ro\\\/index.php\\\/author\\\/covasna\\\/\"}]}<\/script>\n<!-- \/ Yoast SEO plugin. -->","yoast_head_json":{"title":"Zece \u0219coli \u0219i gr\u0103dini\u021be din jude\u021bul Covasna nu au autoriza\u021bie sanitar\u0103 de func\u021bionare - Covasna45","description":"Noul an \u0219colar \u00eencepe f\u0103r\u0103 autoriza\u021bie sanitar\u0103 de func\u021bionare pentru zece unit\u0103\u021bi de \u00eenv\u0103\u021b\u0103m\u00e2nt din jude\u021bul Covasna.","robots":{"index":"index","follow":"follow","max-snippet":"max-snippet:-1","max-image-preview":"max-image-preview:large","max-video-preview":"max-video-preview:-1"},"canonical":"https:\/\/covasna45.ro\/index.php\/lumea-noastra\/zece-scoli-si-gradinite-din-judetul-covasna-nu-au-autorizatie-sanitara-de-functionare\/","og_locale":"ro_RO","og_type":"article","og_title":"Zece \u0219coli \u0219i gr\u0103dini\u021be din jude\u021bul Covasna nu au autoriza\u021bie sanitar\u0103 de func\u021bionare - Covasna45","og_description":"Noul an \u0219colar \u00eencepe f\u0103r\u0103 autoriza\u021bie sanitar\u0103 de func\u021bionare pentru zece unit\u0103\u021bi de \u00eenv\u0103\u021b\u0103m\u00e2nt din jude\u021bul Covasna.","og_url":"https:\/\/covasna45.ro\/index.php\/lumea-noastra\/zece-scoli-si-gradinite-din-judetul-covasna-nu-au-autorizatie-sanitara-de-functionare\/","og_site_name":"Covasna45","article_published_time":"2026-08-31T06:31:09+00:00","article_modified_time":"2026-08-31T06:31:26+00:00","og_image":[{"width":2033,"height":1620,"url":"https:\/\/covasna45.ro\/wp-content\/uploads\/2024\/09\/clasa-min-edu.jpg","type":"image\/jpeg"}],"author":"Covasna45","twitter_card":"summary_large_image","twitter_misc":{"Scris de":"Covasna45","Timp estimat pentru citire":"6 minute"},"schema":{"@context":"https:\/\/schema.org","@graph":[{"@type":"Article","@id":"https:\/\/covasna45.ro\/index.php\/lumea-noastra\/zece-scoli-si-gradinite-din-judetul-covasna-nu-au-autorizatie-sanitara-de-functionare\/#article","isPartOf":{"@id":"https:\/\/covasna45.ro\/index.php\/lumea-noastra\/zece-scoli-si-gradinite-din-judetul-covasna-nu-au-autorizatie-sanitara-de-functionare\/"},"author":{"name":"Covasna45","@id":"https:\/\/covasna45.ro\/#\/schema\/person\/e674052bd7d95d70bbb007a1060ab73c"},"headline":"Zece \u0219coli \u0219i gr\u0103dini\u021be din jude\u021bul Covasna nu au autoriza\u021bie sanitar\u0103 de func\u021bionare","datePublished":"2026-08-31T06:31:09+00:00","dateModified":"2026-08-31T06:31:26+00:00","mainEntityOfPage":{"@id":"https:\/\/covasna45.ro\/index.php\/lumea-noastra\/zece-scoli-si-gradinite-din-judetul-covasna-nu-au-autorizatie-sanitara-de-functionare\/"},"wordCount":1070,"commentCount":0,"publisher":{"@id":"https:\/\/covasna45.ro\/#organization"},"image":{"@id":"https:\/\/covasna45.ro\/index.php\/lumea-noastra\/zece-scoli-si-gradinite-din-judetul-covasna-nu-au-autorizatie-sanitara-de-functionare\/#primaryimage"},"thumbnailUrl":"https:\/\/covasna45.ro\/wp-content\/uploads\/2024\/09\/clasa-min-edu.jpg","keywords":["Autoriza\u021bie","covasna","gr\u0103dini\u021b\u0103","Liceu","\u0219coli"],"articleSection":["Lumea noastr\u0103"],"inLanguage":"ro-RO","potentialAction":[{"@type":"CommentAction","name":"Comment","target":["https:\/\/covasna45.ro\/index.php\/lumea-noastra\/zece-scoli-si-gradinite-din-judetul-covasna-nu-au-autorizatie-sanitara-de-functionare\/#respond"]}]},{"@type":"WebPage","@id":"https:\/\/covasna45.ro\/index.php\/lumea-noastra\/zece-scoli-si-gradinite-din-judetul-covasna-nu-au-autorizatie-sanitara-de-functionare\/","url":"https:\/\/covasna45.ro\/index.php\/lumea-noastra\/zece-scoli-si-gradinite-din-judetul-covasna-nu-au-autorizatie-sanitara-de-functionare\/","name":"Zece \u0219coli \u0219i gr\u0103dini\u021be din jude\u021bul Covasna nu au autoriza\u021bie sanitar\u0103 de func\u021bionare - Covasna45","isPartOf":{"@id":"https:\/\/covasna45.ro\/#website"},"primaryImageOfPage":{"@id":"https:\/\/covasna45.ro\/index.php\/lumea-noastra\/zece-scoli-si-gradinite-din-judetul-covasna-nu-au-autorizatie-sanitara-de-functionare\/#primaryimage"},"image":{"@id":"https:\/\/covasna45.ro\/index.php\/lumea-noastra\/zece-scoli-si-gradinite-din-judetul-covasna-nu-au-autorizatie-sanitara-de-functionare\/#primaryimage"},"thumbnailUrl":"https:\/\/covasna45.ro\/wp-content\/uploads\/2024\/09\/clasa-min-edu.jpg","datePublished":"2026-08-31T06:31:09+00:00","dateModified":"2026-08-31T06:31:26+00:00","description":"Noul an \u0219colar \u00eencepe f\u0103r\u0103 autoriza\u021bie sanitar\u0103 de func\u021bionare pentru zece unit\u0103\u021bi de \u00eenv\u0103\u021b\u0103m\u00e2nt din jude\u021bul Covasna.","breadcrumb":{"@id":"https:\/\/covasna45.ro\/index.php\/lumea-noastra\/zece-scoli-si-gradinite-din-judetul-covasna-nu-au-autorizatie-sanitara-de-functionare\/#breadcrumb"},"inLanguage":"ro-RO","potentialAction":[{"@type":"ReadAction","target":["https:\/\/covasna45.ro\/index.php\/lumea-noastra\/zece-scoli-si-gradinite-din-judetul-covasna-nu-au-autorizatie-sanitara-de-functionare\/"]}]},{"@type":"ImageObject","inLanguage":"ro-RO","@id":"https:\/\/covasna45.ro\/index.php\/lumea-noastra\/zece-scoli-si-gradinite-din-judetul-covasna-nu-au-autorizatie-sanitara-de-functionare\/#primaryimage","url":"https:\/\/covasna45.ro\/wp-content\/uploads\/2024\/09\/clasa-min-edu.jpg","contentUrl":"https:\/\/covasna45.ro\/wp-content\/uploads\/2024\/09\/clasa-min-edu.jpg","width":2033,"height":1620},{"@type":"BreadcrumbList","@id":"https:\/\/covasna45.ro\/index.php\/lumea-noastra\/zece-scoli-si-gradinite-din-judetul-covasna-nu-au-autorizatie-sanitara-de-functionare\/#breadcrumb","itemListElement":[{"@type":"ListItem","position":1,"name":"Prima pagin\u0103","item":"https:\/\/covasna45.ro\/"},{"@type":"ListItem","position":2,"name":"Zece \u0219coli \u0219i gr\u0103dini\u021be din jude\u021bul Covasna nu au autoriza\u021bie sanitar\u0103 de func\u021bionare"}]},{"@type":"WebSite","@id":"https:\/\/covasna45.ro\/#website","url":"https:\/\/covasna45.ro\/","name":"covasna45.ro","description":"","publisher":{"@id":"https:\/\/covasna45.ro\/#organization"},"potentialAction":[{"@type":"SearchAction","target":{"@type":"EntryPoint","urlTemplate":"https:\/\/covasna45.ro\/?s={search_term_string}"},"query-input":{"@type":"PropertyValueSpecification","valueRequired":true,"valueName":"search_term_string"}}],"inLanguage":"ro-RO"},{"@type":"Organization","@id":"https:\/\/covasna45.ro\/#organization","name":"covasna45.ro","url":"https:\/\/covasna45.ro\/","logo":{"@type":"ImageObject","inLanguage":"ro-RO","@id":"https:\/\/covasna45.ro\/#\/schema\/logo\/image\/","url":"https:\/\/covasna45.ro\/wp-content\/uploads\/2023\/01\/icon_logo.png","contentUrl":"https:\/\/covasna45.ro\/wp-content\/uploads\/2023\/01\/icon_logo.png","width":1900,"height":1900,"caption":"covasna45.ro"},"image":{"@id":"https:\/\/covasna45.ro\/#\/schema\/logo\/image\/"}},{"@type":"Person","@id":"https:\/\/covasna45.ro\/#\/schema\/person\/e674052bd7d95d70bbb007a1060ab73c","name":"Covasna45","image":{"@type":"ImageObject","inLanguage":"ro-RO","@id":"https:\/\/covasna45.ro\/wp-content\/uploads\/2025\/10\/icon_logo_covasna45-150x150.png","url":"https:\/\/covasna45.ro\/wp-content\/uploads\/2025\/10\/icon_logo_covasna45-150x150.png","contentUrl":"https:\/\/covasna45.ro\/wp-content\/uploads\/2025\/10\/icon_logo_covasna45-150x150.png","caption":"Covasna45"},"sameAs":["https:\/\/covasna45.ro"],"url":"https:\/\/covasna45.ro\/index.php\/author\/covasna\/"}]}},"amp_enabled":true,"_links":{"self":[{"href":"https:\/\/covasna45.ro\/index.php\/wp-json\/wp\/v2\/posts\/18238","targetHints":{"allow":["GET"]}}],"collection":[{"href":"https:\/\/covasna45.ro\/index.php\/wp-json\/wp\/v2\/posts"}],"about":[{"href":"https:\/\/covasna45.ro\/index.php\/wp-json\/wp\/v2\/types\/post"}],"author":[{"embeddable":true,"href":"https:\/\/covasna45.ro\/index.php\/wp-json\/wp\/v2\/users\/1"}],"replies":[{"embeddable":true,"href":"https:\/\/covasna45.ro\/index.php\/wp-json\/wp\/v2\/comments?post=18238"}],"version-history":[{"count":2,"href":"https:\/\/covasna45.ro\/index.php\/wp-json\/wp\/v2\/posts\/18238\/revisions"}],"predecessor-version":[{"id":18241,"href":"https:\/\/covasna45.ro\/index.php\/wp-json\/wp\/v2\/posts\/18238\/revisions\/18241"}],"wp:featuredmedia":[{"embeddable":true,"href":"https:\/\/covasna45.ro\/index.php\/wp-json\/wp\/v2\/media\/7718"}],"wp:attachment":[{"href":"https:\/\/covasna45.ro\/index.php\/wp-json\/wp\/v2\/media?parent=18238"}],"wp:term":[{"taxonomy":"category","embeddable":true,"href":"https:\/\/covasna45.ro\/index.php\/wp-json\/wp\/v2\/categories?post=18238"},{"taxonomy":"post_tag","embeddable":true,"href":"https:\/\/covasna45.ro\/index.php\/wp-json\/wp\/v2\/tags?post=18238"}],"curies":[{"name":"wp","href":"https:\/\/api.w.org\/{rel}","templated":true}]}}