{"id":18242,"date":"2026-08-31T09:02:23","date_gmt":"2026-08-31T07:02:23","guid":{"rendered":"https:\/\/covasna45.ro\/?p=18242"},"modified":"2026-08-31T09:07:20","modified_gmt":"2026-08-31T07:07:20","slug":"naparca-o-prezenta-discreta-in-viata-salbatica-a-covasnei","status":"publish","type":"post","link":"https:\/\/covasna45.ro\/index.php\/viata-salbatica\/naparca-o-prezenta-discreta-in-viata-salbatica-a-covasnei\/","title":{"rendered":"N\u0103p\u00e2rca, o prezen\u021b\u0103 discret\u0103 \u00een via\u021ba s\u0103lbatic\u0103 a Covasnei"},"content":{"rendered":"\n<p class=\"wp-block-paragraph\">\u0218op\u00e2rla apod\u0103 (Anguis colchicus), cunoscut\u0103 pe meleagurile rom\u00e2ne\u0219ti sub denumirea popular\u0103 (\u0219i pu\u021bin ciudat\u0103) de n\u0103p\u00e2rc\u0103, este una dintre cele mai des-\u00eent\u00e2lnite reptile din zonele de munte ale \u021b\u0103rii. Poate fi \u00eent\u00e2lnit\u0103 \u0219i la noi \u00een jude\u021b.<\/p>\n\n\n\n<h2 class=\"wp-block-heading\">N\u0103p\u00e2rca arat\u0103 ca un \u0219arpe, dar este o \u0219op\u00e2rl\u0103<\/h2>\n\n\n\n<p class=\"wp-block-paragraph\">Din cauza aspectului serpentiform cauzat de lipsa picioarelor, poate fi u\u0219or confundat\u0103 cu un \u0219arpe. Lucrul acesta i-a creat o reputa\u021bie proast\u0103 \u00eentre oamenii ce o \u00eent\u00e2lnesc \u00een mediul s\u0103u natural. <\/p>\n\n\n\n<p class=\"wp-block-paragraph\">La fel ca \u00een cazul celorlalte reptile \u0219i amfibieni din Rom\u00e2nia, n\u0103p\u00e2rca este strict protejat\u0103. Uciderea, r\u0103nirea sau capturarea acesteia sunt considerate infrac\u021biuni. Cu toate acestea, se \u00eent\u00e2mpl\u0103 uneori ca ele sa fie confundate cu viperele \u0219i astfel \u201erezolvate&#8221; de persoane care nu cunosc nici natura \u0219i nici legea.<\/p>\n\n\n\n<h2 class=\"wp-block-heading\">Nu este veninoas\u0103 \u0219i nu reprezint\u0103 un pericol pentru om sau animalele domestice<\/h2>\n\n\n\n<p class=\"wp-block-paragraph\">Dieta principal\u0103 a n\u0103p\u00e2rcii sunt animale nevertebrate mici: insecte, r\u00e2me, limac\u0219i \u0219i a\u0219a mai departe. N\u0103p\u00e2rca nu este veninoasa \u0219i nu prezint\u0103 niciun fel de pericol pentru om sau animalele domestice. Mecanismul ei defensiv este, aproape exclusiv, s\u0103 fug\u0103 \u0219i\/sau s\u0103 se prefac\u0103 moart\u0103. Unele merg \u0219i mai departe de at\u00e2t \u0219i aleg, de fric\u0103, s\u0103 \u00ee\u0219i lase coada.<\/p>\n\n\n\n<p class=\"wp-block-paragraph\">Dimorfismul sexual este foarte redus. Unica distinc\u021bie dintre masculi \u0219i femele fiind punctele albastre pe care le prezint\u0103 masculii adul\u021bi pe partea superioar\u0103 a corpului. Ambele sexe ajung la maxim 50 cm lungime. Este mai mic\u0103 dec\u00e2t orice \u0219arpe autohton, dar este, \u00een acela\u0219i timp, printre cele mai mari \u0219op\u00e2rle din \u021bara noastr\u0103.<\/p>\n\n\n\n<h2 class=\"wp-block-heading\">N\u0103p\u00e2rca \u00een folclorul rom\u00e2nesc<\/h2>\n\n\n\n<p class=\"wp-block-paragraph\">\u00cen folclorul rom\u00e2nesc apare \u0219i n\u0103p\u00e2rca, cu men\u021biuni de la simple no\u021biuni arhaice de identificare, de la faptul c\u0103 ar fi o rud\u0103 a viperei (nu este), la pove\u0219ti mai fantastice, cum c\u0103 prima n\u0103p\u00e2rc\u0103 ar fi fost soacra vreunui erou sau domnitor ce a fost transformat\u0103 \u00een t\u00e2r\u00e2toare \u00eentruc\u00e2t l-ar fi sabotat pe acesta. <\/p>\n\n\n\n<p class=\"wp-block-paragraph\">O denumire popular\u0103 mai rar folosit\u0103 este aceea de &#8222;\u0219arpele de sticl\u0103&#8221;, impactul puternic precum c\u0103derea de la o altitudine mare av\u00e2nd uneori efectul de a le fragmenta corpul, ca \u0219i cum ar fi de sticl\u0103. \u00cen societatea contemporan\u0103 \u00eens\u0103, majoritatea oamenilor le consider\u0103 eronat o specie de \u0219arpe \u0219i le ofer\u0103 acela\u0219i tratament: fric\u0103 nefondat\u0103, pu\u021bini fiind cei care le respect\u0103 \u0219i le las\u0103 s\u0103 tr\u0103iasc\u0103.<\/p>\n\n\n\n<p class=\"wp-block-paragraph\">N\u0103p\u00e2rca este hran\u0103 pentru mai multe specii de p\u0103s\u0103ri, mamifere \u0219i reptile. Unica ei interac\u021biune cu animalele domestice este c\u0103 p\u0103s\u0103rile de curte precum g\u0103inile o pot m\u00e2nca. La fel ca \u0219i unele pisici, dar acest lucru nu are efecte negative asupra animalelor respective. Din punct de vedere cinegetic, n\u0103p\u00e2rca nu prezint\u0103 interes. Este doar o parte minor\u0103 a dietei unor specii ce se v\u00e2neaz\u0103, spre exemplu a fazanului.<\/p>\n\n\n\n<p class=\"wp-block-paragraph\">Iar pentru om, lucrurile sunt mult mai simple: dac\u0103 \u00eent\u00e2lnim o n\u0103p\u00e2rc\u0103, nu avem niciun motiv s\u0103 o omor\u00e2m. Nu este viper\u0103, nu este veninoas\u0103 \u0219i nu ne amenin\u021b\u0103. Este doar una dintre reptilele discrete care tr\u0103iesc al\u0103turi de noi \u00een fauna jude\u021bului Covasna.<\/p>\n\n\n\n<figure class=\"wp-block-image size-large\"><img loading=\"lazy\" decoding=\"async\" width=\"1024\" height=\"576\" src=\"https:\/\/covasna45.ro\/wp-content\/uploads\/2026\/08\/naparca-1-1024x576.jpeg\" alt=\"\" class=\"wp-image-18243\" srcset=\"https:\/\/covasna45.ro\/wp-content\/uploads\/2026\/08\/naparca-1-1024x576.jpeg 1024w, https:\/\/covasna45.ro\/wp-content\/uploads\/2026\/08\/naparca-1-300x169.jpeg 300w, https:\/\/covasna45.ro\/wp-content\/uploads\/2026\/08\/naparca-1-768x432.jpeg 768w, https:\/\/covasna45.ro\/wp-content\/uploads\/2026\/08\/naparca-1-1536x864.jpeg 1536w, https:\/\/covasna45.ro\/wp-content\/uploads\/2026\/08\/naparca-1-150x84.jpeg 150w, https:\/\/covasna45.ro\/wp-content\/uploads\/2026\/08\/naparca-1-696x392.jpeg 696w, https:\/\/covasna45.ro\/wp-content\/uploads\/2026\/08\/naparca-1-1068x601.jpeg 1068w, https:\/\/covasna45.ro\/wp-content\/uploads\/2026\/08\/naparca-1.jpeg 1600w\" sizes=\"auto, (max-width: 1024px) 100vw, 1024px\" \/><\/figure>\n","protected":false},"excerpt":{"rendered":"<p>\u0218op\u00e2rla apod\u0103 (Anguis colchicus), cunoscut\u0103 pe meleagurile rom\u00e2ne\u0219ti sub denumirea popular\u0103 (\u0219i pu\u021bin ciudat\u0103) de n\u0103p\u00e2rc\u0103, este una dintre cele mai des-\u00eent\u00e2lnite reptile din zonele de munte ale \u021b\u0103rii. Poate fi \u00eent\u00e2lnit\u0103 \u0219i la noi \u00een jude\u021b. N\u0103p\u00e2rca arat\u0103 ca un \u0219arpe, dar este o \u0219op\u00e2rl\u0103 Din cauza aspectului serpentiform cauzat de lipsa picioarelor, poate [&hellip;]<\/p>\n","protected":false},"author":32231,"featured_media":18244,"comment_status":"open","ping_status":"closed","sticky":false,"template":"","format":"standard","meta":{"tdm_status":"","tdm_grid_status":"","footnotes":""},"categories":[4978],"tags":[21,5035,5037,4521,5036],"class_list":["post-18242","post","type-post","status-publish","format-standard","has-post-thumbnail","category-viata-salbatica","tag-covasna","tag-naparca","tag-natura-2","tag-padure-2","tag-soparla"],"yoast_head":"<!-- This site is optimized with the Yoast SEO plugin v28.3 - https:\/\/yoast.com\/product\/yoast-seo-wordpress\/ -->\n<title>N\u0103p\u00e2rca, o prezen\u021b\u0103 discret\u0103 \u00een via\u021ba s\u0103lbatic\u0103 a Covasnei - Covasna45<\/title>\n<meta name=\"description\" content=\"Iar pentru om, lucrurile sunt mult mai simple: dac\u0103 \u00eent\u00e2lnim o n\u0103p\u00e2rc\u0103, nu avem niciun motiv s\u0103 o omor\u00e2m. Nu este viper\u0103, nu este veninoas\u0103\" \/>\n<meta name=\"robots\" content=\"index, follow, max-snippet:-1, max-image-preview:large, max-video-preview:-1\" \/>\n<link rel=\"canonical\" href=\"https:\/\/covasna45.ro\/index.php\/viata-salbatica\/naparca-o-prezenta-discreta-in-viata-salbatica-a-covasnei\/\" \/>\n<meta property=\"og:locale\" content=\"ro_RO\" \/>\n<meta property=\"og:type\" content=\"article\" \/>\n<meta property=\"og:title\" content=\"N\u0103p\u00e2rca, o prezen\u021b\u0103 discret\u0103 \u00een via\u021ba s\u0103lbatic\u0103 a Covasnei - Covasna45\" \/>\n<meta property=\"og:description\" content=\"Iar pentru om, lucrurile sunt mult mai simple: dac\u0103 \u00eent\u00e2lnim o n\u0103p\u00e2rc\u0103, nu avem niciun motiv s\u0103 o omor\u00e2m. Nu este viper\u0103, nu este veninoas\u0103\" \/>\n<meta property=\"og:url\" content=\"https:\/\/covasna45.ro\/index.php\/viata-salbatica\/naparca-o-prezenta-discreta-in-viata-salbatica-a-covasnei\/\" \/>\n<meta property=\"og:site_name\" content=\"Covasna45\" \/>\n<meta property=\"article:published_time\" content=\"2026-08-31T07:02:23+00:00\" \/>\n<meta property=\"article:modified_time\" content=\"2026-08-31T07:07:20+00:00\" \/>\n<meta property=\"og:image\" content=\"https:\/\/covasna45.ro\/wp-content\/uploads\/2026\/08\/Naparca-.jpeg\" \/>\n\t<meta property=\"og:image:width\" content=\"1600\" \/>\n\t<meta property=\"og:image:height\" content=\"900\" \/>\n\t<meta property=\"og:image:type\" content=\"image\/jpeg\" \/>\n<meta name=\"author\" content=\"Bogdan Artenie\" \/>\n<meta name=\"twitter:card\" content=\"summary_large_image\" \/>\n<meta name=\"twitter:label1\" content=\"Scris de\" \/>\n\t<meta name=\"twitter:data1\" content=\"Bogdan Artenie\" \/>\n\t<meta name=\"twitter:label2\" content=\"Timp estimat pentru citire\" \/>\n\t<meta name=\"twitter:data2\" content=\"4 minute\" \/>\n<script type=\"application\/ld+json\" class=\"yoast-schema-graph\">{\"@context\":\"https:\\\/\\\/schema.org\",\"@graph\":[{\"@type\":\"Article\",\"@id\":\"https:\\\/\\\/covasna45.ro\\\/index.php\\\/viata-salbatica\\\/naparca-o-prezenta-discreta-in-viata-salbatica-a-covasnei\\\/#article\",\"isPartOf\":{\"@id\":\"https:\\\/\\\/covasna45.ro\\\/index.php\\\/viata-salbatica\\\/naparca-o-prezenta-discreta-in-viata-salbatica-a-covasnei\\\/\"},\"author\":{\"name\":\"Bogdan Artenie\",\"@id\":\"https:\\\/\\\/covasna45.ro\\\/#\\\/schema\\\/person\\\/61da1a7be79ee90c01960fbe1bd7db48\"},\"headline\":\"N\u0103p\u00e2rca, o prezen\u021b\u0103 discret\u0103 \u00een via\u021ba s\u0103lbatic\u0103 a Covasnei\",\"datePublished\":\"2026-08-31T07:02:23+00:00\",\"dateModified\":\"2026-08-31T07:07:20+00:00\",\"mainEntityOfPage\":{\"@id\":\"https:\\\/\\\/covasna45.ro\\\/index.php\\\/viata-salbatica\\\/naparca-o-prezenta-discreta-in-viata-salbatica-a-covasnei\\\/\"},\"wordCount\":576,\"commentCount\":0,\"publisher\":{\"@id\":\"https:\\\/\\\/covasna45.ro\\\/#organization\"},\"image\":{\"@id\":\"https:\\\/\\\/covasna45.ro\\\/index.php\\\/viata-salbatica\\\/naparca-o-prezenta-discreta-in-viata-salbatica-a-covasnei\\\/#primaryimage\"},\"thumbnailUrl\":\"https:\\\/\\\/covasna45.ro\\\/wp-content\\\/uploads\\\/2026\\\/08\\\/Naparca-.jpeg\",\"keywords\":[\"covasna\",\"N\u0103p\u00e2rca\",\"Natur\u0103\",\"p\u0103dure\",\"\u0218op\u00e2rl\u0103\"],\"articleSection\":[\"Via\u021b\u0103 s\u0103lbatic\u0103\"],\"inLanguage\":\"ro-RO\",\"potentialAction\":[{\"@type\":\"CommentAction\",\"name\":\"Comment\",\"target\":[\"https:\\\/\\\/covasna45.ro\\\/index.php\\\/viata-salbatica\\\/naparca-o-prezenta-discreta-in-viata-salbatica-a-covasnei\\\/#respond\"]}]},{\"@type\":\"WebPage\",\"@id\":\"https:\\\/\\\/covasna45.ro\\\/index.php\\\/viata-salbatica\\\/naparca-o-prezenta-discreta-in-viata-salbatica-a-covasnei\\\/\",\"url\":\"https:\\\/\\\/covasna45.ro\\\/index.php\\\/viata-salbatica\\\/naparca-o-prezenta-discreta-in-viata-salbatica-a-covasnei\\\/\",\"name\":\"N\u0103p\u00e2rca, o prezen\u021b\u0103 discret\u0103 \u00een via\u021ba s\u0103lbatic\u0103 a Covasnei - Covasna45\",\"isPartOf\":{\"@id\":\"https:\\\/\\\/covasna45.ro\\\/#website\"},\"primaryImageOfPage\":{\"@id\":\"https:\\\/\\\/covasna45.ro\\\/index.php\\\/viata-salbatica\\\/naparca-o-prezenta-discreta-in-viata-salbatica-a-covasnei\\\/#primaryimage\"},\"image\":{\"@id\":\"https:\\\/\\\/covasna45.ro\\\/index.php\\\/viata-salbatica\\\/naparca-o-prezenta-discreta-in-viata-salbatica-a-covasnei\\\/#primaryimage\"},\"thumbnailUrl\":\"https:\\\/\\\/covasna45.ro\\\/wp-content\\\/uploads\\\/2026\\\/08\\\/Naparca-.jpeg\",\"datePublished\":\"2026-08-31T07:02:23+00:00\",\"dateModified\":\"2026-08-31T07:07:20+00:00\",\"description\":\"Iar pentru om, lucrurile sunt mult mai simple: dac\u0103 \u00eent\u00e2lnim o n\u0103p\u00e2rc\u0103, nu avem niciun motiv s\u0103 o omor\u00e2m. Nu este viper\u0103, nu este veninoas\u0103\",\"breadcrumb\":{\"@id\":\"https:\\\/\\\/covasna45.ro\\\/index.php\\\/viata-salbatica\\\/naparca-o-prezenta-discreta-in-viata-salbatica-a-covasnei\\\/#breadcrumb\"},\"inLanguage\":\"ro-RO\",\"potentialAction\":[{\"@type\":\"ReadAction\",\"target\":[\"https:\\\/\\\/covasna45.ro\\\/index.php\\\/viata-salbatica\\\/naparca-o-prezenta-discreta-in-viata-salbatica-a-covasnei\\\/\"]}]},{\"@type\":\"ImageObject\",\"inLanguage\":\"ro-RO\",\"@id\":\"https:\\\/\\\/covasna45.ro\\\/index.php\\\/viata-salbatica\\\/naparca-o-prezenta-discreta-in-viata-salbatica-a-covasnei\\\/#primaryimage\",\"url\":\"https:\\\/\\\/covasna45.ro\\\/wp-content\\\/uploads\\\/2026\\\/08\\\/Naparca-.jpeg\",\"contentUrl\":\"https:\\\/\\\/covasna45.ro\\\/wp-content\\\/uploads\\\/2026\\\/08\\\/Naparca-.jpeg\",\"width\":1600,\"height\":900},{\"@type\":\"BreadcrumbList\",\"@id\":\"https:\\\/\\\/covasna45.ro\\\/index.php\\\/viata-salbatica\\\/naparca-o-prezenta-discreta-in-viata-salbatica-a-covasnei\\\/#breadcrumb\",\"itemListElement\":[{\"@type\":\"ListItem\",\"position\":1,\"name\":\"Prima pagin\u0103\",\"item\":\"https:\\\/\\\/covasna45.ro\\\/\"},{\"@type\":\"ListItem\",\"position\":2,\"name\":\"N\u0103p\u00e2rca, o prezen\u021b\u0103 discret\u0103 \u00een via\u021ba s\u0103lbatic\u0103 a Covasnei\"}]},{\"@type\":\"WebSite\",\"@id\":\"https:\\\/\\\/covasna45.ro\\\/#website\",\"url\":\"https:\\\/\\\/covasna45.ro\\\/\",\"name\":\"covasna45.ro\",\"description\":\"\",\"publisher\":{\"@id\":\"https:\\\/\\\/covasna45.ro\\\/#organization\"},\"potentialAction\":[{\"@type\":\"SearchAction\",\"target\":{\"@type\":\"EntryPoint\",\"urlTemplate\":\"https:\\\/\\\/covasna45.ro\\\/?s={search_term_string}\"},\"query-input\":{\"@type\":\"PropertyValueSpecification\",\"valueRequired\":true,\"valueName\":\"search_term_string\"}}],\"inLanguage\":\"ro-RO\"},{\"@type\":\"Organization\",\"@id\":\"https:\\\/\\\/covasna45.ro\\\/#organization\",\"name\":\"covasna45.ro\",\"url\":\"https:\\\/\\\/covasna45.ro\\\/\",\"logo\":{\"@type\":\"ImageObject\",\"inLanguage\":\"ro-RO\",\"@id\":\"https:\\\/\\\/covasna45.ro\\\/#\\\/schema\\\/logo\\\/image\\\/\",\"url\":\"https:\\\/\\\/covasna45.ro\\\/wp-content\\\/uploads\\\/2023\\\/01\\\/icon_logo.png\",\"contentUrl\":\"https:\\\/\\\/covasna45.ro\\\/wp-content\\\/uploads\\\/2023\\\/01\\\/icon_logo.png\",\"width\":1900,\"height\":1900,\"caption\":\"covasna45.ro\"},\"image\":{\"@id\":\"https:\\\/\\\/covasna45.ro\\\/#\\\/schema\\\/logo\\\/image\\\/\"}},{\"@type\":\"Person\",\"@id\":\"https:\\\/\\\/covasna45.ro\\\/#\\\/schema\\\/person\\\/61da1a7be79ee90c01960fbe1bd7db48\",\"name\":\"Bogdan Artenie\",\"image\":{\"@type\":\"ImageObject\",\"inLanguage\":\"ro-RO\",\"@id\":\"https:\\\/\\\/secure.gravatar.com\\\/avatar\\\/0895022119c428c277905a7710c2e40dd98e87a9c32949caddda010f7772e1c7?s=96&d=mm&r=g\",\"url\":\"https:\\\/\\\/secure.gravatar.com\\\/avatar\\\/0895022119c428c277905a7710c2e40dd98e87a9c32949caddda010f7772e1c7?s=96&d=mm&r=g\",\"contentUrl\":\"https:\\\/\\\/secure.gravatar.com\\\/avatar\\\/0895022119c428c277905a7710c2e40dd98e87a9c32949caddda010f7772e1c7?s=96&d=mm&r=g\",\"caption\":\"Bogdan Artenie\"},\"sameAs\":[\"http:\\\/\\\/covasna45.ro\"],\"url\":\"https:\\\/\\\/covasna45.ro\\\/index.php\\\/author\\\/bogdan-artenie\\\/\"}]}<\/script>\n<!-- \/ Yoast SEO plugin. -->","yoast_head_json":{"title":"N\u0103p\u00e2rca, o prezen\u021b\u0103 discret\u0103 \u00een via\u021ba s\u0103lbatic\u0103 a Covasnei - Covasna45","description":"Iar pentru om, lucrurile sunt mult mai simple: dac\u0103 \u00eent\u00e2lnim o n\u0103p\u00e2rc\u0103, nu avem niciun motiv s\u0103 o omor\u00e2m. Nu este viper\u0103, nu este veninoas\u0103","robots":{"index":"index","follow":"follow","max-snippet":"max-snippet:-1","max-image-preview":"max-image-preview:large","max-video-preview":"max-video-preview:-1"},"canonical":"https:\/\/covasna45.ro\/index.php\/viata-salbatica\/naparca-o-prezenta-discreta-in-viata-salbatica-a-covasnei\/","og_locale":"ro_RO","og_type":"article","og_title":"N\u0103p\u00e2rca, o prezen\u021b\u0103 discret\u0103 \u00een via\u021ba s\u0103lbatic\u0103 a Covasnei - Covasna45","og_description":"Iar pentru om, lucrurile sunt mult mai simple: dac\u0103 \u00eent\u00e2lnim o n\u0103p\u00e2rc\u0103, nu avem niciun motiv s\u0103 o omor\u00e2m. Nu este viper\u0103, nu este veninoas\u0103","og_url":"https:\/\/covasna45.ro\/index.php\/viata-salbatica\/naparca-o-prezenta-discreta-in-viata-salbatica-a-covasnei\/","og_site_name":"Covasna45","article_published_time":"2026-08-31T07:02:23+00:00","article_modified_time":"2026-08-31T07:07:20+00:00","og_image":[{"width":1600,"height":900,"url":"https:\/\/covasna45.ro\/wp-content\/uploads\/2026\/08\/Naparca-.jpeg","type":"image\/jpeg"}],"author":"Bogdan Artenie","twitter_card":"summary_large_image","twitter_misc":{"Scris de":"Bogdan Artenie","Timp estimat pentru citire":"4 minute"},"schema":{"@context":"https:\/\/schema.org","@graph":[{"@type":"Article","@id":"https:\/\/covasna45.ro\/index.php\/viata-salbatica\/naparca-o-prezenta-discreta-in-viata-salbatica-a-covasnei\/#article","isPartOf":{"@id":"https:\/\/covasna45.ro\/index.php\/viata-salbatica\/naparca-o-prezenta-discreta-in-viata-salbatica-a-covasnei\/"},"author":{"name":"Bogdan Artenie","@id":"https:\/\/covasna45.ro\/#\/schema\/person\/61da1a7be79ee90c01960fbe1bd7db48"},"headline":"N\u0103p\u00e2rca, o prezen\u021b\u0103 discret\u0103 \u00een via\u021ba s\u0103lbatic\u0103 a Covasnei","datePublished":"2026-08-31T07:02:23+00:00","dateModified":"2026-08-31T07:07:20+00:00","mainEntityOfPage":{"@id":"https:\/\/covasna45.ro\/index.php\/viata-salbatica\/naparca-o-prezenta-discreta-in-viata-salbatica-a-covasnei\/"},"wordCount":576,"commentCount":0,"publisher":{"@id":"https:\/\/covasna45.ro\/#organization"},"image":{"@id":"https:\/\/covasna45.ro\/index.php\/viata-salbatica\/naparca-o-prezenta-discreta-in-viata-salbatica-a-covasnei\/#primaryimage"},"thumbnailUrl":"https:\/\/covasna45.ro\/wp-content\/uploads\/2026\/08\/Naparca-.jpeg","keywords":["covasna","N\u0103p\u00e2rca","Natur\u0103","p\u0103dure","\u0218op\u00e2rl\u0103"],"articleSection":["Via\u021b\u0103 s\u0103lbatic\u0103"],"inLanguage":"ro-RO","potentialAction":[{"@type":"CommentAction","name":"Comment","target":["https:\/\/covasna45.ro\/index.php\/viata-salbatica\/naparca-o-prezenta-discreta-in-viata-salbatica-a-covasnei\/#respond"]}]},{"@type":"WebPage","@id":"https:\/\/covasna45.ro\/index.php\/viata-salbatica\/naparca-o-prezenta-discreta-in-viata-salbatica-a-covasnei\/","url":"https:\/\/covasna45.ro\/index.php\/viata-salbatica\/naparca-o-prezenta-discreta-in-viata-salbatica-a-covasnei\/","name":"N\u0103p\u00e2rca, o prezen\u021b\u0103 discret\u0103 \u00een via\u021ba s\u0103lbatic\u0103 a Covasnei - Covasna45","isPartOf":{"@id":"https:\/\/covasna45.ro\/#website"},"primaryImageOfPage":{"@id":"https:\/\/covasna45.ro\/index.php\/viata-salbatica\/naparca-o-prezenta-discreta-in-viata-salbatica-a-covasnei\/#primaryimage"},"image":{"@id":"https:\/\/covasna45.ro\/index.php\/viata-salbatica\/naparca-o-prezenta-discreta-in-viata-salbatica-a-covasnei\/#primaryimage"},"thumbnailUrl":"https:\/\/covasna45.ro\/wp-content\/uploads\/2026\/08\/Naparca-.jpeg","datePublished":"2026-08-31T07:02:23+00:00","dateModified":"2026-08-31T07:07:20+00:00","description":"Iar pentru om, lucrurile sunt mult mai simple: dac\u0103 \u00eent\u00e2lnim o n\u0103p\u00e2rc\u0103, nu avem niciun motiv s\u0103 o omor\u00e2m. Nu este viper\u0103, nu este veninoas\u0103","breadcrumb":{"@id":"https:\/\/covasna45.ro\/index.php\/viata-salbatica\/naparca-o-prezenta-discreta-in-viata-salbatica-a-covasnei\/#breadcrumb"},"inLanguage":"ro-RO","potentialAction":[{"@type":"ReadAction","target":["https:\/\/covasna45.ro\/index.php\/viata-salbatica\/naparca-o-prezenta-discreta-in-viata-salbatica-a-covasnei\/"]}]},{"@type":"ImageObject","inLanguage":"ro-RO","@id":"https:\/\/covasna45.ro\/index.php\/viata-salbatica\/naparca-o-prezenta-discreta-in-viata-salbatica-a-covasnei\/#primaryimage","url":"https:\/\/covasna45.ro\/wp-content\/uploads\/2026\/08\/Naparca-.jpeg","contentUrl":"https:\/\/covasna45.ro\/wp-content\/uploads\/2026\/08\/Naparca-.jpeg","width":1600,"height":900},{"@type":"BreadcrumbList","@id":"https:\/\/covasna45.ro\/index.php\/viata-salbatica\/naparca-o-prezenta-discreta-in-viata-salbatica-a-covasnei\/#breadcrumb","itemListElement":[{"@type":"ListItem","position":1,"name":"Prima pagin\u0103","item":"https:\/\/covasna45.ro\/"},{"@type":"ListItem","position":2,"name":"N\u0103p\u00e2rca, o prezen\u021b\u0103 discret\u0103 \u00een via\u021ba s\u0103lbatic\u0103 a Covasnei"}]},{"@type":"WebSite","@id":"https:\/\/covasna45.ro\/#website","url":"https:\/\/covasna45.ro\/","name":"covasna45.ro","description":"","publisher":{"@id":"https:\/\/covasna45.ro\/#organization"},"potentialAction":[{"@type":"SearchAction","target":{"@type":"EntryPoint","urlTemplate":"https:\/\/covasna45.ro\/?s={search_term_string}"},"query-input":{"@type":"PropertyValueSpecification","valueRequired":true,"valueName":"search_term_string"}}],"inLanguage":"ro-RO"},{"@type":"Organization","@id":"https:\/\/covasna45.ro\/#organization","name":"covasna45.ro","url":"https:\/\/covasna45.ro\/","logo":{"@type":"ImageObject","inLanguage":"ro-RO","@id":"https:\/\/covasna45.ro\/#\/schema\/logo\/image\/","url":"https:\/\/covasna45.ro\/wp-content\/uploads\/2023\/01\/icon_logo.png","contentUrl":"https:\/\/covasna45.ro\/wp-content\/uploads\/2023\/01\/icon_logo.png","width":1900,"height":1900,"caption":"covasna45.ro"},"image":{"@id":"https:\/\/covasna45.ro\/#\/schema\/logo\/image\/"}},{"@type":"Person","@id":"https:\/\/covasna45.ro\/#\/schema\/person\/61da1a7be79ee90c01960fbe1bd7db48","name":"Bogdan Artenie","image":{"@type":"ImageObject","inLanguage":"ro-RO","@id":"https:\/\/secure.gravatar.com\/avatar\/0895022119c428c277905a7710c2e40dd98e87a9c32949caddda010f7772e1c7?s=96&d=mm&r=g","url":"https:\/\/secure.gravatar.com\/avatar\/0895022119c428c277905a7710c2e40dd98e87a9c32949caddda010f7772e1c7?s=96&d=mm&r=g","contentUrl":"https:\/\/secure.gravatar.com\/avatar\/0895022119c428c277905a7710c2e40dd98e87a9c32949caddda010f7772e1c7?s=96&d=mm&r=g","caption":"Bogdan Artenie"},"sameAs":["http:\/\/covasna45.ro"],"url":"https:\/\/covasna45.ro\/index.php\/author\/bogdan-artenie\/"}]}},"amp_enabled":true,"_links":{"self":[{"href":"https:\/\/covasna45.ro\/index.php\/wp-json\/wp\/v2\/posts\/18242","targetHints":{"allow":["GET"]}}],"collection":[{"href":"https:\/\/covasna45.ro\/index.php\/wp-json\/wp\/v2\/posts"}],"about":[{"href":"https:\/\/covasna45.ro\/index.php\/wp-json\/wp\/v2\/types\/post"}],"author":[{"embeddable":true,"href":"https:\/\/covasna45.ro\/index.php\/wp-json\/wp\/v2\/users\/32231"}],"replies":[{"embeddable":true,"href":"https:\/\/covasna45.ro\/index.php\/wp-json\/wp\/v2\/comments?post=18242"}],"version-history":[{"count":4,"href":"https:\/\/covasna45.ro\/index.php\/wp-json\/wp\/v2\/posts\/18242\/revisions"}],"predecessor-version":[{"id":18249,"href":"https:\/\/covasna45.ro\/index.php\/wp-json\/wp\/v2\/posts\/18242\/revisions\/18249"}],"wp:featuredmedia":[{"embeddable":true,"href":"https:\/\/covasna45.ro\/index.php\/wp-json\/wp\/v2\/media\/18244"}],"wp:attachment":[{"href":"https:\/\/covasna45.ro\/index.php\/wp-json\/wp\/v2\/media?parent=18242"}],"wp:term":[{"taxonomy":"category","embeddable":true,"href":"https:\/\/covasna45.ro\/index.php\/wp-json\/wp\/v2\/categories?post=18242"},{"taxonomy":"post_tag","embeddable":true,"href":"https:\/\/covasna45.ro\/index.php\/wp-json\/wp\/v2\/tags?post=18242"}],"curies":[{"name":"wp","href":"https:\/\/api.w.org\/{rel}","templated":true}]}}