{"id":18250,"date":"2026-08-31T10:09:37","date_gmt":"2026-08-31T08:09:37","guid":{"rendered":"https:\/\/covasna45.ro\/?p=18250"},"modified":"2026-08-31T10:34:38","modified_gmt":"2026-08-31T08:34:38","slug":"tinerii-din-covasna-cresc-miza-la-zilele-orasului-kult-ur-nu-inseamna-doar-muzica","status":"publish","type":"post","link":"https:\/\/covasna45.ro\/index.php\/lumea-noastra\/tinerii-din-covasna-cresc-miza-la-zilele-orasului-kult-ur-nu-inseamna-doar-muzica\/","title":{"rendered":"Tinerii din Covasna cresc miza la Zilele Ora\u0219ului: Kult-\u0170r nu \u00eenseamn\u0103 doar muzic\u0103"},"content":{"rendered":"\n<p class=\"wp-block-paragraph\">Asocia\u021bia Tinerilor din ora\u0219ul Covasna, FIKOSZ, organizeaz\u0103 \u0219i \u00een acest an evenimentul devenit deja traditional: Kult-\u0170r.<\/p>\n\n\n\n<p class=\"wp-block-paragraph\">Un grup de prieteni entuzia\u0219ti muncesc cu mult timp \u00eenainte s\u0103 str\u00e2ng\u0103 fonduri pentru arti\u0219ti \u0219i s\u0103 amenajeze un loc primitor pentru tineri. An dup\u0103 an, Kult-\u0170r a devenit sinonim cu distrac\u021bia de seara p\u00e2n\u0103 diminea\u021ba. Num\u0103rul participan\u021bilor a crescut de la an la an.<\/p>\n\n\n\n<figure class=\"wp-block-image size-large\"><img loading=\"lazy\" decoding=\"async\" width=\"1024\" height=\"683\" src=\"https:\/\/covasna45.ro\/wp-content\/uploads\/2026\/08\/k2-1024x683.jpg\" alt=\"\" class=\"wp-image-18253\" srcset=\"https:\/\/covasna45.ro\/wp-content\/uploads\/2026\/08\/k2-1024x683.jpg 1024w, https:\/\/covasna45.ro\/wp-content\/uploads\/2026\/08\/k2-300x200.jpg 300w, https:\/\/covasna45.ro\/wp-content\/uploads\/2026\/08\/k2-767x511.jpg 767w, https:\/\/covasna45.ro\/wp-content\/uploads\/2026\/08\/k2-149x99.jpg 149w, https:\/\/covasna45.ro\/wp-content\/uploads\/2026\/08\/k2-1536x1024.jpg 1536w, https:\/\/covasna45.ro\/wp-content\/uploads\/2026\/08\/k2-299x199.jpg 299w, https:\/\/covasna45.ro\/wp-content\/uploads\/2026\/08\/k2-323x215.jpg 323w, https:\/\/covasna45.ro\/wp-content\/uploads\/2026\/08\/k2-695x463.jpg 695w, https:\/\/covasna45.ro\/wp-content\/uploads\/2026\/08\/k2-1067x711.jpg 1067w, https:\/\/covasna45.ro\/wp-content\/uploads\/2026\/08\/k2-1919x1279.jpg 1919w, https:\/\/covasna45.ro\/wp-content\/uploads\/2026\/08\/k2.jpg 2048w\" sizes=\"auto, (max-width: 1024px) 100vw, 1024px\" \/><\/figure>\n\n\n\n<p class=\"wp-block-paragraph\">\u00cen 2026, cresc miza \u0219i adaug\u0103, pe l\u00e2ng\u0103 lista de DJ invita\u021bi, \u0219i c\u00e2teva dezbateri pe teme de interes pentru tineri.<\/p>\n\n\n\n<h2 class=\"wp-block-heading\">MMA, afaceri, dezvoltare personal\u0103<\/h2>\n\n\n\n<p class=\"wp-block-paragraph\">\u201e<strong><em>Kult-\u0170r nu \u00eenseamn\u0103 doar petrecerile de sear\u0103. S\u00e2mb\u0103t\u0103, \u00eentre orele 11:00 \u0219i 19:00, \u00eei a\u0219tept\u0103m pe locuitorii ora\u0219ului \u0219i nu numai la Ziua Familiei, cu jocuri gratuite pentru copii, un castel gonflabil oferit de Crucea Ro\u0219ie \u0219i diverse activit\u0103\u021bi pentru \u00eentreaga familie.<\/em><\/strong><\/p>\n\n\n\n<p class=\"wp-block-paragraph\"><strong><em>Tot s\u00e2mb\u0103t\u0103, preg\u0103tim trei discu\u021bii gratuite, interesante \u0219i inspira\u021bionale. Prima e cu psihologul Orsolya Dombi despre voluntariat \u0219i dezvoltare personal\u0103, cu Luka Levente, cofondatorul <a href=\"http:\/\/emudding.ro\/?utm_id=97758_v0_s00_e0_tv2_a1demo0ec71ar5&amp;fbclid=IwcGRvZgVleHRuA2FlbQIxMABicmlkETBZUzJTbVpkbktBWHNvRjFuc3J0YwZhcHBfaWQQMjIyMDM5MTc4ODIwMDg5MgABHqYMqSHDJAEfJxJzhqdDPrUxNtd950gBLbl2f_8ew7bSQ2vSnIF8Y9I_bTsZ_aem_4VQjrC2ZwCdkJooy5zb6uQ\" target=\"_blank\" rel=\"noopener\">eMudding.ro<\/a>, despre construirea unei afaceri, precum \u0219i cu \u00c1kos Tor\u00f3, lupt\u0103tor MMA, despre sport, lupt\u0103 \u0219i via\u021ba de dincolo de cu\u0219c\u0103<\/em><\/strong>\u201d, transmit cei de la FIKOSZ.<\/p>\n\n\n\n<figure class=\"wp-block-image size-large\"><img loading=\"lazy\" decoding=\"async\" width=\"1024\" height=\"683\" src=\"https:\/\/covasna45.ro\/wp-content\/uploads\/2026\/08\/kv-1024x683.jpg\" alt=\"\" class=\"wp-image-18252\" srcset=\"https:\/\/covasna45.ro\/wp-content\/uploads\/2026\/08\/kv-1024x683.jpg 1024w, https:\/\/covasna45.ro\/wp-content\/uploads\/2026\/08\/kv-300x200.jpg 300w, https:\/\/covasna45.ro\/wp-content\/uploads\/2026\/08\/kv-767x512.jpg 767w, https:\/\/covasna45.ro\/wp-content\/uploads\/2026\/08\/kv-149x99.jpg 149w, https:\/\/covasna45.ro\/wp-content\/uploads\/2026\/08\/kv-299x199.jpg 299w, https:\/\/covasna45.ro\/wp-content\/uploads\/2026\/08\/kv-324x216.jpg 324w, https:\/\/covasna45.ro\/wp-content\/uploads\/2026\/08\/kv-695x464.jpg 695w, https:\/\/covasna45.ro\/wp-content\/uploads\/2026\/08\/kv-1067x712.jpg 1067w, https:\/\/covasna45.ro\/wp-content\/uploads\/2026\/08\/kv.jpg 1440w\" sizes=\"auto, (max-width: 1024px) 100vw, 1024px\" \/><\/figure>\n\n\n\n<p class=\"wp-block-paragraph\">Organizarea Kult-\u0170r 2026 este posibil\u0103 \u0219i \u00een acest an cu sprijinul mai multor parteneri \u0219i sponsori. Printre sus\u021bin\u0103torii evenimentului se num\u0103r\u0103 Agro Electro \u2013 magazin specializat \u00een zootehnie din Sf\u00e2ntu Gheorghe, VISS S.R.L., Cleanera Solution, Funda\u021bia Communitas, UDMR, precum \u0219i Prim\u0103ria Ora\u0219ului Covasna. De asemenea, mai multe \u00eentreprinderi locale \u0219i din \u00eemprejurimi contribuie la realizarea evenimentului, c\u0103rora organizatorii le mul\u021bumesc pe aceast\u0103 cale pentru sprijinul acordat \u0219i pentru \u00eencredere.<\/p>\n\n\n\n<p class=\"wp-block-paragraph\"><a href=\"https:\/\/covasna45.ro\/index.php\/lumea-noastra\/cargo-alessia-rares-printre-artistii-invitati-la-zilele-orasului-covasna\/\">Zilele Ora\u0219ului Covasna<\/a> au loc \u00eentre 4 \u0219i 6 septembrie. Prim\u0103ria \u0219i Consiliul Local Covasna aduc la eveniment arti\u0219ti pentru toate categoriile de public. Printre ace\u0219tia, Cargo, Alessia, Rare\u0219, Korda Gy\u00f6rgy, Dreamflow, No Sugar, Background.<\/p>\n\n\n\n<p class=\"wp-block-paragraph\"><em>Detalii despre Kult-\u0170r, <a href=\"https:\/\/www.facebook.com\/kulturkovaszna\">AICI.<\/a><\/em><\/p>\n","protected":false},"excerpt":{"rendered":"<p>Asocia\u021bia Tinerilor din ora\u0219ul Covasna, FIKOSZ, organizeaz\u0103 \u0219i \u00een acest an evenimentul devenit deja traditional: Kult-\u0170r. Un grup de prieteni entuzia\u0219ti muncesc cu mult timp \u00eenainte s\u0103 str\u00e2ng\u0103 fonduri pentru arti\u0219ti \u0219i s\u0103 amenajeze un loc primitor pentru tineri. An dup\u0103 an, Kult-\u0170r a devenit sinonim cu distrac\u021bia de seara p\u00e2n\u0103 diminea\u021ba. Num\u0103rul participan\u021bilor a [&hellip;]<\/p>\n","protected":false},"author":1,"featured_media":18251,"comment_status":"open","ping_status":"closed","sticky":false,"template":"","format":"standard","meta":{"tdm_status":"","tdm_grid_status":"","footnotes":""},"categories":[14],"tags":[21,3865,1032,2683],"class_list":["post-18250","post","type-post","status-publish","format-standard","has-post-thumbnail","category-lumea-noastra","tag-covasna","tag-kult-ur","tag-tineri","tag-zilele-orasului"],"yoast_head":"<!-- This site is optimized with the Yoast SEO plugin v28.3 - https:\/\/yoast.com\/product\/yoast-seo-wordpress\/ -->\n<title>Tinerii din Covasna cresc miza la Zilele Ora\u0219ului: Kult-\u0170r nu \u00eenseamn\u0103 doar muzic\u0103 - Covasna45<\/title>\n<meta name=\"description\" content=\"Asocia\u021bia Tinerilor din ora\u0219ul Covasna, FIKOSZ, organizeaz\u0103 \u0219i la aceast\u0103 edi\u021bie a Zilelor Ora\u0219ului evenimentul devenit deja traditional: Kult-\u0170r.\" \/>\n<meta name=\"robots\" content=\"index, follow, max-snippet:-1, max-image-preview:large, max-video-preview:-1\" \/>\n<link rel=\"canonical\" href=\"https:\/\/covasna45.ro\/index.php\/lumea-noastra\/tinerii-din-covasna-cresc-miza-la-zilele-orasului-kult-ur-nu-inseamna-doar-muzica\/\" \/>\n<meta property=\"og:locale\" content=\"ro_RO\" \/>\n<meta property=\"og:type\" content=\"article\" \/>\n<meta property=\"og:title\" content=\"Tinerii din Covasna cresc miza la Zilele Ora\u0219ului: Kult-\u0170r nu \u00eenseamn\u0103 doar muzic\u0103 - Covasna45\" \/>\n<meta property=\"og:description\" content=\"Asocia\u021bia Tinerilor din ora\u0219ul Covasna, FIKOSZ, organizeaz\u0103 \u0219i la aceast\u0103 edi\u021bie a Zilelor Ora\u0219ului evenimentul devenit deja traditional: Kult-\u0170r.\" \/>\n<meta property=\"og:url\" content=\"https:\/\/covasna45.ro\/index.php\/lumea-noastra\/tinerii-din-covasna-cresc-miza-la-zilele-orasului-kult-ur-nu-inseamna-doar-muzica\/\" \/>\n<meta property=\"og:site_name\" content=\"Covasna45\" \/>\n<meta property=\"article:published_time\" content=\"2026-08-31T08:09:37+00:00\" \/>\n<meta property=\"article:modified_time\" content=\"2026-08-31T08:34:38+00:00\" \/>\n<meta property=\"og:image\" content=\"https:\/\/covasna45.ro\/wp-content\/uploads\/2026\/08\/k4.jpg\" \/>\n\t<meta property=\"og:image:width\" content=\"2048\" \/>\n\t<meta property=\"og:image:height\" content=\"1365\" \/>\n\t<meta property=\"og:image:type\" content=\"image\/jpeg\" \/>\n<meta name=\"author\" content=\"Covasna45\" \/>\n<meta name=\"twitter:card\" content=\"summary_large_image\" \/>\n<meta name=\"twitter:label1\" content=\"Scris de\" \/>\n\t<meta name=\"twitter:data1\" content=\"Covasna45\" \/>\n\t<meta name=\"twitter:label2\" content=\"Timp estimat pentru citire\" \/>\n\t<meta name=\"twitter:data2\" content=\"3 minute\" \/>\n<script type=\"application\/ld+json\" class=\"yoast-schema-graph\">{\"@context\":\"https:\\\/\\\/schema.org\",\"@graph\":[{\"@type\":\"Article\",\"@id\":\"https:\\\/\\\/covasna45.ro\\\/index.php\\\/lumea-noastra\\\/tinerii-din-covasna-cresc-miza-la-zilele-orasului-kult-ur-nu-inseamna-doar-muzica\\\/#article\",\"isPartOf\":{\"@id\":\"https:\\\/\\\/covasna45.ro\\\/index.php\\\/lumea-noastra\\\/tinerii-din-covasna-cresc-miza-la-zilele-orasului-kult-ur-nu-inseamna-doar-muzica\\\/\"},\"author\":{\"name\":\"Covasna45\",\"@id\":\"https:\\\/\\\/covasna45.ro\\\/#\\\/schema\\\/person\\\/e674052bd7d95d70bbb007a1060ab73c\"},\"headline\":\"Tinerii din Covasna cresc miza la Zilele Ora\u0219ului: Kult-\u0170r nu \u00eenseamn\u0103 doar muzic\u0103\",\"datePublished\":\"2026-08-31T08:09:37+00:00\",\"dateModified\":\"2026-08-31T08:34:38+00:00\",\"mainEntityOfPage\":{\"@id\":\"https:\\\/\\\/covasna45.ro\\\/index.php\\\/lumea-noastra\\\/tinerii-din-covasna-cresc-miza-la-zilele-orasului-kult-ur-nu-inseamna-doar-muzica\\\/\"},\"wordCount\":344,\"commentCount\":0,\"publisher\":{\"@id\":\"https:\\\/\\\/covasna45.ro\\\/#organization\"},\"image\":{\"@id\":\"https:\\\/\\\/covasna45.ro\\\/index.php\\\/lumea-noastra\\\/tinerii-din-covasna-cresc-miza-la-zilele-orasului-kult-ur-nu-inseamna-doar-muzica\\\/#primaryimage\"},\"thumbnailUrl\":\"https:\\\/\\\/covasna45.ro\\\/wp-content\\\/uploads\\\/2026\\\/08\\\/k4.jpg\",\"keywords\":[\"covasna\",\"Kult Ur\",\"Tineri\",\"zilele orasului\"],\"articleSection\":[\"Lumea noastr\u0103\"],\"inLanguage\":\"ro-RO\",\"potentialAction\":[{\"@type\":\"CommentAction\",\"name\":\"Comment\",\"target\":[\"https:\\\/\\\/covasna45.ro\\\/index.php\\\/lumea-noastra\\\/tinerii-din-covasna-cresc-miza-la-zilele-orasului-kult-ur-nu-inseamna-doar-muzica\\\/#respond\"]}]},{\"@type\":\"WebPage\",\"@id\":\"https:\\\/\\\/covasna45.ro\\\/index.php\\\/lumea-noastra\\\/tinerii-din-covasna-cresc-miza-la-zilele-orasului-kult-ur-nu-inseamna-doar-muzica\\\/\",\"url\":\"https:\\\/\\\/covasna45.ro\\\/index.php\\\/lumea-noastra\\\/tinerii-din-covasna-cresc-miza-la-zilele-orasului-kult-ur-nu-inseamna-doar-muzica\\\/\",\"name\":\"Tinerii din Covasna cresc miza la Zilele Ora\u0219ului: Kult-\u0170r nu \u00eenseamn\u0103 doar muzic\u0103 - Covasna45\",\"isPartOf\":{\"@id\":\"https:\\\/\\\/covasna45.ro\\\/#website\"},\"primaryImageOfPage\":{\"@id\":\"https:\\\/\\\/covasna45.ro\\\/index.php\\\/lumea-noastra\\\/tinerii-din-covasna-cresc-miza-la-zilele-orasului-kult-ur-nu-inseamna-doar-muzica\\\/#primaryimage\"},\"image\":{\"@id\":\"https:\\\/\\\/covasna45.ro\\\/index.php\\\/lumea-noastra\\\/tinerii-din-covasna-cresc-miza-la-zilele-orasului-kult-ur-nu-inseamna-doar-muzica\\\/#primaryimage\"},\"thumbnailUrl\":\"https:\\\/\\\/covasna45.ro\\\/wp-content\\\/uploads\\\/2026\\\/08\\\/k4.jpg\",\"datePublished\":\"2026-08-31T08:09:37+00:00\",\"dateModified\":\"2026-08-31T08:34:38+00:00\",\"description\":\"Asocia\u021bia Tinerilor din ora\u0219ul Covasna, FIKOSZ, organizeaz\u0103 \u0219i la aceast\u0103 edi\u021bie a Zilelor Ora\u0219ului evenimentul devenit deja traditional: Kult-\u0170r.\",\"breadcrumb\":{\"@id\":\"https:\\\/\\\/covasna45.ro\\\/index.php\\\/lumea-noastra\\\/tinerii-din-covasna-cresc-miza-la-zilele-orasului-kult-ur-nu-inseamna-doar-muzica\\\/#breadcrumb\"},\"inLanguage\":\"ro-RO\",\"potentialAction\":[{\"@type\":\"ReadAction\",\"target\":[\"https:\\\/\\\/covasna45.ro\\\/index.php\\\/lumea-noastra\\\/tinerii-din-covasna-cresc-miza-la-zilele-orasului-kult-ur-nu-inseamna-doar-muzica\\\/\"]}]},{\"@type\":\"ImageObject\",\"inLanguage\":\"ro-RO\",\"@id\":\"https:\\\/\\\/covasna45.ro\\\/index.php\\\/lumea-noastra\\\/tinerii-din-covasna-cresc-miza-la-zilele-orasului-kult-ur-nu-inseamna-doar-muzica\\\/#primaryimage\",\"url\":\"https:\\\/\\\/covasna45.ro\\\/wp-content\\\/uploads\\\/2026\\\/08\\\/k4.jpg\",\"contentUrl\":\"https:\\\/\\\/covasna45.ro\\\/wp-content\\\/uploads\\\/2026\\\/08\\\/k4.jpg\",\"width\":2048,\"height\":1365},{\"@type\":\"BreadcrumbList\",\"@id\":\"https:\\\/\\\/covasna45.ro\\\/index.php\\\/lumea-noastra\\\/tinerii-din-covasna-cresc-miza-la-zilele-orasului-kult-ur-nu-inseamna-doar-muzica\\\/#breadcrumb\",\"itemListElement\":[{\"@type\":\"ListItem\",\"position\":1,\"name\":\"Prima pagin\u0103\",\"item\":\"https:\\\/\\\/covasna45.ro\\\/\"},{\"@type\":\"ListItem\",\"position\":2,\"name\":\"Tinerii din Covasna cresc miza la Zilele Ora\u0219ului: Kult-\u0170r nu \u00eenseamn\u0103 doar muzic\u0103\"}]},{\"@type\":\"WebSite\",\"@id\":\"https:\\\/\\\/covasna45.ro\\\/#website\",\"url\":\"https:\\\/\\\/covasna45.ro\\\/\",\"name\":\"covasna45.ro\",\"description\":\"\",\"publisher\":{\"@id\":\"https:\\\/\\\/covasna45.ro\\\/#organization\"},\"potentialAction\":[{\"@type\":\"SearchAction\",\"target\":{\"@type\":\"EntryPoint\",\"urlTemplate\":\"https:\\\/\\\/covasna45.ro\\\/?s={search_term_string}\"},\"query-input\":{\"@type\":\"PropertyValueSpecification\",\"valueRequired\":true,\"valueName\":\"search_term_string\"}}],\"inLanguage\":\"ro-RO\"},{\"@type\":\"Organization\",\"@id\":\"https:\\\/\\\/covasna45.ro\\\/#organization\",\"name\":\"covasna45.ro\",\"url\":\"https:\\\/\\\/covasna45.ro\\\/\",\"logo\":{\"@type\":\"ImageObject\",\"inLanguage\":\"ro-RO\",\"@id\":\"https:\\\/\\\/covasna45.ro\\\/#\\\/schema\\\/logo\\\/image\\\/\",\"url\":\"https:\\\/\\\/covasna45.ro\\\/wp-content\\\/uploads\\\/2023\\\/01\\\/icon_logo.png\",\"contentUrl\":\"https:\\\/\\\/covasna45.ro\\\/wp-content\\\/uploads\\\/2023\\\/01\\\/icon_logo.png\",\"width\":1900,\"height\":1900,\"caption\":\"covasna45.ro\"},\"image\":{\"@id\":\"https:\\\/\\\/covasna45.ro\\\/#\\\/schema\\\/logo\\\/image\\\/\"}},{\"@type\":\"Person\",\"@id\":\"https:\\\/\\\/covasna45.ro\\\/#\\\/schema\\\/person\\\/e674052bd7d95d70bbb007a1060ab73c\",\"name\":\"Covasna45\",\"image\":{\"@type\":\"ImageObject\",\"inLanguage\":\"ro-RO\",\"@id\":\"https:\\\/\\\/covasna45.ro\\\/wp-content\\\/uploads\\\/2025\\\/10\\\/icon_logo_covasna45-150x150.png\",\"url\":\"https:\\\/\\\/covasna45.ro\\\/wp-content\\\/uploads\\\/2025\\\/10\\\/icon_logo_covasna45-150x150.png\",\"contentUrl\":\"https:\\\/\\\/covasna45.ro\\\/wp-content\\\/uploads\\\/2025\\\/10\\\/icon_logo_covasna45-150x150.png\",\"caption\":\"Covasna45\"},\"sameAs\":[\"https:\\\/\\\/covasna45.ro\"],\"url\":\"https:\\\/\\\/covasna45.ro\\\/index.php\\\/author\\\/covasna\\\/\"}]}<\/script>\n<!-- \/ Yoast SEO plugin. -->","yoast_head_json":{"title":"Tinerii din Covasna cresc miza la Zilele Ora\u0219ului: Kult-\u0170r nu \u00eenseamn\u0103 doar muzic\u0103 - Covasna45","description":"Asocia\u021bia Tinerilor din ora\u0219ul Covasna, FIKOSZ, organizeaz\u0103 \u0219i la aceast\u0103 edi\u021bie a Zilelor Ora\u0219ului evenimentul devenit deja traditional: Kult-\u0170r.","robots":{"index":"index","follow":"follow","max-snippet":"max-snippet:-1","max-image-preview":"max-image-preview:large","max-video-preview":"max-video-preview:-1"},"canonical":"https:\/\/covasna45.ro\/index.php\/lumea-noastra\/tinerii-din-covasna-cresc-miza-la-zilele-orasului-kult-ur-nu-inseamna-doar-muzica\/","og_locale":"ro_RO","og_type":"article","og_title":"Tinerii din Covasna cresc miza la Zilele Ora\u0219ului: Kult-\u0170r nu \u00eenseamn\u0103 doar muzic\u0103 - Covasna45","og_description":"Asocia\u021bia Tinerilor din ora\u0219ul Covasna, FIKOSZ, organizeaz\u0103 \u0219i la aceast\u0103 edi\u021bie a Zilelor Ora\u0219ului evenimentul devenit deja traditional: Kult-\u0170r.","og_url":"https:\/\/covasna45.ro\/index.php\/lumea-noastra\/tinerii-din-covasna-cresc-miza-la-zilele-orasului-kult-ur-nu-inseamna-doar-muzica\/","og_site_name":"Covasna45","article_published_time":"2026-08-31T08:09:37+00:00","article_modified_time":"2026-08-31T08:34:38+00:00","og_image":[{"width":2048,"height":1365,"url":"https:\/\/covasna45.ro\/wp-content\/uploads\/2026\/08\/k4.jpg","type":"image\/jpeg"}],"author":"Covasna45","twitter_card":"summary_large_image","twitter_misc":{"Scris de":"Covasna45","Timp estimat pentru citire":"3 minute"},"schema":{"@context":"https:\/\/schema.org","@graph":[{"@type":"Article","@id":"https:\/\/covasna45.ro\/index.php\/lumea-noastra\/tinerii-din-covasna-cresc-miza-la-zilele-orasului-kult-ur-nu-inseamna-doar-muzica\/#article","isPartOf":{"@id":"https:\/\/covasna45.ro\/index.php\/lumea-noastra\/tinerii-din-covasna-cresc-miza-la-zilele-orasului-kult-ur-nu-inseamna-doar-muzica\/"},"author":{"name":"Covasna45","@id":"https:\/\/covasna45.ro\/#\/schema\/person\/e674052bd7d95d70bbb007a1060ab73c"},"headline":"Tinerii din Covasna cresc miza la Zilele Ora\u0219ului: Kult-\u0170r nu \u00eenseamn\u0103 doar muzic\u0103","datePublished":"2026-08-31T08:09:37+00:00","dateModified":"2026-08-31T08:34:38+00:00","mainEntityOfPage":{"@id":"https:\/\/covasna45.ro\/index.php\/lumea-noastra\/tinerii-din-covasna-cresc-miza-la-zilele-orasului-kult-ur-nu-inseamna-doar-muzica\/"},"wordCount":344,"commentCount":0,"publisher":{"@id":"https:\/\/covasna45.ro\/#organization"},"image":{"@id":"https:\/\/covasna45.ro\/index.php\/lumea-noastra\/tinerii-din-covasna-cresc-miza-la-zilele-orasului-kult-ur-nu-inseamna-doar-muzica\/#primaryimage"},"thumbnailUrl":"https:\/\/covasna45.ro\/wp-content\/uploads\/2026\/08\/k4.jpg","keywords":["covasna","Kult Ur","Tineri","zilele orasului"],"articleSection":["Lumea noastr\u0103"],"inLanguage":"ro-RO","potentialAction":[{"@type":"CommentAction","name":"Comment","target":["https:\/\/covasna45.ro\/index.php\/lumea-noastra\/tinerii-din-covasna-cresc-miza-la-zilele-orasului-kult-ur-nu-inseamna-doar-muzica\/#respond"]}]},{"@type":"WebPage","@id":"https:\/\/covasna45.ro\/index.php\/lumea-noastra\/tinerii-din-covasna-cresc-miza-la-zilele-orasului-kult-ur-nu-inseamna-doar-muzica\/","url":"https:\/\/covasna45.ro\/index.php\/lumea-noastra\/tinerii-din-covasna-cresc-miza-la-zilele-orasului-kult-ur-nu-inseamna-doar-muzica\/","name":"Tinerii din Covasna cresc miza la Zilele Ora\u0219ului: Kult-\u0170r nu \u00eenseamn\u0103 doar muzic\u0103 - Covasna45","isPartOf":{"@id":"https:\/\/covasna45.ro\/#website"},"primaryImageOfPage":{"@id":"https:\/\/covasna45.ro\/index.php\/lumea-noastra\/tinerii-din-covasna-cresc-miza-la-zilele-orasului-kult-ur-nu-inseamna-doar-muzica\/#primaryimage"},"image":{"@id":"https:\/\/covasna45.ro\/index.php\/lumea-noastra\/tinerii-din-covasna-cresc-miza-la-zilele-orasului-kult-ur-nu-inseamna-doar-muzica\/#primaryimage"},"thumbnailUrl":"https:\/\/covasna45.ro\/wp-content\/uploads\/2026\/08\/k4.jpg","datePublished":"2026-08-31T08:09:37+00:00","dateModified":"2026-08-31T08:34:38+00:00","description":"Asocia\u021bia Tinerilor din ora\u0219ul Covasna, FIKOSZ, organizeaz\u0103 \u0219i la aceast\u0103 edi\u021bie a Zilelor Ora\u0219ului evenimentul devenit deja traditional: Kult-\u0170r.","breadcrumb":{"@id":"https:\/\/covasna45.ro\/index.php\/lumea-noastra\/tinerii-din-covasna-cresc-miza-la-zilele-orasului-kult-ur-nu-inseamna-doar-muzica\/#breadcrumb"},"inLanguage":"ro-RO","potentialAction":[{"@type":"ReadAction","target":["https:\/\/covasna45.ro\/index.php\/lumea-noastra\/tinerii-din-covasna-cresc-miza-la-zilele-orasului-kult-ur-nu-inseamna-doar-muzica\/"]}]},{"@type":"ImageObject","inLanguage":"ro-RO","@id":"https:\/\/covasna45.ro\/index.php\/lumea-noastra\/tinerii-din-covasna-cresc-miza-la-zilele-orasului-kult-ur-nu-inseamna-doar-muzica\/#primaryimage","url":"https:\/\/covasna45.ro\/wp-content\/uploads\/2026\/08\/k4.jpg","contentUrl":"https:\/\/covasna45.ro\/wp-content\/uploads\/2026\/08\/k4.jpg","width":2048,"height":1365},{"@type":"BreadcrumbList","@id":"https:\/\/covasna45.ro\/index.php\/lumea-noastra\/tinerii-din-covasna-cresc-miza-la-zilele-orasului-kult-ur-nu-inseamna-doar-muzica\/#breadcrumb","itemListElement":[{"@type":"ListItem","position":1,"name":"Prima pagin\u0103","item":"https:\/\/covasna45.ro\/"},{"@type":"ListItem","position":2,"name":"Tinerii din Covasna cresc miza la Zilele Ora\u0219ului: Kult-\u0170r nu \u00eenseamn\u0103 doar muzic\u0103"}]},{"@type":"WebSite","@id":"https:\/\/covasna45.ro\/#website","url":"https:\/\/covasna45.ro\/","name":"covasna45.ro","description":"","publisher":{"@id":"https:\/\/covasna45.ro\/#organization"},"potentialAction":[{"@type":"SearchAction","target":{"@type":"EntryPoint","urlTemplate":"https:\/\/covasna45.ro\/?s={search_term_string}"},"query-input":{"@type":"PropertyValueSpecification","valueRequired":true,"valueName":"search_term_string"}}],"inLanguage":"ro-RO"},{"@type":"Organization","@id":"https:\/\/covasna45.ro\/#organization","name":"covasna45.ro","url":"https:\/\/covasna45.ro\/","logo":{"@type":"ImageObject","inLanguage":"ro-RO","@id":"https:\/\/covasna45.ro\/#\/schema\/logo\/image\/","url":"https:\/\/covasna45.ro\/wp-content\/uploads\/2023\/01\/icon_logo.png","contentUrl":"https:\/\/covasna45.ro\/wp-content\/uploads\/2023\/01\/icon_logo.png","width":1900,"height":1900,"caption":"covasna45.ro"},"image":{"@id":"https:\/\/covasna45.ro\/#\/schema\/logo\/image\/"}},{"@type":"Person","@id":"https:\/\/covasna45.ro\/#\/schema\/person\/e674052bd7d95d70bbb007a1060ab73c","name":"Covasna45","image":{"@type":"ImageObject","inLanguage":"ro-RO","@id":"https:\/\/covasna45.ro\/wp-content\/uploads\/2025\/10\/icon_logo_covasna45-150x150.png","url":"https:\/\/covasna45.ro\/wp-content\/uploads\/2025\/10\/icon_logo_covasna45-150x150.png","contentUrl":"https:\/\/covasna45.ro\/wp-content\/uploads\/2025\/10\/icon_logo_covasna45-150x150.png","caption":"Covasna45"},"sameAs":["https:\/\/covasna45.ro"],"url":"https:\/\/covasna45.ro\/index.php\/author\/covasna\/"}]}},"amp_enabled":true,"_links":{"self":[{"href":"https:\/\/covasna45.ro\/index.php\/wp-json\/wp\/v2\/posts\/18250","targetHints":{"allow":["GET"]}}],"collection":[{"href":"https:\/\/covasna45.ro\/index.php\/wp-json\/wp\/v2\/posts"}],"about":[{"href":"https:\/\/covasna45.ro\/index.php\/wp-json\/wp\/v2\/types\/post"}],"author":[{"embeddable":true,"href":"https:\/\/covasna45.ro\/index.php\/wp-json\/wp\/v2\/users\/1"}],"replies":[{"embeddable":true,"href":"https:\/\/covasna45.ro\/index.php\/wp-json\/wp\/v2\/comments?post=18250"}],"version-history":[{"count":3,"href":"https:\/\/covasna45.ro\/index.php\/wp-json\/wp\/v2\/posts\/18250\/revisions"}],"predecessor-version":[{"id":18256,"href":"https:\/\/covasna45.ro\/index.php\/wp-json\/wp\/v2\/posts\/18250\/revisions\/18256"}],"wp:featuredmedia":[{"embeddable":true,"href":"https:\/\/covasna45.ro\/index.php\/wp-json\/wp\/v2\/media\/18251"}],"wp:attachment":[{"href":"https:\/\/covasna45.ro\/index.php\/wp-json\/wp\/v2\/media?parent=18250"}],"wp:term":[{"taxonomy":"category","embeddable":true,"href":"https:\/\/covasna45.ro\/index.php\/wp-json\/wp\/v2\/categories?post=18250"},{"taxonomy":"post_tag","embeddable":true,"href":"https:\/\/covasna45.ro\/index.php\/wp-json\/wp\/v2\/tags?post=18250"}],"curies":[{"name":"wp","href":"https:\/\/api.w.org\/{rel}","templated":true}]}}