{"id":18259,"date":"2026-08-31T13:39:23","date_gmt":"2026-08-31T11:39:23","guid":{"rendered":"https:\/\/covasna45.ro\/?p=18259"},"modified":"2026-08-31T13:39:23","modified_gmt":"2026-08-31T11:39:23","slug":"parlamentarii-se-intorc-de-maine-la-treaba-care-sunt-prioritatile-legislative","status":"publish","type":"post","link":"https:\/\/covasna45.ro\/index.php\/lumea-noastra\/parlamentarii-se-intorc-de-maine-la-treaba-care-sunt-prioritatile-legislative\/","title":{"rendered":"Parlamentarii se \u00eentorc de m\u00e2ine la treab\u0103. Care sunt priorit\u0103\u021bile legislative?"},"content":{"rendered":"\n<p class=\"wp-block-paragraph\">Senatul \u0219i Camera Deputa\u021bilor \u00eencep, m\u00e2ine, a doua sesiune parlamentar\u0103 ordinar\u0103 a anului.<\/p>\n\n\n\n<p class=\"wp-block-paragraph\">La Camera Deputa\u021bilor, \u0219edin\u021ba de plen a fost convocat\u0103 de la ora 16:00. La Senat, Biroul Permanent se reune\u0219te de la ora 12:00, iar \u0219edin\u021ba de plen este programat\u0103 tot pentru ora 16:00.<br><br>Conform procedurilor, \u00een prima zi din sesiunea parlamentar\u0103 vor fi ale\u0219i, \u00een fiecare camer\u0103, vicepre\u0219edin\u021bii, secretarii \u0219i chestorii din Birourile Permanente.<br><br>Potrivit Regulamentelor celor dou\u0103 Camere, alegerea membrilor Birourilor permanente se face la propunerea grupurilor parlamentare, \u00een conformitate cu ponderea acestora, configura\u021bia politic\u0103 a forului respectiv \u0219i negocierea liderilor grupurilor parlamentare. Listele candida\u021bilor vor fi supuse \u00een ansamblu votului Camerei Deputa\u021bilor \u0219i Senatului \u0219i vor fi aprobate cu votul deschis al majorit\u0103\u021bii parlamentarilor prezen\u021bi.<br><br>Printre priorit\u0103\u021bile din aceast\u0103 sesiune parlamentar\u0103 se afl\u0103 votarea unui Guvern cu puteri depline, \u00een contextul \u00een care pre\u0219edintele Nicu\u0219or Dan a anun\u021bat c\u0103 la \u00eenceputul lunii septembrie va organiza o nou\u0103 rund\u0103 de consult\u0103ri cu partidele pentru desemnarea premierului.<br><br>Pe agenda legislativului se mai afl\u0103, \u00eentre altele, salarizarea unitar\u0103, iar \u00een domeniul educa\u021biei sistemul de admitere la liceu.<br><br>Liberalii \u0219i-au anun\u021bat deja priorit\u0103\u021bile, acestea viz\u00e2nd, potrivit liderului deputa\u021bilor PNL Gabriel Andronache, reforma administra\u021biei publice centrale \u0219i a companiilor de stat, reforma administrativ-teritorial\u0103, reforma electoral\u0103 (\u00een prim plan va fi reducerea dimensiunii Parlamentului Rom\u00e2niei, dar \u0219i a administra\u021biei locale), reforma bugetului asigur\u0103rilor de s\u0103n\u0103tate, Legea lustra\u021biei.<\/p>\n\n\n\n<h2 class=\"wp-block-heading\">Transparen\u021b\u0103 privind finan\u021barea ONG-urilor<\/h2>\n\n\n\n<p class=\"wp-block-paragraph\">AUR a precizat, s\u00e2mb\u0103t\u0103, c\u0103 printre priorit\u0103\u021bile legislative pentru sesiunea parlamentar\u0103 ordinar\u0103 se num\u0103r\u0103 Parlament bicameral cu 300 de parlamentari, alegerea primarilor \u00een dou\u0103 tururi de scrutin \u0219i limitarea la dou\u0103 mandate a conducerilor institu\u021biilor publice. Cei de la AUR mai au o ini\u021biativ\u0103: proiectul privind transparentizarea surselor de finan\u021bare ale organiza\u021biilor non-profit. Acesta este blocat \u00een Camera Deputa\u021bilor dup\u0103 adoptarea de c\u0103tre Senat. Principiul sus\u021binut de AUR este ca organiza\u021biile care particip\u0103 la via\u021ba public\u0103 \u0219i influen\u021beaz\u0103 dezbaterea public\u0103 trebuie s\u0103 func\u021bioneze \u00een condi\u021bii de transparen\u021b\u0103 privind sursele lor de finan\u021bare.<\/p>\n\n\n\n<p class=\"wp-block-paragraph\">Social-democra\u021bii \u00ee\u0219i stabilesc priorit\u0103\u021bile azi, \u00een \u0219edin\u021ba Consiliului Politic Na\u021bional, acestea viz\u00e2nd, \u00een primul r\u00e2nd, deblocarea numirii noului premier \u0219i str\u00e2ngerea unei majorit\u0103\u021bi pentru votul unui nou Guvern.\u00a0<\/p>\n\n\n\n<p class=\"wp-block-paragraph\">USR intr\u0103 \u00een noua sesiune cu accent pe reforma statului, justi\u021bie, economie \u0219i antreprenoriat, dar \u0219i pe digitalizarea administra\u021biei \u0219i transparen\u021ba datelor publice. UDMR pune \u00een continuare accent pe descentralizare, administra\u021bia local\u0103 \u0219i proiectele care dau mai mult\u0103 putere comunit\u0103\u021bilor \u0219i autorit\u0103\u021bilor locale. Ambele forma\u021biuni stabilesc \u00eens\u0103 \u00een aceste zile strategia pentru sesiunea care \u00eencepe m\u00e2ine.<\/p>\n","protected":false},"excerpt":{"rendered":"<p>Senatul \u0219i Camera Deputa\u021bilor \u00eencep, m\u00e2ine, a doua sesiune parlamentar\u0103 ordinar\u0103 a anului. La Camera Deputa\u021bilor, \u0219edin\u021ba de plen a fost convocat\u0103 de la ora 16:00. La Senat, Biroul Permanent se reune\u0219te de la ora 12:00, iar \u0219edin\u021ba de plen este programat\u0103 tot pentru ora 16:00. Conform procedurilor, \u00een prima zi din sesiunea parlamentar\u0103 vor [&hellip;]<\/p>\n","protected":false},"author":1,"featured_media":4025,"comment_status":"open","ping_status":"closed","sticky":false,"template":"","format":"standard","meta":{"tdm_status":"","tdm_grid_status":"","footnotes":""},"categories":[14],"tags":[],"class_list":["post-18259","post","type-post","status-publish","format-standard","has-post-thumbnail","category-lumea-noastra"],"yoast_head":"<!-- This site is optimized with the Yoast SEO plugin v28.3 - https:\/\/yoast.com\/product\/yoast-seo-wordpress\/ -->\n<title>Parlamentarii se \u00eentorc de m\u00e2ine la treab\u0103. Care sunt priorit\u0103\u021bile legislative? - Covasna45<\/title>\n<meta name=\"description\" content=\"La Camera Deputa\u021bilor, \u0219edin\u021ba de plen a fost convocat\u0103 de la ora 16:00. La Senat, Biroul Permanent se reune\u0219te de la ora 12:00.\" \/>\n<meta name=\"robots\" content=\"index, follow, max-snippet:-1, max-image-preview:large, max-video-preview:-1\" \/>\n<link rel=\"canonical\" href=\"https:\/\/covasna45.ro\/index.php\/lumea-noastra\/parlamentarii-se-intorc-de-maine-la-treaba-care-sunt-prioritatile-legislative\/\" \/>\n<meta property=\"og:locale\" content=\"ro_RO\" \/>\n<meta property=\"og:type\" content=\"article\" \/>\n<meta property=\"og:title\" content=\"Parlamentarii se \u00eentorc de m\u00e2ine la treab\u0103. Care sunt priorit\u0103\u021bile legislative? - Covasna45\" \/>\n<meta property=\"og:description\" content=\"La Camera Deputa\u021bilor, \u0219edin\u021ba de plen a fost convocat\u0103 de la ora 16:00. La Senat, Biroul Permanent se reune\u0219te de la ora 12:00.\" \/>\n<meta property=\"og:url\" content=\"https:\/\/covasna45.ro\/index.php\/lumea-noastra\/parlamentarii-se-intorc-de-maine-la-treaba-care-sunt-prioritatile-legislative\/\" \/>\n<meta property=\"og:site_name\" content=\"Covasna45\" \/>\n<meta property=\"article:published_time\" content=\"2026-08-31T11:39:23+00:00\" \/>\n<meta property=\"og:image\" content=\"https:\/\/covasna45.ro\/wp-content\/uploads\/2023\/11\/parlamentari.jpg\" \/>\n\t<meta property=\"og:image:width\" content=\"1408\" \/>\n\t<meta property=\"og:image:height\" content=\"882\" \/>\n\t<meta property=\"og:image:type\" content=\"image\/jpeg\" \/>\n<meta name=\"author\" content=\"Covasna45\" \/>\n<meta name=\"twitter:card\" content=\"summary_large_image\" \/>\n<meta name=\"twitter:label1\" content=\"Scris de\" \/>\n\t<meta name=\"twitter:data1\" content=\"Covasna45\" \/>\n\t<meta name=\"twitter:label2\" content=\"Timp estimat pentru citire\" \/>\n\t<meta name=\"twitter:data2\" content=\"3 minute\" \/>\n<script type=\"application\/ld+json\" class=\"yoast-schema-graph\">{\"@context\":\"https:\\\/\\\/schema.org\",\"@graph\":[{\"@type\":\"Article\",\"@id\":\"https:\\\/\\\/covasna45.ro\\\/index.php\\\/lumea-noastra\\\/parlamentarii-se-intorc-de-maine-la-treaba-care-sunt-prioritatile-legislative\\\/#article\",\"isPartOf\":{\"@id\":\"https:\\\/\\\/covasna45.ro\\\/index.php\\\/lumea-noastra\\\/parlamentarii-se-intorc-de-maine-la-treaba-care-sunt-prioritatile-legislative\\\/\"},\"author\":{\"name\":\"Covasna45\",\"@id\":\"https:\\\/\\\/covasna45.ro\\\/#\\\/schema\\\/person\\\/e674052bd7d95d70bbb007a1060ab73c\"},\"headline\":\"Parlamentarii se \u00eentorc de m\u00e2ine la treab\u0103. Care sunt priorit\u0103\u021bile legislative?\",\"datePublished\":\"2026-08-31T11:39:23+00:00\",\"mainEntityOfPage\":{\"@id\":\"https:\\\/\\\/covasna45.ro\\\/index.php\\\/lumea-noastra\\\/parlamentarii-se-intorc-de-maine-la-treaba-care-sunt-prioritatile-legislative\\\/\"},\"wordCount\":480,\"commentCount\":0,\"publisher\":{\"@id\":\"https:\\\/\\\/covasna45.ro\\\/#organization\"},\"image\":{\"@id\":\"https:\\\/\\\/covasna45.ro\\\/index.php\\\/lumea-noastra\\\/parlamentarii-se-intorc-de-maine-la-treaba-care-sunt-prioritatile-legislative\\\/#primaryimage\"},\"thumbnailUrl\":\"https:\\\/\\\/covasna45.ro\\\/wp-content\\\/uploads\\\/2023\\\/11\\\/parlamentari.jpg\",\"articleSection\":[\"Lumea noastr\u0103\"],\"inLanguage\":\"ro-RO\",\"potentialAction\":[{\"@type\":\"CommentAction\",\"name\":\"Comment\",\"target\":[\"https:\\\/\\\/covasna45.ro\\\/index.php\\\/lumea-noastra\\\/parlamentarii-se-intorc-de-maine-la-treaba-care-sunt-prioritatile-legislative\\\/#respond\"]}]},{\"@type\":\"WebPage\",\"@id\":\"https:\\\/\\\/covasna45.ro\\\/index.php\\\/lumea-noastra\\\/parlamentarii-se-intorc-de-maine-la-treaba-care-sunt-prioritatile-legislative\\\/\",\"url\":\"https:\\\/\\\/covasna45.ro\\\/index.php\\\/lumea-noastra\\\/parlamentarii-se-intorc-de-maine-la-treaba-care-sunt-prioritatile-legislative\\\/\",\"name\":\"Parlamentarii se \u00eentorc de m\u00e2ine la treab\u0103. Care sunt priorit\u0103\u021bile legislative? - Covasna45\",\"isPartOf\":{\"@id\":\"https:\\\/\\\/covasna45.ro\\\/#website\"},\"primaryImageOfPage\":{\"@id\":\"https:\\\/\\\/covasna45.ro\\\/index.php\\\/lumea-noastra\\\/parlamentarii-se-intorc-de-maine-la-treaba-care-sunt-prioritatile-legislative\\\/#primaryimage\"},\"image\":{\"@id\":\"https:\\\/\\\/covasna45.ro\\\/index.php\\\/lumea-noastra\\\/parlamentarii-se-intorc-de-maine-la-treaba-care-sunt-prioritatile-legislative\\\/#primaryimage\"},\"thumbnailUrl\":\"https:\\\/\\\/covasna45.ro\\\/wp-content\\\/uploads\\\/2023\\\/11\\\/parlamentari.jpg\",\"datePublished\":\"2026-08-31T11:39:23+00:00\",\"description\":\"La Camera Deputa\u021bilor, \u0219edin\u021ba de plen a fost convocat\u0103 de la ora 16:00. La Senat, Biroul Permanent se reune\u0219te de la ora 12:00.\",\"breadcrumb\":{\"@id\":\"https:\\\/\\\/covasna45.ro\\\/index.php\\\/lumea-noastra\\\/parlamentarii-se-intorc-de-maine-la-treaba-care-sunt-prioritatile-legislative\\\/#breadcrumb\"},\"inLanguage\":\"ro-RO\",\"potentialAction\":[{\"@type\":\"ReadAction\",\"target\":[\"https:\\\/\\\/covasna45.ro\\\/index.php\\\/lumea-noastra\\\/parlamentarii-se-intorc-de-maine-la-treaba-care-sunt-prioritatile-legislative\\\/\"]}]},{\"@type\":\"ImageObject\",\"inLanguage\":\"ro-RO\",\"@id\":\"https:\\\/\\\/covasna45.ro\\\/index.php\\\/lumea-noastra\\\/parlamentarii-se-intorc-de-maine-la-treaba-care-sunt-prioritatile-legislative\\\/#primaryimage\",\"url\":\"https:\\\/\\\/covasna45.ro\\\/wp-content\\\/uploads\\\/2023\\\/11\\\/parlamentari.jpg\",\"contentUrl\":\"https:\\\/\\\/covasna45.ro\\\/wp-content\\\/uploads\\\/2023\\\/11\\\/parlamentari.jpg\",\"width\":1408,\"height\":882},{\"@type\":\"BreadcrumbList\",\"@id\":\"https:\\\/\\\/covasna45.ro\\\/index.php\\\/lumea-noastra\\\/parlamentarii-se-intorc-de-maine-la-treaba-care-sunt-prioritatile-legislative\\\/#breadcrumb\",\"itemListElement\":[{\"@type\":\"ListItem\",\"position\":1,\"name\":\"Prima pagin\u0103\",\"item\":\"https:\\\/\\\/covasna45.ro\\\/\"},{\"@type\":\"ListItem\",\"position\":2,\"name\":\"Parlamentarii se \u00eentorc de m\u00e2ine la treab\u0103. Care sunt priorit\u0103\u021bile legislative?\"}]},{\"@type\":\"WebSite\",\"@id\":\"https:\\\/\\\/covasna45.ro\\\/#website\",\"url\":\"https:\\\/\\\/covasna45.ro\\\/\",\"name\":\"covasna45.ro\",\"description\":\"\",\"publisher\":{\"@id\":\"https:\\\/\\\/covasna45.ro\\\/#organization\"},\"potentialAction\":[{\"@type\":\"SearchAction\",\"target\":{\"@type\":\"EntryPoint\",\"urlTemplate\":\"https:\\\/\\\/covasna45.ro\\\/?s={search_term_string}\"},\"query-input\":{\"@type\":\"PropertyValueSpecification\",\"valueRequired\":true,\"valueName\":\"search_term_string\"}}],\"inLanguage\":\"ro-RO\"},{\"@type\":\"Organization\",\"@id\":\"https:\\\/\\\/covasna45.ro\\\/#organization\",\"name\":\"covasna45.ro\",\"url\":\"https:\\\/\\\/covasna45.ro\\\/\",\"logo\":{\"@type\":\"ImageObject\",\"inLanguage\":\"ro-RO\",\"@id\":\"https:\\\/\\\/covasna45.ro\\\/#\\\/schema\\\/logo\\\/image\\\/\",\"url\":\"https:\\\/\\\/covasna45.ro\\\/wp-content\\\/uploads\\\/2023\\\/01\\\/icon_logo.png\",\"contentUrl\":\"https:\\\/\\\/covasna45.ro\\\/wp-content\\\/uploads\\\/2023\\\/01\\\/icon_logo.png\",\"width\":1900,\"height\":1900,\"caption\":\"covasna45.ro\"},\"image\":{\"@id\":\"https:\\\/\\\/covasna45.ro\\\/#\\\/schema\\\/logo\\\/image\\\/\"}},{\"@type\":\"Person\",\"@id\":\"https:\\\/\\\/covasna45.ro\\\/#\\\/schema\\\/person\\\/e674052bd7d95d70bbb007a1060ab73c\",\"name\":\"Covasna45\",\"image\":{\"@type\":\"ImageObject\",\"inLanguage\":\"ro-RO\",\"@id\":\"https:\\\/\\\/covasna45.ro\\\/wp-content\\\/uploads\\\/2025\\\/10\\\/icon_logo_covasna45-150x150.png\",\"url\":\"https:\\\/\\\/covasna45.ro\\\/wp-content\\\/uploads\\\/2025\\\/10\\\/icon_logo_covasna45-150x150.png\",\"contentUrl\":\"https:\\\/\\\/covasna45.ro\\\/wp-content\\\/uploads\\\/2025\\\/10\\\/icon_logo_covasna45-150x150.png\",\"caption\":\"Covasna45\"},\"sameAs\":[\"https:\\\/\\\/covasna45.ro\"],\"url\":\"https:\\\/\\\/covasna45.ro\\\/index.php\\\/author\\\/covasna\\\/\"}]}<\/script>\n<!-- \/ Yoast SEO plugin. -->","yoast_head_json":{"title":"Parlamentarii se \u00eentorc de m\u00e2ine la treab\u0103. Care sunt priorit\u0103\u021bile legislative? - Covasna45","description":"La Camera Deputa\u021bilor, \u0219edin\u021ba de plen a fost convocat\u0103 de la ora 16:00. La Senat, Biroul Permanent se reune\u0219te de la ora 12:00.","robots":{"index":"index","follow":"follow","max-snippet":"max-snippet:-1","max-image-preview":"max-image-preview:large","max-video-preview":"max-video-preview:-1"},"canonical":"https:\/\/covasna45.ro\/index.php\/lumea-noastra\/parlamentarii-se-intorc-de-maine-la-treaba-care-sunt-prioritatile-legislative\/","og_locale":"ro_RO","og_type":"article","og_title":"Parlamentarii se \u00eentorc de m\u00e2ine la treab\u0103. Care sunt priorit\u0103\u021bile legislative? - Covasna45","og_description":"La Camera Deputa\u021bilor, \u0219edin\u021ba de plen a fost convocat\u0103 de la ora 16:00. La Senat, Biroul Permanent se reune\u0219te de la ora 12:00.","og_url":"https:\/\/covasna45.ro\/index.php\/lumea-noastra\/parlamentarii-se-intorc-de-maine-la-treaba-care-sunt-prioritatile-legislative\/","og_site_name":"Covasna45","article_published_time":"2026-08-31T11:39:23+00:00","og_image":[{"width":1408,"height":882,"url":"https:\/\/covasna45.ro\/wp-content\/uploads\/2023\/11\/parlamentari.jpg","type":"image\/jpeg"}],"author":"Covasna45","twitter_card":"summary_large_image","twitter_misc":{"Scris de":"Covasna45","Timp estimat pentru citire":"3 minute"},"schema":{"@context":"https:\/\/schema.org","@graph":[{"@type":"Article","@id":"https:\/\/covasna45.ro\/index.php\/lumea-noastra\/parlamentarii-se-intorc-de-maine-la-treaba-care-sunt-prioritatile-legislative\/#article","isPartOf":{"@id":"https:\/\/covasna45.ro\/index.php\/lumea-noastra\/parlamentarii-se-intorc-de-maine-la-treaba-care-sunt-prioritatile-legislative\/"},"author":{"name":"Covasna45","@id":"https:\/\/covasna45.ro\/#\/schema\/person\/e674052bd7d95d70bbb007a1060ab73c"},"headline":"Parlamentarii se \u00eentorc de m\u00e2ine la treab\u0103. Care sunt priorit\u0103\u021bile legislative?","datePublished":"2026-08-31T11:39:23+00:00","mainEntityOfPage":{"@id":"https:\/\/covasna45.ro\/index.php\/lumea-noastra\/parlamentarii-se-intorc-de-maine-la-treaba-care-sunt-prioritatile-legislative\/"},"wordCount":480,"commentCount":0,"publisher":{"@id":"https:\/\/covasna45.ro\/#organization"},"image":{"@id":"https:\/\/covasna45.ro\/index.php\/lumea-noastra\/parlamentarii-se-intorc-de-maine-la-treaba-care-sunt-prioritatile-legislative\/#primaryimage"},"thumbnailUrl":"https:\/\/covasna45.ro\/wp-content\/uploads\/2023\/11\/parlamentari.jpg","articleSection":["Lumea noastr\u0103"],"inLanguage":"ro-RO","potentialAction":[{"@type":"CommentAction","name":"Comment","target":["https:\/\/covasna45.ro\/index.php\/lumea-noastra\/parlamentarii-se-intorc-de-maine-la-treaba-care-sunt-prioritatile-legislative\/#respond"]}]},{"@type":"WebPage","@id":"https:\/\/covasna45.ro\/index.php\/lumea-noastra\/parlamentarii-se-intorc-de-maine-la-treaba-care-sunt-prioritatile-legislative\/","url":"https:\/\/covasna45.ro\/index.php\/lumea-noastra\/parlamentarii-se-intorc-de-maine-la-treaba-care-sunt-prioritatile-legislative\/","name":"Parlamentarii se \u00eentorc de m\u00e2ine la treab\u0103. Care sunt priorit\u0103\u021bile legislative? - Covasna45","isPartOf":{"@id":"https:\/\/covasna45.ro\/#website"},"primaryImageOfPage":{"@id":"https:\/\/covasna45.ro\/index.php\/lumea-noastra\/parlamentarii-se-intorc-de-maine-la-treaba-care-sunt-prioritatile-legislative\/#primaryimage"},"image":{"@id":"https:\/\/covasna45.ro\/index.php\/lumea-noastra\/parlamentarii-se-intorc-de-maine-la-treaba-care-sunt-prioritatile-legislative\/#primaryimage"},"thumbnailUrl":"https:\/\/covasna45.ro\/wp-content\/uploads\/2023\/11\/parlamentari.jpg","datePublished":"2026-08-31T11:39:23+00:00","description":"La Camera Deputa\u021bilor, \u0219edin\u021ba de plen a fost convocat\u0103 de la ora 16:00. La Senat, Biroul Permanent se reune\u0219te de la ora 12:00.","breadcrumb":{"@id":"https:\/\/covasna45.ro\/index.php\/lumea-noastra\/parlamentarii-se-intorc-de-maine-la-treaba-care-sunt-prioritatile-legislative\/#breadcrumb"},"inLanguage":"ro-RO","potentialAction":[{"@type":"ReadAction","target":["https:\/\/covasna45.ro\/index.php\/lumea-noastra\/parlamentarii-se-intorc-de-maine-la-treaba-care-sunt-prioritatile-legislative\/"]}]},{"@type":"ImageObject","inLanguage":"ro-RO","@id":"https:\/\/covasna45.ro\/index.php\/lumea-noastra\/parlamentarii-se-intorc-de-maine-la-treaba-care-sunt-prioritatile-legislative\/#primaryimage","url":"https:\/\/covasna45.ro\/wp-content\/uploads\/2023\/11\/parlamentari.jpg","contentUrl":"https:\/\/covasna45.ro\/wp-content\/uploads\/2023\/11\/parlamentari.jpg","width":1408,"height":882},{"@type":"BreadcrumbList","@id":"https:\/\/covasna45.ro\/index.php\/lumea-noastra\/parlamentarii-se-intorc-de-maine-la-treaba-care-sunt-prioritatile-legislative\/#breadcrumb","itemListElement":[{"@type":"ListItem","position":1,"name":"Prima pagin\u0103","item":"https:\/\/covasna45.ro\/"},{"@type":"ListItem","position":2,"name":"Parlamentarii se \u00eentorc de m\u00e2ine la treab\u0103. Care sunt priorit\u0103\u021bile legislative?"}]},{"@type":"WebSite","@id":"https:\/\/covasna45.ro\/#website","url":"https:\/\/covasna45.ro\/","name":"covasna45.ro","description":"","publisher":{"@id":"https:\/\/covasna45.ro\/#organization"},"potentialAction":[{"@type":"SearchAction","target":{"@type":"EntryPoint","urlTemplate":"https:\/\/covasna45.ro\/?s={search_term_string}"},"query-input":{"@type":"PropertyValueSpecification","valueRequired":true,"valueName":"search_term_string"}}],"inLanguage":"ro-RO"},{"@type":"Organization","@id":"https:\/\/covasna45.ro\/#organization","name":"covasna45.ro","url":"https:\/\/covasna45.ro\/","logo":{"@type":"ImageObject","inLanguage":"ro-RO","@id":"https:\/\/covasna45.ro\/#\/schema\/logo\/image\/","url":"https:\/\/covasna45.ro\/wp-content\/uploads\/2023\/01\/icon_logo.png","contentUrl":"https:\/\/covasna45.ro\/wp-content\/uploads\/2023\/01\/icon_logo.png","width":1900,"height":1900,"caption":"covasna45.ro"},"image":{"@id":"https:\/\/covasna45.ro\/#\/schema\/logo\/image\/"}},{"@type":"Person","@id":"https:\/\/covasna45.ro\/#\/schema\/person\/e674052bd7d95d70bbb007a1060ab73c","name":"Covasna45","image":{"@type":"ImageObject","inLanguage":"ro-RO","@id":"https:\/\/covasna45.ro\/wp-content\/uploads\/2025\/10\/icon_logo_covasna45-150x150.png","url":"https:\/\/covasna45.ro\/wp-content\/uploads\/2025\/10\/icon_logo_covasna45-150x150.png","contentUrl":"https:\/\/covasna45.ro\/wp-content\/uploads\/2025\/10\/icon_logo_covasna45-150x150.png","caption":"Covasna45"},"sameAs":["https:\/\/covasna45.ro"],"url":"https:\/\/covasna45.ro\/index.php\/author\/covasna\/"}]}},"amp_enabled":true,"_links":{"self":[{"href":"https:\/\/covasna45.ro\/index.php\/wp-json\/wp\/v2\/posts\/18259","targetHints":{"allow":["GET"]}}],"collection":[{"href":"https:\/\/covasna45.ro\/index.php\/wp-json\/wp\/v2\/posts"}],"about":[{"href":"https:\/\/covasna45.ro\/index.php\/wp-json\/wp\/v2\/types\/post"}],"author":[{"embeddable":true,"href":"https:\/\/covasna45.ro\/index.php\/wp-json\/wp\/v2\/users\/1"}],"replies":[{"embeddable":true,"href":"https:\/\/covasna45.ro\/index.php\/wp-json\/wp\/v2\/comments?post=18259"}],"version-history":[{"count":1,"href":"https:\/\/covasna45.ro\/index.php\/wp-json\/wp\/v2\/posts\/18259\/revisions"}],"predecessor-version":[{"id":18260,"href":"https:\/\/covasna45.ro\/index.php\/wp-json\/wp\/v2\/posts\/18259\/revisions\/18260"}],"wp:featuredmedia":[{"embeddable":true,"href":"https:\/\/covasna45.ro\/index.php\/wp-json\/wp\/v2\/media\/4025"}],"wp:attachment":[{"href":"https:\/\/covasna45.ro\/index.php\/wp-json\/wp\/v2\/media?parent=18259"}],"wp:term":[{"taxonomy":"category","embeddable":true,"href":"https:\/\/covasna45.ro\/index.php\/wp-json\/wp\/v2\/categories?post=18259"},{"taxonomy":"post_tag","embeddable":true,"href":"https:\/\/covasna45.ro\/index.php\/wp-json\/wp\/v2\/tags?post=18259"}],"curies":[{"name":"wp","href":"https:\/\/api.w.org\/{rel}","templated":true}]}}