{"id":18261,"date":"2026-08-31T13:45:34","date_gmt":"2026-08-31T11:45:34","guid":{"rendered":"https:\/\/covasna45.ro\/?p=18261"},"modified":"2026-08-31T13:45:34","modified_gmt":"2026-08-31T11:45:34","slug":"psd-nu-va-sustine-niciun-guvern-din-care-nu-face-parte","status":"publish","type":"post","link":"https:\/\/covasna45.ro\/index.php\/lumea-noastra\/psd-nu-va-sustine-niciun-guvern-din-care-nu-face-parte\/","title":{"rendered":"PSD nu va sus\u021bine niciun guvern din care nu face parte"},"content":{"rendered":"\n<p class=\"wp-block-paragraph\">Consiliul Politic Na\u021bional al PSD a adoptat, azi, la Sinaia, rezolu\u021bia \u201eAsumarea responsabilit\u0103\u021bii guvern\u0103rii de c\u0103tre PSD\u201d.<\/p>\n\n\n\n<p class=\"wp-block-paragraph\">\u201eConsiliul Politic Na\u021bional al Partidului Social Democrat reafirm\u0103 c\u0103 Rom\u00e2nia are nevoie urgent\u0103 de un Guvern legitim, cu puteri depline, care s\u0103 aib\u0103 capacitatea de a lua deciziile necesare \u00een actualul context economic \u0219i social. Partidul Social Democrat \u00ee\u0219i asum\u0103 pe deplin responsabilitatea de a participa la formarea \u0219i sus\u021binerea unui guvern care s\u0103 r\u0103spund\u0103 intereselor Rom\u00e2niei \u0219i ale rom\u00e2nilor. \u00cen consecin\u021b\u0103, Partidul Social Democrat va sus\u021bine: formarea unui guvern minoritar social-democrat, sau formarea unui guvern politic construit \u00een jurul PSD, \u00eempreun\u0103 cu acele for\u021be politice care sunt dispuse s\u0103 participe responsabil la guvernare\u201d, se arat\u0103 \u00een document.<br><br>Potrivit sursei citate, PSD nu va sus\u021bine nicio formul\u0103 de guvernare din care nu face parte.<br><br>\u201ePartidul Social Democrat este preg\u0103tit s\u0103 negocieze \u0219i s\u0103 construiasc\u0103 majorit\u0103\u021bi parlamentare \u00een jurul acestor obiective, s\u0103 discute cu toate for\u021bele politice democratice din Parlament \u0219i s\u0103 g\u0103seasc\u0103 solu\u021biile necesare pentru ca Rom\u00e2nia s\u0103 dep\u0103\u0219easc\u0103 actuala criz\u0103 politic\u0103\u201d, precizeaz\u0103 social-democra\u021bii.&nbsp;<\/p>\n\n\n\n<p class=\"wp-block-paragraph\">Sursa: <a href=\"https:\/\/agerpres.ro\/politic\/2026\/08\/31\/psd-a-decis-sa-isi-asume-responsabilitatea-guvernarii-nu-va-vota-un-guvern-din-care-nu-face-parte--1589253\">Agerpres<\/a><\/p>\n","protected":false},"excerpt":{"rendered":"<p>Consiliul Politic Na\u021bional al PSD a adoptat, azi, la Sinaia, rezolu\u021bia \u201eAsumarea responsabilit\u0103\u021bii guvern\u0103rii de c\u0103tre PSD\u201d. \u201eConsiliul Politic Na\u021bional al Partidului Social Democrat reafirm\u0103 c\u0103 Rom\u00e2nia are nevoie urgent\u0103 de un Guvern legitim, cu puteri depline, care s\u0103 aib\u0103 capacitatea de a lua deciziile necesare \u00een actualul context economic \u0219i social. Partidul Social Democrat [&hellip;]<\/p>\n","protected":false},"author":1,"featured_media":12533,"comment_status":"open","ping_status":"closed","sticky":false,"template":"","format":"standard","meta":{"tdm_status":"","tdm_grid_status":"","footnotes":""},"categories":[14],"tags":[177,1792,178,625],"class_list":["post-18261","post","type-post","status-publish","format-standard","has-post-thumbnail","category-lumea-noastra","tag-guvern","tag-partide","tag-politica","tag-psd"],"yoast_head":"<!-- This site is optimized with the Yoast SEO plugin v28.3 - https:\/\/yoast.com\/product\/yoast-seo-wordpress\/ -->\n<title>PSD nu va sus\u021bine niciun guvern din care nu face parte - Covasna45<\/title>\n<meta name=\"description\" content=\"Consiliul Politic Na\u021bional al PSD a adoptat, azi, la Sinaia, rezolu\u021bia \u201eAsumarea responsabilit\u0103\u021bii guvern\u0103rii de c\u0103tre PSD\u201d.\" \/>\n<meta name=\"robots\" content=\"index, follow, max-snippet:-1, max-image-preview:large, max-video-preview:-1\" \/>\n<link rel=\"canonical\" href=\"https:\/\/covasna45.ro\/index.php\/lumea-noastra\/psd-nu-va-sustine-niciun-guvern-din-care-nu-face-parte\/\" \/>\n<meta property=\"og:locale\" content=\"ro_RO\" \/>\n<meta property=\"og:type\" content=\"article\" \/>\n<meta property=\"og:title\" content=\"PSD nu va sus\u021bine niciun guvern din care nu face parte - Covasna45\" \/>\n<meta property=\"og:description\" content=\"Consiliul Politic Na\u021bional al PSD a adoptat, azi, la Sinaia, rezolu\u021bia \u201eAsumarea responsabilit\u0103\u021bii guvern\u0103rii de c\u0103tre PSD\u201d.\" \/>\n<meta property=\"og:url\" content=\"https:\/\/covasna45.ro\/index.php\/lumea-noastra\/psd-nu-va-sustine-niciun-guvern-din-care-nu-face-parte\/\" \/>\n<meta property=\"og:site_name\" content=\"Covasna45\" \/>\n<meta property=\"article:published_time\" content=\"2026-08-31T11:45:34+00:00\" \/>\n<meta property=\"og:image\" content=\"https:\/\/covasna45.ro\/wp-content\/uploads\/2025\/08\/grindeanu-psd.jpg\" \/>\n\t<meta property=\"og:image:width\" content=\"2048\" \/>\n\t<meta property=\"og:image:height\" content=\"1503\" \/>\n\t<meta property=\"og:image:type\" content=\"image\/jpeg\" \/>\n<meta name=\"author\" content=\"Covasna45\" \/>\n<meta name=\"twitter:card\" content=\"summary_large_image\" \/>\n<meta name=\"twitter:label1\" content=\"Scris de\" \/>\n\t<meta name=\"twitter:data1\" content=\"Covasna45\" \/>\n\t<meta name=\"twitter:label2\" content=\"Timp estimat pentru citire\" \/>\n\t<meta name=\"twitter:data2\" content=\"2 minute\" \/>\n<script type=\"application\/ld+json\" class=\"yoast-schema-graph\">{\"@context\":\"https:\\\/\\\/schema.org\",\"@graph\":[{\"@type\":\"Article\",\"@id\":\"https:\\\/\\\/covasna45.ro\\\/index.php\\\/lumea-noastra\\\/psd-nu-va-sustine-niciun-guvern-din-care-nu-face-parte\\\/#article\",\"isPartOf\":{\"@id\":\"https:\\\/\\\/covasna45.ro\\\/index.php\\\/lumea-noastra\\\/psd-nu-va-sustine-niciun-guvern-din-care-nu-face-parte\\\/\"},\"author\":{\"name\":\"Covasna45\",\"@id\":\"https:\\\/\\\/covasna45.ro\\\/#\\\/schema\\\/person\\\/e674052bd7d95d70bbb007a1060ab73c\"},\"headline\":\"PSD nu va sus\u021bine niciun guvern din care nu face parte\",\"datePublished\":\"2026-08-31T11:45:34+00:00\",\"mainEntityOfPage\":{\"@id\":\"https:\\\/\\\/covasna45.ro\\\/index.php\\\/lumea-noastra\\\/psd-nu-va-sustine-niciun-guvern-din-care-nu-face-parte\\\/\"},\"wordCount\":208,\"commentCount\":0,\"publisher\":{\"@id\":\"https:\\\/\\\/covasna45.ro\\\/#organization\"},\"image\":{\"@id\":\"https:\\\/\\\/covasna45.ro\\\/index.php\\\/lumea-noastra\\\/psd-nu-va-sustine-niciun-guvern-din-care-nu-face-parte\\\/#primaryimage\"},\"thumbnailUrl\":\"https:\\\/\\\/covasna45.ro\\\/wp-content\\\/uploads\\\/2025\\\/08\\\/grindeanu-psd.jpg\",\"keywords\":[\"Guvern\",\"Partide\",\"Politic\u0103\",\"PSD\"],\"articleSection\":[\"Lumea noastr\u0103\"],\"inLanguage\":\"ro-RO\",\"potentialAction\":[{\"@type\":\"CommentAction\",\"name\":\"Comment\",\"target\":[\"https:\\\/\\\/covasna45.ro\\\/index.php\\\/lumea-noastra\\\/psd-nu-va-sustine-niciun-guvern-din-care-nu-face-parte\\\/#respond\"]}]},{\"@type\":\"WebPage\",\"@id\":\"https:\\\/\\\/covasna45.ro\\\/index.php\\\/lumea-noastra\\\/psd-nu-va-sustine-niciun-guvern-din-care-nu-face-parte\\\/\",\"url\":\"https:\\\/\\\/covasna45.ro\\\/index.php\\\/lumea-noastra\\\/psd-nu-va-sustine-niciun-guvern-din-care-nu-face-parte\\\/\",\"name\":\"PSD nu va sus\u021bine niciun guvern din care nu face parte - Covasna45\",\"isPartOf\":{\"@id\":\"https:\\\/\\\/covasna45.ro\\\/#website\"},\"primaryImageOfPage\":{\"@id\":\"https:\\\/\\\/covasna45.ro\\\/index.php\\\/lumea-noastra\\\/psd-nu-va-sustine-niciun-guvern-din-care-nu-face-parte\\\/#primaryimage\"},\"image\":{\"@id\":\"https:\\\/\\\/covasna45.ro\\\/index.php\\\/lumea-noastra\\\/psd-nu-va-sustine-niciun-guvern-din-care-nu-face-parte\\\/#primaryimage\"},\"thumbnailUrl\":\"https:\\\/\\\/covasna45.ro\\\/wp-content\\\/uploads\\\/2025\\\/08\\\/grindeanu-psd.jpg\",\"datePublished\":\"2026-08-31T11:45:34+00:00\",\"description\":\"Consiliul Politic Na\u021bional al PSD a adoptat, azi, la Sinaia, rezolu\u021bia \u201eAsumarea responsabilit\u0103\u021bii guvern\u0103rii de c\u0103tre PSD\u201d.\",\"breadcrumb\":{\"@id\":\"https:\\\/\\\/covasna45.ro\\\/index.php\\\/lumea-noastra\\\/psd-nu-va-sustine-niciun-guvern-din-care-nu-face-parte\\\/#breadcrumb\"},\"inLanguage\":\"ro-RO\",\"potentialAction\":[{\"@type\":\"ReadAction\",\"target\":[\"https:\\\/\\\/covasna45.ro\\\/index.php\\\/lumea-noastra\\\/psd-nu-va-sustine-niciun-guvern-din-care-nu-face-parte\\\/\"]}]},{\"@type\":\"ImageObject\",\"inLanguage\":\"ro-RO\",\"@id\":\"https:\\\/\\\/covasna45.ro\\\/index.php\\\/lumea-noastra\\\/psd-nu-va-sustine-niciun-guvern-din-care-nu-face-parte\\\/#primaryimage\",\"url\":\"https:\\\/\\\/covasna45.ro\\\/wp-content\\\/uploads\\\/2025\\\/08\\\/grindeanu-psd.jpg\",\"contentUrl\":\"https:\\\/\\\/covasna45.ro\\\/wp-content\\\/uploads\\\/2025\\\/08\\\/grindeanu-psd.jpg\",\"width\":2048,\"height\":1503},{\"@type\":\"BreadcrumbList\",\"@id\":\"https:\\\/\\\/covasna45.ro\\\/index.php\\\/lumea-noastra\\\/psd-nu-va-sustine-niciun-guvern-din-care-nu-face-parte\\\/#breadcrumb\",\"itemListElement\":[{\"@type\":\"ListItem\",\"position\":1,\"name\":\"Prima pagin\u0103\",\"item\":\"https:\\\/\\\/covasna45.ro\\\/\"},{\"@type\":\"ListItem\",\"position\":2,\"name\":\"PSD nu va sus\u021bine niciun guvern din care nu face parte\"}]},{\"@type\":\"WebSite\",\"@id\":\"https:\\\/\\\/covasna45.ro\\\/#website\",\"url\":\"https:\\\/\\\/covasna45.ro\\\/\",\"name\":\"covasna45.ro\",\"description\":\"\",\"publisher\":{\"@id\":\"https:\\\/\\\/covasna45.ro\\\/#organization\"},\"potentialAction\":[{\"@type\":\"SearchAction\",\"target\":{\"@type\":\"EntryPoint\",\"urlTemplate\":\"https:\\\/\\\/covasna45.ro\\\/?s={search_term_string}\"},\"query-input\":{\"@type\":\"PropertyValueSpecification\",\"valueRequired\":true,\"valueName\":\"search_term_string\"}}],\"inLanguage\":\"ro-RO\"},{\"@type\":\"Organization\",\"@id\":\"https:\\\/\\\/covasna45.ro\\\/#organization\",\"name\":\"covasna45.ro\",\"url\":\"https:\\\/\\\/covasna45.ro\\\/\",\"logo\":{\"@type\":\"ImageObject\",\"inLanguage\":\"ro-RO\",\"@id\":\"https:\\\/\\\/covasna45.ro\\\/#\\\/schema\\\/logo\\\/image\\\/\",\"url\":\"https:\\\/\\\/covasna45.ro\\\/wp-content\\\/uploads\\\/2023\\\/01\\\/icon_logo.png\",\"contentUrl\":\"https:\\\/\\\/covasna45.ro\\\/wp-content\\\/uploads\\\/2023\\\/01\\\/icon_logo.png\",\"width\":1900,\"height\":1900,\"caption\":\"covasna45.ro\"},\"image\":{\"@id\":\"https:\\\/\\\/covasna45.ro\\\/#\\\/schema\\\/logo\\\/image\\\/\"}},{\"@type\":\"Person\",\"@id\":\"https:\\\/\\\/covasna45.ro\\\/#\\\/schema\\\/person\\\/e674052bd7d95d70bbb007a1060ab73c\",\"name\":\"Covasna45\",\"image\":{\"@type\":\"ImageObject\",\"inLanguage\":\"ro-RO\",\"@id\":\"https:\\\/\\\/covasna45.ro\\\/wp-content\\\/uploads\\\/2025\\\/10\\\/icon_logo_covasna45-150x150.png\",\"url\":\"https:\\\/\\\/covasna45.ro\\\/wp-content\\\/uploads\\\/2025\\\/10\\\/icon_logo_covasna45-150x150.png\",\"contentUrl\":\"https:\\\/\\\/covasna45.ro\\\/wp-content\\\/uploads\\\/2025\\\/10\\\/icon_logo_covasna45-150x150.png\",\"caption\":\"Covasna45\"},\"sameAs\":[\"https:\\\/\\\/covasna45.ro\"],\"url\":\"https:\\\/\\\/covasna45.ro\\\/index.php\\\/author\\\/covasna\\\/\"}]}<\/script>\n<!-- \/ Yoast SEO plugin. -->","yoast_head_json":{"title":"PSD nu va sus\u021bine niciun guvern din care nu face parte - Covasna45","description":"Consiliul Politic Na\u021bional al PSD a adoptat, azi, la Sinaia, rezolu\u021bia \u201eAsumarea responsabilit\u0103\u021bii guvern\u0103rii de c\u0103tre PSD\u201d.","robots":{"index":"index","follow":"follow","max-snippet":"max-snippet:-1","max-image-preview":"max-image-preview:large","max-video-preview":"max-video-preview:-1"},"canonical":"https:\/\/covasna45.ro\/index.php\/lumea-noastra\/psd-nu-va-sustine-niciun-guvern-din-care-nu-face-parte\/","og_locale":"ro_RO","og_type":"article","og_title":"PSD nu va sus\u021bine niciun guvern din care nu face parte - Covasna45","og_description":"Consiliul Politic Na\u021bional al PSD a adoptat, azi, la Sinaia, rezolu\u021bia \u201eAsumarea responsabilit\u0103\u021bii guvern\u0103rii de c\u0103tre PSD\u201d.","og_url":"https:\/\/covasna45.ro\/index.php\/lumea-noastra\/psd-nu-va-sustine-niciun-guvern-din-care-nu-face-parte\/","og_site_name":"Covasna45","article_published_time":"2026-08-31T11:45:34+00:00","og_image":[{"width":2048,"height":1503,"url":"https:\/\/covasna45.ro\/wp-content\/uploads\/2025\/08\/grindeanu-psd.jpg","type":"image\/jpeg"}],"author":"Covasna45","twitter_card":"summary_large_image","twitter_misc":{"Scris de":"Covasna45","Timp estimat pentru citire":"2 minute"},"schema":{"@context":"https:\/\/schema.org","@graph":[{"@type":"Article","@id":"https:\/\/covasna45.ro\/index.php\/lumea-noastra\/psd-nu-va-sustine-niciun-guvern-din-care-nu-face-parte\/#article","isPartOf":{"@id":"https:\/\/covasna45.ro\/index.php\/lumea-noastra\/psd-nu-va-sustine-niciun-guvern-din-care-nu-face-parte\/"},"author":{"name":"Covasna45","@id":"https:\/\/covasna45.ro\/#\/schema\/person\/e674052bd7d95d70bbb007a1060ab73c"},"headline":"PSD nu va sus\u021bine niciun guvern din care nu face parte","datePublished":"2026-08-31T11:45:34+00:00","mainEntityOfPage":{"@id":"https:\/\/covasna45.ro\/index.php\/lumea-noastra\/psd-nu-va-sustine-niciun-guvern-din-care-nu-face-parte\/"},"wordCount":208,"commentCount":0,"publisher":{"@id":"https:\/\/covasna45.ro\/#organization"},"image":{"@id":"https:\/\/covasna45.ro\/index.php\/lumea-noastra\/psd-nu-va-sustine-niciun-guvern-din-care-nu-face-parte\/#primaryimage"},"thumbnailUrl":"https:\/\/covasna45.ro\/wp-content\/uploads\/2025\/08\/grindeanu-psd.jpg","keywords":["Guvern","Partide","Politic\u0103","PSD"],"articleSection":["Lumea noastr\u0103"],"inLanguage":"ro-RO","potentialAction":[{"@type":"CommentAction","name":"Comment","target":["https:\/\/covasna45.ro\/index.php\/lumea-noastra\/psd-nu-va-sustine-niciun-guvern-din-care-nu-face-parte\/#respond"]}]},{"@type":"WebPage","@id":"https:\/\/covasna45.ro\/index.php\/lumea-noastra\/psd-nu-va-sustine-niciun-guvern-din-care-nu-face-parte\/","url":"https:\/\/covasna45.ro\/index.php\/lumea-noastra\/psd-nu-va-sustine-niciun-guvern-din-care-nu-face-parte\/","name":"PSD nu va sus\u021bine niciun guvern din care nu face parte - Covasna45","isPartOf":{"@id":"https:\/\/covasna45.ro\/#website"},"primaryImageOfPage":{"@id":"https:\/\/covasna45.ro\/index.php\/lumea-noastra\/psd-nu-va-sustine-niciun-guvern-din-care-nu-face-parte\/#primaryimage"},"image":{"@id":"https:\/\/covasna45.ro\/index.php\/lumea-noastra\/psd-nu-va-sustine-niciun-guvern-din-care-nu-face-parte\/#primaryimage"},"thumbnailUrl":"https:\/\/covasna45.ro\/wp-content\/uploads\/2025\/08\/grindeanu-psd.jpg","datePublished":"2026-08-31T11:45:34+00:00","description":"Consiliul Politic Na\u021bional al PSD a adoptat, azi, la Sinaia, rezolu\u021bia \u201eAsumarea responsabilit\u0103\u021bii guvern\u0103rii de c\u0103tre PSD\u201d.","breadcrumb":{"@id":"https:\/\/covasna45.ro\/index.php\/lumea-noastra\/psd-nu-va-sustine-niciun-guvern-din-care-nu-face-parte\/#breadcrumb"},"inLanguage":"ro-RO","potentialAction":[{"@type":"ReadAction","target":["https:\/\/covasna45.ro\/index.php\/lumea-noastra\/psd-nu-va-sustine-niciun-guvern-din-care-nu-face-parte\/"]}]},{"@type":"ImageObject","inLanguage":"ro-RO","@id":"https:\/\/covasna45.ro\/index.php\/lumea-noastra\/psd-nu-va-sustine-niciun-guvern-din-care-nu-face-parte\/#primaryimage","url":"https:\/\/covasna45.ro\/wp-content\/uploads\/2025\/08\/grindeanu-psd.jpg","contentUrl":"https:\/\/covasna45.ro\/wp-content\/uploads\/2025\/08\/grindeanu-psd.jpg","width":2048,"height":1503},{"@type":"BreadcrumbList","@id":"https:\/\/covasna45.ro\/index.php\/lumea-noastra\/psd-nu-va-sustine-niciun-guvern-din-care-nu-face-parte\/#breadcrumb","itemListElement":[{"@type":"ListItem","position":1,"name":"Prima pagin\u0103","item":"https:\/\/covasna45.ro\/"},{"@type":"ListItem","position":2,"name":"PSD nu va sus\u021bine niciun guvern din care nu face parte"}]},{"@type":"WebSite","@id":"https:\/\/covasna45.ro\/#website","url":"https:\/\/covasna45.ro\/","name":"covasna45.ro","description":"","publisher":{"@id":"https:\/\/covasna45.ro\/#organization"},"potentialAction":[{"@type":"SearchAction","target":{"@type":"EntryPoint","urlTemplate":"https:\/\/covasna45.ro\/?s={search_term_string}"},"query-input":{"@type":"PropertyValueSpecification","valueRequired":true,"valueName":"search_term_string"}}],"inLanguage":"ro-RO"},{"@type":"Organization","@id":"https:\/\/covasna45.ro\/#organization","name":"covasna45.ro","url":"https:\/\/covasna45.ro\/","logo":{"@type":"ImageObject","inLanguage":"ro-RO","@id":"https:\/\/covasna45.ro\/#\/schema\/logo\/image\/","url":"https:\/\/covasna45.ro\/wp-content\/uploads\/2023\/01\/icon_logo.png","contentUrl":"https:\/\/covasna45.ro\/wp-content\/uploads\/2023\/01\/icon_logo.png","width":1900,"height":1900,"caption":"covasna45.ro"},"image":{"@id":"https:\/\/covasna45.ro\/#\/schema\/logo\/image\/"}},{"@type":"Person","@id":"https:\/\/covasna45.ro\/#\/schema\/person\/e674052bd7d95d70bbb007a1060ab73c","name":"Covasna45","image":{"@type":"ImageObject","inLanguage":"ro-RO","@id":"https:\/\/covasna45.ro\/wp-content\/uploads\/2025\/10\/icon_logo_covasna45-150x150.png","url":"https:\/\/covasna45.ro\/wp-content\/uploads\/2025\/10\/icon_logo_covasna45-150x150.png","contentUrl":"https:\/\/covasna45.ro\/wp-content\/uploads\/2025\/10\/icon_logo_covasna45-150x150.png","caption":"Covasna45"},"sameAs":["https:\/\/covasna45.ro"],"url":"https:\/\/covasna45.ro\/index.php\/author\/covasna\/"}]}},"amp_enabled":true,"_links":{"self":[{"href":"https:\/\/covasna45.ro\/index.php\/wp-json\/wp\/v2\/posts\/18261","targetHints":{"allow":["GET"]}}],"collection":[{"href":"https:\/\/covasna45.ro\/index.php\/wp-json\/wp\/v2\/posts"}],"about":[{"href":"https:\/\/covasna45.ro\/index.php\/wp-json\/wp\/v2\/types\/post"}],"author":[{"embeddable":true,"href":"https:\/\/covasna45.ro\/index.php\/wp-json\/wp\/v2\/users\/1"}],"replies":[{"embeddable":true,"href":"https:\/\/covasna45.ro\/index.php\/wp-json\/wp\/v2\/comments?post=18261"}],"version-history":[{"count":1,"href":"https:\/\/covasna45.ro\/index.php\/wp-json\/wp\/v2\/posts\/18261\/revisions"}],"predecessor-version":[{"id":18262,"href":"https:\/\/covasna45.ro\/index.php\/wp-json\/wp\/v2\/posts\/18261\/revisions\/18262"}],"wp:featuredmedia":[{"embeddable":true,"href":"https:\/\/covasna45.ro\/index.php\/wp-json\/wp\/v2\/media\/12533"}],"wp:attachment":[{"href":"https:\/\/covasna45.ro\/index.php\/wp-json\/wp\/v2\/media?parent=18261"}],"wp:term":[{"taxonomy":"category","embeddable":true,"href":"https:\/\/covasna45.ro\/index.php\/wp-json\/wp\/v2\/categories?post=18261"},{"taxonomy":"post_tag","embeddable":true,"href":"https:\/\/covasna45.ro\/index.php\/wp-json\/wp\/v2\/tags?post=18261"}],"curies":[{"name":"wp","href":"https:\/\/api.w.org\/{rel}","templated":true}]}}