{"id":18263,"date":"2026-08-31T15:36:05","date_gmt":"2026-08-31T13:36:05","guid":{"rendered":"https:\/\/covasna45.ro\/?p=18263"},"modified":"2026-08-31T15:37:32","modified_gmt":"2026-08-31T13:37:32","slug":"zilele-orasului-covasna-programul-complet-2","status":"publish","type":"post","link":"https:\/\/covasna45.ro\/index.php\/lumea-noastra\/zilele-orasului-covasna-programul-complet-2\/","title":{"rendered":"Zilele Ora\u0219ului Covasna: Programul complet"},"content":{"rendered":"\n<p class=\"wp-block-paragraph\">Zilele Ora\u0219ului Covasna au loc \u00een acest sf\u00e2r\u0219it de s\u0103pt\u0103m\u00e2n\u0103.<\/p>\n\n\n\n<p class=\"wp-block-paragraph\">Casa de Cultur\u0103 a transmis programul complet.<\/p>\n\n\n\n<h2 class=\"wp-block-heading\">Vineri, 4 septembrie<\/h2>\n\n\n\n<p class=\"wp-block-paragraph\">11.00\u201319.00 \u2013 \u00cen organizarea Asocia\u021biei de Cultur\u0103 \u0219i Universit\u0103\u021bii Populare \u201eK\u0151r\u00f6si Csoma S\u00e1ndor\u201d: PE URMELE VALORILOR NOASTRE \u2013 t\u00e2rg de carte \u0219i juc\u0103rii, activit\u0103\u021bi me\u0219te\u0219ug\u0103re\u0219ti pentru copii, tururi ghidate;<\/p>\n\n\n\n<p class=\"wp-block-paragraph\">M\u00e1sr\u00e9ti Kat\u00f3 Zolt\u00e1n: Pokols\u00e1r \u2013 lansare de carte \u0219i \u00eent\u00e2lnire cu autorul \u2013 Centrul de Documentare \u201eK\u0151r\u00f6si Csoma S\u00e1ndor\u201d<\/p>\n\n\n\n<p class=\"wp-block-paragraph\">15.00\u201317.00 \u2013 Parcul statuilor vii \u2013 \u00een organizarea Trupei de Teatru pentru Elevi \u201eK\u0151r\u00f6si Csoma S\u00e1ndor\u201d, \u00een parcul din fa\u021ba Casei Or\u0103\u0219ene\u0219ti de Cultur\u0103<\/p>\n\n\n\n<p class=\"wp-block-paragraph\">17.00 \u2013 18.00 &#8211; Spectacolul grupelor de dans ale Clubului Elevilor Covasna. Concertul Fanfarei \u201eFerencz Ern\u0151\u201d din Brate\u0219<\/p>\n\n\n\n<p class=\"wp-block-paragraph\"><strong>18.30 \u2013 Deschiderea oficial\u0103 \u2013 discursul de deschidere al primarului Gyer\u0151 J\u00f3zsef<\/strong><\/p>\n\n\n\n<p class=\"wp-block-paragraph\">19.00 \u2013 RETRO ROLL<\/p>\n\n\n\n<p class=\"wp-block-paragraph\">21.00 \u2013 ALESSIA<\/p>\n\n\n\n<p class=\"wp-block-paragraph\">22.00 \u2013 BACKGROUND.<\/p>\n\n\n\n<h2 class=\"wp-block-heading\">5 SEPTEMBRIE \u2013 S\u00e2mb\u0103t\u0103<\/h2>\n\n\n\n<p class=\"wp-block-paragraph\">09.00\u201315.00 \u2013 Concurs de g\u0103tit la ceaun \u2013 Asocia\u021bia Pokols\u00e1r \u2013 Promenad\u0103<\/p>\n\n\n\n<p class=\"wp-block-paragraph\">11.00\u201317.00 \u2013 T\u00fcnd\u00e9rv\u00e1r \u2013 Ora\u0219ul copiilor \u2013 \u00een organizarea Asocia\u021biei T\u00fcnd\u00e9rv\u00e1r \u2013 Promenad\u0103<\/p>\n\n\n\n<p class=\"wp-block-paragraph\">11.00\u201313.00 \u2013 Festivitatea de omagiere a cuplurilor care s\u0103rb\u0103toresc Nunta de Aur \u0219i Nunta de Diamant \u2013 Centrul Cultural Covasna<\/p>\n\n\n\n<p class=\"wp-block-paragraph\">13.00 \u2013 17.00 \u2013 Curtea vremurilor de odinioar\u0103 \u2013 colec\u021bie de obiecte vechi (cu programare prealabil\u0103: 076-267-4516, str. Piliske nr. 4)<\/p>\n\n\n\n<p class=\"wp-block-paragraph\">15.00\u201317.00 \u2013 Parcul statuilor vii \u2013 \u00een organizarea Trupei de Teatru pentru Elevi \u201eK\u0151r\u00f6si Csoma S\u00e1ndor\u201d, \u00een parcul din fa\u021ba Casei Or\u0103\u0219ene\u0219ti de Cultur\u0103<\/p>\n\n\n\n<p class=\"wp-block-paragraph\">17.00 \u2013 T. BETTY<\/p>\n\n\n\n<p class=\"wp-block-paragraph\">19.00 \u2013 DREAMFLOW<\/p>\n\n\n\n<p class=\"wp-block-paragraph\">20.30 \u2013 NO SUGAR<\/p>\n\n\n\n<p class=\"wp-block-paragraph\">22.00 \u2013 RARE\u0218.<\/p>\n\n\n\n<h2 class=\"wp-block-heading\">6 SEPTEMBRIE \u2013 Duminic\u0103<\/h2>\n\n\n\n<p class=\"wp-block-paragraph\">Ansambluri locale de dansuri populare:<\/p>\n\n\n\n<p class=\"wp-block-paragraph\">11.00 \u2013 Rom\u00e2na\u0219ul<\/p>\n\n\n\n<p class=\"wp-block-paragraph\">11.40 \u2013 Junii Cov\u0103sneni<\/p>\n\n\n\n<p class=\"wp-block-paragraph\">12.20 \u2013 Kicsike, Vizitke, Pitypang \u0219i Recefice<\/p>\n\n\n\n<p class=\"wp-block-paragraph\">13.00\u201317.00 \u2013 Expozi\u021bie de automobile RETRO-MOBIL \u2013 \u00een parcarea sp\u0103l\u0103toriei auto Mini-Service<\/p>\n\n\n\n<p class=\"wp-block-paragraph\">15.00 \u2013 16.00 \u2013 Concert sus\u021binut de Cs\u0171r\u00f6s Istv\u00e1n \u0219i Orchestra Popular\u0103 Cs\u00edki G\u00f3b\u00e9<\/p>\n\n\n\n<p class=\"wp-block-paragraph\">16.00\u201319.00 \u2013 A III-a edi\u021bie a Festivalului de Muzic\u0103 Stradal\u0103 din Covasna \u2013 \u00eent\u00e2lnirea muzicienilor, talentelor \u0219i forma\u021biilor locale \u2013 Promenad\u0103<\/p>\n\n\n\n<p class=\"wp-block-paragraph\">Forma\u021bii invitate: Sz\u00edvmelenget\u0151k, Neogit\u00e1r-Alfa, SICTON, Kikapcsolsz!<\/p>\n\n\n\n<p class=\"wp-block-paragraph\">\u00censcrieri \u0219i informa\u021bii la num\u0103rul de telefon: 076-267-4516.<\/p>\n\n\n\n<p class=\"wp-block-paragraph\">17.00 \u2013 Fanfara din Dunaszekcs\u0151<\/p>\n\n\n\n<p class=\"wp-block-paragraph\">20.00 \u2013 CARGO<\/p>\n\n\n\n<p class=\"wp-block-paragraph\">21.30 \u2013 KORDA GY\u00d6RGY \u0218I BAL\u00c1ZS KL\u00c1RI<\/p>\n\n\n\n<p class=\"wp-block-paragraph\">22.45 \u2013 Foc de artificii.<\/p>\n\n\n\n<h2 class=\"wp-block-heading\">Programe permanente<\/h2>\n\n\n\n<ul class=\"wp-block-list\">\n<li>Expozi\u021bia REFRAC\u021aIE a artistului grafic Fazakas Barna din S\u00e2ncr\u0103ieni poate fi vizitat\u0103 vineri, s\u00e2mb\u0103t\u0103 \u0219i duminic\u0103, \u00eentre orele 9.00\u201314.00, la Galeria de Art\u0103 K\u00e1d\u00e1r L\u00e1szl\u00f3.<\/li>\n\n\n\n<li>T\u00e2rg de produse locale \u0219i tradi\u021bionale \u2013 vineri, s\u00e2mb\u0103t\u0103 \u0219i duminic\u0103 \u2013 Parcul Central<\/li>\n\n\n\n<li>Parcul statuilor vii \u2013 program \u00een aer liber sus\u021binut de membrii Trupei de Teatru pentru Elevi \u201eK\u0151r\u00f6si Csoma S\u00e1ndor\u201d \u2013 vineri \u0219i s\u00e2mb\u0103t\u0103, \u00eentre orele 15.00\u201317.00 \u2013 Promenad\u0103<\/li>\n\n\n\n<li>Cortul Crucii Ro\u0219ii \u0219i activit\u0103\u021bi pentru copii \u2013 s\u00e2mb\u0103t\u0103, 10.00\u201317.00<\/li>\n<\/ul>\n\n\n\n<p class=\"wp-block-paragraph\">Locul permanent de desf\u0103\u0219urare a evenimentelor este scena principal\u0103 din centrul ora\u0219ului; celelalte loca\u021bii sunt eviden\u021biate \u00een program.<\/p>\n\n\n\n<h3 class=\"wp-block-heading\">PROGRAME SPORTIVE \u00ceN CADRUL ZILELOR ORA\u0218ULUI COVASNA<\/h3>\n\n\n\n<p class=\"wp-block-paragraph\"><strong>VINERI<\/strong><\/p>\n\n\n\n<p class=\"wp-block-paragraph\">17.00 \u2013 Parcurs cu obstacole pentru copii, cu bicicleta\/rolele \u2013 terenul de sport de l\u00e2ng\u0103 Sala de Sport din Voine\u0219ti<\/p>\n\n\n\n<p class=\"wp-block-paragraph\"><strong>S\u00c2MB\u0102T\u0102<\/strong><\/p>\n\n\n\n<p class=\"wp-block-paragraph\">9.00 \u2013 Cupa de minifotbal \u201eCovasna 2026\u201d \u2013 terenul de sport din Promenad\u0103 (teren cu gazon sintetic) \u2013 \u00eenscrieri p\u00e2n\u0103 la 3 septembrie, la num\u0103rul de telefon: 0761687481<\/p>\n\n\n\n<p class=\"wp-block-paragraph\">9.00 \u2013 Cupa de fotbal \u201eSport For All\u201d U12\/U10 \u2013 Stadionul Or\u0103\u0219enesc<\/p>\n\n\n\n<p class=\"wp-block-paragraph\">10.00 \u2013 Concurs de arunc\u0103ri la co\u0219, categoria fete U14; Streetball, categoria fete U14; concurs de \u00eendem\u00e2nare \u2013 Sala<br>de Sport din Voine\u0219ti<\/p>\n\n\n\n<p class=\"wp-block-paragraph\"><strong>DUMINIC\u0102<\/strong><\/p>\n\n\n\n<p class=\"wp-block-paragraph\">8.30 \u2013 Memorialul \u201eBak\u00f3 Andr\u00e1s\u201d la tenis cu piciorul, edi\u021bia I \u2013 sala de sport a Liceului \u201eK\u0151r\u00f6si Csoma S\u00e1ndor\u201d \u2013 \u00eenscrieri p\u00e2n\u0103 la 5 septembrie, la num\u0103rul de telefon: 0761687481.<\/p>\n\n\n\n<p class=\"wp-block-paragraph\">9.00 \u2013 Concurs individual de tenis \u2013 terenul de sport din Promenad\u0103 (teren cu gazon sintetic) \u2013 \u00eenscrieri p\u00e2n\u0103 la 5 septembrie, la num\u0103rul de telefon: 0746736701<\/p>\n\n\n\n<p class=\"wp-block-paragraph\">11.00 \u2013 Meci de old-boys Covasna \u2013 S\u00e2nzieni \u2013 Stadionul Or\u0103\u0219enesc<\/p>\n\n\n\n<p class=\"wp-block-paragraph\">12.00 \u2013 Concurs de tenis de mas\u0103 \u2013 Sala de Sport din Voine\u0219ti \u2013 \u00eenscrieri la fa\u021ba locului<\/p>\n\n\n\n<h2 class=\"wp-block-heading\">Organizatori \u0219i parteneri<\/h2>\n\n\n\n<ul class=\"wp-block-list\">\n<li>Prim\u0103ria \u0219i Consiliul Local al Ora\u0219ului Covasna<\/li>\n\n\n\n<li>Casa Or\u0103\u0219eneasc\u0103 de Cultur\u0103 Covasna<\/li>\n\n\n\n<li>Galeria de Art\u0103 K\u00e1d\u00e1r L\u00e1szl\u00f3<\/li>\n\n\n\n<li>Biblioteca Or\u0103\u0219eneasc\u0103 Covasna<\/li>\n\n\n\n<li>Grupul de Cerceta\u0219i Havadt\u0151y S\u00e1ndor<\/li>\n\n\n\n<li>Clubul Sportiv Carpa\u021bi Covasna<\/li>\n\n\n\n<li>Crucea Ro\u0219ie \u2013 Filiala Covasna<\/li>\n\n\n\n<li>Asocia\u021bia Pokols\u00e1r<\/li>\n\n\n\n<li>Asocia\u021bia de Cultur\u0103 \u0219i Universitatea Popular\u0103 \u201eK\u0151r\u00f6si Csoma S\u00e1ndor\u201d Oficiul Na\u021bional pentru Concerte<\/li>\n\n\n\n<li>Asocia\u021bia Sport For All<\/li>\n\n\n\n<li>Editura Tortoma<\/li>\n\n\n\n<li>Asocia\u021bia Cultural\u0103 Str\u00e1zsa<\/li>\n<\/ul>\n\n\n\n<p class=\"wp-block-paragraph\">Program cultural prioritar al anului 2026, realizat cu sprijinul financiar al administra\u021biei publice locale a ora\u0219ului Covasna.<\/p>\n","protected":false},"excerpt":{"rendered":"<p>Zilele Ora\u0219ului Covasna au loc \u00een acest sf\u00e2r\u0219it de s\u0103pt\u0103m\u00e2n\u0103. Casa de Cultur\u0103 a transmis programul complet. Vineri, 4 septembrie 11.00\u201319.00 \u2013 \u00cen organizarea Asocia\u021biei de Cultur\u0103 \u0219i Universit\u0103\u021bii Populare \u201eK\u0151r\u00f6si Csoma S\u00e1ndor\u201d: PE URMELE VALORILOR NOASTRE \u2013 t\u00e2rg de carte \u0219i juc\u0103rii, activit\u0103\u021bi me\u0219te\u0219ug\u0103re\u0219ti pentru copii, tururi ghidate; M\u00e1sr\u00e9ti Kat\u00f3 Zolt\u00e1n: Pokols\u00e1r \u2013 lansare [&hellip;]<\/p>\n","protected":false},"author":1,"featured_media":9433,"comment_status":"open","ping_status":"closed","sticky":false,"template":"","format":"standard","meta":{"tdm_status":"","tdm_grid_status":"","footnotes":""},"categories":[14],"tags":[4349,5038],"class_list":["post-18263","post","type-post","status-publish","format-standard","has-post-thumbnail","category-lumea-noastra","tag-primaria-covasna-2","tag-zilele-orasului-covasna"],"yoast_head":"<!-- This site is optimized with the Yoast SEO plugin v28.3 - https:\/\/yoast.com\/product\/yoast-seo-wordpress\/ -->\n<title>Zilele Ora\u0219ului Covasna: Programul complet - Covasna45<\/title>\n<meta name=\"description\" content=\"Zilele Ora\u0219ului Covasna au loc \u00een acest sf\u00e2r\u0219it de s\u0103pt\u0103m\u00e2n\u0103. Casa de Cultur\u0103 a transmis programul complet.\" \/>\n<meta name=\"robots\" content=\"index, follow, max-snippet:-1, max-image-preview:large, max-video-preview:-1\" \/>\n<link rel=\"canonical\" href=\"https:\/\/covasna45.ro\/index.php\/lumea-noastra\/zilele-orasului-covasna-programul-complet-2\/\" \/>\n<meta property=\"og:locale\" content=\"ro_RO\" \/>\n<meta property=\"og:type\" content=\"article\" \/>\n<meta property=\"og:title\" content=\"Zilele Ora\u0219ului Covasna: Programul complet - Covasna45\" \/>\n<meta property=\"og:description\" content=\"Zilele Ora\u0219ului Covasna au loc \u00een acest sf\u00e2r\u0219it de s\u0103pt\u0103m\u00e2n\u0103. Casa de Cultur\u0103 a transmis programul complet.\" \/>\n<meta property=\"og:url\" content=\"https:\/\/covasna45.ro\/index.php\/lumea-noastra\/zilele-orasului-covasna-programul-complet-2\/\" \/>\n<meta property=\"og:site_name\" content=\"Covasna45\" \/>\n<meta property=\"article:published_time\" content=\"2026-08-31T13:36:05+00:00\" \/>\n<meta property=\"article:modified_time\" content=\"2026-08-31T13:37:32+00:00\" \/>\n<meta property=\"og:image\" content=\"https:\/\/covasna45.ro\/wp-content\/uploads\/2025\/01\/covasna-foto.jpg\" \/>\n\t<meta property=\"og:image:width\" content=\"2048\" \/>\n\t<meta property=\"og:image:height\" content=\"1536\" \/>\n\t<meta property=\"og:image:type\" content=\"image\/jpeg\" \/>\n<meta name=\"author\" content=\"Covasna45\" \/>\n<meta name=\"twitter:card\" content=\"summary_large_image\" \/>\n<meta name=\"twitter:label1\" content=\"Scris de\" \/>\n\t<meta name=\"twitter:data1\" content=\"Covasna45\" \/>\n\t<meta name=\"twitter:label2\" content=\"Timp estimat pentru citire\" \/>\n\t<meta name=\"twitter:data2\" content=\"4 minute\" \/>\n<script type=\"application\/ld+json\" class=\"yoast-schema-graph\">{\"@context\":\"https:\\\/\\\/schema.org\",\"@graph\":[{\"@type\":\"Article\",\"@id\":\"https:\\\/\\\/covasna45.ro\\\/index.php\\\/lumea-noastra\\\/zilele-orasului-covasna-programul-complet-2\\\/#article\",\"isPartOf\":{\"@id\":\"https:\\\/\\\/covasna45.ro\\\/index.php\\\/lumea-noastra\\\/zilele-orasului-covasna-programul-complet-2\\\/\"},\"author\":{\"name\":\"Covasna45\",\"@id\":\"https:\\\/\\\/covasna45.ro\\\/#\\\/schema\\\/person\\\/e674052bd7d95d70bbb007a1060ab73c\"},\"headline\":\"Zilele Ora\u0219ului Covasna: Programul complet\",\"datePublished\":\"2026-08-31T13:36:05+00:00\",\"dateModified\":\"2026-08-31T13:37:32+00:00\",\"mainEntityOfPage\":{\"@id\":\"https:\\\/\\\/covasna45.ro\\\/index.php\\\/lumea-noastra\\\/zilele-orasului-covasna-programul-complet-2\\\/\"},\"wordCount\":736,\"commentCount\":0,\"publisher\":{\"@id\":\"https:\\\/\\\/covasna45.ro\\\/#organization\"},\"image\":{\"@id\":\"https:\\\/\\\/covasna45.ro\\\/index.php\\\/lumea-noastra\\\/zilele-orasului-covasna-programul-complet-2\\\/#primaryimage\"},\"thumbnailUrl\":\"https:\\\/\\\/covasna45.ro\\\/wp-content\\\/uploads\\\/2025\\\/01\\\/covasna-foto.jpg\",\"keywords\":[\"Prim\u0103ria Covasna\",\"Zilele ora\u0219ului Covasna\"],\"articleSection\":[\"Lumea noastr\u0103\"],\"inLanguage\":\"ro-RO\",\"potentialAction\":[{\"@type\":\"CommentAction\",\"name\":\"Comment\",\"target\":[\"https:\\\/\\\/covasna45.ro\\\/index.php\\\/lumea-noastra\\\/zilele-orasului-covasna-programul-complet-2\\\/#respond\"]}]},{\"@type\":\"WebPage\",\"@id\":\"https:\\\/\\\/covasna45.ro\\\/index.php\\\/lumea-noastra\\\/zilele-orasului-covasna-programul-complet-2\\\/\",\"url\":\"https:\\\/\\\/covasna45.ro\\\/index.php\\\/lumea-noastra\\\/zilele-orasului-covasna-programul-complet-2\\\/\",\"name\":\"Zilele Ora\u0219ului Covasna: Programul complet - Covasna45\",\"isPartOf\":{\"@id\":\"https:\\\/\\\/covasna45.ro\\\/#website\"},\"primaryImageOfPage\":{\"@id\":\"https:\\\/\\\/covasna45.ro\\\/index.php\\\/lumea-noastra\\\/zilele-orasului-covasna-programul-complet-2\\\/#primaryimage\"},\"image\":{\"@id\":\"https:\\\/\\\/covasna45.ro\\\/index.php\\\/lumea-noastra\\\/zilele-orasului-covasna-programul-complet-2\\\/#primaryimage\"},\"thumbnailUrl\":\"https:\\\/\\\/covasna45.ro\\\/wp-content\\\/uploads\\\/2025\\\/01\\\/covasna-foto.jpg\",\"datePublished\":\"2026-08-31T13:36:05+00:00\",\"dateModified\":\"2026-08-31T13:37:32+00:00\",\"description\":\"Zilele Ora\u0219ului Covasna au loc \u00een acest sf\u00e2r\u0219it de s\u0103pt\u0103m\u00e2n\u0103. Casa de Cultur\u0103 a transmis programul complet.\",\"breadcrumb\":{\"@id\":\"https:\\\/\\\/covasna45.ro\\\/index.php\\\/lumea-noastra\\\/zilele-orasului-covasna-programul-complet-2\\\/#breadcrumb\"},\"inLanguage\":\"ro-RO\",\"potentialAction\":[{\"@type\":\"ReadAction\",\"target\":[\"https:\\\/\\\/covasna45.ro\\\/index.php\\\/lumea-noastra\\\/zilele-orasului-covasna-programul-complet-2\\\/\"]}]},{\"@type\":\"ImageObject\",\"inLanguage\":\"ro-RO\",\"@id\":\"https:\\\/\\\/covasna45.ro\\\/index.php\\\/lumea-noastra\\\/zilele-orasului-covasna-programul-complet-2\\\/#primaryimage\",\"url\":\"https:\\\/\\\/covasna45.ro\\\/wp-content\\\/uploads\\\/2025\\\/01\\\/covasna-foto.jpg\",\"contentUrl\":\"https:\\\/\\\/covasna45.ro\\\/wp-content\\\/uploads\\\/2025\\\/01\\\/covasna-foto.jpg\",\"width\":2048,\"height\":1536},{\"@type\":\"BreadcrumbList\",\"@id\":\"https:\\\/\\\/covasna45.ro\\\/index.php\\\/lumea-noastra\\\/zilele-orasului-covasna-programul-complet-2\\\/#breadcrumb\",\"itemListElement\":[{\"@type\":\"ListItem\",\"position\":1,\"name\":\"Prima pagin\u0103\",\"item\":\"https:\\\/\\\/covasna45.ro\\\/\"},{\"@type\":\"ListItem\",\"position\":2,\"name\":\"Zilele Ora\u0219ului Covasna: Programul complet\"}]},{\"@type\":\"WebSite\",\"@id\":\"https:\\\/\\\/covasna45.ro\\\/#website\",\"url\":\"https:\\\/\\\/covasna45.ro\\\/\",\"name\":\"covasna45.ro\",\"description\":\"\",\"publisher\":{\"@id\":\"https:\\\/\\\/covasna45.ro\\\/#organization\"},\"potentialAction\":[{\"@type\":\"SearchAction\",\"target\":{\"@type\":\"EntryPoint\",\"urlTemplate\":\"https:\\\/\\\/covasna45.ro\\\/?s={search_term_string}\"},\"query-input\":{\"@type\":\"PropertyValueSpecification\",\"valueRequired\":true,\"valueName\":\"search_term_string\"}}],\"inLanguage\":\"ro-RO\"},{\"@type\":\"Organization\",\"@id\":\"https:\\\/\\\/covasna45.ro\\\/#organization\",\"name\":\"covasna45.ro\",\"url\":\"https:\\\/\\\/covasna45.ro\\\/\",\"logo\":{\"@type\":\"ImageObject\",\"inLanguage\":\"ro-RO\",\"@id\":\"https:\\\/\\\/covasna45.ro\\\/#\\\/schema\\\/logo\\\/image\\\/\",\"url\":\"https:\\\/\\\/covasna45.ro\\\/wp-content\\\/uploads\\\/2023\\\/01\\\/icon_logo.png\",\"contentUrl\":\"https:\\\/\\\/covasna45.ro\\\/wp-content\\\/uploads\\\/2023\\\/01\\\/icon_logo.png\",\"width\":1900,\"height\":1900,\"caption\":\"covasna45.ro\"},\"image\":{\"@id\":\"https:\\\/\\\/covasna45.ro\\\/#\\\/schema\\\/logo\\\/image\\\/\"}},{\"@type\":\"Person\",\"@id\":\"https:\\\/\\\/covasna45.ro\\\/#\\\/schema\\\/person\\\/e674052bd7d95d70bbb007a1060ab73c\",\"name\":\"Covasna45\",\"image\":{\"@type\":\"ImageObject\",\"inLanguage\":\"ro-RO\",\"@id\":\"https:\\\/\\\/covasna45.ro\\\/wp-content\\\/uploads\\\/2025\\\/10\\\/icon_logo_covasna45-150x150.png\",\"url\":\"https:\\\/\\\/covasna45.ro\\\/wp-content\\\/uploads\\\/2025\\\/10\\\/icon_logo_covasna45-150x150.png\",\"contentUrl\":\"https:\\\/\\\/covasna45.ro\\\/wp-content\\\/uploads\\\/2025\\\/10\\\/icon_logo_covasna45-150x150.png\",\"caption\":\"Covasna45\"},\"sameAs\":[\"https:\\\/\\\/covasna45.ro\"],\"url\":\"https:\\\/\\\/covasna45.ro\\\/index.php\\\/author\\\/covasna\\\/\"}]}<\/script>\n<!-- \/ Yoast SEO plugin. -->","yoast_head_json":{"title":"Zilele Ora\u0219ului Covasna: Programul complet - Covasna45","description":"Zilele Ora\u0219ului Covasna au loc \u00een acest sf\u00e2r\u0219it de s\u0103pt\u0103m\u00e2n\u0103. Casa de Cultur\u0103 a transmis programul complet.","robots":{"index":"index","follow":"follow","max-snippet":"max-snippet:-1","max-image-preview":"max-image-preview:large","max-video-preview":"max-video-preview:-1"},"canonical":"https:\/\/covasna45.ro\/index.php\/lumea-noastra\/zilele-orasului-covasna-programul-complet-2\/","og_locale":"ro_RO","og_type":"article","og_title":"Zilele Ora\u0219ului Covasna: Programul complet - Covasna45","og_description":"Zilele Ora\u0219ului Covasna au loc \u00een acest sf\u00e2r\u0219it de s\u0103pt\u0103m\u00e2n\u0103. Casa de Cultur\u0103 a transmis programul complet.","og_url":"https:\/\/covasna45.ro\/index.php\/lumea-noastra\/zilele-orasului-covasna-programul-complet-2\/","og_site_name":"Covasna45","article_published_time":"2026-08-31T13:36:05+00:00","article_modified_time":"2026-08-31T13:37:32+00:00","og_image":[{"width":2048,"height":1536,"url":"https:\/\/covasna45.ro\/wp-content\/uploads\/2025\/01\/covasna-foto.jpg","type":"image\/jpeg"}],"author":"Covasna45","twitter_card":"summary_large_image","twitter_misc":{"Scris de":"Covasna45","Timp estimat pentru citire":"4 minute"},"schema":{"@context":"https:\/\/schema.org","@graph":[{"@type":"Article","@id":"https:\/\/covasna45.ro\/index.php\/lumea-noastra\/zilele-orasului-covasna-programul-complet-2\/#article","isPartOf":{"@id":"https:\/\/covasna45.ro\/index.php\/lumea-noastra\/zilele-orasului-covasna-programul-complet-2\/"},"author":{"name":"Covasna45","@id":"https:\/\/covasna45.ro\/#\/schema\/person\/e674052bd7d95d70bbb007a1060ab73c"},"headline":"Zilele Ora\u0219ului Covasna: Programul complet","datePublished":"2026-08-31T13:36:05+00:00","dateModified":"2026-08-31T13:37:32+00:00","mainEntityOfPage":{"@id":"https:\/\/covasna45.ro\/index.php\/lumea-noastra\/zilele-orasului-covasna-programul-complet-2\/"},"wordCount":736,"commentCount":0,"publisher":{"@id":"https:\/\/covasna45.ro\/#organization"},"image":{"@id":"https:\/\/covasna45.ro\/index.php\/lumea-noastra\/zilele-orasului-covasna-programul-complet-2\/#primaryimage"},"thumbnailUrl":"https:\/\/covasna45.ro\/wp-content\/uploads\/2025\/01\/covasna-foto.jpg","keywords":["Prim\u0103ria Covasna","Zilele ora\u0219ului Covasna"],"articleSection":["Lumea noastr\u0103"],"inLanguage":"ro-RO","potentialAction":[{"@type":"CommentAction","name":"Comment","target":["https:\/\/covasna45.ro\/index.php\/lumea-noastra\/zilele-orasului-covasna-programul-complet-2\/#respond"]}]},{"@type":"WebPage","@id":"https:\/\/covasna45.ro\/index.php\/lumea-noastra\/zilele-orasului-covasna-programul-complet-2\/","url":"https:\/\/covasna45.ro\/index.php\/lumea-noastra\/zilele-orasului-covasna-programul-complet-2\/","name":"Zilele Ora\u0219ului Covasna: Programul complet - Covasna45","isPartOf":{"@id":"https:\/\/covasna45.ro\/#website"},"primaryImageOfPage":{"@id":"https:\/\/covasna45.ro\/index.php\/lumea-noastra\/zilele-orasului-covasna-programul-complet-2\/#primaryimage"},"image":{"@id":"https:\/\/covasna45.ro\/index.php\/lumea-noastra\/zilele-orasului-covasna-programul-complet-2\/#primaryimage"},"thumbnailUrl":"https:\/\/covasna45.ro\/wp-content\/uploads\/2025\/01\/covasna-foto.jpg","datePublished":"2026-08-31T13:36:05+00:00","dateModified":"2026-08-31T13:37:32+00:00","description":"Zilele Ora\u0219ului Covasna au loc \u00een acest sf\u00e2r\u0219it de s\u0103pt\u0103m\u00e2n\u0103. Casa de Cultur\u0103 a transmis programul complet.","breadcrumb":{"@id":"https:\/\/covasna45.ro\/index.php\/lumea-noastra\/zilele-orasului-covasna-programul-complet-2\/#breadcrumb"},"inLanguage":"ro-RO","potentialAction":[{"@type":"ReadAction","target":["https:\/\/covasna45.ro\/index.php\/lumea-noastra\/zilele-orasului-covasna-programul-complet-2\/"]}]},{"@type":"ImageObject","inLanguage":"ro-RO","@id":"https:\/\/covasna45.ro\/index.php\/lumea-noastra\/zilele-orasului-covasna-programul-complet-2\/#primaryimage","url":"https:\/\/covasna45.ro\/wp-content\/uploads\/2025\/01\/covasna-foto.jpg","contentUrl":"https:\/\/covasna45.ro\/wp-content\/uploads\/2025\/01\/covasna-foto.jpg","width":2048,"height":1536},{"@type":"BreadcrumbList","@id":"https:\/\/covasna45.ro\/index.php\/lumea-noastra\/zilele-orasului-covasna-programul-complet-2\/#breadcrumb","itemListElement":[{"@type":"ListItem","position":1,"name":"Prima pagin\u0103","item":"https:\/\/covasna45.ro\/"},{"@type":"ListItem","position":2,"name":"Zilele Ora\u0219ului Covasna: Programul complet"}]},{"@type":"WebSite","@id":"https:\/\/covasna45.ro\/#website","url":"https:\/\/covasna45.ro\/","name":"covasna45.ro","description":"","publisher":{"@id":"https:\/\/covasna45.ro\/#organization"},"potentialAction":[{"@type":"SearchAction","target":{"@type":"EntryPoint","urlTemplate":"https:\/\/covasna45.ro\/?s={search_term_string}"},"query-input":{"@type":"PropertyValueSpecification","valueRequired":true,"valueName":"search_term_string"}}],"inLanguage":"ro-RO"},{"@type":"Organization","@id":"https:\/\/covasna45.ro\/#organization","name":"covasna45.ro","url":"https:\/\/covasna45.ro\/","logo":{"@type":"ImageObject","inLanguage":"ro-RO","@id":"https:\/\/covasna45.ro\/#\/schema\/logo\/image\/","url":"https:\/\/covasna45.ro\/wp-content\/uploads\/2023\/01\/icon_logo.png","contentUrl":"https:\/\/covasna45.ro\/wp-content\/uploads\/2023\/01\/icon_logo.png","width":1900,"height":1900,"caption":"covasna45.ro"},"image":{"@id":"https:\/\/covasna45.ro\/#\/schema\/logo\/image\/"}},{"@type":"Person","@id":"https:\/\/covasna45.ro\/#\/schema\/person\/e674052bd7d95d70bbb007a1060ab73c","name":"Covasna45","image":{"@type":"ImageObject","inLanguage":"ro-RO","@id":"https:\/\/covasna45.ro\/wp-content\/uploads\/2025\/10\/icon_logo_covasna45-150x150.png","url":"https:\/\/covasna45.ro\/wp-content\/uploads\/2025\/10\/icon_logo_covasna45-150x150.png","contentUrl":"https:\/\/covasna45.ro\/wp-content\/uploads\/2025\/10\/icon_logo_covasna45-150x150.png","caption":"Covasna45"},"sameAs":["https:\/\/covasna45.ro"],"url":"https:\/\/covasna45.ro\/index.php\/author\/covasna\/"}]}},"amp_enabled":true,"_links":{"self":[{"href":"https:\/\/covasna45.ro\/index.php\/wp-json\/wp\/v2\/posts\/18263","targetHints":{"allow":["GET"]}}],"collection":[{"href":"https:\/\/covasna45.ro\/index.php\/wp-json\/wp\/v2\/posts"}],"about":[{"href":"https:\/\/covasna45.ro\/index.php\/wp-json\/wp\/v2\/types\/post"}],"author":[{"embeddable":true,"href":"https:\/\/covasna45.ro\/index.php\/wp-json\/wp\/v2\/users\/1"}],"replies":[{"embeddable":true,"href":"https:\/\/covasna45.ro\/index.php\/wp-json\/wp\/v2\/comments?post=18263"}],"version-history":[{"count":1,"href":"https:\/\/covasna45.ro\/index.php\/wp-json\/wp\/v2\/posts\/18263\/revisions"}],"predecessor-version":[{"id":18264,"href":"https:\/\/covasna45.ro\/index.php\/wp-json\/wp\/v2\/posts\/18263\/revisions\/18264"}],"wp:featuredmedia":[{"embeddable":true,"href":"https:\/\/covasna45.ro\/index.php\/wp-json\/wp\/v2\/media\/9433"}],"wp:attachment":[{"href":"https:\/\/covasna45.ro\/index.php\/wp-json\/wp\/v2\/media?parent=18263"}],"wp:term":[{"taxonomy":"category","embeddable":true,"href":"https:\/\/covasna45.ro\/index.php\/wp-json\/wp\/v2\/categories?post=18263"},{"taxonomy":"post_tag","embeddable":true,"href":"https:\/\/covasna45.ro\/index.php\/wp-json\/wp\/v2\/tags?post=18263"}],"curies":[{"name":"wp","href":"https:\/\/api.w.org\/{rel}","templated":true}]}}