{"id":18282,"date":"2026-09-01T09:08:18","date_gmt":"2026-09-01T07:08:18","guid":{"rendered":"https:\/\/covasna45.ro\/?p=18282"},"modified":"2026-09-01T09:09:38","modified_gmt":"2026-09-01T07:09:38","slug":"kult-ur-2026-covasna-cand-tinerii-intaresc-comunitatea","status":"publish","type":"post","link":"https:\/\/covasna45.ro\/index.php\/lumea-noastra\/kult-ur-2026-covasna-cand-tinerii-intaresc-comunitatea\/","title":{"rendered":"Kult-\u0170r 2026, Covasna: c\u00e2nd tinerii \u00eent\u0103resc comunitatea"},"content":{"rendered":"\n<p class=\"wp-block-paragraph\">\u00cen perioada 4\u20135 septembrie, la Covasna va avea loc cea de-a opta edi\u021bie a Kult-\u0170r, un eveniment organizat de tinerii din ora\u0219 \u0219i dedicat tuturor celor interesa\u021bi. An dup\u0103 an, Asocia\u021bia Tinerilor, FIKOSZ, a mai pus c\u00e2te o \u201ec\u0103r\u0103mid\u0103\u201d la dezvoltarea spiritului comunitar \u0219i au creat pun\u021bi c\u0103tre cei \u201emari\u201d.<\/p>\n\n\n\n<p class=\"wp-block-paragraph\">\u00cen acest an, fac \u00eenc\u0103 un pas \u0219i deschid dialoguri pe diverse teme. A\u0219a \u00eenc\u00e2t Kult-\u0170r devine un spa\u021biu tot mai larg, \u00een care fiecare \u00ee\u0219i poate g\u0103si un loc.<\/p>\n\n\n\n<p class=\"wp-block-paragraph\">Evenimentul va avea loc la str. Piliske nr. 2\/B, visa-vis de Poli\u021bie \u00een ora\u0219ul Covasna.<\/p>\n\n\n\n<p class=\"wp-block-paragraph\">Programul muzical al celor dou\u0103 zile se adreseaz\u0103 mai multor genera\u021bii \u0219i reune\u0219te stiluri diverse.<\/p>\n\n\n\n<p class=\"wp-block-paragraph\">Vineri, pe scena Galaxy Arena vor urca Ph\u00e4ro, Gekko, Csaky, DJ Dark \u0219i Czika, iar s\u00e2mb\u0103t\u0103 vor evolua Iwell, Hunay, Sterbinszky x Mynea (HU) \u0219i Trash Me Hard. The Crater Stage va g\u0103zdui, la r\u00e2ndul s\u0103u, un program variat, care va include \u0219i arti\u0219ti locali \u0219i emergen\u021bi.<\/p>\n\n\n\n<p class=\"wp-block-paragraph\"><a href=\"https:\/\/covasna45.ro\/index.php\/lumea-noastra\/tinerii-din-covasna-cresc-miza-la-zilele-orasului-kult-ur-nu-inseamna-doar-muzica\/\">Kult-\u0170r<\/a> \u00eenseamn\u0103 \u00eens\u0103 mai mult dec\u00e2t muzic\u0103. Unul dintre obiectivele importante ale evenimentului este crearea unui cadru \u00een care tinerii s\u0103 poat\u0103 descoperi experien\u021be \u0219i perspective noi, care s\u0103 contribuie la dezvoltarea personal\u0103, la formarea unei g\u00e2ndiri deschise \u0219i la implicarea activ\u0103 \u00een comunitate.<\/p>\n\n\n\n<figure class=\"wp-block-image size-large\"><img loading=\"lazy\" decoding=\"async\" width=\"820\" height=\"1024\" src=\"https:\/\/covasna45.ro\/wp-content\/uploads\/2026\/09\/ku-fam-820x1024.jpeg\" alt=\"\" class=\"wp-image-18284\" srcset=\"https:\/\/covasna45.ro\/wp-content\/uploads\/2026\/09\/ku-fam-820x1024.jpeg 820w, https:\/\/covasna45.ro\/wp-content\/uploads\/2026\/09\/ku-fam-240x300.jpeg 240w, https:\/\/covasna45.ro\/wp-content\/uploads\/2026\/09\/ku-fam-768x959.jpeg 768w, https:\/\/covasna45.ro\/wp-content\/uploads\/2026\/09\/ku-fam-150x187.jpeg 150w, https:\/\/covasna45.ro\/wp-content\/uploads\/2026\/09\/ku-fam-299x374.jpeg 299w, https:\/\/covasna45.ro\/wp-content\/uploads\/2026\/09\/ku-fam-320x400.jpeg 320w, https:\/\/covasna45.ro\/wp-content\/uploads\/2026\/09\/ku-fam-696x869.jpeg 696w, https:\/\/covasna45.ro\/wp-content\/uploads\/2026\/09\/ku-fam-1067x1333.jpeg 1067w, https:\/\/covasna45.ro\/wp-content\/uploads\/2026\/09\/ku-fam.jpeg 1081w\" sizes=\"auto, (max-width: 820px) 100vw, 820px\" \/><\/figure>\n\n\n\n<h2 class=\"wp-block-heading\">O zi pentru toat\u0103 familia<\/h2>\n\n\n\n<p class=\"wp-block-paragraph\">Ziua de s\u00e2mb\u0103t\u0103 va fi dedicat\u0103 familiilor \u00eenc\u0103 de diminea\u021b\u0103. \u00centre orele 11:00 \u0219i 19:00 va avea loc Ziua Familiei, cu jocuri gratuite pentru copii, un castel gonflabil pus la dispozi\u021bie de Crucea Ro\u0219ie, precum \u0219i diferite prezent\u0103ri \u0219i activit\u0103\u021bi pentru \u00eentreaga familie. Sportul \u0219i competi\u021biile vor avea, de asemenea, locul lor \u00een program. Vineri, de la ora 17:00, va avea loc un turneu FC 26, iar s\u00e2mb\u0103t\u0103, de la ora 19:30, participan\u021bii sunt a\u0219tepta\u021bi la un turneu de Beer Pong. Participarea la ambele competi\u021bii este gratuit\u0103.<\/p>\n\n\n\n<p class=\"wp-block-paragraph\">S\u00e2mb\u0103t\u0103 vor avea loc trei discu\u021bii speciale:<\/p>\n\n\n\n<ul class=\"wp-block-list\">\n<li>14:00 \u2013 \u201e<strong>Dac\u0103 totul se \u00eenv\u00e2rte \u00een jurul banilor, de ce muncim gratuit?<\/strong>\u201d \u2013 despre voluntariat, dezvoltare personal\u0103 \u0219i implicare civic\u0103, al\u0103turi de psihologul Dombi Orsolya.<\/li>\n\n\n\n<li>16:00 \u2013 \u201e<strong>De la hobby la o afacere de milioane de euro<\/strong>\u201d \u2013 discu\u021bie cu Luka Levente, cofondator al eMudding.ro<\/li>\n\n\n\n<li>18:00 \u2013 \u201e<strong>Dincolo de cu\u0219c\u0103<\/strong>\u201d \u2013 discu\u021bie cu Tor\u00f3 \u00c1kos, lupt\u0103tor MMA.<\/li>\n<\/ul>\n\n\n\n<figure class=\"wp-block-image size-large\"><img loading=\"lazy\" decoding=\"async\" width=\"819\" height=\"1024\" src=\"https:\/\/covasna45.ro\/wp-content\/uploads\/2026\/09\/mma-tot-819x1024.jpg\" alt=\"\" class=\"wp-image-18283\" srcset=\"https:\/\/covasna45.ro\/wp-content\/uploads\/2026\/09\/mma-tot-819x1024.jpg 819w, https:\/\/covasna45.ro\/wp-content\/uploads\/2026\/09\/mma-tot-240x300.jpg 240w, https:\/\/covasna45.ro\/wp-content\/uploads\/2026\/09\/mma-tot-767x959.jpg 767w, https:\/\/covasna45.ro\/wp-content\/uploads\/2026\/09\/mma-tot-150x187.jpg 150w, https:\/\/covasna45.ro\/wp-content\/uploads\/2026\/09\/mma-tot-299x374.jpg 299w, https:\/\/covasna45.ro\/wp-content\/uploads\/2026\/09\/mma-tot-320x400.jpg 320w, https:\/\/covasna45.ro\/wp-content\/uploads\/2026\/09\/mma-tot-695x869.jpg 695w, https:\/\/covasna45.ro\/wp-content\/uploads\/2026\/09\/mma-tot-1067x1334.jpg 1067w, https:\/\/covasna45.ro\/wp-content\/uploads\/2026\/09\/mma-tot.jpg 1081w\" sizes=\"auto, (max-width: 819px) 100vw, 819px\" \/><\/figure>\n\n\n\n<h2 class=\"wp-block-heading\">Programul complet:<\/h2>\n\n\n\n<h3 class=\"wp-block-heading\">4 septembrie 2026, vineri Galaxy Arena:<\/h3>\n\n\n\n<ul class=\"wp-block-list\">\n<li>21:00 \u2013 Ph\u00e4ro<\/li>\n\n\n\n<li>22:00 \u2013 Gekko<\/li>\n\n\n\n<li>23:00 \u2013 Csaky<\/li>\n\n\n\n<li>00:00 \u2013 DJ Dark<\/li>\n\n\n\n<li>02:00 \u2013 Czika.<\/li>\n<\/ul>\n\n\n\n<h3 class=\"wp-block-heading\">The Crater Stage:<\/h3>\n\n\n\n<ul class=\"wp-block-list\">\n<li>17:00 \u2013 Turneu FC 26<\/li>\n\n\n\n<li>21:00 \u2013 zsombee<\/li>\n\n\n\n<li>00:00 \u2013 ATR\u00d8X UNIT.<\/li>\n<\/ul>\n\n\n\n<h2 class=\"wp-block-heading\">5 septembrie 2026, s\u00e2mb\u0103t\u0103<\/h2>\n\n\n\n<ul class=\"wp-block-list\">\n<li>11:00 &#8211; 19:00 &#8211; Ziua Familiei: jocuri gratuite, castel gonflabil pus la dispozi\u021bie de Crucea Ro\u0219ie, prezent\u0103ri \u0219i activit\u0103\u021bi pentru \u00eentreaga familie.<\/li>\n<\/ul>\n\n\n\n<h3 class=\"wp-block-heading\">Galaxy Arena:<\/h3>\n\n\n\n<ul class=\"wp-block-list\">\n<li>21:00 \u2013 Iwell<\/li>\n\n\n\n<li>23:00 \u2013 Hunay<\/li>\n\n\n\n<li>00:30 \u2013 Sterbinszky x Mynea (HU)<\/li>\n\n\n\n<li>01:30 \u2013 Trash Me Hard.<\/li>\n<\/ul>\n\n\n\n<figure class=\"wp-block-image size-large\"><img loading=\"lazy\" decoding=\"async\" width=\"819\" height=\"1024\" src=\"https:\/\/covasna45.ro\/wp-content\/uploads\/2026\/09\/dj-ku-819x1024.jpg\" alt=\"\" class=\"wp-image-18285\" srcset=\"https:\/\/covasna45.ro\/wp-content\/uploads\/2026\/09\/dj-ku-819x1024.jpg 819w, https:\/\/covasna45.ro\/wp-content\/uploads\/2026\/09\/dj-ku-240x300.jpg 240w, https:\/\/covasna45.ro\/wp-content\/uploads\/2026\/09\/dj-ku-767x959.jpg 767w, https:\/\/covasna45.ro\/wp-content\/uploads\/2026\/09\/dj-ku-150x187.jpg 150w, https:\/\/covasna45.ro\/wp-content\/uploads\/2026\/09\/dj-ku-299x374.jpg 299w, https:\/\/covasna45.ro\/wp-content\/uploads\/2026\/09\/dj-ku-320x400.jpg 320w, https:\/\/covasna45.ro\/wp-content\/uploads\/2026\/09\/dj-ku-695x869.jpg 695w, https:\/\/covasna45.ro\/wp-content\/uploads\/2026\/09\/dj-ku-1067x1334.jpg 1067w, https:\/\/covasna45.ro\/wp-content\/uploads\/2026\/09\/dj-ku.jpg 1081w\" sizes=\"auto, (max-width: 819px) 100vw, 819px\" \/><\/figure>\n\n\n\n<h3 class=\"wp-block-heading\">The Crater Stage:<\/h3>\n\n\n\n<ul class=\"wp-block-list\">\n<li>14:00 \u2013 \u201eDac\u0103 totul se \u00eenv\u00e2rte \u00een jurul banilor, de ce muncim gratuit?\u201d \u2013 despre voluntariat, dezvoltare personal\u0103 \u0219i implicare civic\u0103, al\u0103turi de psihologul Dombi Orsolya<\/li>\n\n\n\n<li>16:00 \u2013 \u201eDe la hobby la o afacere de milioane de euro\u201d \u2013 discu\u021bie cu Luka Levente, cofondator al eMudding.ro<\/li>\n\n\n\n<li>18:00 \u2013 \u201eDincolo de cu\u0219c\u0103\u201d \u2013 discu\u021bie cu Tor\u00f3 \u00c1kos, lupt\u0103tor MMA 19:30 \u2013 Turneu Beer Pong<\/li>\n\n\n\n<li>21:00 \u2013 1Pach<\/li>\n\n\n\n<li>00:00 \u2013 AndyC.<\/li>\n<\/ul>\n\n\n\n<p class=\"wp-block-paragraph\">\u0218i \u00een acest an, organizatorii acord\u0103 o aten\u021bie deosebit\u0103 reducerii pe c\u00e2t posibil a disconfortului pentru locuitorii din zon\u0103. Pentru programele de noapte a fost \u00eenchiriat un cort de 200 m\u00b2, care permite utilizarea unui sistem de sonorizare mai redus dec\u00e2t \u00een anii preceden\u021bi. Pere\u021bii laterali ai cortului contribuie la men\u021binerea sunetului \u00eentr-un spa\u021biu mai bine delimitat \u0219i la reducerea propag\u0103rii acestuia \u00een zonele din apropiere.<\/p>\n\n\n\n<figure class=\"wp-block-image size-large\"><img loading=\"lazy\" decoding=\"async\" width=\"1024\" height=\"683\" src=\"https:\/\/covasna45.ro\/wp-content\/uploads\/2026\/08\/kv-1024x683.jpg\" alt=\"\" class=\"wp-image-18252\" srcset=\"https:\/\/covasna45.ro\/wp-content\/uploads\/2026\/08\/kv-1024x683.jpg 1024w, https:\/\/covasna45.ro\/wp-content\/uploads\/2026\/08\/kv-300x200.jpg 300w, https:\/\/covasna45.ro\/wp-content\/uploads\/2026\/08\/kv-767x512.jpg 767w, https:\/\/covasna45.ro\/wp-content\/uploads\/2026\/08\/kv-149x99.jpg 149w, https:\/\/covasna45.ro\/wp-content\/uploads\/2026\/08\/kv-299x199.jpg 299w, https:\/\/covasna45.ro\/wp-content\/uploads\/2026\/08\/kv-324x216.jpg 324w, https:\/\/covasna45.ro\/wp-content\/uploads\/2026\/08\/kv-695x464.jpg 695w, https:\/\/covasna45.ro\/wp-content\/uploads\/2026\/08\/kv-1067x712.jpg 1067w, https:\/\/covasna45.ro\/wp-content\/uploads\/2026\/08\/kv.jpg 1440w\" sizes=\"auto, (max-width: 1024px) 100vw, 1024px\" \/><\/figure>\n\n\n\n<h4 class=\"wp-block-heading\">Organizarea Kult-\u0170r 2026 este posibil\u0103 \u0219i \u00een acest an cu sprijinul mai multor parteneri \u0219i sponsori.<\/h4>\n\n\n\n<p class=\"wp-block-paragraph\">Printre sus\u021bin\u0103torii evenimentului se num\u0103r\u0103 Agro Electro &#8211; magazinul fermierului din Sf\u00e2ntu Gheorghe, VISS S.R.L., Cleanera Solution, Funda\u021bia Communitas, UDMR, precum \u0219i Prim\u0103ria Ora\u0219ului Covasna.<\/p>\n\n\n\n<p class=\"wp-block-paragraph\">De asemenea, mai multe \u00eentreprinderi locale \u0219i din \u00eemprejurimi contribuie la realizarea evenimentului, c\u0103rora organizatorii le mul\u021bumesc pe aceast\u0103 cale pentru sprijinul acordat \u0219i pentru \u00eencredere.<\/p>\n\n\n\n<p class=\"wp-block-paragraph\">A\u0219adar, organizatorii \u00eei a\u0219teapt\u0103 cu drag pe to\u021bi cei interesa\u021bi, \u00een perioada 4\u20135 septembrie, la Covasna, pentru un weekend \u00een care muzica, comunitatea, sportul, cultura \u0219i activit\u0103\u021bile dedicate familiilor se \u00eent\u00e2lnesc \u00eentr-un singur loc.<\/p>\n\n\n\n<p class=\"wp-block-paragraph\">Sursa \u0219i detalii: <a href=\"https:\/\/www.facebook.com\/kulturkovaszna\">Kult-\u0170r<\/a><\/p>\n","protected":false},"excerpt":{"rendered":"<p>\u00cen perioada 4\u20135 septembrie, la Covasna va avea loc cea de-a opta edi\u021bie a Kult-\u0170r, un eveniment organizat de tinerii din ora\u0219 \u0219i dedicat tuturor celor interesa\u021bi. An dup\u0103 an, Asocia\u021bia Tinerilor, FIKOSZ, a mai pus c\u00e2te o \u201ec\u0103r\u0103mid\u0103\u201d la dezvoltarea spiritului comunitar \u0219i au creat pun\u021bi c\u0103tre cei \u201emari\u201d. \u00cen acest an, fac \u00eenc\u0103 [&hellip;]<\/p>\n","protected":false},"author":1,"featured_media":18286,"comment_status":"open","ping_status":"closed","sticky":false,"template":"","format":"standard","meta":{"tdm_status":"","tdm_grid_status":"","footnotes":""},"categories":[14],"tags":[21,3868,5044,1032],"class_list":["post-18282","post","type-post","status-publish","format-standard","has-post-thumbnail","category-lumea-noastra","tag-covasna","tag-fikosz","tag-kult-ur-2","tag-tineri"],"yoast_head":"<!-- This site is optimized with the Yoast SEO plugin v28.3 - https:\/\/yoast.com\/product\/yoast-seo-wordpress\/ -->\n<title>Kult-\u0170r 2026, Covasna: c\u00e2nd tinerii \u00eent\u0103resc comunitatea - Covasna45<\/title>\n<meta name=\"description\" content=\"\u00cen perioada 4\u20135 septembrie, la Covasna va avea loc cea de-a opta edi\u021bie a Kult-\u0170r, un eveniment organizat de tinerii din ora\u0219.\" \/>\n<meta name=\"robots\" content=\"index, follow, max-snippet:-1, max-image-preview:large, max-video-preview:-1\" \/>\n<link rel=\"canonical\" href=\"https:\/\/covasna45.ro\/index.php\/lumea-noastra\/kult-ur-2026-covasna-cand-tinerii-intaresc-comunitatea\/\" \/>\n<meta property=\"og:locale\" content=\"ro_RO\" \/>\n<meta property=\"og:type\" content=\"article\" \/>\n<meta property=\"og:title\" content=\"Kult-\u0170r 2026, Covasna: c\u00e2nd tinerii \u00eent\u0103resc comunitatea - Covasna45\" \/>\n<meta property=\"og:description\" content=\"\u00cen perioada 4\u20135 septembrie, la Covasna va avea loc cea de-a opta edi\u021bie a Kult-\u0170r, un eveniment organizat de tinerii din ora\u0219.\" \/>\n<meta property=\"og:url\" content=\"https:\/\/covasna45.ro\/index.php\/lumea-noastra\/kult-ur-2026-covasna-cand-tinerii-intaresc-comunitatea\/\" \/>\n<meta property=\"og:site_name\" content=\"Covasna45\" \/>\n<meta property=\"article:published_time\" content=\"2026-09-01T07:08:18+00:00\" \/>\n<meta property=\"article:modified_time\" content=\"2026-09-01T07:09:38+00:00\" \/>\n<meta property=\"og:image\" content=\"https:\/\/covasna45.ro\/wp-content\/uploads\/2026\/09\/kul-5.jpg\" \/>\n\t<meta property=\"og:image:width\" content=\"1339\" \/>\n\t<meta property=\"og:image:height\" content=\"979\" \/>\n\t<meta property=\"og:image:type\" content=\"image\/jpeg\" \/>\n<meta name=\"author\" content=\"Covasna45\" \/>\n<meta name=\"twitter:card\" content=\"summary_large_image\" \/>\n<meta name=\"twitter:label1\" content=\"Scris de\" \/>\n\t<meta name=\"twitter:data1\" content=\"Covasna45\" \/>\n\t<meta name=\"twitter:label2\" content=\"Timp estimat pentru citire\" \/>\n\t<meta name=\"twitter:data2\" content=\"5 minute\" \/>\n<script type=\"application\/ld+json\" class=\"yoast-schema-graph\">{\"@context\":\"https:\\\/\\\/schema.org\",\"@graph\":[{\"@type\":\"Article\",\"@id\":\"https:\\\/\\\/covasna45.ro\\\/index.php\\\/lumea-noastra\\\/kult-ur-2026-covasna-cand-tinerii-intaresc-comunitatea\\\/#article\",\"isPartOf\":{\"@id\":\"https:\\\/\\\/covasna45.ro\\\/index.php\\\/lumea-noastra\\\/kult-ur-2026-covasna-cand-tinerii-intaresc-comunitatea\\\/\"},\"author\":{\"name\":\"Covasna45\",\"@id\":\"https:\\\/\\\/covasna45.ro\\\/#\\\/schema\\\/person\\\/e674052bd7d95d70bbb007a1060ab73c\"},\"headline\":\"Kult-\u0170r 2026, Covasna: c\u00e2nd tinerii \u00eent\u0103resc comunitatea\",\"datePublished\":\"2026-09-01T07:08:18+00:00\",\"dateModified\":\"2026-09-01T07:09:38+00:00\",\"mainEntityOfPage\":{\"@id\":\"https:\\\/\\\/covasna45.ro\\\/index.php\\\/lumea-noastra\\\/kult-ur-2026-covasna-cand-tinerii-intaresc-comunitatea\\\/\"},\"wordCount\":725,\"commentCount\":0,\"publisher\":{\"@id\":\"https:\\\/\\\/covasna45.ro\\\/#organization\"},\"image\":{\"@id\":\"https:\\\/\\\/covasna45.ro\\\/index.php\\\/lumea-noastra\\\/kult-ur-2026-covasna-cand-tinerii-intaresc-comunitatea\\\/#primaryimage\"},\"thumbnailUrl\":\"https:\\\/\\\/covasna45.ro\\\/wp-content\\\/uploads\\\/2026\\\/09\\\/kul-5.jpg\",\"keywords\":[\"covasna\",\"Fikosz\",\"Kult-\u0170r\",\"Tineri\"],\"articleSection\":[\"Lumea noastr\u0103\"],\"inLanguage\":\"ro-RO\",\"potentialAction\":[{\"@type\":\"CommentAction\",\"name\":\"Comment\",\"target\":[\"https:\\\/\\\/covasna45.ro\\\/index.php\\\/lumea-noastra\\\/kult-ur-2026-covasna-cand-tinerii-intaresc-comunitatea\\\/#respond\"]}]},{\"@type\":\"WebPage\",\"@id\":\"https:\\\/\\\/covasna45.ro\\\/index.php\\\/lumea-noastra\\\/kult-ur-2026-covasna-cand-tinerii-intaresc-comunitatea\\\/\",\"url\":\"https:\\\/\\\/covasna45.ro\\\/index.php\\\/lumea-noastra\\\/kult-ur-2026-covasna-cand-tinerii-intaresc-comunitatea\\\/\",\"name\":\"Kult-\u0170r 2026, Covasna: c\u00e2nd tinerii \u00eent\u0103resc comunitatea - Covasna45\",\"isPartOf\":{\"@id\":\"https:\\\/\\\/covasna45.ro\\\/#website\"},\"primaryImageOfPage\":{\"@id\":\"https:\\\/\\\/covasna45.ro\\\/index.php\\\/lumea-noastra\\\/kult-ur-2026-covasna-cand-tinerii-intaresc-comunitatea\\\/#primaryimage\"},\"image\":{\"@id\":\"https:\\\/\\\/covasna45.ro\\\/index.php\\\/lumea-noastra\\\/kult-ur-2026-covasna-cand-tinerii-intaresc-comunitatea\\\/#primaryimage\"},\"thumbnailUrl\":\"https:\\\/\\\/covasna45.ro\\\/wp-content\\\/uploads\\\/2026\\\/09\\\/kul-5.jpg\",\"datePublished\":\"2026-09-01T07:08:18+00:00\",\"dateModified\":\"2026-09-01T07:09:38+00:00\",\"description\":\"\u00cen perioada 4\u20135 septembrie, la Covasna va avea loc cea de-a opta edi\u021bie a Kult-\u0170r, un eveniment organizat de tinerii din ora\u0219.\",\"breadcrumb\":{\"@id\":\"https:\\\/\\\/covasna45.ro\\\/index.php\\\/lumea-noastra\\\/kult-ur-2026-covasna-cand-tinerii-intaresc-comunitatea\\\/#breadcrumb\"},\"inLanguage\":\"ro-RO\",\"potentialAction\":[{\"@type\":\"ReadAction\",\"target\":[\"https:\\\/\\\/covasna45.ro\\\/index.php\\\/lumea-noastra\\\/kult-ur-2026-covasna-cand-tinerii-intaresc-comunitatea\\\/\"]}]},{\"@type\":\"ImageObject\",\"inLanguage\":\"ro-RO\",\"@id\":\"https:\\\/\\\/covasna45.ro\\\/index.php\\\/lumea-noastra\\\/kult-ur-2026-covasna-cand-tinerii-intaresc-comunitatea\\\/#primaryimage\",\"url\":\"https:\\\/\\\/covasna45.ro\\\/wp-content\\\/uploads\\\/2026\\\/09\\\/kul-5.jpg\",\"contentUrl\":\"https:\\\/\\\/covasna45.ro\\\/wp-content\\\/uploads\\\/2026\\\/09\\\/kul-5.jpg\",\"width\":1339,\"height\":979},{\"@type\":\"BreadcrumbList\",\"@id\":\"https:\\\/\\\/covasna45.ro\\\/index.php\\\/lumea-noastra\\\/kult-ur-2026-covasna-cand-tinerii-intaresc-comunitatea\\\/#breadcrumb\",\"itemListElement\":[{\"@type\":\"ListItem\",\"position\":1,\"name\":\"Prima pagin\u0103\",\"item\":\"https:\\\/\\\/covasna45.ro\\\/\"},{\"@type\":\"ListItem\",\"position\":2,\"name\":\"Kult-\u0170r 2026, Covasna: c\u00e2nd tinerii \u00eent\u0103resc comunitatea\"}]},{\"@type\":\"WebSite\",\"@id\":\"https:\\\/\\\/covasna45.ro\\\/#website\",\"url\":\"https:\\\/\\\/covasna45.ro\\\/\",\"name\":\"covasna45.ro\",\"description\":\"\",\"publisher\":{\"@id\":\"https:\\\/\\\/covasna45.ro\\\/#organization\"},\"potentialAction\":[{\"@type\":\"SearchAction\",\"target\":{\"@type\":\"EntryPoint\",\"urlTemplate\":\"https:\\\/\\\/covasna45.ro\\\/?s={search_term_string}\"},\"query-input\":{\"@type\":\"PropertyValueSpecification\",\"valueRequired\":true,\"valueName\":\"search_term_string\"}}],\"inLanguage\":\"ro-RO\"},{\"@type\":\"Organization\",\"@id\":\"https:\\\/\\\/covasna45.ro\\\/#organization\",\"name\":\"covasna45.ro\",\"url\":\"https:\\\/\\\/covasna45.ro\\\/\",\"logo\":{\"@type\":\"ImageObject\",\"inLanguage\":\"ro-RO\",\"@id\":\"https:\\\/\\\/covasna45.ro\\\/#\\\/schema\\\/logo\\\/image\\\/\",\"url\":\"https:\\\/\\\/covasna45.ro\\\/wp-content\\\/uploads\\\/2023\\\/01\\\/icon_logo.png\",\"contentUrl\":\"https:\\\/\\\/covasna45.ro\\\/wp-content\\\/uploads\\\/2023\\\/01\\\/icon_logo.png\",\"width\":1900,\"height\":1900,\"caption\":\"covasna45.ro\"},\"image\":{\"@id\":\"https:\\\/\\\/covasna45.ro\\\/#\\\/schema\\\/logo\\\/image\\\/\"}},{\"@type\":\"Person\",\"@id\":\"https:\\\/\\\/covasna45.ro\\\/#\\\/schema\\\/person\\\/e674052bd7d95d70bbb007a1060ab73c\",\"name\":\"Covasna45\",\"image\":{\"@type\":\"ImageObject\",\"inLanguage\":\"ro-RO\",\"@id\":\"https:\\\/\\\/covasna45.ro\\\/wp-content\\\/uploads\\\/2025\\\/10\\\/icon_logo_covasna45-150x150.png\",\"url\":\"https:\\\/\\\/covasna45.ro\\\/wp-content\\\/uploads\\\/2025\\\/10\\\/icon_logo_covasna45-150x150.png\",\"contentUrl\":\"https:\\\/\\\/covasna45.ro\\\/wp-content\\\/uploads\\\/2025\\\/10\\\/icon_logo_covasna45-150x150.png\",\"caption\":\"Covasna45\"},\"sameAs\":[\"https:\\\/\\\/covasna45.ro\"],\"url\":\"https:\\\/\\\/covasna45.ro\\\/index.php\\\/author\\\/covasna\\\/\"}]}<\/script>\n<!-- \/ Yoast SEO plugin. -->","yoast_head_json":{"title":"Kult-\u0170r 2026, Covasna: c\u00e2nd tinerii \u00eent\u0103resc comunitatea - Covasna45","description":"\u00cen perioada 4\u20135 septembrie, la Covasna va avea loc cea de-a opta edi\u021bie a Kult-\u0170r, un eveniment organizat de tinerii din ora\u0219.","robots":{"index":"index","follow":"follow","max-snippet":"max-snippet:-1","max-image-preview":"max-image-preview:large","max-video-preview":"max-video-preview:-1"},"canonical":"https:\/\/covasna45.ro\/index.php\/lumea-noastra\/kult-ur-2026-covasna-cand-tinerii-intaresc-comunitatea\/","og_locale":"ro_RO","og_type":"article","og_title":"Kult-\u0170r 2026, Covasna: c\u00e2nd tinerii \u00eent\u0103resc comunitatea - Covasna45","og_description":"\u00cen perioada 4\u20135 septembrie, la Covasna va avea loc cea de-a opta edi\u021bie a Kult-\u0170r, un eveniment organizat de tinerii din ora\u0219.","og_url":"https:\/\/covasna45.ro\/index.php\/lumea-noastra\/kult-ur-2026-covasna-cand-tinerii-intaresc-comunitatea\/","og_site_name":"Covasna45","article_published_time":"2026-09-01T07:08:18+00:00","article_modified_time":"2026-09-01T07:09:38+00:00","og_image":[{"width":1339,"height":979,"url":"https:\/\/covasna45.ro\/wp-content\/uploads\/2026\/09\/kul-5.jpg","type":"image\/jpeg"}],"author":"Covasna45","twitter_card":"summary_large_image","twitter_misc":{"Scris de":"Covasna45","Timp estimat pentru citire":"5 minute"},"schema":{"@context":"https:\/\/schema.org","@graph":[{"@type":"Article","@id":"https:\/\/covasna45.ro\/index.php\/lumea-noastra\/kult-ur-2026-covasna-cand-tinerii-intaresc-comunitatea\/#article","isPartOf":{"@id":"https:\/\/covasna45.ro\/index.php\/lumea-noastra\/kult-ur-2026-covasna-cand-tinerii-intaresc-comunitatea\/"},"author":{"name":"Covasna45","@id":"https:\/\/covasna45.ro\/#\/schema\/person\/e674052bd7d95d70bbb007a1060ab73c"},"headline":"Kult-\u0170r 2026, Covasna: c\u00e2nd tinerii \u00eent\u0103resc comunitatea","datePublished":"2026-09-01T07:08:18+00:00","dateModified":"2026-09-01T07:09:38+00:00","mainEntityOfPage":{"@id":"https:\/\/covasna45.ro\/index.php\/lumea-noastra\/kult-ur-2026-covasna-cand-tinerii-intaresc-comunitatea\/"},"wordCount":725,"commentCount":0,"publisher":{"@id":"https:\/\/covasna45.ro\/#organization"},"image":{"@id":"https:\/\/covasna45.ro\/index.php\/lumea-noastra\/kult-ur-2026-covasna-cand-tinerii-intaresc-comunitatea\/#primaryimage"},"thumbnailUrl":"https:\/\/covasna45.ro\/wp-content\/uploads\/2026\/09\/kul-5.jpg","keywords":["covasna","Fikosz","Kult-\u0170r","Tineri"],"articleSection":["Lumea noastr\u0103"],"inLanguage":"ro-RO","potentialAction":[{"@type":"CommentAction","name":"Comment","target":["https:\/\/covasna45.ro\/index.php\/lumea-noastra\/kult-ur-2026-covasna-cand-tinerii-intaresc-comunitatea\/#respond"]}]},{"@type":"WebPage","@id":"https:\/\/covasna45.ro\/index.php\/lumea-noastra\/kult-ur-2026-covasna-cand-tinerii-intaresc-comunitatea\/","url":"https:\/\/covasna45.ro\/index.php\/lumea-noastra\/kult-ur-2026-covasna-cand-tinerii-intaresc-comunitatea\/","name":"Kult-\u0170r 2026, Covasna: c\u00e2nd tinerii \u00eent\u0103resc comunitatea - Covasna45","isPartOf":{"@id":"https:\/\/covasna45.ro\/#website"},"primaryImageOfPage":{"@id":"https:\/\/covasna45.ro\/index.php\/lumea-noastra\/kult-ur-2026-covasna-cand-tinerii-intaresc-comunitatea\/#primaryimage"},"image":{"@id":"https:\/\/covasna45.ro\/index.php\/lumea-noastra\/kult-ur-2026-covasna-cand-tinerii-intaresc-comunitatea\/#primaryimage"},"thumbnailUrl":"https:\/\/covasna45.ro\/wp-content\/uploads\/2026\/09\/kul-5.jpg","datePublished":"2026-09-01T07:08:18+00:00","dateModified":"2026-09-01T07:09:38+00:00","description":"\u00cen perioada 4\u20135 septembrie, la Covasna va avea loc cea de-a opta edi\u021bie a Kult-\u0170r, un eveniment organizat de tinerii din ora\u0219.","breadcrumb":{"@id":"https:\/\/covasna45.ro\/index.php\/lumea-noastra\/kult-ur-2026-covasna-cand-tinerii-intaresc-comunitatea\/#breadcrumb"},"inLanguage":"ro-RO","potentialAction":[{"@type":"ReadAction","target":["https:\/\/covasna45.ro\/index.php\/lumea-noastra\/kult-ur-2026-covasna-cand-tinerii-intaresc-comunitatea\/"]}]},{"@type":"ImageObject","inLanguage":"ro-RO","@id":"https:\/\/covasna45.ro\/index.php\/lumea-noastra\/kult-ur-2026-covasna-cand-tinerii-intaresc-comunitatea\/#primaryimage","url":"https:\/\/covasna45.ro\/wp-content\/uploads\/2026\/09\/kul-5.jpg","contentUrl":"https:\/\/covasna45.ro\/wp-content\/uploads\/2026\/09\/kul-5.jpg","width":1339,"height":979},{"@type":"BreadcrumbList","@id":"https:\/\/covasna45.ro\/index.php\/lumea-noastra\/kult-ur-2026-covasna-cand-tinerii-intaresc-comunitatea\/#breadcrumb","itemListElement":[{"@type":"ListItem","position":1,"name":"Prima pagin\u0103","item":"https:\/\/covasna45.ro\/"},{"@type":"ListItem","position":2,"name":"Kult-\u0170r 2026, Covasna: c\u00e2nd tinerii \u00eent\u0103resc comunitatea"}]},{"@type":"WebSite","@id":"https:\/\/covasna45.ro\/#website","url":"https:\/\/covasna45.ro\/","name":"covasna45.ro","description":"","publisher":{"@id":"https:\/\/covasna45.ro\/#organization"},"potentialAction":[{"@type":"SearchAction","target":{"@type":"EntryPoint","urlTemplate":"https:\/\/covasna45.ro\/?s={search_term_string}"},"query-input":{"@type":"PropertyValueSpecification","valueRequired":true,"valueName":"search_term_string"}}],"inLanguage":"ro-RO"},{"@type":"Organization","@id":"https:\/\/covasna45.ro\/#organization","name":"covasna45.ro","url":"https:\/\/covasna45.ro\/","logo":{"@type":"ImageObject","inLanguage":"ro-RO","@id":"https:\/\/covasna45.ro\/#\/schema\/logo\/image\/","url":"https:\/\/covasna45.ro\/wp-content\/uploads\/2023\/01\/icon_logo.png","contentUrl":"https:\/\/covasna45.ro\/wp-content\/uploads\/2023\/01\/icon_logo.png","width":1900,"height":1900,"caption":"covasna45.ro"},"image":{"@id":"https:\/\/covasna45.ro\/#\/schema\/logo\/image\/"}},{"@type":"Person","@id":"https:\/\/covasna45.ro\/#\/schema\/person\/e674052bd7d95d70bbb007a1060ab73c","name":"Covasna45","image":{"@type":"ImageObject","inLanguage":"ro-RO","@id":"https:\/\/covasna45.ro\/wp-content\/uploads\/2025\/10\/icon_logo_covasna45-150x150.png","url":"https:\/\/covasna45.ro\/wp-content\/uploads\/2025\/10\/icon_logo_covasna45-150x150.png","contentUrl":"https:\/\/covasna45.ro\/wp-content\/uploads\/2025\/10\/icon_logo_covasna45-150x150.png","caption":"Covasna45"},"sameAs":["https:\/\/covasna45.ro"],"url":"https:\/\/covasna45.ro\/index.php\/author\/covasna\/"}]}},"amp_enabled":true,"_links":{"self":[{"href":"https:\/\/covasna45.ro\/index.php\/wp-json\/wp\/v2\/posts\/18282","targetHints":{"allow":["GET"]}}],"collection":[{"href":"https:\/\/covasna45.ro\/index.php\/wp-json\/wp\/v2\/posts"}],"about":[{"href":"https:\/\/covasna45.ro\/index.php\/wp-json\/wp\/v2\/types\/post"}],"author":[{"embeddable":true,"href":"https:\/\/covasna45.ro\/index.php\/wp-json\/wp\/v2\/users\/1"}],"replies":[{"embeddable":true,"href":"https:\/\/covasna45.ro\/index.php\/wp-json\/wp\/v2\/comments?post=18282"}],"version-history":[{"count":3,"href":"https:\/\/covasna45.ro\/index.php\/wp-json\/wp\/v2\/posts\/18282\/revisions"}],"predecessor-version":[{"id":18289,"href":"https:\/\/covasna45.ro\/index.php\/wp-json\/wp\/v2\/posts\/18282\/revisions\/18289"}],"wp:featuredmedia":[{"embeddable":true,"href":"https:\/\/covasna45.ro\/index.php\/wp-json\/wp\/v2\/media\/18286"}],"wp:attachment":[{"href":"https:\/\/covasna45.ro\/index.php\/wp-json\/wp\/v2\/media?parent=18282"}],"wp:term":[{"taxonomy":"category","embeddable":true,"href":"https:\/\/covasna45.ro\/index.php\/wp-json\/wp\/v2\/categories?post=18282"},{"taxonomy":"post_tag","embeddable":true,"href":"https:\/\/covasna45.ro\/index.php\/wp-json\/wp\/v2\/tags?post=18282"}],"curies":[{"name":"wp","href":"https:\/\/api.w.org\/{rel}","templated":true}]}}