{"id":18290,"date":"2026-09-01T11:34:39","date_gmt":"2026-09-01T09:34:39","guid":{"rendered":"https:\/\/covasna45.ro\/?p=18290"},"modified":"2026-09-01T11:36:03","modified_gmt":"2026-09-01T09:36:03","slug":"nicusor-dan-catre-tinerii-ortodocsi-avem-nevoie-de-un-nationalism-sanatos-spatiul-public-este-luat-de-farisei","status":"publish","type":"post","link":"https:\/\/covasna45.ro\/index.php\/lumea-noastra\/nicusor-dan-catre-tinerii-ortodocsi-avem-nevoie-de-un-nationalism-sanatos-spatiul-public-este-luat-de-farisei\/","title":{"rendered":"Nicu\u0219or Dan c\u0103tre tinerii ortodoc\u0219i: Avem nevoie de un na\u021bionalism s\u0103n\u0103tos. Spa\u021biul public este luat de farisei"},"content":{"rendered":"\n<p class=\"wp-block-paragraph\">Pre\u0219edintele Rom\u00e2niei, Nicu\u0219or Dan, a participat azi la \u00cent\u00e2lnirea Interna\u021bional\u0103 a Tinerilor Ortodoc\u0219i (ITO 2026), care a avut loc la Catedrala Na\u021bional\u0103.<\/p>\n\n\n\n<p class=\"wp-block-paragraph\">V\u0103 prezent\u0103m \u00een continuare transcrierea alocu\u021biunii sus\u021binute \u00een cadrul evenimentului, conform <a href=\"https:\/\/www.presidency.ro\/ro\/media\/discursuri\/alocutiunea-sustinuta-de-presedintele-romaniei-nicusor-dan-cu-prilejul-participarii-la-intalnirea-internationala-a-tinerilor-ortodocsi-ito-2026\">Administra\u021biei preziden\u021biale<\/a>:<\/p>\n\n\n\n<p class=\"wp-block-paragraph\">\u201e\u00cenaltpreasfin\u021biile Voastre \u0219i Preasfin\u021biile Voastre,<\/p>\n\n\n\n<p class=\"wp-block-paragraph\">Distin\u0219i reprezentan\u021bi ai Bisericilor Ortodoxe Surori,<\/p>\n\n\n\n<p class=\"wp-block-paragraph\">Dragi tineri delega\u021bi ai Eparhiilor,<\/p>\n\n\n\n<p class=\"wp-block-paragraph\">Stima\u021bi reprezentan\u021bi ai autorit\u0103\u021bilor centrale \u0219i locale,<\/p>\n\n\n\n<p class=\"wp-block-paragraph\">Dragi invita\u021bi,<\/p>\n\n\n\n<p class=\"wp-block-paragraph\">E o mare bucurie \u0219i onoare pentru mine s\u0103 fiu cu dumneavoastr\u0103 ast\u0103zi \u00een acest loc important, simbolic pentru Rom\u00e2nia.<\/p>\n\n\n\n<p class=\"wp-block-paragraph\">\u00cencep prin a ura bun venit invita\u021bilor no\u0219tri str\u0103ini. Ve\u021bi fi tot timpul bineveni\u021bi \u00een Rom\u00e2nia. Nu mai sunt primarul Bucure\u0219tiului, s\u0103 urez bun venit celor din Rom\u00e2nia \u0219i diaspora, dar bine a\u021bi venit.<\/p>\n\n\n\n<figure class=\"wp-block-image size-large\"><img loading=\"lazy\" decoding=\"async\" width=\"768\" height=\"1024\" src=\"https:\/\/covasna45.ro\/wp-content\/uploads\/2026\/09\/nd-768x1024-1.jpg\" alt=\"\" class=\"wp-image-18294\" srcset=\"https:\/\/covasna45.ro\/wp-content\/uploads\/2026\/09\/nd-768x1024-1.jpg 768w, https:\/\/covasna45.ro\/wp-content\/uploads\/2026\/09\/nd-225x300.jpg 225w, https:\/\/covasna45.ro\/wp-content\/uploads\/2026\/09\/nd-1152x1536.jpg 1152w, https:\/\/covasna45.ro\/wp-content\/uploads\/2026\/09\/nd-150x200.jpg 150w, https:\/\/covasna45.ro\/wp-content\/uploads\/2026\/09\/nd-300x400.jpg 300w, https:\/\/covasna45.ro\/wp-content\/uploads\/2026\/09\/nd-696x928.jpg 696w, https:\/\/covasna45.ro\/wp-content\/uploads\/2026\/09\/nd-1068x1424.jpg 1068w, https:\/\/covasna45.ro\/wp-content\/uploads\/2026\/09\/nd.jpg 1440w\" sizes=\"auto, (max-width: 768px) 100vw, 768px\" \/><\/figure>\n\n\n\n<p class=\"wp-block-paragraph\">Vreau s\u0103 felicit Patriarhia \u0219i Arhiepiscopia Bucure\u0219tiului pentru organizarea acestui eveniment cu o tem\u0103 at\u00e2t de actual\u0103 &#8211; tinerii, familia \u0219i via\u021ba \u00een Hristos, \u0219i sunt convins c\u0103 ve\u021bi avea timp zilele astea s\u0103 reflecta\u021bi fiecare dintre dumneavoastr\u0103, \u0219i to\u021bi \u00eempreun\u0103, \u00eentr-o lume \u00een care pare c\u0103 totul este pus \u00een discu\u021bie, la care sunt acele valori \u00een care credem \u0219i \u00een care s\u0103 a\u0219ez\u0103m lumea \u0219i societatea noastr\u0103.<\/p>\n\n\n\n<p class=\"wp-block-paragraph\">Bine\u00een\u021beles c\u0103 acesta este o \u00eent\u00e2lnire cu prec\u0103dere spiritual\u0103. Pe mine m\u0103 preocup\u0103 mai mult societatea, \u0219i, de asta, permite\u021bi-mi s\u0103 v\u0103 exprim deschis ni\u0219te g\u00e2nduri pe care le am.<\/p>\n\n\n\n<p class=\"wp-block-paragraph\">\u00cen primul r\u00e2nd, a\u0219 vrea s\u0103 v\u0103 invit s\u0103 m\u0103rturisi\u021bi public, \u0219i nu doar \u00een interiorul bisericii lucrurile, valorile \u00een care crede\u021bi, pentru c\u0103 mi se pare c\u0103 aceast\u0103 m\u0103rturisire lipse\u0219te din societatea noastr\u0103, \u0219i pare c\u0103 locul unei m\u0103rturisiri care s\u0103 fie ferme, dar simple \u0219i decente, \u00een spa\u021biul public este luat de farisei. \u0218i m\u0103 \u00eengrijoreaz\u0103 aderen\u021ba pe care unii dintre ace\u0219tia o au \u00een p\u0103r\u021bi ale societ\u0103\u021bii rom\u00e2ne\u0219ti.<\/p>\n\n\n\n<figure class=\"wp-block-image size-large\"><img loading=\"lazy\" decoding=\"async\" width=\"1024\" height=\"557\" src=\"https:\/\/covasna45.ro\/wp-content\/uploads\/2026\/09\/ito8nd-1024x557.jpg\" alt=\"\" class=\"wp-image-18293\" srcset=\"https:\/\/covasna45.ro\/wp-content\/uploads\/2026\/09\/ito8nd-1024x557.jpg 1024w, https:\/\/covasna45.ro\/wp-content\/uploads\/2026\/09\/ito8nd-300x163-1.jpg 300w, https:\/\/covasna45.ro\/wp-content\/uploads\/2026\/09\/ito8nd-767x417.jpg 767w, https:\/\/covasna45.ro\/wp-content\/uploads\/2026\/09\/ito8nd-149x81.jpg 149w, https:\/\/covasna45.ro\/wp-content\/uploads\/2026\/09\/ito8nd-324x176.jpg 324w, https:\/\/covasna45.ro\/wp-content\/uploads\/2026\/09\/ito8nd-695x378.jpg 695w, https:\/\/covasna45.ro\/wp-content\/uploads\/2026\/09\/ito8nd-1066x580.jpg 1066w, https:\/\/covasna45.ro\/wp-content\/uploads\/2026\/09\/ito8nd.jpg 1434w\" sizes=\"auto, (max-width: 1024px) 100vw, 1024px\" \/><\/figure>\n\n\n\n<p class=\"wp-block-paragraph\">Acela\u0219i lucru despre na\u021bionalism. <\/p>\n\n\n\n<h2 class=\"wp-block-heading\">Pentru c\u0103 \u021bara asta are o istorie, noi nu venim de nic\u0103ieri.\u00a0 <\/h2>\n\n\n\n<p class=\"wp-block-paragraph\">Au fost oameni \u00een locurile astea care au luptat pentru ni\u0219te valori \u0219i care au f\u0103cut ca noi s\u0103 fim azi ceea ce suntem. \u0218i trebuie s\u0103 fim m\u00e2ndri de oamenii \u0103\u0219tia. Privind \u00eenapoi la ce au reu\u0219it ei s\u0103 realizeze, trebuie s\u0103 credem c\u0103 noi putem s\u0103 facem din \u021bara asta ceea ce au visat ei \u0219i ceea ce viseaz\u0103 fiecare dintre noi pentru copiii no\u0219tri.<\/p>\n\n\n\n<p class=\"wp-block-paragraph\">\u0218i tocmai pentru c\u0103 \u00een spa\u021biul public nu exist\u0103 suficient\u0103 aceast\u0103 m\u0103rturisire \u0219i aprecierea noastre fa\u021b\u0103 de trecutul acestei \u021b\u0103ri \u0219i a unui na\u021bionalism s\u0103n\u0103tos, vedem c\u0103 spa\u021biul public este dominat, pe de o parte, de defeti\u0219ti care spun c\u0103 nu o s\u0103 putem s\u0103 facem niciodat\u0103 nimic \u00een \u021bara asta \u0219i, \u00een partea cealalt\u0103, de demagogi care se bat cu pumnul \u00een piept \u0219i se ca\u021b\u0103r\u0103 ei pe ni\u0219te elemente esen\u021biale ale trecutului, \u0219i exact vocea celor care, cu decen\u021b\u0103, cred \u0219i muncesc pentru Rom\u00e2nia din p\u0103cate nu se aude \u0219i trebuie s\u0103 se aud\u0103.<\/p>\n\n\n\n<p class=\"wp-block-paragraph\">\u0218i ultimul lucru despre divizarea din societate. <\/p>\n\n\n\n<h2 class=\"wp-block-heading\">Pare c\u0103 nu mai avem r\u0103bdare s\u0103 \u00eel ascult\u0103m pe cel\u0103lalt. <\/h2>\n\n\n\n<p class=\"wp-block-paragraph\">Evident c\u0103 tot timpul vom fi diferi\u021bi, tot timpul vom avea argumente unii \u00eempotriva celorlal\u021bi, \u0219i asta e s\u0103n\u0103tos. Ce nu e s\u0103n\u0103tos este s\u0103 ne \u00eenchist\u0103m \u0219i s\u0103 nu mai auzim ce crede cel\u0103lalt \u0219i, \u00een felul \u0103sta, s\u0103 nu reu\u0219im s\u0103 colabor\u0103m ca s\u0103 avans\u0103m \u00eempreun\u0103.<\/p>\n\n\n\n<p class=\"wp-block-paragraph\">\u0218i, din nou, de ce se \u00eent\u00e2mpl\u0103 lucrul acesta? Pentru c\u0103 nu sunt suficient de prezen\u021bi \u00een spa\u021biul public oameni care au argumente, oameni capabili s\u0103 \u00eel asculte pe cel\u0103lalt \u0219i, \u00een loc s\u0103 auzim un dialog de substan\u021b\u0103 care s\u0103 ne fac\u0103 pe to\u021bi s\u0103 progres\u0103m, auzim urlete dintr-o parte \u0219i din alta.<\/p>\n\n\n\n<figure class=\"wp-block-image size-large\"><img loading=\"lazy\" decoding=\"async\" width=\"1024\" height=\"511\" src=\"https:\/\/covasna45.ro\/wp-content\/uploads\/2026\/09\/ito9nd-1024x511.jpg\" alt=\"\" class=\"wp-image-18292\" srcset=\"https:\/\/covasna45.ro\/wp-content\/uploads\/2026\/09\/ito9nd-1024x511.jpg 1024w, https:\/\/covasna45.ro\/wp-content\/uploads\/2026\/09\/ito9nd-300x150.jpg 300w, https:\/\/covasna45.ro\/wp-content\/uploads\/2026\/09\/ito9nd-767x383.jpg 767w, https:\/\/covasna45.ro\/wp-content\/uploads\/2026\/09\/ito9nd-149x74.jpg 149w, https:\/\/covasna45.ro\/wp-content\/uploads\/2026\/09\/ito9nd-299x149.jpg 299w, https:\/\/covasna45.ro\/wp-content\/uploads\/2026\/09\/ito9nd-323x161.jpg 323w, https:\/\/covasna45.ro\/wp-content\/uploads\/2026\/09\/ito9nd-695x347.jpg 695w, https:\/\/covasna45.ro\/wp-content\/uploads\/2026\/09\/ito9nd-1067x533.jpg 1067w, https:\/\/covasna45.ro\/wp-content\/uploads\/2026\/09\/ito9nd.jpg 1424w\" sizes=\"auto, (max-width: 1024px) 100vw, 1024px\" \/><\/figure>\n\n\n\n<p class=\"wp-block-paragraph\">Aici suntem, dar, c\u00e2nd v\u0103d at\u00e2\u021bia tineri, nu pot dec\u00e2t s\u0103 fiu optimist.<\/p>\n\n\n\n<p class=\"wp-block-paragraph\">Deci v\u0103 doresc zile rodnice, v\u0103 doresc s\u0103 sim\u021bi\u021bi aceast\u0103 comuniune, s\u0103 profita\u021bi de oameni mai \u00een\u021belep\u021bi dec\u00e2t voi \u0219i s\u0103 continua\u021bi s\u0103 crede\u021bi \u00een Rom\u00e2nia\u201d.<\/p>\n\n\n\n<h2 class=\"wp-block-heading\">ITO 2026<\/h2>\n\n\n\n<p class=\"wp-block-paragraph\">\u00cen perioada 31 august \u2013 3 septembrie 2026 are loc la Bucure\u0219ti cea de-a opta edi\u021bie a \u00cent\u00e2lnirii Interna\u021bionale a Tinerilor Ortodoc\u0219i. <a href=\"https:\/\/ito2026.ro\/despre-ito-2026\/#despre\">Evenimentul<\/a> reune\u0219te 2.400 de tineri cu v\u00e2rsta \u00eentre 16 \u0219i 35 de ani, dintre care 1.900 de participan\u021bi din eparhiile Patriarhiei Rom\u00e2ne, din diaspora \u0219i din Bisericile Ortodoxe Autocefale, precum \u0219i 500 de voluntari ai Arhiepiscopiei Bucure\u0219tilor.<\/p>\n\n\n\n<p class=\"wp-block-paragraph\">Programul ITO este bogat \u0219i cuprinde conferin\u021be, ateliere \u0219i dezbateri, participarea la slujbe, vizite la obiective religioase \u0219i culturale din Capital\u0103, Procesiunea Luminilor, concertul ITO \u0219i Sf\u00e2nta Liturghie de \u00eencheiere.<\/p>\n\n\n\n<p class=\"wp-block-paragraph\">Tema ITO 2026,&nbsp;<em>Tinerii, familia \u0219i sensul vie\u021bii \u00een Hristos<\/em>, este inspirat\u0103 de declararea anului 2026 de c\u0103tre Sf\u00e2ntul Sinod al Bisericii Ortodoxe Rom\u00e2ne ca Anul omagial al pastora\u021biei familiei cre\u0219tine \u0219i Anul comemorativ al sfintelor femei din calendar. Familia cre\u0219tin\u0103 \u0219i m\u0103rturia sfintelor femei m\u0103rturisesc c\u0103 Biserica este locul \u00een care via\u021ba de zi cu zi, cu bucuriile \u0219i \u00eencerc\u0103rile ei, devine cale spre Dumnezeu.<\/p>\n\n\n\n<p class=\"wp-block-paragraph\">Tema edi\u021biei este cu at\u00e2t mai actual\u0103 cu c\u00e2t genera\u021bia t\u00e2n\u0103r\u0103 de ast\u0103zi se confrunt\u0103 cu provoc\u0103ri specifice, \u00eentr-un context diferit de cel al genera\u021biilor anterioare. Printre acestea se num\u0103r\u0103 hiperconectivitatea tehnologic\u0103 \u0219i singur\u0103tatea, criza modelelor, redefinirea familiei \u0219i c\u0103utarea sensului vie\u021bii.<\/p>\n","protected":false},"excerpt":{"rendered":"<p>Pre\u0219edintele Rom\u00e2niei, Nicu\u0219or Dan, a participat azi la \u00cent\u00e2lnirea Interna\u021bional\u0103 a Tinerilor Ortodoc\u0219i (ITO 2026), care a avut loc la Catedrala Na\u021bional\u0103. V\u0103 prezent\u0103m \u00een continuare transcrierea alocu\u021biunii sus\u021binute \u00een cadrul evenimentului, conform Administra\u021biei preziden\u021biale: \u201e\u00cenaltpreasfin\u021biile Voastre \u0219i Preasfin\u021biile Voastre, Distin\u0219i reprezentan\u021bi ai Bisericilor Ortodoxe Surori, Dragi tineri delega\u021bi ai Eparhiilor, Stima\u021bi reprezentan\u021bi ai autorit\u0103\u021bilor [&hellip;]<\/p>\n","protected":false},"author":1,"featured_media":18291,"comment_status":"open","ping_status":"closed","sticky":false,"template":"","format":"standard","meta":{"tdm_status":"","tdm_grid_status":"","footnotes":""},"categories":[14],"tags":[3088,5046,3304,5045],"class_list":["post-18290","post","type-post","status-publish","format-standard","has-post-thumbnail","category-lumea-noastra","tag-catedrala","tag-ito","tag-nicusor-dan","tag-ortodocsi"],"yoast_head":"<!-- This site is optimized with the Yoast SEO plugin v28.3 - https:\/\/yoast.com\/product\/yoast-seo-wordpress\/ -->\n<title>Nicu\u0219or Dan c\u0103tre tinerii ortodoc\u0219i: Avem nevoie de un na\u021bionalism s\u0103n\u0103tos. Spa\u021biul public este luat de farisei - Covasna45<\/title>\n<meta name=\"description\" content=\"Pre\u0219edintele Rom\u00e2niei, Nicu\u0219or Dan, a participat azi la \u00eent\u00e2lnirea interna\u021bional\u0103 a tinerilor ortodoc\u0219i (ITO 2026), care a avut loc la Catedrala Na\u021bional\u0103.\" \/>\n<meta name=\"robots\" content=\"index, follow, max-snippet:-1, max-image-preview:large, max-video-preview:-1\" \/>\n<link rel=\"canonical\" href=\"https:\/\/covasna45.ro\/index.php\/lumea-noastra\/nicusor-dan-catre-tinerii-ortodocsi-avem-nevoie-de-un-nationalism-sanatos-spatiul-public-este-luat-de-farisei\/\" \/>\n<meta property=\"og:locale\" content=\"ro_RO\" \/>\n<meta property=\"og:type\" content=\"article\" \/>\n<meta property=\"og:title\" content=\"Nicu\u0219or Dan c\u0103tre tinerii ortodoc\u0219i: Avem nevoie de un na\u021bionalism s\u0103n\u0103tos. Spa\u021biul public este luat de farisei - Covasna45\" \/>\n<meta property=\"og:description\" content=\"Pre\u0219edintele Rom\u00e2niei, Nicu\u0219or Dan, a participat azi la \u00eent\u00e2lnirea interna\u021bional\u0103 a tinerilor ortodoc\u0219i (ITO 2026), care a avut loc la Catedrala Na\u021bional\u0103.\" \/>\n<meta property=\"og:url\" content=\"https:\/\/covasna45.ro\/index.php\/lumea-noastra\/nicusor-dan-catre-tinerii-ortodocsi-avem-nevoie-de-un-nationalism-sanatos-spatiul-public-este-luat-de-farisei\/\" \/>\n<meta property=\"og:site_name\" content=\"Covasna45\" \/>\n<meta property=\"article:published_time\" content=\"2026-09-01T09:34:39+00:00\" \/>\n<meta property=\"article:modified_time\" content=\"2026-09-01T09:36:03+00:00\" \/>\n<meta property=\"og:image\" content=\"https:\/\/covasna45.ro\/wp-content\/uploads\/2026\/09\/ito-2-nd.jpg\" \/>\n\t<meta property=\"og:image:width\" content=\"1370\" \/>\n\t<meta property=\"og:image:height\" content=\"723\" \/>\n\t<meta property=\"og:image:type\" content=\"image\/jpeg\" \/>\n<meta name=\"author\" content=\"Covasna45\" \/>\n<meta name=\"twitter:card\" content=\"summary_large_image\" \/>\n<meta name=\"twitter:label1\" content=\"Scris de\" \/>\n\t<meta name=\"twitter:data1\" content=\"Covasna45\" \/>\n\t<meta name=\"twitter:label2\" content=\"Timp estimat pentru citire\" \/>\n\t<meta name=\"twitter:data2\" content=\"6 minute\" \/>\n<script type=\"application\/ld+json\" class=\"yoast-schema-graph\">{\"@context\":\"https:\\\/\\\/schema.org\",\"@graph\":[{\"@type\":\"Article\",\"@id\":\"https:\\\/\\\/covasna45.ro\\\/index.php\\\/lumea-noastra\\\/nicusor-dan-catre-tinerii-ortodocsi-avem-nevoie-de-un-nationalism-sanatos-spatiul-public-este-luat-de-farisei\\\/#article\",\"isPartOf\":{\"@id\":\"https:\\\/\\\/covasna45.ro\\\/index.php\\\/lumea-noastra\\\/nicusor-dan-catre-tinerii-ortodocsi-avem-nevoie-de-un-nationalism-sanatos-spatiul-public-este-luat-de-farisei\\\/\"},\"author\":{\"name\":\"Covasna45\",\"@id\":\"https:\\\/\\\/covasna45.ro\\\/#\\\/schema\\\/person\\\/e674052bd7d95d70bbb007a1060ab73c\"},\"headline\":\"Nicu\u0219or Dan c\u0103tre tinerii ortodoc\u0219i: Avem nevoie de un na\u021bionalism s\u0103n\u0103tos. Spa\u021biul public este luat de farisei\",\"datePublished\":\"2026-09-01T09:34:39+00:00\",\"dateModified\":\"2026-09-01T09:36:03+00:00\",\"mainEntityOfPage\":{\"@id\":\"https:\\\/\\\/covasna45.ro\\\/index.php\\\/lumea-noastra\\\/nicusor-dan-catre-tinerii-ortodocsi-avem-nevoie-de-un-nationalism-sanatos-spatiul-public-este-luat-de-farisei\\\/\"},\"wordCount\":985,\"commentCount\":0,\"publisher\":{\"@id\":\"https:\\\/\\\/covasna45.ro\\\/#organization\"},\"image\":{\"@id\":\"https:\\\/\\\/covasna45.ro\\\/index.php\\\/lumea-noastra\\\/nicusor-dan-catre-tinerii-ortodocsi-avem-nevoie-de-un-nationalism-sanatos-spatiul-public-este-luat-de-farisei\\\/#primaryimage\"},\"thumbnailUrl\":\"https:\\\/\\\/covasna45.ro\\\/wp-content\\\/uploads\\\/2026\\\/09\\\/ito-2-nd.jpg\",\"keywords\":[\"catedrala\",\"ITO\",\"Nicu\u0219or Dan\",\"ortodoc\u0219i\"],\"articleSection\":[\"Lumea noastr\u0103\"],\"inLanguage\":\"ro-RO\",\"potentialAction\":[{\"@type\":\"CommentAction\",\"name\":\"Comment\",\"target\":[\"https:\\\/\\\/covasna45.ro\\\/index.php\\\/lumea-noastra\\\/nicusor-dan-catre-tinerii-ortodocsi-avem-nevoie-de-un-nationalism-sanatos-spatiul-public-este-luat-de-farisei\\\/#respond\"]}]},{\"@type\":\"WebPage\",\"@id\":\"https:\\\/\\\/covasna45.ro\\\/index.php\\\/lumea-noastra\\\/nicusor-dan-catre-tinerii-ortodocsi-avem-nevoie-de-un-nationalism-sanatos-spatiul-public-este-luat-de-farisei\\\/\",\"url\":\"https:\\\/\\\/covasna45.ro\\\/index.php\\\/lumea-noastra\\\/nicusor-dan-catre-tinerii-ortodocsi-avem-nevoie-de-un-nationalism-sanatos-spatiul-public-este-luat-de-farisei\\\/\",\"name\":\"Nicu\u0219or Dan c\u0103tre tinerii ortodoc\u0219i: Avem nevoie de un na\u021bionalism s\u0103n\u0103tos. Spa\u021biul public este luat de farisei - Covasna45\",\"isPartOf\":{\"@id\":\"https:\\\/\\\/covasna45.ro\\\/#website\"},\"primaryImageOfPage\":{\"@id\":\"https:\\\/\\\/covasna45.ro\\\/index.php\\\/lumea-noastra\\\/nicusor-dan-catre-tinerii-ortodocsi-avem-nevoie-de-un-nationalism-sanatos-spatiul-public-este-luat-de-farisei\\\/#primaryimage\"},\"image\":{\"@id\":\"https:\\\/\\\/covasna45.ro\\\/index.php\\\/lumea-noastra\\\/nicusor-dan-catre-tinerii-ortodocsi-avem-nevoie-de-un-nationalism-sanatos-spatiul-public-este-luat-de-farisei\\\/#primaryimage\"},\"thumbnailUrl\":\"https:\\\/\\\/covasna45.ro\\\/wp-content\\\/uploads\\\/2026\\\/09\\\/ito-2-nd.jpg\",\"datePublished\":\"2026-09-01T09:34:39+00:00\",\"dateModified\":\"2026-09-01T09:36:03+00:00\",\"description\":\"Pre\u0219edintele Rom\u00e2niei, Nicu\u0219or Dan, a participat azi la \u00eent\u00e2lnirea interna\u021bional\u0103 a tinerilor ortodoc\u0219i (ITO 2026), care a avut loc la Catedrala Na\u021bional\u0103.\",\"breadcrumb\":{\"@id\":\"https:\\\/\\\/covasna45.ro\\\/index.php\\\/lumea-noastra\\\/nicusor-dan-catre-tinerii-ortodocsi-avem-nevoie-de-un-nationalism-sanatos-spatiul-public-este-luat-de-farisei\\\/#breadcrumb\"},\"inLanguage\":\"ro-RO\",\"potentialAction\":[{\"@type\":\"ReadAction\",\"target\":[\"https:\\\/\\\/covasna45.ro\\\/index.php\\\/lumea-noastra\\\/nicusor-dan-catre-tinerii-ortodocsi-avem-nevoie-de-un-nationalism-sanatos-spatiul-public-este-luat-de-farisei\\\/\"]}]},{\"@type\":\"ImageObject\",\"inLanguage\":\"ro-RO\",\"@id\":\"https:\\\/\\\/covasna45.ro\\\/index.php\\\/lumea-noastra\\\/nicusor-dan-catre-tinerii-ortodocsi-avem-nevoie-de-un-nationalism-sanatos-spatiul-public-este-luat-de-farisei\\\/#primaryimage\",\"url\":\"https:\\\/\\\/covasna45.ro\\\/wp-content\\\/uploads\\\/2026\\\/09\\\/ito-2-nd.jpg\",\"contentUrl\":\"https:\\\/\\\/covasna45.ro\\\/wp-content\\\/uploads\\\/2026\\\/09\\\/ito-2-nd.jpg\",\"width\":1370,\"height\":723},{\"@type\":\"BreadcrumbList\",\"@id\":\"https:\\\/\\\/covasna45.ro\\\/index.php\\\/lumea-noastra\\\/nicusor-dan-catre-tinerii-ortodocsi-avem-nevoie-de-un-nationalism-sanatos-spatiul-public-este-luat-de-farisei\\\/#breadcrumb\",\"itemListElement\":[{\"@type\":\"ListItem\",\"position\":1,\"name\":\"Prima pagin\u0103\",\"item\":\"https:\\\/\\\/covasna45.ro\\\/\"},{\"@type\":\"ListItem\",\"position\":2,\"name\":\"Nicu\u0219or Dan c\u0103tre tinerii ortodoc\u0219i: Avem nevoie de un na\u021bionalism s\u0103n\u0103tos. Spa\u021biul public este luat de farisei\"}]},{\"@type\":\"WebSite\",\"@id\":\"https:\\\/\\\/covasna45.ro\\\/#website\",\"url\":\"https:\\\/\\\/covasna45.ro\\\/\",\"name\":\"covasna45.ro\",\"description\":\"\",\"publisher\":{\"@id\":\"https:\\\/\\\/covasna45.ro\\\/#organization\"},\"potentialAction\":[{\"@type\":\"SearchAction\",\"target\":{\"@type\":\"EntryPoint\",\"urlTemplate\":\"https:\\\/\\\/covasna45.ro\\\/?s={search_term_string}\"},\"query-input\":{\"@type\":\"PropertyValueSpecification\",\"valueRequired\":true,\"valueName\":\"search_term_string\"}}],\"inLanguage\":\"ro-RO\"},{\"@type\":\"Organization\",\"@id\":\"https:\\\/\\\/covasna45.ro\\\/#organization\",\"name\":\"covasna45.ro\",\"url\":\"https:\\\/\\\/covasna45.ro\\\/\",\"logo\":{\"@type\":\"ImageObject\",\"inLanguage\":\"ro-RO\",\"@id\":\"https:\\\/\\\/covasna45.ro\\\/#\\\/schema\\\/logo\\\/image\\\/\",\"url\":\"https:\\\/\\\/covasna45.ro\\\/wp-content\\\/uploads\\\/2023\\\/01\\\/icon_logo.png\",\"contentUrl\":\"https:\\\/\\\/covasna45.ro\\\/wp-content\\\/uploads\\\/2023\\\/01\\\/icon_logo.png\",\"width\":1900,\"height\":1900,\"caption\":\"covasna45.ro\"},\"image\":{\"@id\":\"https:\\\/\\\/covasna45.ro\\\/#\\\/schema\\\/logo\\\/image\\\/\"}},{\"@type\":\"Person\",\"@id\":\"https:\\\/\\\/covasna45.ro\\\/#\\\/schema\\\/person\\\/e674052bd7d95d70bbb007a1060ab73c\",\"name\":\"Covasna45\",\"image\":{\"@type\":\"ImageObject\",\"inLanguage\":\"ro-RO\",\"@id\":\"https:\\\/\\\/covasna45.ro\\\/wp-content\\\/uploads\\\/2025\\\/10\\\/icon_logo_covasna45-150x150.png\",\"url\":\"https:\\\/\\\/covasna45.ro\\\/wp-content\\\/uploads\\\/2025\\\/10\\\/icon_logo_covasna45-150x150.png\",\"contentUrl\":\"https:\\\/\\\/covasna45.ro\\\/wp-content\\\/uploads\\\/2025\\\/10\\\/icon_logo_covasna45-150x150.png\",\"caption\":\"Covasna45\"},\"sameAs\":[\"https:\\\/\\\/covasna45.ro\"],\"url\":\"https:\\\/\\\/covasna45.ro\\\/index.php\\\/author\\\/covasna\\\/\"}]}<\/script>\n<!-- \/ Yoast SEO plugin. -->","yoast_head_json":{"title":"Nicu\u0219or Dan c\u0103tre tinerii ortodoc\u0219i: Avem nevoie de un na\u021bionalism s\u0103n\u0103tos. Spa\u021biul public este luat de farisei - Covasna45","description":"Pre\u0219edintele Rom\u00e2niei, Nicu\u0219or Dan, a participat azi la \u00eent\u00e2lnirea interna\u021bional\u0103 a tinerilor ortodoc\u0219i (ITO 2026), care a avut loc la Catedrala Na\u021bional\u0103.","robots":{"index":"index","follow":"follow","max-snippet":"max-snippet:-1","max-image-preview":"max-image-preview:large","max-video-preview":"max-video-preview:-1"},"canonical":"https:\/\/covasna45.ro\/index.php\/lumea-noastra\/nicusor-dan-catre-tinerii-ortodocsi-avem-nevoie-de-un-nationalism-sanatos-spatiul-public-este-luat-de-farisei\/","og_locale":"ro_RO","og_type":"article","og_title":"Nicu\u0219or Dan c\u0103tre tinerii ortodoc\u0219i: Avem nevoie de un na\u021bionalism s\u0103n\u0103tos. Spa\u021biul public este luat de farisei - Covasna45","og_description":"Pre\u0219edintele Rom\u00e2niei, Nicu\u0219or Dan, a participat azi la \u00eent\u00e2lnirea interna\u021bional\u0103 a tinerilor ortodoc\u0219i (ITO 2026), care a avut loc la Catedrala Na\u021bional\u0103.","og_url":"https:\/\/covasna45.ro\/index.php\/lumea-noastra\/nicusor-dan-catre-tinerii-ortodocsi-avem-nevoie-de-un-nationalism-sanatos-spatiul-public-este-luat-de-farisei\/","og_site_name":"Covasna45","article_published_time":"2026-09-01T09:34:39+00:00","article_modified_time":"2026-09-01T09:36:03+00:00","og_image":[{"width":1370,"height":723,"url":"https:\/\/covasna45.ro\/wp-content\/uploads\/2026\/09\/ito-2-nd.jpg","type":"image\/jpeg"}],"author":"Covasna45","twitter_card":"summary_large_image","twitter_misc":{"Scris de":"Covasna45","Timp estimat pentru citire":"6 minute"},"schema":{"@context":"https:\/\/schema.org","@graph":[{"@type":"Article","@id":"https:\/\/covasna45.ro\/index.php\/lumea-noastra\/nicusor-dan-catre-tinerii-ortodocsi-avem-nevoie-de-un-nationalism-sanatos-spatiul-public-este-luat-de-farisei\/#article","isPartOf":{"@id":"https:\/\/covasna45.ro\/index.php\/lumea-noastra\/nicusor-dan-catre-tinerii-ortodocsi-avem-nevoie-de-un-nationalism-sanatos-spatiul-public-este-luat-de-farisei\/"},"author":{"name":"Covasna45","@id":"https:\/\/covasna45.ro\/#\/schema\/person\/e674052bd7d95d70bbb007a1060ab73c"},"headline":"Nicu\u0219or Dan c\u0103tre tinerii ortodoc\u0219i: Avem nevoie de un na\u021bionalism s\u0103n\u0103tos. Spa\u021biul public este luat de farisei","datePublished":"2026-09-01T09:34:39+00:00","dateModified":"2026-09-01T09:36:03+00:00","mainEntityOfPage":{"@id":"https:\/\/covasna45.ro\/index.php\/lumea-noastra\/nicusor-dan-catre-tinerii-ortodocsi-avem-nevoie-de-un-nationalism-sanatos-spatiul-public-este-luat-de-farisei\/"},"wordCount":985,"commentCount":0,"publisher":{"@id":"https:\/\/covasna45.ro\/#organization"},"image":{"@id":"https:\/\/covasna45.ro\/index.php\/lumea-noastra\/nicusor-dan-catre-tinerii-ortodocsi-avem-nevoie-de-un-nationalism-sanatos-spatiul-public-este-luat-de-farisei\/#primaryimage"},"thumbnailUrl":"https:\/\/covasna45.ro\/wp-content\/uploads\/2026\/09\/ito-2-nd.jpg","keywords":["catedrala","ITO","Nicu\u0219or Dan","ortodoc\u0219i"],"articleSection":["Lumea noastr\u0103"],"inLanguage":"ro-RO","potentialAction":[{"@type":"CommentAction","name":"Comment","target":["https:\/\/covasna45.ro\/index.php\/lumea-noastra\/nicusor-dan-catre-tinerii-ortodocsi-avem-nevoie-de-un-nationalism-sanatos-spatiul-public-este-luat-de-farisei\/#respond"]}]},{"@type":"WebPage","@id":"https:\/\/covasna45.ro\/index.php\/lumea-noastra\/nicusor-dan-catre-tinerii-ortodocsi-avem-nevoie-de-un-nationalism-sanatos-spatiul-public-este-luat-de-farisei\/","url":"https:\/\/covasna45.ro\/index.php\/lumea-noastra\/nicusor-dan-catre-tinerii-ortodocsi-avem-nevoie-de-un-nationalism-sanatos-spatiul-public-este-luat-de-farisei\/","name":"Nicu\u0219or Dan c\u0103tre tinerii ortodoc\u0219i: Avem nevoie de un na\u021bionalism s\u0103n\u0103tos. Spa\u021biul public este luat de farisei - Covasna45","isPartOf":{"@id":"https:\/\/covasna45.ro\/#website"},"primaryImageOfPage":{"@id":"https:\/\/covasna45.ro\/index.php\/lumea-noastra\/nicusor-dan-catre-tinerii-ortodocsi-avem-nevoie-de-un-nationalism-sanatos-spatiul-public-este-luat-de-farisei\/#primaryimage"},"image":{"@id":"https:\/\/covasna45.ro\/index.php\/lumea-noastra\/nicusor-dan-catre-tinerii-ortodocsi-avem-nevoie-de-un-nationalism-sanatos-spatiul-public-este-luat-de-farisei\/#primaryimage"},"thumbnailUrl":"https:\/\/covasna45.ro\/wp-content\/uploads\/2026\/09\/ito-2-nd.jpg","datePublished":"2026-09-01T09:34:39+00:00","dateModified":"2026-09-01T09:36:03+00:00","description":"Pre\u0219edintele Rom\u00e2niei, Nicu\u0219or Dan, a participat azi la \u00eent\u00e2lnirea interna\u021bional\u0103 a tinerilor ortodoc\u0219i (ITO 2026), care a avut loc la Catedrala Na\u021bional\u0103.","breadcrumb":{"@id":"https:\/\/covasna45.ro\/index.php\/lumea-noastra\/nicusor-dan-catre-tinerii-ortodocsi-avem-nevoie-de-un-nationalism-sanatos-spatiul-public-este-luat-de-farisei\/#breadcrumb"},"inLanguage":"ro-RO","potentialAction":[{"@type":"ReadAction","target":["https:\/\/covasna45.ro\/index.php\/lumea-noastra\/nicusor-dan-catre-tinerii-ortodocsi-avem-nevoie-de-un-nationalism-sanatos-spatiul-public-este-luat-de-farisei\/"]}]},{"@type":"ImageObject","inLanguage":"ro-RO","@id":"https:\/\/covasna45.ro\/index.php\/lumea-noastra\/nicusor-dan-catre-tinerii-ortodocsi-avem-nevoie-de-un-nationalism-sanatos-spatiul-public-este-luat-de-farisei\/#primaryimage","url":"https:\/\/covasna45.ro\/wp-content\/uploads\/2026\/09\/ito-2-nd.jpg","contentUrl":"https:\/\/covasna45.ro\/wp-content\/uploads\/2026\/09\/ito-2-nd.jpg","width":1370,"height":723},{"@type":"BreadcrumbList","@id":"https:\/\/covasna45.ro\/index.php\/lumea-noastra\/nicusor-dan-catre-tinerii-ortodocsi-avem-nevoie-de-un-nationalism-sanatos-spatiul-public-este-luat-de-farisei\/#breadcrumb","itemListElement":[{"@type":"ListItem","position":1,"name":"Prima pagin\u0103","item":"https:\/\/covasna45.ro\/"},{"@type":"ListItem","position":2,"name":"Nicu\u0219or Dan c\u0103tre tinerii ortodoc\u0219i: Avem nevoie de un na\u021bionalism s\u0103n\u0103tos. Spa\u021biul public este luat de farisei"}]},{"@type":"WebSite","@id":"https:\/\/covasna45.ro\/#website","url":"https:\/\/covasna45.ro\/","name":"covasna45.ro","description":"","publisher":{"@id":"https:\/\/covasna45.ro\/#organization"},"potentialAction":[{"@type":"SearchAction","target":{"@type":"EntryPoint","urlTemplate":"https:\/\/covasna45.ro\/?s={search_term_string}"},"query-input":{"@type":"PropertyValueSpecification","valueRequired":true,"valueName":"search_term_string"}}],"inLanguage":"ro-RO"},{"@type":"Organization","@id":"https:\/\/covasna45.ro\/#organization","name":"covasna45.ro","url":"https:\/\/covasna45.ro\/","logo":{"@type":"ImageObject","inLanguage":"ro-RO","@id":"https:\/\/covasna45.ro\/#\/schema\/logo\/image\/","url":"https:\/\/covasna45.ro\/wp-content\/uploads\/2023\/01\/icon_logo.png","contentUrl":"https:\/\/covasna45.ro\/wp-content\/uploads\/2023\/01\/icon_logo.png","width":1900,"height":1900,"caption":"covasna45.ro"},"image":{"@id":"https:\/\/covasna45.ro\/#\/schema\/logo\/image\/"}},{"@type":"Person","@id":"https:\/\/covasna45.ro\/#\/schema\/person\/e674052bd7d95d70bbb007a1060ab73c","name":"Covasna45","image":{"@type":"ImageObject","inLanguage":"ro-RO","@id":"https:\/\/covasna45.ro\/wp-content\/uploads\/2025\/10\/icon_logo_covasna45-150x150.png","url":"https:\/\/covasna45.ro\/wp-content\/uploads\/2025\/10\/icon_logo_covasna45-150x150.png","contentUrl":"https:\/\/covasna45.ro\/wp-content\/uploads\/2025\/10\/icon_logo_covasna45-150x150.png","caption":"Covasna45"},"sameAs":["https:\/\/covasna45.ro"],"url":"https:\/\/covasna45.ro\/index.php\/author\/covasna\/"}]}},"amp_enabled":true,"_links":{"self":[{"href":"https:\/\/covasna45.ro\/index.php\/wp-json\/wp\/v2\/posts\/18290","targetHints":{"allow":["GET"]}}],"collection":[{"href":"https:\/\/covasna45.ro\/index.php\/wp-json\/wp\/v2\/posts"}],"about":[{"href":"https:\/\/covasna45.ro\/index.php\/wp-json\/wp\/v2\/types\/post"}],"author":[{"embeddable":true,"href":"https:\/\/covasna45.ro\/index.php\/wp-json\/wp\/v2\/users\/1"}],"replies":[{"embeddable":true,"href":"https:\/\/covasna45.ro\/index.php\/wp-json\/wp\/v2\/comments?post=18290"}],"version-history":[{"count":2,"href":"https:\/\/covasna45.ro\/index.php\/wp-json\/wp\/v2\/posts\/18290\/revisions"}],"predecessor-version":[{"id":18296,"href":"https:\/\/covasna45.ro\/index.php\/wp-json\/wp\/v2\/posts\/18290\/revisions\/18296"}],"wp:featuredmedia":[{"embeddable":true,"href":"https:\/\/covasna45.ro\/index.php\/wp-json\/wp\/v2\/media\/18291"}],"wp:attachment":[{"href":"https:\/\/covasna45.ro\/index.php\/wp-json\/wp\/v2\/media?parent=18290"}],"wp:term":[{"taxonomy":"category","embeddable":true,"href":"https:\/\/covasna45.ro\/index.php\/wp-json\/wp\/v2\/categories?post=18290"},{"taxonomy":"post_tag","embeddable":true,"href":"https:\/\/covasna45.ro\/index.php\/wp-json\/wp\/v2\/tags?post=18290"}],"curies":[{"name":"wp","href":"https:\/\/api.w.org\/{rel}","templated":true}]}}