{"id":18300,"date":"2026-09-01T14:55:59","date_gmt":"2026-09-01T12:55:59","guid":{"rendered":"https:\/\/covasna45.ro\/?p=18300"},"modified":"2026-09-01T14:56:00","modified_gmt":"2026-09-01T12:56:00","slug":"cresc-tarifele-pentru-permisul-si-talonul-auto","status":"publish","type":"post","link":"https:\/\/covasna45.ro\/index.php\/lumea-noastra\/cresc-tarifele-pentru-permisul-si-talonul-auto\/","title":{"rendered":"Cresc tarifele pentru permisul \u0219i talonul auto"},"content":{"rendered":"\n<p class=\"wp-block-paragraph\">Direc\u021bia General\u0103 Permise de Conducere \u0219i \u00cenmatricul\u0103ri (DGPCI) a anun\u021bat majorarea tarifelor pentru eliberarea permisului de conducere, a certificatului de \u00eenmatriculare \u0219i a autoriza\u021biei de circula\u021bie provizorie.<\/p>\n\n\n\n<p class=\"wp-block-paragraph\">Astfel, \u00eencep\u00e2nd cu data de 15.09.2026, tarifele actualizate pentru emiterea permisului de conducere,\u00a0a certificatului de \u00eenmatriculare \u0219i a autoriza\u021biei de circula\u021bie provizorie vor fi urm\u0103toarele:<\/p>\n\n\n\n<ul class=\"wp-block-list\">\n<li>permis de conducere \u2013 139 lei (de la 89 de lei)<\/li>\n\n\n\n<li>certificat de \u00eenmatriculare \u2013 76 lei (de la 49 de lei)<\/li>\n\n\n\n<li>autoriza\u021bie de circula\u021bie provizorie \u2013 25 lei (de la 13 lei).<\/li>\n<\/ul>\n\n\n\n<p class=\"wp-block-paragraph\">Tarifele aferente documentelor de mai sus, precum \u0219i cele aferente pl\u0103cilor cu num\u0103r de \u00eenmatriculare, pot fi achitate inclusiv prin intermediul sta\u021biilor de plat\u0103 SelfPay sau prin intermediul platformei ghiseul.ro.<\/p>\n\n\n\n<p class=\"wp-block-paragraph\">\u00cen ceea ce prive\u0219te pl\u0103\u021bile efectuate anterior datei de 15.09.2026, se vor avea \u00een vedere urm\u0103toarele:<\/p>\n\n\n\n<ul class=\"wp-block-list\">\n<li>Taxele achitate pentru eliberarea permiselor de conducere, certificatelor de \u00eenmatriculare \u0219i autoriza\u021biilor de circula\u021bie provizorie, neutilizate p\u00e2n\u0103 la data intr\u0103rii \u00een vigoare a noilor tarife, nu vor mai putea fi utilizate \u00eencep\u00e2nd cu data de 15.09.2026.<\/li>\n<\/ul>\n\n\n\n<p class=\"wp-block-paragraph\">Acestea vor putea fi restituite de c\u0103tre R.A.-A.P.P.S., \u00een baza cererilor formulate \u0219i transmise&nbsp;de solicitan\u021bi c\u0103tre aceast\u0103 institu\u021bie.<\/p>\n\n\n\n<p class=\"wp-block-paragraph\">Prin excep\u021bie, taxele achitate anterior datei de 15.09.2026, aferente dosarelor de examinare pentru ob\u021binerea permisului de conducere \u00eenregistrate p\u00e2n\u0103 la aceast\u0103 dat\u0103, r\u0103m\u00e2n valabile pe \u00eentreaga perioad\u0103 de valabilitate a dosarului de examinare.<\/p>\n","protected":false},"excerpt":{"rendered":"<p>Direc\u021bia General\u0103 Permise de Conducere \u0219i \u00cenmatricul\u0103ri (DGPCI) a anun\u021bat majorarea tarifelor pentru eliberarea permisului de conducere, a certificatului de \u00eenmatriculare \u0219i a autoriza\u021biei de circula\u021bie provizorie. Astfel, \u00eencep\u00e2nd cu data de 15.09.2026, tarifele actualizate pentru emiterea permisului de conducere,\u00a0a certificatului de \u00eenmatriculare \u0219i a autoriza\u021biei de circula\u021bie provizorie vor fi urm\u0103toarele: Tarifele aferente documentelor [&hellip;]<\/p>\n","protected":false},"author":1,"featured_media":1940,"comment_status":"open","ping_status":"closed","sticky":false,"template":"","format":"standard","meta":{"tdm_status":"","tdm_grid_status":"","footnotes":""},"categories":[14],"tags":[2427,328],"class_list":["post-18300","post","type-post","status-publish","format-standard","has-post-thumbnail","category-lumea-noastra","tag-permis-auto","tag-tarife"],"yoast_head":"<!-- This site is optimized with the Yoast SEO plugin v28.3 - https:\/\/yoast.com\/product\/yoast-seo-wordpress\/ -->\n<title>Cresc tarifele pentru permisul \u0219i talonul auto - Covasna45<\/title>\n<meta name=\"description\" content=\"Direc\u021bia General\u0103 Permise de Conducere \u0219i \u00cenmatricul\u0103ri (DGPCI) a anun\u021bat majorarea tarifelor pentru eliberarea permisului de conducere.\" \/>\n<meta name=\"robots\" content=\"index, follow, max-snippet:-1, max-image-preview:large, max-video-preview:-1\" \/>\n<link rel=\"canonical\" href=\"https:\/\/covasna45.ro\/index.php\/lumea-noastra\/cresc-tarifele-pentru-permisul-si-talonul-auto\/\" \/>\n<meta property=\"og:locale\" content=\"ro_RO\" \/>\n<meta property=\"og:type\" content=\"article\" \/>\n<meta property=\"og:title\" content=\"Cresc tarifele pentru permisul \u0219i talonul auto - Covasna45\" \/>\n<meta property=\"og:description\" content=\"Direc\u021bia General\u0103 Permise de Conducere \u0219i \u00cenmatricul\u0103ri (DGPCI) a anun\u021bat majorarea tarifelor pentru eliberarea permisului de conducere.\" \/>\n<meta property=\"og:url\" content=\"https:\/\/covasna45.ro\/index.php\/lumea-noastra\/cresc-tarifele-pentru-permisul-si-talonul-auto\/\" \/>\n<meta property=\"og:site_name\" content=\"Covasna45\" \/>\n<meta property=\"article:published_time\" content=\"2026-09-01T12:55:59+00:00\" \/>\n<meta property=\"article:modified_time\" content=\"2026-09-01T12:56:00+00:00\" \/>\n<meta property=\"og:image\" content=\"https:\/\/covasna45.ro\/wp-content\/uploads\/2023\/06\/bani.jpg\" \/>\n\t<meta property=\"og:image:width\" content=\"1200\" \/>\n\t<meta property=\"og:image:height\" content=\"800\" \/>\n\t<meta property=\"og:image:type\" content=\"image\/jpeg\" \/>\n<meta name=\"author\" content=\"Covasna45\" \/>\n<meta name=\"twitter:card\" content=\"summary_large_image\" \/>\n<meta name=\"twitter:label1\" content=\"Scris de\" \/>\n\t<meta name=\"twitter:data1\" content=\"Covasna45\" \/>\n\t<meta name=\"twitter:label2\" content=\"Timp estimat pentru citire\" \/>\n\t<meta name=\"twitter:data2\" content=\"2 minute\" \/>\n<script type=\"application\/ld+json\" class=\"yoast-schema-graph\">{\"@context\":\"https:\\\/\\\/schema.org\",\"@graph\":[{\"@type\":\"Article\",\"@id\":\"https:\\\/\\\/covasna45.ro\\\/index.php\\\/lumea-noastra\\\/cresc-tarifele-pentru-permisul-si-talonul-auto\\\/#article\",\"isPartOf\":{\"@id\":\"https:\\\/\\\/covasna45.ro\\\/index.php\\\/lumea-noastra\\\/cresc-tarifele-pentru-permisul-si-talonul-auto\\\/\"},\"author\":{\"name\":\"Covasna45\",\"@id\":\"https:\\\/\\\/covasna45.ro\\\/#\\\/schema\\\/person\\\/e674052bd7d95d70bbb007a1060ab73c\"},\"headline\":\"Cresc tarifele pentru permisul \u0219i talonul auto\",\"datePublished\":\"2026-09-01T12:55:59+00:00\",\"dateModified\":\"2026-09-01T12:56:00+00:00\",\"mainEntityOfPage\":{\"@id\":\"https:\\\/\\\/covasna45.ro\\\/index.php\\\/lumea-noastra\\\/cresc-tarifele-pentru-permisul-si-talonul-auto\\\/\"},\"wordCount\":252,\"commentCount\":0,\"publisher\":{\"@id\":\"https:\\\/\\\/covasna45.ro\\\/#organization\"},\"image\":{\"@id\":\"https:\\\/\\\/covasna45.ro\\\/index.php\\\/lumea-noastra\\\/cresc-tarifele-pentru-permisul-si-talonul-auto\\\/#primaryimage\"},\"thumbnailUrl\":\"https:\\\/\\\/covasna45.ro\\\/wp-content\\\/uploads\\\/2023\\\/06\\\/bani.jpg\",\"keywords\":[\"permis auto\",\"Tarife\"],\"articleSection\":[\"Lumea noastr\u0103\"],\"inLanguage\":\"ro-RO\",\"potentialAction\":[{\"@type\":\"CommentAction\",\"name\":\"Comment\",\"target\":[\"https:\\\/\\\/covasna45.ro\\\/index.php\\\/lumea-noastra\\\/cresc-tarifele-pentru-permisul-si-talonul-auto\\\/#respond\"]}]},{\"@type\":\"WebPage\",\"@id\":\"https:\\\/\\\/covasna45.ro\\\/index.php\\\/lumea-noastra\\\/cresc-tarifele-pentru-permisul-si-talonul-auto\\\/\",\"url\":\"https:\\\/\\\/covasna45.ro\\\/index.php\\\/lumea-noastra\\\/cresc-tarifele-pentru-permisul-si-talonul-auto\\\/\",\"name\":\"Cresc tarifele pentru permisul \u0219i talonul auto - Covasna45\",\"isPartOf\":{\"@id\":\"https:\\\/\\\/covasna45.ro\\\/#website\"},\"primaryImageOfPage\":{\"@id\":\"https:\\\/\\\/covasna45.ro\\\/index.php\\\/lumea-noastra\\\/cresc-tarifele-pentru-permisul-si-talonul-auto\\\/#primaryimage\"},\"image\":{\"@id\":\"https:\\\/\\\/covasna45.ro\\\/index.php\\\/lumea-noastra\\\/cresc-tarifele-pentru-permisul-si-talonul-auto\\\/#primaryimage\"},\"thumbnailUrl\":\"https:\\\/\\\/covasna45.ro\\\/wp-content\\\/uploads\\\/2023\\\/06\\\/bani.jpg\",\"datePublished\":\"2026-09-01T12:55:59+00:00\",\"dateModified\":\"2026-09-01T12:56:00+00:00\",\"description\":\"Direc\u021bia General\u0103 Permise de Conducere \u0219i \u00cenmatricul\u0103ri (DGPCI) a anun\u021bat majorarea tarifelor pentru eliberarea permisului de conducere.\",\"breadcrumb\":{\"@id\":\"https:\\\/\\\/covasna45.ro\\\/index.php\\\/lumea-noastra\\\/cresc-tarifele-pentru-permisul-si-talonul-auto\\\/#breadcrumb\"},\"inLanguage\":\"ro-RO\",\"potentialAction\":[{\"@type\":\"ReadAction\",\"target\":[\"https:\\\/\\\/covasna45.ro\\\/index.php\\\/lumea-noastra\\\/cresc-tarifele-pentru-permisul-si-talonul-auto\\\/\"]}]},{\"@type\":\"ImageObject\",\"inLanguage\":\"ro-RO\",\"@id\":\"https:\\\/\\\/covasna45.ro\\\/index.php\\\/lumea-noastra\\\/cresc-tarifele-pentru-permisul-si-talonul-auto\\\/#primaryimage\",\"url\":\"https:\\\/\\\/covasna45.ro\\\/wp-content\\\/uploads\\\/2023\\\/06\\\/bani.jpg\",\"contentUrl\":\"https:\\\/\\\/covasna45.ro\\\/wp-content\\\/uploads\\\/2023\\\/06\\\/bani.jpg\",\"width\":1200,\"height\":800},{\"@type\":\"BreadcrumbList\",\"@id\":\"https:\\\/\\\/covasna45.ro\\\/index.php\\\/lumea-noastra\\\/cresc-tarifele-pentru-permisul-si-talonul-auto\\\/#breadcrumb\",\"itemListElement\":[{\"@type\":\"ListItem\",\"position\":1,\"name\":\"Prima pagin\u0103\",\"item\":\"https:\\\/\\\/covasna45.ro\\\/\"},{\"@type\":\"ListItem\",\"position\":2,\"name\":\"Cresc tarifele pentru permisul \u0219i talonul auto\"}]},{\"@type\":\"WebSite\",\"@id\":\"https:\\\/\\\/covasna45.ro\\\/#website\",\"url\":\"https:\\\/\\\/covasna45.ro\\\/\",\"name\":\"covasna45.ro\",\"description\":\"\",\"publisher\":{\"@id\":\"https:\\\/\\\/covasna45.ro\\\/#organization\"},\"potentialAction\":[{\"@type\":\"SearchAction\",\"target\":{\"@type\":\"EntryPoint\",\"urlTemplate\":\"https:\\\/\\\/covasna45.ro\\\/?s={search_term_string}\"},\"query-input\":{\"@type\":\"PropertyValueSpecification\",\"valueRequired\":true,\"valueName\":\"search_term_string\"}}],\"inLanguage\":\"ro-RO\"},{\"@type\":\"Organization\",\"@id\":\"https:\\\/\\\/covasna45.ro\\\/#organization\",\"name\":\"covasna45.ro\",\"url\":\"https:\\\/\\\/covasna45.ro\\\/\",\"logo\":{\"@type\":\"ImageObject\",\"inLanguage\":\"ro-RO\",\"@id\":\"https:\\\/\\\/covasna45.ro\\\/#\\\/schema\\\/logo\\\/image\\\/\",\"url\":\"https:\\\/\\\/covasna45.ro\\\/wp-content\\\/uploads\\\/2023\\\/01\\\/icon_logo.png\",\"contentUrl\":\"https:\\\/\\\/covasna45.ro\\\/wp-content\\\/uploads\\\/2023\\\/01\\\/icon_logo.png\",\"width\":1900,\"height\":1900,\"caption\":\"covasna45.ro\"},\"image\":{\"@id\":\"https:\\\/\\\/covasna45.ro\\\/#\\\/schema\\\/logo\\\/image\\\/\"}},{\"@type\":\"Person\",\"@id\":\"https:\\\/\\\/covasna45.ro\\\/#\\\/schema\\\/person\\\/e674052bd7d95d70bbb007a1060ab73c\",\"name\":\"Covasna45\",\"image\":{\"@type\":\"ImageObject\",\"inLanguage\":\"ro-RO\",\"@id\":\"https:\\\/\\\/covasna45.ro\\\/wp-content\\\/uploads\\\/2025\\\/10\\\/icon_logo_covasna45-150x150.png\",\"url\":\"https:\\\/\\\/covasna45.ro\\\/wp-content\\\/uploads\\\/2025\\\/10\\\/icon_logo_covasna45-150x150.png\",\"contentUrl\":\"https:\\\/\\\/covasna45.ro\\\/wp-content\\\/uploads\\\/2025\\\/10\\\/icon_logo_covasna45-150x150.png\",\"caption\":\"Covasna45\"},\"sameAs\":[\"https:\\\/\\\/covasna45.ro\"],\"url\":\"https:\\\/\\\/covasna45.ro\\\/index.php\\\/author\\\/covasna\\\/\"}]}<\/script>\n<!-- \/ Yoast SEO plugin. -->","yoast_head_json":{"title":"Cresc tarifele pentru permisul \u0219i talonul auto - Covasna45","description":"Direc\u021bia General\u0103 Permise de Conducere \u0219i \u00cenmatricul\u0103ri (DGPCI) a anun\u021bat majorarea tarifelor pentru eliberarea permisului de conducere.","robots":{"index":"index","follow":"follow","max-snippet":"max-snippet:-1","max-image-preview":"max-image-preview:large","max-video-preview":"max-video-preview:-1"},"canonical":"https:\/\/covasna45.ro\/index.php\/lumea-noastra\/cresc-tarifele-pentru-permisul-si-talonul-auto\/","og_locale":"ro_RO","og_type":"article","og_title":"Cresc tarifele pentru permisul \u0219i talonul auto - Covasna45","og_description":"Direc\u021bia General\u0103 Permise de Conducere \u0219i \u00cenmatricul\u0103ri (DGPCI) a anun\u021bat majorarea tarifelor pentru eliberarea permisului de conducere.","og_url":"https:\/\/covasna45.ro\/index.php\/lumea-noastra\/cresc-tarifele-pentru-permisul-si-talonul-auto\/","og_site_name":"Covasna45","article_published_time":"2026-09-01T12:55:59+00:00","article_modified_time":"2026-09-01T12:56:00+00:00","og_image":[{"width":1200,"height":800,"url":"https:\/\/covasna45.ro\/wp-content\/uploads\/2023\/06\/bani.jpg","type":"image\/jpeg"}],"author":"Covasna45","twitter_card":"summary_large_image","twitter_misc":{"Scris de":"Covasna45","Timp estimat pentru citire":"2 minute"},"schema":{"@context":"https:\/\/schema.org","@graph":[{"@type":"Article","@id":"https:\/\/covasna45.ro\/index.php\/lumea-noastra\/cresc-tarifele-pentru-permisul-si-talonul-auto\/#article","isPartOf":{"@id":"https:\/\/covasna45.ro\/index.php\/lumea-noastra\/cresc-tarifele-pentru-permisul-si-talonul-auto\/"},"author":{"name":"Covasna45","@id":"https:\/\/covasna45.ro\/#\/schema\/person\/e674052bd7d95d70bbb007a1060ab73c"},"headline":"Cresc tarifele pentru permisul \u0219i talonul auto","datePublished":"2026-09-01T12:55:59+00:00","dateModified":"2026-09-01T12:56:00+00:00","mainEntityOfPage":{"@id":"https:\/\/covasna45.ro\/index.php\/lumea-noastra\/cresc-tarifele-pentru-permisul-si-talonul-auto\/"},"wordCount":252,"commentCount":0,"publisher":{"@id":"https:\/\/covasna45.ro\/#organization"},"image":{"@id":"https:\/\/covasna45.ro\/index.php\/lumea-noastra\/cresc-tarifele-pentru-permisul-si-talonul-auto\/#primaryimage"},"thumbnailUrl":"https:\/\/covasna45.ro\/wp-content\/uploads\/2023\/06\/bani.jpg","keywords":["permis auto","Tarife"],"articleSection":["Lumea noastr\u0103"],"inLanguage":"ro-RO","potentialAction":[{"@type":"CommentAction","name":"Comment","target":["https:\/\/covasna45.ro\/index.php\/lumea-noastra\/cresc-tarifele-pentru-permisul-si-talonul-auto\/#respond"]}]},{"@type":"WebPage","@id":"https:\/\/covasna45.ro\/index.php\/lumea-noastra\/cresc-tarifele-pentru-permisul-si-talonul-auto\/","url":"https:\/\/covasna45.ro\/index.php\/lumea-noastra\/cresc-tarifele-pentru-permisul-si-talonul-auto\/","name":"Cresc tarifele pentru permisul \u0219i talonul auto - Covasna45","isPartOf":{"@id":"https:\/\/covasna45.ro\/#website"},"primaryImageOfPage":{"@id":"https:\/\/covasna45.ro\/index.php\/lumea-noastra\/cresc-tarifele-pentru-permisul-si-talonul-auto\/#primaryimage"},"image":{"@id":"https:\/\/covasna45.ro\/index.php\/lumea-noastra\/cresc-tarifele-pentru-permisul-si-talonul-auto\/#primaryimage"},"thumbnailUrl":"https:\/\/covasna45.ro\/wp-content\/uploads\/2023\/06\/bani.jpg","datePublished":"2026-09-01T12:55:59+00:00","dateModified":"2026-09-01T12:56:00+00:00","description":"Direc\u021bia General\u0103 Permise de Conducere \u0219i \u00cenmatricul\u0103ri (DGPCI) a anun\u021bat majorarea tarifelor pentru eliberarea permisului de conducere.","breadcrumb":{"@id":"https:\/\/covasna45.ro\/index.php\/lumea-noastra\/cresc-tarifele-pentru-permisul-si-talonul-auto\/#breadcrumb"},"inLanguage":"ro-RO","potentialAction":[{"@type":"ReadAction","target":["https:\/\/covasna45.ro\/index.php\/lumea-noastra\/cresc-tarifele-pentru-permisul-si-talonul-auto\/"]}]},{"@type":"ImageObject","inLanguage":"ro-RO","@id":"https:\/\/covasna45.ro\/index.php\/lumea-noastra\/cresc-tarifele-pentru-permisul-si-talonul-auto\/#primaryimage","url":"https:\/\/covasna45.ro\/wp-content\/uploads\/2023\/06\/bani.jpg","contentUrl":"https:\/\/covasna45.ro\/wp-content\/uploads\/2023\/06\/bani.jpg","width":1200,"height":800},{"@type":"BreadcrumbList","@id":"https:\/\/covasna45.ro\/index.php\/lumea-noastra\/cresc-tarifele-pentru-permisul-si-talonul-auto\/#breadcrumb","itemListElement":[{"@type":"ListItem","position":1,"name":"Prima pagin\u0103","item":"https:\/\/covasna45.ro\/"},{"@type":"ListItem","position":2,"name":"Cresc tarifele pentru permisul \u0219i talonul auto"}]},{"@type":"WebSite","@id":"https:\/\/covasna45.ro\/#website","url":"https:\/\/covasna45.ro\/","name":"covasna45.ro","description":"","publisher":{"@id":"https:\/\/covasna45.ro\/#organization"},"potentialAction":[{"@type":"SearchAction","target":{"@type":"EntryPoint","urlTemplate":"https:\/\/covasna45.ro\/?s={search_term_string}"},"query-input":{"@type":"PropertyValueSpecification","valueRequired":true,"valueName":"search_term_string"}}],"inLanguage":"ro-RO"},{"@type":"Organization","@id":"https:\/\/covasna45.ro\/#organization","name":"covasna45.ro","url":"https:\/\/covasna45.ro\/","logo":{"@type":"ImageObject","inLanguage":"ro-RO","@id":"https:\/\/covasna45.ro\/#\/schema\/logo\/image\/","url":"https:\/\/covasna45.ro\/wp-content\/uploads\/2023\/01\/icon_logo.png","contentUrl":"https:\/\/covasna45.ro\/wp-content\/uploads\/2023\/01\/icon_logo.png","width":1900,"height":1900,"caption":"covasna45.ro"},"image":{"@id":"https:\/\/covasna45.ro\/#\/schema\/logo\/image\/"}},{"@type":"Person","@id":"https:\/\/covasna45.ro\/#\/schema\/person\/e674052bd7d95d70bbb007a1060ab73c","name":"Covasna45","image":{"@type":"ImageObject","inLanguage":"ro-RO","@id":"https:\/\/covasna45.ro\/wp-content\/uploads\/2025\/10\/icon_logo_covasna45-150x150.png","url":"https:\/\/covasna45.ro\/wp-content\/uploads\/2025\/10\/icon_logo_covasna45-150x150.png","contentUrl":"https:\/\/covasna45.ro\/wp-content\/uploads\/2025\/10\/icon_logo_covasna45-150x150.png","caption":"Covasna45"},"sameAs":["https:\/\/covasna45.ro"],"url":"https:\/\/covasna45.ro\/index.php\/author\/covasna\/"}]}},"amp_enabled":true,"_links":{"self":[{"href":"https:\/\/covasna45.ro\/index.php\/wp-json\/wp\/v2\/posts\/18300","targetHints":{"allow":["GET"]}}],"collection":[{"href":"https:\/\/covasna45.ro\/index.php\/wp-json\/wp\/v2\/posts"}],"about":[{"href":"https:\/\/covasna45.ro\/index.php\/wp-json\/wp\/v2\/types\/post"}],"author":[{"embeddable":true,"href":"https:\/\/covasna45.ro\/index.php\/wp-json\/wp\/v2\/users\/1"}],"replies":[{"embeddable":true,"href":"https:\/\/covasna45.ro\/index.php\/wp-json\/wp\/v2\/comments?post=18300"}],"version-history":[{"count":1,"href":"https:\/\/covasna45.ro\/index.php\/wp-json\/wp\/v2\/posts\/18300\/revisions"}],"predecessor-version":[{"id":18301,"href":"https:\/\/covasna45.ro\/index.php\/wp-json\/wp\/v2\/posts\/18300\/revisions\/18301"}],"wp:featuredmedia":[{"embeddable":true,"href":"https:\/\/covasna45.ro\/index.php\/wp-json\/wp\/v2\/media\/1940"}],"wp:attachment":[{"href":"https:\/\/covasna45.ro\/index.php\/wp-json\/wp\/v2\/media?parent=18300"}],"wp:term":[{"taxonomy":"category","embeddable":true,"href":"https:\/\/covasna45.ro\/index.php\/wp-json\/wp\/v2\/categories?post=18300"},{"taxonomy":"post_tag","embeddable":true,"href":"https:\/\/covasna45.ro\/index.php\/wp-json\/wp\/v2\/tags?post=18300"}],"curies":[{"name":"wp","href":"https:\/\/api.w.org\/{rel}","templated":true}]}}