{"id":18304,"date":"2026-09-02T08:31:42","date_gmt":"2026-09-02T06:31:42","guid":{"rendered":"https:\/\/covasna45.ro\/?p=18304"},"modified":"2026-09-02T08:32:03","modified_gmt":"2026-09-02T06:32:03","slug":"motorina-va-avea-acciza-redusa-cu-25-pana-la-jumatatea-lui-septembrie","status":"publish","type":"post","link":"https:\/\/covasna45.ro\/index.php\/lumea-noastra\/motorina-va-avea-acciza-redusa-cu-25-pana-la-jumatatea-lui-septembrie\/","title":{"rendered":"Motorina va avea acciza redus\u0103 cu 25% p\u00e2n\u0103 la jum\u0103tatea lui septembrie"},"content":{"rendered":"\n<p class=\"wp-block-paragraph\">De la 1 septembrie, acciza aplicat\u0103 la motorina standard este redus\u0103 temporar cu 25%. M\u0103sura este valabil\u0103 p\u00e2n\u0103 pe 15 septembrie \u0219i vine dup\u0103 ce, \u00een a doua jum\u0103tate a lunii august, reducerea fusese de 20%.<\/p>\n\n\n\n<p class=\"wp-block-paragraph\"><a href=\"https:\/\/mfinante.gov.ro\/despre-minister\/-\/asset_publisher\/uwgr\/content\/ministerul-finan-c8-9belor-reduce-cu-25-acciza-la-motorin-c4-83-pentru-1-15-septembrie-2026\">Ministerul Finan\u021belor <\/a>spune c\u0103 interven\u021bia este determinat\u0103 de cre\u0219terea cota\u021biilor interna\u021bionale ale petrolului \u0219i de presiunea asupra pre\u021burilor de la pomp\u0103. Mecanismul este prev\u0103zut de Legea 162\/2026 \u0219i permite statului s\u0103 intervin\u0103 temporar asupra accizei \u00een perioadele de tensiune pe pia\u021ba petrolier\u0103.<\/p>\n\n\n\n<h3 class=\"wp-block-heading\">C\u00e2t \u00eenseamn\u0103 la pomp\u0103?<\/h3>\n\n\n\n<p class=\"wp-block-paragraph\">Reducerea anun\u021bat\u0103 de Ministerul Finan\u021belor este de 701,07 lei pentru 1.000 de litri de motorin\u0103. Asta \u00eenseamn\u0103 aproximativ 70 de bani pe litru la nivelul accizei, \u00eenainte de efectele fiscale \u0219i comerciale care determin\u0103 pre\u021bul final de la pomp\u0103.<\/p>\n\n\n\n<p class=\"wp-block-paragraph\">Reducerea accizei nu trebuie confundat\u0103 automat cu o sc\u0103dere identic\u0103 a pre\u021bului afi\u0219at \u00een benzin\u0103rii. Pre\u021bul final depinde \u0219i de cota\u021biile produselor petroliere, cursul valutar, TVA \u0219i politica comercial\u0103 a distribuitorilor. De aceea, efectul real trebuie v\u0103zut direct la pomp\u0103.<\/p>\n\n\n\n<h3 class=\"wp-block-heading\">Motorina intr\u0103 \u00een aproape toate pre\u021burile<\/h3>\n\n\n\n<p class=\"wp-block-paragraph\">M\u0103sura nu \u00eei prive\u0219te numai pe proprietarii de ma\u0219ini diesel. Motorina este una dintre componentele importante ale costurilor din transport, agricultur\u0103, construc\u021bii \u0219i distribu\u021bia de m\u0103rfuri.<\/p>\n\n\n\n<p class=\"wp-block-paragraph\">Un transportator care consum\u0103 mii de litri lunar va sim\u021bi sc\u0103derea accizei. Acela\u0219i lucru este valabil pentru agricultur\u0103, unde utilajele func\u021bioneaz\u0103 \u00een mare parte cu motorin\u0103. Practic, costul transportului ajunge \u00een pre\u021bul oric\u0103rui produs.<\/p>\n\n\n\n<p class=\"wp-block-paragraph\">Reducerea accizei poate tempera aceast\u0103 presiune, dar m\u0103sura este deocamdat\u0103 una temporar\u0103. Dup\u0103 15 septembrie urmeaz\u0103 o nou\u0103 evaluare.<\/p>\n","protected":false},"excerpt":{"rendered":"<p>De la 1 septembrie, acciza aplicat\u0103 la motorina standard este redus\u0103 temporar cu 25%. M\u0103sura este valabil\u0103 p\u00e2n\u0103 pe 15 septembrie \u0219i vine dup\u0103 ce, \u00een a doua jum\u0103tate a lunii august, reducerea fusese de 20%. Ministerul Finan\u021belor spune c\u0103 interven\u021bia este determinat\u0103 de cre\u0219terea cota\u021biilor interna\u021bionale ale petrolului \u0219i de presiunea asupra pre\u021burilor de [&hellip;]<\/p>\n","protected":false},"author":1,"featured_media":18305,"comment_status":"open","ping_status":"closed","sticky":false,"template":"","format":"standard","meta":{"tdm_status":"","tdm_grid_status":"","footnotes":""},"categories":[14],"tags":[5048,3565,5049,841],"class_list":["post-18304","post","type-post","status-publish","format-standard","has-post-thumbnail","category-lumea-noastra","tag-acciza","tag-motorina-2","tag-pompa","tag-pret"],"yoast_head":"<!-- This site is optimized with the Yoast SEO plugin v28.4 - https:\/\/yoast.com\/product\/yoast-seo-wordpress\/ -->\n<title>Motorina va avea acciza redus\u0103 cu 25% p\u00e2n\u0103 la jum\u0103tatea lui septembrie - Covasna45<\/title>\n<meta name=\"description\" content=\"Motorina este una dintre componentele importante ale costurilor din transport, agricultur\u0103, construc\u021bii \u0219i distribu\u021bia de m\u0103rfuri.\" \/>\n<meta name=\"robots\" content=\"index, follow, max-snippet:-1, max-image-preview:large, max-video-preview:-1\" \/>\n<link rel=\"canonical\" href=\"https:\/\/covasna45.ro\/index.php\/lumea-noastra\/motorina-va-avea-acciza-redusa-cu-25-pana-la-jumatatea-lui-septembrie\/\" \/>\n<meta property=\"og:locale\" content=\"ro_RO\" \/>\n<meta property=\"og:type\" content=\"article\" \/>\n<meta property=\"og:title\" content=\"Motorina va avea acciza redus\u0103 cu 25% p\u00e2n\u0103 la jum\u0103tatea lui septembrie - Covasna45\" \/>\n<meta property=\"og:description\" content=\"Motorina este una dintre componentele importante ale costurilor din transport, agricultur\u0103, construc\u021bii \u0219i distribu\u021bia de m\u0103rfuri.\" \/>\n<meta property=\"og:url\" content=\"https:\/\/covasna45.ro\/index.php\/lumea-noastra\/motorina-va-avea-acciza-redusa-cu-25-pana-la-jumatatea-lui-septembrie\/\" \/>\n<meta property=\"og:site_name\" content=\"Covasna45\" \/>\n<meta property=\"article:published_time\" content=\"2026-09-02T06:31:42+00:00\" \/>\n<meta property=\"article:modified_time\" content=\"2026-09-02T06:32:03+00:00\" \/>\n<meta property=\"og:image\" content=\"https:\/\/covasna45.ro\/wp-content\/uploads\/2026\/09\/Motorina.jpeg\" \/>\n\t<meta property=\"og:image:width\" content=\"869\" \/>\n\t<meta property=\"og:image:height\" content=\"579\" \/>\n\t<meta property=\"og:image:type\" content=\"image\/jpeg\" \/>\n<meta name=\"author\" content=\"Covasna45\" \/>\n<meta name=\"twitter:card\" content=\"summary_large_image\" \/>\n<meta name=\"twitter:label1\" content=\"Scris de\" \/>\n\t<meta name=\"twitter:data1\" content=\"Covasna45\" \/>\n\t<meta name=\"twitter:label2\" content=\"Timp estimat pentru citire\" \/>\n\t<meta name=\"twitter:data2\" content=\"2 minute\" \/>\n<script type=\"application\/ld+json\" class=\"yoast-schema-graph\">{\"@context\":\"https:\\\/\\\/schema.org\",\"@graph\":[{\"@type\":\"Article\",\"@id\":\"https:\\\/\\\/covasna45.ro\\\/index.php\\\/lumea-noastra\\\/motorina-va-avea-acciza-redusa-cu-25-pana-la-jumatatea-lui-septembrie\\\/#article\",\"isPartOf\":{\"@id\":\"https:\\\/\\\/covasna45.ro\\\/index.php\\\/lumea-noastra\\\/motorina-va-avea-acciza-redusa-cu-25-pana-la-jumatatea-lui-septembrie\\\/\"},\"author\":{\"name\":\"Covasna45\",\"@id\":\"https:\\\/\\\/covasna45.ro\\\/#\\\/schema\\\/person\\\/e674052bd7d95d70bbb007a1060ab73c\"},\"headline\":\"Motorina va avea acciza redus\u0103 cu 25% p\u00e2n\u0103 la jum\u0103tatea lui septembrie\",\"datePublished\":\"2026-09-02T06:31:42+00:00\",\"dateModified\":\"2026-09-02T06:32:03+00:00\",\"mainEntityOfPage\":{\"@id\":\"https:\\\/\\\/covasna45.ro\\\/index.php\\\/lumea-noastra\\\/motorina-va-avea-acciza-redusa-cu-25-pana-la-jumatatea-lui-septembrie\\\/\"},\"wordCount\":286,\"commentCount\":0,\"publisher\":{\"@id\":\"https:\\\/\\\/covasna45.ro\\\/#organization\"},\"image\":{\"@id\":\"https:\\\/\\\/covasna45.ro\\\/index.php\\\/lumea-noastra\\\/motorina-va-avea-acciza-redusa-cu-25-pana-la-jumatatea-lui-septembrie\\\/#primaryimage\"},\"thumbnailUrl\":\"https:\\\/\\\/covasna45.ro\\\/wp-content\\\/uploads\\\/2026\\\/09\\\/Motorina.jpeg\",\"keywords\":[\"Acciza\",\"motorina\",\"Pomp\u0103\",\"Pre\u021b\"],\"articleSection\":[\"Lumea noastr\u0103\"],\"inLanguage\":\"ro-RO\",\"potentialAction\":[{\"@type\":\"CommentAction\",\"name\":\"Comment\",\"target\":[\"https:\\\/\\\/covasna45.ro\\\/index.php\\\/lumea-noastra\\\/motorina-va-avea-acciza-redusa-cu-25-pana-la-jumatatea-lui-septembrie\\\/#respond\"]}]},{\"@type\":\"WebPage\",\"@id\":\"https:\\\/\\\/covasna45.ro\\\/index.php\\\/lumea-noastra\\\/motorina-va-avea-acciza-redusa-cu-25-pana-la-jumatatea-lui-septembrie\\\/\",\"url\":\"https:\\\/\\\/covasna45.ro\\\/index.php\\\/lumea-noastra\\\/motorina-va-avea-acciza-redusa-cu-25-pana-la-jumatatea-lui-septembrie\\\/\",\"name\":\"Motorina va avea acciza redus\u0103 cu 25% p\u00e2n\u0103 la jum\u0103tatea lui septembrie - Covasna45\",\"isPartOf\":{\"@id\":\"https:\\\/\\\/covasna45.ro\\\/#website\"},\"primaryImageOfPage\":{\"@id\":\"https:\\\/\\\/covasna45.ro\\\/index.php\\\/lumea-noastra\\\/motorina-va-avea-acciza-redusa-cu-25-pana-la-jumatatea-lui-septembrie\\\/#primaryimage\"},\"image\":{\"@id\":\"https:\\\/\\\/covasna45.ro\\\/index.php\\\/lumea-noastra\\\/motorina-va-avea-acciza-redusa-cu-25-pana-la-jumatatea-lui-septembrie\\\/#primaryimage\"},\"thumbnailUrl\":\"https:\\\/\\\/covasna45.ro\\\/wp-content\\\/uploads\\\/2026\\\/09\\\/Motorina.jpeg\",\"datePublished\":\"2026-09-02T06:31:42+00:00\",\"dateModified\":\"2026-09-02T06:32:03+00:00\",\"description\":\"Motorina este una dintre componentele importante ale costurilor din transport, agricultur\u0103, construc\u021bii \u0219i distribu\u021bia de m\u0103rfuri.\",\"breadcrumb\":{\"@id\":\"https:\\\/\\\/covasna45.ro\\\/index.php\\\/lumea-noastra\\\/motorina-va-avea-acciza-redusa-cu-25-pana-la-jumatatea-lui-septembrie\\\/#breadcrumb\"},\"inLanguage\":\"ro-RO\",\"potentialAction\":[{\"@type\":\"ReadAction\",\"target\":[\"https:\\\/\\\/covasna45.ro\\\/index.php\\\/lumea-noastra\\\/motorina-va-avea-acciza-redusa-cu-25-pana-la-jumatatea-lui-septembrie\\\/\"]}]},{\"@type\":\"ImageObject\",\"inLanguage\":\"ro-RO\",\"@id\":\"https:\\\/\\\/covasna45.ro\\\/index.php\\\/lumea-noastra\\\/motorina-va-avea-acciza-redusa-cu-25-pana-la-jumatatea-lui-septembrie\\\/#primaryimage\",\"url\":\"https:\\\/\\\/covasna45.ro\\\/wp-content\\\/uploads\\\/2026\\\/09\\\/Motorina.jpeg\",\"contentUrl\":\"https:\\\/\\\/covasna45.ro\\\/wp-content\\\/uploads\\\/2026\\\/09\\\/Motorina.jpeg\",\"width\":869,\"height\":579},{\"@type\":\"BreadcrumbList\",\"@id\":\"https:\\\/\\\/covasna45.ro\\\/index.php\\\/lumea-noastra\\\/motorina-va-avea-acciza-redusa-cu-25-pana-la-jumatatea-lui-septembrie\\\/#breadcrumb\",\"itemListElement\":[{\"@type\":\"ListItem\",\"position\":1,\"name\":\"Prima pagin\u0103\",\"item\":\"https:\\\/\\\/covasna45.ro\\\/\"},{\"@type\":\"ListItem\",\"position\":2,\"name\":\"Motorina va avea acciza redus\u0103 cu 25% p\u00e2n\u0103 la jum\u0103tatea lui septembrie\"}]},{\"@type\":\"WebSite\",\"@id\":\"https:\\\/\\\/covasna45.ro\\\/#website\",\"url\":\"https:\\\/\\\/covasna45.ro\\\/\",\"name\":\"covasna45.ro\",\"description\":\"\",\"publisher\":{\"@id\":\"https:\\\/\\\/covasna45.ro\\\/#organization\"},\"potentialAction\":[{\"@type\":\"SearchAction\",\"target\":{\"@type\":\"EntryPoint\",\"urlTemplate\":\"https:\\\/\\\/covasna45.ro\\\/?s={search_term_string}\"},\"query-input\":{\"@type\":\"PropertyValueSpecification\",\"valueRequired\":true,\"valueName\":\"search_term_string\"}}],\"inLanguage\":\"ro-RO\"},{\"@type\":\"Organization\",\"@id\":\"https:\\\/\\\/covasna45.ro\\\/#organization\",\"name\":\"covasna45.ro\",\"url\":\"https:\\\/\\\/covasna45.ro\\\/\",\"logo\":{\"@type\":\"ImageObject\",\"inLanguage\":\"ro-RO\",\"@id\":\"https:\\\/\\\/covasna45.ro\\\/#\\\/schema\\\/logo\\\/image\\\/\",\"url\":\"https:\\\/\\\/covasna45.ro\\\/wp-content\\\/uploads\\\/2023\\\/01\\\/icon_logo.png\",\"contentUrl\":\"https:\\\/\\\/covasna45.ro\\\/wp-content\\\/uploads\\\/2023\\\/01\\\/icon_logo.png\",\"width\":1900,\"height\":1900,\"caption\":\"covasna45.ro\"},\"image\":{\"@id\":\"https:\\\/\\\/covasna45.ro\\\/#\\\/schema\\\/logo\\\/image\\\/\"}},{\"@type\":\"Person\",\"@id\":\"https:\\\/\\\/covasna45.ro\\\/#\\\/schema\\\/person\\\/e674052bd7d95d70bbb007a1060ab73c\",\"name\":\"Covasna45\",\"image\":{\"@type\":\"ImageObject\",\"inLanguage\":\"ro-RO\",\"@id\":\"https:\\\/\\\/covasna45.ro\\\/wp-content\\\/uploads\\\/2025\\\/10\\\/icon_logo_covasna45-150x150.png\",\"url\":\"https:\\\/\\\/covasna45.ro\\\/wp-content\\\/uploads\\\/2025\\\/10\\\/icon_logo_covasna45-150x150.png\",\"contentUrl\":\"https:\\\/\\\/covasna45.ro\\\/wp-content\\\/uploads\\\/2025\\\/10\\\/icon_logo_covasna45-150x150.png\",\"caption\":\"Covasna45\"},\"sameAs\":[\"https:\\\/\\\/covasna45.ro\"],\"url\":\"https:\\\/\\\/covasna45.ro\\\/index.php\\\/author\\\/covasna\\\/\"}]}<\/script>\n<!-- \/ Yoast SEO plugin. -->","yoast_head_json":{"title":"Motorina va avea acciza redus\u0103 cu 25% p\u00e2n\u0103 la jum\u0103tatea lui septembrie - Covasna45","description":"Motorina este una dintre componentele importante ale costurilor din transport, agricultur\u0103, construc\u021bii \u0219i distribu\u021bia de m\u0103rfuri.","robots":{"index":"index","follow":"follow","max-snippet":"max-snippet:-1","max-image-preview":"max-image-preview:large","max-video-preview":"max-video-preview:-1"},"canonical":"https:\/\/covasna45.ro\/index.php\/lumea-noastra\/motorina-va-avea-acciza-redusa-cu-25-pana-la-jumatatea-lui-septembrie\/","og_locale":"ro_RO","og_type":"article","og_title":"Motorina va avea acciza redus\u0103 cu 25% p\u00e2n\u0103 la jum\u0103tatea lui septembrie - Covasna45","og_description":"Motorina este una dintre componentele importante ale costurilor din transport, agricultur\u0103, construc\u021bii \u0219i distribu\u021bia de m\u0103rfuri.","og_url":"https:\/\/covasna45.ro\/index.php\/lumea-noastra\/motorina-va-avea-acciza-redusa-cu-25-pana-la-jumatatea-lui-septembrie\/","og_site_name":"Covasna45","article_published_time":"2026-09-02T06:31:42+00:00","article_modified_time":"2026-09-02T06:32:03+00:00","og_image":[{"width":869,"height":579,"url":"https:\/\/covasna45.ro\/wp-content\/uploads\/2026\/09\/Motorina.jpeg","type":"image\/jpeg"}],"author":"Covasna45","twitter_card":"summary_large_image","twitter_misc":{"Scris de":"Covasna45","Timp estimat pentru citire":"2 minute"},"schema":{"@context":"https:\/\/schema.org","@graph":[{"@type":"Article","@id":"https:\/\/covasna45.ro\/index.php\/lumea-noastra\/motorina-va-avea-acciza-redusa-cu-25-pana-la-jumatatea-lui-septembrie\/#article","isPartOf":{"@id":"https:\/\/covasna45.ro\/index.php\/lumea-noastra\/motorina-va-avea-acciza-redusa-cu-25-pana-la-jumatatea-lui-septembrie\/"},"author":{"name":"Covasna45","@id":"https:\/\/covasna45.ro\/#\/schema\/person\/e674052bd7d95d70bbb007a1060ab73c"},"headline":"Motorina va avea acciza redus\u0103 cu 25% p\u00e2n\u0103 la jum\u0103tatea lui septembrie","datePublished":"2026-09-02T06:31:42+00:00","dateModified":"2026-09-02T06:32:03+00:00","mainEntityOfPage":{"@id":"https:\/\/covasna45.ro\/index.php\/lumea-noastra\/motorina-va-avea-acciza-redusa-cu-25-pana-la-jumatatea-lui-septembrie\/"},"wordCount":286,"commentCount":0,"publisher":{"@id":"https:\/\/covasna45.ro\/#organization"},"image":{"@id":"https:\/\/covasna45.ro\/index.php\/lumea-noastra\/motorina-va-avea-acciza-redusa-cu-25-pana-la-jumatatea-lui-septembrie\/#primaryimage"},"thumbnailUrl":"https:\/\/covasna45.ro\/wp-content\/uploads\/2026\/09\/Motorina.jpeg","keywords":["Acciza","motorina","Pomp\u0103","Pre\u021b"],"articleSection":["Lumea noastr\u0103"],"inLanguage":"ro-RO","potentialAction":[{"@type":"CommentAction","name":"Comment","target":["https:\/\/covasna45.ro\/index.php\/lumea-noastra\/motorina-va-avea-acciza-redusa-cu-25-pana-la-jumatatea-lui-septembrie\/#respond"]}]},{"@type":"WebPage","@id":"https:\/\/covasna45.ro\/index.php\/lumea-noastra\/motorina-va-avea-acciza-redusa-cu-25-pana-la-jumatatea-lui-septembrie\/","url":"https:\/\/covasna45.ro\/index.php\/lumea-noastra\/motorina-va-avea-acciza-redusa-cu-25-pana-la-jumatatea-lui-septembrie\/","name":"Motorina va avea acciza redus\u0103 cu 25% p\u00e2n\u0103 la jum\u0103tatea lui septembrie - Covasna45","isPartOf":{"@id":"https:\/\/covasna45.ro\/#website"},"primaryImageOfPage":{"@id":"https:\/\/covasna45.ro\/index.php\/lumea-noastra\/motorina-va-avea-acciza-redusa-cu-25-pana-la-jumatatea-lui-septembrie\/#primaryimage"},"image":{"@id":"https:\/\/covasna45.ro\/index.php\/lumea-noastra\/motorina-va-avea-acciza-redusa-cu-25-pana-la-jumatatea-lui-septembrie\/#primaryimage"},"thumbnailUrl":"https:\/\/covasna45.ro\/wp-content\/uploads\/2026\/09\/Motorina.jpeg","datePublished":"2026-09-02T06:31:42+00:00","dateModified":"2026-09-02T06:32:03+00:00","description":"Motorina este una dintre componentele importante ale costurilor din transport, agricultur\u0103, construc\u021bii \u0219i distribu\u021bia de m\u0103rfuri.","breadcrumb":{"@id":"https:\/\/covasna45.ro\/index.php\/lumea-noastra\/motorina-va-avea-acciza-redusa-cu-25-pana-la-jumatatea-lui-septembrie\/#breadcrumb"},"inLanguage":"ro-RO","potentialAction":[{"@type":"ReadAction","target":["https:\/\/covasna45.ro\/index.php\/lumea-noastra\/motorina-va-avea-acciza-redusa-cu-25-pana-la-jumatatea-lui-septembrie\/"]}]},{"@type":"ImageObject","inLanguage":"ro-RO","@id":"https:\/\/covasna45.ro\/index.php\/lumea-noastra\/motorina-va-avea-acciza-redusa-cu-25-pana-la-jumatatea-lui-septembrie\/#primaryimage","url":"https:\/\/covasna45.ro\/wp-content\/uploads\/2026\/09\/Motorina.jpeg","contentUrl":"https:\/\/covasna45.ro\/wp-content\/uploads\/2026\/09\/Motorina.jpeg","width":869,"height":579},{"@type":"BreadcrumbList","@id":"https:\/\/covasna45.ro\/index.php\/lumea-noastra\/motorina-va-avea-acciza-redusa-cu-25-pana-la-jumatatea-lui-septembrie\/#breadcrumb","itemListElement":[{"@type":"ListItem","position":1,"name":"Prima pagin\u0103","item":"https:\/\/covasna45.ro\/"},{"@type":"ListItem","position":2,"name":"Motorina va avea acciza redus\u0103 cu 25% p\u00e2n\u0103 la jum\u0103tatea lui septembrie"}]},{"@type":"WebSite","@id":"https:\/\/covasna45.ro\/#website","url":"https:\/\/covasna45.ro\/","name":"covasna45.ro","description":"","publisher":{"@id":"https:\/\/covasna45.ro\/#organization"},"potentialAction":[{"@type":"SearchAction","target":{"@type":"EntryPoint","urlTemplate":"https:\/\/covasna45.ro\/?s={search_term_string}"},"query-input":{"@type":"PropertyValueSpecification","valueRequired":true,"valueName":"search_term_string"}}],"inLanguage":"ro-RO"},{"@type":"Organization","@id":"https:\/\/covasna45.ro\/#organization","name":"covasna45.ro","url":"https:\/\/covasna45.ro\/","logo":{"@type":"ImageObject","inLanguage":"ro-RO","@id":"https:\/\/covasna45.ro\/#\/schema\/logo\/image\/","url":"https:\/\/covasna45.ro\/wp-content\/uploads\/2023\/01\/icon_logo.png","contentUrl":"https:\/\/covasna45.ro\/wp-content\/uploads\/2023\/01\/icon_logo.png","width":1900,"height":1900,"caption":"covasna45.ro"},"image":{"@id":"https:\/\/covasna45.ro\/#\/schema\/logo\/image\/"}},{"@type":"Person","@id":"https:\/\/covasna45.ro\/#\/schema\/person\/e674052bd7d95d70bbb007a1060ab73c","name":"Covasna45","image":{"@type":"ImageObject","inLanguage":"ro-RO","@id":"https:\/\/covasna45.ro\/wp-content\/uploads\/2025\/10\/icon_logo_covasna45-150x150.png","url":"https:\/\/covasna45.ro\/wp-content\/uploads\/2025\/10\/icon_logo_covasna45-150x150.png","contentUrl":"https:\/\/covasna45.ro\/wp-content\/uploads\/2025\/10\/icon_logo_covasna45-150x150.png","caption":"Covasna45"},"sameAs":["https:\/\/covasna45.ro"],"url":"https:\/\/covasna45.ro\/index.php\/author\/covasna\/"}]}},"amp_enabled":true,"_links":{"self":[{"href":"https:\/\/covasna45.ro\/index.php\/wp-json\/wp\/v2\/posts\/18304","targetHints":{"allow":["GET"]}}],"collection":[{"href":"https:\/\/covasna45.ro\/index.php\/wp-json\/wp\/v2\/posts"}],"about":[{"href":"https:\/\/covasna45.ro\/index.php\/wp-json\/wp\/v2\/types\/post"}],"author":[{"embeddable":true,"href":"https:\/\/covasna45.ro\/index.php\/wp-json\/wp\/v2\/users\/1"}],"replies":[{"embeddable":true,"href":"https:\/\/covasna45.ro\/index.php\/wp-json\/wp\/v2\/comments?post=18304"}],"version-history":[{"count":1,"href":"https:\/\/covasna45.ro\/index.php\/wp-json\/wp\/v2\/posts\/18304\/revisions"}],"predecessor-version":[{"id":18306,"href":"https:\/\/covasna45.ro\/index.php\/wp-json\/wp\/v2\/posts\/18304\/revisions\/18306"}],"wp:featuredmedia":[{"embeddable":true,"href":"https:\/\/covasna45.ro\/index.php\/wp-json\/wp\/v2\/media\/18305"}],"wp:attachment":[{"href":"https:\/\/covasna45.ro\/index.php\/wp-json\/wp\/v2\/media?parent=18304"}],"wp:term":[{"taxonomy":"category","embeddable":true,"href":"https:\/\/covasna45.ro\/index.php\/wp-json\/wp\/v2\/categories?post=18304"},{"taxonomy":"post_tag","embeddable":true,"href":"https:\/\/covasna45.ro\/index.php\/wp-json\/wp\/v2\/tags?post=18304"}],"curies":[{"name":"wp","href":"https:\/\/api.w.org\/{rel}","templated":true}]}}