{"id":18307,"date":"2026-09-02T08:45:50","date_gmt":"2026-09-02T06:45:50","guid":{"rendered":"https:\/\/covasna45.ro\/?p=18307"},"modified":"2026-09-02T08:45:51","modified_gmt":"2026-09-02T06:45:51","slug":"federatia-silva-a-sesizat-csat-reorganizarea-romsilva-risca-sa-blocheze-regia-si-pune-in-pericol-padurile-statului","status":"publish","type":"post","link":"https:\/\/covasna45.ro\/index.php\/lumea-noastra\/federatia-silva-a-sesizat-csat-reorganizarea-romsilva-risca-sa-blocheze-regia-si-pune-in-pericol-padurile-statului\/","title":{"rendered":"Federa\u021bia SILVA a sesizat CSAT: reorganizarea Romsilva risc\u0103 s\u0103 blocheze regia \u0219i pune \u00een pericol p\u0103durile statului"},"content":{"rendered":"\n<p class=\"wp-block-paragraph\">Federa\u021bia Sindicatelor din Silvicultur\u0103 <a href=\"https:\/\/covasna45.ro\/index.php\/lumea-noastra\/reforma-romsilva-a-ajuns-la-dusuri-doamna-ministru-opriti-denigrarea-silvicultorilor\/\">SILVA<\/a> a sesizat oficial Consiliul Suprem de Ap\u0103rare a \u021a\u0103rii, a cerut suspendarea implement\u0103rii reorganiz\u0103rii Regiei Na\u021bionale a P\u0103durilor \u2013 Romsilva \u0219i reevaluarea de urgen\u021b\u0103 a HG nr. 123\/2026.<\/p>\n\n\n\n<h2 class=\"wp-block-heading\">Red\u0103m comunicatul transmis de Federa\u021bie:<\/h2>\n\n\n\n<p class=\"wp-block-paragraph\">Federa\u021bia Sindicatelor din Silvicultur\u0103 SILVA a sesizat oficial Consiliul Suprem de Ap\u0103rare a \u021a\u0103rii, a cerut suspendarea implement\u0103rii reorganiz\u0103rii Regiei Na\u021bionale a P\u0103durilor \u2013 Romsilva \u0219i reevaluarea de urgen\u021b\u0103 a HG nr. 123\/2026.<\/p>\n\n\n\n<p class=\"wp-block-paragraph\">Ministerul Mediului, Apelor \u0219i P\u0103durilor a impus prin HG nr. 123\/2026 reorganizarea Romsilva \u00een 19 direc\u021bii silvice regionale. A promovat cu insisten\u021b\u0103 acest proiect, \u00een paralel cu o neobosit\u0103 campanie de denigrare a Romsilva \u0219i a silvicultorilor rom\u00e2ni.<\/p>\n\n\n\n<p class=\"wp-block-paragraph\">Dar conducerea MMAP nu a prezentat nicio analiz\u0103 profesional\u0103 care s\u0103 fi stat la baza acestei formule de reorganizare. Nu se \u0219tie cine semneaz\u0103 din punct de vedere tehnic proiectul. Nu a fost prezentat\u0103 nicio evaluare de impact economic, social sau func\u021bional care s\u0103 demonstreze c\u0103 structura aleas\u0103 este cea corect\u0103.<\/p>\n\n\n\n<p class=\"wp-block-paragraph\">Mai mult, decizia a fost luat\u0103 \u00een grab\u0103, \u00eenainte de finalizarea auditului organiza\u021bional independent al Romsilva. Un audit despre care conducerea MMAP fusese informat\u0103 din timp.<\/p>\n\n\n\n<h2 class=\"wp-block-heading\"><strong>Acum auditul exist\u0103, iar concluziile lui contrazic flagrant solu\u021bia impus\u0103 de minister.<\/strong><\/h2>\n\n\n\n<p class=\"wp-block-paragraph\">\u00cen cadrul procesului de audit, au fost analizate \u0219apte scenarii, pe baza a 14 criterii economice, teritoriale, de guvernan\u021b\u0103 \u0219i de mediu. Solu\u021bia rezultat\u0103 ca optim\u0103 este organizarea Romsilva \u00een 26 de direc\u021bii regionale.<\/p>\n\n\n\n<p class=\"wp-block-paragraph\">Guvernul a stabilit 19 direc\u021bii f\u0103r\u0103 s\u0103 prezinte vreo fundamentare a acestei cifre. Auditul indic\u0103 26. Aceasta este o realitate pe care conducerea MMAP nu o poate ocoli \u0219i pentru care este r\u0103spunz\u0103toare. \u0218i pe care ar fi fost normal s\u0103 o explice.<\/p>\n\n\n\n<p class=\"wp-block-paragraph\">\u00cen aceste condi\u021bii, insisten\u021ba cu care este for\u021bat\u0103 \u00een continuare reorganizarea regiei, de\u0219i exist\u0103 acum argumente profesionale pentru oprirea \u0219i reevaluarea ei, ridic\u0103 o serie de \u00eentreb\u0103ri.<\/p>\n\n\n\n<p class=\"wp-block-paragraph\">De ce trebuie reorganizat\u0103 Romsilva cu orice pre\u021b \u0219i \u00eentr-un timp at\u00e2t de scurt? De ce este ignorat\u0103 analiza profesional\u0103 care arat\u0103 c\u0103 solu\u021bia aleas\u0103 este gre\u0219it\u0103?<\/p>\n\n\n\n<h2 class=\"wp-block-heading\">Este doar amatorism administrativ? Incompeten\u021b\u0103? Sau exist\u0103 alte obiective ale acestei \u201ereorganiz\u0103ri\u201d, obiective care nu au fost prezentate public?<\/h2>\n\n\n\n<p class=\"wp-block-paragraph\">Se preg\u0103te\u0219te, prin sl\u0103birea actualului administrator, o schimbare fundamental\u0103 a sistemului de administrare a p\u0103durilor proprietate public\u0103? Se urm\u0103re\u0219te transferarea unor atribu\u021bii de administrare c\u0103tre alte structuri? C\u0103tre cine? Cum?<\/p>\n\n\n\n<p class=\"wp-block-paragraph\">Conduita autorit\u0103\u021bii, absen\u021ba unei fundament\u0103ri profesionale prezentate public \u0219i refuzul de a opri procesul pentru a-l reevalua \u00een lumina auditului independent fac ca toate aceste \u00eentreb\u0103ri s\u0103 fie legitime.<\/p>\n\n\n\n<p class=\"wp-block-paragraph\">Spre deosebire de conducerea MMAP, silvicultorii cunosc p\u0103durea. Cunosc structurile care o administreaz\u0103. \u0218tiu ce \u00eenseamn\u0103 \u00een teren ruperea unor leg\u0103turi func\u021bionale construite \u00een zeci de ani \u0219i crearea unor structuri regionale supradimensionate.<\/p>\n\n\n\n<p class=\"wp-block-paragraph\">Federa\u021bia SILVA a avertizat \u00een repetate r\u00e2nduri asupra riscurilor acestei reorganiz\u0103ri \u00eenainte ca ele s\u0103 fie confirmate de audit.<\/p>\n\n\n\n<p class=\"wp-block-paragraph\">Legea nr. 51\/1991 privind securitatea na\u021bional\u0103 include \u00eentre amenin\u021b\u0103rile la adresa securit\u0103\u021bii na\u021bionale ac\u021biunile sau inac\u021biunile care pot conduce la periclitarea, degradarea ori distrugerea resurselor naturale \u0219i a fondului forestier.<\/p>\n\n\n\n<h2 class=\"wp-block-heading\"><strong>Acesta sunt motivele pentru care Federa\u021bia SILVA a sesizat CSAT.<\/strong><\/h2>\n\n\n\n<p class=\"wp-block-paragraph\">Noi, silvicultorii, ne-am f\u0103cut datoria. Am identificat erorile. Am avertizat. Am argumentat. Am cerut oprirea procesului \u00eenainte ca efectele sale s\u0103 devin\u0103 greu sau imposibil de corectat.<\/p>\n\n\n\n<p class=\"wp-block-paragraph\">Din acest moment, nimeni dintre cei care decid continuarea reorganiz\u0103rii nu mai poate spune c\u0103 nu a \u0219tiut.<\/p>\n\n\n\n<p class=\"wp-block-paragraph\">Dac\u0103, \u00een ciuda tuturor avertismentelor \u0219i a concluziilor auditului, reorganizarea va fi dus\u0103 mai departe \u00een forma actual\u0103, r\u0103spunderea pentru consecin\u021be trebuie s\u0103 apar\u021bin\u0103 celor care au luat \u0219i au men\u021binut aceast\u0103 decizie.<\/p>\n\n\n\n<p class=\"wp-block-paragraph\">Func\u021biile sunt vremelnice. \u00cens\u0103 r\u0103spunderea pentru deciziile luate \u00een exercitarea lor nu dispare o dat\u0103 cu plecarea din func\u021bie. Cei care decid ast\u0103zi s\u0103 mearg\u0103 \u00eenainte trebuie s\u0103 \u0219tie c\u0103 nu pot pune \u00een pericol&nbsp; administrarea p\u0103durilor statului, iar apoi s\u0103 considere subiectul \u00eenchis o dat\u0103 cu \u00eencheierea mandatului.<\/p>\n\n\n\n<p class=\"wp-block-paragraph\">P\u0103durile statului sunt o resurs\u0103 strategic\u0103 a Rom\u00e2niei. Cine \u00ee\u0219i asum\u0103 continuarea\u00a0 acestei reorganiz\u0103ri \u00ee\u0219i asum\u0103, p\u00e2n\u0103 la cap\u0103t, \u0219i r\u0103spunderea pentru efectele ei\u201d, se arat\u0103 \u00een comunicatul semnat de Silviu Gean\u0103, liderul Federa\u021biei SILVA.<\/p>\n","protected":false},"excerpt":{"rendered":"<p>Federa\u021bia Sindicatelor din Silvicultur\u0103 SILVA a sesizat oficial Consiliul Suprem de Ap\u0103rare a \u021a\u0103rii, a cerut suspendarea implement\u0103rii reorganiz\u0103rii Regiei Na\u021bionale a P\u0103durilor \u2013 Romsilva \u0219i reevaluarea de urgen\u021b\u0103 a HG nr. 123\/2026. Red\u0103m comunicatul transmis de Federa\u021bie: Federa\u021bia Sindicatelor din Silvicultur\u0103 SILVA a sesizat oficial Consiliul Suprem de Ap\u0103rare a \u021a\u0103rii, a cerut suspendarea [&hellip;]<\/p>\n","protected":false},"author":1,"featured_media":15816,"comment_status":"open","ping_status":"closed","sticky":false,"template":"","format":"standard","meta":{"tdm_status":"","tdm_grid_status":"","footnotes":""},"categories":[14],"tags":[3550,2818],"class_list":["post-18307","post","type-post","status-publish","format-standard","has-post-thumbnail","category-lumea-noastra","tag-federatia-silva","tag-romsilva"],"yoast_head":"<!-- This site is optimized with the Yoast SEO plugin v28.4 - https:\/\/yoast.com\/product\/yoast-seo-wordpress\/ -->\n<title>Federa\u021bia SILVA a sesizat CSAT: reorganizarea Romsilva risc\u0103 s\u0103 blocheze regia \u0219i pune \u00een pericol p\u0103durile statului - Covasna45<\/title>\n<meta name=\"description\" content=\"Federa\u021bia SILVA a sesizat CSAT: reorganizarea Romsilva risc\u0103 s\u0103 blocheze regia \u0219i pune \u00een pericol p\u0103durile statului.\" \/>\n<meta name=\"robots\" content=\"index, follow, max-snippet:-1, max-image-preview:large, max-video-preview:-1\" \/>\n<link rel=\"canonical\" href=\"https:\/\/covasna45.ro\/index.php\/lumea-noastra\/federatia-silva-a-sesizat-csat-reorganizarea-romsilva-risca-sa-blocheze-regia-si-pune-in-pericol-padurile-statului\/\" \/>\n<meta property=\"og:locale\" content=\"ro_RO\" \/>\n<meta property=\"og:type\" content=\"article\" \/>\n<meta property=\"og:title\" content=\"Federa\u021bia SILVA a sesizat CSAT: reorganizarea Romsilva risc\u0103 s\u0103 blocheze regia \u0219i pune \u00een pericol p\u0103durile statului - Covasna45\" \/>\n<meta property=\"og:description\" content=\"Federa\u021bia SILVA a sesizat CSAT: reorganizarea Romsilva risc\u0103 s\u0103 blocheze regia \u0219i pune \u00een pericol p\u0103durile statului.\" \/>\n<meta property=\"og:url\" content=\"https:\/\/covasna45.ro\/index.php\/lumea-noastra\/federatia-silva-a-sesizat-csat-reorganizarea-romsilva-risca-sa-blocheze-regia-si-pune-in-pericol-padurile-statului\/\" \/>\n<meta property=\"og:site_name\" content=\"Covasna45\" \/>\n<meta property=\"article:published_time\" content=\"2026-09-02T06:45:50+00:00\" \/>\n<meta property=\"article:modified_time\" content=\"2026-09-02T06:45:51+00:00\" \/>\n<meta property=\"og:image\" content=\"https:\/\/covasna45.ro\/wp-content\/uploads\/2026\/04\/silva-protest-3-1536x1024-1.jpg\" \/>\n\t<meta property=\"og:image:width\" content=\"1536\" \/>\n\t<meta property=\"og:image:height\" content=\"1024\" \/>\n\t<meta property=\"og:image:type\" content=\"image\/jpeg\" \/>\n<meta name=\"author\" content=\"Covasna45\" \/>\n<meta name=\"twitter:card\" content=\"summary_large_image\" \/>\n<meta name=\"twitter:label1\" content=\"Scris de\" \/>\n\t<meta name=\"twitter:data1\" content=\"Covasna45\" \/>\n\t<meta name=\"twitter:label2\" content=\"Timp estimat pentru citire\" \/>\n\t<meta name=\"twitter:data2\" content=\"4 minute\" \/>\n<script type=\"application\/ld+json\" class=\"yoast-schema-graph\">{\"@context\":\"https:\\\/\\\/schema.org\",\"@graph\":[{\"@type\":\"Article\",\"@id\":\"https:\\\/\\\/covasna45.ro\\\/index.php\\\/lumea-noastra\\\/federatia-silva-a-sesizat-csat-reorganizarea-romsilva-risca-sa-blocheze-regia-si-pune-in-pericol-padurile-statului\\\/#article\",\"isPartOf\":{\"@id\":\"https:\\\/\\\/covasna45.ro\\\/index.php\\\/lumea-noastra\\\/federatia-silva-a-sesizat-csat-reorganizarea-romsilva-risca-sa-blocheze-regia-si-pune-in-pericol-padurile-statului\\\/\"},\"author\":{\"name\":\"Covasna45\",\"@id\":\"https:\\\/\\\/covasna45.ro\\\/#\\\/schema\\\/person\\\/e674052bd7d95d70bbb007a1060ab73c\"},\"headline\":\"Federa\u021bia SILVA a sesizat CSAT: reorganizarea Romsilva risc\u0103 s\u0103 blocheze regia \u0219i pune \u00een pericol p\u0103durile statului\",\"datePublished\":\"2026-09-02T06:45:50+00:00\",\"dateModified\":\"2026-09-02T06:45:51+00:00\",\"mainEntityOfPage\":{\"@id\":\"https:\\\/\\\/covasna45.ro\\\/index.php\\\/lumea-noastra\\\/federatia-silva-a-sesizat-csat-reorganizarea-romsilva-risca-sa-blocheze-regia-si-pune-in-pericol-padurile-statului\\\/\"},\"wordCount\":749,\"commentCount\":0,\"publisher\":{\"@id\":\"https:\\\/\\\/covasna45.ro\\\/#organization\"},\"image\":{\"@id\":\"https:\\\/\\\/covasna45.ro\\\/index.php\\\/lumea-noastra\\\/federatia-silva-a-sesizat-csat-reorganizarea-romsilva-risca-sa-blocheze-regia-si-pune-in-pericol-padurile-statului\\\/#primaryimage\"},\"thumbnailUrl\":\"https:\\\/\\\/covasna45.ro\\\/wp-content\\\/uploads\\\/2026\\\/04\\\/silva-protest-3-1536x1024-1.jpg\",\"keywords\":[\"Federa\u021bia Silva\",\"romsilva\"],\"articleSection\":[\"Lumea noastr\u0103\"],\"inLanguage\":\"ro-RO\",\"potentialAction\":[{\"@type\":\"CommentAction\",\"name\":\"Comment\",\"target\":[\"https:\\\/\\\/covasna45.ro\\\/index.php\\\/lumea-noastra\\\/federatia-silva-a-sesizat-csat-reorganizarea-romsilva-risca-sa-blocheze-regia-si-pune-in-pericol-padurile-statului\\\/#respond\"]}]},{\"@type\":\"WebPage\",\"@id\":\"https:\\\/\\\/covasna45.ro\\\/index.php\\\/lumea-noastra\\\/federatia-silva-a-sesizat-csat-reorganizarea-romsilva-risca-sa-blocheze-regia-si-pune-in-pericol-padurile-statului\\\/\",\"url\":\"https:\\\/\\\/covasna45.ro\\\/index.php\\\/lumea-noastra\\\/federatia-silva-a-sesizat-csat-reorganizarea-romsilva-risca-sa-blocheze-regia-si-pune-in-pericol-padurile-statului\\\/\",\"name\":\"Federa\u021bia SILVA a sesizat CSAT: reorganizarea Romsilva risc\u0103 s\u0103 blocheze regia \u0219i pune \u00een pericol p\u0103durile statului - Covasna45\",\"isPartOf\":{\"@id\":\"https:\\\/\\\/covasna45.ro\\\/#website\"},\"primaryImageOfPage\":{\"@id\":\"https:\\\/\\\/covasna45.ro\\\/index.php\\\/lumea-noastra\\\/federatia-silva-a-sesizat-csat-reorganizarea-romsilva-risca-sa-blocheze-regia-si-pune-in-pericol-padurile-statului\\\/#primaryimage\"},\"image\":{\"@id\":\"https:\\\/\\\/covasna45.ro\\\/index.php\\\/lumea-noastra\\\/federatia-silva-a-sesizat-csat-reorganizarea-romsilva-risca-sa-blocheze-regia-si-pune-in-pericol-padurile-statului\\\/#primaryimage\"},\"thumbnailUrl\":\"https:\\\/\\\/covasna45.ro\\\/wp-content\\\/uploads\\\/2026\\\/04\\\/silva-protest-3-1536x1024-1.jpg\",\"datePublished\":\"2026-09-02T06:45:50+00:00\",\"dateModified\":\"2026-09-02T06:45:51+00:00\",\"description\":\"Federa\u021bia SILVA a sesizat CSAT: reorganizarea Romsilva risc\u0103 s\u0103 blocheze regia \u0219i pune \u00een pericol p\u0103durile statului.\",\"breadcrumb\":{\"@id\":\"https:\\\/\\\/covasna45.ro\\\/index.php\\\/lumea-noastra\\\/federatia-silva-a-sesizat-csat-reorganizarea-romsilva-risca-sa-blocheze-regia-si-pune-in-pericol-padurile-statului\\\/#breadcrumb\"},\"inLanguage\":\"ro-RO\",\"potentialAction\":[{\"@type\":\"ReadAction\",\"target\":[\"https:\\\/\\\/covasna45.ro\\\/index.php\\\/lumea-noastra\\\/federatia-silva-a-sesizat-csat-reorganizarea-romsilva-risca-sa-blocheze-regia-si-pune-in-pericol-padurile-statului\\\/\"]}]},{\"@type\":\"ImageObject\",\"inLanguage\":\"ro-RO\",\"@id\":\"https:\\\/\\\/covasna45.ro\\\/index.php\\\/lumea-noastra\\\/federatia-silva-a-sesizat-csat-reorganizarea-romsilva-risca-sa-blocheze-regia-si-pune-in-pericol-padurile-statului\\\/#primaryimage\",\"url\":\"https:\\\/\\\/covasna45.ro\\\/wp-content\\\/uploads\\\/2026\\\/04\\\/silva-protest-3-1536x1024-1.jpg\",\"contentUrl\":\"https:\\\/\\\/covasna45.ro\\\/wp-content\\\/uploads\\\/2026\\\/04\\\/silva-protest-3-1536x1024-1.jpg\",\"width\":1536,\"height\":1024},{\"@type\":\"BreadcrumbList\",\"@id\":\"https:\\\/\\\/covasna45.ro\\\/index.php\\\/lumea-noastra\\\/federatia-silva-a-sesizat-csat-reorganizarea-romsilva-risca-sa-blocheze-regia-si-pune-in-pericol-padurile-statului\\\/#breadcrumb\",\"itemListElement\":[{\"@type\":\"ListItem\",\"position\":1,\"name\":\"Prima pagin\u0103\",\"item\":\"https:\\\/\\\/covasna45.ro\\\/\"},{\"@type\":\"ListItem\",\"position\":2,\"name\":\"Federa\u021bia SILVA a sesizat CSAT: reorganizarea Romsilva risc\u0103 s\u0103 blocheze regia \u0219i pune \u00een pericol p\u0103durile statului\"}]},{\"@type\":\"WebSite\",\"@id\":\"https:\\\/\\\/covasna45.ro\\\/#website\",\"url\":\"https:\\\/\\\/covasna45.ro\\\/\",\"name\":\"covasna45.ro\",\"description\":\"\",\"publisher\":{\"@id\":\"https:\\\/\\\/covasna45.ro\\\/#organization\"},\"potentialAction\":[{\"@type\":\"SearchAction\",\"target\":{\"@type\":\"EntryPoint\",\"urlTemplate\":\"https:\\\/\\\/covasna45.ro\\\/?s={search_term_string}\"},\"query-input\":{\"@type\":\"PropertyValueSpecification\",\"valueRequired\":true,\"valueName\":\"search_term_string\"}}],\"inLanguage\":\"ro-RO\"},{\"@type\":\"Organization\",\"@id\":\"https:\\\/\\\/covasna45.ro\\\/#organization\",\"name\":\"covasna45.ro\",\"url\":\"https:\\\/\\\/covasna45.ro\\\/\",\"logo\":{\"@type\":\"ImageObject\",\"inLanguage\":\"ro-RO\",\"@id\":\"https:\\\/\\\/covasna45.ro\\\/#\\\/schema\\\/logo\\\/image\\\/\",\"url\":\"https:\\\/\\\/covasna45.ro\\\/wp-content\\\/uploads\\\/2023\\\/01\\\/icon_logo.png\",\"contentUrl\":\"https:\\\/\\\/covasna45.ro\\\/wp-content\\\/uploads\\\/2023\\\/01\\\/icon_logo.png\",\"width\":1900,\"height\":1900,\"caption\":\"covasna45.ro\"},\"image\":{\"@id\":\"https:\\\/\\\/covasna45.ro\\\/#\\\/schema\\\/logo\\\/image\\\/\"}},{\"@type\":\"Person\",\"@id\":\"https:\\\/\\\/covasna45.ro\\\/#\\\/schema\\\/person\\\/e674052bd7d95d70bbb007a1060ab73c\",\"name\":\"Covasna45\",\"image\":{\"@type\":\"ImageObject\",\"inLanguage\":\"ro-RO\",\"@id\":\"https:\\\/\\\/covasna45.ro\\\/wp-content\\\/uploads\\\/2025\\\/10\\\/icon_logo_covasna45-150x150.png\",\"url\":\"https:\\\/\\\/covasna45.ro\\\/wp-content\\\/uploads\\\/2025\\\/10\\\/icon_logo_covasna45-150x150.png\",\"contentUrl\":\"https:\\\/\\\/covasna45.ro\\\/wp-content\\\/uploads\\\/2025\\\/10\\\/icon_logo_covasna45-150x150.png\",\"caption\":\"Covasna45\"},\"sameAs\":[\"https:\\\/\\\/covasna45.ro\"],\"url\":\"https:\\\/\\\/covasna45.ro\\\/index.php\\\/author\\\/covasna\\\/\"}]}<\/script>\n<!-- \/ Yoast SEO plugin. -->","yoast_head_json":{"title":"Federa\u021bia SILVA a sesizat CSAT: reorganizarea Romsilva risc\u0103 s\u0103 blocheze regia \u0219i pune \u00een pericol p\u0103durile statului - Covasna45","description":"Federa\u021bia SILVA a sesizat CSAT: reorganizarea Romsilva risc\u0103 s\u0103 blocheze regia \u0219i pune \u00een pericol p\u0103durile statului.","robots":{"index":"index","follow":"follow","max-snippet":"max-snippet:-1","max-image-preview":"max-image-preview:large","max-video-preview":"max-video-preview:-1"},"canonical":"https:\/\/covasna45.ro\/index.php\/lumea-noastra\/federatia-silva-a-sesizat-csat-reorganizarea-romsilva-risca-sa-blocheze-regia-si-pune-in-pericol-padurile-statului\/","og_locale":"ro_RO","og_type":"article","og_title":"Federa\u021bia SILVA a sesizat CSAT: reorganizarea Romsilva risc\u0103 s\u0103 blocheze regia \u0219i pune \u00een pericol p\u0103durile statului - Covasna45","og_description":"Federa\u021bia SILVA a sesizat CSAT: reorganizarea Romsilva risc\u0103 s\u0103 blocheze regia \u0219i pune \u00een pericol p\u0103durile statului.","og_url":"https:\/\/covasna45.ro\/index.php\/lumea-noastra\/federatia-silva-a-sesizat-csat-reorganizarea-romsilva-risca-sa-blocheze-regia-si-pune-in-pericol-padurile-statului\/","og_site_name":"Covasna45","article_published_time":"2026-09-02T06:45:50+00:00","article_modified_time":"2026-09-02T06:45:51+00:00","og_image":[{"width":1536,"height":1024,"url":"https:\/\/covasna45.ro\/wp-content\/uploads\/2026\/04\/silva-protest-3-1536x1024-1.jpg","type":"image\/jpeg"}],"author":"Covasna45","twitter_card":"summary_large_image","twitter_misc":{"Scris de":"Covasna45","Timp estimat pentru citire":"4 minute"},"schema":{"@context":"https:\/\/schema.org","@graph":[{"@type":"Article","@id":"https:\/\/covasna45.ro\/index.php\/lumea-noastra\/federatia-silva-a-sesizat-csat-reorganizarea-romsilva-risca-sa-blocheze-regia-si-pune-in-pericol-padurile-statului\/#article","isPartOf":{"@id":"https:\/\/covasna45.ro\/index.php\/lumea-noastra\/federatia-silva-a-sesizat-csat-reorganizarea-romsilva-risca-sa-blocheze-regia-si-pune-in-pericol-padurile-statului\/"},"author":{"name":"Covasna45","@id":"https:\/\/covasna45.ro\/#\/schema\/person\/e674052bd7d95d70bbb007a1060ab73c"},"headline":"Federa\u021bia SILVA a sesizat CSAT: reorganizarea Romsilva risc\u0103 s\u0103 blocheze regia \u0219i pune \u00een pericol p\u0103durile statului","datePublished":"2026-09-02T06:45:50+00:00","dateModified":"2026-09-02T06:45:51+00:00","mainEntityOfPage":{"@id":"https:\/\/covasna45.ro\/index.php\/lumea-noastra\/federatia-silva-a-sesizat-csat-reorganizarea-romsilva-risca-sa-blocheze-regia-si-pune-in-pericol-padurile-statului\/"},"wordCount":749,"commentCount":0,"publisher":{"@id":"https:\/\/covasna45.ro\/#organization"},"image":{"@id":"https:\/\/covasna45.ro\/index.php\/lumea-noastra\/federatia-silva-a-sesizat-csat-reorganizarea-romsilva-risca-sa-blocheze-regia-si-pune-in-pericol-padurile-statului\/#primaryimage"},"thumbnailUrl":"https:\/\/covasna45.ro\/wp-content\/uploads\/2026\/04\/silva-protest-3-1536x1024-1.jpg","keywords":["Federa\u021bia Silva","romsilva"],"articleSection":["Lumea noastr\u0103"],"inLanguage":"ro-RO","potentialAction":[{"@type":"CommentAction","name":"Comment","target":["https:\/\/covasna45.ro\/index.php\/lumea-noastra\/federatia-silva-a-sesizat-csat-reorganizarea-romsilva-risca-sa-blocheze-regia-si-pune-in-pericol-padurile-statului\/#respond"]}]},{"@type":"WebPage","@id":"https:\/\/covasna45.ro\/index.php\/lumea-noastra\/federatia-silva-a-sesizat-csat-reorganizarea-romsilva-risca-sa-blocheze-regia-si-pune-in-pericol-padurile-statului\/","url":"https:\/\/covasna45.ro\/index.php\/lumea-noastra\/federatia-silva-a-sesizat-csat-reorganizarea-romsilva-risca-sa-blocheze-regia-si-pune-in-pericol-padurile-statului\/","name":"Federa\u021bia SILVA a sesizat CSAT: reorganizarea Romsilva risc\u0103 s\u0103 blocheze regia \u0219i pune \u00een pericol p\u0103durile statului - Covasna45","isPartOf":{"@id":"https:\/\/covasna45.ro\/#website"},"primaryImageOfPage":{"@id":"https:\/\/covasna45.ro\/index.php\/lumea-noastra\/federatia-silva-a-sesizat-csat-reorganizarea-romsilva-risca-sa-blocheze-regia-si-pune-in-pericol-padurile-statului\/#primaryimage"},"image":{"@id":"https:\/\/covasna45.ro\/index.php\/lumea-noastra\/federatia-silva-a-sesizat-csat-reorganizarea-romsilva-risca-sa-blocheze-regia-si-pune-in-pericol-padurile-statului\/#primaryimage"},"thumbnailUrl":"https:\/\/covasna45.ro\/wp-content\/uploads\/2026\/04\/silva-protest-3-1536x1024-1.jpg","datePublished":"2026-09-02T06:45:50+00:00","dateModified":"2026-09-02T06:45:51+00:00","description":"Federa\u021bia SILVA a sesizat CSAT: reorganizarea Romsilva risc\u0103 s\u0103 blocheze regia \u0219i pune \u00een pericol p\u0103durile statului.","breadcrumb":{"@id":"https:\/\/covasna45.ro\/index.php\/lumea-noastra\/federatia-silva-a-sesizat-csat-reorganizarea-romsilva-risca-sa-blocheze-regia-si-pune-in-pericol-padurile-statului\/#breadcrumb"},"inLanguage":"ro-RO","potentialAction":[{"@type":"ReadAction","target":["https:\/\/covasna45.ro\/index.php\/lumea-noastra\/federatia-silva-a-sesizat-csat-reorganizarea-romsilva-risca-sa-blocheze-regia-si-pune-in-pericol-padurile-statului\/"]}]},{"@type":"ImageObject","inLanguage":"ro-RO","@id":"https:\/\/covasna45.ro\/index.php\/lumea-noastra\/federatia-silva-a-sesizat-csat-reorganizarea-romsilva-risca-sa-blocheze-regia-si-pune-in-pericol-padurile-statului\/#primaryimage","url":"https:\/\/covasna45.ro\/wp-content\/uploads\/2026\/04\/silva-protest-3-1536x1024-1.jpg","contentUrl":"https:\/\/covasna45.ro\/wp-content\/uploads\/2026\/04\/silva-protest-3-1536x1024-1.jpg","width":1536,"height":1024},{"@type":"BreadcrumbList","@id":"https:\/\/covasna45.ro\/index.php\/lumea-noastra\/federatia-silva-a-sesizat-csat-reorganizarea-romsilva-risca-sa-blocheze-regia-si-pune-in-pericol-padurile-statului\/#breadcrumb","itemListElement":[{"@type":"ListItem","position":1,"name":"Prima pagin\u0103","item":"https:\/\/covasna45.ro\/"},{"@type":"ListItem","position":2,"name":"Federa\u021bia SILVA a sesizat CSAT: reorganizarea Romsilva risc\u0103 s\u0103 blocheze regia \u0219i pune \u00een pericol p\u0103durile statului"}]},{"@type":"WebSite","@id":"https:\/\/covasna45.ro\/#website","url":"https:\/\/covasna45.ro\/","name":"covasna45.ro","description":"","publisher":{"@id":"https:\/\/covasna45.ro\/#organization"},"potentialAction":[{"@type":"SearchAction","target":{"@type":"EntryPoint","urlTemplate":"https:\/\/covasna45.ro\/?s={search_term_string}"},"query-input":{"@type":"PropertyValueSpecification","valueRequired":true,"valueName":"search_term_string"}}],"inLanguage":"ro-RO"},{"@type":"Organization","@id":"https:\/\/covasna45.ro\/#organization","name":"covasna45.ro","url":"https:\/\/covasna45.ro\/","logo":{"@type":"ImageObject","inLanguage":"ro-RO","@id":"https:\/\/covasna45.ro\/#\/schema\/logo\/image\/","url":"https:\/\/covasna45.ro\/wp-content\/uploads\/2023\/01\/icon_logo.png","contentUrl":"https:\/\/covasna45.ro\/wp-content\/uploads\/2023\/01\/icon_logo.png","width":1900,"height":1900,"caption":"covasna45.ro"},"image":{"@id":"https:\/\/covasna45.ro\/#\/schema\/logo\/image\/"}},{"@type":"Person","@id":"https:\/\/covasna45.ro\/#\/schema\/person\/e674052bd7d95d70bbb007a1060ab73c","name":"Covasna45","image":{"@type":"ImageObject","inLanguage":"ro-RO","@id":"https:\/\/covasna45.ro\/wp-content\/uploads\/2025\/10\/icon_logo_covasna45-150x150.png","url":"https:\/\/covasna45.ro\/wp-content\/uploads\/2025\/10\/icon_logo_covasna45-150x150.png","contentUrl":"https:\/\/covasna45.ro\/wp-content\/uploads\/2025\/10\/icon_logo_covasna45-150x150.png","caption":"Covasna45"},"sameAs":["https:\/\/covasna45.ro"],"url":"https:\/\/covasna45.ro\/index.php\/author\/covasna\/"}]}},"amp_enabled":true,"_links":{"self":[{"href":"https:\/\/covasna45.ro\/index.php\/wp-json\/wp\/v2\/posts\/18307","targetHints":{"allow":["GET"]}}],"collection":[{"href":"https:\/\/covasna45.ro\/index.php\/wp-json\/wp\/v2\/posts"}],"about":[{"href":"https:\/\/covasna45.ro\/index.php\/wp-json\/wp\/v2\/types\/post"}],"author":[{"embeddable":true,"href":"https:\/\/covasna45.ro\/index.php\/wp-json\/wp\/v2\/users\/1"}],"replies":[{"embeddable":true,"href":"https:\/\/covasna45.ro\/index.php\/wp-json\/wp\/v2\/comments?post=18307"}],"version-history":[{"count":1,"href":"https:\/\/covasna45.ro\/index.php\/wp-json\/wp\/v2\/posts\/18307\/revisions"}],"predecessor-version":[{"id":18308,"href":"https:\/\/covasna45.ro\/index.php\/wp-json\/wp\/v2\/posts\/18307\/revisions\/18308"}],"wp:featuredmedia":[{"embeddable":true,"href":"https:\/\/covasna45.ro\/index.php\/wp-json\/wp\/v2\/media\/15816"}],"wp:attachment":[{"href":"https:\/\/covasna45.ro\/index.php\/wp-json\/wp\/v2\/media?parent=18307"}],"wp:term":[{"taxonomy":"category","embeddable":true,"href":"https:\/\/covasna45.ro\/index.php\/wp-json\/wp\/v2\/categories?post=18307"},{"taxonomy":"post_tag","embeddable":true,"href":"https:\/\/covasna45.ro\/index.php\/wp-json\/wp\/v2\/tags?post=18307"}],"curies":[{"name":"wp","href":"https:\/\/api.w.org\/{rel}","templated":true}]}}