{"id":18309,"date":"2026-09-02T09:30:10","date_gmt":"2026-09-02T07:30:10","guid":{"rendered":"https:\/\/covasna45.ro\/?p=18309"},"modified":"2026-09-02T09:30:11","modified_gmt":"2026-09-02T07:30:11","slug":"psd-covasna-invitatie-la-dialog-pe-tema-colegiului-mihai-viteazul","status":"publish","type":"post","link":"https:\/\/covasna45.ro\/index.php\/lumea-noastra\/psd-covasna-invitatie-la-dialog-pe-tema-colegiului-mihai-viteazul\/","title":{"rendered":"PSD Covasna, invita\u021bie la dialog pe tema Colegiului \u201eMihai Viteazul\u201d"},"content":{"rendered":"\n<p class=\"wp-block-paragraph\">PSD Covasna a transmis un comunicat de pres\u0103 pe tema Colegiului \u201eMihai Viteazul\u201d din Sf\u00e2ntu Gheorghe, unde o parte dintre elevi vor studia \u0219i \u00een acest an \u0219colar \u00een <a href=\"https:\/\/covasna45.ro\/index.php\/lumea-noastra\/elevii-colegiului-mihai-viteazul-vor-invata-in-containere-si-anul-viitor\/\">containere<\/a>. <\/p>\n\n\n\n<p class=\"wp-block-paragraph\">Red\u0103m comunicatul:<\/p>\n\n\n\n<h2 class=\"wp-block-heading\">\u201e<strong>\u00cencepe un nou an \u0219colar. Copiii merg \u00eenainte. Lucr\u0103rile nu.<\/strong><\/h2>\n\n\n\n<p class=\"wp-block-paragraph\">\u00a0\u00cen fiecare toamn\u0103, \u0219coala \u00eenseamn\u0103 un nou \u00eenceput. Caiete noi, emo\u021bia revederii \u0219i speran\u021ba unui an mai bun.<\/p>\n\n\n\n<p class=\"wp-block-paragraph\">La Colegiul Na\u021bional \u201eMihai Viteazul\u201d, noul an \u0219colar \u00eencepe \u00eens\u0103 sub semnul aceleia\u0219i a\u0219tept\u0103ri. Elevii se \u00eentorc \u00een spa\u021biile modulare, iar cl\u0103dirile \u00een care ar trebui s\u0103 \u00eenve\u021be continu\u0103 s\u0103 r\u0103m\u00e2n\u0103 prinse \u00eentre lucr\u0103ri neterminate, proceduri, expertize \u0219i litigii.<\/p>\n\n\n\n<p class=\"wp-block-paragraph\">Containerele au fost g\u00e2ndite ca o solu\u021bie temporar\u0103. Dar un provizorat care dureaz\u0103 ani \u00eenceteaz\u0103 s\u0103 mai fie provizoriu \u0219i devine o povar\u0103 purtat\u0103 de elevi, profesori \u0219i p\u0103rin\u021bi.<\/p>\n\n\n\n<p class=\"wp-block-paragraph\">Contractele au termenele lor, litigiile au parcursul lor, iar expertizele au nevoie de timp. Copil\u0103ria, \u00eens\u0103, nu poate fi suspendat\u0103. O genera\u021bie de elevi nu poate fi pus\u0103 \u00een a\u0219teptare p\u00e2n\u0103 c\u00e2nd toate dosarele \u00ee\u0219i vor g\u0103si, \u00eentr-o zi, rezolvarea.<\/p>\n\n\n\n<p class=\"wp-block-paragraph\">PSD Covasna nu dore\u0219te s\u0103 transforme aceast\u0103 situa\u021bie \u00eentr-un motiv de confruntare politic\u0103 \u0219i nici \u00eentr-un subiect de disput\u0103 interetnic\u0103. Colegiul Na\u021bional \u201eMihai Viteazul\u201d are o importan\u021b\u0103 aparte pentru \u00eenv\u0103\u021b\u0103m\u00e2ntul \u00een limba rom\u00e2n\u0103, dar rezolvarea problemelor sale nu este \u00eendreptat\u0103 \u00eempotriva nim\u0103nui. O \u0219coal\u0103 modern\u0103 \u0219i sigur\u0103 este un c\u00e2\u0219tig pentru \u00eentregul ora\u0219.<\/p>\n\n\n\n<h2 class=\"wp-block-heading\">Nu venim s\u0103 ar\u0103t\u0103m cu degetul, ci s\u0103 punem um\u0103rul.<\/h2>\n\n\n\n<p class=\"wp-block-paragraph\">\u00cen\u021belegem c\u0103 administra\u021bia local\u0103 se confrunt\u0103 cu dificult\u0103\u021bi juridice, contractuale \u0219i tehnice reale. Recunoa\u0219terea acestor dificult\u0103\u021bi nu trebuie \u00eens\u0103 s\u0103 ne \u00eempiedice s\u0103 c\u0103ut\u0103m \u00eempreun\u0103 solu\u021biile care pot fi aplicate acum.<\/p>\n\n\n\n<p class=\"wp-block-paragraph\">De aceea, PSD Covasna propune conducerii Prim\u0103riei, conducerii colegiului, reprezentan\u021bilor profesorilor \u0219i p\u0103rin\u021bilor, Inspectoratului \u0218colar, Prefecturii \u0219i celorlalte institu\u021bii competente s\u0103 se a\u0219eze la aceea\u0219i mas\u0103.<\/p>\n\n\n\n<p class=\"wp-block-paragraph\">Din aceast\u0103 \u00eent\u00e2lnire trebuie s\u0103 rezulte nu o nou\u0103 disput\u0103, ci un drum comun: o situa\u021bie clar\u0103 a lucr\u0103rilor, un calendar realist, identificarea etapelor care pot continua independent de procesele aflate pe rol \u0219i o informare sincer\u0103 \u0219i periodic\u0103 a comunit\u0103\u021bii \u0219colare.<\/p>\n\n\n\n<p class=\"wp-block-paragraph\">PSD Covasna este preg\u0103tit s\u0103 sprijine acest demers prin toate leg\u0103turile sale institu\u021bionale, la nivel jude\u021bean \u0219i na\u021bional, f\u0103r\u0103 condi\u021bii politice \u0219i f\u0103r\u0103 dorin\u021ba de a revendica meritele unei eventuale reu\u0219ite.<\/p>\n\n\n\n<p class=\"wp-block-paragraph\">\u00cen aceast\u0103 toamn\u0103, copiii vor deschide din nou caiete noi \u00een acelea\u0219i spa\u021bii provizorii. Este timpul ca \u0219i institu\u021biile s\u0103 deschid\u0103 o pagin\u0103 nou\u0103: una scris\u0103 cu dialog, responsabilitate, termene respectate \u0219i lucr\u0103ri duse la bun sf\u00e2r\u0219it.<\/p>\n\n\n\n<p class=\"wp-block-paragraph\"><strong>Pentru c\u0103 lucr\u0103rile pot fi \u00eent\u00e2rziate. Timpul copiilor, \u00eens\u0103, nu poate fi dat \u00eenapoi<\/strong>\u201d, se arat\u0103 \u00een comunicatul transmis de pre\u0219edintele organiza\u021biei jude\u021bene a PSD, Bogdan Barbu.<\/p>\n","protected":false},"excerpt":{"rendered":"<p>PSD Covasna a transmis un comunicat de pres\u0103 pe tema Colegiului \u201eMihai Viteazul\u201d din Sf\u00e2ntu Gheorghe, unde o parte dintre elevi vor studia \u0219i \u00een acest an \u0219colar \u00een containere. Red\u0103m comunicatul: \u201e\u00cencepe un nou an \u0219colar. Copiii merg \u00eenainte. Lucr\u0103rile nu. \u00a0\u00cen fiecare toamn\u0103, \u0219coala \u00eenseamn\u0103 un nou \u00eenceput. Caiete noi, emo\u021bia revederii \u0219i [&hellip;]<\/p>\n","protected":false},"author":1,"featured_media":18310,"comment_status":"open","ping_status":"closed","sticky":false,"template":"","format":"standard","meta":{"tdm_status":"","tdm_grid_status":"","footnotes":""},"categories":[14],"tags":[905,2765,2101],"class_list":["post-18309","post","type-post","status-publish","format-standard","has-post-thumbnail","category-lumea-noastra","tag-bogdan-barbu","tag-colegiul-mihai-viteazul","tag-psd-covasna"],"yoast_head":"<!-- This site is optimized with the Yoast SEO plugin v28.4 - https:\/\/yoast.com\/product\/yoast-seo-wordpress\/ -->\n<title>PSD Covasna, invita\u021bie la dialog pe tema Colegiului \u201eMihai Viteazul\u201d - Covasna45<\/title>\n<meta name=\"description\" content=\"PSD Covasna a transmis un comunicat de pres\u0103 pe tema Colegiului \u201eMihai Viteazul\u201d din Sf\u00e2ntu Gheorghe \u0219i o invita\u021bie la dialog.\" \/>\n<meta name=\"robots\" content=\"index, follow, max-snippet:-1, max-image-preview:large, max-video-preview:-1\" \/>\n<link rel=\"canonical\" href=\"https:\/\/covasna45.ro\/index.php\/lumea-noastra\/psd-covasna-invitatie-la-dialog-pe-tema-colegiului-mihai-viteazul\/\" \/>\n<meta property=\"og:locale\" content=\"ro_RO\" \/>\n<meta property=\"og:type\" content=\"article\" \/>\n<meta property=\"og:title\" content=\"PSD Covasna, invita\u021bie la dialog pe tema Colegiului \u201eMihai Viteazul\u201d - Covasna45\" \/>\n<meta property=\"og:description\" content=\"PSD Covasna a transmis un comunicat de pres\u0103 pe tema Colegiului \u201eMihai Viteazul\u201d din Sf\u00e2ntu Gheorghe \u0219i o invita\u021bie la dialog.\" \/>\n<meta property=\"og:url\" content=\"https:\/\/covasna45.ro\/index.php\/lumea-noastra\/psd-covasna-invitatie-la-dialog-pe-tema-colegiului-mihai-viteazul\/\" \/>\n<meta property=\"og:site_name\" content=\"Covasna45\" \/>\n<meta property=\"article:published_time\" content=\"2026-09-02T07:30:10+00:00\" \/>\n<meta property=\"article:modified_time\" content=\"2026-09-02T07:30:11+00:00\" \/>\n<meta property=\"og:image\" content=\"https:\/\/covasna45.ro\/wp-content\/uploads\/2026\/09\/barbu-psd-cv.jpg\" \/>\n\t<meta property=\"og:image:width\" content=\"1438\" \/>\n\t<meta property=\"og:image:height\" content=\"830\" \/>\n\t<meta property=\"og:image:type\" content=\"image\/jpeg\" \/>\n<meta name=\"author\" content=\"Covasna45\" \/>\n<meta name=\"twitter:card\" content=\"summary_large_image\" \/>\n<meta name=\"twitter:label1\" content=\"Scris de\" \/>\n\t<meta name=\"twitter:data1\" content=\"Covasna45\" \/>\n\t<meta name=\"twitter:label2\" content=\"Timp estimat pentru citire\" \/>\n\t<meta name=\"twitter:data2\" content=\"3 minute\" \/>\n<script type=\"application\/ld+json\" class=\"yoast-schema-graph\">{\"@context\":\"https:\\\/\\\/schema.org\",\"@graph\":[{\"@type\":\"Article\",\"@id\":\"https:\\\/\\\/covasna45.ro\\\/index.php\\\/lumea-noastra\\\/psd-covasna-invitatie-la-dialog-pe-tema-colegiului-mihai-viteazul\\\/#article\",\"isPartOf\":{\"@id\":\"https:\\\/\\\/covasna45.ro\\\/index.php\\\/lumea-noastra\\\/psd-covasna-invitatie-la-dialog-pe-tema-colegiului-mihai-viteazul\\\/\"},\"author\":{\"name\":\"Covasna45\",\"@id\":\"https:\\\/\\\/covasna45.ro\\\/#\\\/schema\\\/person\\\/e674052bd7d95d70bbb007a1060ab73c\"},\"headline\":\"PSD Covasna, invita\u021bie la dialog pe tema Colegiului \u201eMihai Viteazul\u201d\",\"datePublished\":\"2026-09-02T07:30:10+00:00\",\"dateModified\":\"2026-09-02T07:30:11+00:00\",\"mainEntityOfPage\":{\"@id\":\"https:\\\/\\\/covasna45.ro\\\/index.php\\\/lumea-noastra\\\/psd-covasna-invitatie-la-dialog-pe-tema-colegiului-mihai-viteazul\\\/\"},\"wordCount\":512,\"commentCount\":0,\"publisher\":{\"@id\":\"https:\\\/\\\/covasna45.ro\\\/#organization\"},\"image\":{\"@id\":\"https:\\\/\\\/covasna45.ro\\\/index.php\\\/lumea-noastra\\\/psd-covasna-invitatie-la-dialog-pe-tema-colegiului-mihai-viteazul\\\/#primaryimage\"},\"thumbnailUrl\":\"https:\\\/\\\/covasna45.ro\\\/wp-content\\\/uploads\\\/2026\\\/09\\\/barbu-psd-cv.jpg\",\"keywords\":[\"Bogdan Barbu\",\"Colegiul Mihai Viteazul\",\"PSD Covasna\"],\"articleSection\":[\"Lumea noastr\u0103\"],\"inLanguage\":\"ro-RO\",\"potentialAction\":[{\"@type\":\"CommentAction\",\"name\":\"Comment\",\"target\":[\"https:\\\/\\\/covasna45.ro\\\/index.php\\\/lumea-noastra\\\/psd-covasna-invitatie-la-dialog-pe-tema-colegiului-mihai-viteazul\\\/#respond\"]}]},{\"@type\":\"WebPage\",\"@id\":\"https:\\\/\\\/covasna45.ro\\\/index.php\\\/lumea-noastra\\\/psd-covasna-invitatie-la-dialog-pe-tema-colegiului-mihai-viteazul\\\/\",\"url\":\"https:\\\/\\\/covasna45.ro\\\/index.php\\\/lumea-noastra\\\/psd-covasna-invitatie-la-dialog-pe-tema-colegiului-mihai-viteazul\\\/\",\"name\":\"PSD Covasna, invita\u021bie la dialog pe tema Colegiului \u201eMihai Viteazul\u201d - Covasna45\",\"isPartOf\":{\"@id\":\"https:\\\/\\\/covasna45.ro\\\/#website\"},\"primaryImageOfPage\":{\"@id\":\"https:\\\/\\\/covasna45.ro\\\/index.php\\\/lumea-noastra\\\/psd-covasna-invitatie-la-dialog-pe-tema-colegiului-mihai-viteazul\\\/#primaryimage\"},\"image\":{\"@id\":\"https:\\\/\\\/covasna45.ro\\\/index.php\\\/lumea-noastra\\\/psd-covasna-invitatie-la-dialog-pe-tema-colegiului-mihai-viteazul\\\/#primaryimage\"},\"thumbnailUrl\":\"https:\\\/\\\/covasna45.ro\\\/wp-content\\\/uploads\\\/2026\\\/09\\\/barbu-psd-cv.jpg\",\"datePublished\":\"2026-09-02T07:30:10+00:00\",\"dateModified\":\"2026-09-02T07:30:11+00:00\",\"description\":\"PSD Covasna a transmis un comunicat de pres\u0103 pe tema Colegiului \u201eMihai Viteazul\u201d din Sf\u00e2ntu Gheorghe \u0219i o invita\u021bie la dialog.\",\"breadcrumb\":{\"@id\":\"https:\\\/\\\/covasna45.ro\\\/index.php\\\/lumea-noastra\\\/psd-covasna-invitatie-la-dialog-pe-tema-colegiului-mihai-viteazul\\\/#breadcrumb\"},\"inLanguage\":\"ro-RO\",\"potentialAction\":[{\"@type\":\"ReadAction\",\"target\":[\"https:\\\/\\\/covasna45.ro\\\/index.php\\\/lumea-noastra\\\/psd-covasna-invitatie-la-dialog-pe-tema-colegiului-mihai-viteazul\\\/\"]}]},{\"@type\":\"ImageObject\",\"inLanguage\":\"ro-RO\",\"@id\":\"https:\\\/\\\/covasna45.ro\\\/index.php\\\/lumea-noastra\\\/psd-covasna-invitatie-la-dialog-pe-tema-colegiului-mihai-viteazul\\\/#primaryimage\",\"url\":\"https:\\\/\\\/covasna45.ro\\\/wp-content\\\/uploads\\\/2026\\\/09\\\/barbu-psd-cv.jpg\",\"contentUrl\":\"https:\\\/\\\/covasna45.ro\\\/wp-content\\\/uploads\\\/2026\\\/09\\\/barbu-psd-cv.jpg\",\"width\":1438,\"height\":830},{\"@type\":\"BreadcrumbList\",\"@id\":\"https:\\\/\\\/covasna45.ro\\\/index.php\\\/lumea-noastra\\\/psd-covasna-invitatie-la-dialog-pe-tema-colegiului-mihai-viteazul\\\/#breadcrumb\",\"itemListElement\":[{\"@type\":\"ListItem\",\"position\":1,\"name\":\"Prima pagin\u0103\",\"item\":\"https:\\\/\\\/covasna45.ro\\\/\"},{\"@type\":\"ListItem\",\"position\":2,\"name\":\"PSD Covasna, invita\u021bie la dialog pe tema Colegiului \u201eMihai Viteazul\u201d\"}]},{\"@type\":\"WebSite\",\"@id\":\"https:\\\/\\\/covasna45.ro\\\/#website\",\"url\":\"https:\\\/\\\/covasna45.ro\\\/\",\"name\":\"covasna45.ro\",\"description\":\"\",\"publisher\":{\"@id\":\"https:\\\/\\\/covasna45.ro\\\/#organization\"},\"potentialAction\":[{\"@type\":\"SearchAction\",\"target\":{\"@type\":\"EntryPoint\",\"urlTemplate\":\"https:\\\/\\\/covasna45.ro\\\/?s={search_term_string}\"},\"query-input\":{\"@type\":\"PropertyValueSpecification\",\"valueRequired\":true,\"valueName\":\"search_term_string\"}}],\"inLanguage\":\"ro-RO\"},{\"@type\":\"Organization\",\"@id\":\"https:\\\/\\\/covasna45.ro\\\/#organization\",\"name\":\"covasna45.ro\",\"url\":\"https:\\\/\\\/covasna45.ro\\\/\",\"logo\":{\"@type\":\"ImageObject\",\"inLanguage\":\"ro-RO\",\"@id\":\"https:\\\/\\\/covasna45.ro\\\/#\\\/schema\\\/logo\\\/image\\\/\",\"url\":\"https:\\\/\\\/covasna45.ro\\\/wp-content\\\/uploads\\\/2023\\\/01\\\/icon_logo.png\",\"contentUrl\":\"https:\\\/\\\/covasna45.ro\\\/wp-content\\\/uploads\\\/2023\\\/01\\\/icon_logo.png\",\"width\":1900,\"height\":1900,\"caption\":\"covasna45.ro\"},\"image\":{\"@id\":\"https:\\\/\\\/covasna45.ro\\\/#\\\/schema\\\/logo\\\/image\\\/\"}},{\"@type\":\"Person\",\"@id\":\"https:\\\/\\\/covasna45.ro\\\/#\\\/schema\\\/person\\\/e674052bd7d95d70bbb007a1060ab73c\",\"name\":\"Covasna45\",\"image\":{\"@type\":\"ImageObject\",\"inLanguage\":\"ro-RO\",\"@id\":\"https:\\\/\\\/covasna45.ro\\\/wp-content\\\/uploads\\\/2025\\\/10\\\/icon_logo_covasna45-150x150.png\",\"url\":\"https:\\\/\\\/covasna45.ro\\\/wp-content\\\/uploads\\\/2025\\\/10\\\/icon_logo_covasna45-150x150.png\",\"contentUrl\":\"https:\\\/\\\/covasna45.ro\\\/wp-content\\\/uploads\\\/2025\\\/10\\\/icon_logo_covasna45-150x150.png\",\"caption\":\"Covasna45\"},\"sameAs\":[\"https:\\\/\\\/covasna45.ro\"],\"url\":\"https:\\\/\\\/covasna45.ro\\\/index.php\\\/author\\\/covasna\\\/\"}]}<\/script>\n<!-- \/ Yoast SEO plugin. -->","yoast_head_json":{"title":"PSD Covasna, invita\u021bie la dialog pe tema Colegiului \u201eMihai Viteazul\u201d - Covasna45","description":"PSD Covasna a transmis un comunicat de pres\u0103 pe tema Colegiului \u201eMihai Viteazul\u201d din Sf\u00e2ntu Gheorghe \u0219i o invita\u021bie la dialog.","robots":{"index":"index","follow":"follow","max-snippet":"max-snippet:-1","max-image-preview":"max-image-preview:large","max-video-preview":"max-video-preview:-1"},"canonical":"https:\/\/covasna45.ro\/index.php\/lumea-noastra\/psd-covasna-invitatie-la-dialog-pe-tema-colegiului-mihai-viteazul\/","og_locale":"ro_RO","og_type":"article","og_title":"PSD Covasna, invita\u021bie la dialog pe tema Colegiului \u201eMihai Viteazul\u201d - Covasna45","og_description":"PSD Covasna a transmis un comunicat de pres\u0103 pe tema Colegiului \u201eMihai Viteazul\u201d din Sf\u00e2ntu Gheorghe \u0219i o invita\u021bie la dialog.","og_url":"https:\/\/covasna45.ro\/index.php\/lumea-noastra\/psd-covasna-invitatie-la-dialog-pe-tema-colegiului-mihai-viteazul\/","og_site_name":"Covasna45","article_published_time":"2026-09-02T07:30:10+00:00","article_modified_time":"2026-09-02T07:30:11+00:00","og_image":[{"width":1438,"height":830,"url":"https:\/\/covasna45.ro\/wp-content\/uploads\/2026\/09\/barbu-psd-cv.jpg","type":"image\/jpeg"}],"author":"Covasna45","twitter_card":"summary_large_image","twitter_misc":{"Scris de":"Covasna45","Timp estimat pentru citire":"3 minute"},"schema":{"@context":"https:\/\/schema.org","@graph":[{"@type":"Article","@id":"https:\/\/covasna45.ro\/index.php\/lumea-noastra\/psd-covasna-invitatie-la-dialog-pe-tema-colegiului-mihai-viteazul\/#article","isPartOf":{"@id":"https:\/\/covasna45.ro\/index.php\/lumea-noastra\/psd-covasna-invitatie-la-dialog-pe-tema-colegiului-mihai-viteazul\/"},"author":{"name":"Covasna45","@id":"https:\/\/covasna45.ro\/#\/schema\/person\/e674052bd7d95d70bbb007a1060ab73c"},"headline":"PSD Covasna, invita\u021bie la dialog pe tema Colegiului \u201eMihai Viteazul\u201d","datePublished":"2026-09-02T07:30:10+00:00","dateModified":"2026-09-02T07:30:11+00:00","mainEntityOfPage":{"@id":"https:\/\/covasna45.ro\/index.php\/lumea-noastra\/psd-covasna-invitatie-la-dialog-pe-tema-colegiului-mihai-viteazul\/"},"wordCount":512,"commentCount":0,"publisher":{"@id":"https:\/\/covasna45.ro\/#organization"},"image":{"@id":"https:\/\/covasna45.ro\/index.php\/lumea-noastra\/psd-covasna-invitatie-la-dialog-pe-tema-colegiului-mihai-viteazul\/#primaryimage"},"thumbnailUrl":"https:\/\/covasna45.ro\/wp-content\/uploads\/2026\/09\/barbu-psd-cv.jpg","keywords":["Bogdan Barbu","Colegiul Mihai Viteazul","PSD Covasna"],"articleSection":["Lumea noastr\u0103"],"inLanguage":"ro-RO","potentialAction":[{"@type":"CommentAction","name":"Comment","target":["https:\/\/covasna45.ro\/index.php\/lumea-noastra\/psd-covasna-invitatie-la-dialog-pe-tema-colegiului-mihai-viteazul\/#respond"]}]},{"@type":"WebPage","@id":"https:\/\/covasna45.ro\/index.php\/lumea-noastra\/psd-covasna-invitatie-la-dialog-pe-tema-colegiului-mihai-viteazul\/","url":"https:\/\/covasna45.ro\/index.php\/lumea-noastra\/psd-covasna-invitatie-la-dialog-pe-tema-colegiului-mihai-viteazul\/","name":"PSD Covasna, invita\u021bie la dialog pe tema Colegiului \u201eMihai Viteazul\u201d - Covasna45","isPartOf":{"@id":"https:\/\/covasna45.ro\/#website"},"primaryImageOfPage":{"@id":"https:\/\/covasna45.ro\/index.php\/lumea-noastra\/psd-covasna-invitatie-la-dialog-pe-tema-colegiului-mihai-viteazul\/#primaryimage"},"image":{"@id":"https:\/\/covasna45.ro\/index.php\/lumea-noastra\/psd-covasna-invitatie-la-dialog-pe-tema-colegiului-mihai-viteazul\/#primaryimage"},"thumbnailUrl":"https:\/\/covasna45.ro\/wp-content\/uploads\/2026\/09\/barbu-psd-cv.jpg","datePublished":"2026-09-02T07:30:10+00:00","dateModified":"2026-09-02T07:30:11+00:00","description":"PSD Covasna a transmis un comunicat de pres\u0103 pe tema Colegiului \u201eMihai Viteazul\u201d din Sf\u00e2ntu Gheorghe \u0219i o invita\u021bie la dialog.","breadcrumb":{"@id":"https:\/\/covasna45.ro\/index.php\/lumea-noastra\/psd-covasna-invitatie-la-dialog-pe-tema-colegiului-mihai-viteazul\/#breadcrumb"},"inLanguage":"ro-RO","potentialAction":[{"@type":"ReadAction","target":["https:\/\/covasna45.ro\/index.php\/lumea-noastra\/psd-covasna-invitatie-la-dialog-pe-tema-colegiului-mihai-viteazul\/"]}]},{"@type":"ImageObject","inLanguage":"ro-RO","@id":"https:\/\/covasna45.ro\/index.php\/lumea-noastra\/psd-covasna-invitatie-la-dialog-pe-tema-colegiului-mihai-viteazul\/#primaryimage","url":"https:\/\/covasna45.ro\/wp-content\/uploads\/2026\/09\/barbu-psd-cv.jpg","contentUrl":"https:\/\/covasna45.ro\/wp-content\/uploads\/2026\/09\/barbu-psd-cv.jpg","width":1438,"height":830},{"@type":"BreadcrumbList","@id":"https:\/\/covasna45.ro\/index.php\/lumea-noastra\/psd-covasna-invitatie-la-dialog-pe-tema-colegiului-mihai-viteazul\/#breadcrumb","itemListElement":[{"@type":"ListItem","position":1,"name":"Prima pagin\u0103","item":"https:\/\/covasna45.ro\/"},{"@type":"ListItem","position":2,"name":"PSD Covasna, invita\u021bie la dialog pe tema Colegiului \u201eMihai Viteazul\u201d"}]},{"@type":"WebSite","@id":"https:\/\/covasna45.ro\/#website","url":"https:\/\/covasna45.ro\/","name":"covasna45.ro","description":"","publisher":{"@id":"https:\/\/covasna45.ro\/#organization"},"potentialAction":[{"@type":"SearchAction","target":{"@type":"EntryPoint","urlTemplate":"https:\/\/covasna45.ro\/?s={search_term_string}"},"query-input":{"@type":"PropertyValueSpecification","valueRequired":true,"valueName":"search_term_string"}}],"inLanguage":"ro-RO"},{"@type":"Organization","@id":"https:\/\/covasna45.ro\/#organization","name":"covasna45.ro","url":"https:\/\/covasna45.ro\/","logo":{"@type":"ImageObject","inLanguage":"ro-RO","@id":"https:\/\/covasna45.ro\/#\/schema\/logo\/image\/","url":"https:\/\/covasna45.ro\/wp-content\/uploads\/2023\/01\/icon_logo.png","contentUrl":"https:\/\/covasna45.ro\/wp-content\/uploads\/2023\/01\/icon_logo.png","width":1900,"height":1900,"caption":"covasna45.ro"},"image":{"@id":"https:\/\/covasna45.ro\/#\/schema\/logo\/image\/"}},{"@type":"Person","@id":"https:\/\/covasna45.ro\/#\/schema\/person\/e674052bd7d95d70bbb007a1060ab73c","name":"Covasna45","image":{"@type":"ImageObject","inLanguage":"ro-RO","@id":"https:\/\/covasna45.ro\/wp-content\/uploads\/2025\/10\/icon_logo_covasna45-150x150.png","url":"https:\/\/covasna45.ro\/wp-content\/uploads\/2025\/10\/icon_logo_covasna45-150x150.png","contentUrl":"https:\/\/covasna45.ro\/wp-content\/uploads\/2025\/10\/icon_logo_covasna45-150x150.png","caption":"Covasna45"},"sameAs":["https:\/\/covasna45.ro"],"url":"https:\/\/covasna45.ro\/index.php\/author\/covasna\/"}]}},"amp_enabled":true,"_links":{"self":[{"href":"https:\/\/covasna45.ro\/index.php\/wp-json\/wp\/v2\/posts\/18309","targetHints":{"allow":["GET"]}}],"collection":[{"href":"https:\/\/covasna45.ro\/index.php\/wp-json\/wp\/v2\/posts"}],"about":[{"href":"https:\/\/covasna45.ro\/index.php\/wp-json\/wp\/v2\/types\/post"}],"author":[{"embeddable":true,"href":"https:\/\/covasna45.ro\/index.php\/wp-json\/wp\/v2\/users\/1"}],"replies":[{"embeddable":true,"href":"https:\/\/covasna45.ro\/index.php\/wp-json\/wp\/v2\/comments?post=18309"}],"version-history":[{"count":1,"href":"https:\/\/covasna45.ro\/index.php\/wp-json\/wp\/v2\/posts\/18309\/revisions"}],"predecessor-version":[{"id":18311,"href":"https:\/\/covasna45.ro\/index.php\/wp-json\/wp\/v2\/posts\/18309\/revisions\/18311"}],"wp:featuredmedia":[{"embeddable":true,"href":"https:\/\/covasna45.ro\/index.php\/wp-json\/wp\/v2\/media\/18310"}],"wp:attachment":[{"href":"https:\/\/covasna45.ro\/index.php\/wp-json\/wp\/v2\/media?parent=18309"}],"wp:term":[{"taxonomy":"category","embeddable":true,"href":"https:\/\/covasna45.ro\/index.php\/wp-json\/wp\/v2\/categories?post=18309"},{"taxonomy":"post_tag","embeddable":true,"href":"https:\/\/covasna45.ro\/index.php\/wp-json\/wp\/v2\/tags?post=18309"}],"curies":[{"name":"wp","href":"https:\/\/api.w.org\/{rel}","templated":true}]}}