{"id":18333,"date":"2026-09-03T08:40:57","date_gmt":"2026-09-03T06:40:57","guid":{"rendered":"https:\/\/covasna45.ro\/?p=18333"},"modified":"2026-09-03T08:40:58","modified_gmt":"2026-09-03T06:40:58","slug":"despre-abandonul-scolar-solutii-europene-discutate-la-arcus","status":"publish","type":"post","link":"https:\/\/covasna45.ro\/index.php\/lumea-noastra\/despre-abandonul-scolar-solutii-europene-discutate-la-arcus\/","title":{"rendered":"Despre abandonul \u0219colar. Solu\u021bii europene discutate la Arcu\u0219"},"content":{"rendered":"\n<p class=\"wp-block-paragraph\"><strong>Cum \u00eei aduci \u00eenapoi la \u0219coal\u0103 pe tinerii care au abandonat studiile? \u0218i, mai ales, ce po\u021bi face pentru ca un elev aflat \u00een dificultate s\u0103 nu renun\u021be la \u0219coal\u0103? Sunt \u00eentreb\u0103rile de la care porne\u0219te workshopul <a href=\"https:\/\/interreg-danube.eu\/projects\/flexitrain\">FLEXITRAIN<\/a> organizat pe 8 septembrie, la Arcu\u0219, de ASIMCOV \u2013 Asocia\u021bia \u00centreprinderilor Mici \u0219i Mijlocii Covasna.<\/strong><\/p>\n\n\n\n<p class=\"wp-block-paragraph\">Evenimentul va avea loc la Restaurant Husz\u00e1r, \u00eentre orele 13:00 \u0219i 17:00, \u0219i face parte din proiectul european FLEXITRAIN, finan\u021bat prin Programul Interreg Regiunea Dun\u0103rii.<\/p>\n\n\n\n<p class=\"wp-block-paragraph\">Miza este una foarte concret\u0103: g\u0103sirea unor solu\u021bii pentru tinerii care risc\u0103 s\u0103 p\u0103r\u0103seasc\u0103 \u0219coala sau care au abandonat deja studiile \u0219i au nevoie de o cale mai flexibil\u0103 pentru a reveni \u00een educa\u021bie sau \u00een formarea profesional\u0103.<\/p>\n\n\n\n<h2 class=\"wp-block-heading\">Nu to\u021bi tinerii se potrivesc aceluia\u0219i traseu<\/h2>\n\n\n\n<p class=\"wp-block-paragraph\">FLEXITRAIN porne\u0219te de la ideea c\u0103 sistemele clasice de educa\u021bie \u0219i formare profesional\u0103 nu sunt perfecte. Nu reu\u0219esc \u00eentotdeauna s\u0103 r\u0103spund\u0103 situa\u021biilor foarte diferite \u00een care se g\u0103sesc tinerii.<\/p>\n\n\n\n<p class=\"wp-block-paragraph\">Un elev poate \u00eentrerupe \u0219coala, de exemplu, iar revenirea sa \u00een sistem poate fi dificil\u0103. De aceea, una dintre temele analizate este posibilitatea unor trasee de formare mai flexibile. Inclusiv revenirea \u00een sistem f\u0103r\u0103 pierderea progresului deja realizat.<\/p>\n\n\n\n<p class=\"wp-block-paragraph\">La Arcu\u0219 nu va fi \u00eens\u0103 o conferin\u021b\u0103 \u00een care participan\u021bii doar ascult\u0103 prezent\u0103ri. Workshopul este conceput ca o \u00eent\u00e2lnire de lucru \u00een care problemele trebuie identificate, dar, mai ales, trebuie g\u0103site solu\u021bii care pot fi puse \u00een practic\u0103.<\/p>\n\n\n\n<h2 class=\"wp-block-heading\">Ce poate face o \u0219coal\u0103 \u0219i unde trebuie schimbat\u0103 legea<\/h2>\n\n\n\n<p class=\"wp-block-paragraph\">Discu\u021bia va avea trei teme principale. Prima este legisla\u021bia. Participan\u021bii vor analiza ce permite \u00een prezent legea \u0219i unde exist\u0103 blocaje. Dar \u0219i c\u00e2t\u0103 libertate au \u0219colile pentru a crea forme mai flexibile de preg\u0103tire.<\/p>\n\n\n\n<p class=\"wp-block-paragraph\">A doua prive\u0219te colaborarea dintre institu\u021bii. Pentru un t\u00e2n\u0103r aflat \u00een pericol s\u0103 abandoneze \u0219coala nu este suficient\u0103 \u00eentotdeauna interven\u021bia profesorului. Pot fi necesare \u0219coala, autoritatea local\u0103, serviciile sociale, serviciile de ocupare, consilierea \u0219i furnizorii de formare profesional\u0103. Workshopul va \u00eencerca s\u0103 stabileasc\u0103 \u0219i cum pot lucra aceste institu\u021bii mai bine \u00eempreun\u0103.<\/p>\n\n\n\n<p class=\"wp-block-paragraph\">A treia problem\u0103 este finan\u021barea. O solu\u021bie testat\u0103 \u00eentr-un proiect european este util\u0103 doar dac\u0103 poate continua \u0219i dup\u0103 terminarea proiectului. Tocmai de aceea vor fi analizate posibilit\u0103\u021bile de finan\u021bare local\u0103, na\u021bional\u0103 \u0219i european\u0103. Se caut\u0103 variantele prin care m\u0103surile care func\u021bioneaz\u0103 pot deveni sustenabile.<\/p>\n\n\n\n<h2 class=\"wp-block-heading\">FLEXITRAIN &#8211; un proiect european de 2,4 milioane de euro<\/h2>\n\n\n\n<p class=\"wp-block-paragraph\">FLEXITRAIN este un proiect european cu un buget total de aproximativ 2,42 milioane de euro. Din ace\u0219ti bani, circa 1,94 milioane reprezint\u0103 finan\u021bare Interreg. Proiectul se desf\u0103\u0219oar\u0103 \u00eentre aprilie 2025 \u0219i martie 2028 \u0219i reune\u0219te 11 parteneri din nou\u0103 \u021b\u0103ri din regiunea Dun\u0103rii. Este vorba de Rom\u00e2nia, Ungaria, Slovacia, Austria, Slovenia, Croa\u021bia, Serbia, Bosnia \u0219i Her\u021begovina \u0219i Ucraina. Rom\u00e2nia este reprezentat\u0103 \u00een consor\u021biu de ASIMCOV.<\/p>\n\n\n\n<p class=\"wp-block-paragraph\">Partenerii lucreaz\u0103 la dezvoltarea \u0219i testarea unor instrumente \u0219i metode flexibile de formare care s\u0103 poat\u0103 fi adaptate realit\u0103\u021bilor din fiecare \u021bar\u0103. Experien\u021bele locale sunt apoi comparate, astfel \u00eenc\u00e2t solu\u021biile care func\u021bioneaz\u0103 s\u0103 poat\u0103 fi folosite \u0219i \u00een alte comunit\u0103\u021bi.<\/p>\n\n\n\n<h2 class=\"wp-block-heading\">De la Arcu\u0219, concluziile merg mai departe<\/h2>\n\n\n\n<p class=\"wp-block-paragraph\">La finalul workshopului vor fi alese trei concluzii prioritare. Unele pot privi lucruri care se pot rezolva \u00een \u0219coli sau la nivel local \u0219i jude\u021bean. Altele pot necesita schimb\u0103ri legislative, decizii ministeriale sau noi mecanisme de finan\u021bare.<\/p>\n\n\n\n<p class=\"wp-block-paragraph\">Concluziile vor fi sintetizate de ASIMCOV \u0219i integrate \u00een Strategia Comun\u0103 FLEXITRAIN.<\/p>\n\n\n\n<p class=\"wp-block-paragraph\">\u00cen fond, \u00eentrebarea la care \u00eencearc\u0103 s\u0103 r\u0103spund\u0103 proiectul este simpl\u0103: cum construim un sistem suficient de flexibil \u00eenc\u00e2t un t\u00e2n\u0103r care are dificult\u0103\u021bi s\u0103 nu fie pierdut definitiv de \u0219coal\u0103?<\/p>\n\n\n\n<p class=\"wp-block-paragraph\"><em>Foto: Partenerii proiectului european FLEXITRAIN, la \u00eent\u00e2lnirea de lucru organizat\u0103 la Sf\u00e2ntu Gheorghe \u00een ianuarie 2026<\/em><\/p>\n","protected":false},"excerpt":{"rendered":"<p>Cum \u00eei aduci \u00eenapoi la \u0219coal\u0103 pe tinerii care au abandonat studiile? \u0218i, mai ales, ce po\u021bi face pentru ca un elev aflat \u00een dificultate s\u0103 nu renun\u021be la \u0219coal\u0103? Sunt \u00eentreb\u0103rile de la care porne\u0219te workshopul FLEXITRAIN organizat pe 8 septembrie, la Arcu\u0219, de ASIMCOV \u2013 Asocia\u021bia \u00centreprinderilor Mici \u0219i Mijlocii Covasna. Evenimentul va [&hellip;]<\/p>\n","protected":false},"author":2,"featured_media":18334,"comment_status":"open","ping_status":"closed","sticky":false,"template":"","format":"standard","meta":{"tdm_status":"","tdm_grid_status":"","footnotes":""},"categories":[14],"tags":[492,32,5056,5057],"class_list":["post-18333","post","type-post","status-publish","format-standard","has-post-thumbnail","category-lumea-noastra","tag-abandon-scolar","tag-educatie","tag-fexitrain","tag-formare-profesionala"],"yoast_head":"<!-- This site is optimized with the Yoast SEO plugin v28.4 - https:\/\/yoast.com\/product\/yoast-seo-wordpress\/ -->\n<title>Despre abandonul \u0219colar. Solu\u021bii europene discutate la Arcu\u0219 - Covasna45<\/title>\n<meta name=\"description\" content=\"FLEXITRAIN porne\u0219te de la ideea c\u0103 sistemele clasice de educa\u021bie \u0219i formare profesional\u0103 nu sunt perfecte.\" \/>\n<meta name=\"robots\" content=\"index, follow, max-snippet:-1, max-image-preview:large, max-video-preview:-1\" \/>\n<link rel=\"canonical\" href=\"https:\/\/covasna45.ro\/index.php\/lumea-noastra\/despre-abandonul-scolar-solutii-europene-discutate-la-arcus\/\" \/>\n<meta property=\"og:locale\" content=\"ro_RO\" \/>\n<meta property=\"og:type\" content=\"article\" \/>\n<meta property=\"og:title\" content=\"Despre abandonul \u0219colar. Solu\u021bii europene discutate la Arcu\u0219 - Covasna45\" \/>\n<meta property=\"og:description\" content=\"FLEXITRAIN porne\u0219te de la ideea c\u0103 sistemele clasice de educa\u021bie \u0219i formare profesional\u0103 nu sunt perfecte.\" \/>\n<meta property=\"og:url\" content=\"https:\/\/covasna45.ro\/index.php\/lumea-noastra\/despre-abandonul-scolar-solutii-europene-discutate-la-arcus\/\" \/>\n<meta property=\"og:site_name\" content=\"Covasna45\" \/>\n<meta property=\"article:published_time\" content=\"2026-09-03T06:40:57+00:00\" \/>\n<meta property=\"article:modified_time\" content=\"2026-09-03T06:40:58+00:00\" \/>\n<meta property=\"og:image\" content=\"https:\/\/covasna45.ro\/wp-content\/uploads\/2026\/09\/flexitrain-scaled.jpeg\" \/>\n\t<meta property=\"og:image:width\" content=\"2560\" \/>\n\t<meta property=\"og:image:height\" content=\"1707\" \/>\n\t<meta property=\"og:image:type\" content=\"image\/jpeg\" \/>\n<meta name=\"author\" content=\"Tudor Artenie\" \/>\n<meta name=\"twitter:card\" content=\"summary_large_image\" \/>\n<meta name=\"twitter:label1\" content=\"Scris de\" \/>\n\t<meta name=\"twitter:data1\" content=\"Tudor Artenie\" \/>\n\t<meta name=\"twitter:label2\" content=\"Timp estimat pentru citire\" \/>\n\t<meta name=\"twitter:data2\" content=\"4 minute\" \/>\n<script type=\"application\/ld+json\" class=\"yoast-schema-graph\">{\"@context\":\"https:\\\/\\\/schema.org\",\"@graph\":[{\"@type\":\"Article\",\"@id\":\"https:\\\/\\\/covasna45.ro\\\/index.php\\\/lumea-noastra\\\/despre-abandonul-scolar-solutii-europene-discutate-la-arcus\\\/#article\",\"isPartOf\":{\"@id\":\"https:\\\/\\\/covasna45.ro\\\/index.php\\\/lumea-noastra\\\/despre-abandonul-scolar-solutii-europene-discutate-la-arcus\\\/\"},\"author\":{\"name\":\"Tudor Artenie\",\"@id\":\"https:\\\/\\\/covasna45.ro\\\/#\\\/schema\\\/person\\\/bebc5d3d25da46ad17e583074ed07bde\"},\"headline\":\"Despre abandonul \u0219colar. Solu\u021bii europene discutate la Arcu\u0219\",\"datePublished\":\"2026-09-03T06:40:57+00:00\",\"dateModified\":\"2026-09-03T06:40:58+00:00\",\"mainEntityOfPage\":{\"@id\":\"https:\\\/\\\/covasna45.ro\\\/index.php\\\/lumea-noastra\\\/despre-abandonul-scolar-solutii-europene-discutate-la-arcus\\\/\"},\"wordCount\":658,\"commentCount\":0,\"publisher\":{\"@id\":\"https:\\\/\\\/covasna45.ro\\\/#organization\"},\"image\":{\"@id\":\"https:\\\/\\\/covasna45.ro\\\/index.php\\\/lumea-noastra\\\/despre-abandonul-scolar-solutii-europene-discutate-la-arcus\\\/#primaryimage\"},\"thumbnailUrl\":\"https:\\\/\\\/covasna45.ro\\\/wp-content\\\/uploads\\\/2026\\\/09\\\/flexitrain-scaled.jpeg\",\"keywords\":[\"Abandon \u0219colar\",\"educa\u021bie\",\"FEXITRAIN\",\"Formare profesional\u0103\"],\"articleSection\":[\"Lumea noastr\u0103\"],\"inLanguage\":\"ro-RO\",\"potentialAction\":[{\"@type\":\"CommentAction\",\"name\":\"Comment\",\"target\":[\"https:\\\/\\\/covasna45.ro\\\/index.php\\\/lumea-noastra\\\/despre-abandonul-scolar-solutii-europene-discutate-la-arcus\\\/#respond\"]}]},{\"@type\":\"WebPage\",\"@id\":\"https:\\\/\\\/covasna45.ro\\\/index.php\\\/lumea-noastra\\\/despre-abandonul-scolar-solutii-europene-discutate-la-arcus\\\/\",\"url\":\"https:\\\/\\\/covasna45.ro\\\/index.php\\\/lumea-noastra\\\/despre-abandonul-scolar-solutii-europene-discutate-la-arcus\\\/\",\"name\":\"Despre abandonul \u0219colar. Solu\u021bii europene discutate la Arcu\u0219 - Covasna45\",\"isPartOf\":{\"@id\":\"https:\\\/\\\/covasna45.ro\\\/#website\"},\"primaryImageOfPage\":{\"@id\":\"https:\\\/\\\/covasna45.ro\\\/index.php\\\/lumea-noastra\\\/despre-abandonul-scolar-solutii-europene-discutate-la-arcus\\\/#primaryimage\"},\"image\":{\"@id\":\"https:\\\/\\\/covasna45.ro\\\/index.php\\\/lumea-noastra\\\/despre-abandonul-scolar-solutii-europene-discutate-la-arcus\\\/#primaryimage\"},\"thumbnailUrl\":\"https:\\\/\\\/covasna45.ro\\\/wp-content\\\/uploads\\\/2026\\\/09\\\/flexitrain-scaled.jpeg\",\"datePublished\":\"2026-09-03T06:40:57+00:00\",\"dateModified\":\"2026-09-03T06:40:58+00:00\",\"description\":\"FLEXITRAIN porne\u0219te de la ideea c\u0103 sistemele clasice de educa\u021bie \u0219i formare profesional\u0103 nu sunt perfecte.\",\"breadcrumb\":{\"@id\":\"https:\\\/\\\/covasna45.ro\\\/index.php\\\/lumea-noastra\\\/despre-abandonul-scolar-solutii-europene-discutate-la-arcus\\\/#breadcrumb\"},\"inLanguage\":\"ro-RO\",\"potentialAction\":[{\"@type\":\"ReadAction\",\"target\":[\"https:\\\/\\\/covasna45.ro\\\/index.php\\\/lumea-noastra\\\/despre-abandonul-scolar-solutii-europene-discutate-la-arcus\\\/\"]}]},{\"@type\":\"ImageObject\",\"inLanguage\":\"ro-RO\",\"@id\":\"https:\\\/\\\/covasna45.ro\\\/index.php\\\/lumea-noastra\\\/despre-abandonul-scolar-solutii-europene-discutate-la-arcus\\\/#primaryimage\",\"url\":\"https:\\\/\\\/covasna45.ro\\\/wp-content\\\/uploads\\\/2026\\\/09\\\/flexitrain-scaled.jpeg\",\"contentUrl\":\"https:\\\/\\\/covasna45.ro\\\/wp-content\\\/uploads\\\/2026\\\/09\\\/flexitrain-scaled.jpeg\",\"width\":2560,\"height\":1707},{\"@type\":\"BreadcrumbList\",\"@id\":\"https:\\\/\\\/covasna45.ro\\\/index.php\\\/lumea-noastra\\\/despre-abandonul-scolar-solutii-europene-discutate-la-arcus\\\/#breadcrumb\",\"itemListElement\":[{\"@type\":\"ListItem\",\"position\":1,\"name\":\"Prima pagin\u0103\",\"item\":\"https:\\\/\\\/covasna45.ro\\\/\"},{\"@type\":\"ListItem\",\"position\":2,\"name\":\"Despre abandonul \u0219colar. Solu\u021bii europene discutate la Arcu\u0219\"}]},{\"@type\":\"WebSite\",\"@id\":\"https:\\\/\\\/covasna45.ro\\\/#website\",\"url\":\"https:\\\/\\\/covasna45.ro\\\/\",\"name\":\"covasna45.ro\",\"description\":\"\",\"publisher\":{\"@id\":\"https:\\\/\\\/covasna45.ro\\\/#organization\"},\"potentialAction\":[{\"@type\":\"SearchAction\",\"target\":{\"@type\":\"EntryPoint\",\"urlTemplate\":\"https:\\\/\\\/covasna45.ro\\\/?s={search_term_string}\"},\"query-input\":{\"@type\":\"PropertyValueSpecification\",\"valueRequired\":true,\"valueName\":\"search_term_string\"}}],\"inLanguage\":\"ro-RO\"},{\"@type\":\"Organization\",\"@id\":\"https:\\\/\\\/covasna45.ro\\\/#organization\",\"name\":\"covasna45.ro\",\"url\":\"https:\\\/\\\/covasna45.ro\\\/\",\"logo\":{\"@type\":\"ImageObject\",\"inLanguage\":\"ro-RO\",\"@id\":\"https:\\\/\\\/covasna45.ro\\\/#\\\/schema\\\/logo\\\/image\\\/\",\"url\":\"https:\\\/\\\/covasna45.ro\\\/wp-content\\\/uploads\\\/2023\\\/01\\\/icon_logo.png\",\"contentUrl\":\"https:\\\/\\\/covasna45.ro\\\/wp-content\\\/uploads\\\/2023\\\/01\\\/icon_logo.png\",\"width\":1900,\"height\":1900,\"caption\":\"covasna45.ro\"},\"image\":{\"@id\":\"https:\\\/\\\/covasna45.ro\\\/#\\\/schema\\\/logo\\\/image\\\/\"}},{\"@type\":\"Person\",\"@id\":\"https:\\\/\\\/covasna45.ro\\\/#\\\/schema\\\/person\\\/bebc5d3d25da46ad17e583074ed07bde\",\"name\":\"Tudor Artenie\",\"image\":{\"@type\":\"ImageObject\",\"inLanguage\":\"ro-RO\",\"@id\":\"https:\\\/\\\/covasna45.ro\\\/wp-content\\\/uploads\\\/2025\\\/10\\\/Tudor_recita_1-1-150x150.jpg\",\"url\":\"https:\\\/\\\/covasna45.ro\\\/wp-content\\\/uploads\\\/2025\\\/10\\\/Tudor_recita_1-1-150x150.jpg\",\"contentUrl\":\"https:\\\/\\\/covasna45.ro\\\/wp-content\\\/uploads\\\/2025\\\/10\\\/Tudor_recita_1-1-150x150.jpg\",\"caption\":\"Tudor Artenie\"},\"url\":\"https:\\\/\\\/covasna45.ro\\\/index.php\\\/author\\\/tudor\\\/\"}]}<\/script>\n<!-- \/ Yoast SEO plugin. -->","yoast_head_json":{"title":"Despre abandonul \u0219colar. Solu\u021bii europene discutate la Arcu\u0219 - Covasna45","description":"FLEXITRAIN porne\u0219te de la ideea c\u0103 sistemele clasice de educa\u021bie \u0219i formare profesional\u0103 nu sunt perfecte.","robots":{"index":"index","follow":"follow","max-snippet":"max-snippet:-1","max-image-preview":"max-image-preview:large","max-video-preview":"max-video-preview:-1"},"canonical":"https:\/\/covasna45.ro\/index.php\/lumea-noastra\/despre-abandonul-scolar-solutii-europene-discutate-la-arcus\/","og_locale":"ro_RO","og_type":"article","og_title":"Despre abandonul \u0219colar. Solu\u021bii europene discutate la Arcu\u0219 - Covasna45","og_description":"FLEXITRAIN porne\u0219te de la ideea c\u0103 sistemele clasice de educa\u021bie \u0219i formare profesional\u0103 nu sunt perfecte.","og_url":"https:\/\/covasna45.ro\/index.php\/lumea-noastra\/despre-abandonul-scolar-solutii-europene-discutate-la-arcus\/","og_site_name":"Covasna45","article_published_time":"2026-09-03T06:40:57+00:00","article_modified_time":"2026-09-03T06:40:58+00:00","og_image":[{"width":2560,"height":1707,"url":"https:\/\/covasna45.ro\/wp-content\/uploads\/2026\/09\/flexitrain-scaled.jpeg","type":"image\/jpeg"}],"author":"Tudor Artenie","twitter_card":"summary_large_image","twitter_misc":{"Scris de":"Tudor Artenie","Timp estimat pentru citire":"4 minute"},"schema":{"@context":"https:\/\/schema.org","@graph":[{"@type":"Article","@id":"https:\/\/covasna45.ro\/index.php\/lumea-noastra\/despre-abandonul-scolar-solutii-europene-discutate-la-arcus\/#article","isPartOf":{"@id":"https:\/\/covasna45.ro\/index.php\/lumea-noastra\/despre-abandonul-scolar-solutii-europene-discutate-la-arcus\/"},"author":{"name":"Tudor Artenie","@id":"https:\/\/covasna45.ro\/#\/schema\/person\/bebc5d3d25da46ad17e583074ed07bde"},"headline":"Despre abandonul \u0219colar. Solu\u021bii europene discutate la Arcu\u0219","datePublished":"2026-09-03T06:40:57+00:00","dateModified":"2026-09-03T06:40:58+00:00","mainEntityOfPage":{"@id":"https:\/\/covasna45.ro\/index.php\/lumea-noastra\/despre-abandonul-scolar-solutii-europene-discutate-la-arcus\/"},"wordCount":658,"commentCount":0,"publisher":{"@id":"https:\/\/covasna45.ro\/#organization"},"image":{"@id":"https:\/\/covasna45.ro\/index.php\/lumea-noastra\/despre-abandonul-scolar-solutii-europene-discutate-la-arcus\/#primaryimage"},"thumbnailUrl":"https:\/\/covasna45.ro\/wp-content\/uploads\/2026\/09\/flexitrain-scaled.jpeg","keywords":["Abandon \u0219colar","educa\u021bie","FEXITRAIN","Formare profesional\u0103"],"articleSection":["Lumea noastr\u0103"],"inLanguage":"ro-RO","potentialAction":[{"@type":"CommentAction","name":"Comment","target":["https:\/\/covasna45.ro\/index.php\/lumea-noastra\/despre-abandonul-scolar-solutii-europene-discutate-la-arcus\/#respond"]}]},{"@type":"WebPage","@id":"https:\/\/covasna45.ro\/index.php\/lumea-noastra\/despre-abandonul-scolar-solutii-europene-discutate-la-arcus\/","url":"https:\/\/covasna45.ro\/index.php\/lumea-noastra\/despre-abandonul-scolar-solutii-europene-discutate-la-arcus\/","name":"Despre abandonul \u0219colar. Solu\u021bii europene discutate la Arcu\u0219 - Covasna45","isPartOf":{"@id":"https:\/\/covasna45.ro\/#website"},"primaryImageOfPage":{"@id":"https:\/\/covasna45.ro\/index.php\/lumea-noastra\/despre-abandonul-scolar-solutii-europene-discutate-la-arcus\/#primaryimage"},"image":{"@id":"https:\/\/covasna45.ro\/index.php\/lumea-noastra\/despre-abandonul-scolar-solutii-europene-discutate-la-arcus\/#primaryimage"},"thumbnailUrl":"https:\/\/covasna45.ro\/wp-content\/uploads\/2026\/09\/flexitrain-scaled.jpeg","datePublished":"2026-09-03T06:40:57+00:00","dateModified":"2026-09-03T06:40:58+00:00","description":"FLEXITRAIN porne\u0219te de la ideea c\u0103 sistemele clasice de educa\u021bie \u0219i formare profesional\u0103 nu sunt perfecte.","breadcrumb":{"@id":"https:\/\/covasna45.ro\/index.php\/lumea-noastra\/despre-abandonul-scolar-solutii-europene-discutate-la-arcus\/#breadcrumb"},"inLanguage":"ro-RO","potentialAction":[{"@type":"ReadAction","target":["https:\/\/covasna45.ro\/index.php\/lumea-noastra\/despre-abandonul-scolar-solutii-europene-discutate-la-arcus\/"]}]},{"@type":"ImageObject","inLanguage":"ro-RO","@id":"https:\/\/covasna45.ro\/index.php\/lumea-noastra\/despre-abandonul-scolar-solutii-europene-discutate-la-arcus\/#primaryimage","url":"https:\/\/covasna45.ro\/wp-content\/uploads\/2026\/09\/flexitrain-scaled.jpeg","contentUrl":"https:\/\/covasna45.ro\/wp-content\/uploads\/2026\/09\/flexitrain-scaled.jpeg","width":2560,"height":1707},{"@type":"BreadcrumbList","@id":"https:\/\/covasna45.ro\/index.php\/lumea-noastra\/despre-abandonul-scolar-solutii-europene-discutate-la-arcus\/#breadcrumb","itemListElement":[{"@type":"ListItem","position":1,"name":"Prima pagin\u0103","item":"https:\/\/covasna45.ro\/"},{"@type":"ListItem","position":2,"name":"Despre abandonul \u0219colar. Solu\u021bii europene discutate la Arcu\u0219"}]},{"@type":"WebSite","@id":"https:\/\/covasna45.ro\/#website","url":"https:\/\/covasna45.ro\/","name":"covasna45.ro","description":"","publisher":{"@id":"https:\/\/covasna45.ro\/#organization"},"potentialAction":[{"@type":"SearchAction","target":{"@type":"EntryPoint","urlTemplate":"https:\/\/covasna45.ro\/?s={search_term_string}"},"query-input":{"@type":"PropertyValueSpecification","valueRequired":true,"valueName":"search_term_string"}}],"inLanguage":"ro-RO"},{"@type":"Organization","@id":"https:\/\/covasna45.ro\/#organization","name":"covasna45.ro","url":"https:\/\/covasna45.ro\/","logo":{"@type":"ImageObject","inLanguage":"ro-RO","@id":"https:\/\/covasna45.ro\/#\/schema\/logo\/image\/","url":"https:\/\/covasna45.ro\/wp-content\/uploads\/2023\/01\/icon_logo.png","contentUrl":"https:\/\/covasna45.ro\/wp-content\/uploads\/2023\/01\/icon_logo.png","width":1900,"height":1900,"caption":"covasna45.ro"},"image":{"@id":"https:\/\/covasna45.ro\/#\/schema\/logo\/image\/"}},{"@type":"Person","@id":"https:\/\/covasna45.ro\/#\/schema\/person\/bebc5d3d25da46ad17e583074ed07bde","name":"Tudor Artenie","image":{"@type":"ImageObject","inLanguage":"ro-RO","@id":"https:\/\/covasna45.ro\/wp-content\/uploads\/2025\/10\/Tudor_recita_1-1-150x150.jpg","url":"https:\/\/covasna45.ro\/wp-content\/uploads\/2025\/10\/Tudor_recita_1-1-150x150.jpg","contentUrl":"https:\/\/covasna45.ro\/wp-content\/uploads\/2025\/10\/Tudor_recita_1-1-150x150.jpg","caption":"Tudor Artenie"},"url":"https:\/\/covasna45.ro\/index.php\/author\/tudor\/"}]}},"amp_enabled":true,"_links":{"self":[{"href":"https:\/\/covasna45.ro\/index.php\/wp-json\/wp\/v2\/posts\/18333","targetHints":{"allow":["GET"]}}],"collection":[{"href":"https:\/\/covasna45.ro\/index.php\/wp-json\/wp\/v2\/posts"}],"about":[{"href":"https:\/\/covasna45.ro\/index.php\/wp-json\/wp\/v2\/types\/post"}],"author":[{"embeddable":true,"href":"https:\/\/covasna45.ro\/index.php\/wp-json\/wp\/v2\/users\/2"}],"replies":[{"embeddable":true,"href":"https:\/\/covasna45.ro\/index.php\/wp-json\/wp\/v2\/comments?post=18333"}],"version-history":[{"count":1,"href":"https:\/\/covasna45.ro\/index.php\/wp-json\/wp\/v2\/posts\/18333\/revisions"}],"predecessor-version":[{"id":18335,"href":"https:\/\/covasna45.ro\/index.php\/wp-json\/wp\/v2\/posts\/18333\/revisions\/18335"}],"wp:featuredmedia":[{"embeddable":true,"href":"https:\/\/covasna45.ro\/index.php\/wp-json\/wp\/v2\/media\/18334"}],"wp:attachment":[{"href":"https:\/\/covasna45.ro\/index.php\/wp-json\/wp\/v2\/media?parent=18333"}],"wp:term":[{"taxonomy":"category","embeddable":true,"href":"https:\/\/covasna45.ro\/index.php\/wp-json\/wp\/v2\/categories?post=18333"},{"taxonomy":"post_tag","embeddable":true,"href":"https:\/\/covasna45.ro\/index.php\/wp-json\/wp\/v2\/tags?post=18333"}],"curies":[{"name":"wp","href":"https:\/\/api.w.org\/{rel}","templated":true}]}}