{"id":1838,"date":"2023-05-25T08:52:01","date_gmt":"2023-05-25T06:52:01","guid":{"rendered":"https:\/\/covasna45.ro\/?p=1838"},"modified":"2023-05-25T08:52:02","modified_gmt":"2023-05-25T06:52:02","slug":"ron-desantis-si-a-depus-candidatura-pentru-alegerile-prezidentiale-din-2024","status":"publish","type":"post","link":"https:\/\/covasna45.ro\/index.php\/lumea-larga\/ron-desantis-si-a-depus-candidatura-pentru-alegerile-prezidentiale-din-2024\/","title":{"rendered":"Ron DeSantis \u015fi-a depus candidatura pentru alegerile preziden\u0163iale din 2024"},"content":{"rendered":"\n<p>Republicanul Ron DeSantis \u015fi-a depus oficial candidatura pentru alegerile preziden\u0163iale din 2024 la autorit\u0103\u0163ile electorale americane, relateaz\u0103 AFP.<\/p>\n\n\n\n<p>Guvernatorul statului Florida a oficializat aceast\u0103 candidatur\u0103 \u00eentr-un document transmis Comisiei electorale federale, la c\u00e2teva ore \u00eenaintea unei discu\u0163ii prev\u0103zute cu Elon Musk pe Twitter.<\/p>\n\n\n\n<p>Ron DeSantis devine astfel cel mai important rival al lui Donald Trump \u00een cursa pentru desemnarea candidatului republican la alegerile preziden\u0163iale americane de anul viitor.<\/p>\n\n\n\n<p>Fostul ofi\u021ber de marin\u0103. a fost ales la limit\u0103 \u00een 2018 pentru a conduce Florida, \u00een sud-estul Statelor Unite, dup\u0103 ce a primit sprijinul lui Trump, aflat atunci la Casa Alb\u0103.<\/p>\n\n\n\n<p>De atunci, el s-a distan\u021bat de miliardar \u0219i a c\u00e2\u0219tigat popularitate \u00eenmul\u021bind loviturile ultraconservatoare pe tema educa\u021biei sau a imigra\u021biei.<\/p>\n\n\n\n<h2 class=\"wp-block-heading\">Dar calea lui Ron DeSantis spre Casa Alb\u0103 este plin\u0103 de dificult\u0103\u021bi.<\/h2>\n\n\n\n<p>Guvernatorul \u00een v\u00e2rst\u0103 de 44 de ani, \u00een care mul\u021bi conservatori \u00ee\u0219i puseser\u0103 speran\u021bele pentru pre\u0219edin\u021bie dup\u0103 realegerea sa triumfal\u0103 \u00een Florida \u00een noiembrie 2022, se claseaz\u0103 cu mult \u00een urma lui Donald Trump &#8211; oficial candidat din 16 noiembrie 2022 -, potrivit numeroaselor sondaje de opinie.<\/p>\n\n\n\n<p>Principalul s\u0103u handicap? Lipsa de carism\u0103, semnalat\u0103 de toate p\u0103r\u021bile.<br>\u00centr-un videoclip recent al comitetului s\u0103u de ac\u021biune politic\u0103, un b\u0103rbat pune un autocolant \u201eDeSantis for President\u201d pentru a acoperi un \u201eTrump 2016\u201d pe o ma\u0219in\u0103.<\/p>\n\n\n\n<p>Este un rezumat al mesajului pe care guvernatorul vrea s\u0103 \u00eel transmit\u0103 aleg\u0103torilor: \u00een fa\u021ba miliardarului de 76 de ani, Ron DeSantis pretinde c\u0103 \u00eentruchipeaz\u0103 noua gard\u0103.<\/p>\n\n\n\n<p>DeSantis \u0219i Trump sunt cei doi favori\u021bi pentru nominalizarea republican\u0103. Ceilal\u021bi candida\u021bi republicani declara\u021bi &#8211; Nikki Haley, Tim Scott, Asa Hutchinson &#8211; dep\u0103\u0219esc rareori 5% din inten\u021biile de vot.<br>B\u0103t\u0103lia promite s\u0103 fie acerb\u0103. Ostilit\u0103\u021bile dintre cei doi b\u0103rba\u021bi au \u00eenceput cu mult \u00eenainte ca guvernatorul Floridei s\u0103 intre \u00een aren\u0103, cu declara\u021bii acide \u0219i mitinguri.<\/p>\n\n\n\n<p>Candidatul ales de tab\u0103ra republican\u0103 \u00een urma unor alegeri primare se va confrunta cu candidatul democrat \u00een noiembrie 2024.<\/p>\n","protected":false},"excerpt":{"rendered":"<p>Republicanul Ron DeSantis \u015fi-a depus oficial candidatura pentru alegerile preziden\u0163iale din 2024 la autorit\u0103\u0163ile electorale americane, relateaz\u0103 AFP. Guvernatorul statului Florida a oficializat aceast\u0103 candidatur\u0103 \u00eentr-un document transmis Comisiei electorale federale, la c\u00e2teva ore \u00eenaintea unei discu\u0163ii prev\u0103zute cu Elon Musk pe Twitter. Ron DeSantis devine astfel cel mai important rival al lui Donald Trump [&hellip;]<\/p>\n","protected":false},"author":1,"featured_media":1839,"comment_status":"open","ping_status":"closed","sticky":false,"template":"","format":"standard","meta":{"tdm_status":"","tdm_grid_status":"","footnotes":""},"categories":[10],"tags":[339,668,275],"class_list":{"0":"post-1838","1":"post","2":"type-post","3":"status-publish","4":"format-standard","5":"has-post-thumbnail","7":"category-lumea-larga","8":"tag-donald-trump","9":"tag-ron-desantis","10":"tag-sua"},"yoast_head":"<!-- This site is optimized with the Yoast SEO plugin v27.4 - https:\/\/yoast.com\/product\/yoast-seo-wordpress\/ -->\n<title>Ron DeSantis \u015fi-a depus candidatura pentru alegerile preziden\u0163iale din 2024 - Covasna45<\/title>\n<meta name=\"description\" content=\"Ron DeSantis devine astfel cel mai important rival al lui Donald Trump \u00een cursa pentru desemnarea candidatului republican\" \/>\n<meta name=\"robots\" content=\"index, follow, max-snippet:-1, max-image-preview:large, max-video-preview:-1\" \/>\n<link rel=\"canonical\" href=\"https:\/\/covasna45.ro\/index.php\/lumea-larga\/ron-desantis-si-a-depus-candidatura-pentru-alegerile-prezidentiale-din-2024\/\" \/>\n<meta property=\"og:locale\" content=\"ro_RO\" \/>\n<meta property=\"og:type\" content=\"article\" \/>\n<meta property=\"og:title\" content=\"Ron DeSantis \u015fi-a depus candidatura pentru alegerile preziden\u0163iale din 2024 - Covasna45\" \/>\n<meta property=\"og:description\" content=\"Ron DeSantis devine astfel cel mai important rival al lui Donald Trump \u00een cursa pentru desemnarea candidatului republican\" \/>\n<meta property=\"og:url\" content=\"https:\/\/covasna45.ro\/index.php\/lumea-larga\/ron-desantis-si-a-depus-candidatura-pentru-alegerile-prezidentiale-din-2024\/\" \/>\n<meta property=\"og:site_name\" content=\"Covasna45\" \/>\n<meta property=\"article:published_time\" content=\"2023-05-25T06:52:01+00:00\" \/>\n<meta property=\"article:modified_time\" content=\"2023-05-25T06:52:02+00:00\" \/>\n<meta property=\"og:image\" content=\"https:\/\/covasna45.ro\/wp-content\/uploads\/2023\/05\/Ron-DeSantis-scaled.jpg\" \/>\n\t<meta property=\"og:image:width\" content=\"2560\" \/>\n\t<meta property=\"og:image:height\" content=\"1440\" \/>\n\t<meta property=\"og:image:type\" content=\"image\/jpeg\" \/>\n<meta name=\"author\" content=\"Covasna45\" \/>\n<meta name=\"twitter:card\" content=\"summary_large_image\" \/>\n<meta name=\"twitter:label1\" content=\"Scris de\" \/>\n\t<meta name=\"twitter:data1\" content=\"Covasna45\" \/>\n\t<meta name=\"twitter:label2\" content=\"Timp estimat pentru citire\" \/>\n\t<meta name=\"twitter:data2\" content=\"2 minute\" \/>\n<script type=\"application\/ld+json\" class=\"yoast-schema-graph\">{\"@context\":\"https:\\\/\\\/schema.org\",\"@graph\":[{\"@type\":\"Article\",\"@id\":\"https:\\\/\\\/covasna45.ro\\\/index.php\\\/lumea-larga\\\/ron-desantis-si-a-depus-candidatura-pentru-alegerile-prezidentiale-din-2024\\\/#article\",\"isPartOf\":{\"@id\":\"https:\\\/\\\/covasna45.ro\\\/index.php\\\/lumea-larga\\\/ron-desantis-si-a-depus-candidatura-pentru-alegerile-prezidentiale-din-2024\\\/\"},\"author\":{\"name\":\"Covasna45\",\"@id\":\"https:\\\/\\\/covasna45.ro\\\/#\\\/schema\\\/person\\\/e674052bd7d95d70bbb007a1060ab73c\"},\"headline\":\"Ron DeSantis \u015fi-a depus candidatura pentru alegerile preziden\u0163iale din 2024\",\"datePublished\":\"2023-05-25T06:52:01+00:00\",\"dateModified\":\"2023-05-25T06:52:02+00:00\",\"mainEntityOfPage\":{\"@id\":\"https:\\\/\\\/covasna45.ro\\\/index.php\\\/lumea-larga\\\/ron-desantis-si-a-depus-candidatura-pentru-alegerile-prezidentiale-din-2024\\\/\"},\"wordCount\":356,\"commentCount\":0,\"publisher\":{\"@id\":\"https:\\\/\\\/covasna45.ro\\\/#organization\"},\"image\":{\"@id\":\"https:\\\/\\\/covasna45.ro\\\/index.php\\\/lumea-larga\\\/ron-desantis-si-a-depus-candidatura-pentru-alegerile-prezidentiale-din-2024\\\/#primaryimage\"},\"thumbnailUrl\":\"https:\\\/\\\/covasna45.ro\\\/wp-content\\\/uploads\\\/2023\\\/05\\\/Ron-DeSantis-scaled.jpg\",\"keywords\":[\"Donald Trump\",\"Ron DeSantis\",\"SUA\"],\"articleSection\":[\"Lumea larg\u0103\"],\"inLanguage\":\"ro-RO\",\"potentialAction\":[{\"@type\":\"CommentAction\",\"name\":\"Comment\",\"target\":[\"https:\\\/\\\/covasna45.ro\\\/index.php\\\/lumea-larga\\\/ron-desantis-si-a-depus-candidatura-pentru-alegerile-prezidentiale-din-2024\\\/#respond\"]}]},{\"@type\":\"WebPage\",\"@id\":\"https:\\\/\\\/covasna45.ro\\\/index.php\\\/lumea-larga\\\/ron-desantis-si-a-depus-candidatura-pentru-alegerile-prezidentiale-din-2024\\\/\",\"url\":\"https:\\\/\\\/covasna45.ro\\\/index.php\\\/lumea-larga\\\/ron-desantis-si-a-depus-candidatura-pentru-alegerile-prezidentiale-din-2024\\\/\",\"name\":\"Ron DeSantis \u015fi-a depus candidatura pentru alegerile preziden\u0163iale din 2024 - Covasna45\",\"isPartOf\":{\"@id\":\"https:\\\/\\\/covasna45.ro\\\/#website\"},\"primaryImageOfPage\":{\"@id\":\"https:\\\/\\\/covasna45.ro\\\/index.php\\\/lumea-larga\\\/ron-desantis-si-a-depus-candidatura-pentru-alegerile-prezidentiale-din-2024\\\/#primaryimage\"},\"image\":{\"@id\":\"https:\\\/\\\/covasna45.ro\\\/index.php\\\/lumea-larga\\\/ron-desantis-si-a-depus-candidatura-pentru-alegerile-prezidentiale-din-2024\\\/#primaryimage\"},\"thumbnailUrl\":\"https:\\\/\\\/covasna45.ro\\\/wp-content\\\/uploads\\\/2023\\\/05\\\/Ron-DeSantis-scaled.jpg\",\"datePublished\":\"2023-05-25T06:52:01+00:00\",\"dateModified\":\"2023-05-25T06:52:02+00:00\",\"description\":\"Ron DeSantis devine astfel cel mai important rival al lui Donald Trump \u00een cursa pentru desemnarea candidatului republican\",\"breadcrumb\":{\"@id\":\"https:\\\/\\\/covasna45.ro\\\/index.php\\\/lumea-larga\\\/ron-desantis-si-a-depus-candidatura-pentru-alegerile-prezidentiale-din-2024\\\/#breadcrumb\"},\"inLanguage\":\"ro-RO\",\"potentialAction\":[{\"@type\":\"ReadAction\",\"target\":[\"https:\\\/\\\/covasna45.ro\\\/index.php\\\/lumea-larga\\\/ron-desantis-si-a-depus-candidatura-pentru-alegerile-prezidentiale-din-2024\\\/\"]}]},{\"@type\":\"ImageObject\",\"inLanguage\":\"ro-RO\",\"@id\":\"https:\\\/\\\/covasna45.ro\\\/index.php\\\/lumea-larga\\\/ron-desantis-si-a-depus-candidatura-pentru-alegerile-prezidentiale-din-2024\\\/#primaryimage\",\"url\":\"https:\\\/\\\/covasna45.ro\\\/wp-content\\\/uploads\\\/2023\\\/05\\\/Ron-DeSantis-scaled.jpg\",\"contentUrl\":\"https:\\\/\\\/covasna45.ro\\\/wp-content\\\/uploads\\\/2023\\\/05\\\/Ron-DeSantis-scaled.jpg\",\"width\":2560,\"height\":1440},{\"@type\":\"BreadcrumbList\",\"@id\":\"https:\\\/\\\/covasna45.ro\\\/index.php\\\/lumea-larga\\\/ron-desantis-si-a-depus-candidatura-pentru-alegerile-prezidentiale-din-2024\\\/#breadcrumb\",\"itemListElement\":[{\"@type\":\"ListItem\",\"position\":1,\"name\":\"Prima pagin\u0103\",\"item\":\"https:\\\/\\\/covasna45.ro\\\/\"},{\"@type\":\"ListItem\",\"position\":2,\"name\":\"Ron DeSantis \u015fi-a depus candidatura pentru alegerile preziden\u0163iale din 2024\"}]},{\"@type\":\"WebSite\",\"@id\":\"https:\\\/\\\/covasna45.ro\\\/#website\",\"url\":\"https:\\\/\\\/covasna45.ro\\\/\",\"name\":\"covasna45.ro\",\"description\":\"\",\"publisher\":{\"@id\":\"https:\\\/\\\/covasna45.ro\\\/#organization\"},\"potentialAction\":[{\"@type\":\"SearchAction\",\"target\":{\"@type\":\"EntryPoint\",\"urlTemplate\":\"https:\\\/\\\/covasna45.ro\\\/?s={search_term_string}\"},\"query-input\":{\"@type\":\"PropertyValueSpecification\",\"valueRequired\":true,\"valueName\":\"search_term_string\"}}],\"inLanguage\":\"ro-RO\"},{\"@type\":\"Organization\",\"@id\":\"https:\\\/\\\/covasna45.ro\\\/#organization\",\"name\":\"covasna45.ro\",\"url\":\"https:\\\/\\\/covasna45.ro\\\/\",\"logo\":{\"@type\":\"ImageObject\",\"inLanguage\":\"ro-RO\",\"@id\":\"https:\\\/\\\/covasna45.ro\\\/#\\\/schema\\\/logo\\\/image\\\/\",\"url\":\"https:\\\/\\\/covasna45.ro\\\/wp-content\\\/uploads\\\/2023\\\/01\\\/icon_logo.png\",\"contentUrl\":\"https:\\\/\\\/covasna45.ro\\\/wp-content\\\/uploads\\\/2023\\\/01\\\/icon_logo.png\",\"width\":1900,\"height\":1900,\"caption\":\"covasna45.ro\"},\"image\":{\"@id\":\"https:\\\/\\\/covasna45.ro\\\/#\\\/schema\\\/logo\\\/image\\\/\"}},{\"@type\":\"Person\",\"@id\":\"https:\\\/\\\/covasna45.ro\\\/#\\\/schema\\\/person\\\/e674052bd7d95d70bbb007a1060ab73c\",\"name\":\"Covasna45\",\"image\":{\"@type\":\"ImageObject\",\"inLanguage\":\"ro-RO\",\"@id\":\"https:\\\/\\\/covasna45.ro\\\/wp-content\\\/uploads\\\/2025\\\/10\\\/icon_logo_covasna45-150x150.png\",\"url\":\"https:\\\/\\\/covasna45.ro\\\/wp-content\\\/uploads\\\/2025\\\/10\\\/icon_logo_covasna45-150x150.png\",\"contentUrl\":\"https:\\\/\\\/covasna45.ro\\\/wp-content\\\/uploads\\\/2025\\\/10\\\/icon_logo_covasna45-150x150.png\",\"caption\":\"Covasna45\"},\"sameAs\":[\"https:\\\/\\\/covasna45.ro\"],\"url\":\"https:\\\/\\\/covasna45.ro\\\/index.php\\\/author\\\/covasna\\\/\"}]}<\/script>\n<!-- \/ Yoast SEO plugin. -->","yoast_head_json":{"title":"Ron DeSantis \u015fi-a depus candidatura pentru alegerile preziden\u0163iale din 2024 - Covasna45","description":"Ron DeSantis devine astfel cel mai important rival al lui Donald Trump \u00een cursa pentru desemnarea candidatului republican","robots":{"index":"index","follow":"follow","max-snippet":"max-snippet:-1","max-image-preview":"max-image-preview:large","max-video-preview":"max-video-preview:-1"},"canonical":"https:\/\/covasna45.ro\/index.php\/lumea-larga\/ron-desantis-si-a-depus-candidatura-pentru-alegerile-prezidentiale-din-2024\/","og_locale":"ro_RO","og_type":"article","og_title":"Ron DeSantis \u015fi-a depus candidatura pentru alegerile preziden\u0163iale din 2024 - Covasna45","og_description":"Ron DeSantis devine astfel cel mai important rival al lui Donald Trump \u00een cursa pentru desemnarea candidatului republican","og_url":"https:\/\/covasna45.ro\/index.php\/lumea-larga\/ron-desantis-si-a-depus-candidatura-pentru-alegerile-prezidentiale-din-2024\/","og_site_name":"Covasna45","article_published_time":"2023-05-25T06:52:01+00:00","article_modified_time":"2023-05-25T06:52:02+00:00","og_image":[{"width":2560,"height":1440,"url":"https:\/\/covasna45.ro\/wp-content\/uploads\/2023\/05\/Ron-DeSantis-scaled.jpg","type":"image\/jpeg"}],"author":"Covasna45","twitter_card":"summary_large_image","twitter_misc":{"Scris de":"Covasna45","Timp estimat pentru citire":"2 minute"},"schema":{"@context":"https:\/\/schema.org","@graph":[{"@type":"Article","@id":"https:\/\/covasna45.ro\/index.php\/lumea-larga\/ron-desantis-si-a-depus-candidatura-pentru-alegerile-prezidentiale-din-2024\/#article","isPartOf":{"@id":"https:\/\/covasna45.ro\/index.php\/lumea-larga\/ron-desantis-si-a-depus-candidatura-pentru-alegerile-prezidentiale-din-2024\/"},"author":{"name":"Covasna45","@id":"https:\/\/covasna45.ro\/#\/schema\/person\/e674052bd7d95d70bbb007a1060ab73c"},"headline":"Ron DeSantis \u015fi-a depus candidatura pentru alegerile preziden\u0163iale din 2024","datePublished":"2023-05-25T06:52:01+00:00","dateModified":"2023-05-25T06:52:02+00:00","mainEntityOfPage":{"@id":"https:\/\/covasna45.ro\/index.php\/lumea-larga\/ron-desantis-si-a-depus-candidatura-pentru-alegerile-prezidentiale-din-2024\/"},"wordCount":356,"commentCount":0,"publisher":{"@id":"https:\/\/covasna45.ro\/#organization"},"image":{"@id":"https:\/\/covasna45.ro\/index.php\/lumea-larga\/ron-desantis-si-a-depus-candidatura-pentru-alegerile-prezidentiale-din-2024\/#primaryimage"},"thumbnailUrl":"https:\/\/covasna45.ro\/wp-content\/uploads\/2023\/05\/Ron-DeSantis-scaled.jpg","keywords":["Donald Trump","Ron DeSantis","SUA"],"articleSection":["Lumea larg\u0103"],"inLanguage":"ro-RO","potentialAction":[{"@type":"CommentAction","name":"Comment","target":["https:\/\/covasna45.ro\/index.php\/lumea-larga\/ron-desantis-si-a-depus-candidatura-pentru-alegerile-prezidentiale-din-2024\/#respond"]}]},{"@type":"WebPage","@id":"https:\/\/covasna45.ro\/index.php\/lumea-larga\/ron-desantis-si-a-depus-candidatura-pentru-alegerile-prezidentiale-din-2024\/","url":"https:\/\/covasna45.ro\/index.php\/lumea-larga\/ron-desantis-si-a-depus-candidatura-pentru-alegerile-prezidentiale-din-2024\/","name":"Ron DeSantis \u015fi-a depus candidatura pentru alegerile preziden\u0163iale din 2024 - Covasna45","isPartOf":{"@id":"https:\/\/covasna45.ro\/#website"},"primaryImageOfPage":{"@id":"https:\/\/covasna45.ro\/index.php\/lumea-larga\/ron-desantis-si-a-depus-candidatura-pentru-alegerile-prezidentiale-din-2024\/#primaryimage"},"image":{"@id":"https:\/\/covasna45.ro\/index.php\/lumea-larga\/ron-desantis-si-a-depus-candidatura-pentru-alegerile-prezidentiale-din-2024\/#primaryimage"},"thumbnailUrl":"https:\/\/covasna45.ro\/wp-content\/uploads\/2023\/05\/Ron-DeSantis-scaled.jpg","datePublished":"2023-05-25T06:52:01+00:00","dateModified":"2023-05-25T06:52:02+00:00","description":"Ron DeSantis devine astfel cel mai important rival al lui Donald Trump \u00een cursa pentru desemnarea candidatului republican","breadcrumb":{"@id":"https:\/\/covasna45.ro\/index.php\/lumea-larga\/ron-desantis-si-a-depus-candidatura-pentru-alegerile-prezidentiale-din-2024\/#breadcrumb"},"inLanguage":"ro-RO","potentialAction":[{"@type":"ReadAction","target":["https:\/\/covasna45.ro\/index.php\/lumea-larga\/ron-desantis-si-a-depus-candidatura-pentru-alegerile-prezidentiale-din-2024\/"]}]},{"@type":"ImageObject","inLanguage":"ro-RO","@id":"https:\/\/covasna45.ro\/index.php\/lumea-larga\/ron-desantis-si-a-depus-candidatura-pentru-alegerile-prezidentiale-din-2024\/#primaryimage","url":"https:\/\/covasna45.ro\/wp-content\/uploads\/2023\/05\/Ron-DeSantis-scaled.jpg","contentUrl":"https:\/\/covasna45.ro\/wp-content\/uploads\/2023\/05\/Ron-DeSantis-scaled.jpg","width":2560,"height":1440},{"@type":"BreadcrumbList","@id":"https:\/\/covasna45.ro\/index.php\/lumea-larga\/ron-desantis-si-a-depus-candidatura-pentru-alegerile-prezidentiale-din-2024\/#breadcrumb","itemListElement":[{"@type":"ListItem","position":1,"name":"Prima pagin\u0103","item":"https:\/\/covasna45.ro\/"},{"@type":"ListItem","position":2,"name":"Ron DeSantis \u015fi-a depus candidatura pentru alegerile preziden\u0163iale din 2024"}]},{"@type":"WebSite","@id":"https:\/\/covasna45.ro\/#website","url":"https:\/\/covasna45.ro\/","name":"covasna45.ro","description":"","publisher":{"@id":"https:\/\/covasna45.ro\/#organization"},"potentialAction":[{"@type":"SearchAction","target":{"@type":"EntryPoint","urlTemplate":"https:\/\/covasna45.ro\/?s={search_term_string}"},"query-input":{"@type":"PropertyValueSpecification","valueRequired":true,"valueName":"search_term_string"}}],"inLanguage":"ro-RO"},{"@type":"Organization","@id":"https:\/\/covasna45.ro\/#organization","name":"covasna45.ro","url":"https:\/\/covasna45.ro\/","logo":{"@type":"ImageObject","inLanguage":"ro-RO","@id":"https:\/\/covasna45.ro\/#\/schema\/logo\/image\/","url":"https:\/\/covasna45.ro\/wp-content\/uploads\/2023\/01\/icon_logo.png","contentUrl":"https:\/\/covasna45.ro\/wp-content\/uploads\/2023\/01\/icon_logo.png","width":1900,"height":1900,"caption":"covasna45.ro"},"image":{"@id":"https:\/\/covasna45.ro\/#\/schema\/logo\/image\/"}},{"@type":"Person","@id":"https:\/\/covasna45.ro\/#\/schema\/person\/e674052bd7d95d70bbb007a1060ab73c","name":"Covasna45","image":{"@type":"ImageObject","inLanguage":"ro-RO","@id":"https:\/\/covasna45.ro\/wp-content\/uploads\/2025\/10\/icon_logo_covasna45-150x150.png","url":"https:\/\/covasna45.ro\/wp-content\/uploads\/2025\/10\/icon_logo_covasna45-150x150.png","contentUrl":"https:\/\/covasna45.ro\/wp-content\/uploads\/2025\/10\/icon_logo_covasna45-150x150.png","caption":"Covasna45"},"sameAs":["https:\/\/covasna45.ro"],"url":"https:\/\/covasna45.ro\/index.php\/author\/covasna\/"}]}},"_links":{"self":[{"href":"https:\/\/covasna45.ro\/index.php\/wp-json\/wp\/v2\/posts\/1838","targetHints":{"allow":["GET"]}}],"collection":[{"href":"https:\/\/covasna45.ro\/index.php\/wp-json\/wp\/v2\/posts"}],"about":[{"href":"https:\/\/covasna45.ro\/index.php\/wp-json\/wp\/v2\/types\/post"}],"author":[{"embeddable":true,"href":"https:\/\/covasna45.ro\/index.php\/wp-json\/wp\/v2\/users\/1"}],"replies":[{"embeddable":true,"href":"https:\/\/covasna45.ro\/index.php\/wp-json\/wp\/v2\/comments?post=1838"}],"version-history":[{"count":1,"href":"https:\/\/covasna45.ro\/index.php\/wp-json\/wp\/v2\/posts\/1838\/revisions"}],"predecessor-version":[{"id":1840,"href":"https:\/\/covasna45.ro\/index.php\/wp-json\/wp\/v2\/posts\/1838\/revisions\/1840"}],"wp:featuredmedia":[{"embeddable":true,"href":"https:\/\/covasna45.ro\/index.php\/wp-json\/wp\/v2\/media\/1839"}],"wp:attachment":[{"href":"https:\/\/covasna45.ro\/index.php\/wp-json\/wp\/v2\/media?parent=1838"}],"wp:term":[{"taxonomy":"category","embeddable":true,"href":"https:\/\/covasna45.ro\/index.php\/wp-json\/wp\/v2\/categories?post=1838"},{"taxonomy":"post_tag","embeddable":true,"href":"https:\/\/covasna45.ro\/index.php\/wp-json\/wp\/v2\/tags?post=1838"}],"curies":[{"name":"wp","href":"https:\/\/api.w.org\/{rel}","templated":true}]}}