{"id":2043,"date":"2023-06-21T09:44:40","date_gmt":"2023-06-21T07:44:40","guid":{"rendered":"https:\/\/covasna45.ro\/?p=2043"},"modified":"2023-06-21T09:44:41","modified_gmt":"2023-06-21T07:44:41","slug":"ministrul-maghiar-de-externe-s-a-saturat-de-pretentiile-ucrainei","status":"publish","type":"post","link":"https:\/\/covasna45.ro\/index.php\/lumea-larga\/ministrul-maghiar-de-externe-s-a-saturat-de-pretentiile-ucrainei\/","title":{"rendered":"Ministrul maghiar de Externe s-a s\u0103turat de preten\u021biile Ucrainei"},"content":{"rendered":"\n<p>Ministrul maghiar al Afacerilor Externe \u0219i Comer\u021bului, P\u00e9ter Szijj\u00e1rt\u00f3, a criticat pozi\u021bia lui Iuri Kamelciuk din timpul unei dezbateri de la Adunarea Parlamentar\u0103 a Consiliului Europei. Deputatul ucrainean a cerut \u00een mod repetat Guvernului ungar s\u0103 dea socoteal\u0103 pentru atitudinea fa\u021b\u0103 de Ucraina. De asemenea, oficialul maghiar a comparat r\u0103zboiul din Ucraina cu revolu\u021bia din 1956, informeaz\u0103 ziarul Magyar Nemzet.<\/p>\n\n\n\n<p><strong><em>\u201e\u00cen 1956, \u021bara mea a fost invadat\u0103 de Armata Ro\u0219ie sovietic\u0103. \u00cen acel moment, \u00eentreaga lume occidental\u0103 se uita la ceea ce se \u00eent\u00e2mpla la Budapesta \u0219i Ungaria. S-a promis tot felul de sprijin, Radio Europa Liber\u0103 a r\u0103sp\u00e2ndit cea mai mare \u0219tire fals\u0103 din istoria noastr\u0103 mediatic\u0103, c\u0103 americanii erau dup\u0103 col\u021b s\u0103 ne ajute. Nimeni nu a venit s\u0103 ajute, a\u0219a c\u0103 \u021bara mea a r\u0103mas sub ocupa\u021bie comunist\u0103 p\u00e2n\u0103 \u00een 1990. \u0218i \u00eentregul continent european era foarte confortabil cu aceast\u0103 situa\u021bie. P\u00e2n\u0103 \u00een 1990 nu am primit niciun sprijin, nu am auzit nicio voce care s\u0103 sus\u021bin\u0103 c\u0103 Ungaria este o \u021bar\u0103 liber\u0103 \u0219i suveran\u0103 \u00eempreun\u0103 cu celelalte \u021b\u0103ri partenere din Europa de Est\u201d,<\/em><\/strong> \u0219i-a \u00eenceput r\u0103spunsul Szijj\u00e1rt\u00f3 c\u0103tre Yuri Kamelchuk la dezbaterea Adun\u0103rii Parlamentare a Consiliului Europei.<\/p>\n\n\n\n<h2 class=\"wp-block-heading\">\u201e\u021aara mea a fost invadat\u0103 de Armata Ro\u0219ie sovietic\u0103 \u00een 1956! Nimeni nu a venit s\u0103 ajute!\u201d<\/h2>\n\n\n\n<p><strong><em>\u201e\u00cen 1956, peste 2600 de maghiari au fost uci\u0219i \u0219i aproape 20.000 r\u0103ni\u021bi \u00een Ungaria \u00een trei zile de c\u0103tre armata sovietic\u0103. Poate c\u0103 se a\u0219teptau la acela\u0219i scenariu la Kiev\u201d,<\/em><\/strong> a spus oficialul maghiar.<\/p>\n\n\n\n<p>Printre altele, Kamelchuk l-a \u00eentrebat pe Szijj\u00e1rt\u00f3 de ce Ungaria blocheaz\u0103 viitoarele fonduri ale Instrumentului european pentru pace (EFP) pentru sprijin militar pentru Ucraina. Ministrul maghiar a spus c\u0103 Ungaria nu este de acord cu plata fondurilor, deoarece Agen\u021bia Anticorup\u021bie a Ucrainei a ad\u0103ugat cea mai mare banc\u0103 maghiar\u0103 pe lista sponsorilor interna\u021bionali ai r\u0103zboiului. <\/p>\n\n\n\n<p><strong><em>\u201eSingurul lucru pe care l-am cerut autorit\u0103\u021bilor ucrainene, pentru a putea trece prin propunerea Uniunii Europene pentru un EPF, este s\u0103 elimine aceast\u0103 banc\u0103 de pe aceast\u0103 list\u0103, unde nu are nimic de f\u0103cut. Nici autorit\u0103\u021bile dumneavoastr\u0103 nu au ascultat aceast\u0103 cerere foarte simpl\u0103. A\u0219 dori s\u0103 v\u0103 rog s\u0103 ne ajuta\u021bi \u0219i s\u0103 elimina\u021bi banca num\u0103rul unu a Ungariei de pe aceast\u0103 list\u0103, care este listat\u0103 foarte nedrept, iar apoi vom reveni cu pl\u0103cere la aceast\u0103 problem\u0103\u201d,<\/em><\/strong> a explicat Szijj\u00e1rt\u00f3.<\/p>\n","protected":false},"excerpt":{"rendered":"<p>Ministrul maghiar al Afacerilor Externe \u0219i Comer\u021bului, P\u00e9ter Szijj\u00e1rt\u00f3, a criticat pozi\u021bia lui Iuri Kamelciuk din timpul unei dezbateri de la Adunarea Parlamentar\u0103 a Consiliului Europei. Deputatul ucrainean a cerut \u00een mod repetat Guvernului ungar s\u0103 dea socoteal\u0103 pentru atitudinea fa\u021b\u0103 de Ucraina. De asemenea, oficialul maghiar a comparat r\u0103zboiul din Ucraina cu revolu\u021bia din [&hellip;]<\/p>\n","protected":false},"author":1,"featured_media":2044,"comment_status":"open","ping_status":"closed","sticky":false,"template":"","format":"standard","meta":{"tdm_status":"","tdm_grid_status":"","footnotes":""},"categories":[10],"tags":[773,254,116,108],"class_list":{"0":"post-2043","1":"post","2":"type-post","3":"status-publish","4":"format-standard","5":"has-post-thumbnail","7":"category-lumea-larga","8":"tag-efp","9":"tag-peter-szijjarto","10":"tag-ucraina","11":"tag-ungaria"},"yoast_head":"<!-- This site is optimized with the Yoast SEO plugin v27.4 - https:\/\/yoast.com\/product\/yoast-seo-wordpress\/ -->\n<title>Ministrul maghiar de Externe s-a s\u0103turat de preten\u021biile Ucrainei - Covasna45<\/title>\n<meta name=\"description\" content=\"Printre altele, Kamelchuk l-a \u00eentrebat pe Szijj\u00e1rt\u00f3 de ce Ungaria blocheaz\u0103 viitoarele fonduri ale Instrumentului european pentru pace (EFP)\" \/>\n<meta name=\"robots\" content=\"index, follow, max-snippet:-1, max-image-preview:large, max-video-preview:-1\" \/>\n<link rel=\"canonical\" href=\"https:\/\/covasna45.ro\/index.php\/lumea-larga\/ministrul-maghiar-de-externe-s-a-saturat-de-pretentiile-ucrainei\/\" \/>\n<meta property=\"og:locale\" content=\"ro_RO\" \/>\n<meta property=\"og:type\" content=\"article\" \/>\n<meta property=\"og:title\" content=\"Ministrul maghiar de Externe s-a s\u0103turat de preten\u021biile Ucrainei - Covasna45\" \/>\n<meta property=\"og:description\" content=\"Printre altele, Kamelchuk l-a \u00eentrebat pe Szijj\u00e1rt\u00f3 de ce Ungaria blocheaz\u0103 viitoarele fonduri ale Instrumentului european pentru pace (EFP)\" \/>\n<meta property=\"og:url\" content=\"https:\/\/covasna45.ro\/index.php\/lumea-larga\/ministrul-maghiar-de-externe-s-a-saturat-de-pretentiile-ucrainei\/\" \/>\n<meta property=\"og:site_name\" content=\"Covasna45\" \/>\n<meta property=\"article:published_time\" content=\"2023-06-21T07:44:40+00:00\" \/>\n<meta property=\"article:modified_time\" content=\"2023-06-21T07:44:41+00:00\" \/>\n<meta property=\"og:image\" content=\"https:\/\/covasna45.ro\/wp-content\/uploads\/2023\/06\/Peter-Szijjarto-1.jpg\" \/>\n\t<meta property=\"og:image:width\" content=\"1024\" \/>\n\t<meta property=\"og:image:height\" content=\"683\" \/>\n\t<meta property=\"og:image:type\" content=\"image\/jpeg\" \/>\n<meta name=\"author\" content=\"Covasna45\" \/>\n<meta name=\"twitter:card\" content=\"summary_large_image\" \/>\n<meta name=\"twitter:label1\" content=\"Scris de\" \/>\n\t<meta name=\"twitter:data1\" content=\"Covasna45\" \/>\n\t<meta name=\"twitter:label2\" content=\"Timp estimat pentru citire\" \/>\n\t<meta name=\"twitter:data2\" content=\"3 minute\" \/>\n<script type=\"application\/ld+json\" class=\"yoast-schema-graph\">{\"@context\":\"https:\\\/\\\/schema.org\",\"@graph\":[{\"@type\":\"Article\",\"@id\":\"https:\\\/\\\/covasna45.ro\\\/index.php\\\/lumea-larga\\\/ministrul-maghiar-de-externe-s-a-saturat-de-pretentiile-ucrainei\\\/#article\",\"isPartOf\":{\"@id\":\"https:\\\/\\\/covasna45.ro\\\/index.php\\\/lumea-larga\\\/ministrul-maghiar-de-externe-s-a-saturat-de-pretentiile-ucrainei\\\/\"},\"author\":{\"name\":\"Covasna45\",\"@id\":\"https:\\\/\\\/covasna45.ro\\\/#\\\/schema\\\/person\\\/e674052bd7d95d70bbb007a1060ab73c\"},\"headline\":\"Ministrul maghiar de Externe s-a s\u0103turat de preten\u021biile Ucrainei\",\"datePublished\":\"2023-06-21T07:44:40+00:00\",\"dateModified\":\"2023-06-21T07:44:41+00:00\",\"mainEntityOfPage\":{\"@id\":\"https:\\\/\\\/covasna45.ro\\\/index.php\\\/lumea-larga\\\/ministrul-maghiar-de-externe-s-a-saturat-de-pretentiile-ucrainei\\\/\"},\"wordCount\":424,\"commentCount\":1,\"publisher\":{\"@id\":\"https:\\\/\\\/covasna45.ro\\\/#organization\"},\"image\":{\"@id\":\"https:\\\/\\\/covasna45.ro\\\/index.php\\\/lumea-larga\\\/ministrul-maghiar-de-externe-s-a-saturat-de-pretentiile-ucrainei\\\/#primaryimage\"},\"thumbnailUrl\":\"https:\\\/\\\/covasna45.ro\\\/wp-content\\\/uploads\\\/2023\\\/06\\\/Peter-Szijjarto-1.jpg\",\"keywords\":[\"EFP\",\"P\u00e9ter Szijj\u00e1rt\u00f3\",\"Ucraina\",\"Ungaria\"],\"articleSection\":[\"Lumea larg\u0103\"],\"inLanguage\":\"ro-RO\",\"potentialAction\":[{\"@type\":\"CommentAction\",\"name\":\"Comment\",\"target\":[\"https:\\\/\\\/covasna45.ro\\\/index.php\\\/lumea-larga\\\/ministrul-maghiar-de-externe-s-a-saturat-de-pretentiile-ucrainei\\\/#respond\"]}]},{\"@type\":\"WebPage\",\"@id\":\"https:\\\/\\\/covasna45.ro\\\/index.php\\\/lumea-larga\\\/ministrul-maghiar-de-externe-s-a-saturat-de-pretentiile-ucrainei\\\/\",\"url\":\"https:\\\/\\\/covasna45.ro\\\/index.php\\\/lumea-larga\\\/ministrul-maghiar-de-externe-s-a-saturat-de-pretentiile-ucrainei\\\/\",\"name\":\"Ministrul maghiar de Externe s-a s\u0103turat de preten\u021biile Ucrainei - Covasna45\",\"isPartOf\":{\"@id\":\"https:\\\/\\\/covasna45.ro\\\/#website\"},\"primaryImageOfPage\":{\"@id\":\"https:\\\/\\\/covasna45.ro\\\/index.php\\\/lumea-larga\\\/ministrul-maghiar-de-externe-s-a-saturat-de-pretentiile-ucrainei\\\/#primaryimage\"},\"image\":{\"@id\":\"https:\\\/\\\/covasna45.ro\\\/index.php\\\/lumea-larga\\\/ministrul-maghiar-de-externe-s-a-saturat-de-pretentiile-ucrainei\\\/#primaryimage\"},\"thumbnailUrl\":\"https:\\\/\\\/covasna45.ro\\\/wp-content\\\/uploads\\\/2023\\\/06\\\/Peter-Szijjarto-1.jpg\",\"datePublished\":\"2023-06-21T07:44:40+00:00\",\"dateModified\":\"2023-06-21T07:44:41+00:00\",\"description\":\"Printre altele, Kamelchuk l-a \u00eentrebat pe Szijj\u00e1rt\u00f3 de ce Ungaria blocheaz\u0103 viitoarele fonduri ale Instrumentului european pentru pace (EFP)\",\"breadcrumb\":{\"@id\":\"https:\\\/\\\/covasna45.ro\\\/index.php\\\/lumea-larga\\\/ministrul-maghiar-de-externe-s-a-saturat-de-pretentiile-ucrainei\\\/#breadcrumb\"},\"inLanguage\":\"ro-RO\",\"potentialAction\":[{\"@type\":\"ReadAction\",\"target\":[\"https:\\\/\\\/covasna45.ro\\\/index.php\\\/lumea-larga\\\/ministrul-maghiar-de-externe-s-a-saturat-de-pretentiile-ucrainei\\\/\"]}]},{\"@type\":\"ImageObject\",\"inLanguage\":\"ro-RO\",\"@id\":\"https:\\\/\\\/covasna45.ro\\\/index.php\\\/lumea-larga\\\/ministrul-maghiar-de-externe-s-a-saturat-de-pretentiile-ucrainei\\\/#primaryimage\",\"url\":\"https:\\\/\\\/covasna45.ro\\\/wp-content\\\/uploads\\\/2023\\\/06\\\/Peter-Szijjarto-1.jpg\",\"contentUrl\":\"https:\\\/\\\/covasna45.ro\\\/wp-content\\\/uploads\\\/2023\\\/06\\\/Peter-Szijjarto-1.jpg\",\"width\":1024,\"height\":683},{\"@type\":\"BreadcrumbList\",\"@id\":\"https:\\\/\\\/covasna45.ro\\\/index.php\\\/lumea-larga\\\/ministrul-maghiar-de-externe-s-a-saturat-de-pretentiile-ucrainei\\\/#breadcrumb\",\"itemListElement\":[{\"@type\":\"ListItem\",\"position\":1,\"name\":\"Prima pagin\u0103\",\"item\":\"https:\\\/\\\/covasna45.ro\\\/\"},{\"@type\":\"ListItem\",\"position\":2,\"name\":\"Ministrul maghiar de Externe s-a s\u0103turat de preten\u021biile Ucrainei\"}]},{\"@type\":\"WebSite\",\"@id\":\"https:\\\/\\\/covasna45.ro\\\/#website\",\"url\":\"https:\\\/\\\/covasna45.ro\\\/\",\"name\":\"covasna45.ro\",\"description\":\"\",\"publisher\":{\"@id\":\"https:\\\/\\\/covasna45.ro\\\/#organization\"},\"potentialAction\":[{\"@type\":\"SearchAction\",\"target\":{\"@type\":\"EntryPoint\",\"urlTemplate\":\"https:\\\/\\\/covasna45.ro\\\/?s={search_term_string}\"},\"query-input\":{\"@type\":\"PropertyValueSpecification\",\"valueRequired\":true,\"valueName\":\"search_term_string\"}}],\"inLanguage\":\"ro-RO\"},{\"@type\":\"Organization\",\"@id\":\"https:\\\/\\\/covasna45.ro\\\/#organization\",\"name\":\"covasna45.ro\",\"url\":\"https:\\\/\\\/covasna45.ro\\\/\",\"logo\":{\"@type\":\"ImageObject\",\"inLanguage\":\"ro-RO\",\"@id\":\"https:\\\/\\\/covasna45.ro\\\/#\\\/schema\\\/logo\\\/image\\\/\",\"url\":\"https:\\\/\\\/covasna45.ro\\\/wp-content\\\/uploads\\\/2023\\\/01\\\/icon_logo.png\",\"contentUrl\":\"https:\\\/\\\/covasna45.ro\\\/wp-content\\\/uploads\\\/2023\\\/01\\\/icon_logo.png\",\"width\":1900,\"height\":1900,\"caption\":\"covasna45.ro\"},\"image\":{\"@id\":\"https:\\\/\\\/covasna45.ro\\\/#\\\/schema\\\/logo\\\/image\\\/\"}},{\"@type\":\"Person\",\"@id\":\"https:\\\/\\\/covasna45.ro\\\/#\\\/schema\\\/person\\\/e674052bd7d95d70bbb007a1060ab73c\",\"name\":\"Covasna45\",\"image\":{\"@type\":\"ImageObject\",\"inLanguage\":\"ro-RO\",\"@id\":\"https:\\\/\\\/covasna45.ro\\\/wp-content\\\/uploads\\\/2025\\\/10\\\/icon_logo_covasna45-150x150.png\",\"url\":\"https:\\\/\\\/covasna45.ro\\\/wp-content\\\/uploads\\\/2025\\\/10\\\/icon_logo_covasna45-150x150.png\",\"contentUrl\":\"https:\\\/\\\/covasna45.ro\\\/wp-content\\\/uploads\\\/2025\\\/10\\\/icon_logo_covasna45-150x150.png\",\"caption\":\"Covasna45\"},\"sameAs\":[\"https:\\\/\\\/covasna45.ro\"],\"url\":\"https:\\\/\\\/covasna45.ro\\\/index.php\\\/author\\\/covasna\\\/\"}]}<\/script>\n<!-- \/ Yoast SEO plugin. -->","yoast_head_json":{"title":"Ministrul maghiar de Externe s-a s\u0103turat de preten\u021biile Ucrainei - Covasna45","description":"Printre altele, Kamelchuk l-a \u00eentrebat pe Szijj\u00e1rt\u00f3 de ce Ungaria blocheaz\u0103 viitoarele fonduri ale Instrumentului european pentru pace (EFP)","robots":{"index":"index","follow":"follow","max-snippet":"max-snippet:-1","max-image-preview":"max-image-preview:large","max-video-preview":"max-video-preview:-1"},"canonical":"https:\/\/covasna45.ro\/index.php\/lumea-larga\/ministrul-maghiar-de-externe-s-a-saturat-de-pretentiile-ucrainei\/","og_locale":"ro_RO","og_type":"article","og_title":"Ministrul maghiar de Externe s-a s\u0103turat de preten\u021biile Ucrainei - Covasna45","og_description":"Printre altele, Kamelchuk l-a \u00eentrebat pe Szijj\u00e1rt\u00f3 de ce Ungaria blocheaz\u0103 viitoarele fonduri ale Instrumentului european pentru pace (EFP)","og_url":"https:\/\/covasna45.ro\/index.php\/lumea-larga\/ministrul-maghiar-de-externe-s-a-saturat-de-pretentiile-ucrainei\/","og_site_name":"Covasna45","article_published_time":"2023-06-21T07:44:40+00:00","article_modified_time":"2023-06-21T07:44:41+00:00","og_image":[{"width":1024,"height":683,"url":"https:\/\/covasna45.ro\/wp-content\/uploads\/2023\/06\/Peter-Szijjarto-1.jpg","type":"image\/jpeg"}],"author":"Covasna45","twitter_card":"summary_large_image","twitter_misc":{"Scris de":"Covasna45","Timp estimat pentru citire":"3 minute"},"schema":{"@context":"https:\/\/schema.org","@graph":[{"@type":"Article","@id":"https:\/\/covasna45.ro\/index.php\/lumea-larga\/ministrul-maghiar-de-externe-s-a-saturat-de-pretentiile-ucrainei\/#article","isPartOf":{"@id":"https:\/\/covasna45.ro\/index.php\/lumea-larga\/ministrul-maghiar-de-externe-s-a-saturat-de-pretentiile-ucrainei\/"},"author":{"name":"Covasna45","@id":"https:\/\/covasna45.ro\/#\/schema\/person\/e674052bd7d95d70bbb007a1060ab73c"},"headline":"Ministrul maghiar de Externe s-a s\u0103turat de preten\u021biile Ucrainei","datePublished":"2023-06-21T07:44:40+00:00","dateModified":"2023-06-21T07:44:41+00:00","mainEntityOfPage":{"@id":"https:\/\/covasna45.ro\/index.php\/lumea-larga\/ministrul-maghiar-de-externe-s-a-saturat-de-pretentiile-ucrainei\/"},"wordCount":424,"commentCount":1,"publisher":{"@id":"https:\/\/covasna45.ro\/#organization"},"image":{"@id":"https:\/\/covasna45.ro\/index.php\/lumea-larga\/ministrul-maghiar-de-externe-s-a-saturat-de-pretentiile-ucrainei\/#primaryimage"},"thumbnailUrl":"https:\/\/covasna45.ro\/wp-content\/uploads\/2023\/06\/Peter-Szijjarto-1.jpg","keywords":["EFP","P\u00e9ter Szijj\u00e1rt\u00f3","Ucraina","Ungaria"],"articleSection":["Lumea larg\u0103"],"inLanguage":"ro-RO","potentialAction":[{"@type":"CommentAction","name":"Comment","target":["https:\/\/covasna45.ro\/index.php\/lumea-larga\/ministrul-maghiar-de-externe-s-a-saturat-de-pretentiile-ucrainei\/#respond"]}]},{"@type":"WebPage","@id":"https:\/\/covasna45.ro\/index.php\/lumea-larga\/ministrul-maghiar-de-externe-s-a-saturat-de-pretentiile-ucrainei\/","url":"https:\/\/covasna45.ro\/index.php\/lumea-larga\/ministrul-maghiar-de-externe-s-a-saturat-de-pretentiile-ucrainei\/","name":"Ministrul maghiar de Externe s-a s\u0103turat de preten\u021biile Ucrainei - Covasna45","isPartOf":{"@id":"https:\/\/covasna45.ro\/#website"},"primaryImageOfPage":{"@id":"https:\/\/covasna45.ro\/index.php\/lumea-larga\/ministrul-maghiar-de-externe-s-a-saturat-de-pretentiile-ucrainei\/#primaryimage"},"image":{"@id":"https:\/\/covasna45.ro\/index.php\/lumea-larga\/ministrul-maghiar-de-externe-s-a-saturat-de-pretentiile-ucrainei\/#primaryimage"},"thumbnailUrl":"https:\/\/covasna45.ro\/wp-content\/uploads\/2023\/06\/Peter-Szijjarto-1.jpg","datePublished":"2023-06-21T07:44:40+00:00","dateModified":"2023-06-21T07:44:41+00:00","description":"Printre altele, Kamelchuk l-a \u00eentrebat pe Szijj\u00e1rt\u00f3 de ce Ungaria blocheaz\u0103 viitoarele fonduri ale Instrumentului european pentru pace (EFP)","breadcrumb":{"@id":"https:\/\/covasna45.ro\/index.php\/lumea-larga\/ministrul-maghiar-de-externe-s-a-saturat-de-pretentiile-ucrainei\/#breadcrumb"},"inLanguage":"ro-RO","potentialAction":[{"@type":"ReadAction","target":["https:\/\/covasna45.ro\/index.php\/lumea-larga\/ministrul-maghiar-de-externe-s-a-saturat-de-pretentiile-ucrainei\/"]}]},{"@type":"ImageObject","inLanguage":"ro-RO","@id":"https:\/\/covasna45.ro\/index.php\/lumea-larga\/ministrul-maghiar-de-externe-s-a-saturat-de-pretentiile-ucrainei\/#primaryimage","url":"https:\/\/covasna45.ro\/wp-content\/uploads\/2023\/06\/Peter-Szijjarto-1.jpg","contentUrl":"https:\/\/covasna45.ro\/wp-content\/uploads\/2023\/06\/Peter-Szijjarto-1.jpg","width":1024,"height":683},{"@type":"BreadcrumbList","@id":"https:\/\/covasna45.ro\/index.php\/lumea-larga\/ministrul-maghiar-de-externe-s-a-saturat-de-pretentiile-ucrainei\/#breadcrumb","itemListElement":[{"@type":"ListItem","position":1,"name":"Prima pagin\u0103","item":"https:\/\/covasna45.ro\/"},{"@type":"ListItem","position":2,"name":"Ministrul maghiar de Externe s-a s\u0103turat de preten\u021biile Ucrainei"}]},{"@type":"WebSite","@id":"https:\/\/covasna45.ro\/#website","url":"https:\/\/covasna45.ro\/","name":"covasna45.ro","description":"","publisher":{"@id":"https:\/\/covasna45.ro\/#organization"},"potentialAction":[{"@type":"SearchAction","target":{"@type":"EntryPoint","urlTemplate":"https:\/\/covasna45.ro\/?s={search_term_string}"},"query-input":{"@type":"PropertyValueSpecification","valueRequired":true,"valueName":"search_term_string"}}],"inLanguage":"ro-RO"},{"@type":"Organization","@id":"https:\/\/covasna45.ro\/#organization","name":"covasna45.ro","url":"https:\/\/covasna45.ro\/","logo":{"@type":"ImageObject","inLanguage":"ro-RO","@id":"https:\/\/covasna45.ro\/#\/schema\/logo\/image\/","url":"https:\/\/covasna45.ro\/wp-content\/uploads\/2023\/01\/icon_logo.png","contentUrl":"https:\/\/covasna45.ro\/wp-content\/uploads\/2023\/01\/icon_logo.png","width":1900,"height":1900,"caption":"covasna45.ro"},"image":{"@id":"https:\/\/covasna45.ro\/#\/schema\/logo\/image\/"}},{"@type":"Person","@id":"https:\/\/covasna45.ro\/#\/schema\/person\/e674052bd7d95d70bbb007a1060ab73c","name":"Covasna45","image":{"@type":"ImageObject","inLanguage":"ro-RO","@id":"https:\/\/covasna45.ro\/wp-content\/uploads\/2025\/10\/icon_logo_covasna45-150x150.png","url":"https:\/\/covasna45.ro\/wp-content\/uploads\/2025\/10\/icon_logo_covasna45-150x150.png","contentUrl":"https:\/\/covasna45.ro\/wp-content\/uploads\/2025\/10\/icon_logo_covasna45-150x150.png","caption":"Covasna45"},"sameAs":["https:\/\/covasna45.ro"],"url":"https:\/\/covasna45.ro\/index.php\/author\/covasna\/"}]}},"_links":{"self":[{"href":"https:\/\/covasna45.ro\/index.php\/wp-json\/wp\/v2\/posts\/2043","targetHints":{"allow":["GET"]}}],"collection":[{"href":"https:\/\/covasna45.ro\/index.php\/wp-json\/wp\/v2\/posts"}],"about":[{"href":"https:\/\/covasna45.ro\/index.php\/wp-json\/wp\/v2\/types\/post"}],"author":[{"embeddable":true,"href":"https:\/\/covasna45.ro\/index.php\/wp-json\/wp\/v2\/users\/1"}],"replies":[{"embeddable":true,"href":"https:\/\/covasna45.ro\/index.php\/wp-json\/wp\/v2\/comments?post=2043"}],"version-history":[{"count":1,"href":"https:\/\/covasna45.ro\/index.php\/wp-json\/wp\/v2\/posts\/2043\/revisions"}],"predecessor-version":[{"id":2045,"href":"https:\/\/covasna45.ro\/index.php\/wp-json\/wp\/v2\/posts\/2043\/revisions\/2045"}],"wp:featuredmedia":[{"embeddable":true,"href":"https:\/\/covasna45.ro\/index.php\/wp-json\/wp\/v2\/media\/2044"}],"wp:attachment":[{"href":"https:\/\/covasna45.ro\/index.php\/wp-json\/wp\/v2\/media?parent=2043"}],"wp:term":[{"taxonomy":"category","embeddable":true,"href":"https:\/\/covasna45.ro\/index.php\/wp-json\/wp\/v2\/categories?post=2043"},{"taxonomy":"post_tag","embeddable":true,"href":"https:\/\/covasna45.ro\/index.php\/wp-json\/wp\/v2\/tags?post=2043"}],"curies":[{"name":"wp","href":"https:\/\/api.w.org\/{rel}","templated":true}]}}