{"id":2071,"date":"2023-06-26T10:50:15","date_gmt":"2023-06-26T08:50:15","guid":{"rendered":"https:\/\/covasna45.ro\/?p=2071"},"modified":"2023-06-26T10:59:39","modified_gmt":"2023-06-26T08:59:39","slug":"montreal-a-devenit-cel-mai-poluat-oras-din-lume","status":"publish","type":"post","link":"https:\/\/covasna45.ro\/index.php\/lumea-larga\/montreal-a-devenit-cel-mai-poluat-oras-din-lume\/","title":{"rendered":"Montr\u00e9al a devenit cel mai poluat ora\u0219 din lume"},"content":{"rendered":"\n<p>O perdea de fum acru acoper\u0103 ora\u0219ul din cauza incendiilor forestiere. Montr\u00e9al a devenit ora\u015ful cu cel mai poluat aer din lume, scrie AFP.<\/p>\n\n\n\n<p>O avertizare de smog emis\u0103 de Environment Canada este \u00een vigoare \u00een mai multe regiuni din Quebec.<\/p>\n\n\n\n<p>Sunt at\u00e2t de multe particule fine \u00een are, \u00eenc\u00e2t Montr\u00e9al era duminic\u0103 ora\u015ful cu cea mai proast\u0103 calitate a aerului din lume. Datele provin de la Iqair, o companie elve\u0163ian\u0103 specializat\u0103 \u00een studiul poluan\u0163ilor atmosferici.<\/p>\n\n\n\n<p><strong><em>\u201eEste \u00eentr-adev\u0103r ca o cea\u0163\u0103, cu excep\u0163ia faptului c\u0103 acesta este fum de la incendiile de p\u0103dure. Este foarte greu s\u0103 respiri, ustur\u0103 pu\u0163in \u015fi ochii\u201d,<\/em><\/strong> constat\u0103 Fauve Lepage Vall\u00e9e, 18 ani. \u00cempreun\u0103 cu prietena sa, ea observ\u0103 centrul ora\u015fului plin de fum st\u00e2nd \u00een parcul Jean-Drapeau, situat vizavi.<\/p>\n\n\n\n<p>Acolo urmau s\u0103 aib\u0103 loc concerte duminic\u0103 dup\u0103-amiaz\u0103. <strong><em>\u201eTrebuia s\u0103 mergem la festivalul Piknic Electronik, dar a fost anulat&#8221;, <\/em><\/strong>regret\u0103 Fauve.<\/p>\n\n\n\n<p>Din cauza fumului, mai multe activit\u0103\u0163i au trebuit s\u0103 fie am\u00e2nate, \u00een special Ironman la Mont-Tremblant, la aproximativ o sut\u0103 de kilometri nord de Montr\u00e9al, \u015fi \u015ftafeta mixt\u0103 din cadrul World Triathlon Championship Series \u00een portul vechi din Montr\u00e9al.<\/p>\n\n\n\n<h2 class=\"wp-block-heading\">Este recomandat\u0103 purtarea m\u0103\u015ftii, iar activit\u0103\u0163ile \u00een aer liber sunt interzise. <\/h2>\n\n\n\n<p><strong><em>\u201eComitetul de coordonare a m\u0103surilor de urgen\u0163\u0103 ne cere s\u0103 \u00eenchidem piscinele, bazinele pentru copii \u015fi facilit\u0103\u0163ile sportive \u00een aer liber\u201d,<\/em><\/strong> a scris pe Twitter Luc Rabouin, primarul arondismentului Plateau-Mont din Montr\u00e9al.<\/p>\n\n\n\n<p>\u00cen Quebec, 81 de incendii forestiere sunt active. 27 sunt considerate sc\u0103pate de sub control. Mai multe incendii au progresat \u00een weekend din cauza vremii uscate \u015fi a temperaturilor ridicate. <strong><em>\u201eCantitatea de fum face deosebit de dificil\u0103 interven\u0163ia avioanelor-cistern\u0103 \u015fi a elicopterelor\u201d,<\/em><\/strong> potrivit Societ\u0103\u0163ii pentru protec\u0163ia p\u0103durilor \u00eempotriva focului din Quebec (SOPFEU), care indic\u0103 faptul c\u0103 luni sau mar\u0163i sunt a\u015fteptate ploi <strong><em>\u201e\u00een cantit\u0103\u0163i semnificative\u201d <\/em><\/strong>\u00een nord-vestul provinciei.<\/p>\n","protected":false},"excerpt":{"rendered":"<p>O perdea de fum acru acoper\u0103 ora\u0219ul din cauza incendiilor forestiere. Montr\u00e9al a devenit ora\u015ful cu cel mai poluat aer din lume, scrie AFP. O avertizare de smog emis\u0103 de Environment Canada este \u00een vigoare \u00een mai multe regiuni din Quebec. Sunt at\u00e2t de multe particule fine \u00een are, \u00eenc\u00e2t Montr\u00e9al era duminic\u0103 ora\u015ful cu [&hellip;]<\/p>\n","protected":false},"author":1,"featured_media":2072,"comment_status":"open","ping_status":"closed","sticky":false,"template":"","format":"standard","meta":{"tdm_status":"","tdm_grid_status":"","footnotes":""},"categories":[10],"tags":[289,787,290],"class_list":{"0":"post-2071","1":"post","2":"type-post","3":"status-publish","4":"format-standard","5":"has-post-thumbnail","7":"category-lumea-larga","8":"tag-incendii","9":"tag-montreal","10":"tag-paduri"},"yoast_head":"<!-- This site is optimized with the Yoast SEO plugin v27.4 - https:\/\/yoast.com\/product\/yoast-seo-wordpress\/ -->\n<title>Montr\u00e9al a devenit cel mai poluat ora\u0219 din lume - Covasna45<\/title>\n<meta name=\"description\" content=\"O perdea de fum acru acoper\u0103 ora\u0219ul din cauza incendiilor forestiere. Montr\u00e9al a devenit ora\u015ful cu cel mai poluat aer din lume.\" \/>\n<meta name=\"robots\" content=\"index, follow, max-snippet:-1, max-image-preview:large, max-video-preview:-1\" \/>\n<link rel=\"canonical\" href=\"https:\/\/covasna45.ro\/index.php\/lumea-larga\/montreal-a-devenit-cel-mai-poluat-oras-din-lume\/\" \/>\n<meta property=\"og:locale\" content=\"ro_RO\" \/>\n<meta property=\"og:type\" content=\"article\" \/>\n<meta property=\"og:title\" content=\"Montr\u00e9al a devenit cel mai poluat ora\u0219 din lume - Covasna45\" \/>\n<meta property=\"og:description\" content=\"O perdea de fum acru acoper\u0103 ora\u0219ul din cauza incendiilor forestiere. Montr\u00e9al a devenit ora\u015ful cu cel mai poluat aer din lume.\" \/>\n<meta property=\"og:url\" content=\"https:\/\/covasna45.ro\/index.php\/lumea-larga\/montreal-a-devenit-cel-mai-poluat-oras-din-lume\/\" \/>\n<meta property=\"og:site_name\" content=\"Covasna45\" \/>\n<meta property=\"article:published_time\" content=\"2023-06-26T08:50:15+00:00\" \/>\n<meta property=\"article:modified_time\" content=\"2023-06-26T08:59:39+00:00\" \/>\n<meta property=\"og:image\" content=\"https:\/\/covasna45.ro\/wp-content\/uploads\/2023\/06\/Montreal.jpg\" \/>\n\t<meta property=\"og:image:width\" content=\"1246\" \/>\n\t<meta property=\"og:image:height\" content=\"814\" \/>\n\t<meta property=\"og:image:type\" content=\"image\/jpeg\" \/>\n<meta name=\"author\" content=\"Covasna45\" \/>\n<meta name=\"twitter:card\" content=\"summary_large_image\" \/>\n<meta name=\"twitter:label1\" content=\"Scris de\" \/>\n\t<meta name=\"twitter:data1\" content=\"Covasna45\" \/>\n\t<meta name=\"twitter:label2\" content=\"Timp estimat pentru citire\" \/>\n\t<meta name=\"twitter:data2\" content=\"2 minute\" \/>\n<script type=\"application\/ld+json\" class=\"yoast-schema-graph\">{\"@context\":\"https:\\\/\\\/schema.org\",\"@graph\":[{\"@type\":\"Article\",\"@id\":\"https:\\\/\\\/covasna45.ro\\\/index.php\\\/lumea-larga\\\/montreal-a-devenit-cel-mai-poluat-oras-din-lume\\\/#article\",\"isPartOf\":{\"@id\":\"https:\\\/\\\/covasna45.ro\\\/index.php\\\/lumea-larga\\\/montreal-a-devenit-cel-mai-poluat-oras-din-lume\\\/\"},\"author\":{\"name\":\"Covasna45\",\"@id\":\"https:\\\/\\\/covasna45.ro\\\/#\\\/schema\\\/person\\\/e674052bd7d95d70bbb007a1060ab73c\"},\"headline\":\"Montr\u00e9al a devenit cel mai poluat ora\u0219 din lume\",\"datePublished\":\"2023-06-26T08:50:15+00:00\",\"dateModified\":\"2023-06-26T08:59:39+00:00\",\"mainEntityOfPage\":{\"@id\":\"https:\\\/\\\/covasna45.ro\\\/index.php\\\/lumea-larga\\\/montreal-a-devenit-cel-mai-poluat-oras-din-lume\\\/\"},\"wordCount\":337,\"commentCount\":0,\"publisher\":{\"@id\":\"https:\\\/\\\/covasna45.ro\\\/#organization\"},\"image\":{\"@id\":\"https:\\\/\\\/covasna45.ro\\\/index.php\\\/lumea-larga\\\/montreal-a-devenit-cel-mai-poluat-oras-din-lume\\\/#primaryimage\"},\"thumbnailUrl\":\"https:\\\/\\\/covasna45.ro\\\/wp-content\\\/uploads\\\/2023\\\/06\\\/Montreal.jpg\",\"keywords\":[\"Incendii\",\"Montr\u00e9al\",\"P\u0103duri\"],\"articleSection\":[\"Lumea larg\u0103\"],\"inLanguage\":\"ro-RO\",\"potentialAction\":[{\"@type\":\"CommentAction\",\"name\":\"Comment\",\"target\":[\"https:\\\/\\\/covasna45.ro\\\/index.php\\\/lumea-larga\\\/montreal-a-devenit-cel-mai-poluat-oras-din-lume\\\/#respond\"]}]},{\"@type\":\"WebPage\",\"@id\":\"https:\\\/\\\/covasna45.ro\\\/index.php\\\/lumea-larga\\\/montreal-a-devenit-cel-mai-poluat-oras-din-lume\\\/\",\"url\":\"https:\\\/\\\/covasna45.ro\\\/index.php\\\/lumea-larga\\\/montreal-a-devenit-cel-mai-poluat-oras-din-lume\\\/\",\"name\":\"Montr\u00e9al a devenit cel mai poluat ora\u0219 din lume - Covasna45\",\"isPartOf\":{\"@id\":\"https:\\\/\\\/covasna45.ro\\\/#website\"},\"primaryImageOfPage\":{\"@id\":\"https:\\\/\\\/covasna45.ro\\\/index.php\\\/lumea-larga\\\/montreal-a-devenit-cel-mai-poluat-oras-din-lume\\\/#primaryimage\"},\"image\":{\"@id\":\"https:\\\/\\\/covasna45.ro\\\/index.php\\\/lumea-larga\\\/montreal-a-devenit-cel-mai-poluat-oras-din-lume\\\/#primaryimage\"},\"thumbnailUrl\":\"https:\\\/\\\/covasna45.ro\\\/wp-content\\\/uploads\\\/2023\\\/06\\\/Montreal.jpg\",\"datePublished\":\"2023-06-26T08:50:15+00:00\",\"dateModified\":\"2023-06-26T08:59:39+00:00\",\"description\":\"O perdea de fum acru acoper\u0103 ora\u0219ul din cauza incendiilor forestiere. Montr\u00e9al a devenit ora\u015ful cu cel mai poluat aer din lume.\",\"breadcrumb\":{\"@id\":\"https:\\\/\\\/covasna45.ro\\\/index.php\\\/lumea-larga\\\/montreal-a-devenit-cel-mai-poluat-oras-din-lume\\\/#breadcrumb\"},\"inLanguage\":\"ro-RO\",\"potentialAction\":[{\"@type\":\"ReadAction\",\"target\":[\"https:\\\/\\\/covasna45.ro\\\/index.php\\\/lumea-larga\\\/montreal-a-devenit-cel-mai-poluat-oras-din-lume\\\/\"]}]},{\"@type\":\"ImageObject\",\"inLanguage\":\"ro-RO\",\"@id\":\"https:\\\/\\\/covasna45.ro\\\/index.php\\\/lumea-larga\\\/montreal-a-devenit-cel-mai-poluat-oras-din-lume\\\/#primaryimage\",\"url\":\"https:\\\/\\\/covasna45.ro\\\/wp-content\\\/uploads\\\/2023\\\/06\\\/Montreal.jpg\",\"contentUrl\":\"https:\\\/\\\/covasna45.ro\\\/wp-content\\\/uploads\\\/2023\\\/06\\\/Montreal.jpg\",\"width\":1246,\"height\":814},{\"@type\":\"BreadcrumbList\",\"@id\":\"https:\\\/\\\/covasna45.ro\\\/index.php\\\/lumea-larga\\\/montreal-a-devenit-cel-mai-poluat-oras-din-lume\\\/#breadcrumb\",\"itemListElement\":[{\"@type\":\"ListItem\",\"position\":1,\"name\":\"Prima pagin\u0103\",\"item\":\"https:\\\/\\\/covasna45.ro\\\/\"},{\"@type\":\"ListItem\",\"position\":2,\"name\":\"Montr\u00e9al a devenit cel mai poluat ora\u0219 din lume\"}]},{\"@type\":\"WebSite\",\"@id\":\"https:\\\/\\\/covasna45.ro\\\/#website\",\"url\":\"https:\\\/\\\/covasna45.ro\\\/\",\"name\":\"covasna45.ro\",\"description\":\"\",\"publisher\":{\"@id\":\"https:\\\/\\\/covasna45.ro\\\/#organization\"},\"potentialAction\":[{\"@type\":\"SearchAction\",\"target\":{\"@type\":\"EntryPoint\",\"urlTemplate\":\"https:\\\/\\\/covasna45.ro\\\/?s={search_term_string}\"},\"query-input\":{\"@type\":\"PropertyValueSpecification\",\"valueRequired\":true,\"valueName\":\"search_term_string\"}}],\"inLanguage\":\"ro-RO\"},{\"@type\":\"Organization\",\"@id\":\"https:\\\/\\\/covasna45.ro\\\/#organization\",\"name\":\"covasna45.ro\",\"url\":\"https:\\\/\\\/covasna45.ro\\\/\",\"logo\":{\"@type\":\"ImageObject\",\"inLanguage\":\"ro-RO\",\"@id\":\"https:\\\/\\\/covasna45.ro\\\/#\\\/schema\\\/logo\\\/image\\\/\",\"url\":\"https:\\\/\\\/covasna45.ro\\\/wp-content\\\/uploads\\\/2023\\\/01\\\/icon_logo.png\",\"contentUrl\":\"https:\\\/\\\/covasna45.ro\\\/wp-content\\\/uploads\\\/2023\\\/01\\\/icon_logo.png\",\"width\":1900,\"height\":1900,\"caption\":\"covasna45.ro\"},\"image\":{\"@id\":\"https:\\\/\\\/covasna45.ro\\\/#\\\/schema\\\/logo\\\/image\\\/\"}},{\"@type\":\"Person\",\"@id\":\"https:\\\/\\\/covasna45.ro\\\/#\\\/schema\\\/person\\\/e674052bd7d95d70bbb007a1060ab73c\",\"name\":\"Covasna45\",\"image\":{\"@type\":\"ImageObject\",\"inLanguage\":\"ro-RO\",\"@id\":\"https:\\\/\\\/covasna45.ro\\\/wp-content\\\/uploads\\\/2025\\\/10\\\/icon_logo_covasna45-150x150.png\",\"url\":\"https:\\\/\\\/covasna45.ro\\\/wp-content\\\/uploads\\\/2025\\\/10\\\/icon_logo_covasna45-150x150.png\",\"contentUrl\":\"https:\\\/\\\/covasna45.ro\\\/wp-content\\\/uploads\\\/2025\\\/10\\\/icon_logo_covasna45-150x150.png\",\"caption\":\"Covasna45\"},\"sameAs\":[\"https:\\\/\\\/covasna45.ro\"],\"url\":\"https:\\\/\\\/covasna45.ro\\\/index.php\\\/author\\\/covasna\\\/\"}]}<\/script>\n<!-- \/ Yoast SEO plugin. -->","yoast_head_json":{"title":"Montr\u00e9al a devenit cel mai poluat ora\u0219 din lume - Covasna45","description":"O perdea de fum acru acoper\u0103 ora\u0219ul din cauza incendiilor forestiere. Montr\u00e9al a devenit ora\u015ful cu cel mai poluat aer din lume.","robots":{"index":"index","follow":"follow","max-snippet":"max-snippet:-1","max-image-preview":"max-image-preview:large","max-video-preview":"max-video-preview:-1"},"canonical":"https:\/\/covasna45.ro\/index.php\/lumea-larga\/montreal-a-devenit-cel-mai-poluat-oras-din-lume\/","og_locale":"ro_RO","og_type":"article","og_title":"Montr\u00e9al a devenit cel mai poluat ora\u0219 din lume - Covasna45","og_description":"O perdea de fum acru acoper\u0103 ora\u0219ul din cauza incendiilor forestiere. Montr\u00e9al a devenit ora\u015ful cu cel mai poluat aer din lume.","og_url":"https:\/\/covasna45.ro\/index.php\/lumea-larga\/montreal-a-devenit-cel-mai-poluat-oras-din-lume\/","og_site_name":"Covasna45","article_published_time":"2023-06-26T08:50:15+00:00","article_modified_time":"2023-06-26T08:59:39+00:00","og_image":[{"width":1246,"height":814,"url":"https:\/\/covasna45.ro\/wp-content\/uploads\/2023\/06\/Montreal.jpg","type":"image\/jpeg"}],"author":"Covasna45","twitter_card":"summary_large_image","twitter_misc":{"Scris de":"Covasna45","Timp estimat pentru citire":"2 minute"},"schema":{"@context":"https:\/\/schema.org","@graph":[{"@type":"Article","@id":"https:\/\/covasna45.ro\/index.php\/lumea-larga\/montreal-a-devenit-cel-mai-poluat-oras-din-lume\/#article","isPartOf":{"@id":"https:\/\/covasna45.ro\/index.php\/lumea-larga\/montreal-a-devenit-cel-mai-poluat-oras-din-lume\/"},"author":{"name":"Covasna45","@id":"https:\/\/covasna45.ro\/#\/schema\/person\/e674052bd7d95d70bbb007a1060ab73c"},"headline":"Montr\u00e9al a devenit cel mai poluat ora\u0219 din lume","datePublished":"2023-06-26T08:50:15+00:00","dateModified":"2023-06-26T08:59:39+00:00","mainEntityOfPage":{"@id":"https:\/\/covasna45.ro\/index.php\/lumea-larga\/montreal-a-devenit-cel-mai-poluat-oras-din-lume\/"},"wordCount":337,"commentCount":0,"publisher":{"@id":"https:\/\/covasna45.ro\/#organization"},"image":{"@id":"https:\/\/covasna45.ro\/index.php\/lumea-larga\/montreal-a-devenit-cel-mai-poluat-oras-din-lume\/#primaryimage"},"thumbnailUrl":"https:\/\/covasna45.ro\/wp-content\/uploads\/2023\/06\/Montreal.jpg","keywords":["Incendii","Montr\u00e9al","P\u0103duri"],"articleSection":["Lumea larg\u0103"],"inLanguage":"ro-RO","potentialAction":[{"@type":"CommentAction","name":"Comment","target":["https:\/\/covasna45.ro\/index.php\/lumea-larga\/montreal-a-devenit-cel-mai-poluat-oras-din-lume\/#respond"]}]},{"@type":"WebPage","@id":"https:\/\/covasna45.ro\/index.php\/lumea-larga\/montreal-a-devenit-cel-mai-poluat-oras-din-lume\/","url":"https:\/\/covasna45.ro\/index.php\/lumea-larga\/montreal-a-devenit-cel-mai-poluat-oras-din-lume\/","name":"Montr\u00e9al a devenit cel mai poluat ora\u0219 din lume - Covasna45","isPartOf":{"@id":"https:\/\/covasna45.ro\/#website"},"primaryImageOfPage":{"@id":"https:\/\/covasna45.ro\/index.php\/lumea-larga\/montreal-a-devenit-cel-mai-poluat-oras-din-lume\/#primaryimage"},"image":{"@id":"https:\/\/covasna45.ro\/index.php\/lumea-larga\/montreal-a-devenit-cel-mai-poluat-oras-din-lume\/#primaryimage"},"thumbnailUrl":"https:\/\/covasna45.ro\/wp-content\/uploads\/2023\/06\/Montreal.jpg","datePublished":"2023-06-26T08:50:15+00:00","dateModified":"2023-06-26T08:59:39+00:00","description":"O perdea de fum acru acoper\u0103 ora\u0219ul din cauza incendiilor forestiere. Montr\u00e9al a devenit ora\u015ful cu cel mai poluat aer din lume.","breadcrumb":{"@id":"https:\/\/covasna45.ro\/index.php\/lumea-larga\/montreal-a-devenit-cel-mai-poluat-oras-din-lume\/#breadcrumb"},"inLanguage":"ro-RO","potentialAction":[{"@type":"ReadAction","target":["https:\/\/covasna45.ro\/index.php\/lumea-larga\/montreal-a-devenit-cel-mai-poluat-oras-din-lume\/"]}]},{"@type":"ImageObject","inLanguage":"ro-RO","@id":"https:\/\/covasna45.ro\/index.php\/lumea-larga\/montreal-a-devenit-cel-mai-poluat-oras-din-lume\/#primaryimage","url":"https:\/\/covasna45.ro\/wp-content\/uploads\/2023\/06\/Montreal.jpg","contentUrl":"https:\/\/covasna45.ro\/wp-content\/uploads\/2023\/06\/Montreal.jpg","width":1246,"height":814},{"@type":"BreadcrumbList","@id":"https:\/\/covasna45.ro\/index.php\/lumea-larga\/montreal-a-devenit-cel-mai-poluat-oras-din-lume\/#breadcrumb","itemListElement":[{"@type":"ListItem","position":1,"name":"Prima pagin\u0103","item":"https:\/\/covasna45.ro\/"},{"@type":"ListItem","position":2,"name":"Montr\u00e9al a devenit cel mai poluat ora\u0219 din lume"}]},{"@type":"WebSite","@id":"https:\/\/covasna45.ro\/#website","url":"https:\/\/covasna45.ro\/","name":"covasna45.ro","description":"","publisher":{"@id":"https:\/\/covasna45.ro\/#organization"},"potentialAction":[{"@type":"SearchAction","target":{"@type":"EntryPoint","urlTemplate":"https:\/\/covasna45.ro\/?s={search_term_string}"},"query-input":{"@type":"PropertyValueSpecification","valueRequired":true,"valueName":"search_term_string"}}],"inLanguage":"ro-RO"},{"@type":"Organization","@id":"https:\/\/covasna45.ro\/#organization","name":"covasna45.ro","url":"https:\/\/covasna45.ro\/","logo":{"@type":"ImageObject","inLanguage":"ro-RO","@id":"https:\/\/covasna45.ro\/#\/schema\/logo\/image\/","url":"https:\/\/covasna45.ro\/wp-content\/uploads\/2023\/01\/icon_logo.png","contentUrl":"https:\/\/covasna45.ro\/wp-content\/uploads\/2023\/01\/icon_logo.png","width":1900,"height":1900,"caption":"covasna45.ro"},"image":{"@id":"https:\/\/covasna45.ro\/#\/schema\/logo\/image\/"}},{"@type":"Person","@id":"https:\/\/covasna45.ro\/#\/schema\/person\/e674052bd7d95d70bbb007a1060ab73c","name":"Covasna45","image":{"@type":"ImageObject","inLanguage":"ro-RO","@id":"https:\/\/covasna45.ro\/wp-content\/uploads\/2025\/10\/icon_logo_covasna45-150x150.png","url":"https:\/\/covasna45.ro\/wp-content\/uploads\/2025\/10\/icon_logo_covasna45-150x150.png","contentUrl":"https:\/\/covasna45.ro\/wp-content\/uploads\/2025\/10\/icon_logo_covasna45-150x150.png","caption":"Covasna45"},"sameAs":["https:\/\/covasna45.ro"],"url":"https:\/\/covasna45.ro\/index.php\/author\/covasna\/"}]}},"_links":{"self":[{"href":"https:\/\/covasna45.ro\/index.php\/wp-json\/wp\/v2\/posts\/2071","targetHints":{"allow":["GET"]}}],"collection":[{"href":"https:\/\/covasna45.ro\/index.php\/wp-json\/wp\/v2\/posts"}],"about":[{"href":"https:\/\/covasna45.ro\/index.php\/wp-json\/wp\/v2\/types\/post"}],"author":[{"embeddable":true,"href":"https:\/\/covasna45.ro\/index.php\/wp-json\/wp\/v2\/users\/1"}],"replies":[{"embeddable":true,"href":"https:\/\/covasna45.ro\/index.php\/wp-json\/wp\/v2\/comments?post=2071"}],"version-history":[{"count":1,"href":"https:\/\/covasna45.ro\/index.php\/wp-json\/wp\/v2\/posts\/2071\/revisions"}],"predecessor-version":[{"id":2073,"href":"https:\/\/covasna45.ro\/index.php\/wp-json\/wp\/v2\/posts\/2071\/revisions\/2073"}],"wp:featuredmedia":[{"embeddable":true,"href":"https:\/\/covasna45.ro\/index.php\/wp-json\/wp\/v2\/media\/2072"}],"wp:attachment":[{"href":"https:\/\/covasna45.ro\/index.php\/wp-json\/wp\/v2\/media?parent=2071"}],"wp:term":[{"taxonomy":"category","embeddable":true,"href":"https:\/\/covasna45.ro\/index.php\/wp-json\/wp\/v2\/categories?post=2071"},{"taxonomy":"post_tag","embeddable":true,"href":"https:\/\/covasna45.ro\/index.php\/wp-json\/wp\/v2\/tags?post=2071"}],"curies":[{"name":"wp","href":"https:\/\/api.w.org\/{rel}","templated":true}]}}