{"id":2099,"date":"2023-06-28T09:39:32","date_gmt":"2023-06-28T07:39:32","guid":{"rendered":"https:\/\/covasna45.ro\/?p=2099"},"modified":"2023-06-28T09:39:59","modified_gmt":"2023-06-28T07:39:59","slug":"dan-air-va-continua-sa-opereze-zboruri-de-pe-aeroportul-brasov","status":"publish","type":"post","link":"https:\/\/covasna45.ro\/index.php\/lumea-noastra\/dan-air-va-continua-sa-opereze-zboruri-de-pe-aeroportul-brasov\/","title":{"rendered":"Dan Air va continua s\u0103 opereze zboruri de pe aeroportul Bra\u0219ov"},"content":{"rendered":"\n<p>Dan Air, singura companie care are curse regulate de pe noul aeroport Bra\u0219ov-Ghimbav, va continua s\u0103 opereze zboruri de pe acest aeroport. Programul r\u0103m\u00e2ne adaptat condi\u0163iilor oferite \u00een prezent de infrastructura local\u0103, a decis boardul companiei. <\/p>\n\n\n\n<h2 class=\"wp-block-heading\">Dan Air anun\u021base c\u0103 ia \u00een calcul s\u0103 suspende cursele aeriene de pe Bra\u0219ov.<\/h2>\n\n\n\n<p><strong><em>\u201eAv\u00e2nd \u00een vedere situa\u0163ia creat\u0103 p\u00e2n\u0103 la acest moment ca urmare a problemelor ivite, respectiv lipsa aparaturii pentru \u00eendep\u0103rtat p\u0103s\u0103rile de pe raza aerodromului, lipsa organiza\u0163iilor de \u00eentre\u0163inere precum \u015fi refuzul extinderii programului operare de c\u0103tre controlorii de trafic, \u00een situa\u0163ii de nevoie opera\u0163ional\u0103 cum au fost \u00eent\u00e2mpinate \u00een s\u0103pt\u0103m\u00e2nile anterioare, Dan Air a luat urm\u0103toarea hot\u0103r\u00e2re: prioritare fiind siguran\u0163a pasagerilor no\u015ftri, ne asum\u0103m pierderile adi\u0163ionale \u015fi greut\u0103\u0163i \u00eent\u00e2mpinate \u015fi v\u0103 anun\u0163\u0103m c\u0103 ne vom continua programul de zbor adaptat condi\u0163iilor oferite \u00een prezent de c\u0103tre Aeroportul din Bra\u015fov.<br>Men\u0163ion\u0103m c\u0103, \u00een urma solicit\u0103rilor noastre, Aeroportul Bra\u015fov ne-a transmis \u00een cursul acestei zilei o comunicare potrivit c\u0103reia problema logisticii pentru \u00eendep\u0103rtarea p\u0103s\u0103rilor din zona aeroportului din Ghimbav a fost rezolvat\u0103. Cu privire la lipsa organiza\u0163iilor de \u00eentre\u0163inere ar\u0103tam ca suntem \u00eenc\u0103 \u00een a\u015fteptarea unui r\u0103spuns\u201d,<\/em><\/strong> se men\u0163ioneaz\u0103 \u00eentr-un comunicat al companiei.<\/p>\n\n\n\n<h2 class=\"wp-block-heading\">Cu ce probleme se confrunt\u0103 aeroportul?<\/h2>\n\n\n\n<p>Directorul general al Dan Air, Matt Ian David a men\u0163ionat c\u0103 operatorul aerian se confrunt\u0103 cu o serie de probleme.<br><strong><em>* \u201eLipsa organiza\u0163iei de \u00eentre\u0163inere, care ar fi putut s\u0103 intervin\u0103 \u00een timp util dup\u0103 incidentul de vineri, c\u00e2nd unui avion care zbura spre Londra i-au intrat mai multe p\u0103s\u0103ri la motor, pun\u00e2ndu-se via\u0163a pasagerilor \u00een pericol.<br>* Lipsa unui sistem anti-p\u0103s\u0103ri (Aeroportul din Ghimbav nu de\u0163ine un astfel de sistem care este ieftin \u015fi se poate monta \u00een c\u00e2teva zile, ceea ce ar fi putut face ca incidentul de vineri s\u0103 nu existe \u2013 n. red.).<br>* Eliminarea ostilit\u0103\u0163ii controlorilor de trafic aerian ai ROMATSA (care s\u00e2mb\u0103t\u0103 au preferat s\u0103 \u0163in\u0103 avionul care venea de la Madrid \u00een zbor, de\u015fi deasupra Bra\u015fovului era furtun\u0103, pun\u00e2nd via\u0163a pasagerilor \u00een pericol \u2013 n. red.)\u201d.<br>* O alt\u0103 problem\u0103 ridicat\u0103 este cea a programului de func\u0163ionare a aeroportului, de doar 12 ore, respectiv de la 7:00 la 19:00.<\/em><\/strong><\/p>\n\n\n\n<h2 class=\"wp-block-heading\">Ce spune ROMATSA?<\/h2>\n\n\n\n<p>La r\u00e2ndul lor, reprezentan\u0163ii ROMATSA au explicat c\u0103 a fost nevoie de licen\u0163ierea controlorilor de trafic aerian pe spa\u0163iul aerian de la Bra\u015fov. \u00cen prezent, sunt doar cinci persoane preg\u0103tite. Acestea nu pot avea un program de munc\u0103 mai mare de 12 ore. \u00cen acest moment, se mai afl\u0103 \u00een curs de preg\u0103tire patru controlori de trafic. Ei vor putea intra \u00een program peste minimum trei luni.<\/p>\n\n\n\n<p><strong><em>\u201e\u00cens\u0103, cu ace\u015fti patru controlori de trafic \u00een plus nu vom putea asigura dec\u00e2t o flexibilizare a programului aeroportului \u015fi nicidecum extinderea la 24 de ore. Adic\u0103, aeroportul va avea tot un program de 12 ore, dar \u00een alt interval orar&#8221;,<\/em><\/strong> au spus reprezentan\u0163ii ROMATSA, cita\u021bi de Agerpres.<\/p>\n\n\n\n<p>Ei au subliniat c\u0103, pentru o extindere a programului la 24 de ore, ar fi nevoie de 12 controlori de trafic. ROMATSA este \u00een curs de recrutare personal pentru 58 de pozi\u0163ii. Cinci dintre acestea sunt alocate Aeroportului Bra\u015fov.<\/p>\n\n\n\n<p>De asemenea, tot pentru extinderea programului aeroportului, este necesar\u0103 parcurgerea unor etape legale. Una dintre acestea este ob\u0163inerea unui nou certificat de aerodrom. Certificarea va dura minimum 3-4 luni. Dac\u0103 se adaug\u0103 preg\u0103tirea personalului, <strong>abia peste un an \u015fi jum\u0103tate &#8211; doi ani se va putea vorbi despre extinderea programului la 24 de ore.<\/strong><\/p>\n","protected":false},"excerpt":{"rendered":"<p>Dan Air, singura companie care are curse regulate de pe noul aeroport Bra\u0219ov-Ghimbav, va continua s\u0103 opereze zboruri de pe acest aeroport. Programul r\u0103m\u00e2ne adaptat condi\u0163iilor oferite \u00een prezent de infrastructura local\u0103, a decis boardul companiei. Dan Air anun\u021base c\u0103 ia \u00een calcul s\u0103 suspende cursele aeriene de pe Bra\u0219ov. \u201eAv\u00e2nd \u00een vedere situa\u0163ia creat\u0103 [&hellip;]<\/p>\n","protected":false},"author":1,"featured_media":2100,"comment_status":"open","ping_status":"closed","sticky":false,"template":"","format":"standard","meta":{"tdm_status":"","tdm_grid_status":"","footnotes":""},"categories":[14],"tags":[802,803,801,767],"class_list":{"0":"post-2099","1":"post","2":"type-post","3":"status-publish","4":"format-standard","5":"has-post-thumbnail","7":"category-lumea-noastra","8":"tag-aeroport-brasov","9":"tag-curse","10":"tag-dan-air","11":"tag-romatsa"},"yoast_head":"<!-- This site is optimized with the Yoast SEO plugin v27.4 - https:\/\/yoast.com\/product\/yoast-seo-wordpress\/ -->\n<title>Dan Air va continua s\u0103 opereze zboruri de pe aeroportul Bra\u0219ov - Covasna45<\/title>\n<meta name=\"description\" content=\"Dan Air, singura companie care are curse regulate de pe noul aeroport Bra\u0219ov-Ghimbav, va continua s\u0103 opereze zboruri\" \/>\n<meta name=\"robots\" content=\"index, follow, max-snippet:-1, max-image-preview:large, max-video-preview:-1\" \/>\n<link rel=\"canonical\" href=\"https:\/\/covasna45.ro\/index.php\/lumea-noastra\/dan-air-va-continua-sa-opereze-zboruri-de-pe-aeroportul-brasov\/\" \/>\n<meta property=\"og:locale\" content=\"ro_RO\" \/>\n<meta property=\"og:type\" content=\"article\" \/>\n<meta property=\"og:title\" content=\"Dan Air va continua s\u0103 opereze zboruri de pe aeroportul Bra\u0219ov - Covasna45\" \/>\n<meta property=\"og:description\" content=\"Dan Air, singura companie care are curse regulate de pe noul aeroport Bra\u0219ov-Ghimbav, va continua s\u0103 opereze zboruri\" \/>\n<meta property=\"og:url\" content=\"https:\/\/covasna45.ro\/index.php\/lumea-noastra\/dan-air-va-continua-sa-opereze-zboruri-de-pe-aeroportul-brasov\/\" \/>\n<meta property=\"og:site_name\" content=\"Covasna45\" \/>\n<meta property=\"article:published_time\" content=\"2023-06-28T07:39:32+00:00\" \/>\n<meta property=\"article:modified_time\" content=\"2023-06-28T07:39:59+00:00\" \/>\n<meta property=\"og:image\" content=\"https:\/\/covasna45.ro\/wp-content\/uploads\/2023\/06\/danair-1024x576-1.jpg\" \/>\n\t<meta property=\"og:image:width\" content=\"1024\" \/>\n\t<meta property=\"og:image:height\" content=\"576\" \/>\n\t<meta property=\"og:image:type\" content=\"image\/jpeg\" \/>\n<meta name=\"author\" content=\"Covasna45\" \/>\n<meta name=\"twitter:card\" content=\"summary_large_image\" \/>\n<meta name=\"twitter:label1\" content=\"Scris de\" \/>\n\t<meta name=\"twitter:data1\" content=\"Covasna45\" \/>\n\t<meta name=\"twitter:label2\" content=\"Timp estimat pentru citire\" \/>\n\t<meta name=\"twitter:data2\" content=\"4 minute\" \/>\n<script type=\"application\/ld+json\" class=\"yoast-schema-graph\">{\"@context\":\"https:\\\/\\\/schema.org\",\"@graph\":[{\"@type\":\"Article\",\"@id\":\"https:\\\/\\\/covasna45.ro\\\/index.php\\\/lumea-noastra\\\/dan-air-va-continua-sa-opereze-zboruri-de-pe-aeroportul-brasov\\\/#article\",\"isPartOf\":{\"@id\":\"https:\\\/\\\/covasna45.ro\\\/index.php\\\/lumea-noastra\\\/dan-air-va-continua-sa-opereze-zboruri-de-pe-aeroportul-brasov\\\/\"},\"author\":{\"name\":\"Covasna45\",\"@id\":\"https:\\\/\\\/covasna45.ro\\\/#\\\/schema\\\/person\\\/e674052bd7d95d70bbb007a1060ab73c\"},\"headline\":\"Dan Air va continua s\u0103 opereze zboruri de pe aeroportul Bra\u0219ov\",\"datePublished\":\"2023-06-28T07:39:32+00:00\",\"dateModified\":\"2023-06-28T07:39:59+00:00\",\"mainEntityOfPage\":{\"@id\":\"https:\\\/\\\/covasna45.ro\\\/index.php\\\/lumea-noastra\\\/dan-air-va-continua-sa-opereze-zboruri-de-pe-aeroportul-brasov\\\/\"},\"wordCount\":644,\"commentCount\":0,\"publisher\":{\"@id\":\"https:\\\/\\\/covasna45.ro\\\/#organization\"},\"image\":{\"@id\":\"https:\\\/\\\/covasna45.ro\\\/index.php\\\/lumea-noastra\\\/dan-air-va-continua-sa-opereze-zboruri-de-pe-aeroportul-brasov\\\/#primaryimage\"},\"thumbnailUrl\":\"https:\\\/\\\/covasna45.ro\\\/wp-content\\\/uploads\\\/2023\\\/06\\\/danair-1024x576-1.jpg\",\"keywords\":[\"Aeroport Bra\u0219ov\",\"Curse\",\"Dan Air\",\"ROMATSA\"],\"articleSection\":[\"Lumea noastr\u0103\"],\"inLanguage\":\"ro-RO\",\"potentialAction\":[{\"@type\":\"CommentAction\",\"name\":\"Comment\",\"target\":[\"https:\\\/\\\/covasna45.ro\\\/index.php\\\/lumea-noastra\\\/dan-air-va-continua-sa-opereze-zboruri-de-pe-aeroportul-brasov\\\/#respond\"]}]},{\"@type\":\"WebPage\",\"@id\":\"https:\\\/\\\/covasna45.ro\\\/index.php\\\/lumea-noastra\\\/dan-air-va-continua-sa-opereze-zboruri-de-pe-aeroportul-brasov\\\/\",\"url\":\"https:\\\/\\\/covasna45.ro\\\/index.php\\\/lumea-noastra\\\/dan-air-va-continua-sa-opereze-zboruri-de-pe-aeroportul-brasov\\\/\",\"name\":\"Dan Air va continua s\u0103 opereze zboruri de pe aeroportul Bra\u0219ov - Covasna45\",\"isPartOf\":{\"@id\":\"https:\\\/\\\/covasna45.ro\\\/#website\"},\"primaryImageOfPage\":{\"@id\":\"https:\\\/\\\/covasna45.ro\\\/index.php\\\/lumea-noastra\\\/dan-air-va-continua-sa-opereze-zboruri-de-pe-aeroportul-brasov\\\/#primaryimage\"},\"image\":{\"@id\":\"https:\\\/\\\/covasna45.ro\\\/index.php\\\/lumea-noastra\\\/dan-air-va-continua-sa-opereze-zboruri-de-pe-aeroportul-brasov\\\/#primaryimage\"},\"thumbnailUrl\":\"https:\\\/\\\/covasna45.ro\\\/wp-content\\\/uploads\\\/2023\\\/06\\\/danair-1024x576-1.jpg\",\"datePublished\":\"2023-06-28T07:39:32+00:00\",\"dateModified\":\"2023-06-28T07:39:59+00:00\",\"description\":\"Dan Air, singura companie care are curse regulate de pe noul aeroport Bra\u0219ov-Ghimbav, va continua s\u0103 opereze zboruri\",\"breadcrumb\":{\"@id\":\"https:\\\/\\\/covasna45.ro\\\/index.php\\\/lumea-noastra\\\/dan-air-va-continua-sa-opereze-zboruri-de-pe-aeroportul-brasov\\\/#breadcrumb\"},\"inLanguage\":\"ro-RO\",\"potentialAction\":[{\"@type\":\"ReadAction\",\"target\":[\"https:\\\/\\\/covasna45.ro\\\/index.php\\\/lumea-noastra\\\/dan-air-va-continua-sa-opereze-zboruri-de-pe-aeroportul-brasov\\\/\"]}]},{\"@type\":\"ImageObject\",\"inLanguage\":\"ro-RO\",\"@id\":\"https:\\\/\\\/covasna45.ro\\\/index.php\\\/lumea-noastra\\\/dan-air-va-continua-sa-opereze-zboruri-de-pe-aeroportul-brasov\\\/#primaryimage\",\"url\":\"https:\\\/\\\/covasna45.ro\\\/wp-content\\\/uploads\\\/2023\\\/06\\\/danair-1024x576-1.jpg\",\"contentUrl\":\"https:\\\/\\\/covasna45.ro\\\/wp-content\\\/uploads\\\/2023\\\/06\\\/danair-1024x576-1.jpg\",\"width\":1024,\"height\":576},{\"@type\":\"BreadcrumbList\",\"@id\":\"https:\\\/\\\/covasna45.ro\\\/index.php\\\/lumea-noastra\\\/dan-air-va-continua-sa-opereze-zboruri-de-pe-aeroportul-brasov\\\/#breadcrumb\",\"itemListElement\":[{\"@type\":\"ListItem\",\"position\":1,\"name\":\"Prima pagin\u0103\",\"item\":\"https:\\\/\\\/covasna45.ro\\\/\"},{\"@type\":\"ListItem\",\"position\":2,\"name\":\"Dan Air va continua s\u0103 opereze zboruri de pe aeroportul Bra\u0219ov\"}]},{\"@type\":\"WebSite\",\"@id\":\"https:\\\/\\\/covasna45.ro\\\/#website\",\"url\":\"https:\\\/\\\/covasna45.ro\\\/\",\"name\":\"covasna45.ro\",\"description\":\"\",\"publisher\":{\"@id\":\"https:\\\/\\\/covasna45.ro\\\/#organization\"},\"potentialAction\":[{\"@type\":\"SearchAction\",\"target\":{\"@type\":\"EntryPoint\",\"urlTemplate\":\"https:\\\/\\\/covasna45.ro\\\/?s={search_term_string}\"},\"query-input\":{\"@type\":\"PropertyValueSpecification\",\"valueRequired\":true,\"valueName\":\"search_term_string\"}}],\"inLanguage\":\"ro-RO\"},{\"@type\":\"Organization\",\"@id\":\"https:\\\/\\\/covasna45.ro\\\/#organization\",\"name\":\"covasna45.ro\",\"url\":\"https:\\\/\\\/covasna45.ro\\\/\",\"logo\":{\"@type\":\"ImageObject\",\"inLanguage\":\"ro-RO\",\"@id\":\"https:\\\/\\\/covasna45.ro\\\/#\\\/schema\\\/logo\\\/image\\\/\",\"url\":\"https:\\\/\\\/covasna45.ro\\\/wp-content\\\/uploads\\\/2023\\\/01\\\/icon_logo.png\",\"contentUrl\":\"https:\\\/\\\/covasna45.ro\\\/wp-content\\\/uploads\\\/2023\\\/01\\\/icon_logo.png\",\"width\":1900,\"height\":1900,\"caption\":\"covasna45.ro\"},\"image\":{\"@id\":\"https:\\\/\\\/covasna45.ro\\\/#\\\/schema\\\/logo\\\/image\\\/\"}},{\"@type\":\"Person\",\"@id\":\"https:\\\/\\\/covasna45.ro\\\/#\\\/schema\\\/person\\\/e674052bd7d95d70bbb007a1060ab73c\",\"name\":\"Covasna45\",\"image\":{\"@type\":\"ImageObject\",\"inLanguage\":\"ro-RO\",\"@id\":\"https:\\\/\\\/covasna45.ro\\\/wp-content\\\/uploads\\\/2025\\\/10\\\/icon_logo_covasna45-150x150.png\",\"url\":\"https:\\\/\\\/covasna45.ro\\\/wp-content\\\/uploads\\\/2025\\\/10\\\/icon_logo_covasna45-150x150.png\",\"contentUrl\":\"https:\\\/\\\/covasna45.ro\\\/wp-content\\\/uploads\\\/2025\\\/10\\\/icon_logo_covasna45-150x150.png\",\"caption\":\"Covasna45\"},\"sameAs\":[\"https:\\\/\\\/covasna45.ro\"],\"url\":\"https:\\\/\\\/covasna45.ro\\\/index.php\\\/author\\\/covasna\\\/\"}]}<\/script>\n<!-- \/ Yoast SEO plugin. -->","yoast_head_json":{"title":"Dan Air va continua s\u0103 opereze zboruri de pe aeroportul Bra\u0219ov - Covasna45","description":"Dan Air, singura companie care are curse regulate de pe noul aeroport Bra\u0219ov-Ghimbav, va continua s\u0103 opereze zboruri","robots":{"index":"index","follow":"follow","max-snippet":"max-snippet:-1","max-image-preview":"max-image-preview:large","max-video-preview":"max-video-preview:-1"},"canonical":"https:\/\/covasna45.ro\/index.php\/lumea-noastra\/dan-air-va-continua-sa-opereze-zboruri-de-pe-aeroportul-brasov\/","og_locale":"ro_RO","og_type":"article","og_title":"Dan Air va continua s\u0103 opereze zboruri de pe aeroportul Bra\u0219ov - Covasna45","og_description":"Dan Air, singura companie care are curse regulate de pe noul aeroport Bra\u0219ov-Ghimbav, va continua s\u0103 opereze zboruri","og_url":"https:\/\/covasna45.ro\/index.php\/lumea-noastra\/dan-air-va-continua-sa-opereze-zboruri-de-pe-aeroportul-brasov\/","og_site_name":"Covasna45","article_published_time":"2023-06-28T07:39:32+00:00","article_modified_time":"2023-06-28T07:39:59+00:00","og_image":[{"width":1024,"height":576,"url":"https:\/\/covasna45.ro\/wp-content\/uploads\/2023\/06\/danair-1024x576-1.jpg","type":"image\/jpeg"}],"author":"Covasna45","twitter_card":"summary_large_image","twitter_misc":{"Scris de":"Covasna45","Timp estimat pentru citire":"4 minute"},"schema":{"@context":"https:\/\/schema.org","@graph":[{"@type":"Article","@id":"https:\/\/covasna45.ro\/index.php\/lumea-noastra\/dan-air-va-continua-sa-opereze-zboruri-de-pe-aeroportul-brasov\/#article","isPartOf":{"@id":"https:\/\/covasna45.ro\/index.php\/lumea-noastra\/dan-air-va-continua-sa-opereze-zboruri-de-pe-aeroportul-brasov\/"},"author":{"name":"Covasna45","@id":"https:\/\/covasna45.ro\/#\/schema\/person\/e674052bd7d95d70bbb007a1060ab73c"},"headline":"Dan Air va continua s\u0103 opereze zboruri de pe aeroportul Bra\u0219ov","datePublished":"2023-06-28T07:39:32+00:00","dateModified":"2023-06-28T07:39:59+00:00","mainEntityOfPage":{"@id":"https:\/\/covasna45.ro\/index.php\/lumea-noastra\/dan-air-va-continua-sa-opereze-zboruri-de-pe-aeroportul-brasov\/"},"wordCount":644,"commentCount":0,"publisher":{"@id":"https:\/\/covasna45.ro\/#organization"},"image":{"@id":"https:\/\/covasna45.ro\/index.php\/lumea-noastra\/dan-air-va-continua-sa-opereze-zboruri-de-pe-aeroportul-brasov\/#primaryimage"},"thumbnailUrl":"https:\/\/covasna45.ro\/wp-content\/uploads\/2023\/06\/danair-1024x576-1.jpg","keywords":["Aeroport Bra\u0219ov","Curse","Dan Air","ROMATSA"],"articleSection":["Lumea noastr\u0103"],"inLanguage":"ro-RO","potentialAction":[{"@type":"CommentAction","name":"Comment","target":["https:\/\/covasna45.ro\/index.php\/lumea-noastra\/dan-air-va-continua-sa-opereze-zboruri-de-pe-aeroportul-brasov\/#respond"]}]},{"@type":"WebPage","@id":"https:\/\/covasna45.ro\/index.php\/lumea-noastra\/dan-air-va-continua-sa-opereze-zboruri-de-pe-aeroportul-brasov\/","url":"https:\/\/covasna45.ro\/index.php\/lumea-noastra\/dan-air-va-continua-sa-opereze-zboruri-de-pe-aeroportul-brasov\/","name":"Dan Air va continua s\u0103 opereze zboruri de pe aeroportul Bra\u0219ov - Covasna45","isPartOf":{"@id":"https:\/\/covasna45.ro\/#website"},"primaryImageOfPage":{"@id":"https:\/\/covasna45.ro\/index.php\/lumea-noastra\/dan-air-va-continua-sa-opereze-zboruri-de-pe-aeroportul-brasov\/#primaryimage"},"image":{"@id":"https:\/\/covasna45.ro\/index.php\/lumea-noastra\/dan-air-va-continua-sa-opereze-zboruri-de-pe-aeroportul-brasov\/#primaryimage"},"thumbnailUrl":"https:\/\/covasna45.ro\/wp-content\/uploads\/2023\/06\/danair-1024x576-1.jpg","datePublished":"2023-06-28T07:39:32+00:00","dateModified":"2023-06-28T07:39:59+00:00","description":"Dan Air, singura companie care are curse regulate de pe noul aeroport Bra\u0219ov-Ghimbav, va continua s\u0103 opereze zboruri","breadcrumb":{"@id":"https:\/\/covasna45.ro\/index.php\/lumea-noastra\/dan-air-va-continua-sa-opereze-zboruri-de-pe-aeroportul-brasov\/#breadcrumb"},"inLanguage":"ro-RO","potentialAction":[{"@type":"ReadAction","target":["https:\/\/covasna45.ro\/index.php\/lumea-noastra\/dan-air-va-continua-sa-opereze-zboruri-de-pe-aeroportul-brasov\/"]}]},{"@type":"ImageObject","inLanguage":"ro-RO","@id":"https:\/\/covasna45.ro\/index.php\/lumea-noastra\/dan-air-va-continua-sa-opereze-zboruri-de-pe-aeroportul-brasov\/#primaryimage","url":"https:\/\/covasna45.ro\/wp-content\/uploads\/2023\/06\/danair-1024x576-1.jpg","contentUrl":"https:\/\/covasna45.ro\/wp-content\/uploads\/2023\/06\/danair-1024x576-1.jpg","width":1024,"height":576},{"@type":"BreadcrumbList","@id":"https:\/\/covasna45.ro\/index.php\/lumea-noastra\/dan-air-va-continua-sa-opereze-zboruri-de-pe-aeroportul-brasov\/#breadcrumb","itemListElement":[{"@type":"ListItem","position":1,"name":"Prima pagin\u0103","item":"https:\/\/covasna45.ro\/"},{"@type":"ListItem","position":2,"name":"Dan Air va continua s\u0103 opereze zboruri de pe aeroportul Bra\u0219ov"}]},{"@type":"WebSite","@id":"https:\/\/covasna45.ro\/#website","url":"https:\/\/covasna45.ro\/","name":"covasna45.ro","description":"","publisher":{"@id":"https:\/\/covasna45.ro\/#organization"},"potentialAction":[{"@type":"SearchAction","target":{"@type":"EntryPoint","urlTemplate":"https:\/\/covasna45.ro\/?s={search_term_string}"},"query-input":{"@type":"PropertyValueSpecification","valueRequired":true,"valueName":"search_term_string"}}],"inLanguage":"ro-RO"},{"@type":"Organization","@id":"https:\/\/covasna45.ro\/#organization","name":"covasna45.ro","url":"https:\/\/covasna45.ro\/","logo":{"@type":"ImageObject","inLanguage":"ro-RO","@id":"https:\/\/covasna45.ro\/#\/schema\/logo\/image\/","url":"https:\/\/covasna45.ro\/wp-content\/uploads\/2023\/01\/icon_logo.png","contentUrl":"https:\/\/covasna45.ro\/wp-content\/uploads\/2023\/01\/icon_logo.png","width":1900,"height":1900,"caption":"covasna45.ro"},"image":{"@id":"https:\/\/covasna45.ro\/#\/schema\/logo\/image\/"}},{"@type":"Person","@id":"https:\/\/covasna45.ro\/#\/schema\/person\/e674052bd7d95d70bbb007a1060ab73c","name":"Covasna45","image":{"@type":"ImageObject","inLanguage":"ro-RO","@id":"https:\/\/covasna45.ro\/wp-content\/uploads\/2025\/10\/icon_logo_covasna45-150x150.png","url":"https:\/\/covasna45.ro\/wp-content\/uploads\/2025\/10\/icon_logo_covasna45-150x150.png","contentUrl":"https:\/\/covasna45.ro\/wp-content\/uploads\/2025\/10\/icon_logo_covasna45-150x150.png","caption":"Covasna45"},"sameAs":["https:\/\/covasna45.ro"],"url":"https:\/\/covasna45.ro\/index.php\/author\/covasna\/"}]}},"_links":{"self":[{"href":"https:\/\/covasna45.ro\/index.php\/wp-json\/wp\/v2\/posts\/2099","targetHints":{"allow":["GET"]}}],"collection":[{"href":"https:\/\/covasna45.ro\/index.php\/wp-json\/wp\/v2\/posts"}],"about":[{"href":"https:\/\/covasna45.ro\/index.php\/wp-json\/wp\/v2\/types\/post"}],"author":[{"embeddable":true,"href":"https:\/\/covasna45.ro\/index.php\/wp-json\/wp\/v2\/users\/1"}],"replies":[{"embeddable":true,"href":"https:\/\/covasna45.ro\/index.php\/wp-json\/wp\/v2\/comments?post=2099"}],"version-history":[{"count":1,"href":"https:\/\/covasna45.ro\/index.php\/wp-json\/wp\/v2\/posts\/2099\/revisions"}],"predecessor-version":[{"id":2101,"href":"https:\/\/covasna45.ro\/index.php\/wp-json\/wp\/v2\/posts\/2099\/revisions\/2101"}],"wp:featuredmedia":[{"embeddable":true,"href":"https:\/\/covasna45.ro\/index.php\/wp-json\/wp\/v2\/media\/2100"}],"wp:attachment":[{"href":"https:\/\/covasna45.ro\/index.php\/wp-json\/wp\/v2\/media?parent=2099"}],"wp:term":[{"taxonomy":"category","embeddable":true,"href":"https:\/\/covasna45.ro\/index.php\/wp-json\/wp\/v2\/categories?post=2099"},{"taxonomy":"post_tag","embeddable":true,"href":"https:\/\/covasna45.ro\/index.php\/wp-json\/wp\/v2\/tags?post=2099"}],"curies":[{"name":"wp","href":"https:\/\/api.w.org\/{rel}","templated":true}]}}