{"id":2102,"date":"2023-06-28T09:53:18","date_gmt":"2023-06-28T07:53:18","guid":{"rendered":"https:\/\/covasna45.ro\/?p=2102"},"modified":"2023-06-28T09:53:19","modified_gmt":"2023-06-28T07:53:19","slug":"viktor-orban-razboiul-din-ucraina-se-va-incheia-cand-vor-dori-sua","status":"publish","type":"post","link":"https:\/\/covasna45.ro\/index.php\/lumea-larga\/viktor-orban-razboiul-din-ucraina-se-va-incheia-cand-vor-dori-sua\/","title":{"rendered":"Viktor Orb\u00e1n: R\u0103zboiul din Ucraina se va \u00eencheia c\u00e2nd vor dori SUA"},"content":{"rendered":"\n<p>Premierul ungar Viktor Orb\u00e1n a declarat \u00eentr-un interviu acordat ziarului german Bild c\u0103 Ucraina nu mai este o \u021bar\u0103 suveran\u0103 din moment ce nu poate lupta \u00eempotriva Rusiei f\u0103r\u0103 sprijinul Occidentului. Orb\u00e1n a mai spus \u0219i c\u0103 r\u0103zboiul se va \u00eencheia c\u00e2nd vor dori Statele Unite. <\/p>\n\n\n\n<p><strong><em>\u201eNu vreau s\u0103 influen\u021bez ucrainenii, dar pledez mereu pentru pace, pace, pace. \u00cen caz contrar, vor pierde o cantitate uria\u0219\u0103 de bog\u0103\u021bie, multe vie\u021bi \u0219i vor avea loc distrugeri inimaginabile. Prin urmare, pacea este singura solu\u021bie \u00een acest moment. Pacea \u00eenseamn\u0103 armisti\u021biu \u00een acest moment\u201d,<\/em><\/strong> a declarat el.<\/p>\n\n\n\n<h2 class=\"wp-block-heading\">\u201eUcrainenii vor r\u0103m\u00e2ne f\u0103r\u0103 solda\u021bi\u201d, spune Orb\u00e1n<\/h2>\n\n\n\n<p>El a insistat c\u0103 nu se refer\u0103 la regrese sau victorii specifice \u00eenregistrate de o parte sau alta \u00een timpul conflictului declan\u0219at de Vladimir Putin anul trecut, ci la rezultatul final al acestuia.<\/p>\n\n\n\n<p><strong><em>\u201eProblema este c\u0103 ucrainenii vor r\u0103m\u00e2ne f\u0103r\u0103 solda\u021bi mai devreme dec\u00e2t ru\u0219ii, iar acesta va fi factorul decisiv p\u00e2n\u0103 la urm\u0103\u201d,<\/em><\/strong> a spus Orb\u00e1n.<\/p>\n\n\n\n<p>\u00centrebat de Bild despre faptul c\u0103 ucrainenii spun c\u0103 vor \u00eencheia un armisti\u021biu doar dup\u0103 ce \u00ee\u0219i vor elibera teritoriile ocupate de for\u021bele de invazie, Viktor Orb\u00e1n a r\u0103spuns c\u0103 este familiar cu \u201eaceast\u0103 p\u0103rere\u201d.<br><strong><em>\u201eDar ceea ce conteaz\u0103 cu adev\u0103rat este ce vor americanii s\u0103 fac\u0103. Ucraina nu mai este o \u021bar\u0103 suveran\u0103. Nu au bani. Nu au arme. Ei pot lupta doar pentru c\u0103 \u00eei sprijinim \u00een Occident\u201d,<\/em><\/strong> a argumentat Viktor Orb\u00e1n.<\/p>\n\n\n\n<h2 class=\"wp-block-heading\">\u201eDeci, dac\u0103 americanii decid c\u0103 vor pacea, va fi pace\u201d, a conchis premierul ungar.<\/h2>\n\n\n\n<p>Jurnali\u0219tii de la Bild i-au spus c\u0103, \u00een cazul \u00een care \u021b\u0103rile NATO i-ar fi urmat sfaturile la \u00eenceputul r\u0103zboiului \u0219i nu ar fi oferit sprijin Ucrainei, \u021bara ar fi acum ocupat\u0103 \u00een \u00eentregime de ru\u0219i.<\/p>\n\n\n\n<p><strong><em>\u201eAceasta este o ipotez\u0103 pentru care nu exist\u0103 dovezi\u201d,<\/em><\/strong> a r\u0103spuns Viktor Orb\u00e1n.<\/p>\n\n\n\n<p>\u00centrebat despre evenimentele ce au avut loc s\u00e2mb\u0103t\u0103 \u00een Rusia \u0219i urm\u0103rile lor, premierul maghiar a r\u0103spuns c\u0103 acestea sunt evenimente f\u0103r\u0103 vreo mare importan\u021b\u0103. El nu consider\u0103 c\u0103 pozi\u021bia pre\u0219edintelui Vladimir Putin a fost sl\u0103bit\u0103 \u00een vreun fel de rebeliunea lui Evgheni Prigojin.<\/p>\n\n\n\n<p>Orb\u00e1n a ad\u0103ugat c\u0103 a avut informa\u021bii despre ce se \u00eent\u00e2mpl\u0103 \u00een Rusia de la serviciile de informa\u021bii de la Budapesta \u0219i c\u0103 acestea au evaluat r\u0103smeri\u021ba ca fiind <strong><em>\u201eneimportant\u0103\u201d<\/em><\/strong>.<\/p>\n\n\n\n<p><strong><em>\u201e\u0218ti\u021bi, Putin este pre\u0219edintele Rusiei. Prin urmare, dac\u0103 cineva sugereaz\u0103 c\u0103 el ar putea c\u0103dea sau fi \u00eenlocuit, atunci acea persoan\u0103 nu \u00een\u021belege poporul rus \u0219i structurile de putere din Rusia\u201d,<\/em><\/strong> a mai spus el, explic\u00e2nd c\u0103 \u00een Rusia totul func\u021bioneaz\u0103 diferit fa\u021b\u0103 de \u021b\u0103rile europene.<\/p>\n","protected":false},"excerpt":{"rendered":"<p>Premierul ungar Viktor Orb\u00e1n a declarat \u00eentr-un interviu acordat ziarului german Bild c\u0103 Ucraina nu mai este o \u021bar\u0103 suveran\u0103 din moment ce nu poate lupta \u00eempotriva Rusiei f\u0103r\u0103 sprijinul Occidentului. Orb\u00e1n a mai spus \u0219i c\u0103 r\u0103zboiul se va \u00eencheia c\u00e2nd vor dori Statele Unite. \u201eNu vreau s\u0103 influen\u021bez ucrainenii, dar pledez mereu pentru [&hellip;]<\/p>\n","protected":false},"author":1,"featured_media":2104,"comment_status":"open","ping_status":"closed","sticky":false,"template":"","format":"standard","meta":{"tdm_status":"","tdm_grid_status":"","footnotes":""},"categories":[10],"tags":[427,275,804,107],"class_list":{"0":"post-2102","1":"post","2":"type-post","3":"status-publish","4":"format-standard","5":"has-post-thumbnail","7":"category-lumea-larga","8":"tag-rusia","9":"tag-sua","10":"tag-uncraina","11":"tag-viktor-orban-2"},"yoast_head":"<!-- This site is optimized with the Yoast SEO plugin v27.4 - https:\/\/yoast.com\/product\/yoast-seo-wordpress\/ -->\n<title>Viktor Orb\u00e1n: R\u0103zboiul din Ucraina se va \u00eencheia c\u00e2nd vor dori SUA - Covasna45<\/title>\n<meta name=\"description\" content=\"Premierul ungar Viktor Orb\u00e1n a declarat \u00eentr-un interviu acordat ziarului german Bild c\u0103 Ucraina nu mai este o \u021bar\u0103 suveran\u0103\" \/>\n<meta name=\"robots\" content=\"index, follow, max-snippet:-1, max-image-preview:large, max-video-preview:-1\" \/>\n<link rel=\"canonical\" href=\"https:\/\/covasna45.ro\/index.php\/lumea-larga\/viktor-orban-razboiul-din-ucraina-se-va-incheia-cand-vor-dori-sua\/\" \/>\n<meta property=\"og:locale\" content=\"ro_RO\" \/>\n<meta property=\"og:type\" content=\"article\" \/>\n<meta property=\"og:title\" content=\"Viktor Orb\u00e1n: R\u0103zboiul din Ucraina se va \u00eencheia c\u00e2nd vor dori SUA - Covasna45\" \/>\n<meta property=\"og:description\" content=\"Premierul ungar Viktor Orb\u00e1n a declarat \u00eentr-un interviu acordat ziarului german Bild c\u0103 Ucraina nu mai este o \u021bar\u0103 suveran\u0103\" \/>\n<meta property=\"og:url\" content=\"https:\/\/covasna45.ro\/index.php\/lumea-larga\/viktor-orban-razboiul-din-ucraina-se-va-incheia-cand-vor-dori-sua\/\" \/>\n<meta property=\"og:site_name\" content=\"Covasna45\" \/>\n<meta property=\"article:published_time\" content=\"2023-06-28T07:53:18+00:00\" \/>\n<meta property=\"article:modified_time\" content=\"2023-06-28T07:53:19+00:00\" \/>\n<meta property=\"og:image\" content=\"https:\/\/covasna45.ro\/wp-content\/uploads\/2023\/06\/Viktor-Orban-1.jpg\" \/>\n\t<meta property=\"og:image:width\" content=\"2500\" \/>\n\t<meta property=\"og:image:height\" content=\"1700\" \/>\n\t<meta property=\"og:image:type\" content=\"image\/jpeg\" \/>\n<meta name=\"author\" content=\"Covasna45\" \/>\n<meta name=\"twitter:card\" content=\"summary_large_image\" \/>\n<meta name=\"twitter:label1\" content=\"Scris de\" \/>\n\t<meta name=\"twitter:data1\" content=\"Covasna45\" \/>\n\t<meta name=\"twitter:label2\" content=\"Timp estimat pentru citire\" \/>\n\t<meta name=\"twitter:data2\" content=\"3 minute\" \/>\n<script type=\"application\/ld+json\" class=\"yoast-schema-graph\">{\"@context\":\"https:\\\/\\\/schema.org\",\"@graph\":[{\"@type\":\"Article\",\"@id\":\"https:\\\/\\\/covasna45.ro\\\/index.php\\\/lumea-larga\\\/viktor-orban-razboiul-din-ucraina-se-va-incheia-cand-vor-dori-sua\\\/#article\",\"isPartOf\":{\"@id\":\"https:\\\/\\\/covasna45.ro\\\/index.php\\\/lumea-larga\\\/viktor-orban-razboiul-din-ucraina-se-va-incheia-cand-vor-dori-sua\\\/\"},\"author\":{\"name\":\"Covasna45\",\"@id\":\"https:\\\/\\\/covasna45.ro\\\/#\\\/schema\\\/person\\\/e674052bd7d95d70bbb007a1060ab73c\"},\"headline\":\"Viktor Orb\u00e1n: R\u0103zboiul din Ucraina se va \u00eencheia c\u00e2nd vor dori SUA\",\"datePublished\":\"2023-06-28T07:53:18+00:00\",\"dateModified\":\"2023-06-28T07:53:19+00:00\",\"mainEntityOfPage\":{\"@id\":\"https:\\\/\\\/covasna45.ro\\\/index.php\\\/lumea-larga\\\/viktor-orban-razboiul-din-ucraina-se-va-incheia-cand-vor-dori-sua\\\/\"},\"wordCount\":487,\"commentCount\":0,\"publisher\":{\"@id\":\"https:\\\/\\\/covasna45.ro\\\/#organization\"},\"image\":{\"@id\":\"https:\\\/\\\/covasna45.ro\\\/index.php\\\/lumea-larga\\\/viktor-orban-razboiul-din-ucraina-se-va-incheia-cand-vor-dori-sua\\\/#primaryimage\"},\"thumbnailUrl\":\"https:\\\/\\\/covasna45.ro\\\/wp-content\\\/uploads\\\/2023\\\/06\\\/Viktor-Orban-1.jpg\",\"keywords\":[\"Rusia\",\"SUA\",\"Uncraina\",\"Viktor Orb\u00e1n\"],\"articleSection\":[\"Lumea larg\u0103\"],\"inLanguage\":\"ro-RO\",\"potentialAction\":[{\"@type\":\"CommentAction\",\"name\":\"Comment\",\"target\":[\"https:\\\/\\\/covasna45.ro\\\/index.php\\\/lumea-larga\\\/viktor-orban-razboiul-din-ucraina-se-va-incheia-cand-vor-dori-sua\\\/#respond\"]}]},{\"@type\":\"WebPage\",\"@id\":\"https:\\\/\\\/covasna45.ro\\\/index.php\\\/lumea-larga\\\/viktor-orban-razboiul-din-ucraina-se-va-incheia-cand-vor-dori-sua\\\/\",\"url\":\"https:\\\/\\\/covasna45.ro\\\/index.php\\\/lumea-larga\\\/viktor-orban-razboiul-din-ucraina-se-va-incheia-cand-vor-dori-sua\\\/\",\"name\":\"Viktor Orb\u00e1n: R\u0103zboiul din Ucraina se va \u00eencheia c\u00e2nd vor dori SUA - Covasna45\",\"isPartOf\":{\"@id\":\"https:\\\/\\\/covasna45.ro\\\/#website\"},\"primaryImageOfPage\":{\"@id\":\"https:\\\/\\\/covasna45.ro\\\/index.php\\\/lumea-larga\\\/viktor-orban-razboiul-din-ucraina-se-va-incheia-cand-vor-dori-sua\\\/#primaryimage\"},\"image\":{\"@id\":\"https:\\\/\\\/covasna45.ro\\\/index.php\\\/lumea-larga\\\/viktor-orban-razboiul-din-ucraina-se-va-incheia-cand-vor-dori-sua\\\/#primaryimage\"},\"thumbnailUrl\":\"https:\\\/\\\/covasna45.ro\\\/wp-content\\\/uploads\\\/2023\\\/06\\\/Viktor-Orban-1.jpg\",\"datePublished\":\"2023-06-28T07:53:18+00:00\",\"dateModified\":\"2023-06-28T07:53:19+00:00\",\"description\":\"Premierul ungar Viktor Orb\u00e1n a declarat \u00eentr-un interviu acordat ziarului german Bild c\u0103 Ucraina nu mai este o \u021bar\u0103 suveran\u0103\",\"breadcrumb\":{\"@id\":\"https:\\\/\\\/covasna45.ro\\\/index.php\\\/lumea-larga\\\/viktor-orban-razboiul-din-ucraina-se-va-incheia-cand-vor-dori-sua\\\/#breadcrumb\"},\"inLanguage\":\"ro-RO\",\"potentialAction\":[{\"@type\":\"ReadAction\",\"target\":[\"https:\\\/\\\/covasna45.ro\\\/index.php\\\/lumea-larga\\\/viktor-orban-razboiul-din-ucraina-se-va-incheia-cand-vor-dori-sua\\\/\"]}]},{\"@type\":\"ImageObject\",\"inLanguage\":\"ro-RO\",\"@id\":\"https:\\\/\\\/covasna45.ro\\\/index.php\\\/lumea-larga\\\/viktor-orban-razboiul-din-ucraina-se-va-incheia-cand-vor-dori-sua\\\/#primaryimage\",\"url\":\"https:\\\/\\\/covasna45.ro\\\/wp-content\\\/uploads\\\/2023\\\/06\\\/Viktor-Orban-1.jpg\",\"contentUrl\":\"https:\\\/\\\/covasna45.ro\\\/wp-content\\\/uploads\\\/2023\\\/06\\\/Viktor-Orban-1.jpg\",\"width\":2500,\"height\":1700},{\"@type\":\"BreadcrumbList\",\"@id\":\"https:\\\/\\\/covasna45.ro\\\/index.php\\\/lumea-larga\\\/viktor-orban-razboiul-din-ucraina-se-va-incheia-cand-vor-dori-sua\\\/#breadcrumb\",\"itemListElement\":[{\"@type\":\"ListItem\",\"position\":1,\"name\":\"Prima pagin\u0103\",\"item\":\"https:\\\/\\\/covasna45.ro\\\/\"},{\"@type\":\"ListItem\",\"position\":2,\"name\":\"Viktor Orb\u00e1n: R\u0103zboiul din Ucraina se va \u00eencheia c\u00e2nd vor dori SUA\"}]},{\"@type\":\"WebSite\",\"@id\":\"https:\\\/\\\/covasna45.ro\\\/#website\",\"url\":\"https:\\\/\\\/covasna45.ro\\\/\",\"name\":\"covasna45.ro\",\"description\":\"\",\"publisher\":{\"@id\":\"https:\\\/\\\/covasna45.ro\\\/#organization\"},\"potentialAction\":[{\"@type\":\"SearchAction\",\"target\":{\"@type\":\"EntryPoint\",\"urlTemplate\":\"https:\\\/\\\/covasna45.ro\\\/?s={search_term_string}\"},\"query-input\":{\"@type\":\"PropertyValueSpecification\",\"valueRequired\":true,\"valueName\":\"search_term_string\"}}],\"inLanguage\":\"ro-RO\"},{\"@type\":\"Organization\",\"@id\":\"https:\\\/\\\/covasna45.ro\\\/#organization\",\"name\":\"covasna45.ro\",\"url\":\"https:\\\/\\\/covasna45.ro\\\/\",\"logo\":{\"@type\":\"ImageObject\",\"inLanguage\":\"ro-RO\",\"@id\":\"https:\\\/\\\/covasna45.ro\\\/#\\\/schema\\\/logo\\\/image\\\/\",\"url\":\"https:\\\/\\\/covasna45.ro\\\/wp-content\\\/uploads\\\/2023\\\/01\\\/icon_logo.png\",\"contentUrl\":\"https:\\\/\\\/covasna45.ro\\\/wp-content\\\/uploads\\\/2023\\\/01\\\/icon_logo.png\",\"width\":1900,\"height\":1900,\"caption\":\"covasna45.ro\"},\"image\":{\"@id\":\"https:\\\/\\\/covasna45.ro\\\/#\\\/schema\\\/logo\\\/image\\\/\"}},{\"@type\":\"Person\",\"@id\":\"https:\\\/\\\/covasna45.ro\\\/#\\\/schema\\\/person\\\/e674052bd7d95d70bbb007a1060ab73c\",\"name\":\"Covasna45\",\"image\":{\"@type\":\"ImageObject\",\"inLanguage\":\"ro-RO\",\"@id\":\"https:\\\/\\\/covasna45.ro\\\/wp-content\\\/uploads\\\/2025\\\/10\\\/icon_logo_covasna45-150x150.png\",\"url\":\"https:\\\/\\\/covasna45.ro\\\/wp-content\\\/uploads\\\/2025\\\/10\\\/icon_logo_covasna45-150x150.png\",\"contentUrl\":\"https:\\\/\\\/covasna45.ro\\\/wp-content\\\/uploads\\\/2025\\\/10\\\/icon_logo_covasna45-150x150.png\",\"caption\":\"Covasna45\"},\"sameAs\":[\"https:\\\/\\\/covasna45.ro\"],\"url\":\"https:\\\/\\\/covasna45.ro\\\/index.php\\\/author\\\/covasna\\\/\"}]}<\/script>\n<!-- \/ Yoast SEO plugin. -->","yoast_head_json":{"title":"Viktor Orb\u00e1n: R\u0103zboiul din Ucraina se va \u00eencheia c\u00e2nd vor dori SUA - Covasna45","description":"Premierul ungar Viktor Orb\u00e1n a declarat \u00eentr-un interviu acordat ziarului german Bild c\u0103 Ucraina nu mai este o \u021bar\u0103 suveran\u0103","robots":{"index":"index","follow":"follow","max-snippet":"max-snippet:-1","max-image-preview":"max-image-preview:large","max-video-preview":"max-video-preview:-1"},"canonical":"https:\/\/covasna45.ro\/index.php\/lumea-larga\/viktor-orban-razboiul-din-ucraina-se-va-incheia-cand-vor-dori-sua\/","og_locale":"ro_RO","og_type":"article","og_title":"Viktor Orb\u00e1n: R\u0103zboiul din Ucraina se va \u00eencheia c\u00e2nd vor dori SUA - Covasna45","og_description":"Premierul ungar Viktor Orb\u00e1n a declarat \u00eentr-un interviu acordat ziarului german Bild c\u0103 Ucraina nu mai este o \u021bar\u0103 suveran\u0103","og_url":"https:\/\/covasna45.ro\/index.php\/lumea-larga\/viktor-orban-razboiul-din-ucraina-se-va-incheia-cand-vor-dori-sua\/","og_site_name":"Covasna45","article_published_time":"2023-06-28T07:53:18+00:00","article_modified_time":"2023-06-28T07:53:19+00:00","og_image":[{"width":2500,"height":1700,"url":"https:\/\/covasna45.ro\/wp-content\/uploads\/2023\/06\/Viktor-Orban-1.jpg","type":"image\/jpeg"}],"author":"Covasna45","twitter_card":"summary_large_image","twitter_misc":{"Scris de":"Covasna45","Timp estimat pentru citire":"3 minute"},"schema":{"@context":"https:\/\/schema.org","@graph":[{"@type":"Article","@id":"https:\/\/covasna45.ro\/index.php\/lumea-larga\/viktor-orban-razboiul-din-ucraina-se-va-incheia-cand-vor-dori-sua\/#article","isPartOf":{"@id":"https:\/\/covasna45.ro\/index.php\/lumea-larga\/viktor-orban-razboiul-din-ucraina-se-va-incheia-cand-vor-dori-sua\/"},"author":{"name":"Covasna45","@id":"https:\/\/covasna45.ro\/#\/schema\/person\/e674052bd7d95d70bbb007a1060ab73c"},"headline":"Viktor Orb\u00e1n: R\u0103zboiul din Ucraina se va \u00eencheia c\u00e2nd vor dori SUA","datePublished":"2023-06-28T07:53:18+00:00","dateModified":"2023-06-28T07:53:19+00:00","mainEntityOfPage":{"@id":"https:\/\/covasna45.ro\/index.php\/lumea-larga\/viktor-orban-razboiul-din-ucraina-se-va-incheia-cand-vor-dori-sua\/"},"wordCount":487,"commentCount":0,"publisher":{"@id":"https:\/\/covasna45.ro\/#organization"},"image":{"@id":"https:\/\/covasna45.ro\/index.php\/lumea-larga\/viktor-orban-razboiul-din-ucraina-se-va-incheia-cand-vor-dori-sua\/#primaryimage"},"thumbnailUrl":"https:\/\/covasna45.ro\/wp-content\/uploads\/2023\/06\/Viktor-Orban-1.jpg","keywords":["Rusia","SUA","Uncraina","Viktor Orb\u00e1n"],"articleSection":["Lumea larg\u0103"],"inLanguage":"ro-RO","potentialAction":[{"@type":"CommentAction","name":"Comment","target":["https:\/\/covasna45.ro\/index.php\/lumea-larga\/viktor-orban-razboiul-din-ucraina-se-va-incheia-cand-vor-dori-sua\/#respond"]}]},{"@type":"WebPage","@id":"https:\/\/covasna45.ro\/index.php\/lumea-larga\/viktor-orban-razboiul-din-ucraina-se-va-incheia-cand-vor-dori-sua\/","url":"https:\/\/covasna45.ro\/index.php\/lumea-larga\/viktor-orban-razboiul-din-ucraina-se-va-incheia-cand-vor-dori-sua\/","name":"Viktor Orb\u00e1n: R\u0103zboiul din Ucraina se va \u00eencheia c\u00e2nd vor dori SUA - Covasna45","isPartOf":{"@id":"https:\/\/covasna45.ro\/#website"},"primaryImageOfPage":{"@id":"https:\/\/covasna45.ro\/index.php\/lumea-larga\/viktor-orban-razboiul-din-ucraina-se-va-incheia-cand-vor-dori-sua\/#primaryimage"},"image":{"@id":"https:\/\/covasna45.ro\/index.php\/lumea-larga\/viktor-orban-razboiul-din-ucraina-se-va-incheia-cand-vor-dori-sua\/#primaryimage"},"thumbnailUrl":"https:\/\/covasna45.ro\/wp-content\/uploads\/2023\/06\/Viktor-Orban-1.jpg","datePublished":"2023-06-28T07:53:18+00:00","dateModified":"2023-06-28T07:53:19+00:00","description":"Premierul ungar Viktor Orb\u00e1n a declarat \u00eentr-un interviu acordat ziarului german Bild c\u0103 Ucraina nu mai este o \u021bar\u0103 suveran\u0103","breadcrumb":{"@id":"https:\/\/covasna45.ro\/index.php\/lumea-larga\/viktor-orban-razboiul-din-ucraina-se-va-incheia-cand-vor-dori-sua\/#breadcrumb"},"inLanguage":"ro-RO","potentialAction":[{"@type":"ReadAction","target":["https:\/\/covasna45.ro\/index.php\/lumea-larga\/viktor-orban-razboiul-din-ucraina-se-va-incheia-cand-vor-dori-sua\/"]}]},{"@type":"ImageObject","inLanguage":"ro-RO","@id":"https:\/\/covasna45.ro\/index.php\/lumea-larga\/viktor-orban-razboiul-din-ucraina-se-va-incheia-cand-vor-dori-sua\/#primaryimage","url":"https:\/\/covasna45.ro\/wp-content\/uploads\/2023\/06\/Viktor-Orban-1.jpg","contentUrl":"https:\/\/covasna45.ro\/wp-content\/uploads\/2023\/06\/Viktor-Orban-1.jpg","width":2500,"height":1700},{"@type":"BreadcrumbList","@id":"https:\/\/covasna45.ro\/index.php\/lumea-larga\/viktor-orban-razboiul-din-ucraina-se-va-incheia-cand-vor-dori-sua\/#breadcrumb","itemListElement":[{"@type":"ListItem","position":1,"name":"Prima pagin\u0103","item":"https:\/\/covasna45.ro\/"},{"@type":"ListItem","position":2,"name":"Viktor Orb\u00e1n: R\u0103zboiul din Ucraina se va \u00eencheia c\u00e2nd vor dori SUA"}]},{"@type":"WebSite","@id":"https:\/\/covasna45.ro\/#website","url":"https:\/\/covasna45.ro\/","name":"covasna45.ro","description":"","publisher":{"@id":"https:\/\/covasna45.ro\/#organization"},"potentialAction":[{"@type":"SearchAction","target":{"@type":"EntryPoint","urlTemplate":"https:\/\/covasna45.ro\/?s={search_term_string}"},"query-input":{"@type":"PropertyValueSpecification","valueRequired":true,"valueName":"search_term_string"}}],"inLanguage":"ro-RO"},{"@type":"Organization","@id":"https:\/\/covasna45.ro\/#organization","name":"covasna45.ro","url":"https:\/\/covasna45.ro\/","logo":{"@type":"ImageObject","inLanguage":"ro-RO","@id":"https:\/\/covasna45.ro\/#\/schema\/logo\/image\/","url":"https:\/\/covasna45.ro\/wp-content\/uploads\/2023\/01\/icon_logo.png","contentUrl":"https:\/\/covasna45.ro\/wp-content\/uploads\/2023\/01\/icon_logo.png","width":1900,"height":1900,"caption":"covasna45.ro"},"image":{"@id":"https:\/\/covasna45.ro\/#\/schema\/logo\/image\/"}},{"@type":"Person","@id":"https:\/\/covasna45.ro\/#\/schema\/person\/e674052bd7d95d70bbb007a1060ab73c","name":"Covasna45","image":{"@type":"ImageObject","inLanguage":"ro-RO","@id":"https:\/\/covasna45.ro\/wp-content\/uploads\/2025\/10\/icon_logo_covasna45-150x150.png","url":"https:\/\/covasna45.ro\/wp-content\/uploads\/2025\/10\/icon_logo_covasna45-150x150.png","contentUrl":"https:\/\/covasna45.ro\/wp-content\/uploads\/2025\/10\/icon_logo_covasna45-150x150.png","caption":"Covasna45"},"sameAs":["https:\/\/covasna45.ro"],"url":"https:\/\/covasna45.ro\/index.php\/author\/covasna\/"}]}},"_links":{"self":[{"href":"https:\/\/covasna45.ro\/index.php\/wp-json\/wp\/v2\/posts\/2102","targetHints":{"allow":["GET"]}}],"collection":[{"href":"https:\/\/covasna45.ro\/index.php\/wp-json\/wp\/v2\/posts"}],"about":[{"href":"https:\/\/covasna45.ro\/index.php\/wp-json\/wp\/v2\/types\/post"}],"author":[{"embeddable":true,"href":"https:\/\/covasna45.ro\/index.php\/wp-json\/wp\/v2\/users\/1"}],"replies":[{"embeddable":true,"href":"https:\/\/covasna45.ro\/index.php\/wp-json\/wp\/v2\/comments?post=2102"}],"version-history":[{"count":1,"href":"https:\/\/covasna45.ro\/index.php\/wp-json\/wp\/v2\/posts\/2102\/revisions"}],"predecessor-version":[{"id":2105,"href":"https:\/\/covasna45.ro\/index.php\/wp-json\/wp\/v2\/posts\/2102\/revisions\/2105"}],"wp:featuredmedia":[{"embeddable":true,"href":"https:\/\/covasna45.ro\/index.php\/wp-json\/wp\/v2\/media\/2104"}],"wp:attachment":[{"href":"https:\/\/covasna45.ro\/index.php\/wp-json\/wp\/v2\/media?parent=2102"}],"wp:term":[{"taxonomy":"category","embeddable":true,"href":"https:\/\/covasna45.ro\/index.php\/wp-json\/wp\/v2\/categories?post=2102"},{"taxonomy":"post_tag","embeddable":true,"href":"https:\/\/covasna45.ro\/index.php\/wp-json\/wp\/v2\/tags?post=2102"}],"curies":[{"name":"wp","href":"https:\/\/api.w.org\/{rel}","templated":true}]}}