{"id":2109,"date":"2023-06-29T09:17:41","date_gmt":"2023-06-29T07:17:41","guid":{"rendered":"https:\/\/covasna45.ro\/?p=2109"},"modified":"2023-06-29T09:17:41","modified_gmt":"2023-06-29T07:17:41","slug":"nici-un-elev-de-10-la-capacitate-in-covasna","status":"publish","type":"post","link":"https:\/\/covasna45.ro\/index.php\/lumea-noastra\/nici-un-elev-de-10-la-capacitate-in-covasna\/","title":{"rendered":"Nici un elev de 10 la Capacitate \u00een Covasna"},"content":{"rendered":"\n<p>La Evaluarea Na\u021bional\u0103 2023, 76,2% dintre elevii de clasa a VIII-a care au sus\u021binut examenul au ob\u021binut medii peste 5, \u00eenainte de contesta\u021bii, fa\u021b\u0103 de 82,3% \u00een 2022 \u0219i 76,8% \u00een 2021. <\/p>\n\n\n\n<p>\u00cen mediul rural, rata mediilor sub 5 este de aproape 40%. Topul jude\u021belor cu cele mai slabe rezultate este deschis de Teleorman \u0219i C\u0103l\u0103ra\u0219i, iar la polul opus se afl\u0103 Cluj \u0219i Br\u0103ila.<\/p>\n\n\n\n<h2 class=\"wp-block-heading\">Capitala conduce \u00een topul mediilor de 10 Capacitate.<\/h2>\n\n\n\n<p>Potrivit rezultatelor publicate de Minsiterul Educa\u021biei, la nivel na\u021bional s-au \u00eenregistrat 429 de medii de 10. 94 dintre acestea au fost \u00een Capital\u0103.<\/p>\n\n\n\n<p>\u00cen top 5 urmeaz\u0103 Ia\u0219i &#8211; 28, Cluj &#8211; 24, Dolj &#8211; 23 \u0219i Arge\u0219 -19. La polul opus se afl\u0103 jude\u021bele Cara\u0219 Severin, Covasna, Giurgiu, Harghita \u0219i Tulcea, unde niciun elev nu a ob\u021binut media 10, potrivit rezultatelor la Evaluare Na\u021bional\u0103 2023.<\/p>\n\n\n\n<h2 class=\"wp-block-heading\">\u00cen Covasna, 71,3% dintre candida\u021bi au ob\u021binut medii peste 5 la Capacitate, cu aproape 5 procente sub media pe \u021bar\u0103.<\/h2>\n\n\n\n<p>* La \u0218coala Gimnazial\u0103 V\u00e2lcele, un singur elev s-a prezentat la examen, ob\u021bin\u00e2nd media 4,42.<br>* La \u0218coala Gimnazial\u0103 H\u0103ghig, din cei 15 elevi, 7 au absentat, iar restul de 8 au ob\u021binut medii sub 5.<br>* La \u0218coala Gimnazial\u0103 &#8222;L\u00e1szl\u00f3 Luk\u00e1cs&#8221; Ilieni un singur elev a reu\u0219it s\u0103 ob\u021bin\u0103 o medie peste 5.<br>* La \u0218coala Gimnazial\u0103 &#8222;N\u00e9ri Szent F\u00fcl\u00f6p&#8221; Sf\u00e2ntu Gheorghe, di 18 elevi doar 4 s-au prezentat la examen, nici unul nereu\u0219ind s\u0103 ob\u021bin\u0103 o medie de peste 5.<br>* \u0218coala Gimnazial\u0103 &#8222;Bartha K\u00e1roly&#8221; Boro\u0219neu Mare are un singur elev cu media peste 5 (5,03).<br>* Nici un elev nu a ob\u021binut media 5 la \u0218coala Gimnazial\u0103 &#8222;Mihai Eminescu&#8221; Valea Mare, la \u0218coala Gimnazial\u0103 &#8222;Opra Benedek&#8221; Valea Seac\u0103 \u0219i la \u0218coala Gimnazial\u0103 &#8222;G\u00e1bor \u00c1ron&#8221; Chichi\u0219.\u00a0\u00a0<\/p>\n","protected":false},"excerpt":{"rendered":"<p>La Evaluarea Na\u021bional\u0103 2023, 76,2% dintre elevii de clasa a VIII-a care au sus\u021binut examenul au ob\u021binut medii peste 5, \u00eenainte de contesta\u021bii, fa\u021b\u0103 de 82,3% \u00een 2022 \u0219i 76,8% \u00een 2021. \u00cen mediul rural, rata mediilor sub 5 este de aproape 40%. Topul jude\u021belor cu cele mai slabe rezultate este deschis de Teleorman \u0219i [&hellip;]<\/p>\n","protected":false},"author":1,"featured_media":2110,"comment_status":"open","ping_status":"closed","sticky":false,"template":"","format":"standard","meta":{"tdm_status":"","tdm_grid_status":"","footnotes":""},"categories":[14],"tags":[],"class_list":{"0":"post-2109","1":"post","2":"type-post","3":"status-publish","4":"format-standard","5":"has-post-thumbnail","7":"category-lumea-noastra"},"yoast_head":"<!-- This site is optimized with the Yoast SEO plugin v27.5 - https:\/\/yoast.com\/product\/yoast-seo-wordpress\/ -->\n<title>Nici un elev de 10 la Capacitate \u00een Covasna - Covasna45<\/title>\n<meta name=\"description\" content=\"\u00cen Covasna, 71,3% dintre candida\u021bi au ob\u021binut medii peste 5 la Capacitate, cu aproape 5 procente sub media pe \u021bar\u0103.\" \/>\n<meta name=\"robots\" content=\"index, follow, max-snippet:-1, max-image-preview:large, max-video-preview:-1\" \/>\n<link rel=\"canonical\" href=\"https:\/\/covasna45.ro\/index.php\/lumea-noastra\/nici-un-elev-de-10-la-capacitate-in-covasna\/\" \/>\n<meta property=\"og:locale\" content=\"ro_RO\" \/>\n<meta property=\"og:type\" content=\"article\" \/>\n<meta property=\"og:title\" content=\"Nici un elev de 10 la Capacitate \u00een Covasna - Covasna45\" \/>\n<meta property=\"og:description\" content=\"\u00cen Covasna, 71,3% dintre candida\u021bi au ob\u021binut medii peste 5 la Capacitate, cu aproape 5 procente sub media pe \u021bar\u0103.\" \/>\n<meta property=\"og:url\" content=\"https:\/\/covasna45.ro\/index.php\/lumea-noastra\/nici-un-elev-de-10-la-capacitate-in-covasna\/\" \/>\n<meta property=\"og:site_name\" content=\"Covasna45\" \/>\n<meta property=\"article:published_time\" content=\"2023-06-29T07:17:41+00:00\" \/>\n<meta property=\"og:image\" content=\"https:\/\/covasna45.ro\/wp-content\/uploads\/2023\/06\/Capacitate.jpg\" \/>\n\t<meta property=\"og:image:width\" content=\"1096\" \/>\n\t<meta property=\"og:image:height\" content=\"744\" \/>\n\t<meta property=\"og:image:type\" content=\"image\/jpeg\" \/>\n<meta name=\"author\" content=\"Covasna45\" \/>\n<meta name=\"twitter:card\" content=\"summary_large_image\" \/>\n<meta name=\"twitter:label1\" content=\"Scris de\" \/>\n\t<meta name=\"twitter:data1\" content=\"Covasna45\" \/>\n\t<meta name=\"twitter:label2\" content=\"Timp estimat pentru citire\" \/>\n\t<meta name=\"twitter:data2\" content=\"2 minute\" \/>\n<script type=\"application\/ld+json\" class=\"yoast-schema-graph\">{\"@context\":\"https:\\\/\\\/schema.org\",\"@graph\":[{\"@type\":\"Article\",\"@id\":\"https:\\\/\\\/covasna45.ro\\\/index.php\\\/lumea-noastra\\\/nici-un-elev-de-10-la-capacitate-in-covasna\\\/#article\",\"isPartOf\":{\"@id\":\"https:\\\/\\\/covasna45.ro\\\/index.php\\\/lumea-noastra\\\/nici-un-elev-de-10-la-capacitate-in-covasna\\\/\"},\"author\":{\"name\":\"Covasna45\",\"@id\":\"https:\\\/\\\/covasna45.ro\\\/#\\\/schema\\\/person\\\/e674052bd7d95d70bbb007a1060ab73c\"},\"headline\":\"Nici un elev de 10 la Capacitate \u00een Covasna\",\"datePublished\":\"2023-06-29T07:17:41+00:00\",\"mainEntityOfPage\":{\"@id\":\"https:\\\/\\\/covasna45.ro\\\/index.php\\\/lumea-noastra\\\/nici-un-elev-de-10-la-capacitate-in-covasna\\\/\"},\"wordCount\":291,\"commentCount\":0,\"publisher\":{\"@id\":\"https:\\\/\\\/covasna45.ro\\\/#organization\"},\"image\":{\"@id\":\"https:\\\/\\\/covasna45.ro\\\/index.php\\\/lumea-noastra\\\/nici-un-elev-de-10-la-capacitate-in-covasna\\\/#primaryimage\"},\"thumbnailUrl\":\"https:\\\/\\\/covasna45.ro\\\/wp-content\\\/uploads\\\/2023\\\/06\\\/Capacitate.jpg\",\"articleSection\":[\"Lumea noastr\u0103\"],\"inLanguage\":\"ro-RO\",\"potentialAction\":[{\"@type\":\"CommentAction\",\"name\":\"Comment\",\"target\":[\"https:\\\/\\\/covasna45.ro\\\/index.php\\\/lumea-noastra\\\/nici-un-elev-de-10-la-capacitate-in-covasna\\\/#respond\"]}]},{\"@type\":\"WebPage\",\"@id\":\"https:\\\/\\\/covasna45.ro\\\/index.php\\\/lumea-noastra\\\/nici-un-elev-de-10-la-capacitate-in-covasna\\\/\",\"url\":\"https:\\\/\\\/covasna45.ro\\\/index.php\\\/lumea-noastra\\\/nici-un-elev-de-10-la-capacitate-in-covasna\\\/\",\"name\":\"Nici un elev de 10 la Capacitate \u00een Covasna - Covasna45\",\"isPartOf\":{\"@id\":\"https:\\\/\\\/covasna45.ro\\\/#website\"},\"primaryImageOfPage\":{\"@id\":\"https:\\\/\\\/covasna45.ro\\\/index.php\\\/lumea-noastra\\\/nici-un-elev-de-10-la-capacitate-in-covasna\\\/#primaryimage\"},\"image\":{\"@id\":\"https:\\\/\\\/covasna45.ro\\\/index.php\\\/lumea-noastra\\\/nici-un-elev-de-10-la-capacitate-in-covasna\\\/#primaryimage\"},\"thumbnailUrl\":\"https:\\\/\\\/covasna45.ro\\\/wp-content\\\/uploads\\\/2023\\\/06\\\/Capacitate.jpg\",\"datePublished\":\"2023-06-29T07:17:41+00:00\",\"description\":\"\u00cen Covasna, 71,3% dintre candida\u021bi au ob\u021binut medii peste 5 la Capacitate, cu aproape 5 procente sub media pe \u021bar\u0103.\",\"breadcrumb\":{\"@id\":\"https:\\\/\\\/covasna45.ro\\\/index.php\\\/lumea-noastra\\\/nici-un-elev-de-10-la-capacitate-in-covasna\\\/#breadcrumb\"},\"inLanguage\":\"ro-RO\",\"potentialAction\":[{\"@type\":\"ReadAction\",\"target\":[\"https:\\\/\\\/covasna45.ro\\\/index.php\\\/lumea-noastra\\\/nici-un-elev-de-10-la-capacitate-in-covasna\\\/\"]}]},{\"@type\":\"ImageObject\",\"inLanguage\":\"ro-RO\",\"@id\":\"https:\\\/\\\/covasna45.ro\\\/index.php\\\/lumea-noastra\\\/nici-un-elev-de-10-la-capacitate-in-covasna\\\/#primaryimage\",\"url\":\"https:\\\/\\\/covasna45.ro\\\/wp-content\\\/uploads\\\/2023\\\/06\\\/Capacitate.jpg\",\"contentUrl\":\"https:\\\/\\\/covasna45.ro\\\/wp-content\\\/uploads\\\/2023\\\/06\\\/Capacitate.jpg\",\"width\":1096,\"height\":744},{\"@type\":\"BreadcrumbList\",\"@id\":\"https:\\\/\\\/covasna45.ro\\\/index.php\\\/lumea-noastra\\\/nici-un-elev-de-10-la-capacitate-in-covasna\\\/#breadcrumb\",\"itemListElement\":[{\"@type\":\"ListItem\",\"position\":1,\"name\":\"Prima pagin\u0103\",\"item\":\"https:\\\/\\\/covasna45.ro\\\/\"},{\"@type\":\"ListItem\",\"position\":2,\"name\":\"Nici un elev de 10 la Capacitate \u00een Covasna\"}]},{\"@type\":\"WebSite\",\"@id\":\"https:\\\/\\\/covasna45.ro\\\/#website\",\"url\":\"https:\\\/\\\/covasna45.ro\\\/\",\"name\":\"covasna45.ro\",\"description\":\"\",\"publisher\":{\"@id\":\"https:\\\/\\\/covasna45.ro\\\/#organization\"},\"potentialAction\":[{\"@type\":\"SearchAction\",\"target\":{\"@type\":\"EntryPoint\",\"urlTemplate\":\"https:\\\/\\\/covasna45.ro\\\/?s={search_term_string}\"},\"query-input\":{\"@type\":\"PropertyValueSpecification\",\"valueRequired\":true,\"valueName\":\"search_term_string\"}}],\"inLanguage\":\"ro-RO\"},{\"@type\":\"Organization\",\"@id\":\"https:\\\/\\\/covasna45.ro\\\/#organization\",\"name\":\"covasna45.ro\",\"url\":\"https:\\\/\\\/covasna45.ro\\\/\",\"logo\":{\"@type\":\"ImageObject\",\"inLanguage\":\"ro-RO\",\"@id\":\"https:\\\/\\\/covasna45.ro\\\/#\\\/schema\\\/logo\\\/image\\\/\",\"url\":\"https:\\\/\\\/covasna45.ro\\\/wp-content\\\/uploads\\\/2023\\\/01\\\/icon_logo.png\",\"contentUrl\":\"https:\\\/\\\/covasna45.ro\\\/wp-content\\\/uploads\\\/2023\\\/01\\\/icon_logo.png\",\"width\":1900,\"height\":1900,\"caption\":\"covasna45.ro\"},\"image\":{\"@id\":\"https:\\\/\\\/covasna45.ro\\\/#\\\/schema\\\/logo\\\/image\\\/\"}},{\"@type\":\"Person\",\"@id\":\"https:\\\/\\\/covasna45.ro\\\/#\\\/schema\\\/person\\\/e674052bd7d95d70bbb007a1060ab73c\",\"name\":\"Covasna45\",\"image\":{\"@type\":\"ImageObject\",\"inLanguage\":\"ro-RO\",\"@id\":\"https:\\\/\\\/covasna45.ro\\\/wp-content\\\/uploads\\\/2025\\\/10\\\/icon_logo_covasna45-150x150.png\",\"url\":\"https:\\\/\\\/covasna45.ro\\\/wp-content\\\/uploads\\\/2025\\\/10\\\/icon_logo_covasna45-150x150.png\",\"contentUrl\":\"https:\\\/\\\/covasna45.ro\\\/wp-content\\\/uploads\\\/2025\\\/10\\\/icon_logo_covasna45-150x150.png\",\"caption\":\"Covasna45\"},\"sameAs\":[\"https:\\\/\\\/covasna45.ro\"],\"url\":\"https:\\\/\\\/covasna45.ro\\\/index.php\\\/author\\\/covasna\\\/\"}]}<\/script>\n<!-- \/ Yoast SEO plugin. -->","yoast_head_json":{"title":"Nici un elev de 10 la Capacitate \u00een Covasna - Covasna45","description":"\u00cen Covasna, 71,3% dintre candida\u021bi au ob\u021binut medii peste 5 la Capacitate, cu aproape 5 procente sub media pe \u021bar\u0103.","robots":{"index":"index","follow":"follow","max-snippet":"max-snippet:-1","max-image-preview":"max-image-preview:large","max-video-preview":"max-video-preview:-1"},"canonical":"https:\/\/covasna45.ro\/index.php\/lumea-noastra\/nici-un-elev-de-10-la-capacitate-in-covasna\/","og_locale":"ro_RO","og_type":"article","og_title":"Nici un elev de 10 la Capacitate \u00een Covasna - Covasna45","og_description":"\u00cen Covasna, 71,3% dintre candida\u021bi au ob\u021binut medii peste 5 la Capacitate, cu aproape 5 procente sub media pe \u021bar\u0103.","og_url":"https:\/\/covasna45.ro\/index.php\/lumea-noastra\/nici-un-elev-de-10-la-capacitate-in-covasna\/","og_site_name":"Covasna45","article_published_time":"2023-06-29T07:17:41+00:00","og_image":[{"width":1096,"height":744,"url":"https:\/\/covasna45.ro\/wp-content\/uploads\/2023\/06\/Capacitate.jpg","type":"image\/jpeg"}],"author":"Covasna45","twitter_card":"summary_large_image","twitter_misc":{"Scris de":"Covasna45","Timp estimat pentru citire":"2 minute"},"schema":{"@context":"https:\/\/schema.org","@graph":[{"@type":"Article","@id":"https:\/\/covasna45.ro\/index.php\/lumea-noastra\/nici-un-elev-de-10-la-capacitate-in-covasna\/#article","isPartOf":{"@id":"https:\/\/covasna45.ro\/index.php\/lumea-noastra\/nici-un-elev-de-10-la-capacitate-in-covasna\/"},"author":{"name":"Covasna45","@id":"https:\/\/covasna45.ro\/#\/schema\/person\/e674052bd7d95d70bbb007a1060ab73c"},"headline":"Nici un elev de 10 la Capacitate \u00een Covasna","datePublished":"2023-06-29T07:17:41+00:00","mainEntityOfPage":{"@id":"https:\/\/covasna45.ro\/index.php\/lumea-noastra\/nici-un-elev-de-10-la-capacitate-in-covasna\/"},"wordCount":291,"commentCount":0,"publisher":{"@id":"https:\/\/covasna45.ro\/#organization"},"image":{"@id":"https:\/\/covasna45.ro\/index.php\/lumea-noastra\/nici-un-elev-de-10-la-capacitate-in-covasna\/#primaryimage"},"thumbnailUrl":"https:\/\/covasna45.ro\/wp-content\/uploads\/2023\/06\/Capacitate.jpg","articleSection":["Lumea noastr\u0103"],"inLanguage":"ro-RO","potentialAction":[{"@type":"CommentAction","name":"Comment","target":["https:\/\/covasna45.ro\/index.php\/lumea-noastra\/nici-un-elev-de-10-la-capacitate-in-covasna\/#respond"]}]},{"@type":"WebPage","@id":"https:\/\/covasna45.ro\/index.php\/lumea-noastra\/nici-un-elev-de-10-la-capacitate-in-covasna\/","url":"https:\/\/covasna45.ro\/index.php\/lumea-noastra\/nici-un-elev-de-10-la-capacitate-in-covasna\/","name":"Nici un elev de 10 la Capacitate \u00een Covasna - Covasna45","isPartOf":{"@id":"https:\/\/covasna45.ro\/#website"},"primaryImageOfPage":{"@id":"https:\/\/covasna45.ro\/index.php\/lumea-noastra\/nici-un-elev-de-10-la-capacitate-in-covasna\/#primaryimage"},"image":{"@id":"https:\/\/covasna45.ro\/index.php\/lumea-noastra\/nici-un-elev-de-10-la-capacitate-in-covasna\/#primaryimage"},"thumbnailUrl":"https:\/\/covasna45.ro\/wp-content\/uploads\/2023\/06\/Capacitate.jpg","datePublished":"2023-06-29T07:17:41+00:00","description":"\u00cen Covasna, 71,3% dintre candida\u021bi au ob\u021binut medii peste 5 la Capacitate, cu aproape 5 procente sub media pe \u021bar\u0103.","breadcrumb":{"@id":"https:\/\/covasna45.ro\/index.php\/lumea-noastra\/nici-un-elev-de-10-la-capacitate-in-covasna\/#breadcrumb"},"inLanguage":"ro-RO","potentialAction":[{"@type":"ReadAction","target":["https:\/\/covasna45.ro\/index.php\/lumea-noastra\/nici-un-elev-de-10-la-capacitate-in-covasna\/"]}]},{"@type":"ImageObject","inLanguage":"ro-RO","@id":"https:\/\/covasna45.ro\/index.php\/lumea-noastra\/nici-un-elev-de-10-la-capacitate-in-covasna\/#primaryimage","url":"https:\/\/covasna45.ro\/wp-content\/uploads\/2023\/06\/Capacitate.jpg","contentUrl":"https:\/\/covasna45.ro\/wp-content\/uploads\/2023\/06\/Capacitate.jpg","width":1096,"height":744},{"@type":"BreadcrumbList","@id":"https:\/\/covasna45.ro\/index.php\/lumea-noastra\/nici-un-elev-de-10-la-capacitate-in-covasna\/#breadcrumb","itemListElement":[{"@type":"ListItem","position":1,"name":"Prima pagin\u0103","item":"https:\/\/covasna45.ro\/"},{"@type":"ListItem","position":2,"name":"Nici un elev de 10 la Capacitate \u00een Covasna"}]},{"@type":"WebSite","@id":"https:\/\/covasna45.ro\/#website","url":"https:\/\/covasna45.ro\/","name":"covasna45.ro","description":"","publisher":{"@id":"https:\/\/covasna45.ro\/#organization"},"potentialAction":[{"@type":"SearchAction","target":{"@type":"EntryPoint","urlTemplate":"https:\/\/covasna45.ro\/?s={search_term_string}"},"query-input":{"@type":"PropertyValueSpecification","valueRequired":true,"valueName":"search_term_string"}}],"inLanguage":"ro-RO"},{"@type":"Organization","@id":"https:\/\/covasna45.ro\/#organization","name":"covasna45.ro","url":"https:\/\/covasna45.ro\/","logo":{"@type":"ImageObject","inLanguage":"ro-RO","@id":"https:\/\/covasna45.ro\/#\/schema\/logo\/image\/","url":"https:\/\/covasna45.ro\/wp-content\/uploads\/2023\/01\/icon_logo.png","contentUrl":"https:\/\/covasna45.ro\/wp-content\/uploads\/2023\/01\/icon_logo.png","width":1900,"height":1900,"caption":"covasna45.ro"},"image":{"@id":"https:\/\/covasna45.ro\/#\/schema\/logo\/image\/"}},{"@type":"Person","@id":"https:\/\/covasna45.ro\/#\/schema\/person\/e674052bd7d95d70bbb007a1060ab73c","name":"Covasna45","image":{"@type":"ImageObject","inLanguage":"ro-RO","@id":"https:\/\/covasna45.ro\/wp-content\/uploads\/2025\/10\/icon_logo_covasna45-150x150.png","url":"https:\/\/covasna45.ro\/wp-content\/uploads\/2025\/10\/icon_logo_covasna45-150x150.png","contentUrl":"https:\/\/covasna45.ro\/wp-content\/uploads\/2025\/10\/icon_logo_covasna45-150x150.png","caption":"Covasna45"},"sameAs":["https:\/\/covasna45.ro"],"url":"https:\/\/covasna45.ro\/index.php\/author\/covasna\/"}]}},"_links":{"self":[{"href":"https:\/\/covasna45.ro\/index.php\/wp-json\/wp\/v2\/posts\/2109","targetHints":{"allow":["GET"]}}],"collection":[{"href":"https:\/\/covasna45.ro\/index.php\/wp-json\/wp\/v2\/posts"}],"about":[{"href":"https:\/\/covasna45.ro\/index.php\/wp-json\/wp\/v2\/types\/post"}],"author":[{"embeddable":true,"href":"https:\/\/covasna45.ro\/index.php\/wp-json\/wp\/v2\/users\/1"}],"replies":[{"embeddable":true,"href":"https:\/\/covasna45.ro\/index.php\/wp-json\/wp\/v2\/comments?post=2109"}],"version-history":[{"count":1,"href":"https:\/\/covasna45.ro\/index.php\/wp-json\/wp\/v2\/posts\/2109\/revisions"}],"predecessor-version":[{"id":2111,"href":"https:\/\/covasna45.ro\/index.php\/wp-json\/wp\/v2\/posts\/2109\/revisions\/2111"}],"wp:featuredmedia":[{"embeddable":true,"href":"https:\/\/covasna45.ro\/index.php\/wp-json\/wp\/v2\/media\/2110"}],"wp:attachment":[{"href":"https:\/\/covasna45.ro\/index.php\/wp-json\/wp\/v2\/media?parent=2109"}],"wp:term":[{"taxonomy":"category","embeddable":true,"href":"https:\/\/covasna45.ro\/index.php\/wp-json\/wp\/v2\/categories?post=2109"},{"taxonomy":"post_tag","embeddable":true,"href":"https:\/\/covasna45.ro\/index.php\/wp-json\/wp\/v2\/tags?post=2109"}],"curies":[{"name":"wp","href":"https:\/\/api.w.org\/{rel}","templated":true}]}}