{"id":2112,"date":"2023-06-29T09:28:56","date_gmt":"2023-06-29T07:28:56","guid":{"rendered":"https:\/\/covasna45.ro\/?p=2112"},"modified":"2023-06-29T09:28:56","modified_gmt":"2023-06-29T07:28:56","slug":"proiect-de-lege-care-poate-bloca-intrarea-udmr-in-parlament","status":"publish","type":"post","link":"https:\/\/covasna45.ro\/index.php\/lumea-noastra\/proiect-de-lege-care-poate-bloca-intrarea-udmr-in-parlament\/","title":{"rendered":"Proiect de lege care poate bloca intrarea UDMR \u00een Parlament"},"content":{"rendered":"\n<p>15 deputa\u021bi PNL \u0219i un deputat PSD au depus \u00een Parlament un proiect de modificare a legii alegerilor parlamentare. \u00cen cazul \u00een care proiectul va deveni lege, ar amenin\u021ba prezen\u021ba UDMR \u00een viitorul legislativ.<\/p>\n\n\n\n<h2 class=\"wp-block-heading\">Se prevede modificarea pragului electoral<\/h2>\n\n\n\n<p>Propunerea legislativ\u0103 vizeaz\u0103 modificarea art.94, alin.(2), lit.a) din Legea nr.208\/2015 privind alegerea Senatului \u015fi a Camerei Deputa\u0163ilor, \u00een sensul \u00een care:<br>1. Pragul electoral necesar intr\u0103rii \u00een Parlament cre\u0219te pentru partide de la 5% la 7% din totalul voturilor valabil exprimate la nivel na\u0163ional.<br>2. Se elimin\u0103 pragul alternativ de intrare \u00een Parlament, anume ob\u021binerea a 20% din totalul voturilor valabil exprimate \u00een cel pu\u0163in 4 circumscrip\u0163ii electorale.<\/p>\n\n\n\n<p>Ini\u021biatorii legii spun c\u0103 <strong><em>\u201e\u00een actualul context interna\u021bional Rom\u00e2nia are nevoie de stabilitate politic\u0103 \u0219i economic\u0103 pentru urm\u0103torul ciclu electoral\u201d.<\/em><\/strong> Astfel, majorarea pragului electoral trebuie realizat\u0103 <strong><em>\u201epentru a asigura formarea unor majorit\u0103\u021bi stabile \u0219i stabilitate guvernamental\u0103\u201d<\/em><\/strong>. Pragul alternativ este considerat \u201e<strong><em>discriminatoriu\u201d<\/em><\/strong> \u00een condi\u021biile \u00een care senatorii\/deputa\u021bii <strong><em>\u201ereprezint\u0103 \u00een integralitate poporul rom\u00e2n, nu doar \u00een 4 circumscrip\u021bii electorale\u201d.<\/em><\/strong><\/p>\n\n\n\n<h2 class=\"wp-block-heading\">Care ar fi efectele unei astfel de legi?<\/h2>\n\n\n\n<p>De\u0219i nu face referire explicit\u0103 la UDMR, propunerea legislativ\u0103 ar putea duce la r\u0103m\u00e2nerea forma\u021biunii maghiare \u00een afara Parlamentului. \u00cen actuala form\u0103 a legii, dac\u0103 UDMR nu ar ob\u021bine 5% din voturi, are la dispozi\u021bie pragul electoral pe care \u00eel poate atinge prin jude\u021bele unde maghiarii reprezint\u0103 20% din popula\u021bie.<\/p>\n\n\n\n<p>Proiectul este semnat de deputatul PSD Radu Cristescu \u0219i de deputa\u021bii PNL Barcari Rodica-Lumini\u0163a, Burciu Cristina, Cazan Lauren\u0163iu-Nicolae, Cozma Adrian-Felician, Dumitru Florian-Emil, Giugea Nicolae, H\u0103r\u0103t\u0103u Elena, Molnar Ervin, Morar Olivia-Diana, Muraru Iulian-Alexandru, \u00d6zmen Oana-Marciana, Popescu Pavel, Rujan Dumitru, St\u00e2ng\u0103 George-C\u0103t\u0103lin, Stoian Maria.<\/p>\n\n\n\n<h2 class=\"wp-block-heading\">T\u00e1nczos\u00a0Barna: \u201eUn accident al democra\u021biei\u201d<\/h2>\n\n\n\n<p>Fostul ministru UDMR, T\u00e1nczos\u00a0Barna a declarat c\u0103 deputatul PNL Adrian Cozma, unul din ini\u021biatori, <strong><em>\u201eeste un accident al democra\u021biei\u201d.<\/em><\/strong> Cozma, ca \u0219i Radu Cristescu, sunt cunoscu\u021bi pentru mesajele lor antimaghiare.<\/p>\n\n\n\n<p><strong><em>\u201eLa capitolul democra\u021bie, am\u00e2ndoi au un 4\u201d,<\/em><\/strong> a spus T\u00e1nczos\u00a0Barna.<\/p>\n","protected":false},"excerpt":{"rendered":"<p>15 deputa\u021bi PNL \u0219i un deputat PSD au depus \u00een Parlament un proiect de modificare a legii alegerilor parlamentare. \u00cen cazul \u00een care proiectul va deveni lege, ar amenin\u021ba prezen\u021ba UDMR \u00een viitorul legislativ. Se prevede modificarea pragului electoral Propunerea legislativ\u0103 vizeaz\u0103 modificarea art.94, alin.(2), lit.a) din Legea nr.208\/2015 privind alegerea Senatului \u015fi a Camerei [&hellip;]<\/p>\n","protected":false},"author":1,"featured_media":2113,"comment_status":"open","ping_status":"closed","sticky":false,"template":"","format":"standard","meta":{"tdm_status":"","tdm_grid_status":"","footnotes":""},"categories":[14],"tags":[340,637,46,189],"class_list":{"0":"post-2112","1":"post","2":"type-post","3":"status-publish","4":"format-standard","5":"has-post-thumbnail","7":"category-lumea-noastra","8":"tag-alegeri","9":"tag-democratie","10":"tag-lege","11":"tag-udmr"},"yoast_head":"<!-- This site is optimized with the Yoast SEO plugin v27.5 - https:\/\/yoast.com\/product\/yoast-seo-wordpress\/ -->\n<title>Proiect de lege care poate bloca intrarea UDMR \u00een Parlament - Covasna45<\/title>\n<meta name=\"description\" content=\"De\u0219i nu face referire explicit\u0103 la UDMR, propunerea legislativ\u0103 ar putea duce la r\u0103m\u00e2nerea forma\u021biunii maghiare \u00een afara Parlamentului.\" \/>\n<meta name=\"robots\" content=\"index, follow, max-snippet:-1, max-image-preview:large, max-video-preview:-1\" \/>\n<link rel=\"canonical\" href=\"https:\/\/covasna45.ro\/index.php\/lumea-noastra\/proiect-de-lege-care-poate-bloca-intrarea-udmr-in-parlament\/\" \/>\n<meta property=\"og:locale\" content=\"ro_RO\" \/>\n<meta property=\"og:type\" content=\"article\" \/>\n<meta property=\"og:title\" content=\"Proiect de lege care poate bloca intrarea UDMR \u00een Parlament - Covasna45\" \/>\n<meta property=\"og:description\" content=\"De\u0219i nu face referire explicit\u0103 la UDMR, propunerea legislativ\u0103 ar putea duce la r\u0103m\u00e2nerea forma\u021biunii maghiare \u00een afara Parlamentului.\" \/>\n<meta property=\"og:url\" content=\"https:\/\/covasna45.ro\/index.php\/lumea-noastra\/proiect-de-lege-care-poate-bloca-intrarea-udmr-in-parlament\/\" \/>\n<meta property=\"og:site_name\" content=\"Covasna45\" \/>\n<meta property=\"article:published_time\" content=\"2023-06-29T07:28:56+00:00\" \/>\n<meta property=\"og:image\" content=\"https:\/\/covasna45.ro\/wp-content\/uploads\/2023\/06\/udmr-1.jpg\" \/>\n\t<meta property=\"og:image:width\" content=\"780\" \/>\n\t<meta property=\"og:image:height\" content=\"440\" \/>\n\t<meta property=\"og:image:type\" content=\"image\/jpeg\" \/>\n<meta name=\"author\" content=\"Covasna45\" \/>\n<meta name=\"twitter:card\" content=\"summary_large_image\" \/>\n<meta name=\"twitter:label1\" content=\"Scris de\" \/>\n\t<meta name=\"twitter:data1\" content=\"Covasna45\" \/>\n\t<meta name=\"twitter:label2\" content=\"Timp estimat pentru citire\" \/>\n\t<meta name=\"twitter:data2\" content=\"2 minute\" \/>\n<script type=\"application\/ld+json\" class=\"yoast-schema-graph\">{\"@context\":\"https:\\\/\\\/schema.org\",\"@graph\":[{\"@type\":\"Article\",\"@id\":\"https:\\\/\\\/covasna45.ro\\\/index.php\\\/lumea-noastra\\\/proiect-de-lege-care-poate-bloca-intrarea-udmr-in-parlament\\\/#article\",\"isPartOf\":{\"@id\":\"https:\\\/\\\/covasna45.ro\\\/index.php\\\/lumea-noastra\\\/proiect-de-lege-care-poate-bloca-intrarea-udmr-in-parlament\\\/\"},\"author\":{\"name\":\"Covasna45\",\"@id\":\"https:\\\/\\\/covasna45.ro\\\/#\\\/schema\\\/person\\\/e674052bd7d95d70bbb007a1060ab73c\"},\"headline\":\"Proiect de lege care poate bloca intrarea UDMR \u00een Parlament\",\"datePublished\":\"2023-06-29T07:28:56+00:00\",\"mainEntityOfPage\":{\"@id\":\"https:\\\/\\\/covasna45.ro\\\/index.php\\\/lumea-noastra\\\/proiect-de-lege-care-poate-bloca-intrarea-udmr-in-parlament\\\/\"},\"wordCount\":358,\"commentCount\":0,\"publisher\":{\"@id\":\"https:\\\/\\\/covasna45.ro\\\/#organization\"},\"image\":{\"@id\":\"https:\\\/\\\/covasna45.ro\\\/index.php\\\/lumea-noastra\\\/proiect-de-lege-care-poate-bloca-intrarea-udmr-in-parlament\\\/#primaryimage\"},\"thumbnailUrl\":\"https:\\\/\\\/covasna45.ro\\\/wp-content\\\/uploads\\\/2023\\\/06\\\/udmr-1.jpg\",\"keywords\":[\"Alegeri\",\"Democra\u021bie\",\"lege\",\"UDMR\"],\"articleSection\":[\"Lumea noastr\u0103\"],\"inLanguage\":\"ro-RO\",\"potentialAction\":[{\"@type\":\"CommentAction\",\"name\":\"Comment\",\"target\":[\"https:\\\/\\\/covasna45.ro\\\/index.php\\\/lumea-noastra\\\/proiect-de-lege-care-poate-bloca-intrarea-udmr-in-parlament\\\/#respond\"]}]},{\"@type\":\"WebPage\",\"@id\":\"https:\\\/\\\/covasna45.ro\\\/index.php\\\/lumea-noastra\\\/proiect-de-lege-care-poate-bloca-intrarea-udmr-in-parlament\\\/\",\"url\":\"https:\\\/\\\/covasna45.ro\\\/index.php\\\/lumea-noastra\\\/proiect-de-lege-care-poate-bloca-intrarea-udmr-in-parlament\\\/\",\"name\":\"Proiect de lege care poate bloca intrarea UDMR \u00een Parlament - Covasna45\",\"isPartOf\":{\"@id\":\"https:\\\/\\\/covasna45.ro\\\/#website\"},\"primaryImageOfPage\":{\"@id\":\"https:\\\/\\\/covasna45.ro\\\/index.php\\\/lumea-noastra\\\/proiect-de-lege-care-poate-bloca-intrarea-udmr-in-parlament\\\/#primaryimage\"},\"image\":{\"@id\":\"https:\\\/\\\/covasna45.ro\\\/index.php\\\/lumea-noastra\\\/proiect-de-lege-care-poate-bloca-intrarea-udmr-in-parlament\\\/#primaryimage\"},\"thumbnailUrl\":\"https:\\\/\\\/covasna45.ro\\\/wp-content\\\/uploads\\\/2023\\\/06\\\/udmr-1.jpg\",\"datePublished\":\"2023-06-29T07:28:56+00:00\",\"description\":\"De\u0219i nu face referire explicit\u0103 la UDMR, propunerea legislativ\u0103 ar putea duce la r\u0103m\u00e2nerea forma\u021biunii maghiare \u00een afara Parlamentului.\",\"breadcrumb\":{\"@id\":\"https:\\\/\\\/covasna45.ro\\\/index.php\\\/lumea-noastra\\\/proiect-de-lege-care-poate-bloca-intrarea-udmr-in-parlament\\\/#breadcrumb\"},\"inLanguage\":\"ro-RO\",\"potentialAction\":[{\"@type\":\"ReadAction\",\"target\":[\"https:\\\/\\\/covasna45.ro\\\/index.php\\\/lumea-noastra\\\/proiect-de-lege-care-poate-bloca-intrarea-udmr-in-parlament\\\/\"]}]},{\"@type\":\"ImageObject\",\"inLanguage\":\"ro-RO\",\"@id\":\"https:\\\/\\\/covasna45.ro\\\/index.php\\\/lumea-noastra\\\/proiect-de-lege-care-poate-bloca-intrarea-udmr-in-parlament\\\/#primaryimage\",\"url\":\"https:\\\/\\\/covasna45.ro\\\/wp-content\\\/uploads\\\/2023\\\/06\\\/udmr-1.jpg\",\"contentUrl\":\"https:\\\/\\\/covasna45.ro\\\/wp-content\\\/uploads\\\/2023\\\/06\\\/udmr-1.jpg\",\"width\":780,\"height\":440},{\"@type\":\"BreadcrumbList\",\"@id\":\"https:\\\/\\\/covasna45.ro\\\/index.php\\\/lumea-noastra\\\/proiect-de-lege-care-poate-bloca-intrarea-udmr-in-parlament\\\/#breadcrumb\",\"itemListElement\":[{\"@type\":\"ListItem\",\"position\":1,\"name\":\"Prima pagin\u0103\",\"item\":\"https:\\\/\\\/covasna45.ro\\\/\"},{\"@type\":\"ListItem\",\"position\":2,\"name\":\"Proiect de lege care poate bloca intrarea UDMR \u00een Parlament\"}]},{\"@type\":\"WebSite\",\"@id\":\"https:\\\/\\\/covasna45.ro\\\/#website\",\"url\":\"https:\\\/\\\/covasna45.ro\\\/\",\"name\":\"covasna45.ro\",\"description\":\"\",\"publisher\":{\"@id\":\"https:\\\/\\\/covasna45.ro\\\/#organization\"},\"potentialAction\":[{\"@type\":\"SearchAction\",\"target\":{\"@type\":\"EntryPoint\",\"urlTemplate\":\"https:\\\/\\\/covasna45.ro\\\/?s={search_term_string}\"},\"query-input\":{\"@type\":\"PropertyValueSpecification\",\"valueRequired\":true,\"valueName\":\"search_term_string\"}}],\"inLanguage\":\"ro-RO\"},{\"@type\":\"Organization\",\"@id\":\"https:\\\/\\\/covasna45.ro\\\/#organization\",\"name\":\"covasna45.ro\",\"url\":\"https:\\\/\\\/covasna45.ro\\\/\",\"logo\":{\"@type\":\"ImageObject\",\"inLanguage\":\"ro-RO\",\"@id\":\"https:\\\/\\\/covasna45.ro\\\/#\\\/schema\\\/logo\\\/image\\\/\",\"url\":\"https:\\\/\\\/covasna45.ro\\\/wp-content\\\/uploads\\\/2023\\\/01\\\/icon_logo.png\",\"contentUrl\":\"https:\\\/\\\/covasna45.ro\\\/wp-content\\\/uploads\\\/2023\\\/01\\\/icon_logo.png\",\"width\":1900,\"height\":1900,\"caption\":\"covasna45.ro\"},\"image\":{\"@id\":\"https:\\\/\\\/covasna45.ro\\\/#\\\/schema\\\/logo\\\/image\\\/\"}},{\"@type\":\"Person\",\"@id\":\"https:\\\/\\\/covasna45.ro\\\/#\\\/schema\\\/person\\\/e674052bd7d95d70bbb007a1060ab73c\",\"name\":\"Covasna45\",\"image\":{\"@type\":\"ImageObject\",\"inLanguage\":\"ro-RO\",\"@id\":\"https:\\\/\\\/covasna45.ro\\\/wp-content\\\/uploads\\\/2025\\\/10\\\/icon_logo_covasna45-150x150.png\",\"url\":\"https:\\\/\\\/covasna45.ro\\\/wp-content\\\/uploads\\\/2025\\\/10\\\/icon_logo_covasna45-150x150.png\",\"contentUrl\":\"https:\\\/\\\/covasna45.ro\\\/wp-content\\\/uploads\\\/2025\\\/10\\\/icon_logo_covasna45-150x150.png\",\"caption\":\"Covasna45\"},\"sameAs\":[\"https:\\\/\\\/covasna45.ro\"],\"url\":\"https:\\\/\\\/covasna45.ro\\\/index.php\\\/author\\\/covasna\\\/\"}]}<\/script>\n<!-- \/ Yoast SEO plugin. -->","yoast_head_json":{"title":"Proiect de lege care poate bloca intrarea UDMR \u00een Parlament - Covasna45","description":"De\u0219i nu face referire explicit\u0103 la UDMR, propunerea legislativ\u0103 ar putea duce la r\u0103m\u00e2nerea forma\u021biunii maghiare \u00een afara Parlamentului.","robots":{"index":"index","follow":"follow","max-snippet":"max-snippet:-1","max-image-preview":"max-image-preview:large","max-video-preview":"max-video-preview:-1"},"canonical":"https:\/\/covasna45.ro\/index.php\/lumea-noastra\/proiect-de-lege-care-poate-bloca-intrarea-udmr-in-parlament\/","og_locale":"ro_RO","og_type":"article","og_title":"Proiect de lege care poate bloca intrarea UDMR \u00een Parlament - Covasna45","og_description":"De\u0219i nu face referire explicit\u0103 la UDMR, propunerea legislativ\u0103 ar putea duce la r\u0103m\u00e2nerea forma\u021biunii maghiare \u00een afara Parlamentului.","og_url":"https:\/\/covasna45.ro\/index.php\/lumea-noastra\/proiect-de-lege-care-poate-bloca-intrarea-udmr-in-parlament\/","og_site_name":"Covasna45","article_published_time":"2023-06-29T07:28:56+00:00","og_image":[{"width":780,"height":440,"url":"https:\/\/covasna45.ro\/wp-content\/uploads\/2023\/06\/udmr-1.jpg","type":"image\/jpeg"}],"author":"Covasna45","twitter_card":"summary_large_image","twitter_misc":{"Scris de":"Covasna45","Timp estimat pentru citire":"2 minute"},"schema":{"@context":"https:\/\/schema.org","@graph":[{"@type":"Article","@id":"https:\/\/covasna45.ro\/index.php\/lumea-noastra\/proiect-de-lege-care-poate-bloca-intrarea-udmr-in-parlament\/#article","isPartOf":{"@id":"https:\/\/covasna45.ro\/index.php\/lumea-noastra\/proiect-de-lege-care-poate-bloca-intrarea-udmr-in-parlament\/"},"author":{"name":"Covasna45","@id":"https:\/\/covasna45.ro\/#\/schema\/person\/e674052bd7d95d70bbb007a1060ab73c"},"headline":"Proiect de lege care poate bloca intrarea UDMR \u00een Parlament","datePublished":"2023-06-29T07:28:56+00:00","mainEntityOfPage":{"@id":"https:\/\/covasna45.ro\/index.php\/lumea-noastra\/proiect-de-lege-care-poate-bloca-intrarea-udmr-in-parlament\/"},"wordCount":358,"commentCount":0,"publisher":{"@id":"https:\/\/covasna45.ro\/#organization"},"image":{"@id":"https:\/\/covasna45.ro\/index.php\/lumea-noastra\/proiect-de-lege-care-poate-bloca-intrarea-udmr-in-parlament\/#primaryimage"},"thumbnailUrl":"https:\/\/covasna45.ro\/wp-content\/uploads\/2023\/06\/udmr-1.jpg","keywords":["Alegeri","Democra\u021bie","lege","UDMR"],"articleSection":["Lumea noastr\u0103"],"inLanguage":"ro-RO","potentialAction":[{"@type":"CommentAction","name":"Comment","target":["https:\/\/covasna45.ro\/index.php\/lumea-noastra\/proiect-de-lege-care-poate-bloca-intrarea-udmr-in-parlament\/#respond"]}]},{"@type":"WebPage","@id":"https:\/\/covasna45.ro\/index.php\/lumea-noastra\/proiect-de-lege-care-poate-bloca-intrarea-udmr-in-parlament\/","url":"https:\/\/covasna45.ro\/index.php\/lumea-noastra\/proiect-de-lege-care-poate-bloca-intrarea-udmr-in-parlament\/","name":"Proiect de lege care poate bloca intrarea UDMR \u00een Parlament - Covasna45","isPartOf":{"@id":"https:\/\/covasna45.ro\/#website"},"primaryImageOfPage":{"@id":"https:\/\/covasna45.ro\/index.php\/lumea-noastra\/proiect-de-lege-care-poate-bloca-intrarea-udmr-in-parlament\/#primaryimage"},"image":{"@id":"https:\/\/covasna45.ro\/index.php\/lumea-noastra\/proiect-de-lege-care-poate-bloca-intrarea-udmr-in-parlament\/#primaryimage"},"thumbnailUrl":"https:\/\/covasna45.ro\/wp-content\/uploads\/2023\/06\/udmr-1.jpg","datePublished":"2023-06-29T07:28:56+00:00","description":"De\u0219i nu face referire explicit\u0103 la UDMR, propunerea legislativ\u0103 ar putea duce la r\u0103m\u00e2nerea forma\u021biunii maghiare \u00een afara Parlamentului.","breadcrumb":{"@id":"https:\/\/covasna45.ro\/index.php\/lumea-noastra\/proiect-de-lege-care-poate-bloca-intrarea-udmr-in-parlament\/#breadcrumb"},"inLanguage":"ro-RO","potentialAction":[{"@type":"ReadAction","target":["https:\/\/covasna45.ro\/index.php\/lumea-noastra\/proiect-de-lege-care-poate-bloca-intrarea-udmr-in-parlament\/"]}]},{"@type":"ImageObject","inLanguage":"ro-RO","@id":"https:\/\/covasna45.ro\/index.php\/lumea-noastra\/proiect-de-lege-care-poate-bloca-intrarea-udmr-in-parlament\/#primaryimage","url":"https:\/\/covasna45.ro\/wp-content\/uploads\/2023\/06\/udmr-1.jpg","contentUrl":"https:\/\/covasna45.ro\/wp-content\/uploads\/2023\/06\/udmr-1.jpg","width":780,"height":440},{"@type":"BreadcrumbList","@id":"https:\/\/covasna45.ro\/index.php\/lumea-noastra\/proiect-de-lege-care-poate-bloca-intrarea-udmr-in-parlament\/#breadcrumb","itemListElement":[{"@type":"ListItem","position":1,"name":"Prima pagin\u0103","item":"https:\/\/covasna45.ro\/"},{"@type":"ListItem","position":2,"name":"Proiect de lege care poate bloca intrarea UDMR \u00een Parlament"}]},{"@type":"WebSite","@id":"https:\/\/covasna45.ro\/#website","url":"https:\/\/covasna45.ro\/","name":"covasna45.ro","description":"","publisher":{"@id":"https:\/\/covasna45.ro\/#organization"},"potentialAction":[{"@type":"SearchAction","target":{"@type":"EntryPoint","urlTemplate":"https:\/\/covasna45.ro\/?s={search_term_string}"},"query-input":{"@type":"PropertyValueSpecification","valueRequired":true,"valueName":"search_term_string"}}],"inLanguage":"ro-RO"},{"@type":"Organization","@id":"https:\/\/covasna45.ro\/#organization","name":"covasna45.ro","url":"https:\/\/covasna45.ro\/","logo":{"@type":"ImageObject","inLanguage":"ro-RO","@id":"https:\/\/covasna45.ro\/#\/schema\/logo\/image\/","url":"https:\/\/covasna45.ro\/wp-content\/uploads\/2023\/01\/icon_logo.png","contentUrl":"https:\/\/covasna45.ro\/wp-content\/uploads\/2023\/01\/icon_logo.png","width":1900,"height":1900,"caption":"covasna45.ro"},"image":{"@id":"https:\/\/covasna45.ro\/#\/schema\/logo\/image\/"}},{"@type":"Person","@id":"https:\/\/covasna45.ro\/#\/schema\/person\/e674052bd7d95d70bbb007a1060ab73c","name":"Covasna45","image":{"@type":"ImageObject","inLanguage":"ro-RO","@id":"https:\/\/covasna45.ro\/wp-content\/uploads\/2025\/10\/icon_logo_covasna45-150x150.png","url":"https:\/\/covasna45.ro\/wp-content\/uploads\/2025\/10\/icon_logo_covasna45-150x150.png","contentUrl":"https:\/\/covasna45.ro\/wp-content\/uploads\/2025\/10\/icon_logo_covasna45-150x150.png","caption":"Covasna45"},"sameAs":["https:\/\/covasna45.ro"],"url":"https:\/\/covasna45.ro\/index.php\/author\/covasna\/"}]}},"_links":{"self":[{"href":"https:\/\/covasna45.ro\/index.php\/wp-json\/wp\/v2\/posts\/2112","targetHints":{"allow":["GET"]}}],"collection":[{"href":"https:\/\/covasna45.ro\/index.php\/wp-json\/wp\/v2\/posts"}],"about":[{"href":"https:\/\/covasna45.ro\/index.php\/wp-json\/wp\/v2\/types\/post"}],"author":[{"embeddable":true,"href":"https:\/\/covasna45.ro\/index.php\/wp-json\/wp\/v2\/users\/1"}],"replies":[{"embeddable":true,"href":"https:\/\/covasna45.ro\/index.php\/wp-json\/wp\/v2\/comments?post=2112"}],"version-history":[{"count":1,"href":"https:\/\/covasna45.ro\/index.php\/wp-json\/wp\/v2\/posts\/2112\/revisions"}],"predecessor-version":[{"id":2114,"href":"https:\/\/covasna45.ro\/index.php\/wp-json\/wp\/v2\/posts\/2112\/revisions\/2114"}],"wp:featuredmedia":[{"embeddable":true,"href":"https:\/\/covasna45.ro\/index.php\/wp-json\/wp\/v2\/media\/2113"}],"wp:attachment":[{"href":"https:\/\/covasna45.ro\/index.php\/wp-json\/wp\/v2\/media?parent=2112"}],"wp:term":[{"taxonomy":"category","embeddable":true,"href":"https:\/\/covasna45.ro\/index.php\/wp-json\/wp\/v2\/categories?post=2112"},{"taxonomy":"post_tag","embeddable":true,"href":"https:\/\/covasna45.ro\/index.php\/wp-json\/wp\/v2\/tags?post=2112"}],"curies":[{"name":"wp","href":"https:\/\/api.w.org\/{rel}","templated":true}]}}