{"id":2115,"date":"2023-06-29T09:34:38","date_gmt":"2023-06-29T07:34:38","guid":{"rendered":"https:\/\/covasna45.ro\/?p=2115"},"modified":"2023-06-29T09:34:38","modified_gmt":"2023-06-29T07:34:38","slug":"sepsi-osk-aproape-de-un-transfer-de-marca","status":"publish","type":"post","link":"https:\/\/covasna45.ro\/index.php\/sport\/sepsi-osk-aproape-de-un-transfer-de-marca\/","title":{"rendered":"Sepsi OSK, aproape de un transfer de marc\u0103"},"content":{"rendered":"\n<p>Cu Pavol Safranko \u0219i Mario Rondon \u00een lot \u00een acest moment, Sepsi OSK Sf\u00e2ntu Gheorghe este aproape de a oficializa transferul unui alt atacant, care a evoluat \u0219i pentru CFR Cluj. <\/p>\n\n\n\n<p>Gabriel Debeljuh este v\u00e2rf de atac, dar nu a mai jucat din august 2022. Cu toate acestea, are o cot\u0103 de pia\u021b\u0103 de 1.4 milioane de euro.<\/p>\n\n\n\n<p>Sepsi OSK preg\u0103te\u0219te primul sezon cu Liviu Ciobotariu pe banca tehnic\u0103, dup\u0103 ce \u00een sezonul precedent a c\u00e2\u0219tigat Cupa Rom\u00e2niei.<\/p>\n\n\n\n<p>Forma\u021bia cov\u0103snean\u0103 va juca \u0219i \u00een turul doi preliminar al UEFA Conference League, unde va \u00eent\u00e2lni CSKA Sofia \u00een dubl\u0103 man\u0219\u0103. <\/p>\n\n\n\n<p>R\u0103mas liber de contract dup\u0103 desp\u0103r\u021birea de CFR Cluj, Gabriel Debeljuh este \u00een negocieri avansate cu Sepsi OSK \u0219i, potrivit GSP, va semna un acord valabil pe dou\u0103 sezoane cu c\u00e2\u0219tig\u0103toarea ultimelor dou\u0103 edi\u021bii de Cupa Rom\u00e2niei.<\/p>\n","protected":false},"excerpt":{"rendered":"<p>Cu Pavol Safranko \u0219i Mario Rondon \u00een lot \u00een acest moment, Sepsi OSK Sf\u00e2ntu Gheorghe este aproape de a oficializa transferul unui alt atacant, care a evoluat \u0219i pentru CFR Cluj. Gabriel Debeljuh este v\u00e2rf de atac, dar nu a mai jucat din august 2022. Cu toate acestea, are o cot\u0103 de pia\u021b\u0103 de 1.4 [&hellip;]<\/p>\n","protected":false},"author":1,"featured_media":2116,"comment_status":"open","ping_status":"closed","sticky":false,"template":"","format":"standard","meta":{"tdm_status":"","tdm_grid_status":"","footnotes":""},"categories":[17],"tags":[805,38,60,318],"class_list":{"0":"post-2115","1":"post","2":"type-post","3":"status-publish","4":"format-standard","5":"has-post-thumbnail","7":"category-sport","8":"tag-atacant","9":"tag-fotbal","10":"tag-sepsi-osk","11":"tag-transfer"},"yoast_head":"<!-- This site is optimized with the Yoast SEO plugin v27.5 - https:\/\/yoast.com\/product\/yoast-seo-wordpress\/ -->\n<title>Sepsi OSK, aproape de un transfer de marc\u0103 - Covasna45<\/title>\n<meta name=\"description\" content=\"Gabriel Debeljuh este v\u00e2rf de atac, dar nu a mai jucat din august 2022. Cu toate acestea, are o cot\u0103 de pia\u021b\u0103 de 1.4 milioane de euro.\" \/>\n<meta name=\"robots\" content=\"index, follow, max-snippet:-1, max-image-preview:large, max-video-preview:-1\" \/>\n<link rel=\"canonical\" href=\"https:\/\/covasna45.ro\/index.php\/sport\/sepsi-osk-aproape-de-un-transfer-de-marca\/\" \/>\n<meta property=\"og:locale\" content=\"ro_RO\" \/>\n<meta property=\"og:type\" content=\"article\" \/>\n<meta property=\"og:title\" content=\"Sepsi OSK, aproape de un transfer de marc\u0103 - Covasna45\" \/>\n<meta property=\"og:description\" content=\"Gabriel Debeljuh este v\u00e2rf de atac, dar nu a mai jucat din august 2022. Cu toate acestea, are o cot\u0103 de pia\u021b\u0103 de 1.4 milioane de euro.\" \/>\n<meta property=\"og:url\" content=\"https:\/\/covasna45.ro\/index.php\/sport\/sepsi-osk-aproape-de-un-transfer-de-marca\/\" \/>\n<meta property=\"og:site_name\" content=\"Covasna45\" \/>\n<meta property=\"article:published_time\" content=\"2023-06-29T07:34:38+00:00\" \/>\n<meta property=\"og:image\" content=\"https:\/\/covasna45.ro\/wp-content\/uploads\/2023\/06\/Gabriel-Debeljuh.jpg\" \/>\n\t<meta property=\"og:image:width\" content=\"1200\" \/>\n\t<meta property=\"og:image:height\" content=\"800\" \/>\n\t<meta property=\"og:image:type\" content=\"image\/jpeg\" \/>\n<meta name=\"author\" content=\"Covasna45\" \/>\n<meta name=\"twitter:card\" content=\"summary_large_image\" \/>\n<meta name=\"twitter:label1\" content=\"Scris de\" \/>\n\t<meta name=\"twitter:data1\" content=\"Covasna45\" \/>\n\t<meta name=\"twitter:label2\" content=\"Timp estimat pentru citire\" \/>\n\t<meta name=\"twitter:data2\" content=\"1 minut\" \/>\n<script type=\"application\/ld+json\" class=\"yoast-schema-graph\">{\"@context\":\"https:\\\/\\\/schema.org\",\"@graph\":[{\"@type\":\"Article\",\"@id\":\"https:\\\/\\\/covasna45.ro\\\/index.php\\\/sport\\\/sepsi-osk-aproape-de-un-transfer-de-marca\\\/#article\",\"isPartOf\":{\"@id\":\"https:\\\/\\\/covasna45.ro\\\/index.php\\\/sport\\\/sepsi-osk-aproape-de-un-transfer-de-marca\\\/\"},\"author\":{\"name\":\"Covasna45\",\"@id\":\"https:\\\/\\\/covasna45.ro\\\/#\\\/schema\\\/person\\\/e674052bd7d95d70bbb007a1060ab73c\"},\"headline\":\"Sepsi OSK, aproape de un transfer de marc\u0103\",\"datePublished\":\"2023-06-29T07:34:38+00:00\",\"mainEntityOfPage\":{\"@id\":\"https:\\\/\\\/covasna45.ro\\\/index.php\\\/sport\\\/sepsi-osk-aproape-de-un-transfer-de-marca\\\/\"},\"wordCount\":158,\"commentCount\":0,\"publisher\":{\"@id\":\"https:\\\/\\\/covasna45.ro\\\/#organization\"},\"image\":{\"@id\":\"https:\\\/\\\/covasna45.ro\\\/index.php\\\/sport\\\/sepsi-osk-aproape-de-un-transfer-de-marca\\\/#primaryimage\"},\"thumbnailUrl\":\"https:\\\/\\\/covasna45.ro\\\/wp-content\\\/uploads\\\/2023\\\/06\\\/Gabriel-Debeljuh.jpg\",\"keywords\":[\"Atacant\",\"Fotbal\",\"Sepsi OSK\",\"Transfer\"],\"articleSection\":[\"Sport\"],\"inLanguage\":\"ro-RO\",\"potentialAction\":[{\"@type\":\"CommentAction\",\"name\":\"Comment\",\"target\":[\"https:\\\/\\\/covasna45.ro\\\/index.php\\\/sport\\\/sepsi-osk-aproape-de-un-transfer-de-marca\\\/#respond\"]}]},{\"@type\":\"WebPage\",\"@id\":\"https:\\\/\\\/covasna45.ro\\\/index.php\\\/sport\\\/sepsi-osk-aproape-de-un-transfer-de-marca\\\/\",\"url\":\"https:\\\/\\\/covasna45.ro\\\/index.php\\\/sport\\\/sepsi-osk-aproape-de-un-transfer-de-marca\\\/\",\"name\":\"Sepsi OSK, aproape de un transfer de marc\u0103 - Covasna45\",\"isPartOf\":{\"@id\":\"https:\\\/\\\/covasna45.ro\\\/#website\"},\"primaryImageOfPage\":{\"@id\":\"https:\\\/\\\/covasna45.ro\\\/index.php\\\/sport\\\/sepsi-osk-aproape-de-un-transfer-de-marca\\\/#primaryimage\"},\"image\":{\"@id\":\"https:\\\/\\\/covasna45.ro\\\/index.php\\\/sport\\\/sepsi-osk-aproape-de-un-transfer-de-marca\\\/#primaryimage\"},\"thumbnailUrl\":\"https:\\\/\\\/covasna45.ro\\\/wp-content\\\/uploads\\\/2023\\\/06\\\/Gabriel-Debeljuh.jpg\",\"datePublished\":\"2023-06-29T07:34:38+00:00\",\"description\":\"Gabriel Debeljuh este v\u00e2rf de atac, dar nu a mai jucat din august 2022. Cu toate acestea, are o cot\u0103 de pia\u021b\u0103 de 1.4 milioane de euro.\",\"breadcrumb\":{\"@id\":\"https:\\\/\\\/covasna45.ro\\\/index.php\\\/sport\\\/sepsi-osk-aproape-de-un-transfer-de-marca\\\/#breadcrumb\"},\"inLanguage\":\"ro-RO\",\"potentialAction\":[{\"@type\":\"ReadAction\",\"target\":[\"https:\\\/\\\/covasna45.ro\\\/index.php\\\/sport\\\/sepsi-osk-aproape-de-un-transfer-de-marca\\\/\"]}]},{\"@type\":\"ImageObject\",\"inLanguage\":\"ro-RO\",\"@id\":\"https:\\\/\\\/covasna45.ro\\\/index.php\\\/sport\\\/sepsi-osk-aproape-de-un-transfer-de-marca\\\/#primaryimage\",\"url\":\"https:\\\/\\\/covasna45.ro\\\/wp-content\\\/uploads\\\/2023\\\/06\\\/Gabriel-Debeljuh.jpg\",\"contentUrl\":\"https:\\\/\\\/covasna45.ro\\\/wp-content\\\/uploads\\\/2023\\\/06\\\/Gabriel-Debeljuh.jpg\",\"width\":1200,\"height\":800},{\"@type\":\"BreadcrumbList\",\"@id\":\"https:\\\/\\\/covasna45.ro\\\/index.php\\\/sport\\\/sepsi-osk-aproape-de-un-transfer-de-marca\\\/#breadcrumb\",\"itemListElement\":[{\"@type\":\"ListItem\",\"position\":1,\"name\":\"Prima pagin\u0103\",\"item\":\"https:\\\/\\\/covasna45.ro\\\/\"},{\"@type\":\"ListItem\",\"position\":2,\"name\":\"Sepsi OSK, aproape de un transfer de marc\u0103\"}]},{\"@type\":\"WebSite\",\"@id\":\"https:\\\/\\\/covasna45.ro\\\/#website\",\"url\":\"https:\\\/\\\/covasna45.ro\\\/\",\"name\":\"covasna45.ro\",\"description\":\"\",\"publisher\":{\"@id\":\"https:\\\/\\\/covasna45.ro\\\/#organization\"},\"potentialAction\":[{\"@type\":\"SearchAction\",\"target\":{\"@type\":\"EntryPoint\",\"urlTemplate\":\"https:\\\/\\\/covasna45.ro\\\/?s={search_term_string}\"},\"query-input\":{\"@type\":\"PropertyValueSpecification\",\"valueRequired\":true,\"valueName\":\"search_term_string\"}}],\"inLanguage\":\"ro-RO\"},{\"@type\":\"Organization\",\"@id\":\"https:\\\/\\\/covasna45.ro\\\/#organization\",\"name\":\"covasna45.ro\",\"url\":\"https:\\\/\\\/covasna45.ro\\\/\",\"logo\":{\"@type\":\"ImageObject\",\"inLanguage\":\"ro-RO\",\"@id\":\"https:\\\/\\\/covasna45.ro\\\/#\\\/schema\\\/logo\\\/image\\\/\",\"url\":\"https:\\\/\\\/covasna45.ro\\\/wp-content\\\/uploads\\\/2023\\\/01\\\/icon_logo.png\",\"contentUrl\":\"https:\\\/\\\/covasna45.ro\\\/wp-content\\\/uploads\\\/2023\\\/01\\\/icon_logo.png\",\"width\":1900,\"height\":1900,\"caption\":\"covasna45.ro\"},\"image\":{\"@id\":\"https:\\\/\\\/covasna45.ro\\\/#\\\/schema\\\/logo\\\/image\\\/\"}},{\"@type\":\"Person\",\"@id\":\"https:\\\/\\\/covasna45.ro\\\/#\\\/schema\\\/person\\\/e674052bd7d95d70bbb007a1060ab73c\",\"name\":\"Covasna45\",\"image\":{\"@type\":\"ImageObject\",\"inLanguage\":\"ro-RO\",\"@id\":\"https:\\\/\\\/covasna45.ro\\\/wp-content\\\/uploads\\\/2025\\\/10\\\/icon_logo_covasna45-150x150.png\",\"url\":\"https:\\\/\\\/covasna45.ro\\\/wp-content\\\/uploads\\\/2025\\\/10\\\/icon_logo_covasna45-150x150.png\",\"contentUrl\":\"https:\\\/\\\/covasna45.ro\\\/wp-content\\\/uploads\\\/2025\\\/10\\\/icon_logo_covasna45-150x150.png\",\"caption\":\"Covasna45\"},\"sameAs\":[\"https:\\\/\\\/covasna45.ro\"],\"url\":\"https:\\\/\\\/covasna45.ro\\\/index.php\\\/author\\\/covasna\\\/\"}]}<\/script>\n<!-- \/ Yoast SEO plugin. -->","yoast_head_json":{"title":"Sepsi OSK, aproape de un transfer de marc\u0103 - Covasna45","description":"Gabriel Debeljuh este v\u00e2rf de atac, dar nu a mai jucat din august 2022. Cu toate acestea, are o cot\u0103 de pia\u021b\u0103 de 1.4 milioane de euro.","robots":{"index":"index","follow":"follow","max-snippet":"max-snippet:-1","max-image-preview":"max-image-preview:large","max-video-preview":"max-video-preview:-1"},"canonical":"https:\/\/covasna45.ro\/index.php\/sport\/sepsi-osk-aproape-de-un-transfer-de-marca\/","og_locale":"ro_RO","og_type":"article","og_title":"Sepsi OSK, aproape de un transfer de marc\u0103 - Covasna45","og_description":"Gabriel Debeljuh este v\u00e2rf de atac, dar nu a mai jucat din august 2022. Cu toate acestea, are o cot\u0103 de pia\u021b\u0103 de 1.4 milioane de euro.","og_url":"https:\/\/covasna45.ro\/index.php\/sport\/sepsi-osk-aproape-de-un-transfer-de-marca\/","og_site_name":"Covasna45","article_published_time":"2023-06-29T07:34:38+00:00","og_image":[{"width":1200,"height":800,"url":"https:\/\/covasna45.ro\/wp-content\/uploads\/2023\/06\/Gabriel-Debeljuh.jpg","type":"image\/jpeg"}],"author":"Covasna45","twitter_card":"summary_large_image","twitter_misc":{"Scris de":"Covasna45","Timp estimat pentru citire":"1 minut"},"schema":{"@context":"https:\/\/schema.org","@graph":[{"@type":"Article","@id":"https:\/\/covasna45.ro\/index.php\/sport\/sepsi-osk-aproape-de-un-transfer-de-marca\/#article","isPartOf":{"@id":"https:\/\/covasna45.ro\/index.php\/sport\/sepsi-osk-aproape-de-un-transfer-de-marca\/"},"author":{"name":"Covasna45","@id":"https:\/\/covasna45.ro\/#\/schema\/person\/e674052bd7d95d70bbb007a1060ab73c"},"headline":"Sepsi OSK, aproape de un transfer de marc\u0103","datePublished":"2023-06-29T07:34:38+00:00","mainEntityOfPage":{"@id":"https:\/\/covasna45.ro\/index.php\/sport\/sepsi-osk-aproape-de-un-transfer-de-marca\/"},"wordCount":158,"commentCount":0,"publisher":{"@id":"https:\/\/covasna45.ro\/#organization"},"image":{"@id":"https:\/\/covasna45.ro\/index.php\/sport\/sepsi-osk-aproape-de-un-transfer-de-marca\/#primaryimage"},"thumbnailUrl":"https:\/\/covasna45.ro\/wp-content\/uploads\/2023\/06\/Gabriel-Debeljuh.jpg","keywords":["Atacant","Fotbal","Sepsi OSK","Transfer"],"articleSection":["Sport"],"inLanguage":"ro-RO","potentialAction":[{"@type":"CommentAction","name":"Comment","target":["https:\/\/covasna45.ro\/index.php\/sport\/sepsi-osk-aproape-de-un-transfer-de-marca\/#respond"]}]},{"@type":"WebPage","@id":"https:\/\/covasna45.ro\/index.php\/sport\/sepsi-osk-aproape-de-un-transfer-de-marca\/","url":"https:\/\/covasna45.ro\/index.php\/sport\/sepsi-osk-aproape-de-un-transfer-de-marca\/","name":"Sepsi OSK, aproape de un transfer de marc\u0103 - Covasna45","isPartOf":{"@id":"https:\/\/covasna45.ro\/#website"},"primaryImageOfPage":{"@id":"https:\/\/covasna45.ro\/index.php\/sport\/sepsi-osk-aproape-de-un-transfer-de-marca\/#primaryimage"},"image":{"@id":"https:\/\/covasna45.ro\/index.php\/sport\/sepsi-osk-aproape-de-un-transfer-de-marca\/#primaryimage"},"thumbnailUrl":"https:\/\/covasna45.ro\/wp-content\/uploads\/2023\/06\/Gabriel-Debeljuh.jpg","datePublished":"2023-06-29T07:34:38+00:00","description":"Gabriel Debeljuh este v\u00e2rf de atac, dar nu a mai jucat din august 2022. Cu toate acestea, are o cot\u0103 de pia\u021b\u0103 de 1.4 milioane de euro.","breadcrumb":{"@id":"https:\/\/covasna45.ro\/index.php\/sport\/sepsi-osk-aproape-de-un-transfer-de-marca\/#breadcrumb"},"inLanguage":"ro-RO","potentialAction":[{"@type":"ReadAction","target":["https:\/\/covasna45.ro\/index.php\/sport\/sepsi-osk-aproape-de-un-transfer-de-marca\/"]}]},{"@type":"ImageObject","inLanguage":"ro-RO","@id":"https:\/\/covasna45.ro\/index.php\/sport\/sepsi-osk-aproape-de-un-transfer-de-marca\/#primaryimage","url":"https:\/\/covasna45.ro\/wp-content\/uploads\/2023\/06\/Gabriel-Debeljuh.jpg","contentUrl":"https:\/\/covasna45.ro\/wp-content\/uploads\/2023\/06\/Gabriel-Debeljuh.jpg","width":1200,"height":800},{"@type":"BreadcrumbList","@id":"https:\/\/covasna45.ro\/index.php\/sport\/sepsi-osk-aproape-de-un-transfer-de-marca\/#breadcrumb","itemListElement":[{"@type":"ListItem","position":1,"name":"Prima pagin\u0103","item":"https:\/\/covasna45.ro\/"},{"@type":"ListItem","position":2,"name":"Sepsi OSK, aproape de un transfer de marc\u0103"}]},{"@type":"WebSite","@id":"https:\/\/covasna45.ro\/#website","url":"https:\/\/covasna45.ro\/","name":"covasna45.ro","description":"","publisher":{"@id":"https:\/\/covasna45.ro\/#organization"},"potentialAction":[{"@type":"SearchAction","target":{"@type":"EntryPoint","urlTemplate":"https:\/\/covasna45.ro\/?s={search_term_string}"},"query-input":{"@type":"PropertyValueSpecification","valueRequired":true,"valueName":"search_term_string"}}],"inLanguage":"ro-RO"},{"@type":"Organization","@id":"https:\/\/covasna45.ro\/#organization","name":"covasna45.ro","url":"https:\/\/covasna45.ro\/","logo":{"@type":"ImageObject","inLanguage":"ro-RO","@id":"https:\/\/covasna45.ro\/#\/schema\/logo\/image\/","url":"https:\/\/covasna45.ro\/wp-content\/uploads\/2023\/01\/icon_logo.png","contentUrl":"https:\/\/covasna45.ro\/wp-content\/uploads\/2023\/01\/icon_logo.png","width":1900,"height":1900,"caption":"covasna45.ro"},"image":{"@id":"https:\/\/covasna45.ro\/#\/schema\/logo\/image\/"}},{"@type":"Person","@id":"https:\/\/covasna45.ro\/#\/schema\/person\/e674052bd7d95d70bbb007a1060ab73c","name":"Covasna45","image":{"@type":"ImageObject","inLanguage":"ro-RO","@id":"https:\/\/covasna45.ro\/wp-content\/uploads\/2025\/10\/icon_logo_covasna45-150x150.png","url":"https:\/\/covasna45.ro\/wp-content\/uploads\/2025\/10\/icon_logo_covasna45-150x150.png","contentUrl":"https:\/\/covasna45.ro\/wp-content\/uploads\/2025\/10\/icon_logo_covasna45-150x150.png","caption":"Covasna45"},"sameAs":["https:\/\/covasna45.ro"],"url":"https:\/\/covasna45.ro\/index.php\/author\/covasna\/"}]}},"_links":{"self":[{"href":"https:\/\/covasna45.ro\/index.php\/wp-json\/wp\/v2\/posts\/2115","targetHints":{"allow":["GET"]}}],"collection":[{"href":"https:\/\/covasna45.ro\/index.php\/wp-json\/wp\/v2\/posts"}],"about":[{"href":"https:\/\/covasna45.ro\/index.php\/wp-json\/wp\/v2\/types\/post"}],"author":[{"embeddable":true,"href":"https:\/\/covasna45.ro\/index.php\/wp-json\/wp\/v2\/users\/1"}],"replies":[{"embeddable":true,"href":"https:\/\/covasna45.ro\/index.php\/wp-json\/wp\/v2\/comments?post=2115"}],"version-history":[{"count":1,"href":"https:\/\/covasna45.ro\/index.php\/wp-json\/wp\/v2\/posts\/2115\/revisions"}],"predecessor-version":[{"id":2117,"href":"https:\/\/covasna45.ro\/index.php\/wp-json\/wp\/v2\/posts\/2115\/revisions\/2117"}],"wp:featuredmedia":[{"embeddable":true,"href":"https:\/\/covasna45.ro\/index.php\/wp-json\/wp\/v2\/media\/2116"}],"wp:attachment":[{"href":"https:\/\/covasna45.ro\/index.php\/wp-json\/wp\/v2\/media?parent=2115"}],"wp:term":[{"taxonomy":"category","embeddable":true,"href":"https:\/\/covasna45.ro\/index.php\/wp-json\/wp\/v2\/categories?post=2115"},{"taxonomy":"post_tag","embeddable":true,"href":"https:\/\/covasna45.ro\/index.php\/wp-json\/wp\/v2\/tags?post=2115"}],"curies":[{"name":"wp","href":"https:\/\/api.w.org\/{rel}","templated":true}]}}