{"id":2194,"date":"2023-07-07T14:25:09","date_gmt":"2023-07-07T12:25:09","guid":{"rendered":"https:\/\/covasna45.ro\/?p=2194"},"modified":"2023-07-07T14:25:09","modified_gmt":"2023-07-07T12:25:09","slug":"supercupa-romaniei-farul-constanta-sepsi-osk","status":"publish","type":"post","link":"https:\/\/covasna45.ro\/index.php\/sport\/supercupa-romaniei-farul-constanta-sepsi-osk\/","title":{"rendered":"Supercupa Rom\u00e2niei: Farul Constan\u021ba \u2013 Sepsi OSK"},"content":{"rendered":"\n<p>S\u00e2mb\u0103t\u0103, 8 iulie, de la ora 20:00, pe stadionul \u201dIlie Oan\u0103\u201d din Ploie\u0219ti, se joac\u0103 Supercupa Rom\u00e2niei: Farul Constan\u021ba \u2013 Sepsi OSK. Dou\u0103 echipe \u00een care tinerii \u00ee\u0219i g\u0103sesc mereu loc. <\/p>\n\n\n\n<p>Nu e nicio surpriz\u0103 faptul c\u0103 Farul Constan\u021ba, una dintre cele mai importante pepiniere ale fotbalului rom\u00e2nesc, are pentru acest debut de sezon mai multe variante de juc\u0103tori eligibili na\u021bionalei U21 dec\u00e2t adversara ei.<\/p>\n\n\n\n<p>\u00cencep\u00e2nd din 2023-2024, echipele trebuie s\u0103 aib\u0103 \u00een permanen\u021b\u0103 pe teren cel pu\u021bin un juc\u0103tor n\u0103scut \u00eencep\u00e2nd cu 1 ianuarie 2002. Iar Farul are cel pu\u021bin 14 astfel de variante!<\/p>\n\n\n\n<h2 class=\"wp-block-heading\">Tinerii de la Farul Constan\u021ba<\/h2>\n\n\n\n<p>Farul \u00eei are \u00een lot pe Borza, cotat la 1 milion de euro pe Transfermarkt, \u0219i Mazilu (1,3 milioane euro), care, la nici 18 ani, au reprezentat Rom\u00e2nia la EURO U21, sau pe Enes Sali, cel mai t\u00e2n\u0103r debutant din istoria na\u021bionalei. Ambii au contribuit la titlul c\u00e2\u0219tigat \u00een aceast\u0103 var\u0103.<\/p>\n\n\n\n<p>A\u0219a cum ne-a obi\u0219nuit, Gheorghe Hagi mai propune alte dou\u0103 nume interesante pentru noul sezon, ambele \u00een ofensiv\u0103: Alexandru Stoian, care debuta \u00een Liga 1 la nici 15 ani, \u0219i Iustin Doicaru, o aarip\u0103\u201d care a impresionat \u00een Liga Elitelor U16, fiind desemnat \u0219i juc\u0103torul finalei.<\/p>\n\n\n\n<h2 class=\"wp-block-heading\">Tinerii de la Sepsi OSK<\/h2>\n\n\n\n<p>De partea cealalt\u0103, de\u021bin\u0103toarea Cupei Rom\u00e2niei l-a adus liber de contract de la Gloria Buz\u0103u pe funda\u0219ul dreapta Bogdan Oteli\u021b\u0103, care are \u0219i dou\u0103 selec\u021bii, \u00een prim\u0103var\u0103, la na\u021bionala U20, \u00een partidele cu Portugalia \u0219i Norvegia. Tot din Liga 2 vine \u0219i un alt funda\u0219, Darius Oroian, care a bifat 21 de partide \u00een tricoul Stelei.<\/p>\n\n\n\n<p>\u00cen rest, Liviu Ciobotariu a promovat la Sepsi mai mul\u021bi tineri de la juniori sau de la echipa secund\u0103, \u00eentre ei \u0219i pe fratele lui Roland Niczuly, Rajmund, \u0219i el tot portar. La mijloc \u00eel mai reg\u0103sim pe \u00c1kos Nistor, care a intrat pe teren sezonul trecut, \u00een play-off, pe finalul jocului cu FCSB, 1-3.<\/p>\n\n\n\n<h2 class=\"wp-block-heading\">Tinerii U21 propu\u0219i de cele dou\u0103 echipe<\/h2>\n\n\n\n<p><strong>Sepsi OSK<\/strong><br>Portari: Hunor Gedo (2004), Rajmund Niczuly (2004)<br>Funda\u0219i: Bogdan Oteli\u021b\u0103 (2002), Darius Oroian(2003), Kriszti\u00e1n Dobozi (2004)<br>Mijloca\u0219i: \u00c1kos Nistor (2004), Denis Ren\u021ba (2004)<\/p>\n\n\n\n<p><strong>Farul Constan\u021ba<\/strong><br>Funda\u0219i: Dan S\u00eerbu (2003), Darius Grosu (2002), Andrei Borza (2005), Gabriel D\u0103nuleas\u0103 (2003), Gabriel Buta (2002)<br>Mijloca\u0219i: Luca Banu (2005), Ionu\u021b Cercel (2006), Nicolas Popescu (2003), Valentin Dumitrache (2003)<\/p>\n\n\n\n<p>Atacan\u021bi: Adrian MaziluU (2005), Iustin Doicaru (2007), Luca Andronache (2003), Alexandru Stoican (2007), Enes Sali(2006)&nbsp;<\/p>\n","protected":false},"excerpt":{"rendered":"<p>S\u00e2mb\u0103t\u0103, 8 iulie, de la ora 20:00, pe stadionul \u201dIlie Oan\u0103\u201d din Ploie\u0219ti, se joac\u0103 Supercupa Rom\u00e2niei: Farul Constan\u021ba \u2013 Sepsi OSK. Dou\u0103 echipe \u00een care tinerii \u00ee\u0219i g\u0103sesc mereu loc. Nu e nicio surpriz\u0103 faptul c\u0103 Farul Constan\u021ba, una dintre cele mai importante pepiniere ale fotbalului rom\u00e2nesc, are pentru acest debut de sezon mai [&hellip;]<\/p>\n","protected":false},"author":1,"featured_media":2195,"comment_status":"open","ping_status":"closed","sticky":false,"template":"","format":"standard","meta":{"tdm_status":"","tdm_grid_status":"","footnotes":""},"categories":[17],"tags":[576,60,846],"class_list":{"0":"post-2194","1":"post","2":"type-post","3":"status-publish","4":"format-standard","5":"has-post-thumbnail","7":"category-sport","8":"tag-farul-constanta","9":"tag-sepsi-osk","10":"tag-supercupa-romaniei"},"yoast_head":"<!-- This site is optimized with the Yoast SEO plugin v27.5 - https:\/\/yoast.com\/product\/yoast-seo-wordpress\/ -->\n<title>Supercupa Rom\u00e2niei: Farul Constan\u021ba \u2013 Sepsi OSK - Covasna45<\/title>\n<meta name=\"description\" content=\"Pe \u201dIlie Oan\u0103\u201d din Ploie\u0219ti, se joac\u0103 Supercupa Rom\u00e2niei: Farul Constan\u021ba \u2013 Sepsi OSK. Dou\u0103 echipe \u00een care tinerii \u00ee\u0219i g\u0103sesc mereu loc.\" \/>\n<meta name=\"robots\" content=\"index, follow, max-snippet:-1, max-image-preview:large, max-video-preview:-1\" \/>\n<link rel=\"canonical\" href=\"https:\/\/covasna45.ro\/index.php\/sport\/supercupa-romaniei-farul-constanta-sepsi-osk\/\" \/>\n<meta property=\"og:locale\" content=\"ro_RO\" \/>\n<meta property=\"og:type\" content=\"article\" \/>\n<meta property=\"og:title\" content=\"Supercupa Rom\u00e2niei: Farul Constan\u021ba \u2013 Sepsi OSK - Covasna45\" \/>\n<meta property=\"og:description\" content=\"Pe \u201dIlie Oan\u0103\u201d din Ploie\u0219ti, se joac\u0103 Supercupa Rom\u00e2niei: Farul Constan\u021ba \u2013 Sepsi OSK. Dou\u0103 echipe \u00een care tinerii \u00ee\u0219i g\u0103sesc mereu loc.\" \/>\n<meta property=\"og:url\" content=\"https:\/\/covasna45.ro\/index.php\/sport\/supercupa-romaniei-farul-constanta-sepsi-osk\/\" \/>\n<meta property=\"og:site_name\" content=\"Covasna45\" \/>\n<meta property=\"article:published_time\" content=\"2023-07-07T12:25:09+00:00\" \/>\n<meta property=\"og:image\" content=\"https:\/\/covasna45.ro\/wp-content\/uploads\/2023\/07\/supercupa.jpg\" \/>\n\t<meta property=\"og:image:width\" content=\"800\" \/>\n\t<meta property=\"og:image:height\" content=\"533\" \/>\n\t<meta property=\"og:image:type\" content=\"image\/jpeg\" \/>\n<meta name=\"author\" content=\"Covasna45\" \/>\n<meta name=\"twitter:card\" content=\"summary_large_image\" \/>\n<meta name=\"twitter:label1\" content=\"Scris de\" \/>\n\t<meta name=\"twitter:data1\" content=\"Covasna45\" \/>\n\t<meta name=\"twitter:label2\" content=\"Timp estimat pentru citire\" \/>\n\t<meta name=\"twitter:data2\" content=\"3 minute\" \/>\n<script type=\"application\/ld+json\" class=\"yoast-schema-graph\">{\"@context\":\"https:\\\/\\\/schema.org\",\"@graph\":[{\"@type\":\"Article\",\"@id\":\"https:\\\/\\\/covasna45.ro\\\/index.php\\\/sport\\\/supercupa-romaniei-farul-constanta-sepsi-osk\\\/#article\",\"isPartOf\":{\"@id\":\"https:\\\/\\\/covasna45.ro\\\/index.php\\\/sport\\\/supercupa-romaniei-farul-constanta-sepsi-osk\\\/\"},\"author\":{\"name\":\"Covasna45\",\"@id\":\"https:\\\/\\\/covasna45.ro\\\/#\\\/schema\\\/person\\\/e674052bd7d95d70bbb007a1060ab73c\"},\"headline\":\"Supercupa Rom\u00e2niei: Farul Constan\u021ba \u2013 Sepsi OSK\",\"datePublished\":\"2023-07-07T12:25:09+00:00\",\"mainEntityOfPage\":{\"@id\":\"https:\\\/\\\/covasna45.ro\\\/index.php\\\/sport\\\/supercupa-romaniei-farul-constanta-sepsi-osk\\\/\"},\"wordCount\":415,\"commentCount\":2,\"publisher\":{\"@id\":\"https:\\\/\\\/covasna45.ro\\\/#organization\"},\"image\":{\"@id\":\"https:\\\/\\\/covasna45.ro\\\/index.php\\\/sport\\\/supercupa-romaniei-farul-constanta-sepsi-osk\\\/#primaryimage\"},\"thumbnailUrl\":\"https:\\\/\\\/covasna45.ro\\\/wp-content\\\/uploads\\\/2023\\\/07\\\/supercupa.jpg\",\"keywords\":[\"Farul Constan\u021ba\",\"Sepsi OSK\",\"Supercupa Rom\u00e2niei\"],\"articleSection\":[\"Sport\"],\"inLanguage\":\"ro-RO\",\"potentialAction\":[{\"@type\":\"CommentAction\",\"name\":\"Comment\",\"target\":[\"https:\\\/\\\/covasna45.ro\\\/index.php\\\/sport\\\/supercupa-romaniei-farul-constanta-sepsi-osk\\\/#respond\"]}]},{\"@type\":\"WebPage\",\"@id\":\"https:\\\/\\\/covasna45.ro\\\/index.php\\\/sport\\\/supercupa-romaniei-farul-constanta-sepsi-osk\\\/\",\"url\":\"https:\\\/\\\/covasna45.ro\\\/index.php\\\/sport\\\/supercupa-romaniei-farul-constanta-sepsi-osk\\\/\",\"name\":\"Supercupa Rom\u00e2niei: Farul Constan\u021ba \u2013 Sepsi OSK - Covasna45\",\"isPartOf\":{\"@id\":\"https:\\\/\\\/covasna45.ro\\\/#website\"},\"primaryImageOfPage\":{\"@id\":\"https:\\\/\\\/covasna45.ro\\\/index.php\\\/sport\\\/supercupa-romaniei-farul-constanta-sepsi-osk\\\/#primaryimage\"},\"image\":{\"@id\":\"https:\\\/\\\/covasna45.ro\\\/index.php\\\/sport\\\/supercupa-romaniei-farul-constanta-sepsi-osk\\\/#primaryimage\"},\"thumbnailUrl\":\"https:\\\/\\\/covasna45.ro\\\/wp-content\\\/uploads\\\/2023\\\/07\\\/supercupa.jpg\",\"datePublished\":\"2023-07-07T12:25:09+00:00\",\"description\":\"Pe \u201dIlie Oan\u0103\u201d din Ploie\u0219ti, se joac\u0103 Supercupa Rom\u00e2niei: Farul Constan\u021ba \u2013 Sepsi OSK. Dou\u0103 echipe \u00een care tinerii \u00ee\u0219i g\u0103sesc mereu loc.\",\"breadcrumb\":{\"@id\":\"https:\\\/\\\/covasna45.ro\\\/index.php\\\/sport\\\/supercupa-romaniei-farul-constanta-sepsi-osk\\\/#breadcrumb\"},\"inLanguage\":\"ro-RO\",\"potentialAction\":[{\"@type\":\"ReadAction\",\"target\":[\"https:\\\/\\\/covasna45.ro\\\/index.php\\\/sport\\\/supercupa-romaniei-farul-constanta-sepsi-osk\\\/\"]}]},{\"@type\":\"ImageObject\",\"inLanguage\":\"ro-RO\",\"@id\":\"https:\\\/\\\/covasna45.ro\\\/index.php\\\/sport\\\/supercupa-romaniei-farul-constanta-sepsi-osk\\\/#primaryimage\",\"url\":\"https:\\\/\\\/covasna45.ro\\\/wp-content\\\/uploads\\\/2023\\\/07\\\/supercupa.jpg\",\"contentUrl\":\"https:\\\/\\\/covasna45.ro\\\/wp-content\\\/uploads\\\/2023\\\/07\\\/supercupa.jpg\",\"width\":800,\"height\":533},{\"@type\":\"BreadcrumbList\",\"@id\":\"https:\\\/\\\/covasna45.ro\\\/index.php\\\/sport\\\/supercupa-romaniei-farul-constanta-sepsi-osk\\\/#breadcrumb\",\"itemListElement\":[{\"@type\":\"ListItem\",\"position\":1,\"name\":\"Prima pagin\u0103\",\"item\":\"https:\\\/\\\/covasna45.ro\\\/\"},{\"@type\":\"ListItem\",\"position\":2,\"name\":\"Supercupa Rom\u00e2niei: Farul Constan\u021ba \u2013 Sepsi OSK\"}]},{\"@type\":\"WebSite\",\"@id\":\"https:\\\/\\\/covasna45.ro\\\/#website\",\"url\":\"https:\\\/\\\/covasna45.ro\\\/\",\"name\":\"covasna45.ro\",\"description\":\"\",\"publisher\":{\"@id\":\"https:\\\/\\\/covasna45.ro\\\/#organization\"},\"potentialAction\":[{\"@type\":\"SearchAction\",\"target\":{\"@type\":\"EntryPoint\",\"urlTemplate\":\"https:\\\/\\\/covasna45.ro\\\/?s={search_term_string}\"},\"query-input\":{\"@type\":\"PropertyValueSpecification\",\"valueRequired\":true,\"valueName\":\"search_term_string\"}}],\"inLanguage\":\"ro-RO\"},{\"@type\":\"Organization\",\"@id\":\"https:\\\/\\\/covasna45.ro\\\/#organization\",\"name\":\"covasna45.ro\",\"url\":\"https:\\\/\\\/covasna45.ro\\\/\",\"logo\":{\"@type\":\"ImageObject\",\"inLanguage\":\"ro-RO\",\"@id\":\"https:\\\/\\\/covasna45.ro\\\/#\\\/schema\\\/logo\\\/image\\\/\",\"url\":\"https:\\\/\\\/covasna45.ro\\\/wp-content\\\/uploads\\\/2023\\\/01\\\/icon_logo.png\",\"contentUrl\":\"https:\\\/\\\/covasna45.ro\\\/wp-content\\\/uploads\\\/2023\\\/01\\\/icon_logo.png\",\"width\":1900,\"height\":1900,\"caption\":\"covasna45.ro\"},\"image\":{\"@id\":\"https:\\\/\\\/covasna45.ro\\\/#\\\/schema\\\/logo\\\/image\\\/\"}},{\"@type\":\"Person\",\"@id\":\"https:\\\/\\\/covasna45.ro\\\/#\\\/schema\\\/person\\\/e674052bd7d95d70bbb007a1060ab73c\",\"name\":\"Covasna45\",\"image\":{\"@type\":\"ImageObject\",\"inLanguage\":\"ro-RO\",\"@id\":\"https:\\\/\\\/covasna45.ro\\\/wp-content\\\/uploads\\\/2025\\\/10\\\/icon_logo_covasna45-150x150.png\",\"url\":\"https:\\\/\\\/covasna45.ro\\\/wp-content\\\/uploads\\\/2025\\\/10\\\/icon_logo_covasna45-150x150.png\",\"contentUrl\":\"https:\\\/\\\/covasna45.ro\\\/wp-content\\\/uploads\\\/2025\\\/10\\\/icon_logo_covasna45-150x150.png\",\"caption\":\"Covasna45\"},\"sameAs\":[\"https:\\\/\\\/covasna45.ro\"],\"url\":\"https:\\\/\\\/covasna45.ro\\\/index.php\\\/author\\\/covasna\\\/\"}]}<\/script>\n<!-- \/ Yoast SEO plugin. -->","yoast_head_json":{"title":"Supercupa Rom\u00e2niei: Farul Constan\u021ba \u2013 Sepsi OSK - Covasna45","description":"Pe \u201dIlie Oan\u0103\u201d din Ploie\u0219ti, se joac\u0103 Supercupa Rom\u00e2niei: Farul Constan\u021ba \u2013 Sepsi OSK. Dou\u0103 echipe \u00een care tinerii \u00ee\u0219i g\u0103sesc mereu loc.","robots":{"index":"index","follow":"follow","max-snippet":"max-snippet:-1","max-image-preview":"max-image-preview:large","max-video-preview":"max-video-preview:-1"},"canonical":"https:\/\/covasna45.ro\/index.php\/sport\/supercupa-romaniei-farul-constanta-sepsi-osk\/","og_locale":"ro_RO","og_type":"article","og_title":"Supercupa Rom\u00e2niei: Farul Constan\u021ba \u2013 Sepsi OSK - Covasna45","og_description":"Pe \u201dIlie Oan\u0103\u201d din Ploie\u0219ti, se joac\u0103 Supercupa Rom\u00e2niei: Farul Constan\u021ba \u2013 Sepsi OSK. Dou\u0103 echipe \u00een care tinerii \u00ee\u0219i g\u0103sesc mereu loc.","og_url":"https:\/\/covasna45.ro\/index.php\/sport\/supercupa-romaniei-farul-constanta-sepsi-osk\/","og_site_name":"Covasna45","article_published_time":"2023-07-07T12:25:09+00:00","og_image":[{"width":800,"height":533,"url":"https:\/\/covasna45.ro\/wp-content\/uploads\/2023\/07\/supercupa.jpg","type":"image\/jpeg"}],"author":"Covasna45","twitter_card":"summary_large_image","twitter_misc":{"Scris de":"Covasna45","Timp estimat pentru citire":"3 minute"},"schema":{"@context":"https:\/\/schema.org","@graph":[{"@type":"Article","@id":"https:\/\/covasna45.ro\/index.php\/sport\/supercupa-romaniei-farul-constanta-sepsi-osk\/#article","isPartOf":{"@id":"https:\/\/covasna45.ro\/index.php\/sport\/supercupa-romaniei-farul-constanta-sepsi-osk\/"},"author":{"name":"Covasna45","@id":"https:\/\/covasna45.ro\/#\/schema\/person\/e674052bd7d95d70bbb007a1060ab73c"},"headline":"Supercupa Rom\u00e2niei: Farul Constan\u021ba \u2013 Sepsi OSK","datePublished":"2023-07-07T12:25:09+00:00","mainEntityOfPage":{"@id":"https:\/\/covasna45.ro\/index.php\/sport\/supercupa-romaniei-farul-constanta-sepsi-osk\/"},"wordCount":415,"commentCount":2,"publisher":{"@id":"https:\/\/covasna45.ro\/#organization"},"image":{"@id":"https:\/\/covasna45.ro\/index.php\/sport\/supercupa-romaniei-farul-constanta-sepsi-osk\/#primaryimage"},"thumbnailUrl":"https:\/\/covasna45.ro\/wp-content\/uploads\/2023\/07\/supercupa.jpg","keywords":["Farul Constan\u021ba","Sepsi OSK","Supercupa Rom\u00e2niei"],"articleSection":["Sport"],"inLanguage":"ro-RO","potentialAction":[{"@type":"CommentAction","name":"Comment","target":["https:\/\/covasna45.ro\/index.php\/sport\/supercupa-romaniei-farul-constanta-sepsi-osk\/#respond"]}]},{"@type":"WebPage","@id":"https:\/\/covasna45.ro\/index.php\/sport\/supercupa-romaniei-farul-constanta-sepsi-osk\/","url":"https:\/\/covasna45.ro\/index.php\/sport\/supercupa-romaniei-farul-constanta-sepsi-osk\/","name":"Supercupa Rom\u00e2niei: Farul Constan\u021ba \u2013 Sepsi OSK - Covasna45","isPartOf":{"@id":"https:\/\/covasna45.ro\/#website"},"primaryImageOfPage":{"@id":"https:\/\/covasna45.ro\/index.php\/sport\/supercupa-romaniei-farul-constanta-sepsi-osk\/#primaryimage"},"image":{"@id":"https:\/\/covasna45.ro\/index.php\/sport\/supercupa-romaniei-farul-constanta-sepsi-osk\/#primaryimage"},"thumbnailUrl":"https:\/\/covasna45.ro\/wp-content\/uploads\/2023\/07\/supercupa.jpg","datePublished":"2023-07-07T12:25:09+00:00","description":"Pe \u201dIlie Oan\u0103\u201d din Ploie\u0219ti, se joac\u0103 Supercupa Rom\u00e2niei: Farul Constan\u021ba \u2013 Sepsi OSK. Dou\u0103 echipe \u00een care tinerii \u00ee\u0219i g\u0103sesc mereu loc.","breadcrumb":{"@id":"https:\/\/covasna45.ro\/index.php\/sport\/supercupa-romaniei-farul-constanta-sepsi-osk\/#breadcrumb"},"inLanguage":"ro-RO","potentialAction":[{"@type":"ReadAction","target":["https:\/\/covasna45.ro\/index.php\/sport\/supercupa-romaniei-farul-constanta-sepsi-osk\/"]}]},{"@type":"ImageObject","inLanguage":"ro-RO","@id":"https:\/\/covasna45.ro\/index.php\/sport\/supercupa-romaniei-farul-constanta-sepsi-osk\/#primaryimage","url":"https:\/\/covasna45.ro\/wp-content\/uploads\/2023\/07\/supercupa.jpg","contentUrl":"https:\/\/covasna45.ro\/wp-content\/uploads\/2023\/07\/supercupa.jpg","width":800,"height":533},{"@type":"BreadcrumbList","@id":"https:\/\/covasna45.ro\/index.php\/sport\/supercupa-romaniei-farul-constanta-sepsi-osk\/#breadcrumb","itemListElement":[{"@type":"ListItem","position":1,"name":"Prima pagin\u0103","item":"https:\/\/covasna45.ro\/"},{"@type":"ListItem","position":2,"name":"Supercupa Rom\u00e2niei: Farul Constan\u021ba \u2013 Sepsi OSK"}]},{"@type":"WebSite","@id":"https:\/\/covasna45.ro\/#website","url":"https:\/\/covasna45.ro\/","name":"covasna45.ro","description":"","publisher":{"@id":"https:\/\/covasna45.ro\/#organization"},"potentialAction":[{"@type":"SearchAction","target":{"@type":"EntryPoint","urlTemplate":"https:\/\/covasna45.ro\/?s={search_term_string}"},"query-input":{"@type":"PropertyValueSpecification","valueRequired":true,"valueName":"search_term_string"}}],"inLanguage":"ro-RO"},{"@type":"Organization","@id":"https:\/\/covasna45.ro\/#organization","name":"covasna45.ro","url":"https:\/\/covasna45.ro\/","logo":{"@type":"ImageObject","inLanguage":"ro-RO","@id":"https:\/\/covasna45.ro\/#\/schema\/logo\/image\/","url":"https:\/\/covasna45.ro\/wp-content\/uploads\/2023\/01\/icon_logo.png","contentUrl":"https:\/\/covasna45.ro\/wp-content\/uploads\/2023\/01\/icon_logo.png","width":1900,"height":1900,"caption":"covasna45.ro"},"image":{"@id":"https:\/\/covasna45.ro\/#\/schema\/logo\/image\/"}},{"@type":"Person","@id":"https:\/\/covasna45.ro\/#\/schema\/person\/e674052bd7d95d70bbb007a1060ab73c","name":"Covasna45","image":{"@type":"ImageObject","inLanguage":"ro-RO","@id":"https:\/\/covasna45.ro\/wp-content\/uploads\/2025\/10\/icon_logo_covasna45-150x150.png","url":"https:\/\/covasna45.ro\/wp-content\/uploads\/2025\/10\/icon_logo_covasna45-150x150.png","contentUrl":"https:\/\/covasna45.ro\/wp-content\/uploads\/2025\/10\/icon_logo_covasna45-150x150.png","caption":"Covasna45"},"sameAs":["https:\/\/covasna45.ro"],"url":"https:\/\/covasna45.ro\/index.php\/author\/covasna\/"}]}},"_links":{"self":[{"href":"https:\/\/covasna45.ro\/index.php\/wp-json\/wp\/v2\/posts\/2194","targetHints":{"allow":["GET"]}}],"collection":[{"href":"https:\/\/covasna45.ro\/index.php\/wp-json\/wp\/v2\/posts"}],"about":[{"href":"https:\/\/covasna45.ro\/index.php\/wp-json\/wp\/v2\/types\/post"}],"author":[{"embeddable":true,"href":"https:\/\/covasna45.ro\/index.php\/wp-json\/wp\/v2\/users\/1"}],"replies":[{"embeddable":true,"href":"https:\/\/covasna45.ro\/index.php\/wp-json\/wp\/v2\/comments?post=2194"}],"version-history":[{"count":1,"href":"https:\/\/covasna45.ro\/index.php\/wp-json\/wp\/v2\/posts\/2194\/revisions"}],"predecessor-version":[{"id":2196,"href":"https:\/\/covasna45.ro\/index.php\/wp-json\/wp\/v2\/posts\/2194\/revisions\/2196"}],"wp:featuredmedia":[{"embeddable":true,"href":"https:\/\/covasna45.ro\/index.php\/wp-json\/wp\/v2\/media\/2195"}],"wp:attachment":[{"href":"https:\/\/covasna45.ro\/index.php\/wp-json\/wp\/v2\/media?parent=2194"}],"wp:term":[{"taxonomy":"category","embeddable":true,"href":"https:\/\/covasna45.ro\/index.php\/wp-json\/wp\/v2\/categories?post=2194"},{"taxonomy":"post_tag","embeddable":true,"href":"https:\/\/covasna45.ro\/index.php\/wp-json\/wp\/v2\/tags?post=2194"}],"curies":[{"name":"wp","href":"https:\/\/api.w.org\/{rel}","templated":true}]}}