{"id":2211,"date":"2023-07-10T08:59:32","date_gmt":"2023-07-10T06:59:32","guid":{"rendered":"https:\/\/covasna45.ro\/?p=2211"},"modified":"2023-07-10T08:59:33","modified_gmt":"2023-07-10T06:59:33","slug":"rapidistul-sumudica-a-murit","status":"publish","type":"post","link":"https:\/\/covasna45.ro\/index.php\/sport\/rapidistul-sumudica-a-murit\/","title":{"rendered":"\u201eRapidistul \u0218umudic\u0103 a murit!\u201d"},"content":{"rendered":"\n<p>Marius \u0218umudic\u0103 (52 de ani) s-a declarat decep\u021bionat de faptul c\u0103 Rapid a ales s\u0103-l angajeze pe Cristiano Bergodi \u00een loc s\u0103-l pun\u0103 pe el antrenor principal. Spune c\u0103 \u201erapidistul \u0218umudic\u0103 a murit\u201d \u0219i c\u0103 ar accepta acum orice ofert\u0103 de la una dintre echipele de v\u00e2rf ale Rom\u00e2niei, chiar \u0219i de la FCSB!<\/p>\n\n\n\n<p>Faptul c\u0103 ac\u021bionarii Rapidului, Dan \u0218ucu \u0219i Victor Angelescu, l-au ales pe Cristiano Bergodi \u00een detrimentul s\u0103u, nu i-a picat deloc bine lui Marius \u0218umudic\u0103.<\/p>\n\n\n\n<h2 class=\"wp-block-heading\">Marius \u0218umudic\u0103 era liber de contract.<\/h2>\n\n\n\n<p>\u0218umudic\u0103, liber de contract dup\u0103 ce saudi\u021bii de la Al Raed l-au dat afar\u0103, a\u0219tepta o ofert\u0103 de la Rapid. Aceasta nu a venit, ceea ce l-a l\u0103sat pe \u0218umudic\u0103 \u201epu\u021bin decep\u021bionat\u201d.<\/p>\n\n\n\n<p>\u00centr-o interven\u021bie la TV de peste 15 minute, antrenorul care a f\u0103cut-o pe Astra campioan\u0103 \u00een 2016 a anun\u021bat c\u0103 \u201erapidistul \u0218umudic\u0103 a murit\u201d. A spus c\u0103 ar da curs acum oric\u0103rei oferte de la o echip\u0103 de v\u00e2rf din Rom\u00e2nia, men\u021bion\u00e2nd \u00een repetate r\u00e2nduri numele FCSB-ului.<\/p>\n\n\n\n<p><strong><em>\u201eNu sunt m\u00e2hnit, serios. Am sperat p\u00e2n\u0103 \u00een ultima clip\u0103 c\u0103 pot fi numit antrenor. Nu vreau s\u0103 contest sub nicio form\u0103 decizia conducerii Rapidului, este decizia lor. Vreau s\u0103 spun, pentru a \u0219ti toat\u0103 lumea, ce s-a \u00eent\u00e2mplat. Nu am fost sunat de nimeni, dec\u00e2t de Daniel Niculae acum 2-3 zile. Mi-a spus c\u0103 \u00ab\u0218umi, \u00ee\u021bi dai seama, decizia nu este a mea. Vreau doar s\u0103 ne \u00eemp\u0103c\u0103m\u00bb.<\/em><\/strong><\/p>\n\n\n\n<p><strong><em>Eu nu aveam nimic de \u00eemp\u0103r\u021bit cu el. Nu am primit nicio ofert\u0103, ca s\u0103 se lini\u0219teasc\u0103 rapidi\u0219tii de 7-8 ani, care spun c\u0103 \u0218umudic\u0103 a primit nu \u0219tiu c\u00e2te oferte \u0219i a refuzat mereu. Nu, eu nu am primit nicio ofert\u0103 de la Rapid \u00een ultimii 7 ani.<\/em><\/strong><\/p>\n\n\n\n<h2 class=\"wp-block-heading\"><strong><em>Nu sunt m\u00e2hnit, dar poate pu\u021bin decep\u021bionat. \u00cen via\u021b\u0103 se \u00eent\u00e2mpl\u0103 \u0219i lucruri de genul \u0103sta\u201d<\/em><\/strong>.<\/h2>\n\n\n\n<p><strong><em>\u201eUn singur lucru vreau s\u0103 spun: am ajuns la o maturitate profesional\u0103 \u0219i \u00eemi dau seama c\u0103 \u00een via\u021b\u0103 am f\u0103cut foarte multe gre\u0219eli. De ce spun asta? Am gre\u0219it fiindc\u0103 m-am ata\u0219at foarte mult de anumite cluburi, \u00een spe\u021b\u0103 de Rapid<\/em><\/strong>.<strong><em> \u0218i am declarat tot timpul, \u00eenchiz\u00e2ndu-mi u\u0219ile peste tot, c\u0103 sunt un rapidist convins.<\/em><\/strong><\/p>\n\n\n\n<p><strong><em>Nu pot s\u0103 reneg acest lucru<\/em><\/strong>.<strong><em> Dar am o familie \u00een spate, am responsabilitate, am at\u00e2\u021bia fani \u00een \u021bara asta \u0219i vreau s\u0103 pun cap\u0103t acestui subiect.<\/em><\/strong><\/p>\n\n\n\n<p><strong><em>Din momentul de fa\u021b\u0103, vreau s\u0103 spun c\u0103 p\u00e2n\u0103 acum probabil eram \u0218umi-gol. Aveam tot felul de porecle. Din acest moment, \u0218umudic\u0103 nu mai este rapidistul \u0218umudic\u0103. Rapidistul \u0218umudic\u0103 a murit asear\u0103, o s\u0103 vede\u021bi prin ce decizii voi lua \u00een viitor.<\/em><\/strong><\/p>\n\n\n\n<p><strong><em>Din momentul de fa\u021b\u0103, exist\u0103 un personaj care se nume\u0219te \u00abantrenorul \u0218umudic\u0103\u00bb<\/em><\/strong>.<strong><em> Un om profesionist, care pune suflet \u0219i a pus pe primul plan fotbalul \u00eenaintea familiei. Am gre\u0219it\u201d,<\/em><\/strong> a ad\u0103ugat \u0218umudic\u0103.\u00a0<\/p>\n","protected":false},"excerpt":{"rendered":"<p>Marius \u0218umudic\u0103 (52 de ani) s-a declarat decep\u021bionat de faptul c\u0103 Rapid a ales s\u0103-l angajeze pe Cristiano Bergodi \u00een loc s\u0103-l pun\u0103 pe el antrenor principal. Spune c\u0103 \u201erapidistul \u0218umudic\u0103 a murit\u201d \u0219i c\u0103 ar accepta acum orice ofert\u0103 de la una dintre echipele de v\u00e2rf ale Rom\u00e2niei, chiar \u0219i de la FCSB! Faptul [&hellip;]<\/p>\n","protected":false},"author":1,"featured_media":2212,"comment_status":"open","ping_status":"closed","sticky":false,"template":"","format":"standard","meta":{"tdm_status":"","tdm_grid_status":"","footnotes":""},"categories":[17],"tags":[61,852,395],"class_list":{"0":"post-2211","1":"post","2":"type-post","3":"status-publish","4":"format-standard","5":"has-post-thumbnail","7":"category-sport","8":"tag-cristiano-bergodi","9":"tag-marius-sumudica","10":"tag-rapid"},"yoast_head":"<!-- This site is optimized with the Yoast SEO plugin v27.5 - https:\/\/yoast.com\/product\/yoast-seo-wordpress\/ -->\n<title>\u201eRapidistul \u0218umudic\u0103 a murit!\u201d - Covasna45<\/title>\n<meta name=\"description\" content=\"Din momentul de fa\u021b\u0103, exist\u0103 un personaj care se nume\u0219te \u00abantrenorul \u0218umudic\u0103\u00bb, un om profesionist, care pune suflet\" \/>\n<meta name=\"robots\" content=\"index, follow, max-snippet:-1, max-image-preview:large, max-video-preview:-1\" \/>\n<link rel=\"canonical\" href=\"https:\/\/covasna45.ro\/index.php\/sport\/rapidistul-sumudica-a-murit\/\" \/>\n<meta property=\"og:locale\" content=\"ro_RO\" \/>\n<meta property=\"og:type\" content=\"article\" \/>\n<meta property=\"og:title\" content=\"\u201eRapidistul \u0218umudic\u0103 a murit!\u201d - Covasna45\" \/>\n<meta property=\"og:description\" content=\"Din momentul de fa\u021b\u0103, exist\u0103 un personaj care se nume\u0219te \u00abantrenorul \u0218umudic\u0103\u00bb, un om profesionist, care pune suflet\" \/>\n<meta property=\"og:url\" content=\"https:\/\/covasna45.ro\/index.php\/sport\/rapidistul-sumudica-a-murit\/\" \/>\n<meta property=\"og:site_name\" content=\"Covasna45\" \/>\n<meta property=\"article:published_time\" content=\"2023-07-10T06:59:32+00:00\" \/>\n<meta property=\"article:modified_time\" content=\"2023-07-10T06:59:33+00:00\" \/>\n<meta property=\"og:image\" content=\"https:\/\/covasna45.ro\/wp-content\/uploads\/2023\/07\/Sumudica.jpg\" \/>\n\t<meta property=\"og:image:width\" content=\"2560\" \/>\n\t<meta property=\"og:image:height\" content=\"1713\" \/>\n\t<meta property=\"og:image:type\" content=\"image\/jpeg\" \/>\n<meta name=\"author\" content=\"Covasna45\" \/>\n<meta name=\"twitter:card\" content=\"summary_large_image\" \/>\n<meta name=\"twitter:label1\" content=\"Scris de\" \/>\n\t<meta name=\"twitter:data1\" content=\"Covasna45\" \/>\n\t<meta name=\"twitter:label2\" content=\"Timp estimat pentru citire\" \/>\n\t<meta name=\"twitter:data2\" content=\"3 minute\" \/>\n<script type=\"application\/ld+json\" class=\"yoast-schema-graph\">{\"@context\":\"https:\\\/\\\/schema.org\",\"@graph\":[{\"@type\":\"Article\",\"@id\":\"https:\\\/\\\/covasna45.ro\\\/index.php\\\/sport\\\/rapidistul-sumudica-a-murit\\\/#article\",\"isPartOf\":{\"@id\":\"https:\\\/\\\/covasna45.ro\\\/index.php\\\/sport\\\/rapidistul-sumudica-a-murit\\\/\"},\"author\":{\"name\":\"Covasna45\",\"@id\":\"https:\\\/\\\/covasna45.ro\\\/#\\\/schema\\\/person\\\/e674052bd7d95d70bbb007a1060ab73c\"},\"headline\":\"\u201eRapidistul \u0218umudic\u0103 a murit!\u201d\",\"datePublished\":\"2023-07-10T06:59:32+00:00\",\"dateModified\":\"2023-07-10T06:59:33+00:00\",\"mainEntityOfPage\":{\"@id\":\"https:\\\/\\\/covasna45.ro\\\/index.php\\\/sport\\\/rapidistul-sumudica-a-murit\\\/\"},\"wordCount\":504,\"commentCount\":0,\"publisher\":{\"@id\":\"https:\\\/\\\/covasna45.ro\\\/#organization\"},\"image\":{\"@id\":\"https:\\\/\\\/covasna45.ro\\\/index.php\\\/sport\\\/rapidistul-sumudica-a-murit\\\/#primaryimage\"},\"thumbnailUrl\":\"https:\\\/\\\/covasna45.ro\\\/wp-content\\\/uploads\\\/2023\\\/07\\\/Sumudica.jpg\",\"keywords\":[\"Cristiano Bergodi\",\"Marius \u0218umudic\u0103\",\"Rapid\"],\"articleSection\":[\"Sport\"],\"inLanguage\":\"ro-RO\",\"potentialAction\":[{\"@type\":\"CommentAction\",\"name\":\"Comment\",\"target\":[\"https:\\\/\\\/covasna45.ro\\\/index.php\\\/sport\\\/rapidistul-sumudica-a-murit\\\/#respond\"]}]},{\"@type\":\"WebPage\",\"@id\":\"https:\\\/\\\/covasna45.ro\\\/index.php\\\/sport\\\/rapidistul-sumudica-a-murit\\\/\",\"url\":\"https:\\\/\\\/covasna45.ro\\\/index.php\\\/sport\\\/rapidistul-sumudica-a-murit\\\/\",\"name\":\"\u201eRapidistul \u0218umudic\u0103 a murit!\u201d - Covasna45\",\"isPartOf\":{\"@id\":\"https:\\\/\\\/covasna45.ro\\\/#website\"},\"primaryImageOfPage\":{\"@id\":\"https:\\\/\\\/covasna45.ro\\\/index.php\\\/sport\\\/rapidistul-sumudica-a-murit\\\/#primaryimage\"},\"image\":{\"@id\":\"https:\\\/\\\/covasna45.ro\\\/index.php\\\/sport\\\/rapidistul-sumudica-a-murit\\\/#primaryimage\"},\"thumbnailUrl\":\"https:\\\/\\\/covasna45.ro\\\/wp-content\\\/uploads\\\/2023\\\/07\\\/Sumudica.jpg\",\"datePublished\":\"2023-07-10T06:59:32+00:00\",\"dateModified\":\"2023-07-10T06:59:33+00:00\",\"description\":\"Din momentul de fa\u021b\u0103, exist\u0103 un personaj care se nume\u0219te \u00abantrenorul \u0218umudic\u0103\u00bb, un om profesionist, care pune suflet\",\"breadcrumb\":{\"@id\":\"https:\\\/\\\/covasna45.ro\\\/index.php\\\/sport\\\/rapidistul-sumudica-a-murit\\\/#breadcrumb\"},\"inLanguage\":\"ro-RO\",\"potentialAction\":[{\"@type\":\"ReadAction\",\"target\":[\"https:\\\/\\\/covasna45.ro\\\/index.php\\\/sport\\\/rapidistul-sumudica-a-murit\\\/\"]}]},{\"@type\":\"ImageObject\",\"inLanguage\":\"ro-RO\",\"@id\":\"https:\\\/\\\/covasna45.ro\\\/index.php\\\/sport\\\/rapidistul-sumudica-a-murit\\\/#primaryimage\",\"url\":\"https:\\\/\\\/covasna45.ro\\\/wp-content\\\/uploads\\\/2023\\\/07\\\/Sumudica.jpg\",\"contentUrl\":\"https:\\\/\\\/covasna45.ro\\\/wp-content\\\/uploads\\\/2023\\\/07\\\/Sumudica.jpg\",\"width\":2560,\"height\":1713},{\"@type\":\"BreadcrumbList\",\"@id\":\"https:\\\/\\\/covasna45.ro\\\/index.php\\\/sport\\\/rapidistul-sumudica-a-murit\\\/#breadcrumb\",\"itemListElement\":[{\"@type\":\"ListItem\",\"position\":1,\"name\":\"Prima pagin\u0103\",\"item\":\"https:\\\/\\\/covasna45.ro\\\/\"},{\"@type\":\"ListItem\",\"position\":2,\"name\":\"\u201eRapidistul \u0218umudic\u0103 a murit!\u201d\"}]},{\"@type\":\"WebSite\",\"@id\":\"https:\\\/\\\/covasna45.ro\\\/#website\",\"url\":\"https:\\\/\\\/covasna45.ro\\\/\",\"name\":\"covasna45.ro\",\"description\":\"\",\"publisher\":{\"@id\":\"https:\\\/\\\/covasna45.ro\\\/#organization\"},\"potentialAction\":[{\"@type\":\"SearchAction\",\"target\":{\"@type\":\"EntryPoint\",\"urlTemplate\":\"https:\\\/\\\/covasna45.ro\\\/?s={search_term_string}\"},\"query-input\":{\"@type\":\"PropertyValueSpecification\",\"valueRequired\":true,\"valueName\":\"search_term_string\"}}],\"inLanguage\":\"ro-RO\"},{\"@type\":\"Organization\",\"@id\":\"https:\\\/\\\/covasna45.ro\\\/#organization\",\"name\":\"covasna45.ro\",\"url\":\"https:\\\/\\\/covasna45.ro\\\/\",\"logo\":{\"@type\":\"ImageObject\",\"inLanguage\":\"ro-RO\",\"@id\":\"https:\\\/\\\/covasna45.ro\\\/#\\\/schema\\\/logo\\\/image\\\/\",\"url\":\"https:\\\/\\\/covasna45.ro\\\/wp-content\\\/uploads\\\/2023\\\/01\\\/icon_logo.png\",\"contentUrl\":\"https:\\\/\\\/covasna45.ro\\\/wp-content\\\/uploads\\\/2023\\\/01\\\/icon_logo.png\",\"width\":1900,\"height\":1900,\"caption\":\"covasna45.ro\"},\"image\":{\"@id\":\"https:\\\/\\\/covasna45.ro\\\/#\\\/schema\\\/logo\\\/image\\\/\"}},{\"@type\":\"Person\",\"@id\":\"https:\\\/\\\/covasna45.ro\\\/#\\\/schema\\\/person\\\/e674052bd7d95d70bbb007a1060ab73c\",\"name\":\"Covasna45\",\"image\":{\"@type\":\"ImageObject\",\"inLanguage\":\"ro-RO\",\"@id\":\"https:\\\/\\\/covasna45.ro\\\/wp-content\\\/uploads\\\/2025\\\/10\\\/icon_logo_covasna45-150x150.png\",\"url\":\"https:\\\/\\\/covasna45.ro\\\/wp-content\\\/uploads\\\/2025\\\/10\\\/icon_logo_covasna45-150x150.png\",\"contentUrl\":\"https:\\\/\\\/covasna45.ro\\\/wp-content\\\/uploads\\\/2025\\\/10\\\/icon_logo_covasna45-150x150.png\",\"caption\":\"Covasna45\"},\"sameAs\":[\"https:\\\/\\\/covasna45.ro\"],\"url\":\"https:\\\/\\\/covasna45.ro\\\/index.php\\\/author\\\/covasna\\\/\"}]}<\/script>\n<!-- \/ Yoast SEO plugin. -->","yoast_head_json":{"title":"\u201eRapidistul \u0218umudic\u0103 a murit!\u201d - Covasna45","description":"Din momentul de fa\u021b\u0103, exist\u0103 un personaj care se nume\u0219te \u00abantrenorul \u0218umudic\u0103\u00bb, un om profesionist, care pune suflet","robots":{"index":"index","follow":"follow","max-snippet":"max-snippet:-1","max-image-preview":"max-image-preview:large","max-video-preview":"max-video-preview:-1"},"canonical":"https:\/\/covasna45.ro\/index.php\/sport\/rapidistul-sumudica-a-murit\/","og_locale":"ro_RO","og_type":"article","og_title":"\u201eRapidistul \u0218umudic\u0103 a murit!\u201d - Covasna45","og_description":"Din momentul de fa\u021b\u0103, exist\u0103 un personaj care se nume\u0219te \u00abantrenorul \u0218umudic\u0103\u00bb, un om profesionist, care pune suflet","og_url":"https:\/\/covasna45.ro\/index.php\/sport\/rapidistul-sumudica-a-murit\/","og_site_name":"Covasna45","article_published_time":"2023-07-10T06:59:32+00:00","article_modified_time":"2023-07-10T06:59:33+00:00","og_image":[{"width":2560,"height":1713,"url":"https:\/\/covasna45.ro\/wp-content\/uploads\/2023\/07\/Sumudica.jpg","type":"image\/jpeg"}],"author":"Covasna45","twitter_card":"summary_large_image","twitter_misc":{"Scris de":"Covasna45","Timp estimat pentru citire":"3 minute"},"schema":{"@context":"https:\/\/schema.org","@graph":[{"@type":"Article","@id":"https:\/\/covasna45.ro\/index.php\/sport\/rapidistul-sumudica-a-murit\/#article","isPartOf":{"@id":"https:\/\/covasna45.ro\/index.php\/sport\/rapidistul-sumudica-a-murit\/"},"author":{"name":"Covasna45","@id":"https:\/\/covasna45.ro\/#\/schema\/person\/e674052bd7d95d70bbb007a1060ab73c"},"headline":"\u201eRapidistul \u0218umudic\u0103 a murit!\u201d","datePublished":"2023-07-10T06:59:32+00:00","dateModified":"2023-07-10T06:59:33+00:00","mainEntityOfPage":{"@id":"https:\/\/covasna45.ro\/index.php\/sport\/rapidistul-sumudica-a-murit\/"},"wordCount":504,"commentCount":0,"publisher":{"@id":"https:\/\/covasna45.ro\/#organization"},"image":{"@id":"https:\/\/covasna45.ro\/index.php\/sport\/rapidistul-sumudica-a-murit\/#primaryimage"},"thumbnailUrl":"https:\/\/covasna45.ro\/wp-content\/uploads\/2023\/07\/Sumudica.jpg","keywords":["Cristiano Bergodi","Marius \u0218umudic\u0103","Rapid"],"articleSection":["Sport"],"inLanguage":"ro-RO","potentialAction":[{"@type":"CommentAction","name":"Comment","target":["https:\/\/covasna45.ro\/index.php\/sport\/rapidistul-sumudica-a-murit\/#respond"]}]},{"@type":"WebPage","@id":"https:\/\/covasna45.ro\/index.php\/sport\/rapidistul-sumudica-a-murit\/","url":"https:\/\/covasna45.ro\/index.php\/sport\/rapidistul-sumudica-a-murit\/","name":"\u201eRapidistul \u0218umudic\u0103 a murit!\u201d - Covasna45","isPartOf":{"@id":"https:\/\/covasna45.ro\/#website"},"primaryImageOfPage":{"@id":"https:\/\/covasna45.ro\/index.php\/sport\/rapidistul-sumudica-a-murit\/#primaryimage"},"image":{"@id":"https:\/\/covasna45.ro\/index.php\/sport\/rapidistul-sumudica-a-murit\/#primaryimage"},"thumbnailUrl":"https:\/\/covasna45.ro\/wp-content\/uploads\/2023\/07\/Sumudica.jpg","datePublished":"2023-07-10T06:59:32+00:00","dateModified":"2023-07-10T06:59:33+00:00","description":"Din momentul de fa\u021b\u0103, exist\u0103 un personaj care se nume\u0219te \u00abantrenorul \u0218umudic\u0103\u00bb, un om profesionist, care pune suflet","breadcrumb":{"@id":"https:\/\/covasna45.ro\/index.php\/sport\/rapidistul-sumudica-a-murit\/#breadcrumb"},"inLanguage":"ro-RO","potentialAction":[{"@type":"ReadAction","target":["https:\/\/covasna45.ro\/index.php\/sport\/rapidistul-sumudica-a-murit\/"]}]},{"@type":"ImageObject","inLanguage":"ro-RO","@id":"https:\/\/covasna45.ro\/index.php\/sport\/rapidistul-sumudica-a-murit\/#primaryimage","url":"https:\/\/covasna45.ro\/wp-content\/uploads\/2023\/07\/Sumudica.jpg","contentUrl":"https:\/\/covasna45.ro\/wp-content\/uploads\/2023\/07\/Sumudica.jpg","width":2560,"height":1713},{"@type":"BreadcrumbList","@id":"https:\/\/covasna45.ro\/index.php\/sport\/rapidistul-sumudica-a-murit\/#breadcrumb","itemListElement":[{"@type":"ListItem","position":1,"name":"Prima pagin\u0103","item":"https:\/\/covasna45.ro\/"},{"@type":"ListItem","position":2,"name":"\u201eRapidistul \u0218umudic\u0103 a murit!\u201d"}]},{"@type":"WebSite","@id":"https:\/\/covasna45.ro\/#website","url":"https:\/\/covasna45.ro\/","name":"covasna45.ro","description":"","publisher":{"@id":"https:\/\/covasna45.ro\/#organization"},"potentialAction":[{"@type":"SearchAction","target":{"@type":"EntryPoint","urlTemplate":"https:\/\/covasna45.ro\/?s={search_term_string}"},"query-input":{"@type":"PropertyValueSpecification","valueRequired":true,"valueName":"search_term_string"}}],"inLanguage":"ro-RO"},{"@type":"Organization","@id":"https:\/\/covasna45.ro\/#organization","name":"covasna45.ro","url":"https:\/\/covasna45.ro\/","logo":{"@type":"ImageObject","inLanguage":"ro-RO","@id":"https:\/\/covasna45.ro\/#\/schema\/logo\/image\/","url":"https:\/\/covasna45.ro\/wp-content\/uploads\/2023\/01\/icon_logo.png","contentUrl":"https:\/\/covasna45.ro\/wp-content\/uploads\/2023\/01\/icon_logo.png","width":1900,"height":1900,"caption":"covasna45.ro"},"image":{"@id":"https:\/\/covasna45.ro\/#\/schema\/logo\/image\/"}},{"@type":"Person","@id":"https:\/\/covasna45.ro\/#\/schema\/person\/e674052bd7d95d70bbb007a1060ab73c","name":"Covasna45","image":{"@type":"ImageObject","inLanguage":"ro-RO","@id":"https:\/\/covasna45.ro\/wp-content\/uploads\/2025\/10\/icon_logo_covasna45-150x150.png","url":"https:\/\/covasna45.ro\/wp-content\/uploads\/2025\/10\/icon_logo_covasna45-150x150.png","contentUrl":"https:\/\/covasna45.ro\/wp-content\/uploads\/2025\/10\/icon_logo_covasna45-150x150.png","caption":"Covasna45"},"sameAs":["https:\/\/covasna45.ro"],"url":"https:\/\/covasna45.ro\/index.php\/author\/covasna\/"}]}},"_links":{"self":[{"href":"https:\/\/covasna45.ro\/index.php\/wp-json\/wp\/v2\/posts\/2211","targetHints":{"allow":["GET"]}}],"collection":[{"href":"https:\/\/covasna45.ro\/index.php\/wp-json\/wp\/v2\/posts"}],"about":[{"href":"https:\/\/covasna45.ro\/index.php\/wp-json\/wp\/v2\/types\/post"}],"author":[{"embeddable":true,"href":"https:\/\/covasna45.ro\/index.php\/wp-json\/wp\/v2\/users\/1"}],"replies":[{"embeddable":true,"href":"https:\/\/covasna45.ro\/index.php\/wp-json\/wp\/v2\/comments?post=2211"}],"version-history":[{"count":1,"href":"https:\/\/covasna45.ro\/index.php\/wp-json\/wp\/v2\/posts\/2211\/revisions"}],"predecessor-version":[{"id":2213,"href":"https:\/\/covasna45.ro\/index.php\/wp-json\/wp\/v2\/posts\/2211\/revisions\/2213"}],"wp:featuredmedia":[{"embeddable":true,"href":"https:\/\/covasna45.ro\/index.php\/wp-json\/wp\/v2\/media\/2212"}],"wp:attachment":[{"href":"https:\/\/covasna45.ro\/index.php\/wp-json\/wp\/v2\/media?parent=2211"}],"wp:term":[{"taxonomy":"category","embeddable":true,"href":"https:\/\/covasna45.ro\/index.php\/wp-json\/wp\/v2\/categories?post=2211"},{"taxonomy":"post_tag","embeddable":true,"href":"https:\/\/covasna45.ro\/index.php\/wp-json\/wp\/v2\/tags?post=2211"}],"curies":[{"name":"wp","href":"https:\/\/api.w.org\/{rel}","templated":true}]}}