{"id":2251,"date":"2023-07-14T09:31:05","date_gmt":"2023-07-14T07:31:05","guid":{"rendered":"https:\/\/covasna45.ro\/?p=2251"},"modified":"2023-07-14T09:31:05","modified_gmt":"2023-07-14T07:31:05","slug":"70-000-de-microintreprinderi-vor-trece-la-impozit-de-16-pe-profit-daca-va-scadea-pragul-cifrei-de-afaceri","status":"publish","type":"post","link":"https:\/\/covasna45.ro\/index.php\/lumea-noastra\/70-000-de-microintreprinderi-vor-trece-la-impozit-de-16-pe-profit-daca-va-scadea-pragul-cifrei-de-afaceri\/","title":{"rendered":"70.000 de micro\u00eentreprinderi vor trece la impozit de 16% pe profit, dac\u0103 va sc\u0103dea pragul cifrei de afaceri"},"content":{"rendered":"\n<p>Aproximativ 70.000 de firme care pl\u0103tesc \u00een prezent impozit de 1% pe venitul micro\u00eentreprinderii vor trece la impozit de 16% pe profit. Acest lucru se va \u00eent\u00e2mpla dac\u0103 Guvernul va sc\u0103dea pragul cifrei de afaceri de la 500.000 de euro la 250.000 de euro. Estimarea apar\u021bine Consiliului Na\u021bional al \u00centreprinderilor Private Mici \u0219i Mijlocii din Rom\u00e2nia (CNIPMMR). Aceasta este principala federa\u021bie de patroni de IMM-uri.<\/p>\n\n\n\n<h2 class=\"wp-block-heading\">Mai pu\u021bine venituri la bugetul de stat<\/h2>\n\n\n\n<p>Pre\u0219edintele Consiliului IMM, Florin Jianu, a avertizat c\u0103 trecerea acestor micro\u00eentreprinderi la impozit pe profit de 16% ar putea genera, de fapt, mai pu\u021bine venituri la bugetul de stat.<\/p>\n\n\n\n<p><strong><em>\u201eSe propune reducerea pragului la micro\u00eentreprinderi de la 500.000 de euro la 250.000 de euro. Din calculele noastre, vor fi afectate \u00een jur de 70.000 de micro\u00eentreprinderi din totalul de 600.000, iar aceste micro\u00eentreprinderi aduceau la buget \u00een total 400 de milioane de lei. Acest venit era sigur. \u00cen momentul \u00een care treci la 16% impozit pe profit, vom vedea consecin\u021bele\u201d<\/em><\/strong> &#8211; a spus Jianu.<\/p>\n\n\n\n<p>\u00cen sectorul hotelier, el a avertizat \u0219i asupra faptului c\u0103 o eventual\u0103 eliminare a voucherelor de vacan\u021b\u0103 pentru bugetari ar conduce, de fapt, la sc\u0103derea veniturilor la bugetul de stat.<\/p>\n\n\n\n<p><strong><em>\u201eDac\u0103 se renun\u021b\u0103 la voucherele de vacan\u021b\u0103, e o mare gre\u0219eal\u0103. Aceste vouchere au scos din economia neagr\u0103 zeci de mii de operatori HoReCa. \u00cen primul semestru de intrare \u00een vigoare a voucherelor de vacan\u021b\u0103, s-au autorizat 30.000 de operatori HoReCa ce lucrau la negru\u201d<\/em><\/strong> &#8211; a mai afirmat Jianu.<\/p>\n\n\n\n<h2 class=\"wp-block-heading\">Nu mai e nevoie de scutirea de impozit \u00een IT<\/h2>\n\n\n\n<p>Florin Jianu a mai spus c\u0103 Guvernul trebuie s\u0103 men\u021bin\u0103 facilit\u0103\u021bile fiscale aplicate lucr\u0103torilor din construc\u021bii, agricultur\u0103 \u0219i industria alimentar\u0103. \u00cen schimb, el este de p\u0103rere c\u0103 scutirea de impozit pe salariile unor lucr\u0103tori din sectorul IT nu mai este necesar\u0103.<\/p>\n\n\n\n<p><strong><em>\u201eSalariile \u00een construc\u021bii nu sunt at\u00e2t de mari. Salariul mediu brut \u00een construc\u021bii este undeva la 5.000 de lei. Cele mai mari salarii, de peste 11.000 de lei, sunt \u00een sectorul IT \u0219i aici suntem de acord cu to\u021bii c\u0103 aceast\u0103 facilitate, care este de 10 ani, \u0219i-a atins maximumul. \u00cen momentul \u00een care salariile din IT sunt pe locul I \u00een economie, e clar c\u0103 nu mai ai nevoie de aceast\u0103 facilitate\u201d<\/em><\/strong> &#8211; a spus Jianu.<\/p>\n\n\n\n<p>De asemenea, patronii IMM propun guvernan\u021bilor s\u0103 dea afar\u0103 o parte dintre func\u021bionarii din administra\u021bia central\u0103 \u0219i local\u0103. S\u0103 introduc\u0103 un impozit suplimentar pentru marile companii, pentru a acoperi deficitul bugetar. \u0218i s\u0103 p\u0103streze facilit\u0103\u021bile fiscale pentru micro\u00eentreprinderi \u0219i angaja\u021bii din construc\u021bii, agricultur\u0103 \u0219i industrie alimentar\u0103.<\/p>\n","protected":false},"excerpt":{"rendered":"<p>Aproximativ 70.000 de firme care pl\u0103tesc \u00een prezent impozit de 1% pe venitul micro\u00eentreprinderii vor trece la impozit de 16% pe profit. Acest lucru se va \u00eent\u00e2mpla dac\u0103 Guvernul va sc\u0103dea pragul cifrei de afaceri de la 500.000 de euro la 250.000 de euro. Estimarea apar\u021bine Consiliului Na\u021bional al \u00centreprinderilor Private Mici \u0219i Mijlocii din [&hellip;]<\/p>\n","protected":false},"author":1,"featured_media":2252,"comment_status":"open","ping_status":"closed","sticky":false,"template":"","format":"standard","meta":{"tdm_status":"","tdm_grid_status":"","footnotes":""},"categories":[14],"tags":[875,162,204,876],"class_list":{"0":"post-2251","1":"post","2":"type-post","3":"status-publish","4":"format-standard","5":"has-post-thumbnail","7":"category-lumea-noastra","8":"tag-facilitati","9":"tag-imm","10":"tag-impozite","11":"tag-microintreprinderi"},"yoast_head":"<!-- This site is optimized with the Yoast SEO plugin v27.5 - https:\/\/yoast.com\/product\/yoast-seo-wordpress\/ -->\n<title>70.000 de micro\u00eentreprinderi vor trece la impozit de 16% pe profit, dac\u0103 va sc\u0103dea pragul cifrei de afaceri - Covasna45<\/title>\n<meta name=\"description\" content=\"trecerea acestor micro\u00eentreprinderi la impozit pe profit de 16% ar putea genera, de fapt, mai pu\u021bine venituri la bugetul de stat\" \/>\n<meta name=\"robots\" content=\"index, follow, max-snippet:-1, max-image-preview:large, max-video-preview:-1\" \/>\n<link rel=\"canonical\" href=\"https:\/\/covasna45.ro\/index.php\/lumea-noastra\/70-000-de-microintreprinderi-vor-trece-la-impozit-de-16-pe-profit-daca-va-scadea-pragul-cifrei-de-afaceri\/\" \/>\n<meta property=\"og:locale\" content=\"ro_RO\" \/>\n<meta property=\"og:type\" content=\"article\" \/>\n<meta property=\"og:title\" content=\"70.000 de micro\u00eentreprinderi vor trece la impozit de 16% pe profit, dac\u0103 va sc\u0103dea pragul cifrei de afaceri - Covasna45\" \/>\n<meta property=\"og:description\" content=\"trecerea acestor micro\u00eentreprinderi la impozit pe profit de 16% ar putea genera, de fapt, mai pu\u021bine venituri la bugetul de stat\" \/>\n<meta property=\"og:url\" content=\"https:\/\/covasna45.ro\/index.php\/lumea-noastra\/70-000-de-microintreprinderi-vor-trece-la-impozit-de-16-pe-profit-daca-va-scadea-pragul-cifrei-de-afaceri\/\" \/>\n<meta property=\"og:site_name\" content=\"Covasna45\" \/>\n<meta property=\"article:published_time\" content=\"2023-07-14T07:31:05+00:00\" \/>\n<meta property=\"og:image\" content=\"https:\/\/covasna45.ro\/wp-content\/uploads\/2023\/07\/impozit.jpg\" \/>\n\t<meta property=\"og:image:width\" content=\"1350\" \/>\n\t<meta property=\"og:image:height\" content=\"900\" \/>\n\t<meta property=\"og:image:type\" content=\"image\/jpeg\" \/>\n<meta name=\"author\" content=\"Covasna45\" \/>\n<meta name=\"twitter:card\" content=\"summary_large_image\" \/>\n<meta name=\"twitter:label1\" content=\"Scris de\" \/>\n\t<meta name=\"twitter:data1\" content=\"Covasna45\" \/>\n\t<meta name=\"twitter:label2\" content=\"Timp estimat pentru citire\" \/>\n\t<meta name=\"twitter:data2\" content=\"3 minute\" \/>\n<script type=\"application\/ld+json\" class=\"yoast-schema-graph\">{\"@context\":\"https:\\\/\\\/schema.org\",\"@graph\":[{\"@type\":\"Article\",\"@id\":\"https:\\\/\\\/covasna45.ro\\\/index.php\\\/lumea-noastra\\\/70-000-de-microintreprinderi-vor-trece-la-impozit-de-16-pe-profit-daca-va-scadea-pragul-cifrei-de-afaceri\\\/#article\",\"isPartOf\":{\"@id\":\"https:\\\/\\\/covasna45.ro\\\/index.php\\\/lumea-noastra\\\/70-000-de-microintreprinderi-vor-trece-la-impozit-de-16-pe-profit-daca-va-scadea-pragul-cifrei-de-afaceri\\\/\"},\"author\":{\"name\":\"Covasna45\",\"@id\":\"https:\\\/\\\/covasna45.ro\\\/#\\\/schema\\\/person\\\/e674052bd7d95d70bbb007a1060ab73c\"},\"headline\":\"70.000 de micro\u00eentreprinderi vor trece la impozit de 16% pe profit, dac\u0103 va sc\u0103dea pragul cifrei de afaceri\",\"datePublished\":\"2023-07-14T07:31:05+00:00\",\"mainEntityOfPage\":{\"@id\":\"https:\\\/\\\/covasna45.ro\\\/index.php\\\/lumea-noastra\\\/70-000-de-microintreprinderi-vor-trece-la-impozit-de-16-pe-profit-daca-va-scadea-pragul-cifrei-de-afaceri\\\/\"},\"wordCount\":458,\"commentCount\":0,\"publisher\":{\"@id\":\"https:\\\/\\\/covasna45.ro\\\/#organization\"},\"image\":{\"@id\":\"https:\\\/\\\/covasna45.ro\\\/index.php\\\/lumea-noastra\\\/70-000-de-microintreprinderi-vor-trece-la-impozit-de-16-pe-profit-daca-va-scadea-pragul-cifrei-de-afaceri\\\/#primaryimage\"},\"thumbnailUrl\":\"https:\\\/\\\/covasna45.ro\\\/wp-content\\\/uploads\\\/2023\\\/07\\\/impozit.jpg\",\"keywords\":[\"Facilit\u0103\u021bi\",\"IMM\",\"Impozite\",\"Micro\u00eentreprinderi\"],\"articleSection\":[\"Lumea noastr\u0103\"],\"inLanguage\":\"ro-RO\",\"potentialAction\":[{\"@type\":\"CommentAction\",\"name\":\"Comment\",\"target\":[\"https:\\\/\\\/covasna45.ro\\\/index.php\\\/lumea-noastra\\\/70-000-de-microintreprinderi-vor-trece-la-impozit-de-16-pe-profit-daca-va-scadea-pragul-cifrei-de-afaceri\\\/#respond\"]}]},{\"@type\":\"WebPage\",\"@id\":\"https:\\\/\\\/covasna45.ro\\\/index.php\\\/lumea-noastra\\\/70-000-de-microintreprinderi-vor-trece-la-impozit-de-16-pe-profit-daca-va-scadea-pragul-cifrei-de-afaceri\\\/\",\"url\":\"https:\\\/\\\/covasna45.ro\\\/index.php\\\/lumea-noastra\\\/70-000-de-microintreprinderi-vor-trece-la-impozit-de-16-pe-profit-daca-va-scadea-pragul-cifrei-de-afaceri\\\/\",\"name\":\"70.000 de micro\u00eentreprinderi vor trece la impozit de 16% pe profit, dac\u0103 va sc\u0103dea pragul cifrei de afaceri - Covasna45\",\"isPartOf\":{\"@id\":\"https:\\\/\\\/covasna45.ro\\\/#website\"},\"primaryImageOfPage\":{\"@id\":\"https:\\\/\\\/covasna45.ro\\\/index.php\\\/lumea-noastra\\\/70-000-de-microintreprinderi-vor-trece-la-impozit-de-16-pe-profit-daca-va-scadea-pragul-cifrei-de-afaceri\\\/#primaryimage\"},\"image\":{\"@id\":\"https:\\\/\\\/covasna45.ro\\\/index.php\\\/lumea-noastra\\\/70-000-de-microintreprinderi-vor-trece-la-impozit-de-16-pe-profit-daca-va-scadea-pragul-cifrei-de-afaceri\\\/#primaryimage\"},\"thumbnailUrl\":\"https:\\\/\\\/covasna45.ro\\\/wp-content\\\/uploads\\\/2023\\\/07\\\/impozit.jpg\",\"datePublished\":\"2023-07-14T07:31:05+00:00\",\"description\":\"trecerea acestor micro\u00eentreprinderi la impozit pe profit de 16% ar putea genera, de fapt, mai pu\u021bine venituri la bugetul de stat\",\"breadcrumb\":{\"@id\":\"https:\\\/\\\/covasna45.ro\\\/index.php\\\/lumea-noastra\\\/70-000-de-microintreprinderi-vor-trece-la-impozit-de-16-pe-profit-daca-va-scadea-pragul-cifrei-de-afaceri\\\/#breadcrumb\"},\"inLanguage\":\"ro-RO\",\"potentialAction\":[{\"@type\":\"ReadAction\",\"target\":[\"https:\\\/\\\/covasna45.ro\\\/index.php\\\/lumea-noastra\\\/70-000-de-microintreprinderi-vor-trece-la-impozit-de-16-pe-profit-daca-va-scadea-pragul-cifrei-de-afaceri\\\/\"]}]},{\"@type\":\"ImageObject\",\"inLanguage\":\"ro-RO\",\"@id\":\"https:\\\/\\\/covasna45.ro\\\/index.php\\\/lumea-noastra\\\/70-000-de-microintreprinderi-vor-trece-la-impozit-de-16-pe-profit-daca-va-scadea-pragul-cifrei-de-afaceri\\\/#primaryimage\",\"url\":\"https:\\\/\\\/covasna45.ro\\\/wp-content\\\/uploads\\\/2023\\\/07\\\/impozit.jpg\",\"contentUrl\":\"https:\\\/\\\/covasna45.ro\\\/wp-content\\\/uploads\\\/2023\\\/07\\\/impozit.jpg\",\"width\":1350,\"height\":900},{\"@type\":\"BreadcrumbList\",\"@id\":\"https:\\\/\\\/covasna45.ro\\\/index.php\\\/lumea-noastra\\\/70-000-de-microintreprinderi-vor-trece-la-impozit-de-16-pe-profit-daca-va-scadea-pragul-cifrei-de-afaceri\\\/#breadcrumb\",\"itemListElement\":[{\"@type\":\"ListItem\",\"position\":1,\"name\":\"Prima pagin\u0103\",\"item\":\"https:\\\/\\\/covasna45.ro\\\/\"},{\"@type\":\"ListItem\",\"position\":2,\"name\":\"70.000 de micro\u00eentreprinderi vor trece la impozit de 16% pe profit, dac\u0103 va sc\u0103dea pragul cifrei de afaceri\"}]},{\"@type\":\"WebSite\",\"@id\":\"https:\\\/\\\/covasna45.ro\\\/#website\",\"url\":\"https:\\\/\\\/covasna45.ro\\\/\",\"name\":\"covasna45.ro\",\"description\":\"\",\"publisher\":{\"@id\":\"https:\\\/\\\/covasna45.ro\\\/#organization\"},\"potentialAction\":[{\"@type\":\"SearchAction\",\"target\":{\"@type\":\"EntryPoint\",\"urlTemplate\":\"https:\\\/\\\/covasna45.ro\\\/?s={search_term_string}\"},\"query-input\":{\"@type\":\"PropertyValueSpecification\",\"valueRequired\":true,\"valueName\":\"search_term_string\"}}],\"inLanguage\":\"ro-RO\"},{\"@type\":\"Organization\",\"@id\":\"https:\\\/\\\/covasna45.ro\\\/#organization\",\"name\":\"covasna45.ro\",\"url\":\"https:\\\/\\\/covasna45.ro\\\/\",\"logo\":{\"@type\":\"ImageObject\",\"inLanguage\":\"ro-RO\",\"@id\":\"https:\\\/\\\/covasna45.ro\\\/#\\\/schema\\\/logo\\\/image\\\/\",\"url\":\"https:\\\/\\\/covasna45.ro\\\/wp-content\\\/uploads\\\/2023\\\/01\\\/icon_logo.png\",\"contentUrl\":\"https:\\\/\\\/covasna45.ro\\\/wp-content\\\/uploads\\\/2023\\\/01\\\/icon_logo.png\",\"width\":1900,\"height\":1900,\"caption\":\"covasna45.ro\"},\"image\":{\"@id\":\"https:\\\/\\\/covasna45.ro\\\/#\\\/schema\\\/logo\\\/image\\\/\"}},{\"@type\":\"Person\",\"@id\":\"https:\\\/\\\/covasna45.ro\\\/#\\\/schema\\\/person\\\/e674052bd7d95d70bbb007a1060ab73c\",\"name\":\"Covasna45\",\"image\":{\"@type\":\"ImageObject\",\"inLanguage\":\"ro-RO\",\"@id\":\"https:\\\/\\\/covasna45.ro\\\/wp-content\\\/uploads\\\/2025\\\/10\\\/icon_logo_covasna45-150x150.png\",\"url\":\"https:\\\/\\\/covasna45.ro\\\/wp-content\\\/uploads\\\/2025\\\/10\\\/icon_logo_covasna45-150x150.png\",\"contentUrl\":\"https:\\\/\\\/covasna45.ro\\\/wp-content\\\/uploads\\\/2025\\\/10\\\/icon_logo_covasna45-150x150.png\",\"caption\":\"Covasna45\"},\"sameAs\":[\"https:\\\/\\\/covasna45.ro\"],\"url\":\"https:\\\/\\\/covasna45.ro\\\/index.php\\\/author\\\/covasna\\\/\"}]}<\/script>\n<!-- \/ Yoast SEO plugin. -->","yoast_head_json":{"title":"70.000 de micro\u00eentreprinderi vor trece la impozit de 16% pe profit, dac\u0103 va sc\u0103dea pragul cifrei de afaceri - Covasna45","description":"trecerea acestor micro\u00eentreprinderi la impozit pe profit de 16% ar putea genera, de fapt, mai pu\u021bine venituri la bugetul de stat","robots":{"index":"index","follow":"follow","max-snippet":"max-snippet:-1","max-image-preview":"max-image-preview:large","max-video-preview":"max-video-preview:-1"},"canonical":"https:\/\/covasna45.ro\/index.php\/lumea-noastra\/70-000-de-microintreprinderi-vor-trece-la-impozit-de-16-pe-profit-daca-va-scadea-pragul-cifrei-de-afaceri\/","og_locale":"ro_RO","og_type":"article","og_title":"70.000 de micro\u00eentreprinderi vor trece la impozit de 16% pe profit, dac\u0103 va sc\u0103dea pragul cifrei de afaceri - Covasna45","og_description":"trecerea acestor micro\u00eentreprinderi la impozit pe profit de 16% ar putea genera, de fapt, mai pu\u021bine venituri la bugetul de stat","og_url":"https:\/\/covasna45.ro\/index.php\/lumea-noastra\/70-000-de-microintreprinderi-vor-trece-la-impozit-de-16-pe-profit-daca-va-scadea-pragul-cifrei-de-afaceri\/","og_site_name":"Covasna45","article_published_time":"2023-07-14T07:31:05+00:00","og_image":[{"width":1350,"height":900,"url":"https:\/\/covasna45.ro\/wp-content\/uploads\/2023\/07\/impozit.jpg","type":"image\/jpeg"}],"author":"Covasna45","twitter_card":"summary_large_image","twitter_misc":{"Scris de":"Covasna45","Timp estimat pentru citire":"3 minute"},"schema":{"@context":"https:\/\/schema.org","@graph":[{"@type":"Article","@id":"https:\/\/covasna45.ro\/index.php\/lumea-noastra\/70-000-de-microintreprinderi-vor-trece-la-impozit-de-16-pe-profit-daca-va-scadea-pragul-cifrei-de-afaceri\/#article","isPartOf":{"@id":"https:\/\/covasna45.ro\/index.php\/lumea-noastra\/70-000-de-microintreprinderi-vor-trece-la-impozit-de-16-pe-profit-daca-va-scadea-pragul-cifrei-de-afaceri\/"},"author":{"name":"Covasna45","@id":"https:\/\/covasna45.ro\/#\/schema\/person\/e674052bd7d95d70bbb007a1060ab73c"},"headline":"70.000 de micro\u00eentreprinderi vor trece la impozit de 16% pe profit, dac\u0103 va sc\u0103dea pragul cifrei de afaceri","datePublished":"2023-07-14T07:31:05+00:00","mainEntityOfPage":{"@id":"https:\/\/covasna45.ro\/index.php\/lumea-noastra\/70-000-de-microintreprinderi-vor-trece-la-impozit-de-16-pe-profit-daca-va-scadea-pragul-cifrei-de-afaceri\/"},"wordCount":458,"commentCount":0,"publisher":{"@id":"https:\/\/covasna45.ro\/#organization"},"image":{"@id":"https:\/\/covasna45.ro\/index.php\/lumea-noastra\/70-000-de-microintreprinderi-vor-trece-la-impozit-de-16-pe-profit-daca-va-scadea-pragul-cifrei-de-afaceri\/#primaryimage"},"thumbnailUrl":"https:\/\/covasna45.ro\/wp-content\/uploads\/2023\/07\/impozit.jpg","keywords":["Facilit\u0103\u021bi","IMM","Impozite","Micro\u00eentreprinderi"],"articleSection":["Lumea noastr\u0103"],"inLanguage":"ro-RO","potentialAction":[{"@type":"CommentAction","name":"Comment","target":["https:\/\/covasna45.ro\/index.php\/lumea-noastra\/70-000-de-microintreprinderi-vor-trece-la-impozit-de-16-pe-profit-daca-va-scadea-pragul-cifrei-de-afaceri\/#respond"]}]},{"@type":"WebPage","@id":"https:\/\/covasna45.ro\/index.php\/lumea-noastra\/70-000-de-microintreprinderi-vor-trece-la-impozit-de-16-pe-profit-daca-va-scadea-pragul-cifrei-de-afaceri\/","url":"https:\/\/covasna45.ro\/index.php\/lumea-noastra\/70-000-de-microintreprinderi-vor-trece-la-impozit-de-16-pe-profit-daca-va-scadea-pragul-cifrei-de-afaceri\/","name":"70.000 de micro\u00eentreprinderi vor trece la impozit de 16% pe profit, dac\u0103 va sc\u0103dea pragul cifrei de afaceri - Covasna45","isPartOf":{"@id":"https:\/\/covasna45.ro\/#website"},"primaryImageOfPage":{"@id":"https:\/\/covasna45.ro\/index.php\/lumea-noastra\/70-000-de-microintreprinderi-vor-trece-la-impozit-de-16-pe-profit-daca-va-scadea-pragul-cifrei-de-afaceri\/#primaryimage"},"image":{"@id":"https:\/\/covasna45.ro\/index.php\/lumea-noastra\/70-000-de-microintreprinderi-vor-trece-la-impozit-de-16-pe-profit-daca-va-scadea-pragul-cifrei-de-afaceri\/#primaryimage"},"thumbnailUrl":"https:\/\/covasna45.ro\/wp-content\/uploads\/2023\/07\/impozit.jpg","datePublished":"2023-07-14T07:31:05+00:00","description":"trecerea acestor micro\u00eentreprinderi la impozit pe profit de 16% ar putea genera, de fapt, mai pu\u021bine venituri la bugetul de stat","breadcrumb":{"@id":"https:\/\/covasna45.ro\/index.php\/lumea-noastra\/70-000-de-microintreprinderi-vor-trece-la-impozit-de-16-pe-profit-daca-va-scadea-pragul-cifrei-de-afaceri\/#breadcrumb"},"inLanguage":"ro-RO","potentialAction":[{"@type":"ReadAction","target":["https:\/\/covasna45.ro\/index.php\/lumea-noastra\/70-000-de-microintreprinderi-vor-trece-la-impozit-de-16-pe-profit-daca-va-scadea-pragul-cifrei-de-afaceri\/"]}]},{"@type":"ImageObject","inLanguage":"ro-RO","@id":"https:\/\/covasna45.ro\/index.php\/lumea-noastra\/70-000-de-microintreprinderi-vor-trece-la-impozit-de-16-pe-profit-daca-va-scadea-pragul-cifrei-de-afaceri\/#primaryimage","url":"https:\/\/covasna45.ro\/wp-content\/uploads\/2023\/07\/impozit.jpg","contentUrl":"https:\/\/covasna45.ro\/wp-content\/uploads\/2023\/07\/impozit.jpg","width":1350,"height":900},{"@type":"BreadcrumbList","@id":"https:\/\/covasna45.ro\/index.php\/lumea-noastra\/70-000-de-microintreprinderi-vor-trece-la-impozit-de-16-pe-profit-daca-va-scadea-pragul-cifrei-de-afaceri\/#breadcrumb","itemListElement":[{"@type":"ListItem","position":1,"name":"Prima pagin\u0103","item":"https:\/\/covasna45.ro\/"},{"@type":"ListItem","position":2,"name":"70.000 de micro\u00eentreprinderi vor trece la impozit de 16% pe profit, dac\u0103 va sc\u0103dea pragul cifrei de afaceri"}]},{"@type":"WebSite","@id":"https:\/\/covasna45.ro\/#website","url":"https:\/\/covasna45.ro\/","name":"covasna45.ro","description":"","publisher":{"@id":"https:\/\/covasna45.ro\/#organization"},"potentialAction":[{"@type":"SearchAction","target":{"@type":"EntryPoint","urlTemplate":"https:\/\/covasna45.ro\/?s={search_term_string}"},"query-input":{"@type":"PropertyValueSpecification","valueRequired":true,"valueName":"search_term_string"}}],"inLanguage":"ro-RO"},{"@type":"Organization","@id":"https:\/\/covasna45.ro\/#organization","name":"covasna45.ro","url":"https:\/\/covasna45.ro\/","logo":{"@type":"ImageObject","inLanguage":"ro-RO","@id":"https:\/\/covasna45.ro\/#\/schema\/logo\/image\/","url":"https:\/\/covasna45.ro\/wp-content\/uploads\/2023\/01\/icon_logo.png","contentUrl":"https:\/\/covasna45.ro\/wp-content\/uploads\/2023\/01\/icon_logo.png","width":1900,"height":1900,"caption":"covasna45.ro"},"image":{"@id":"https:\/\/covasna45.ro\/#\/schema\/logo\/image\/"}},{"@type":"Person","@id":"https:\/\/covasna45.ro\/#\/schema\/person\/e674052bd7d95d70bbb007a1060ab73c","name":"Covasna45","image":{"@type":"ImageObject","inLanguage":"ro-RO","@id":"https:\/\/covasna45.ro\/wp-content\/uploads\/2025\/10\/icon_logo_covasna45-150x150.png","url":"https:\/\/covasna45.ro\/wp-content\/uploads\/2025\/10\/icon_logo_covasna45-150x150.png","contentUrl":"https:\/\/covasna45.ro\/wp-content\/uploads\/2025\/10\/icon_logo_covasna45-150x150.png","caption":"Covasna45"},"sameAs":["https:\/\/covasna45.ro"],"url":"https:\/\/covasna45.ro\/index.php\/author\/covasna\/"}]}},"_links":{"self":[{"href":"https:\/\/covasna45.ro\/index.php\/wp-json\/wp\/v2\/posts\/2251","targetHints":{"allow":["GET"]}}],"collection":[{"href":"https:\/\/covasna45.ro\/index.php\/wp-json\/wp\/v2\/posts"}],"about":[{"href":"https:\/\/covasna45.ro\/index.php\/wp-json\/wp\/v2\/types\/post"}],"author":[{"embeddable":true,"href":"https:\/\/covasna45.ro\/index.php\/wp-json\/wp\/v2\/users\/1"}],"replies":[{"embeddable":true,"href":"https:\/\/covasna45.ro\/index.php\/wp-json\/wp\/v2\/comments?post=2251"}],"version-history":[{"count":1,"href":"https:\/\/covasna45.ro\/index.php\/wp-json\/wp\/v2\/posts\/2251\/revisions"}],"predecessor-version":[{"id":2253,"href":"https:\/\/covasna45.ro\/index.php\/wp-json\/wp\/v2\/posts\/2251\/revisions\/2253"}],"wp:featuredmedia":[{"embeddable":true,"href":"https:\/\/covasna45.ro\/index.php\/wp-json\/wp\/v2\/media\/2252"}],"wp:attachment":[{"href":"https:\/\/covasna45.ro\/index.php\/wp-json\/wp\/v2\/media?parent=2251"}],"wp:term":[{"taxonomy":"category","embeddable":true,"href":"https:\/\/covasna45.ro\/index.php\/wp-json\/wp\/v2\/categories?post=2251"},{"taxonomy":"post_tag","embeddable":true,"href":"https:\/\/covasna45.ro\/index.php\/wp-json\/wp\/v2\/tags?post=2251"}],"curies":[{"name":"wp","href":"https:\/\/api.w.org\/{rel}","templated":true}]}}