{"id":2254,"date":"2023-07-14T09:41:00","date_gmt":"2023-07-14T07:41:00","guid":{"rendered":"https:\/\/covasna45.ro\/?p=2254"},"modified":"2023-07-14T09:42:03","modified_gmt":"2023-07-14T07:42:03","slug":"a-fost-redusa-tva-de-la-19-la-5-pentru-rumegus-pelete-si-brichete-din-lemn","status":"publish","type":"post","link":"https:\/\/covasna45.ro\/index.php\/lumea-noastra\/a-fost-redusa-tva-de-la-19-la-5-pentru-rumegus-pelete-si-brichete-din-lemn\/","title":{"rendered":"TVA redus la rumegu\u0219, pelete \u0219i brichete din lemn. ASFOR: o modificare necesar\u0103, dar nu suficient\u0103!"},"content":{"rendered":"\n<p>Ast\u0103zi a intrat \u00een vigoare legea care reduce TVA de la 19% la 5% la comer\u021bul cu trunchiuri de lemn, butuci, vreascuri, ramuri, etc., folosite pentru \u00eenc\u0103lzire. Reducerea se aplic\u0103 \u0219i pentru rumegu\u0219, de\u0219euri \u0219i resturi de lemn aglomerate sub form\u0103 de pelete din lemn, brichete din lemn, dar \u0219i celor sub form\u0103 neaglomerat\u0103 &#8211; rumegu\u0219, de\u0219euri \u0219i resturi de lemn.<\/p>\n\n\n\n<p>De aceast\u0103 reducere beneficiaz\u0103 at\u00e2t persoanele fizice, c\u00e2t \u0219i cele juridice, inclusiv \u0219colile, spitalele, unit\u0103\u021bile de asisten\u021b\u0103 social\u0103 sau dispensarele. Beneficiarii trebuie doar s\u0103 pun\u0103 la dispozi\u021bia furnizorilor declara\u021bii pe propria r\u0103spundere c\u0103 lemnul sau produsele din lemn sunt destinate \u00eenc\u0103lzirii.<\/p>\n\n\n\n<h2 class=\"wp-block-heading\">ASFOR: o modificare necesar\u0103!<\/h2>\n\n\n\n<p><strong><em>\u201eModificarea TVA era mai mult dec\u00e2t necesar\u0103 \u00een condi\u021biile \u00een care peste 3 milioane de gospod\u0103rii din \u021bar\u0103 se \u00eenc\u0103lzesc cu lemne de foc sau produse derivate din lemn. Era necesar\u0103 \u0219i pentru echilibrarea comer\u021bului cu aceste produse dup\u0103 reducerea TVA la 5% pentru lemnul de foc, aprobat\u0103 la sf\u00e2r\u0219itul anului trecut.<\/em><\/strong><\/p>\n\n\n\n<p><strong><em>Nu \u00een ultimul r\u00e2nd, aceast\u0103 m\u0103sur\u0103 sprijin\u0103 fiscalizarea real\u0103 a comer\u021bului cu lemn \u0219i produse de lemn pentru \u00eenc\u0103lzire, descuraj\u00e2nd specula. A\u0219a cum am mai spus, forestierii de bun\u0103 credin\u021b\u0103 au reclamat existen\u021ba unor adev\u0103rate re\u021bele de distribu\u021bie a lemnului de foc f\u0103r\u0103 nicio form\u0103 fiscal\u0103<\/em><\/strong>\u201d, arat\u0103 Ciprian Dumitru Musc\u0103, pre\u0219edintele <a href=\"https:\/\/asfor.ro\/2023\/07\/13\/reducerea-tva-de-la-19-la-5-pentru-rumegus-pelete-si-brichete-din-lemn-era-o-masura-necesara-dar-sectorul-forestier-are-nevoie-de-o-abordare-integrata-nu-pe-bucati\/\">ASFOR.<\/a><\/p>\n\n\n\n<h2 class=\"wp-block-heading\">Reducerea TVA este binevenit\u0103, dar arat\u0103 lipsa unei abord\u0103ri de ansamblu a sectorului forestier!<\/h2>\n\n\n\n<p>\u00cen repetate r\u00e2nduri, ASFOR a subliniat necesitatea unei abord\u0103ri complete \u0219i unitare a legifer\u0103rii sectorului forestier \u0219i de prelucrare primar\u0103 a lemnului. Aceast\u0103 modificare legislativ\u0103, care reduce TVA la produsele din lemn folosite pentru \u00eenc\u0103lzire, este rezultatul crizei economice \u0219i energetice \u00een care tr\u0103im de c\u00e2\u021biva ani.<\/p>\n\n\n\n<p>Statul rom\u00e2n nu \u0219i-a asumat o viziune \u0219i nu a dezvoltat o strategie de ansamblu care s\u0103 defineasc\u0103 liniile de dezvoltare a sectorului, mai ales \u00een condi\u021biile \u00een care producem 3,5-4% din PIB, avem resurs\u0103 din bel\u0219ug \u0219i \u021b\u0103rile dezvoltate \u00ee\u0219i sprijin\u0103 tot mai mult economiile na\u021bionale pe lemn.<\/p>\n\n\n\n<h2 class=\"wp-block-heading\">Statele dezvoltate sus\u021bin at\u00e2t managementul durabil al p\u0103durilor, c\u00e2t \u0219i sectoarele economice \u00een care cresc importan\u021ba \u0219i volumul lemnului folosit. <\/h2>\n\n\n\n<p>Acestea investesc nu doar \u00een sisteme de monitorizare, ci \u0219i \u00een cercetare \u0219i produc\u021bie. Am prezentat sute de exemple \u00een acest sens: de la cartiere de case din lemn p\u00e2n\u0103 la zg\u00e2rie-norii \u0219i s\u0103lile polivalente construite din lemn, de la performan\u021bele din industria celulozei p\u00e2n\u0103 la bateriile auto din lemn, de la camioanele electrice pentru transportul bu\u0219tenilor, p\u00e2n\u0103 la finan\u021barea corect\u0103 a \u00eenzestr\u0103rii sectorului cu utilaje \u0219i echipamente performante \u0219i prietenoase cu mediul, sau o banal\u0103 lege care s\u0103 permit\u0103 evaluarea \u0219i recoltarea resturilor de exploatare din parchete, resturi de exploatare ce se estimeaz\u0103 a fi de cca. 2-3 milioane mc\/an. Exemplele sunt nesf\u00e2r\u0219ite.<\/p>\n\n\n\n<p><strong><em>\u201ePrin documentul de viziune \u201eRom\u00e2nia Verde \u00een 10 pa\u0219i\u201d, ASFOR a propus o astfel de abordare integrat\u0103. Sectorul forestier rom\u00e2nesc are capacitatea de a-\u0219i cre\u0219te contribu\u021bia la dezvoltarea economiei na\u021bionale \u0219i are maturitatea necesar\u0103 s\u0103 participe la elaborarea unei viziuni integrate pentru tot ce \u00eenseamn\u0103 p\u0103dure \u0219i lemn, de la plantarea de puie\u021bi, p\u00e2n\u0103 la valorificarea superioar\u0103 a lemnului rom\u00e2nesc\u201d,<\/em><\/strong> mai spune pre\u0219edintele ASFOR.<\/p>\n","protected":false},"excerpt":{"rendered":"<p>Ast\u0103zi a intrat \u00een vigoare legea care reduce TVA de la 19% la 5% la comer\u021bul cu trunchiuri de lemn, butuci, vreascuri, ramuri, etc., folosite pentru \u00eenc\u0103lzire. Reducerea se aplic\u0103 \u0219i pentru rumegu\u0219, de\u0219euri \u0219i resturi de lemn aglomerate sub form\u0103 de pelete din lemn, brichete din lemn, dar \u0219i celor sub form\u0103 neaglomerat\u0103 &#8211; [&hellip;]<\/p>\n","protected":false},"author":1,"featured_media":2255,"comment_status":"open","ping_status":"closed","sticky":false,"template":"","format":"standard","meta":{"tdm_status":"","tdm_grid_status":"","footnotes":""},"categories":[14],"tags":[877,880,882,878,881],"class_list":{"0":"post-2254","1":"post","2":"type-post","3":"status-publish","4":"format-standard","5":"has-post-thumbnail","7":"category-lumea-noastra","8":"tag-asfor","9":"tag-brichete","10":"tag-lemn-de-foc","11":"tag-pelete","12":"tag-tva"},"yoast_head":"<!-- This site is optimized with the Yoast SEO plugin v27.5 - https:\/\/yoast.com\/product\/yoast-seo-wordpress\/ -->\n<title>TVA redus la rumegu\u0219, pelete \u0219i brichete din lemn. ASFOR: o modificare necesar\u0103, dar nu suficient\u0103! - Covasna45<\/title>\n<meta name=\"description\" content=\"\u00cen repetate r\u00e2nduri, ASFOR a subliniat necesitatea unei abord\u0103ri complete \u0219i unitare a legifer\u0103rii sectorului\" \/>\n<meta name=\"robots\" content=\"index, follow, max-snippet:-1, max-image-preview:large, max-video-preview:-1\" \/>\n<link rel=\"canonical\" href=\"https:\/\/covasna45.ro\/index.php\/lumea-noastra\/a-fost-redusa-tva-de-la-19-la-5-pentru-rumegus-pelete-si-brichete-din-lemn\/\" \/>\n<meta property=\"og:locale\" content=\"ro_RO\" \/>\n<meta property=\"og:type\" content=\"article\" \/>\n<meta property=\"og:title\" content=\"TVA redus la rumegu\u0219, pelete \u0219i brichete din lemn. ASFOR: o modificare necesar\u0103, dar nu suficient\u0103! - Covasna45\" \/>\n<meta property=\"og:description\" content=\"\u00cen repetate r\u00e2nduri, ASFOR a subliniat necesitatea unei abord\u0103ri complete \u0219i unitare a legifer\u0103rii sectorului\" \/>\n<meta property=\"og:url\" content=\"https:\/\/covasna45.ro\/index.php\/lumea-noastra\/a-fost-redusa-tva-de-la-19-la-5-pentru-rumegus-pelete-si-brichete-din-lemn\/\" \/>\n<meta property=\"og:site_name\" content=\"Covasna45\" \/>\n<meta property=\"article:published_time\" content=\"2023-07-14T07:41:00+00:00\" \/>\n<meta property=\"article:modified_time\" content=\"2023-07-14T07:42:03+00:00\" \/>\n<meta property=\"og:image\" content=\"https:\/\/covasna45.ro\/wp-content\/uploads\/2023\/07\/pelete.jpg\" \/>\n\t<meta property=\"og:image:width\" content=\"1350\" \/>\n\t<meta property=\"og:image:height\" content=\"900\" \/>\n\t<meta property=\"og:image:type\" content=\"image\/jpeg\" \/>\n<meta name=\"author\" content=\"Covasna45\" \/>\n<meta name=\"twitter:card\" content=\"summary_large_image\" \/>\n<meta name=\"twitter:label1\" content=\"Scris de\" \/>\n\t<meta name=\"twitter:data1\" content=\"Covasna45\" \/>\n\t<meta name=\"twitter:label2\" content=\"Timp estimat pentru citire\" \/>\n\t<meta name=\"twitter:data2\" content=\"3 minute\" \/>\n<script type=\"application\/ld+json\" class=\"yoast-schema-graph\">{\"@context\":\"https:\\\/\\\/schema.org\",\"@graph\":[{\"@type\":\"Article\",\"@id\":\"https:\\\/\\\/covasna45.ro\\\/index.php\\\/lumea-noastra\\\/a-fost-redusa-tva-de-la-19-la-5-pentru-rumegus-pelete-si-brichete-din-lemn\\\/#article\",\"isPartOf\":{\"@id\":\"https:\\\/\\\/covasna45.ro\\\/index.php\\\/lumea-noastra\\\/a-fost-redusa-tva-de-la-19-la-5-pentru-rumegus-pelete-si-brichete-din-lemn\\\/\"},\"author\":{\"name\":\"Covasna45\",\"@id\":\"https:\\\/\\\/covasna45.ro\\\/#\\\/schema\\\/person\\\/e674052bd7d95d70bbb007a1060ab73c\"},\"headline\":\"TVA redus la rumegu\u0219, pelete \u0219i brichete din lemn. ASFOR: o modificare necesar\u0103, dar nu suficient\u0103!\",\"datePublished\":\"2023-07-14T07:41:00+00:00\",\"dateModified\":\"2023-07-14T07:42:03+00:00\",\"mainEntityOfPage\":{\"@id\":\"https:\\\/\\\/covasna45.ro\\\/index.php\\\/lumea-noastra\\\/a-fost-redusa-tva-de-la-19-la-5-pentru-rumegus-pelete-si-brichete-din-lemn\\\/\"},\"wordCount\":591,\"commentCount\":0,\"publisher\":{\"@id\":\"https:\\\/\\\/covasna45.ro\\\/#organization\"},\"image\":{\"@id\":\"https:\\\/\\\/covasna45.ro\\\/index.php\\\/lumea-noastra\\\/a-fost-redusa-tva-de-la-19-la-5-pentru-rumegus-pelete-si-brichete-din-lemn\\\/#primaryimage\"},\"thumbnailUrl\":\"https:\\\/\\\/covasna45.ro\\\/wp-content\\\/uploads\\\/2023\\\/07\\\/pelete.jpg\",\"keywords\":[\"ASFOR\",\"Brichete\",\"Lemn de foc\",\"Pelete\",\"TVA\"],\"articleSection\":[\"Lumea noastr\u0103\"],\"inLanguage\":\"ro-RO\",\"potentialAction\":[{\"@type\":\"CommentAction\",\"name\":\"Comment\",\"target\":[\"https:\\\/\\\/covasna45.ro\\\/index.php\\\/lumea-noastra\\\/a-fost-redusa-tva-de-la-19-la-5-pentru-rumegus-pelete-si-brichete-din-lemn\\\/#respond\"]}]},{\"@type\":\"WebPage\",\"@id\":\"https:\\\/\\\/covasna45.ro\\\/index.php\\\/lumea-noastra\\\/a-fost-redusa-tva-de-la-19-la-5-pentru-rumegus-pelete-si-brichete-din-lemn\\\/\",\"url\":\"https:\\\/\\\/covasna45.ro\\\/index.php\\\/lumea-noastra\\\/a-fost-redusa-tva-de-la-19-la-5-pentru-rumegus-pelete-si-brichete-din-lemn\\\/\",\"name\":\"TVA redus la rumegu\u0219, pelete \u0219i brichete din lemn. ASFOR: o modificare necesar\u0103, dar nu suficient\u0103! - Covasna45\",\"isPartOf\":{\"@id\":\"https:\\\/\\\/covasna45.ro\\\/#website\"},\"primaryImageOfPage\":{\"@id\":\"https:\\\/\\\/covasna45.ro\\\/index.php\\\/lumea-noastra\\\/a-fost-redusa-tva-de-la-19-la-5-pentru-rumegus-pelete-si-brichete-din-lemn\\\/#primaryimage\"},\"image\":{\"@id\":\"https:\\\/\\\/covasna45.ro\\\/index.php\\\/lumea-noastra\\\/a-fost-redusa-tva-de-la-19-la-5-pentru-rumegus-pelete-si-brichete-din-lemn\\\/#primaryimage\"},\"thumbnailUrl\":\"https:\\\/\\\/covasna45.ro\\\/wp-content\\\/uploads\\\/2023\\\/07\\\/pelete.jpg\",\"datePublished\":\"2023-07-14T07:41:00+00:00\",\"dateModified\":\"2023-07-14T07:42:03+00:00\",\"description\":\"\u00cen repetate r\u00e2nduri, ASFOR a subliniat necesitatea unei abord\u0103ri complete \u0219i unitare a legifer\u0103rii sectorului\",\"breadcrumb\":{\"@id\":\"https:\\\/\\\/covasna45.ro\\\/index.php\\\/lumea-noastra\\\/a-fost-redusa-tva-de-la-19-la-5-pentru-rumegus-pelete-si-brichete-din-lemn\\\/#breadcrumb\"},\"inLanguage\":\"ro-RO\",\"potentialAction\":[{\"@type\":\"ReadAction\",\"target\":[\"https:\\\/\\\/covasna45.ro\\\/index.php\\\/lumea-noastra\\\/a-fost-redusa-tva-de-la-19-la-5-pentru-rumegus-pelete-si-brichete-din-lemn\\\/\"]}]},{\"@type\":\"ImageObject\",\"inLanguage\":\"ro-RO\",\"@id\":\"https:\\\/\\\/covasna45.ro\\\/index.php\\\/lumea-noastra\\\/a-fost-redusa-tva-de-la-19-la-5-pentru-rumegus-pelete-si-brichete-din-lemn\\\/#primaryimage\",\"url\":\"https:\\\/\\\/covasna45.ro\\\/wp-content\\\/uploads\\\/2023\\\/07\\\/pelete.jpg\",\"contentUrl\":\"https:\\\/\\\/covasna45.ro\\\/wp-content\\\/uploads\\\/2023\\\/07\\\/pelete.jpg\",\"width\":1350,\"height\":900},{\"@type\":\"BreadcrumbList\",\"@id\":\"https:\\\/\\\/covasna45.ro\\\/index.php\\\/lumea-noastra\\\/a-fost-redusa-tva-de-la-19-la-5-pentru-rumegus-pelete-si-brichete-din-lemn\\\/#breadcrumb\",\"itemListElement\":[{\"@type\":\"ListItem\",\"position\":1,\"name\":\"Prima pagin\u0103\",\"item\":\"https:\\\/\\\/covasna45.ro\\\/\"},{\"@type\":\"ListItem\",\"position\":2,\"name\":\"TVA redus la rumegu\u0219, pelete \u0219i brichete din lemn. ASFOR: o modificare necesar\u0103, dar nu suficient\u0103!\"}]},{\"@type\":\"WebSite\",\"@id\":\"https:\\\/\\\/covasna45.ro\\\/#website\",\"url\":\"https:\\\/\\\/covasna45.ro\\\/\",\"name\":\"covasna45.ro\",\"description\":\"\",\"publisher\":{\"@id\":\"https:\\\/\\\/covasna45.ro\\\/#organization\"},\"potentialAction\":[{\"@type\":\"SearchAction\",\"target\":{\"@type\":\"EntryPoint\",\"urlTemplate\":\"https:\\\/\\\/covasna45.ro\\\/?s={search_term_string}\"},\"query-input\":{\"@type\":\"PropertyValueSpecification\",\"valueRequired\":true,\"valueName\":\"search_term_string\"}}],\"inLanguage\":\"ro-RO\"},{\"@type\":\"Organization\",\"@id\":\"https:\\\/\\\/covasna45.ro\\\/#organization\",\"name\":\"covasna45.ro\",\"url\":\"https:\\\/\\\/covasna45.ro\\\/\",\"logo\":{\"@type\":\"ImageObject\",\"inLanguage\":\"ro-RO\",\"@id\":\"https:\\\/\\\/covasna45.ro\\\/#\\\/schema\\\/logo\\\/image\\\/\",\"url\":\"https:\\\/\\\/covasna45.ro\\\/wp-content\\\/uploads\\\/2023\\\/01\\\/icon_logo.png\",\"contentUrl\":\"https:\\\/\\\/covasna45.ro\\\/wp-content\\\/uploads\\\/2023\\\/01\\\/icon_logo.png\",\"width\":1900,\"height\":1900,\"caption\":\"covasna45.ro\"},\"image\":{\"@id\":\"https:\\\/\\\/covasna45.ro\\\/#\\\/schema\\\/logo\\\/image\\\/\"}},{\"@type\":\"Person\",\"@id\":\"https:\\\/\\\/covasna45.ro\\\/#\\\/schema\\\/person\\\/e674052bd7d95d70bbb007a1060ab73c\",\"name\":\"Covasna45\",\"image\":{\"@type\":\"ImageObject\",\"inLanguage\":\"ro-RO\",\"@id\":\"https:\\\/\\\/covasna45.ro\\\/wp-content\\\/uploads\\\/2025\\\/10\\\/icon_logo_covasna45-150x150.png\",\"url\":\"https:\\\/\\\/covasna45.ro\\\/wp-content\\\/uploads\\\/2025\\\/10\\\/icon_logo_covasna45-150x150.png\",\"contentUrl\":\"https:\\\/\\\/covasna45.ro\\\/wp-content\\\/uploads\\\/2025\\\/10\\\/icon_logo_covasna45-150x150.png\",\"caption\":\"Covasna45\"},\"sameAs\":[\"https:\\\/\\\/covasna45.ro\"],\"url\":\"https:\\\/\\\/covasna45.ro\\\/index.php\\\/author\\\/covasna\\\/\"}]}<\/script>\n<!-- \/ Yoast SEO plugin. -->","yoast_head_json":{"title":"TVA redus la rumegu\u0219, pelete \u0219i brichete din lemn. ASFOR: o modificare necesar\u0103, dar nu suficient\u0103! - Covasna45","description":"\u00cen repetate r\u00e2nduri, ASFOR a subliniat necesitatea unei abord\u0103ri complete \u0219i unitare a legifer\u0103rii sectorului","robots":{"index":"index","follow":"follow","max-snippet":"max-snippet:-1","max-image-preview":"max-image-preview:large","max-video-preview":"max-video-preview:-1"},"canonical":"https:\/\/covasna45.ro\/index.php\/lumea-noastra\/a-fost-redusa-tva-de-la-19-la-5-pentru-rumegus-pelete-si-brichete-din-lemn\/","og_locale":"ro_RO","og_type":"article","og_title":"TVA redus la rumegu\u0219, pelete \u0219i brichete din lemn. ASFOR: o modificare necesar\u0103, dar nu suficient\u0103! - Covasna45","og_description":"\u00cen repetate r\u00e2nduri, ASFOR a subliniat necesitatea unei abord\u0103ri complete \u0219i unitare a legifer\u0103rii sectorului","og_url":"https:\/\/covasna45.ro\/index.php\/lumea-noastra\/a-fost-redusa-tva-de-la-19-la-5-pentru-rumegus-pelete-si-brichete-din-lemn\/","og_site_name":"Covasna45","article_published_time":"2023-07-14T07:41:00+00:00","article_modified_time":"2023-07-14T07:42:03+00:00","og_image":[{"width":1350,"height":900,"url":"https:\/\/covasna45.ro\/wp-content\/uploads\/2023\/07\/pelete.jpg","type":"image\/jpeg"}],"author":"Covasna45","twitter_card":"summary_large_image","twitter_misc":{"Scris de":"Covasna45","Timp estimat pentru citire":"3 minute"},"schema":{"@context":"https:\/\/schema.org","@graph":[{"@type":"Article","@id":"https:\/\/covasna45.ro\/index.php\/lumea-noastra\/a-fost-redusa-tva-de-la-19-la-5-pentru-rumegus-pelete-si-brichete-din-lemn\/#article","isPartOf":{"@id":"https:\/\/covasna45.ro\/index.php\/lumea-noastra\/a-fost-redusa-tva-de-la-19-la-5-pentru-rumegus-pelete-si-brichete-din-lemn\/"},"author":{"name":"Covasna45","@id":"https:\/\/covasna45.ro\/#\/schema\/person\/e674052bd7d95d70bbb007a1060ab73c"},"headline":"TVA redus la rumegu\u0219, pelete \u0219i brichete din lemn. ASFOR: o modificare necesar\u0103, dar nu suficient\u0103!","datePublished":"2023-07-14T07:41:00+00:00","dateModified":"2023-07-14T07:42:03+00:00","mainEntityOfPage":{"@id":"https:\/\/covasna45.ro\/index.php\/lumea-noastra\/a-fost-redusa-tva-de-la-19-la-5-pentru-rumegus-pelete-si-brichete-din-lemn\/"},"wordCount":591,"commentCount":0,"publisher":{"@id":"https:\/\/covasna45.ro\/#organization"},"image":{"@id":"https:\/\/covasna45.ro\/index.php\/lumea-noastra\/a-fost-redusa-tva-de-la-19-la-5-pentru-rumegus-pelete-si-brichete-din-lemn\/#primaryimage"},"thumbnailUrl":"https:\/\/covasna45.ro\/wp-content\/uploads\/2023\/07\/pelete.jpg","keywords":["ASFOR","Brichete","Lemn de foc","Pelete","TVA"],"articleSection":["Lumea noastr\u0103"],"inLanguage":"ro-RO","potentialAction":[{"@type":"CommentAction","name":"Comment","target":["https:\/\/covasna45.ro\/index.php\/lumea-noastra\/a-fost-redusa-tva-de-la-19-la-5-pentru-rumegus-pelete-si-brichete-din-lemn\/#respond"]}]},{"@type":"WebPage","@id":"https:\/\/covasna45.ro\/index.php\/lumea-noastra\/a-fost-redusa-tva-de-la-19-la-5-pentru-rumegus-pelete-si-brichete-din-lemn\/","url":"https:\/\/covasna45.ro\/index.php\/lumea-noastra\/a-fost-redusa-tva-de-la-19-la-5-pentru-rumegus-pelete-si-brichete-din-lemn\/","name":"TVA redus la rumegu\u0219, pelete \u0219i brichete din lemn. ASFOR: o modificare necesar\u0103, dar nu suficient\u0103! - Covasna45","isPartOf":{"@id":"https:\/\/covasna45.ro\/#website"},"primaryImageOfPage":{"@id":"https:\/\/covasna45.ro\/index.php\/lumea-noastra\/a-fost-redusa-tva-de-la-19-la-5-pentru-rumegus-pelete-si-brichete-din-lemn\/#primaryimage"},"image":{"@id":"https:\/\/covasna45.ro\/index.php\/lumea-noastra\/a-fost-redusa-tva-de-la-19-la-5-pentru-rumegus-pelete-si-brichete-din-lemn\/#primaryimage"},"thumbnailUrl":"https:\/\/covasna45.ro\/wp-content\/uploads\/2023\/07\/pelete.jpg","datePublished":"2023-07-14T07:41:00+00:00","dateModified":"2023-07-14T07:42:03+00:00","description":"\u00cen repetate r\u00e2nduri, ASFOR a subliniat necesitatea unei abord\u0103ri complete \u0219i unitare a legifer\u0103rii sectorului","breadcrumb":{"@id":"https:\/\/covasna45.ro\/index.php\/lumea-noastra\/a-fost-redusa-tva-de-la-19-la-5-pentru-rumegus-pelete-si-brichete-din-lemn\/#breadcrumb"},"inLanguage":"ro-RO","potentialAction":[{"@type":"ReadAction","target":["https:\/\/covasna45.ro\/index.php\/lumea-noastra\/a-fost-redusa-tva-de-la-19-la-5-pentru-rumegus-pelete-si-brichete-din-lemn\/"]}]},{"@type":"ImageObject","inLanguage":"ro-RO","@id":"https:\/\/covasna45.ro\/index.php\/lumea-noastra\/a-fost-redusa-tva-de-la-19-la-5-pentru-rumegus-pelete-si-brichete-din-lemn\/#primaryimage","url":"https:\/\/covasna45.ro\/wp-content\/uploads\/2023\/07\/pelete.jpg","contentUrl":"https:\/\/covasna45.ro\/wp-content\/uploads\/2023\/07\/pelete.jpg","width":1350,"height":900},{"@type":"BreadcrumbList","@id":"https:\/\/covasna45.ro\/index.php\/lumea-noastra\/a-fost-redusa-tva-de-la-19-la-5-pentru-rumegus-pelete-si-brichete-din-lemn\/#breadcrumb","itemListElement":[{"@type":"ListItem","position":1,"name":"Prima pagin\u0103","item":"https:\/\/covasna45.ro\/"},{"@type":"ListItem","position":2,"name":"TVA redus la rumegu\u0219, pelete \u0219i brichete din lemn. ASFOR: o modificare necesar\u0103, dar nu suficient\u0103!"}]},{"@type":"WebSite","@id":"https:\/\/covasna45.ro\/#website","url":"https:\/\/covasna45.ro\/","name":"covasna45.ro","description":"","publisher":{"@id":"https:\/\/covasna45.ro\/#organization"},"potentialAction":[{"@type":"SearchAction","target":{"@type":"EntryPoint","urlTemplate":"https:\/\/covasna45.ro\/?s={search_term_string}"},"query-input":{"@type":"PropertyValueSpecification","valueRequired":true,"valueName":"search_term_string"}}],"inLanguage":"ro-RO"},{"@type":"Organization","@id":"https:\/\/covasna45.ro\/#organization","name":"covasna45.ro","url":"https:\/\/covasna45.ro\/","logo":{"@type":"ImageObject","inLanguage":"ro-RO","@id":"https:\/\/covasna45.ro\/#\/schema\/logo\/image\/","url":"https:\/\/covasna45.ro\/wp-content\/uploads\/2023\/01\/icon_logo.png","contentUrl":"https:\/\/covasna45.ro\/wp-content\/uploads\/2023\/01\/icon_logo.png","width":1900,"height":1900,"caption":"covasna45.ro"},"image":{"@id":"https:\/\/covasna45.ro\/#\/schema\/logo\/image\/"}},{"@type":"Person","@id":"https:\/\/covasna45.ro\/#\/schema\/person\/e674052bd7d95d70bbb007a1060ab73c","name":"Covasna45","image":{"@type":"ImageObject","inLanguage":"ro-RO","@id":"https:\/\/covasna45.ro\/wp-content\/uploads\/2025\/10\/icon_logo_covasna45-150x150.png","url":"https:\/\/covasna45.ro\/wp-content\/uploads\/2025\/10\/icon_logo_covasna45-150x150.png","contentUrl":"https:\/\/covasna45.ro\/wp-content\/uploads\/2025\/10\/icon_logo_covasna45-150x150.png","caption":"Covasna45"},"sameAs":["https:\/\/covasna45.ro"],"url":"https:\/\/covasna45.ro\/index.php\/author\/covasna\/"}]}},"_links":{"self":[{"href":"https:\/\/covasna45.ro\/index.php\/wp-json\/wp\/v2\/posts\/2254","targetHints":{"allow":["GET"]}}],"collection":[{"href":"https:\/\/covasna45.ro\/index.php\/wp-json\/wp\/v2\/posts"}],"about":[{"href":"https:\/\/covasna45.ro\/index.php\/wp-json\/wp\/v2\/types\/post"}],"author":[{"embeddable":true,"href":"https:\/\/covasna45.ro\/index.php\/wp-json\/wp\/v2\/users\/1"}],"replies":[{"embeddable":true,"href":"https:\/\/covasna45.ro\/index.php\/wp-json\/wp\/v2\/comments?post=2254"}],"version-history":[{"count":2,"href":"https:\/\/covasna45.ro\/index.php\/wp-json\/wp\/v2\/posts\/2254\/revisions"}],"predecessor-version":[{"id":2258,"href":"https:\/\/covasna45.ro\/index.php\/wp-json\/wp\/v2\/posts\/2254\/revisions\/2258"}],"wp:featuredmedia":[{"embeddable":true,"href":"https:\/\/covasna45.ro\/index.php\/wp-json\/wp\/v2\/media\/2255"}],"wp:attachment":[{"href":"https:\/\/covasna45.ro\/index.php\/wp-json\/wp\/v2\/media?parent=2254"}],"wp:term":[{"taxonomy":"category","embeddable":true,"href":"https:\/\/covasna45.ro\/index.php\/wp-json\/wp\/v2\/categories?post=2254"},{"taxonomy":"post_tag","embeddable":true,"href":"https:\/\/covasna45.ro\/index.php\/wp-json\/wp\/v2\/tags?post=2254"}],"curies":[{"name":"wp","href":"https:\/\/api.w.org\/{rel}","templated":true}]}}