{"id":2259,"date":"2023-07-14T10:01:25","date_gmt":"2023-07-14T08:01:25","guid":{"rendered":"https:\/\/covasna45.ro\/?p=2259"},"modified":"2023-07-14T10:01:25","modified_gmt":"2023-07-14T08:01:25","slug":"rapid-vs-sepsi-osk-debut-de-foc-pentru-cristiano-bergodi","status":"publish","type":"post","link":"https:\/\/covasna45.ro\/index.php\/sport\/rapid-vs-sepsi-osk-debut-de-foc-pentru-cristiano-bergodi\/","title":{"rendered":"Rapid vs Sepsi OSK. Debut de foc pentru Cristiano Bergodi"},"content":{"rendered":"\n<p>Rapid \u015fi Sepsi OSK se \u00eent\u00e2lnesc \u00eentr-unul dintre cele mai importante meciuri din runda inaugural\u0103 a noii edi\u0163ii de campionat. Ambele echipe au ca obiectiv at\u00e2t accederea \u00een play-off, c\u00e2t \u015fi calificarea \u00een cupele europene.<\/p>\n\n\n\n<p>Rapid \u00eencepe sezonul cu un nou antrenor dup\u0103 ce Adrian Mutu a plecat la Neftchi Baku, \u00een Azerbaidjan. Acesta este Cristiano Bergodi, care a demisionat tocmai de la Sepsi.<\/p>\n\n\n\n<h2 class=\"wp-block-heading\">Rapid a f\u0103cut mai multe transferuri \u00een aceast\u0103 var\u0103.<\/h2>\n\n\n\n<p>Giule\u015ftenii s-au desp\u0103r\u0163it \u00een aceast\u0103 var\u0103 de Antonio Sefer, Ljuban Crepulja, Damien Dussaut, Hervin Ongenda, Kevin Luckassen \u015fi Claudiu Belu. I-au adus pe Iulian Cristea, R\u0103zvan Oaid\u0103 (ambii de la FCSB), Christopher Braun (de la CFR Cluj), Omar El Sawy (de la Csikszereda), C\u0103t\u0103lin C\u00eerjan (de la Arsenal) \u015fi Borja Valle ( de la Cartagena).<\/p>\n\n\n\n<p>Rapid a disputat patru partide amicale \u00een aceast\u0103 var\u0103. Un e\u015fec, 1-4 cu Slovan Bratislava, un rezultat de egalitate, 1-1 cu Dunajska Streda, \u015fi dou\u0103 victorii, 5-0 cu Raca \u015fi 1-0 Gyor (toate cu Adrian Mutu pe banc\u0103).<\/p>\n\n\n\n<h2 class=\"wp-block-heading\">Bergodi: \u201eNu va fi un meci special pentru mine.\u201d<\/h2>\n\n\n\n<p><strong><em>\u201eA\u015fa a fost s\u0103 fie, s\u0103 o \u00eent\u00e2lnesc pe Sepsi. Acum o lun\u0103 eram acolo, c\u00e2\u015ftigam cupa. Nu am emo\u0163ii, dar m\u0103 bucur c\u0103 \u00eent\u00e2lnesc fosta mea echip\u0103. Cunosc juc\u0103torii de aici. Am jucat anul trecut cu ei. Pe unii i-am \u015fi antrenat \u00een trecut\u201d,<\/em><\/strong> a declarat antrenorul celor de la Rapid, Cristiano Bergodi. Rapid a evoluat sezonul trecut \u00een play-off \u015fi a terminat campionatul pe locul 5.<\/p>\n\n\n\n<h2 class=\"wp-block-heading\">Sepsi OSK, o echip\u0103 cu moralul ridicat!<\/h2>\n\n\n\n<p>Sepsi OSK vine cu moralul ridicat \u00een Giule\u015fti dup\u0103 ce a c\u00e2\u015ftigat Supercupa Rom\u00e2nia, scor 1-0 cu Farul Constan\u0163a. A fost meciul de debut al noului antrenor, Liviu Ciobotariu, instalat \u00een locul demisionarului Cristiano Bergodi.<\/p>\n\n\n\n<p>Echipa din Sf. Gheorghe a renun\u0163at \u00een aceast\u0103 var\u0103 la Radoslav Dimitrov, R\u0103zvan Began, Enriko Papa, Alexandru Tudorie \u015fi Anass Achachbar, dar i-a adus pe Gabriel Debeljuh (CFR Cluj), Isnik Alimi (Qabala), Dinu Moldovan (Chindia), Vitalie Dama\u015fcan (Voluntari), Sherif Kallaku (Teuta), Darius Oroian (Steaua) \u015fi Bogdan Oteli\u0163\u0103 (Gloria Buz\u0103u).<\/p>\n\n\n\n<p>\u00cen meciurile amicale din aceast\u0103 var\u0103, Sepsi a bifat o victorie, 1-0 cu Zhytomyr, \u015fi dou\u0103 e\u015fecuri, 0-1 cu Ferencvaros \u015fi 1-3 cu CSKA 1948 Sofia.<\/p>\n\n\n\n<p><strong><em>\u201ePentru noi e al doilea joc oficial, e \u00eenceput de campionat, toate echipele \u00ee\u015fi doresc s\u0103 \u00eenceap\u0103 cu dreptul, e clar c\u0103 \u015fi noi viz\u0103m acest lucru. Juc\u0103m \u00een deplasare, cu Rapid, echip\u0103 care, din punctul meu de vedere, \u00een sezonul acesta se va bate la titlu\u201d,<\/em><\/strong> a declarat Liviu Ciobotariu, antrenorul lui Sepsi.<\/p>\n\n\n\n<p>Sepsi a evoluat sezonul trecut \u00een play-off \u015fi a terminat campionatul pe locul 6. A c\u00e2\u0219tigat Cupa Rom\u00e2niei. Pe 27 iulie &#8211; \u00een deplasare \u015fi, respectiv, 3 august &#8211; acas\u0103, va juca \u00een turul al doilea preliminar din Conference League cu CSKA Sofia.<\/p>\n","protected":false},"excerpt":{"rendered":"<p>Rapid \u015fi Sepsi OSK se \u00eent\u00e2lnesc \u00eentr-unul dintre cele mai importante meciuri din runda inaugural\u0103 a noii edi\u0163ii de campionat. Ambele echipe au ca obiectiv at\u00e2t accederea \u00een play-off, c\u00e2t \u015fi calificarea \u00een cupele europene. Rapid \u00eencepe sezonul cu un nou antrenor dup\u0103 ce Adrian Mutu a plecat la Neftchi Baku, \u00een Azerbaidjan. Acesta este [&hellip;]<\/p>\n","protected":false},"author":1,"featured_media":2260,"comment_status":"open","ping_status":"closed","sticky":false,"template":"","format":"standard","meta":{"tdm_status":"","tdm_grid_status":"","footnotes":""},"categories":[17],"tags":[395,60,575],"class_list":{"0":"post-2259","1":"post","2":"type-post","3":"status-publish","4":"format-standard","5":"has-post-thumbnail","7":"category-sport","8":"tag-rapid","9":"tag-sepsi-osk","10":"tag-superliga"},"yoast_head":"<!-- This site is optimized with the Yoast SEO plugin v27.5 - https:\/\/yoast.com\/product\/yoast-seo-wordpress\/ -->\n<title>Rapid vs Sepsi OSK. Debut de foc pentru Cristiano Bergodi - Covasna45<\/title>\n<meta name=\"description\" content=\"Rapid \u00eencepe sezonul cu un nou antrenor dup\u0103 ce Adrian Mutu a plecat la Neftchi Baku, \u00een Azerbaidjan. Acesta este Cristiano Bergodi.\" \/>\n<meta name=\"robots\" content=\"index, follow, max-snippet:-1, max-image-preview:large, max-video-preview:-1\" \/>\n<link rel=\"canonical\" href=\"https:\/\/covasna45.ro\/index.php\/sport\/rapid-vs-sepsi-osk-debut-de-foc-pentru-cristiano-bergodi\/\" \/>\n<meta property=\"og:locale\" content=\"ro_RO\" \/>\n<meta property=\"og:type\" content=\"article\" \/>\n<meta property=\"og:title\" content=\"Rapid vs Sepsi OSK. Debut de foc pentru Cristiano Bergodi - Covasna45\" \/>\n<meta property=\"og:description\" content=\"Rapid \u00eencepe sezonul cu un nou antrenor dup\u0103 ce Adrian Mutu a plecat la Neftchi Baku, \u00een Azerbaidjan. Acesta este Cristiano Bergodi.\" \/>\n<meta property=\"og:url\" content=\"https:\/\/covasna45.ro\/index.php\/sport\/rapid-vs-sepsi-osk-debut-de-foc-pentru-cristiano-bergodi\/\" \/>\n<meta property=\"og:site_name\" content=\"Covasna45\" \/>\n<meta property=\"article:published_time\" content=\"2023-07-14T08:01:25+00:00\" \/>\n<meta property=\"og:image\" content=\"https:\/\/covasna45.ro\/wp-content\/uploads\/2023\/07\/sepsi-16.jpg\" \/>\n\t<meta property=\"og:image:width\" content=\"2560\" \/>\n\t<meta property=\"og:image:height\" content=\"1707\" \/>\n\t<meta property=\"og:image:type\" content=\"image\/jpeg\" \/>\n<meta name=\"author\" content=\"Covasna45\" \/>\n<meta name=\"twitter:card\" content=\"summary_large_image\" \/>\n<meta name=\"twitter:label1\" content=\"Scris de\" \/>\n\t<meta name=\"twitter:data1\" content=\"Covasna45\" \/>\n\t<meta name=\"twitter:label2\" content=\"Timp estimat pentru citire\" \/>\n\t<meta name=\"twitter:data2\" content=\"3 minute\" \/>\n<script type=\"application\/ld+json\" class=\"yoast-schema-graph\">{\"@context\":\"https:\\\/\\\/schema.org\",\"@graph\":[{\"@type\":\"Article\",\"@id\":\"https:\\\/\\\/covasna45.ro\\\/index.php\\\/sport\\\/rapid-vs-sepsi-osk-debut-de-foc-pentru-cristiano-bergodi\\\/#article\",\"isPartOf\":{\"@id\":\"https:\\\/\\\/covasna45.ro\\\/index.php\\\/sport\\\/rapid-vs-sepsi-osk-debut-de-foc-pentru-cristiano-bergodi\\\/\"},\"author\":{\"name\":\"Covasna45\",\"@id\":\"https:\\\/\\\/covasna45.ro\\\/#\\\/schema\\\/person\\\/e674052bd7d95d70bbb007a1060ab73c\"},\"headline\":\"Rapid vs Sepsi OSK. Debut de foc pentru Cristiano Bergodi\",\"datePublished\":\"2023-07-14T08:01:25+00:00\",\"mainEntityOfPage\":{\"@id\":\"https:\\\/\\\/covasna45.ro\\\/index.php\\\/sport\\\/rapid-vs-sepsi-osk-debut-de-foc-pentru-cristiano-bergodi\\\/\"},\"wordCount\":493,\"commentCount\":0,\"publisher\":{\"@id\":\"https:\\\/\\\/covasna45.ro\\\/#organization\"},\"image\":{\"@id\":\"https:\\\/\\\/covasna45.ro\\\/index.php\\\/sport\\\/rapid-vs-sepsi-osk-debut-de-foc-pentru-cristiano-bergodi\\\/#primaryimage\"},\"thumbnailUrl\":\"https:\\\/\\\/covasna45.ro\\\/wp-content\\\/uploads\\\/2023\\\/07\\\/sepsi-16.jpg\",\"keywords\":[\"Rapid\",\"Sepsi OSK\",\"Superliga\"],\"articleSection\":[\"Sport\"],\"inLanguage\":\"ro-RO\",\"potentialAction\":[{\"@type\":\"CommentAction\",\"name\":\"Comment\",\"target\":[\"https:\\\/\\\/covasna45.ro\\\/index.php\\\/sport\\\/rapid-vs-sepsi-osk-debut-de-foc-pentru-cristiano-bergodi\\\/#respond\"]}]},{\"@type\":\"WebPage\",\"@id\":\"https:\\\/\\\/covasna45.ro\\\/index.php\\\/sport\\\/rapid-vs-sepsi-osk-debut-de-foc-pentru-cristiano-bergodi\\\/\",\"url\":\"https:\\\/\\\/covasna45.ro\\\/index.php\\\/sport\\\/rapid-vs-sepsi-osk-debut-de-foc-pentru-cristiano-bergodi\\\/\",\"name\":\"Rapid vs Sepsi OSK. Debut de foc pentru Cristiano Bergodi - Covasna45\",\"isPartOf\":{\"@id\":\"https:\\\/\\\/covasna45.ro\\\/#website\"},\"primaryImageOfPage\":{\"@id\":\"https:\\\/\\\/covasna45.ro\\\/index.php\\\/sport\\\/rapid-vs-sepsi-osk-debut-de-foc-pentru-cristiano-bergodi\\\/#primaryimage\"},\"image\":{\"@id\":\"https:\\\/\\\/covasna45.ro\\\/index.php\\\/sport\\\/rapid-vs-sepsi-osk-debut-de-foc-pentru-cristiano-bergodi\\\/#primaryimage\"},\"thumbnailUrl\":\"https:\\\/\\\/covasna45.ro\\\/wp-content\\\/uploads\\\/2023\\\/07\\\/sepsi-16.jpg\",\"datePublished\":\"2023-07-14T08:01:25+00:00\",\"description\":\"Rapid \u00eencepe sezonul cu un nou antrenor dup\u0103 ce Adrian Mutu a plecat la Neftchi Baku, \u00een Azerbaidjan. Acesta este Cristiano Bergodi.\",\"breadcrumb\":{\"@id\":\"https:\\\/\\\/covasna45.ro\\\/index.php\\\/sport\\\/rapid-vs-sepsi-osk-debut-de-foc-pentru-cristiano-bergodi\\\/#breadcrumb\"},\"inLanguage\":\"ro-RO\",\"potentialAction\":[{\"@type\":\"ReadAction\",\"target\":[\"https:\\\/\\\/covasna45.ro\\\/index.php\\\/sport\\\/rapid-vs-sepsi-osk-debut-de-foc-pentru-cristiano-bergodi\\\/\"]}]},{\"@type\":\"ImageObject\",\"inLanguage\":\"ro-RO\",\"@id\":\"https:\\\/\\\/covasna45.ro\\\/index.php\\\/sport\\\/rapid-vs-sepsi-osk-debut-de-foc-pentru-cristiano-bergodi\\\/#primaryimage\",\"url\":\"https:\\\/\\\/covasna45.ro\\\/wp-content\\\/uploads\\\/2023\\\/07\\\/sepsi-16.jpg\",\"contentUrl\":\"https:\\\/\\\/covasna45.ro\\\/wp-content\\\/uploads\\\/2023\\\/07\\\/sepsi-16.jpg\",\"width\":2560,\"height\":1707,\"caption\":\"Meciul de fotbal dintre Sepsi OSK Sfantu Gheorghe si FC Rapid Bucuresti, contand pentru SuperLiga, desfasurat pe Stadionul Municipal din Sfantu Gheorghe, sambata 27 august 2022. \u00a9 FOTO:Bogdan Balas\\\/SPORT PICTURES\"},{\"@type\":\"BreadcrumbList\",\"@id\":\"https:\\\/\\\/covasna45.ro\\\/index.php\\\/sport\\\/rapid-vs-sepsi-osk-debut-de-foc-pentru-cristiano-bergodi\\\/#breadcrumb\",\"itemListElement\":[{\"@type\":\"ListItem\",\"position\":1,\"name\":\"Prima pagin\u0103\",\"item\":\"https:\\\/\\\/covasna45.ro\\\/\"},{\"@type\":\"ListItem\",\"position\":2,\"name\":\"Rapid vs Sepsi OSK. Debut de foc pentru Cristiano Bergodi\"}]},{\"@type\":\"WebSite\",\"@id\":\"https:\\\/\\\/covasna45.ro\\\/#website\",\"url\":\"https:\\\/\\\/covasna45.ro\\\/\",\"name\":\"covasna45.ro\",\"description\":\"\",\"publisher\":{\"@id\":\"https:\\\/\\\/covasna45.ro\\\/#organization\"},\"potentialAction\":[{\"@type\":\"SearchAction\",\"target\":{\"@type\":\"EntryPoint\",\"urlTemplate\":\"https:\\\/\\\/covasna45.ro\\\/?s={search_term_string}\"},\"query-input\":{\"@type\":\"PropertyValueSpecification\",\"valueRequired\":true,\"valueName\":\"search_term_string\"}}],\"inLanguage\":\"ro-RO\"},{\"@type\":\"Organization\",\"@id\":\"https:\\\/\\\/covasna45.ro\\\/#organization\",\"name\":\"covasna45.ro\",\"url\":\"https:\\\/\\\/covasna45.ro\\\/\",\"logo\":{\"@type\":\"ImageObject\",\"inLanguage\":\"ro-RO\",\"@id\":\"https:\\\/\\\/covasna45.ro\\\/#\\\/schema\\\/logo\\\/image\\\/\",\"url\":\"https:\\\/\\\/covasna45.ro\\\/wp-content\\\/uploads\\\/2023\\\/01\\\/icon_logo.png\",\"contentUrl\":\"https:\\\/\\\/covasna45.ro\\\/wp-content\\\/uploads\\\/2023\\\/01\\\/icon_logo.png\",\"width\":1900,\"height\":1900,\"caption\":\"covasna45.ro\"},\"image\":{\"@id\":\"https:\\\/\\\/covasna45.ro\\\/#\\\/schema\\\/logo\\\/image\\\/\"}},{\"@type\":\"Person\",\"@id\":\"https:\\\/\\\/covasna45.ro\\\/#\\\/schema\\\/person\\\/e674052bd7d95d70bbb007a1060ab73c\",\"name\":\"Covasna45\",\"image\":{\"@type\":\"ImageObject\",\"inLanguage\":\"ro-RO\",\"@id\":\"https:\\\/\\\/covasna45.ro\\\/wp-content\\\/uploads\\\/2025\\\/10\\\/icon_logo_covasna45-150x150.png\",\"url\":\"https:\\\/\\\/covasna45.ro\\\/wp-content\\\/uploads\\\/2025\\\/10\\\/icon_logo_covasna45-150x150.png\",\"contentUrl\":\"https:\\\/\\\/covasna45.ro\\\/wp-content\\\/uploads\\\/2025\\\/10\\\/icon_logo_covasna45-150x150.png\",\"caption\":\"Covasna45\"},\"sameAs\":[\"https:\\\/\\\/covasna45.ro\"],\"url\":\"https:\\\/\\\/covasna45.ro\\\/index.php\\\/author\\\/covasna\\\/\"}]}<\/script>\n<!-- \/ Yoast SEO plugin. -->","yoast_head_json":{"title":"Rapid vs Sepsi OSK. Debut de foc pentru Cristiano Bergodi - Covasna45","description":"Rapid \u00eencepe sezonul cu un nou antrenor dup\u0103 ce Adrian Mutu a plecat la Neftchi Baku, \u00een Azerbaidjan. Acesta este Cristiano Bergodi.","robots":{"index":"index","follow":"follow","max-snippet":"max-snippet:-1","max-image-preview":"max-image-preview:large","max-video-preview":"max-video-preview:-1"},"canonical":"https:\/\/covasna45.ro\/index.php\/sport\/rapid-vs-sepsi-osk-debut-de-foc-pentru-cristiano-bergodi\/","og_locale":"ro_RO","og_type":"article","og_title":"Rapid vs Sepsi OSK. Debut de foc pentru Cristiano Bergodi - Covasna45","og_description":"Rapid \u00eencepe sezonul cu un nou antrenor dup\u0103 ce Adrian Mutu a plecat la Neftchi Baku, \u00een Azerbaidjan. Acesta este Cristiano Bergodi.","og_url":"https:\/\/covasna45.ro\/index.php\/sport\/rapid-vs-sepsi-osk-debut-de-foc-pentru-cristiano-bergodi\/","og_site_name":"Covasna45","article_published_time":"2023-07-14T08:01:25+00:00","og_image":[{"width":2560,"height":1707,"url":"https:\/\/covasna45.ro\/wp-content\/uploads\/2023\/07\/sepsi-16.jpg","type":"image\/jpeg"}],"author":"Covasna45","twitter_card":"summary_large_image","twitter_misc":{"Scris de":"Covasna45","Timp estimat pentru citire":"3 minute"},"schema":{"@context":"https:\/\/schema.org","@graph":[{"@type":"Article","@id":"https:\/\/covasna45.ro\/index.php\/sport\/rapid-vs-sepsi-osk-debut-de-foc-pentru-cristiano-bergodi\/#article","isPartOf":{"@id":"https:\/\/covasna45.ro\/index.php\/sport\/rapid-vs-sepsi-osk-debut-de-foc-pentru-cristiano-bergodi\/"},"author":{"name":"Covasna45","@id":"https:\/\/covasna45.ro\/#\/schema\/person\/e674052bd7d95d70bbb007a1060ab73c"},"headline":"Rapid vs Sepsi OSK. Debut de foc pentru Cristiano Bergodi","datePublished":"2023-07-14T08:01:25+00:00","mainEntityOfPage":{"@id":"https:\/\/covasna45.ro\/index.php\/sport\/rapid-vs-sepsi-osk-debut-de-foc-pentru-cristiano-bergodi\/"},"wordCount":493,"commentCount":0,"publisher":{"@id":"https:\/\/covasna45.ro\/#organization"},"image":{"@id":"https:\/\/covasna45.ro\/index.php\/sport\/rapid-vs-sepsi-osk-debut-de-foc-pentru-cristiano-bergodi\/#primaryimage"},"thumbnailUrl":"https:\/\/covasna45.ro\/wp-content\/uploads\/2023\/07\/sepsi-16.jpg","keywords":["Rapid","Sepsi OSK","Superliga"],"articleSection":["Sport"],"inLanguage":"ro-RO","potentialAction":[{"@type":"CommentAction","name":"Comment","target":["https:\/\/covasna45.ro\/index.php\/sport\/rapid-vs-sepsi-osk-debut-de-foc-pentru-cristiano-bergodi\/#respond"]}]},{"@type":"WebPage","@id":"https:\/\/covasna45.ro\/index.php\/sport\/rapid-vs-sepsi-osk-debut-de-foc-pentru-cristiano-bergodi\/","url":"https:\/\/covasna45.ro\/index.php\/sport\/rapid-vs-sepsi-osk-debut-de-foc-pentru-cristiano-bergodi\/","name":"Rapid vs Sepsi OSK. Debut de foc pentru Cristiano Bergodi - Covasna45","isPartOf":{"@id":"https:\/\/covasna45.ro\/#website"},"primaryImageOfPage":{"@id":"https:\/\/covasna45.ro\/index.php\/sport\/rapid-vs-sepsi-osk-debut-de-foc-pentru-cristiano-bergodi\/#primaryimage"},"image":{"@id":"https:\/\/covasna45.ro\/index.php\/sport\/rapid-vs-sepsi-osk-debut-de-foc-pentru-cristiano-bergodi\/#primaryimage"},"thumbnailUrl":"https:\/\/covasna45.ro\/wp-content\/uploads\/2023\/07\/sepsi-16.jpg","datePublished":"2023-07-14T08:01:25+00:00","description":"Rapid \u00eencepe sezonul cu un nou antrenor dup\u0103 ce Adrian Mutu a plecat la Neftchi Baku, \u00een Azerbaidjan. Acesta este Cristiano Bergodi.","breadcrumb":{"@id":"https:\/\/covasna45.ro\/index.php\/sport\/rapid-vs-sepsi-osk-debut-de-foc-pentru-cristiano-bergodi\/#breadcrumb"},"inLanguage":"ro-RO","potentialAction":[{"@type":"ReadAction","target":["https:\/\/covasna45.ro\/index.php\/sport\/rapid-vs-sepsi-osk-debut-de-foc-pentru-cristiano-bergodi\/"]}]},{"@type":"ImageObject","inLanguage":"ro-RO","@id":"https:\/\/covasna45.ro\/index.php\/sport\/rapid-vs-sepsi-osk-debut-de-foc-pentru-cristiano-bergodi\/#primaryimage","url":"https:\/\/covasna45.ro\/wp-content\/uploads\/2023\/07\/sepsi-16.jpg","contentUrl":"https:\/\/covasna45.ro\/wp-content\/uploads\/2023\/07\/sepsi-16.jpg","width":2560,"height":1707,"caption":"Meciul de fotbal dintre Sepsi OSK Sfantu Gheorghe si FC Rapid Bucuresti, contand pentru SuperLiga, desfasurat pe Stadionul Municipal din Sfantu Gheorghe, sambata 27 august 2022. \u00a9 FOTO:Bogdan Balas\/SPORT PICTURES"},{"@type":"BreadcrumbList","@id":"https:\/\/covasna45.ro\/index.php\/sport\/rapid-vs-sepsi-osk-debut-de-foc-pentru-cristiano-bergodi\/#breadcrumb","itemListElement":[{"@type":"ListItem","position":1,"name":"Prima pagin\u0103","item":"https:\/\/covasna45.ro\/"},{"@type":"ListItem","position":2,"name":"Rapid vs Sepsi OSK. Debut de foc pentru Cristiano Bergodi"}]},{"@type":"WebSite","@id":"https:\/\/covasna45.ro\/#website","url":"https:\/\/covasna45.ro\/","name":"covasna45.ro","description":"","publisher":{"@id":"https:\/\/covasna45.ro\/#organization"},"potentialAction":[{"@type":"SearchAction","target":{"@type":"EntryPoint","urlTemplate":"https:\/\/covasna45.ro\/?s={search_term_string}"},"query-input":{"@type":"PropertyValueSpecification","valueRequired":true,"valueName":"search_term_string"}}],"inLanguage":"ro-RO"},{"@type":"Organization","@id":"https:\/\/covasna45.ro\/#organization","name":"covasna45.ro","url":"https:\/\/covasna45.ro\/","logo":{"@type":"ImageObject","inLanguage":"ro-RO","@id":"https:\/\/covasna45.ro\/#\/schema\/logo\/image\/","url":"https:\/\/covasna45.ro\/wp-content\/uploads\/2023\/01\/icon_logo.png","contentUrl":"https:\/\/covasna45.ro\/wp-content\/uploads\/2023\/01\/icon_logo.png","width":1900,"height":1900,"caption":"covasna45.ro"},"image":{"@id":"https:\/\/covasna45.ro\/#\/schema\/logo\/image\/"}},{"@type":"Person","@id":"https:\/\/covasna45.ro\/#\/schema\/person\/e674052bd7d95d70bbb007a1060ab73c","name":"Covasna45","image":{"@type":"ImageObject","inLanguage":"ro-RO","@id":"https:\/\/covasna45.ro\/wp-content\/uploads\/2025\/10\/icon_logo_covasna45-150x150.png","url":"https:\/\/covasna45.ro\/wp-content\/uploads\/2025\/10\/icon_logo_covasna45-150x150.png","contentUrl":"https:\/\/covasna45.ro\/wp-content\/uploads\/2025\/10\/icon_logo_covasna45-150x150.png","caption":"Covasna45"},"sameAs":["https:\/\/covasna45.ro"],"url":"https:\/\/covasna45.ro\/index.php\/author\/covasna\/"}]}},"_links":{"self":[{"href":"https:\/\/covasna45.ro\/index.php\/wp-json\/wp\/v2\/posts\/2259","targetHints":{"allow":["GET"]}}],"collection":[{"href":"https:\/\/covasna45.ro\/index.php\/wp-json\/wp\/v2\/posts"}],"about":[{"href":"https:\/\/covasna45.ro\/index.php\/wp-json\/wp\/v2\/types\/post"}],"author":[{"embeddable":true,"href":"https:\/\/covasna45.ro\/index.php\/wp-json\/wp\/v2\/users\/1"}],"replies":[{"embeddable":true,"href":"https:\/\/covasna45.ro\/index.php\/wp-json\/wp\/v2\/comments?post=2259"}],"version-history":[{"count":1,"href":"https:\/\/covasna45.ro\/index.php\/wp-json\/wp\/v2\/posts\/2259\/revisions"}],"predecessor-version":[{"id":2261,"href":"https:\/\/covasna45.ro\/index.php\/wp-json\/wp\/v2\/posts\/2259\/revisions\/2261"}],"wp:featuredmedia":[{"embeddable":true,"href":"https:\/\/covasna45.ro\/index.php\/wp-json\/wp\/v2\/media\/2260"}],"wp:attachment":[{"href":"https:\/\/covasna45.ro\/index.php\/wp-json\/wp\/v2\/media?parent=2259"}],"wp:term":[{"taxonomy":"category","embeddable":true,"href":"https:\/\/covasna45.ro\/index.php\/wp-json\/wp\/v2\/categories?post=2259"},{"taxonomy":"post_tag","embeddable":true,"href":"https:\/\/covasna45.ro\/index.php\/wp-json\/wp\/v2\/tags?post=2259"}],"curies":[{"name":"wp","href":"https:\/\/api.w.org\/{rel}","templated":true}]}}