{"id":2265,"date":"2023-07-17T07:18:29","date_gmt":"2023-07-17T05:18:29","guid":{"rendered":"https:\/\/covasna45.ro\/?p=2265"},"modified":"2023-07-17T07:18:30","modified_gmt":"2023-07-17T05:18:30","slug":"viktor-orban-daca-americanii-ar-dori-maine-dimineata-ar-fi-pace","status":"publish","type":"post","link":"https:\/\/covasna45.ro\/index.php\/lumea-larga\/viktor-orban-daca-americanii-ar-dori-maine-dimineata-ar-fi-pace\/","title":{"rendered":"Viktor Orb\u00e1n: \u201eDac\u0103 americanii ar dori, m\u00e2ine diminea\u021b\u0103 ar fi pace\u201d"},"content":{"rendered":"\n<p><strong><em>\u201eR\u0103zboiul se va prelungi pentru c\u0103 marea majoritate a liderilor europeni nu doresc pacea\u201d,<\/em><\/strong> a spus premierul maghiar \u00eentr-un interviu la Radio Kossuth!<\/p>\n\n\n\n<p>El a mai spus c\u0103 nu ne putem a\u0219tepta ca lucrurile s\u0103 se redreseze de la sine atunci c\u00e2nd r\u0103zboiul se va termina. Trebuie s\u0103 lu\u0103m noi \u00een\u0219ine m\u0103suri care vor aduce infla\u021bia cu o singur\u0103 cifr\u0103 la sf\u00e2r\u0219itul anului.<\/p>\n\n\n\n<p>Potrivit lui Orb\u00e1n, astfel de m\u0103suri includ introducerea unui sistem de monitorizare a pre\u021burilor sau promovarea obligatorie a alimentelor.<br>Premierul a spus c\u0103 \u00een\u021belege c\u0103 ucrainenii se simt f\u0103r\u0103 speran\u021b\u0103 \u0219i, prin urmare, v\u0103d conflictul doar din punctul lor de vedere. <strong><em>\u201eDar trebuie s\u0103 fim aten\u021bi. Dac\u0103 am face ceea ce ne-a cerut pre\u0219edintele ucrainean, am fi deja \u00een al treilea r\u0103zboi mondial\u201d.<\/em><\/strong> Majoritatea membrilor NATO nu au vrut s\u0103 se implice \u00eentr-un al treilea r\u0103zboi mondial, a\u0219a c\u0103 nu au admis Ucraina. Cu aceasta, al treilea r\u0103zboi mondial a fost acum evitat, a spus Viktor Orb\u00e1n.<\/p>\n\n\n\n<h2 class=\"wp-block-heading\">Stilul de comunicare \u0219i contact al ucrainenilor este neobi\u0219nuit. <\/h2>\n\n\n\n<p>Sunt agresivi, exigen\u021bi \u0219i angaja\u021bi \u00een \u0219antaj moral, a explicat premierul. Ceea ce este important este c\u0103 pozi\u021bia ucrainenilor nu este acceptat\u0103 de comunitatea interna\u021bional\u0103. <strong><em>\u201eChiar \u0219i livr\u0103rile de arme ne pot trage \u00een r\u0103zboi. De fapt, nu ne-am apropiat nici m\u0103car cu un metru de pace<\/em><\/strong>. <strong><em>Exist\u0103 o escaladare a furniz\u0103rii de arme din ce \u00een ce mai moderne, cu raze de ac\u021biune din ce \u00een ce mai lungi\u201d,<\/em><\/strong> a subliniat el.<\/p>\n\n\n\n<p>\u00centre timp, mii de oameni mor. Prin urmare, pozi\u021bia guvernului ungar este c\u0103 este nevoie de o \u00eencetare imediat\u0103 a focului \u0219i de discu\u021bii de pace, a subliniat el. <strong><em>\u201eDac\u0103 americanii ar dori, m\u00e2ine diminea\u021b\u0103 ar fi pace, pentru c\u0103 Ucraina nu ar mai putea continua r\u0103zboiul pe cont propriu.\u201d<\/em><\/strong> El a ad\u0103ugat c\u0103 nimeni nu \u0219tie de ce nu se \u00eent\u00e2mpl\u0103 acest lucru \u0219i nu a primit un r\u0103spuns la aceast\u0103 \u00eentrebare la summitul NATO.<\/p>\n","protected":false},"excerpt":{"rendered":"<p>\u201eR\u0103zboiul se va prelungi pentru c\u0103 marea majoritate a liderilor europeni nu doresc pacea\u201d, a spus premierul maghiar \u00eentr-un interviu la Radio Kossuth! El a mai spus c\u0103 nu ne putem a\u0219tepta ca lucrurile s\u0103 se redreseze de la sine atunci c\u00e2nd r\u0103zboiul se va termina. Trebuie s\u0103 lu\u0103m noi \u00een\u0219ine m\u0103suri care vor aduce [&hellip;]<\/p>\n","protected":false},"author":1,"featured_media":2266,"comment_status":"open","ping_status":"closed","sticky":false,"template":"","format":"standard","meta":{"tdm_status":"","tdm_grid_status":"","footnotes":""},"categories":[10],"tags":[109,884,115,116,107],"class_list":{"0":"post-2265","1":"post","2":"type-post","3":"status-publish","4":"format-standard","5":"has-post-thumbnail","7":"category-lumea-larga","8":"tag-nato","9":"tag-pace","10":"tag-razboi","11":"tag-ucraina","12":"tag-viktor-orban-2"},"yoast_head":"<!-- This site is optimized with the Yoast SEO plugin v27.5 - https:\/\/yoast.com\/product\/yoast-seo-wordpress\/ -->\n<title>Viktor Orb\u00e1n: \u201eDac\u0103 americanii ar dori, m\u00e2ine diminea\u021b\u0103 ar fi pace\u201d - Covasna45<\/title>\n<meta name=\"description\" content=\"Potrivit lui Orb\u00e1n, astfel de m\u0103suri includ introducerea unui sistem de monitorizare a pre\u021burilor sau promovarea obligatorie a alimentelor.\" \/>\n<meta name=\"robots\" content=\"index, follow, max-snippet:-1, max-image-preview:large, max-video-preview:-1\" \/>\n<link rel=\"canonical\" href=\"https:\/\/covasna45.ro\/index.php\/lumea-larga\/viktor-orban-daca-americanii-ar-dori-maine-dimineata-ar-fi-pace\/\" \/>\n<meta property=\"og:locale\" content=\"ro_RO\" \/>\n<meta property=\"og:type\" content=\"article\" \/>\n<meta property=\"og:title\" content=\"Viktor Orb\u00e1n: \u201eDac\u0103 americanii ar dori, m\u00e2ine diminea\u021b\u0103 ar fi pace\u201d - Covasna45\" \/>\n<meta property=\"og:description\" content=\"Potrivit lui Orb\u00e1n, astfel de m\u0103suri includ introducerea unui sistem de monitorizare a pre\u021burilor sau promovarea obligatorie a alimentelor.\" \/>\n<meta property=\"og:url\" content=\"https:\/\/covasna45.ro\/index.php\/lumea-larga\/viktor-orban-daca-americanii-ar-dori-maine-dimineata-ar-fi-pace\/\" \/>\n<meta property=\"og:site_name\" content=\"Covasna45\" \/>\n<meta property=\"article:published_time\" content=\"2023-07-17T05:18:29+00:00\" \/>\n<meta property=\"article:modified_time\" content=\"2023-07-17T05:18:30+00:00\" \/>\n<meta property=\"og:image\" content=\"https:\/\/covasna45.ro\/wp-content\/uploads\/2023\/07\/orban-3.jpg\" \/>\n\t<meta property=\"og:image:width\" content=\"780\" \/>\n\t<meta property=\"og:image:height\" content=\"440\" \/>\n\t<meta property=\"og:image:type\" content=\"image\/jpeg\" \/>\n<meta name=\"author\" content=\"Covasna45\" \/>\n<meta name=\"twitter:card\" content=\"summary_large_image\" \/>\n<meta name=\"twitter:label1\" content=\"Scris de\" \/>\n\t<meta name=\"twitter:data1\" content=\"Covasna45\" \/>\n\t<meta name=\"twitter:label2\" content=\"Timp estimat pentru citire\" \/>\n\t<meta name=\"twitter:data2\" content=\"2 minute\" \/>\n<script type=\"application\/ld+json\" class=\"yoast-schema-graph\">{\"@context\":\"https:\\\/\\\/schema.org\",\"@graph\":[{\"@type\":\"Article\",\"@id\":\"https:\\\/\\\/covasna45.ro\\\/index.php\\\/lumea-larga\\\/viktor-orban-daca-americanii-ar-dori-maine-dimineata-ar-fi-pace\\\/#article\",\"isPartOf\":{\"@id\":\"https:\\\/\\\/covasna45.ro\\\/index.php\\\/lumea-larga\\\/viktor-orban-daca-americanii-ar-dori-maine-dimineata-ar-fi-pace\\\/\"},\"author\":{\"name\":\"Covasna45\",\"@id\":\"https:\\\/\\\/covasna45.ro\\\/#\\\/schema\\\/person\\\/e674052bd7d95d70bbb007a1060ab73c\"},\"headline\":\"Viktor Orb\u00e1n: \u201eDac\u0103 americanii ar dori, m\u00e2ine diminea\u021b\u0103 ar fi pace\u201d\",\"datePublished\":\"2023-07-17T05:18:29+00:00\",\"dateModified\":\"2023-07-17T05:18:30+00:00\",\"mainEntityOfPage\":{\"@id\":\"https:\\\/\\\/covasna45.ro\\\/index.php\\\/lumea-larga\\\/viktor-orban-daca-americanii-ar-dori-maine-dimineata-ar-fi-pace\\\/\"},\"wordCount\":371,\"commentCount\":1,\"publisher\":{\"@id\":\"https:\\\/\\\/covasna45.ro\\\/#organization\"},\"image\":{\"@id\":\"https:\\\/\\\/covasna45.ro\\\/index.php\\\/lumea-larga\\\/viktor-orban-daca-americanii-ar-dori-maine-dimineata-ar-fi-pace\\\/#primaryimage\"},\"thumbnailUrl\":\"https:\\\/\\\/covasna45.ro\\\/wp-content\\\/uploads\\\/2023\\\/07\\\/orban-3.jpg\",\"keywords\":[\"NATO\",\"PAce\",\"r\u0103zboi\",\"Ucraina\",\"Viktor Orb\u00e1n\"],\"articleSection\":[\"Lumea larg\u0103\"],\"inLanguage\":\"ro-RO\",\"potentialAction\":[{\"@type\":\"CommentAction\",\"name\":\"Comment\",\"target\":[\"https:\\\/\\\/covasna45.ro\\\/index.php\\\/lumea-larga\\\/viktor-orban-daca-americanii-ar-dori-maine-dimineata-ar-fi-pace\\\/#respond\"]}]},{\"@type\":\"WebPage\",\"@id\":\"https:\\\/\\\/covasna45.ro\\\/index.php\\\/lumea-larga\\\/viktor-orban-daca-americanii-ar-dori-maine-dimineata-ar-fi-pace\\\/\",\"url\":\"https:\\\/\\\/covasna45.ro\\\/index.php\\\/lumea-larga\\\/viktor-orban-daca-americanii-ar-dori-maine-dimineata-ar-fi-pace\\\/\",\"name\":\"Viktor Orb\u00e1n: \u201eDac\u0103 americanii ar dori, m\u00e2ine diminea\u021b\u0103 ar fi pace\u201d - Covasna45\",\"isPartOf\":{\"@id\":\"https:\\\/\\\/covasna45.ro\\\/#website\"},\"primaryImageOfPage\":{\"@id\":\"https:\\\/\\\/covasna45.ro\\\/index.php\\\/lumea-larga\\\/viktor-orban-daca-americanii-ar-dori-maine-dimineata-ar-fi-pace\\\/#primaryimage\"},\"image\":{\"@id\":\"https:\\\/\\\/covasna45.ro\\\/index.php\\\/lumea-larga\\\/viktor-orban-daca-americanii-ar-dori-maine-dimineata-ar-fi-pace\\\/#primaryimage\"},\"thumbnailUrl\":\"https:\\\/\\\/covasna45.ro\\\/wp-content\\\/uploads\\\/2023\\\/07\\\/orban-3.jpg\",\"datePublished\":\"2023-07-17T05:18:29+00:00\",\"dateModified\":\"2023-07-17T05:18:30+00:00\",\"description\":\"Potrivit lui Orb\u00e1n, astfel de m\u0103suri includ introducerea unui sistem de monitorizare a pre\u021burilor sau promovarea obligatorie a alimentelor.\",\"breadcrumb\":{\"@id\":\"https:\\\/\\\/covasna45.ro\\\/index.php\\\/lumea-larga\\\/viktor-orban-daca-americanii-ar-dori-maine-dimineata-ar-fi-pace\\\/#breadcrumb\"},\"inLanguage\":\"ro-RO\",\"potentialAction\":[{\"@type\":\"ReadAction\",\"target\":[\"https:\\\/\\\/covasna45.ro\\\/index.php\\\/lumea-larga\\\/viktor-orban-daca-americanii-ar-dori-maine-dimineata-ar-fi-pace\\\/\"]}]},{\"@type\":\"ImageObject\",\"inLanguage\":\"ro-RO\",\"@id\":\"https:\\\/\\\/covasna45.ro\\\/index.php\\\/lumea-larga\\\/viktor-orban-daca-americanii-ar-dori-maine-dimineata-ar-fi-pace\\\/#primaryimage\",\"url\":\"https:\\\/\\\/covasna45.ro\\\/wp-content\\\/uploads\\\/2023\\\/07\\\/orban-3.jpg\",\"contentUrl\":\"https:\\\/\\\/covasna45.ro\\\/wp-content\\\/uploads\\\/2023\\\/07\\\/orban-3.jpg\",\"width\":780,\"height\":440},{\"@type\":\"BreadcrumbList\",\"@id\":\"https:\\\/\\\/covasna45.ro\\\/index.php\\\/lumea-larga\\\/viktor-orban-daca-americanii-ar-dori-maine-dimineata-ar-fi-pace\\\/#breadcrumb\",\"itemListElement\":[{\"@type\":\"ListItem\",\"position\":1,\"name\":\"Prima pagin\u0103\",\"item\":\"https:\\\/\\\/covasna45.ro\\\/\"},{\"@type\":\"ListItem\",\"position\":2,\"name\":\"Viktor Orb\u00e1n: \u201eDac\u0103 americanii ar dori, m\u00e2ine diminea\u021b\u0103 ar fi pace\u201d\"}]},{\"@type\":\"WebSite\",\"@id\":\"https:\\\/\\\/covasna45.ro\\\/#website\",\"url\":\"https:\\\/\\\/covasna45.ro\\\/\",\"name\":\"covasna45.ro\",\"description\":\"\",\"publisher\":{\"@id\":\"https:\\\/\\\/covasna45.ro\\\/#organization\"},\"potentialAction\":[{\"@type\":\"SearchAction\",\"target\":{\"@type\":\"EntryPoint\",\"urlTemplate\":\"https:\\\/\\\/covasna45.ro\\\/?s={search_term_string}\"},\"query-input\":{\"@type\":\"PropertyValueSpecification\",\"valueRequired\":true,\"valueName\":\"search_term_string\"}}],\"inLanguage\":\"ro-RO\"},{\"@type\":\"Organization\",\"@id\":\"https:\\\/\\\/covasna45.ro\\\/#organization\",\"name\":\"covasna45.ro\",\"url\":\"https:\\\/\\\/covasna45.ro\\\/\",\"logo\":{\"@type\":\"ImageObject\",\"inLanguage\":\"ro-RO\",\"@id\":\"https:\\\/\\\/covasna45.ro\\\/#\\\/schema\\\/logo\\\/image\\\/\",\"url\":\"https:\\\/\\\/covasna45.ro\\\/wp-content\\\/uploads\\\/2023\\\/01\\\/icon_logo.png\",\"contentUrl\":\"https:\\\/\\\/covasna45.ro\\\/wp-content\\\/uploads\\\/2023\\\/01\\\/icon_logo.png\",\"width\":1900,\"height\":1900,\"caption\":\"covasna45.ro\"},\"image\":{\"@id\":\"https:\\\/\\\/covasna45.ro\\\/#\\\/schema\\\/logo\\\/image\\\/\"}},{\"@type\":\"Person\",\"@id\":\"https:\\\/\\\/covasna45.ro\\\/#\\\/schema\\\/person\\\/e674052bd7d95d70bbb007a1060ab73c\",\"name\":\"Covasna45\",\"image\":{\"@type\":\"ImageObject\",\"inLanguage\":\"ro-RO\",\"@id\":\"https:\\\/\\\/covasna45.ro\\\/wp-content\\\/uploads\\\/2025\\\/10\\\/icon_logo_covasna45-150x150.png\",\"url\":\"https:\\\/\\\/covasna45.ro\\\/wp-content\\\/uploads\\\/2025\\\/10\\\/icon_logo_covasna45-150x150.png\",\"contentUrl\":\"https:\\\/\\\/covasna45.ro\\\/wp-content\\\/uploads\\\/2025\\\/10\\\/icon_logo_covasna45-150x150.png\",\"caption\":\"Covasna45\"},\"sameAs\":[\"https:\\\/\\\/covasna45.ro\"],\"url\":\"https:\\\/\\\/covasna45.ro\\\/index.php\\\/author\\\/covasna\\\/\"}]}<\/script>\n<!-- \/ Yoast SEO plugin. -->","yoast_head_json":{"title":"Viktor Orb\u00e1n: \u201eDac\u0103 americanii ar dori, m\u00e2ine diminea\u021b\u0103 ar fi pace\u201d - Covasna45","description":"Potrivit lui Orb\u00e1n, astfel de m\u0103suri includ introducerea unui sistem de monitorizare a pre\u021burilor sau promovarea obligatorie a alimentelor.","robots":{"index":"index","follow":"follow","max-snippet":"max-snippet:-1","max-image-preview":"max-image-preview:large","max-video-preview":"max-video-preview:-1"},"canonical":"https:\/\/covasna45.ro\/index.php\/lumea-larga\/viktor-orban-daca-americanii-ar-dori-maine-dimineata-ar-fi-pace\/","og_locale":"ro_RO","og_type":"article","og_title":"Viktor Orb\u00e1n: \u201eDac\u0103 americanii ar dori, m\u00e2ine diminea\u021b\u0103 ar fi pace\u201d - Covasna45","og_description":"Potrivit lui Orb\u00e1n, astfel de m\u0103suri includ introducerea unui sistem de monitorizare a pre\u021burilor sau promovarea obligatorie a alimentelor.","og_url":"https:\/\/covasna45.ro\/index.php\/lumea-larga\/viktor-orban-daca-americanii-ar-dori-maine-dimineata-ar-fi-pace\/","og_site_name":"Covasna45","article_published_time":"2023-07-17T05:18:29+00:00","article_modified_time":"2023-07-17T05:18:30+00:00","og_image":[{"width":780,"height":440,"url":"https:\/\/covasna45.ro\/wp-content\/uploads\/2023\/07\/orban-3.jpg","type":"image\/jpeg"}],"author":"Covasna45","twitter_card":"summary_large_image","twitter_misc":{"Scris de":"Covasna45","Timp estimat pentru citire":"2 minute"},"schema":{"@context":"https:\/\/schema.org","@graph":[{"@type":"Article","@id":"https:\/\/covasna45.ro\/index.php\/lumea-larga\/viktor-orban-daca-americanii-ar-dori-maine-dimineata-ar-fi-pace\/#article","isPartOf":{"@id":"https:\/\/covasna45.ro\/index.php\/lumea-larga\/viktor-orban-daca-americanii-ar-dori-maine-dimineata-ar-fi-pace\/"},"author":{"name":"Covasna45","@id":"https:\/\/covasna45.ro\/#\/schema\/person\/e674052bd7d95d70bbb007a1060ab73c"},"headline":"Viktor Orb\u00e1n: \u201eDac\u0103 americanii ar dori, m\u00e2ine diminea\u021b\u0103 ar fi pace\u201d","datePublished":"2023-07-17T05:18:29+00:00","dateModified":"2023-07-17T05:18:30+00:00","mainEntityOfPage":{"@id":"https:\/\/covasna45.ro\/index.php\/lumea-larga\/viktor-orban-daca-americanii-ar-dori-maine-dimineata-ar-fi-pace\/"},"wordCount":371,"commentCount":1,"publisher":{"@id":"https:\/\/covasna45.ro\/#organization"},"image":{"@id":"https:\/\/covasna45.ro\/index.php\/lumea-larga\/viktor-orban-daca-americanii-ar-dori-maine-dimineata-ar-fi-pace\/#primaryimage"},"thumbnailUrl":"https:\/\/covasna45.ro\/wp-content\/uploads\/2023\/07\/orban-3.jpg","keywords":["NATO","PAce","r\u0103zboi","Ucraina","Viktor Orb\u00e1n"],"articleSection":["Lumea larg\u0103"],"inLanguage":"ro-RO","potentialAction":[{"@type":"CommentAction","name":"Comment","target":["https:\/\/covasna45.ro\/index.php\/lumea-larga\/viktor-orban-daca-americanii-ar-dori-maine-dimineata-ar-fi-pace\/#respond"]}]},{"@type":"WebPage","@id":"https:\/\/covasna45.ro\/index.php\/lumea-larga\/viktor-orban-daca-americanii-ar-dori-maine-dimineata-ar-fi-pace\/","url":"https:\/\/covasna45.ro\/index.php\/lumea-larga\/viktor-orban-daca-americanii-ar-dori-maine-dimineata-ar-fi-pace\/","name":"Viktor Orb\u00e1n: \u201eDac\u0103 americanii ar dori, m\u00e2ine diminea\u021b\u0103 ar fi pace\u201d - Covasna45","isPartOf":{"@id":"https:\/\/covasna45.ro\/#website"},"primaryImageOfPage":{"@id":"https:\/\/covasna45.ro\/index.php\/lumea-larga\/viktor-orban-daca-americanii-ar-dori-maine-dimineata-ar-fi-pace\/#primaryimage"},"image":{"@id":"https:\/\/covasna45.ro\/index.php\/lumea-larga\/viktor-orban-daca-americanii-ar-dori-maine-dimineata-ar-fi-pace\/#primaryimage"},"thumbnailUrl":"https:\/\/covasna45.ro\/wp-content\/uploads\/2023\/07\/orban-3.jpg","datePublished":"2023-07-17T05:18:29+00:00","dateModified":"2023-07-17T05:18:30+00:00","description":"Potrivit lui Orb\u00e1n, astfel de m\u0103suri includ introducerea unui sistem de monitorizare a pre\u021burilor sau promovarea obligatorie a alimentelor.","breadcrumb":{"@id":"https:\/\/covasna45.ro\/index.php\/lumea-larga\/viktor-orban-daca-americanii-ar-dori-maine-dimineata-ar-fi-pace\/#breadcrumb"},"inLanguage":"ro-RO","potentialAction":[{"@type":"ReadAction","target":["https:\/\/covasna45.ro\/index.php\/lumea-larga\/viktor-orban-daca-americanii-ar-dori-maine-dimineata-ar-fi-pace\/"]}]},{"@type":"ImageObject","inLanguage":"ro-RO","@id":"https:\/\/covasna45.ro\/index.php\/lumea-larga\/viktor-orban-daca-americanii-ar-dori-maine-dimineata-ar-fi-pace\/#primaryimage","url":"https:\/\/covasna45.ro\/wp-content\/uploads\/2023\/07\/orban-3.jpg","contentUrl":"https:\/\/covasna45.ro\/wp-content\/uploads\/2023\/07\/orban-3.jpg","width":780,"height":440},{"@type":"BreadcrumbList","@id":"https:\/\/covasna45.ro\/index.php\/lumea-larga\/viktor-orban-daca-americanii-ar-dori-maine-dimineata-ar-fi-pace\/#breadcrumb","itemListElement":[{"@type":"ListItem","position":1,"name":"Prima pagin\u0103","item":"https:\/\/covasna45.ro\/"},{"@type":"ListItem","position":2,"name":"Viktor Orb\u00e1n: \u201eDac\u0103 americanii ar dori, m\u00e2ine diminea\u021b\u0103 ar fi pace\u201d"}]},{"@type":"WebSite","@id":"https:\/\/covasna45.ro\/#website","url":"https:\/\/covasna45.ro\/","name":"covasna45.ro","description":"","publisher":{"@id":"https:\/\/covasna45.ro\/#organization"},"potentialAction":[{"@type":"SearchAction","target":{"@type":"EntryPoint","urlTemplate":"https:\/\/covasna45.ro\/?s={search_term_string}"},"query-input":{"@type":"PropertyValueSpecification","valueRequired":true,"valueName":"search_term_string"}}],"inLanguage":"ro-RO"},{"@type":"Organization","@id":"https:\/\/covasna45.ro\/#organization","name":"covasna45.ro","url":"https:\/\/covasna45.ro\/","logo":{"@type":"ImageObject","inLanguage":"ro-RO","@id":"https:\/\/covasna45.ro\/#\/schema\/logo\/image\/","url":"https:\/\/covasna45.ro\/wp-content\/uploads\/2023\/01\/icon_logo.png","contentUrl":"https:\/\/covasna45.ro\/wp-content\/uploads\/2023\/01\/icon_logo.png","width":1900,"height":1900,"caption":"covasna45.ro"},"image":{"@id":"https:\/\/covasna45.ro\/#\/schema\/logo\/image\/"}},{"@type":"Person","@id":"https:\/\/covasna45.ro\/#\/schema\/person\/e674052bd7d95d70bbb007a1060ab73c","name":"Covasna45","image":{"@type":"ImageObject","inLanguage":"ro-RO","@id":"https:\/\/covasna45.ro\/wp-content\/uploads\/2025\/10\/icon_logo_covasna45-150x150.png","url":"https:\/\/covasna45.ro\/wp-content\/uploads\/2025\/10\/icon_logo_covasna45-150x150.png","contentUrl":"https:\/\/covasna45.ro\/wp-content\/uploads\/2025\/10\/icon_logo_covasna45-150x150.png","caption":"Covasna45"},"sameAs":["https:\/\/covasna45.ro"],"url":"https:\/\/covasna45.ro\/index.php\/author\/covasna\/"}]}},"_links":{"self":[{"href":"https:\/\/covasna45.ro\/index.php\/wp-json\/wp\/v2\/posts\/2265","targetHints":{"allow":["GET"]}}],"collection":[{"href":"https:\/\/covasna45.ro\/index.php\/wp-json\/wp\/v2\/posts"}],"about":[{"href":"https:\/\/covasna45.ro\/index.php\/wp-json\/wp\/v2\/types\/post"}],"author":[{"embeddable":true,"href":"https:\/\/covasna45.ro\/index.php\/wp-json\/wp\/v2\/users\/1"}],"replies":[{"embeddable":true,"href":"https:\/\/covasna45.ro\/index.php\/wp-json\/wp\/v2\/comments?post=2265"}],"version-history":[{"count":1,"href":"https:\/\/covasna45.ro\/index.php\/wp-json\/wp\/v2\/posts\/2265\/revisions"}],"predecessor-version":[{"id":2267,"href":"https:\/\/covasna45.ro\/index.php\/wp-json\/wp\/v2\/posts\/2265\/revisions\/2267"}],"wp:featuredmedia":[{"embeddable":true,"href":"https:\/\/covasna45.ro\/index.php\/wp-json\/wp\/v2\/media\/2266"}],"wp:attachment":[{"href":"https:\/\/covasna45.ro\/index.php\/wp-json\/wp\/v2\/media?parent=2265"}],"wp:term":[{"taxonomy":"category","embeddable":true,"href":"https:\/\/covasna45.ro\/index.php\/wp-json\/wp\/v2\/categories?post=2265"},{"taxonomy":"post_tag","embeddable":true,"href":"https:\/\/covasna45.ro\/index.php\/wp-json\/wp\/v2\/tags?post=2265"}],"curies":[{"name":"wp","href":"https:\/\/api.w.org\/{rel}","templated":true}]}}