{"id":2332,"date":"2023-07-24T15:39:12","date_gmt":"2023-07-24T13:39:12","guid":{"rendered":"https:\/\/covasna45.ro\/?p=2332"},"modified":"2023-07-24T15:39:13","modified_gmt":"2023-07-24T13:39:13","slug":"ungaria-tot-mai-aproape-de-a-avea-acces-la-mare-prin-trieste","status":"publish","type":"post","link":"https:\/\/covasna45.ro\/index.php\/lumea-larga\/ungaria-tot-mai-aproape-de-a-avea-acces-la-mare-prin-trieste\/","title":{"rendered":"Ungaria, tot mai aproape de a avea acces la mare prin Trieste"},"content":{"rendered":"\n<p>Autoritatea competent\u0103 din Ungaria a aprobat crearea unui chei pe terminalul de\u021binut de maghiar, aduc\u00e2nd Ungaria cu un pas mai aproape de realizarea planurilor sale privind Portul Trieste. Companiile maghiare \u00eel vor putea folosi din 2026, potrivit Index.hu.<\/p>\n\n\n\n<p>Planurile de fezabilitate tehnic\u0103 \u0219i economic\u0103 pentru realizarea unui chei pe terminalul de\u021binut de statul maghiar au fost aprobate de autoritatea portuar\u0103 Trieste.<\/p>\n\n\n\n<h2 class=\"wp-block-heading\">\u00cen paralel, a \u00eenceput evaluarea lucr\u0103rilor de licita\u021bie pentru cheiul din Trieste.<\/h2>\n\n\n\n<p>\u00cen viitorul apropiat se poate decide cui va fi \u00eencredin\u021bat\u0103 construc\u021bia, noteaz\u0103 sursa citat\u0103.<\/p>\n\n\n\n<p>Sarcina principal\u0103 a companiei c\u00e2\u0219tig\u0103toare va fi s\u0103 fac\u0103 canalul navigabil. \u00cen plus, prima faz\u0103 a proiectului va include o solu\u021bie de conectare a canalului la re\u021beaua de drumuri. Se estimeaz\u0103 c\u0103 va costa 45 de milioane de euro. <\/p>\n\n\n\n<p>Guvernul ungar a reu\u0219it s\u0103 achizi\u021bioneze terminalul portuar din Trieste din ianuarie 2021 \u0219i. \u00cen 2019, a oferit 11,2 miliarde de euro c\u0103tre Adria Port, compania care va dezvolta portul.<\/p>\n\n\n\n<h2 class=\"wp-block-heading\">Adria Port Inc. este o companie de\u021binut\u0103 100% de statul maghiar. <\/h2>\n\n\n\n<p>Misiunea Portului Adria este de a implementa proiectul de dezvoltare portuar\u0103 al Ungariei \u00een portul Trieste, Italia, promov\u00e2nd astfel comer\u021bul exterior al Ungariei, dezvolt\u00e2nd re\u021beaua logistic\u0103 \u00een beneficiul economiei maghiare \u0219i contribuind la dezvoltarea economic\u0103 durabil\u0103.<\/p>\n\n\n\n<p>Terminalul a fost folosit anterior de rafin\u0103ria de petrol Aquila pentru rafinarea \u0219i manipularea hidrocarburilor. Dar \u00een ultimii ani a ajuns \u00een paragin\u0103. P\u00e9ter Szijj\u00e1rt\u00f3, ministrul Afacerilor Externe \u0219i Comer\u021bului, a declarat la sf\u00e2r\u0219itul anului trecut c\u0103 <strong><em>\u201efirmele maghiare vor putea folosi terminalul portuar din Trieste pentru activit\u0103\u021bile lor de export din 2026&#8243;.<\/em><\/strong><\/p>\n\n\n\n<p>Italia a primit deja 45 de milioane de euro din fondul de recuperare pentru a dezvolta por\u021biunea de coast\u0103. Costurile de dragare a fundului m\u0103rii ar putea fi, de asemenea, acoperite din aceast\u0103 sum\u0103.<\/p>\n","protected":false},"excerpt":{"rendered":"<p>Autoritatea competent\u0103 din Ungaria a aprobat crearea unui chei pe terminalul de\u021binut de maghiar, aduc\u00e2nd Ungaria cu un pas mai aproape de realizarea planurilor sale privind Portul Trieste. Companiile maghiare \u00eel vor putea folosi din 2026, potrivit Index.hu. Planurile de fezabilitate tehnic\u0103 \u0219i economic\u0103 pentru realizarea unui chei pe terminalul de\u021binut de statul maghiar au [&hellip;]<\/p>\n","protected":false},"author":1,"featured_media":2333,"comment_status":"open","ping_status":"closed","sticky":false,"template":"","format":"standard","meta":{"tdm_status":"","tdm_grid_status":"","footnotes":""},"categories":[10],"tags":[75,920,919,108],"class_list":{"0":"post-2332","1":"post","2":"type-post","3":"status-publish","4":"format-standard","5":"has-post-thumbnail","7":"category-lumea-larga","8":"tag-italia","9":"tag-port","10":"tag-trieste","11":"tag-ungaria"},"yoast_head":"<!-- This site is optimized with the Yoast SEO plugin v27.5 - https:\/\/yoast.com\/product\/yoast-seo-wordpress\/ -->\n<title>Ungaria, tot mai aproape de a avea acces la mare prin Trieste - Covasna45<\/title>\n<meta name=\"description\" content=\"\u00cen paralel, a \u00eenceput evaluarea lucr\u0103rilor de licita\u021bie pentru cheiul din Trieste. \u00cen viitorul apropiat se poate decide\" \/>\n<meta name=\"robots\" content=\"index, follow, max-snippet:-1, max-image-preview:large, max-video-preview:-1\" \/>\n<link rel=\"canonical\" href=\"https:\/\/covasna45.ro\/index.php\/lumea-larga\/ungaria-tot-mai-aproape-de-a-avea-acces-la-mare-prin-trieste\/\" \/>\n<meta property=\"og:locale\" content=\"ro_RO\" \/>\n<meta property=\"og:type\" content=\"article\" \/>\n<meta property=\"og:title\" content=\"Ungaria, tot mai aproape de a avea acces la mare prin Trieste - Covasna45\" \/>\n<meta property=\"og:description\" content=\"\u00cen paralel, a \u00eenceput evaluarea lucr\u0103rilor de licita\u021bie pentru cheiul din Trieste. \u00cen viitorul apropiat se poate decide\" \/>\n<meta property=\"og:url\" content=\"https:\/\/covasna45.ro\/index.php\/lumea-larga\/ungaria-tot-mai-aproape-de-a-avea-acces-la-mare-prin-trieste\/\" \/>\n<meta property=\"og:site_name\" content=\"Covasna45\" \/>\n<meta property=\"article:published_time\" content=\"2023-07-24T13:39:12+00:00\" \/>\n<meta property=\"article:modified_time\" content=\"2023-07-24T13:39:13+00:00\" \/>\n<meta property=\"og:image\" content=\"https:\/\/covasna45.ro\/wp-content\/uploads\/2023\/07\/trieste-port-italia-si-ungaria.jpg\" \/>\n\t<meta property=\"og:image:width\" content=\"2048\" \/>\n\t<meta property=\"og:image:height\" content=\"1153\" \/>\n\t<meta property=\"og:image:type\" content=\"image\/jpeg\" \/>\n<meta name=\"author\" content=\"Covasna45\" \/>\n<meta name=\"twitter:card\" content=\"summary_large_image\" \/>\n<meta name=\"twitter:label1\" content=\"Scris de\" \/>\n\t<meta name=\"twitter:data1\" content=\"Covasna45\" \/>\n\t<meta name=\"twitter:label2\" content=\"Timp estimat pentru citire\" \/>\n\t<meta name=\"twitter:data2\" content=\"2 minute\" \/>\n<script type=\"application\/ld+json\" class=\"yoast-schema-graph\">{\"@context\":\"https:\\\/\\\/schema.org\",\"@graph\":[{\"@type\":\"Article\",\"@id\":\"https:\\\/\\\/covasna45.ro\\\/index.php\\\/lumea-larga\\\/ungaria-tot-mai-aproape-de-a-avea-acces-la-mare-prin-trieste\\\/#article\",\"isPartOf\":{\"@id\":\"https:\\\/\\\/covasna45.ro\\\/index.php\\\/lumea-larga\\\/ungaria-tot-mai-aproape-de-a-avea-acces-la-mare-prin-trieste\\\/\"},\"author\":{\"name\":\"Covasna45\",\"@id\":\"https:\\\/\\\/covasna45.ro\\\/#\\\/schema\\\/person\\\/e674052bd7d95d70bbb007a1060ab73c\"},\"headline\":\"Ungaria, tot mai aproape de a avea acces la mare prin Trieste\",\"datePublished\":\"2023-07-24T13:39:12+00:00\",\"dateModified\":\"2023-07-24T13:39:13+00:00\",\"mainEntityOfPage\":{\"@id\":\"https:\\\/\\\/covasna45.ro\\\/index.php\\\/lumea-larga\\\/ungaria-tot-mai-aproape-de-a-avea-acces-la-mare-prin-trieste\\\/\"},\"wordCount\":323,\"commentCount\":0,\"publisher\":{\"@id\":\"https:\\\/\\\/covasna45.ro\\\/#organization\"},\"image\":{\"@id\":\"https:\\\/\\\/covasna45.ro\\\/index.php\\\/lumea-larga\\\/ungaria-tot-mai-aproape-de-a-avea-acces-la-mare-prin-trieste\\\/#primaryimage\"},\"thumbnailUrl\":\"https:\\\/\\\/covasna45.ro\\\/wp-content\\\/uploads\\\/2023\\\/07\\\/trieste-port-italia-si-ungaria.jpg\",\"keywords\":[\"Italia\",\"Port\",\"Trieste\",\"Ungaria\"],\"articleSection\":[\"Lumea larg\u0103\"],\"inLanguage\":\"ro-RO\",\"potentialAction\":[{\"@type\":\"CommentAction\",\"name\":\"Comment\",\"target\":[\"https:\\\/\\\/covasna45.ro\\\/index.php\\\/lumea-larga\\\/ungaria-tot-mai-aproape-de-a-avea-acces-la-mare-prin-trieste\\\/#respond\"]}]},{\"@type\":\"WebPage\",\"@id\":\"https:\\\/\\\/covasna45.ro\\\/index.php\\\/lumea-larga\\\/ungaria-tot-mai-aproape-de-a-avea-acces-la-mare-prin-trieste\\\/\",\"url\":\"https:\\\/\\\/covasna45.ro\\\/index.php\\\/lumea-larga\\\/ungaria-tot-mai-aproape-de-a-avea-acces-la-mare-prin-trieste\\\/\",\"name\":\"Ungaria, tot mai aproape de a avea acces la mare prin Trieste - Covasna45\",\"isPartOf\":{\"@id\":\"https:\\\/\\\/covasna45.ro\\\/#website\"},\"primaryImageOfPage\":{\"@id\":\"https:\\\/\\\/covasna45.ro\\\/index.php\\\/lumea-larga\\\/ungaria-tot-mai-aproape-de-a-avea-acces-la-mare-prin-trieste\\\/#primaryimage\"},\"image\":{\"@id\":\"https:\\\/\\\/covasna45.ro\\\/index.php\\\/lumea-larga\\\/ungaria-tot-mai-aproape-de-a-avea-acces-la-mare-prin-trieste\\\/#primaryimage\"},\"thumbnailUrl\":\"https:\\\/\\\/covasna45.ro\\\/wp-content\\\/uploads\\\/2023\\\/07\\\/trieste-port-italia-si-ungaria.jpg\",\"datePublished\":\"2023-07-24T13:39:12+00:00\",\"dateModified\":\"2023-07-24T13:39:13+00:00\",\"description\":\"\u00cen paralel, a \u00eenceput evaluarea lucr\u0103rilor de licita\u021bie pentru cheiul din Trieste. \u00cen viitorul apropiat se poate decide\",\"breadcrumb\":{\"@id\":\"https:\\\/\\\/covasna45.ro\\\/index.php\\\/lumea-larga\\\/ungaria-tot-mai-aproape-de-a-avea-acces-la-mare-prin-trieste\\\/#breadcrumb\"},\"inLanguage\":\"ro-RO\",\"potentialAction\":[{\"@type\":\"ReadAction\",\"target\":[\"https:\\\/\\\/covasna45.ro\\\/index.php\\\/lumea-larga\\\/ungaria-tot-mai-aproape-de-a-avea-acces-la-mare-prin-trieste\\\/\"]}]},{\"@type\":\"ImageObject\",\"inLanguage\":\"ro-RO\",\"@id\":\"https:\\\/\\\/covasna45.ro\\\/index.php\\\/lumea-larga\\\/ungaria-tot-mai-aproape-de-a-avea-acces-la-mare-prin-trieste\\\/#primaryimage\",\"url\":\"https:\\\/\\\/covasna45.ro\\\/wp-content\\\/uploads\\\/2023\\\/07\\\/trieste-port-italia-si-ungaria.jpg\",\"contentUrl\":\"https:\\\/\\\/covasna45.ro\\\/wp-content\\\/uploads\\\/2023\\\/07\\\/trieste-port-italia-si-ungaria.jpg\",\"width\":2048,\"height\":1153},{\"@type\":\"BreadcrumbList\",\"@id\":\"https:\\\/\\\/covasna45.ro\\\/index.php\\\/lumea-larga\\\/ungaria-tot-mai-aproape-de-a-avea-acces-la-mare-prin-trieste\\\/#breadcrumb\",\"itemListElement\":[{\"@type\":\"ListItem\",\"position\":1,\"name\":\"Prima pagin\u0103\",\"item\":\"https:\\\/\\\/covasna45.ro\\\/\"},{\"@type\":\"ListItem\",\"position\":2,\"name\":\"Ungaria, tot mai aproape de a avea acces la mare prin Trieste\"}]},{\"@type\":\"WebSite\",\"@id\":\"https:\\\/\\\/covasna45.ro\\\/#website\",\"url\":\"https:\\\/\\\/covasna45.ro\\\/\",\"name\":\"covasna45.ro\",\"description\":\"\",\"publisher\":{\"@id\":\"https:\\\/\\\/covasna45.ro\\\/#organization\"},\"potentialAction\":[{\"@type\":\"SearchAction\",\"target\":{\"@type\":\"EntryPoint\",\"urlTemplate\":\"https:\\\/\\\/covasna45.ro\\\/?s={search_term_string}\"},\"query-input\":{\"@type\":\"PropertyValueSpecification\",\"valueRequired\":true,\"valueName\":\"search_term_string\"}}],\"inLanguage\":\"ro-RO\"},{\"@type\":\"Organization\",\"@id\":\"https:\\\/\\\/covasna45.ro\\\/#organization\",\"name\":\"covasna45.ro\",\"url\":\"https:\\\/\\\/covasna45.ro\\\/\",\"logo\":{\"@type\":\"ImageObject\",\"inLanguage\":\"ro-RO\",\"@id\":\"https:\\\/\\\/covasna45.ro\\\/#\\\/schema\\\/logo\\\/image\\\/\",\"url\":\"https:\\\/\\\/covasna45.ro\\\/wp-content\\\/uploads\\\/2023\\\/01\\\/icon_logo.png\",\"contentUrl\":\"https:\\\/\\\/covasna45.ro\\\/wp-content\\\/uploads\\\/2023\\\/01\\\/icon_logo.png\",\"width\":1900,\"height\":1900,\"caption\":\"covasna45.ro\"},\"image\":{\"@id\":\"https:\\\/\\\/covasna45.ro\\\/#\\\/schema\\\/logo\\\/image\\\/\"}},{\"@type\":\"Person\",\"@id\":\"https:\\\/\\\/covasna45.ro\\\/#\\\/schema\\\/person\\\/e674052bd7d95d70bbb007a1060ab73c\",\"name\":\"Covasna45\",\"image\":{\"@type\":\"ImageObject\",\"inLanguage\":\"ro-RO\",\"@id\":\"https:\\\/\\\/covasna45.ro\\\/wp-content\\\/uploads\\\/2025\\\/10\\\/icon_logo_covasna45-150x150.png\",\"url\":\"https:\\\/\\\/covasna45.ro\\\/wp-content\\\/uploads\\\/2025\\\/10\\\/icon_logo_covasna45-150x150.png\",\"contentUrl\":\"https:\\\/\\\/covasna45.ro\\\/wp-content\\\/uploads\\\/2025\\\/10\\\/icon_logo_covasna45-150x150.png\",\"caption\":\"Covasna45\"},\"sameAs\":[\"https:\\\/\\\/covasna45.ro\"],\"url\":\"https:\\\/\\\/covasna45.ro\\\/index.php\\\/author\\\/covasna\\\/\"}]}<\/script>\n<!-- \/ Yoast SEO plugin. -->","yoast_head_json":{"title":"Ungaria, tot mai aproape de a avea acces la mare prin Trieste - Covasna45","description":"\u00cen paralel, a \u00eenceput evaluarea lucr\u0103rilor de licita\u021bie pentru cheiul din Trieste. \u00cen viitorul apropiat se poate decide","robots":{"index":"index","follow":"follow","max-snippet":"max-snippet:-1","max-image-preview":"max-image-preview:large","max-video-preview":"max-video-preview:-1"},"canonical":"https:\/\/covasna45.ro\/index.php\/lumea-larga\/ungaria-tot-mai-aproape-de-a-avea-acces-la-mare-prin-trieste\/","og_locale":"ro_RO","og_type":"article","og_title":"Ungaria, tot mai aproape de a avea acces la mare prin Trieste - Covasna45","og_description":"\u00cen paralel, a \u00eenceput evaluarea lucr\u0103rilor de licita\u021bie pentru cheiul din Trieste. \u00cen viitorul apropiat se poate decide","og_url":"https:\/\/covasna45.ro\/index.php\/lumea-larga\/ungaria-tot-mai-aproape-de-a-avea-acces-la-mare-prin-trieste\/","og_site_name":"Covasna45","article_published_time":"2023-07-24T13:39:12+00:00","article_modified_time":"2023-07-24T13:39:13+00:00","og_image":[{"width":2048,"height":1153,"url":"https:\/\/covasna45.ro\/wp-content\/uploads\/2023\/07\/trieste-port-italia-si-ungaria.jpg","type":"image\/jpeg"}],"author":"Covasna45","twitter_card":"summary_large_image","twitter_misc":{"Scris de":"Covasna45","Timp estimat pentru citire":"2 minute"},"schema":{"@context":"https:\/\/schema.org","@graph":[{"@type":"Article","@id":"https:\/\/covasna45.ro\/index.php\/lumea-larga\/ungaria-tot-mai-aproape-de-a-avea-acces-la-mare-prin-trieste\/#article","isPartOf":{"@id":"https:\/\/covasna45.ro\/index.php\/lumea-larga\/ungaria-tot-mai-aproape-de-a-avea-acces-la-mare-prin-trieste\/"},"author":{"name":"Covasna45","@id":"https:\/\/covasna45.ro\/#\/schema\/person\/e674052bd7d95d70bbb007a1060ab73c"},"headline":"Ungaria, tot mai aproape de a avea acces la mare prin Trieste","datePublished":"2023-07-24T13:39:12+00:00","dateModified":"2023-07-24T13:39:13+00:00","mainEntityOfPage":{"@id":"https:\/\/covasna45.ro\/index.php\/lumea-larga\/ungaria-tot-mai-aproape-de-a-avea-acces-la-mare-prin-trieste\/"},"wordCount":323,"commentCount":0,"publisher":{"@id":"https:\/\/covasna45.ro\/#organization"},"image":{"@id":"https:\/\/covasna45.ro\/index.php\/lumea-larga\/ungaria-tot-mai-aproape-de-a-avea-acces-la-mare-prin-trieste\/#primaryimage"},"thumbnailUrl":"https:\/\/covasna45.ro\/wp-content\/uploads\/2023\/07\/trieste-port-italia-si-ungaria.jpg","keywords":["Italia","Port","Trieste","Ungaria"],"articleSection":["Lumea larg\u0103"],"inLanguage":"ro-RO","potentialAction":[{"@type":"CommentAction","name":"Comment","target":["https:\/\/covasna45.ro\/index.php\/lumea-larga\/ungaria-tot-mai-aproape-de-a-avea-acces-la-mare-prin-trieste\/#respond"]}]},{"@type":"WebPage","@id":"https:\/\/covasna45.ro\/index.php\/lumea-larga\/ungaria-tot-mai-aproape-de-a-avea-acces-la-mare-prin-trieste\/","url":"https:\/\/covasna45.ro\/index.php\/lumea-larga\/ungaria-tot-mai-aproape-de-a-avea-acces-la-mare-prin-trieste\/","name":"Ungaria, tot mai aproape de a avea acces la mare prin Trieste - Covasna45","isPartOf":{"@id":"https:\/\/covasna45.ro\/#website"},"primaryImageOfPage":{"@id":"https:\/\/covasna45.ro\/index.php\/lumea-larga\/ungaria-tot-mai-aproape-de-a-avea-acces-la-mare-prin-trieste\/#primaryimage"},"image":{"@id":"https:\/\/covasna45.ro\/index.php\/lumea-larga\/ungaria-tot-mai-aproape-de-a-avea-acces-la-mare-prin-trieste\/#primaryimage"},"thumbnailUrl":"https:\/\/covasna45.ro\/wp-content\/uploads\/2023\/07\/trieste-port-italia-si-ungaria.jpg","datePublished":"2023-07-24T13:39:12+00:00","dateModified":"2023-07-24T13:39:13+00:00","description":"\u00cen paralel, a \u00eenceput evaluarea lucr\u0103rilor de licita\u021bie pentru cheiul din Trieste. \u00cen viitorul apropiat se poate decide","breadcrumb":{"@id":"https:\/\/covasna45.ro\/index.php\/lumea-larga\/ungaria-tot-mai-aproape-de-a-avea-acces-la-mare-prin-trieste\/#breadcrumb"},"inLanguage":"ro-RO","potentialAction":[{"@type":"ReadAction","target":["https:\/\/covasna45.ro\/index.php\/lumea-larga\/ungaria-tot-mai-aproape-de-a-avea-acces-la-mare-prin-trieste\/"]}]},{"@type":"ImageObject","inLanguage":"ro-RO","@id":"https:\/\/covasna45.ro\/index.php\/lumea-larga\/ungaria-tot-mai-aproape-de-a-avea-acces-la-mare-prin-trieste\/#primaryimage","url":"https:\/\/covasna45.ro\/wp-content\/uploads\/2023\/07\/trieste-port-italia-si-ungaria.jpg","contentUrl":"https:\/\/covasna45.ro\/wp-content\/uploads\/2023\/07\/trieste-port-italia-si-ungaria.jpg","width":2048,"height":1153},{"@type":"BreadcrumbList","@id":"https:\/\/covasna45.ro\/index.php\/lumea-larga\/ungaria-tot-mai-aproape-de-a-avea-acces-la-mare-prin-trieste\/#breadcrumb","itemListElement":[{"@type":"ListItem","position":1,"name":"Prima pagin\u0103","item":"https:\/\/covasna45.ro\/"},{"@type":"ListItem","position":2,"name":"Ungaria, tot mai aproape de a avea acces la mare prin Trieste"}]},{"@type":"WebSite","@id":"https:\/\/covasna45.ro\/#website","url":"https:\/\/covasna45.ro\/","name":"covasna45.ro","description":"","publisher":{"@id":"https:\/\/covasna45.ro\/#organization"},"potentialAction":[{"@type":"SearchAction","target":{"@type":"EntryPoint","urlTemplate":"https:\/\/covasna45.ro\/?s={search_term_string}"},"query-input":{"@type":"PropertyValueSpecification","valueRequired":true,"valueName":"search_term_string"}}],"inLanguage":"ro-RO"},{"@type":"Organization","@id":"https:\/\/covasna45.ro\/#organization","name":"covasna45.ro","url":"https:\/\/covasna45.ro\/","logo":{"@type":"ImageObject","inLanguage":"ro-RO","@id":"https:\/\/covasna45.ro\/#\/schema\/logo\/image\/","url":"https:\/\/covasna45.ro\/wp-content\/uploads\/2023\/01\/icon_logo.png","contentUrl":"https:\/\/covasna45.ro\/wp-content\/uploads\/2023\/01\/icon_logo.png","width":1900,"height":1900,"caption":"covasna45.ro"},"image":{"@id":"https:\/\/covasna45.ro\/#\/schema\/logo\/image\/"}},{"@type":"Person","@id":"https:\/\/covasna45.ro\/#\/schema\/person\/e674052bd7d95d70bbb007a1060ab73c","name":"Covasna45","image":{"@type":"ImageObject","inLanguage":"ro-RO","@id":"https:\/\/covasna45.ro\/wp-content\/uploads\/2025\/10\/icon_logo_covasna45-150x150.png","url":"https:\/\/covasna45.ro\/wp-content\/uploads\/2025\/10\/icon_logo_covasna45-150x150.png","contentUrl":"https:\/\/covasna45.ro\/wp-content\/uploads\/2025\/10\/icon_logo_covasna45-150x150.png","caption":"Covasna45"},"sameAs":["https:\/\/covasna45.ro"],"url":"https:\/\/covasna45.ro\/index.php\/author\/covasna\/"}]}},"_links":{"self":[{"href":"https:\/\/covasna45.ro\/index.php\/wp-json\/wp\/v2\/posts\/2332","targetHints":{"allow":["GET"]}}],"collection":[{"href":"https:\/\/covasna45.ro\/index.php\/wp-json\/wp\/v2\/posts"}],"about":[{"href":"https:\/\/covasna45.ro\/index.php\/wp-json\/wp\/v2\/types\/post"}],"author":[{"embeddable":true,"href":"https:\/\/covasna45.ro\/index.php\/wp-json\/wp\/v2\/users\/1"}],"replies":[{"embeddable":true,"href":"https:\/\/covasna45.ro\/index.php\/wp-json\/wp\/v2\/comments?post=2332"}],"version-history":[{"count":1,"href":"https:\/\/covasna45.ro\/index.php\/wp-json\/wp\/v2\/posts\/2332\/revisions"}],"predecessor-version":[{"id":2334,"href":"https:\/\/covasna45.ro\/index.php\/wp-json\/wp\/v2\/posts\/2332\/revisions\/2334"}],"wp:featuredmedia":[{"embeddable":true,"href":"https:\/\/covasna45.ro\/index.php\/wp-json\/wp\/v2\/media\/2333"}],"wp:attachment":[{"href":"https:\/\/covasna45.ro\/index.php\/wp-json\/wp\/v2\/media?parent=2332"}],"wp:term":[{"taxonomy":"category","embeddable":true,"href":"https:\/\/covasna45.ro\/index.php\/wp-json\/wp\/v2\/categories?post=2332"},{"taxonomy":"post_tag","embeddable":true,"href":"https:\/\/covasna45.ro\/index.php\/wp-json\/wp\/v2\/tags?post=2332"}],"curies":[{"name":"wp","href":"https:\/\/api.w.org\/{rel}","templated":true}]}}