{"id":2341,"date":"2023-07-24T16:03:29","date_gmt":"2023-07-24T14:03:29","guid":{"rendered":"https:\/\/covasna45.ro\/?p=2341"},"modified":"2023-07-24T16:03:30","modified_gmt":"2023-07-24T14:03:30","slug":"insula-rodos-devastata-de-incendii","status":"publish","type":"post","link":"https:\/\/covasna45.ro\/index.php\/lumea-larga\/insula-rodos-devastata-de-incendii\/","title":{"rendered":"Insula Rodos &#8211; devastat\u0103 de incendii"},"content":{"rendered":"\n<p>Incendiile din Grecia nu pot fi stinse f\u0103r\u0103 avioanele &#8211; amfibie ruse\u0219ti Be-200. Trebuie s\u0103 ne cerem scuze \u0219i s\u0103 cerem Rusiei s\u0103 trimit\u0103 avioane, a declarat fostul ministru al ap\u0103r\u0103rii, Panos Kammenos, pe Twitter, referindu-se la incendiul catastrofal din insula Rodos, scrie RIA NOVOSTI. <\/p>\n\n\n\n<p>Focul nu se poate stinge de mar\u021bi. Din partea central\u0103 a insulei Rodos, incendiul a ajuns p\u00e2n\u0103 la \u021b\u0103rmul de sud-est. Au fost evacuate 19.000 de persoane, inclusiv turi\u0219ti.<\/p>\n\n\n\n<p>Potrivit datelor poli\u021biei, aceasta este cea mai mare opera\u021biune de evacuare \u00een caz de incendiu efectuat\u0103 vreodat\u0103 \u00een Grecia.<\/p>\n\n\n\n<p><strong><em>\u201eF\u0103r\u0103 Beriev (companie de aeronave &#8211; n.n.) nu se poate face nimic. S\u0103 ne plec\u0103m capetele \u0219i s\u0103 cerem acum ajutor. Ne vor da&#8230;\u201d,<\/em><\/strong> a scris Kammenos pe Twitter. <\/p>\n\n\n\n<p>Kammenos a fost ministru al ap\u0103r\u0103rii na\u021bionale \u00een intervalul 2015-2019 \u015fi s-a pronun\u021bat pentru rela\u021bii bune at\u00e2t cu Rusia, c\u00e2t \u0219i cu America.<\/p>\n","protected":false},"excerpt":{"rendered":"<p>Incendiile din Grecia nu pot fi stinse f\u0103r\u0103 avioanele &#8211; amfibie ruse\u0219ti Be-200. Trebuie s\u0103 ne cerem scuze \u0219i s\u0103 cerem Rusiei s\u0103 trimit\u0103 avioane, a declarat fostul ministru al ap\u0103r\u0103rii, Panos Kammenos, pe Twitter, referindu-se la incendiul catastrofal din insula Rodos, scrie RIA NOVOSTI. Focul nu se poate stinge de mar\u021bi. Din partea central\u0103 [&hellip;]<\/p>\n","protected":false},"author":1,"featured_media":2342,"comment_status":"open","ping_status":"closed","sticky":false,"template":"","format":"standard","meta":{"tdm_status":"","tdm_grid_status":"","footnotes":""},"categories":[10],"tags":[927,289,926,427],"class_list":{"0":"post-2341","1":"post","2":"type-post","3":"status-publish","4":"format-standard","5":"has-post-thumbnail","7":"category-lumea-larga","8":"tag-grecia","9":"tag-incendii","10":"tag-rodos","11":"tag-rusia"},"yoast_head":"<!-- This site is optimized with the Yoast SEO plugin v27.5 - https:\/\/yoast.com\/product\/yoast-seo-wordpress\/ -->\n<title>Insula Rodos - devastat\u0103 de incendii - Covasna45<\/title>\n<meta name=\"description\" content=\"Din partea central\u0103 a insulei Rodos, incendiul a ajuns p\u00e2n\u0103 la \u021b\u0103rmul de sud-est. Au fost evacuate 19.000 de persoane\" \/>\n<meta name=\"robots\" content=\"index, follow, max-snippet:-1, max-image-preview:large, max-video-preview:-1\" \/>\n<link rel=\"canonical\" href=\"https:\/\/covasna45.ro\/index.php\/lumea-larga\/insula-rodos-devastata-de-incendii\/\" \/>\n<meta property=\"og:locale\" content=\"ro_RO\" \/>\n<meta property=\"og:type\" content=\"article\" \/>\n<meta property=\"og:title\" content=\"Insula Rodos - devastat\u0103 de incendii - Covasna45\" \/>\n<meta property=\"og:description\" content=\"Din partea central\u0103 a insulei Rodos, incendiul a ajuns p\u00e2n\u0103 la \u021b\u0103rmul de sud-est. Au fost evacuate 19.000 de persoane\" \/>\n<meta property=\"og:url\" content=\"https:\/\/covasna45.ro\/index.php\/lumea-larga\/insula-rodos-devastata-de-incendii\/\" \/>\n<meta property=\"og:site_name\" content=\"Covasna45\" \/>\n<meta property=\"article:published_time\" content=\"2023-07-24T14:03:29+00:00\" \/>\n<meta property=\"article:modified_time\" content=\"2023-07-24T14:03:30+00:00\" \/>\n<meta property=\"og:image\" content=\"https:\/\/covasna45.ro\/wp-content\/uploads\/2023\/07\/Insula-Rodos.jpg\" \/>\n\t<meta property=\"og:image:width\" content=\"1024\" \/>\n\t<meta property=\"og:image:height\" content=\"682\" \/>\n\t<meta property=\"og:image:type\" content=\"image\/jpeg\" \/>\n<meta name=\"author\" content=\"Covasna45\" \/>\n<meta name=\"twitter:card\" content=\"summary_large_image\" \/>\n<meta name=\"twitter:label1\" content=\"Scris de\" \/>\n\t<meta name=\"twitter:data1\" content=\"Covasna45\" \/>\n\t<meta name=\"twitter:label2\" content=\"Timp estimat pentru citire\" \/>\n\t<meta name=\"twitter:data2\" content=\"1 minut\" \/>\n<script type=\"application\/ld+json\" class=\"yoast-schema-graph\">{\"@context\":\"https:\\\/\\\/schema.org\",\"@graph\":[{\"@type\":\"Article\",\"@id\":\"https:\\\/\\\/covasna45.ro\\\/index.php\\\/lumea-larga\\\/insula-rodos-devastata-de-incendii\\\/#article\",\"isPartOf\":{\"@id\":\"https:\\\/\\\/covasna45.ro\\\/index.php\\\/lumea-larga\\\/insula-rodos-devastata-de-incendii\\\/\"},\"author\":{\"name\":\"Covasna45\",\"@id\":\"https:\\\/\\\/covasna45.ro\\\/#\\\/schema\\\/person\\\/e674052bd7d95d70bbb007a1060ab73c\"},\"headline\":\"Insula Rodos &#8211; devastat\u0103 de incendii\",\"datePublished\":\"2023-07-24T14:03:29+00:00\",\"dateModified\":\"2023-07-24T14:03:30+00:00\",\"mainEntityOfPage\":{\"@id\":\"https:\\\/\\\/covasna45.ro\\\/index.php\\\/lumea-larga\\\/insula-rodos-devastata-de-incendii\\\/\"},\"wordCount\":169,\"commentCount\":0,\"publisher\":{\"@id\":\"https:\\\/\\\/covasna45.ro\\\/#organization\"},\"image\":{\"@id\":\"https:\\\/\\\/covasna45.ro\\\/index.php\\\/lumea-larga\\\/insula-rodos-devastata-de-incendii\\\/#primaryimage\"},\"thumbnailUrl\":\"https:\\\/\\\/covasna45.ro\\\/wp-content\\\/uploads\\\/2023\\\/07\\\/Insula-Rodos.jpg\",\"keywords\":[\"Grecia\",\"Incendii\",\"Rodos\",\"Rusia\"],\"articleSection\":[\"Lumea larg\u0103\"],\"inLanguage\":\"ro-RO\",\"potentialAction\":[{\"@type\":\"CommentAction\",\"name\":\"Comment\",\"target\":[\"https:\\\/\\\/covasna45.ro\\\/index.php\\\/lumea-larga\\\/insula-rodos-devastata-de-incendii\\\/#respond\"]}]},{\"@type\":\"WebPage\",\"@id\":\"https:\\\/\\\/covasna45.ro\\\/index.php\\\/lumea-larga\\\/insula-rodos-devastata-de-incendii\\\/\",\"url\":\"https:\\\/\\\/covasna45.ro\\\/index.php\\\/lumea-larga\\\/insula-rodos-devastata-de-incendii\\\/\",\"name\":\"Insula Rodos - devastat\u0103 de incendii - Covasna45\",\"isPartOf\":{\"@id\":\"https:\\\/\\\/covasna45.ro\\\/#website\"},\"primaryImageOfPage\":{\"@id\":\"https:\\\/\\\/covasna45.ro\\\/index.php\\\/lumea-larga\\\/insula-rodos-devastata-de-incendii\\\/#primaryimage\"},\"image\":{\"@id\":\"https:\\\/\\\/covasna45.ro\\\/index.php\\\/lumea-larga\\\/insula-rodos-devastata-de-incendii\\\/#primaryimage\"},\"thumbnailUrl\":\"https:\\\/\\\/covasna45.ro\\\/wp-content\\\/uploads\\\/2023\\\/07\\\/Insula-Rodos.jpg\",\"datePublished\":\"2023-07-24T14:03:29+00:00\",\"dateModified\":\"2023-07-24T14:03:30+00:00\",\"description\":\"Din partea central\u0103 a insulei Rodos, incendiul a ajuns p\u00e2n\u0103 la \u021b\u0103rmul de sud-est. Au fost evacuate 19.000 de persoane\",\"breadcrumb\":{\"@id\":\"https:\\\/\\\/covasna45.ro\\\/index.php\\\/lumea-larga\\\/insula-rodos-devastata-de-incendii\\\/#breadcrumb\"},\"inLanguage\":\"ro-RO\",\"potentialAction\":[{\"@type\":\"ReadAction\",\"target\":[\"https:\\\/\\\/covasna45.ro\\\/index.php\\\/lumea-larga\\\/insula-rodos-devastata-de-incendii\\\/\"]}]},{\"@type\":\"ImageObject\",\"inLanguage\":\"ro-RO\",\"@id\":\"https:\\\/\\\/covasna45.ro\\\/index.php\\\/lumea-larga\\\/insula-rodos-devastata-de-incendii\\\/#primaryimage\",\"url\":\"https:\\\/\\\/covasna45.ro\\\/wp-content\\\/uploads\\\/2023\\\/07\\\/Insula-Rodos.jpg\",\"contentUrl\":\"https:\\\/\\\/covasna45.ro\\\/wp-content\\\/uploads\\\/2023\\\/07\\\/Insula-Rodos.jpg\",\"width\":1024,\"height\":682},{\"@type\":\"BreadcrumbList\",\"@id\":\"https:\\\/\\\/covasna45.ro\\\/index.php\\\/lumea-larga\\\/insula-rodos-devastata-de-incendii\\\/#breadcrumb\",\"itemListElement\":[{\"@type\":\"ListItem\",\"position\":1,\"name\":\"Prima pagin\u0103\",\"item\":\"https:\\\/\\\/covasna45.ro\\\/\"},{\"@type\":\"ListItem\",\"position\":2,\"name\":\"Insula Rodos &#8211; devastat\u0103 de incendii\"}]},{\"@type\":\"WebSite\",\"@id\":\"https:\\\/\\\/covasna45.ro\\\/#website\",\"url\":\"https:\\\/\\\/covasna45.ro\\\/\",\"name\":\"covasna45.ro\",\"description\":\"\",\"publisher\":{\"@id\":\"https:\\\/\\\/covasna45.ro\\\/#organization\"},\"potentialAction\":[{\"@type\":\"SearchAction\",\"target\":{\"@type\":\"EntryPoint\",\"urlTemplate\":\"https:\\\/\\\/covasna45.ro\\\/?s={search_term_string}\"},\"query-input\":{\"@type\":\"PropertyValueSpecification\",\"valueRequired\":true,\"valueName\":\"search_term_string\"}}],\"inLanguage\":\"ro-RO\"},{\"@type\":\"Organization\",\"@id\":\"https:\\\/\\\/covasna45.ro\\\/#organization\",\"name\":\"covasna45.ro\",\"url\":\"https:\\\/\\\/covasna45.ro\\\/\",\"logo\":{\"@type\":\"ImageObject\",\"inLanguage\":\"ro-RO\",\"@id\":\"https:\\\/\\\/covasna45.ro\\\/#\\\/schema\\\/logo\\\/image\\\/\",\"url\":\"https:\\\/\\\/covasna45.ro\\\/wp-content\\\/uploads\\\/2023\\\/01\\\/icon_logo.png\",\"contentUrl\":\"https:\\\/\\\/covasna45.ro\\\/wp-content\\\/uploads\\\/2023\\\/01\\\/icon_logo.png\",\"width\":1900,\"height\":1900,\"caption\":\"covasna45.ro\"},\"image\":{\"@id\":\"https:\\\/\\\/covasna45.ro\\\/#\\\/schema\\\/logo\\\/image\\\/\"}},{\"@type\":\"Person\",\"@id\":\"https:\\\/\\\/covasna45.ro\\\/#\\\/schema\\\/person\\\/e674052bd7d95d70bbb007a1060ab73c\",\"name\":\"Covasna45\",\"image\":{\"@type\":\"ImageObject\",\"inLanguage\":\"ro-RO\",\"@id\":\"https:\\\/\\\/covasna45.ro\\\/wp-content\\\/uploads\\\/2025\\\/10\\\/icon_logo_covasna45-150x150.png\",\"url\":\"https:\\\/\\\/covasna45.ro\\\/wp-content\\\/uploads\\\/2025\\\/10\\\/icon_logo_covasna45-150x150.png\",\"contentUrl\":\"https:\\\/\\\/covasna45.ro\\\/wp-content\\\/uploads\\\/2025\\\/10\\\/icon_logo_covasna45-150x150.png\",\"caption\":\"Covasna45\"},\"sameAs\":[\"https:\\\/\\\/covasna45.ro\"],\"url\":\"https:\\\/\\\/covasna45.ro\\\/index.php\\\/author\\\/covasna\\\/\"}]}<\/script>\n<!-- \/ Yoast SEO plugin. -->","yoast_head_json":{"title":"Insula Rodos - devastat\u0103 de incendii - Covasna45","description":"Din partea central\u0103 a insulei Rodos, incendiul a ajuns p\u00e2n\u0103 la \u021b\u0103rmul de sud-est. Au fost evacuate 19.000 de persoane","robots":{"index":"index","follow":"follow","max-snippet":"max-snippet:-1","max-image-preview":"max-image-preview:large","max-video-preview":"max-video-preview:-1"},"canonical":"https:\/\/covasna45.ro\/index.php\/lumea-larga\/insula-rodos-devastata-de-incendii\/","og_locale":"ro_RO","og_type":"article","og_title":"Insula Rodos - devastat\u0103 de incendii - Covasna45","og_description":"Din partea central\u0103 a insulei Rodos, incendiul a ajuns p\u00e2n\u0103 la \u021b\u0103rmul de sud-est. Au fost evacuate 19.000 de persoane","og_url":"https:\/\/covasna45.ro\/index.php\/lumea-larga\/insula-rodos-devastata-de-incendii\/","og_site_name":"Covasna45","article_published_time":"2023-07-24T14:03:29+00:00","article_modified_time":"2023-07-24T14:03:30+00:00","og_image":[{"width":1024,"height":682,"url":"https:\/\/covasna45.ro\/wp-content\/uploads\/2023\/07\/Insula-Rodos.jpg","type":"image\/jpeg"}],"author":"Covasna45","twitter_card":"summary_large_image","twitter_misc":{"Scris de":"Covasna45","Timp estimat pentru citire":"1 minut"},"schema":{"@context":"https:\/\/schema.org","@graph":[{"@type":"Article","@id":"https:\/\/covasna45.ro\/index.php\/lumea-larga\/insula-rodos-devastata-de-incendii\/#article","isPartOf":{"@id":"https:\/\/covasna45.ro\/index.php\/lumea-larga\/insula-rodos-devastata-de-incendii\/"},"author":{"name":"Covasna45","@id":"https:\/\/covasna45.ro\/#\/schema\/person\/e674052bd7d95d70bbb007a1060ab73c"},"headline":"Insula Rodos &#8211; devastat\u0103 de incendii","datePublished":"2023-07-24T14:03:29+00:00","dateModified":"2023-07-24T14:03:30+00:00","mainEntityOfPage":{"@id":"https:\/\/covasna45.ro\/index.php\/lumea-larga\/insula-rodos-devastata-de-incendii\/"},"wordCount":169,"commentCount":0,"publisher":{"@id":"https:\/\/covasna45.ro\/#organization"},"image":{"@id":"https:\/\/covasna45.ro\/index.php\/lumea-larga\/insula-rodos-devastata-de-incendii\/#primaryimage"},"thumbnailUrl":"https:\/\/covasna45.ro\/wp-content\/uploads\/2023\/07\/Insula-Rodos.jpg","keywords":["Grecia","Incendii","Rodos","Rusia"],"articleSection":["Lumea larg\u0103"],"inLanguage":"ro-RO","potentialAction":[{"@type":"CommentAction","name":"Comment","target":["https:\/\/covasna45.ro\/index.php\/lumea-larga\/insula-rodos-devastata-de-incendii\/#respond"]}]},{"@type":"WebPage","@id":"https:\/\/covasna45.ro\/index.php\/lumea-larga\/insula-rodos-devastata-de-incendii\/","url":"https:\/\/covasna45.ro\/index.php\/lumea-larga\/insula-rodos-devastata-de-incendii\/","name":"Insula Rodos - devastat\u0103 de incendii - Covasna45","isPartOf":{"@id":"https:\/\/covasna45.ro\/#website"},"primaryImageOfPage":{"@id":"https:\/\/covasna45.ro\/index.php\/lumea-larga\/insula-rodos-devastata-de-incendii\/#primaryimage"},"image":{"@id":"https:\/\/covasna45.ro\/index.php\/lumea-larga\/insula-rodos-devastata-de-incendii\/#primaryimage"},"thumbnailUrl":"https:\/\/covasna45.ro\/wp-content\/uploads\/2023\/07\/Insula-Rodos.jpg","datePublished":"2023-07-24T14:03:29+00:00","dateModified":"2023-07-24T14:03:30+00:00","description":"Din partea central\u0103 a insulei Rodos, incendiul a ajuns p\u00e2n\u0103 la \u021b\u0103rmul de sud-est. Au fost evacuate 19.000 de persoane","breadcrumb":{"@id":"https:\/\/covasna45.ro\/index.php\/lumea-larga\/insula-rodos-devastata-de-incendii\/#breadcrumb"},"inLanguage":"ro-RO","potentialAction":[{"@type":"ReadAction","target":["https:\/\/covasna45.ro\/index.php\/lumea-larga\/insula-rodos-devastata-de-incendii\/"]}]},{"@type":"ImageObject","inLanguage":"ro-RO","@id":"https:\/\/covasna45.ro\/index.php\/lumea-larga\/insula-rodos-devastata-de-incendii\/#primaryimage","url":"https:\/\/covasna45.ro\/wp-content\/uploads\/2023\/07\/Insula-Rodos.jpg","contentUrl":"https:\/\/covasna45.ro\/wp-content\/uploads\/2023\/07\/Insula-Rodos.jpg","width":1024,"height":682},{"@type":"BreadcrumbList","@id":"https:\/\/covasna45.ro\/index.php\/lumea-larga\/insula-rodos-devastata-de-incendii\/#breadcrumb","itemListElement":[{"@type":"ListItem","position":1,"name":"Prima pagin\u0103","item":"https:\/\/covasna45.ro\/"},{"@type":"ListItem","position":2,"name":"Insula Rodos &#8211; devastat\u0103 de incendii"}]},{"@type":"WebSite","@id":"https:\/\/covasna45.ro\/#website","url":"https:\/\/covasna45.ro\/","name":"covasna45.ro","description":"","publisher":{"@id":"https:\/\/covasna45.ro\/#organization"},"potentialAction":[{"@type":"SearchAction","target":{"@type":"EntryPoint","urlTemplate":"https:\/\/covasna45.ro\/?s={search_term_string}"},"query-input":{"@type":"PropertyValueSpecification","valueRequired":true,"valueName":"search_term_string"}}],"inLanguage":"ro-RO"},{"@type":"Organization","@id":"https:\/\/covasna45.ro\/#organization","name":"covasna45.ro","url":"https:\/\/covasna45.ro\/","logo":{"@type":"ImageObject","inLanguage":"ro-RO","@id":"https:\/\/covasna45.ro\/#\/schema\/logo\/image\/","url":"https:\/\/covasna45.ro\/wp-content\/uploads\/2023\/01\/icon_logo.png","contentUrl":"https:\/\/covasna45.ro\/wp-content\/uploads\/2023\/01\/icon_logo.png","width":1900,"height":1900,"caption":"covasna45.ro"},"image":{"@id":"https:\/\/covasna45.ro\/#\/schema\/logo\/image\/"}},{"@type":"Person","@id":"https:\/\/covasna45.ro\/#\/schema\/person\/e674052bd7d95d70bbb007a1060ab73c","name":"Covasna45","image":{"@type":"ImageObject","inLanguage":"ro-RO","@id":"https:\/\/covasna45.ro\/wp-content\/uploads\/2025\/10\/icon_logo_covasna45-150x150.png","url":"https:\/\/covasna45.ro\/wp-content\/uploads\/2025\/10\/icon_logo_covasna45-150x150.png","contentUrl":"https:\/\/covasna45.ro\/wp-content\/uploads\/2025\/10\/icon_logo_covasna45-150x150.png","caption":"Covasna45"},"sameAs":["https:\/\/covasna45.ro"],"url":"https:\/\/covasna45.ro\/index.php\/author\/covasna\/"}]}},"_links":{"self":[{"href":"https:\/\/covasna45.ro\/index.php\/wp-json\/wp\/v2\/posts\/2341","targetHints":{"allow":["GET"]}}],"collection":[{"href":"https:\/\/covasna45.ro\/index.php\/wp-json\/wp\/v2\/posts"}],"about":[{"href":"https:\/\/covasna45.ro\/index.php\/wp-json\/wp\/v2\/types\/post"}],"author":[{"embeddable":true,"href":"https:\/\/covasna45.ro\/index.php\/wp-json\/wp\/v2\/users\/1"}],"replies":[{"embeddable":true,"href":"https:\/\/covasna45.ro\/index.php\/wp-json\/wp\/v2\/comments?post=2341"}],"version-history":[{"count":1,"href":"https:\/\/covasna45.ro\/index.php\/wp-json\/wp\/v2\/posts\/2341\/revisions"}],"predecessor-version":[{"id":2343,"href":"https:\/\/covasna45.ro\/index.php\/wp-json\/wp\/v2\/posts\/2341\/revisions\/2343"}],"wp:featuredmedia":[{"embeddable":true,"href":"https:\/\/covasna45.ro\/index.php\/wp-json\/wp\/v2\/media\/2342"}],"wp:attachment":[{"href":"https:\/\/covasna45.ro\/index.php\/wp-json\/wp\/v2\/media?parent=2341"}],"wp:term":[{"taxonomy":"category","embeddable":true,"href":"https:\/\/covasna45.ro\/index.php\/wp-json\/wp\/v2\/categories?post=2341"},{"taxonomy":"post_tag","embeddable":true,"href":"https:\/\/covasna45.ro\/index.php\/wp-json\/wp\/v2\/tags?post=2341"}],"curies":[{"name":"wp","href":"https:\/\/api.w.org\/{rel}","templated":true}]}}