{"id":2344,"date":"2023-07-24T16:18:20","date_gmt":"2023-07-24T14:18:20","guid":{"rendered":"https:\/\/covasna45.ro\/?p=2344"},"modified":"2023-07-24T16:24:04","modified_gmt":"2023-07-24T14:24:04","slug":"mark-tamas-a-semnat-cu-echipa-lui-mutu-si-ii-raspunde-lui-laszlo-dioszegi","status":"publish","type":"post","link":"https:\/\/covasna45.ro\/index.php\/sport\/mark-tamas-a-semnat-cu-echipa-lui-mutu-si-ii-raspunde-lui-laszlo-dioszegi\/","title":{"rendered":"M\u00e1rk Tam\u00e1s a semnat cu echipa lui Mutu \u0219i \u00eei r\u0103spunde lui L\u00e1szlo Di\u00f3szegi"},"content":{"rendered":"\n<p>M\u00e1rk Tam\u00e1s \u00eei r\u0103spunde lui L\u00e1szlo Di\u00f3szegi, patronul lui Sepsi OSK, cel care l-a acuzat de cur\u00e2nd pe funda\u0219ul central c\u0103 a refuzat s\u0103 se mai antreneze al\u0103turi de cov\u0103sneni dup\u0103 ce a primit oferta de la Neftchi Baku, noua echip\u0103 a lui Adrian Mutu.<\/p>\n\n\n\n<p>Tam\u00e1s a semnat cu Neftchi Baku, gruparea din Azerbaidjan achit\u00e2nd \u00een schimbul stoperului \u00een v\u00e2rst\u0103 de 29 de ani aproximativ 200.000 de dolari. <\/p>\n\n\n\n<p>Mutarea maghiarului la Neftchi a creat un conflict la Sepsi. Di\u00f3szegi s-a declarat nemul\u021bumit de comportamentul fotbalistului: <strong><em>\u201eDe dou\u0103 zile ne chinuim cu el, nu vrea s\u0103 fac\u0103 antrenamente. A sc\u0103zut foarte mult \u00een ochii mei\u201d.<\/em><\/strong><\/p>\n\n\n\n<h2 class=\"wp-block-heading\">\u00centr-o reac\u021bie oferit\u0103 pentru GSP.ro, M\u00e1rk Tam\u00e1s vine cu propria variant\u0103.<\/h2>\n\n\n\n<p><strong><em>\u201eCei de la Sepsi trebuie s\u0103 \u00een\u021beleag\u0103 c\u0103, \u00een momentul \u00een care vine o ofert\u0103 pentru mine, nu m\u0103 pot g\u00e2ndi doar la Sepsi. Trebuie s\u0103 rezolv mutarea \u0219i s\u0103 m\u0103 concentrez pentru a fi preg\u0103tit \u0219i s\u0103n\u0103tos. Ei au acceptat p\u00e2n\u0103 la urm\u0103 oferta de la Neftchi Baku. \u00cen ultimele dou\u0103 zile am efectuat vizita medical\u0103 \u0219i am semnat contractul.<\/em><\/strong><\/p>\n\n\n\n<p><strong><em>Am v\u0103zut c\u0103 patronul lui Sepsi a spus \u00een pres\u0103 despre mine c\u0103 nu sunt profesionist. Vreau s\u0103 spun c\u0103 nu m-am antrenat o zi pentru c\u0103 \u00eemi respect foarte mult munca, iar mintea mea nu mai era doar la Sepsi, a\u0219a c\u0103 nu mi s-a p\u0103rut \u00een regul\u0103 pentru colegii mei \u0219i pentru staff s\u0103 m\u0103 antrenez la jum\u0103tate din poten\u021bial.<\/em><\/strong><\/p>\n\n\n\n<p><strong><em>Vreau s\u0103-i mul\u021bumesc lui Sepsi c\u0103 mi-a oferit ocazia s\u0103 c\u00e2\u0219tig dou\u0103 trofee. Am fost \u00eentotdeauna profesionist, oricine m\u0103 cunoa\u0219te \u0219tie c\u0103 dau 110% pe teren \u0219i \u00een afara lui. \u00cei mul\u021bumesc \u0219i agentului Marius Avram pentru c\u0103 a f\u0103cut ca transferul s\u0103 se rezolve mai repede \u0219i s-a asigurat c\u0103 totul decurge normal\u201d,<\/em><\/strong> a mai spus M\u00e1rk Tam\u00e1s.<\/p>\n","protected":false},"excerpt":{"rendered":"<p>M\u00e1rk Tam\u00e1s \u00eei r\u0103spunde lui L\u00e1szlo Di\u00f3szegi, patronul lui Sepsi OSK, cel care l-a acuzat de cur\u00e2nd pe funda\u0219ul central c\u0103 a refuzat s\u0103 se mai antreneze al\u0103turi de cov\u0103sneni dup\u0103 ce a primit oferta de la Neftchi Baku, noua echip\u0103 a lui Adrian Mutu. Tam\u00e1s a semnat cu Neftchi Baku, gruparea din Azerbaidjan achit\u00e2nd [&hellip;]<\/p>\n","protected":false},"author":1,"featured_media":2345,"comment_status":"open","ping_status":"closed","sticky":false,"template":"","format":"standard","meta":{"tdm_status":"","tdm_grid_status":"","footnotes":""},"categories":[17],"tags":[918,928,60,318],"class_list":{"0":"post-2344","1":"post","2":"type-post","3":"status-publish","4":"format-standard","5":"has-post-thumbnail","7":"category-sport","8":"tag-laszlo-dioszegi-2","9":"tag-mark-tamas","10":"tag-sepsi-osk","11":"tag-transfer"},"yoast_head":"<!-- This site is optimized with the Yoast SEO plugin v27.5 - https:\/\/yoast.com\/product\/yoast-seo-wordpress\/ -->\n<title>M\u00e1rk Tam\u00e1s a semnat cu echipa lui Mutu \u0219i \u00eei r\u0103spunde lui L\u00e1szlo Di\u00f3szegi - Covasna45<\/title>\n<meta name=\"description\" content=\"M\u00e1rk Tam\u00e1s \u00eei r\u0103spunde lui L\u00e1szlo Di\u00f3szegi, patronul lui Sepsi OSK, cel care l-a acuzat de cur\u00e2nd pe funda\u0219ul central\" \/>\n<meta name=\"robots\" content=\"index, follow, max-snippet:-1, max-image-preview:large, max-video-preview:-1\" \/>\n<link rel=\"canonical\" href=\"https:\/\/covasna45.ro\/index.php\/sport\/mark-tamas-a-semnat-cu-echipa-lui-mutu-si-ii-raspunde-lui-laszlo-dioszegi\/\" \/>\n<meta property=\"og:locale\" content=\"ro_RO\" \/>\n<meta property=\"og:type\" content=\"article\" \/>\n<meta property=\"og:title\" content=\"M\u00e1rk Tam\u00e1s a semnat cu echipa lui Mutu \u0219i \u00eei r\u0103spunde lui L\u00e1szlo Di\u00f3szegi - Covasna45\" \/>\n<meta property=\"og:description\" content=\"M\u00e1rk Tam\u00e1s \u00eei r\u0103spunde lui L\u00e1szlo Di\u00f3szegi, patronul lui Sepsi OSK, cel care l-a acuzat de cur\u00e2nd pe funda\u0219ul central\" \/>\n<meta property=\"og:url\" content=\"https:\/\/covasna45.ro\/index.php\/sport\/mark-tamas-a-semnat-cu-echipa-lui-mutu-si-ii-raspunde-lui-laszlo-dioszegi\/\" \/>\n<meta property=\"og:site_name\" content=\"Covasna45\" \/>\n<meta property=\"article:published_time\" content=\"2023-07-24T14:18:20+00:00\" \/>\n<meta property=\"article:modified_time\" content=\"2023-07-24T14:24:04+00:00\" \/>\n<meta property=\"og:image\" content=\"https:\/\/covasna45.ro\/wp-content\/uploads\/2023\/07\/Mark-Tamas.jpg\" \/>\n\t<meta property=\"og:image:width\" content=\"900\" \/>\n\t<meta property=\"og:image:height\" content=\"602\" \/>\n\t<meta property=\"og:image:type\" content=\"image\/jpeg\" \/>\n<meta name=\"author\" content=\"Covasna45\" \/>\n<meta name=\"twitter:card\" content=\"summary_large_image\" \/>\n<meta name=\"twitter:label1\" content=\"Scris de\" \/>\n\t<meta name=\"twitter:data1\" content=\"Covasna45\" \/>\n\t<meta name=\"twitter:label2\" content=\"Timp estimat pentru citire\" \/>\n\t<meta name=\"twitter:data2\" content=\"2 minute\" \/>\n<script type=\"application\/ld+json\" class=\"yoast-schema-graph\">{\"@context\":\"https:\\\/\\\/schema.org\",\"@graph\":[{\"@type\":\"Article\",\"@id\":\"https:\\\/\\\/covasna45.ro\\\/index.php\\\/sport\\\/mark-tamas-a-semnat-cu-echipa-lui-mutu-si-ii-raspunde-lui-laszlo-dioszegi\\\/#article\",\"isPartOf\":{\"@id\":\"https:\\\/\\\/covasna45.ro\\\/index.php\\\/sport\\\/mark-tamas-a-semnat-cu-echipa-lui-mutu-si-ii-raspunde-lui-laszlo-dioszegi\\\/\"},\"author\":{\"name\":\"Covasna45\",\"@id\":\"https:\\\/\\\/covasna45.ro\\\/#\\\/schema\\\/person\\\/e674052bd7d95d70bbb007a1060ab73c\"},\"headline\":\"M\u00e1rk Tam\u00e1s a semnat cu echipa lui Mutu \u0219i \u00eei r\u0103spunde lui L\u00e1szlo Di\u00f3szegi\",\"datePublished\":\"2023-07-24T14:18:20+00:00\",\"dateModified\":\"2023-07-24T14:24:04+00:00\",\"mainEntityOfPage\":{\"@id\":\"https:\\\/\\\/covasna45.ro\\\/index.php\\\/sport\\\/mark-tamas-a-semnat-cu-echipa-lui-mutu-si-ii-raspunde-lui-laszlo-dioszegi\\\/\"},\"wordCount\":351,\"commentCount\":0,\"publisher\":{\"@id\":\"https:\\\/\\\/covasna45.ro\\\/#organization\"},\"image\":{\"@id\":\"https:\\\/\\\/covasna45.ro\\\/index.php\\\/sport\\\/mark-tamas-a-semnat-cu-echipa-lui-mutu-si-ii-raspunde-lui-laszlo-dioszegi\\\/#primaryimage\"},\"thumbnailUrl\":\"https:\\\/\\\/covasna45.ro\\\/wp-content\\\/uploads\\\/2023\\\/07\\\/Mark-Tamas.jpg\",\"keywords\":[\"L\u00e1szlo Di\u00f3szegi\",\"M\u00e1rk Tam\u00e1s\",\"Sepsi OSK\",\"Transfer\"],\"articleSection\":[\"Sport\"],\"inLanguage\":\"ro-RO\",\"potentialAction\":[{\"@type\":\"CommentAction\",\"name\":\"Comment\",\"target\":[\"https:\\\/\\\/covasna45.ro\\\/index.php\\\/sport\\\/mark-tamas-a-semnat-cu-echipa-lui-mutu-si-ii-raspunde-lui-laszlo-dioszegi\\\/#respond\"]}]},{\"@type\":\"WebPage\",\"@id\":\"https:\\\/\\\/covasna45.ro\\\/index.php\\\/sport\\\/mark-tamas-a-semnat-cu-echipa-lui-mutu-si-ii-raspunde-lui-laszlo-dioszegi\\\/\",\"url\":\"https:\\\/\\\/covasna45.ro\\\/index.php\\\/sport\\\/mark-tamas-a-semnat-cu-echipa-lui-mutu-si-ii-raspunde-lui-laszlo-dioszegi\\\/\",\"name\":\"M\u00e1rk Tam\u00e1s a semnat cu echipa lui Mutu \u0219i \u00eei r\u0103spunde lui L\u00e1szlo Di\u00f3szegi - Covasna45\",\"isPartOf\":{\"@id\":\"https:\\\/\\\/covasna45.ro\\\/#website\"},\"primaryImageOfPage\":{\"@id\":\"https:\\\/\\\/covasna45.ro\\\/index.php\\\/sport\\\/mark-tamas-a-semnat-cu-echipa-lui-mutu-si-ii-raspunde-lui-laszlo-dioszegi\\\/#primaryimage\"},\"image\":{\"@id\":\"https:\\\/\\\/covasna45.ro\\\/index.php\\\/sport\\\/mark-tamas-a-semnat-cu-echipa-lui-mutu-si-ii-raspunde-lui-laszlo-dioszegi\\\/#primaryimage\"},\"thumbnailUrl\":\"https:\\\/\\\/covasna45.ro\\\/wp-content\\\/uploads\\\/2023\\\/07\\\/Mark-Tamas.jpg\",\"datePublished\":\"2023-07-24T14:18:20+00:00\",\"dateModified\":\"2023-07-24T14:24:04+00:00\",\"description\":\"M\u00e1rk Tam\u00e1s \u00eei r\u0103spunde lui L\u00e1szlo Di\u00f3szegi, patronul lui Sepsi OSK, cel care l-a acuzat de cur\u00e2nd pe funda\u0219ul central\",\"breadcrumb\":{\"@id\":\"https:\\\/\\\/covasna45.ro\\\/index.php\\\/sport\\\/mark-tamas-a-semnat-cu-echipa-lui-mutu-si-ii-raspunde-lui-laszlo-dioszegi\\\/#breadcrumb\"},\"inLanguage\":\"ro-RO\",\"potentialAction\":[{\"@type\":\"ReadAction\",\"target\":[\"https:\\\/\\\/covasna45.ro\\\/index.php\\\/sport\\\/mark-tamas-a-semnat-cu-echipa-lui-mutu-si-ii-raspunde-lui-laszlo-dioszegi\\\/\"]}]},{\"@type\":\"ImageObject\",\"inLanguage\":\"ro-RO\",\"@id\":\"https:\\\/\\\/covasna45.ro\\\/index.php\\\/sport\\\/mark-tamas-a-semnat-cu-echipa-lui-mutu-si-ii-raspunde-lui-laszlo-dioszegi\\\/#primaryimage\",\"url\":\"https:\\\/\\\/covasna45.ro\\\/wp-content\\\/uploads\\\/2023\\\/07\\\/Mark-Tamas.jpg\",\"contentUrl\":\"https:\\\/\\\/covasna45.ro\\\/wp-content\\\/uploads\\\/2023\\\/07\\\/Mark-Tamas.jpg\",\"width\":900,\"height\":602},{\"@type\":\"BreadcrumbList\",\"@id\":\"https:\\\/\\\/covasna45.ro\\\/index.php\\\/sport\\\/mark-tamas-a-semnat-cu-echipa-lui-mutu-si-ii-raspunde-lui-laszlo-dioszegi\\\/#breadcrumb\",\"itemListElement\":[{\"@type\":\"ListItem\",\"position\":1,\"name\":\"Prima pagin\u0103\",\"item\":\"https:\\\/\\\/covasna45.ro\\\/\"},{\"@type\":\"ListItem\",\"position\":2,\"name\":\"M\u00e1rk Tam\u00e1s a semnat cu echipa lui Mutu \u0219i \u00eei r\u0103spunde lui L\u00e1szlo Di\u00f3szegi\"}]},{\"@type\":\"WebSite\",\"@id\":\"https:\\\/\\\/covasna45.ro\\\/#website\",\"url\":\"https:\\\/\\\/covasna45.ro\\\/\",\"name\":\"covasna45.ro\",\"description\":\"\",\"publisher\":{\"@id\":\"https:\\\/\\\/covasna45.ro\\\/#organization\"},\"potentialAction\":[{\"@type\":\"SearchAction\",\"target\":{\"@type\":\"EntryPoint\",\"urlTemplate\":\"https:\\\/\\\/covasna45.ro\\\/?s={search_term_string}\"},\"query-input\":{\"@type\":\"PropertyValueSpecification\",\"valueRequired\":true,\"valueName\":\"search_term_string\"}}],\"inLanguage\":\"ro-RO\"},{\"@type\":\"Organization\",\"@id\":\"https:\\\/\\\/covasna45.ro\\\/#organization\",\"name\":\"covasna45.ro\",\"url\":\"https:\\\/\\\/covasna45.ro\\\/\",\"logo\":{\"@type\":\"ImageObject\",\"inLanguage\":\"ro-RO\",\"@id\":\"https:\\\/\\\/covasna45.ro\\\/#\\\/schema\\\/logo\\\/image\\\/\",\"url\":\"https:\\\/\\\/covasna45.ro\\\/wp-content\\\/uploads\\\/2023\\\/01\\\/icon_logo.png\",\"contentUrl\":\"https:\\\/\\\/covasna45.ro\\\/wp-content\\\/uploads\\\/2023\\\/01\\\/icon_logo.png\",\"width\":1900,\"height\":1900,\"caption\":\"covasna45.ro\"},\"image\":{\"@id\":\"https:\\\/\\\/covasna45.ro\\\/#\\\/schema\\\/logo\\\/image\\\/\"}},{\"@type\":\"Person\",\"@id\":\"https:\\\/\\\/covasna45.ro\\\/#\\\/schema\\\/person\\\/e674052bd7d95d70bbb007a1060ab73c\",\"name\":\"Covasna45\",\"image\":{\"@type\":\"ImageObject\",\"inLanguage\":\"ro-RO\",\"@id\":\"https:\\\/\\\/covasna45.ro\\\/wp-content\\\/uploads\\\/2025\\\/10\\\/icon_logo_covasna45-150x150.png\",\"url\":\"https:\\\/\\\/covasna45.ro\\\/wp-content\\\/uploads\\\/2025\\\/10\\\/icon_logo_covasna45-150x150.png\",\"contentUrl\":\"https:\\\/\\\/covasna45.ro\\\/wp-content\\\/uploads\\\/2025\\\/10\\\/icon_logo_covasna45-150x150.png\",\"caption\":\"Covasna45\"},\"sameAs\":[\"https:\\\/\\\/covasna45.ro\"],\"url\":\"https:\\\/\\\/covasna45.ro\\\/index.php\\\/author\\\/covasna\\\/\"}]}<\/script>\n<!-- \/ Yoast SEO plugin. -->","yoast_head_json":{"title":"M\u00e1rk Tam\u00e1s a semnat cu echipa lui Mutu \u0219i \u00eei r\u0103spunde lui L\u00e1szlo Di\u00f3szegi - Covasna45","description":"M\u00e1rk Tam\u00e1s \u00eei r\u0103spunde lui L\u00e1szlo Di\u00f3szegi, patronul lui Sepsi OSK, cel care l-a acuzat de cur\u00e2nd pe funda\u0219ul central","robots":{"index":"index","follow":"follow","max-snippet":"max-snippet:-1","max-image-preview":"max-image-preview:large","max-video-preview":"max-video-preview:-1"},"canonical":"https:\/\/covasna45.ro\/index.php\/sport\/mark-tamas-a-semnat-cu-echipa-lui-mutu-si-ii-raspunde-lui-laszlo-dioszegi\/","og_locale":"ro_RO","og_type":"article","og_title":"M\u00e1rk Tam\u00e1s a semnat cu echipa lui Mutu \u0219i \u00eei r\u0103spunde lui L\u00e1szlo Di\u00f3szegi - Covasna45","og_description":"M\u00e1rk Tam\u00e1s \u00eei r\u0103spunde lui L\u00e1szlo Di\u00f3szegi, patronul lui Sepsi OSK, cel care l-a acuzat de cur\u00e2nd pe funda\u0219ul central","og_url":"https:\/\/covasna45.ro\/index.php\/sport\/mark-tamas-a-semnat-cu-echipa-lui-mutu-si-ii-raspunde-lui-laszlo-dioszegi\/","og_site_name":"Covasna45","article_published_time":"2023-07-24T14:18:20+00:00","article_modified_time":"2023-07-24T14:24:04+00:00","og_image":[{"width":900,"height":602,"url":"https:\/\/covasna45.ro\/wp-content\/uploads\/2023\/07\/Mark-Tamas.jpg","type":"image\/jpeg"}],"author":"Covasna45","twitter_card":"summary_large_image","twitter_misc":{"Scris de":"Covasna45","Timp estimat pentru citire":"2 minute"},"schema":{"@context":"https:\/\/schema.org","@graph":[{"@type":"Article","@id":"https:\/\/covasna45.ro\/index.php\/sport\/mark-tamas-a-semnat-cu-echipa-lui-mutu-si-ii-raspunde-lui-laszlo-dioszegi\/#article","isPartOf":{"@id":"https:\/\/covasna45.ro\/index.php\/sport\/mark-tamas-a-semnat-cu-echipa-lui-mutu-si-ii-raspunde-lui-laszlo-dioszegi\/"},"author":{"name":"Covasna45","@id":"https:\/\/covasna45.ro\/#\/schema\/person\/e674052bd7d95d70bbb007a1060ab73c"},"headline":"M\u00e1rk Tam\u00e1s a semnat cu echipa lui Mutu \u0219i \u00eei r\u0103spunde lui L\u00e1szlo Di\u00f3szegi","datePublished":"2023-07-24T14:18:20+00:00","dateModified":"2023-07-24T14:24:04+00:00","mainEntityOfPage":{"@id":"https:\/\/covasna45.ro\/index.php\/sport\/mark-tamas-a-semnat-cu-echipa-lui-mutu-si-ii-raspunde-lui-laszlo-dioszegi\/"},"wordCount":351,"commentCount":0,"publisher":{"@id":"https:\/\/covasna45.ro\/#organization"},"image":{"@id":"https:\/\/covasna45.ro\/index.php\/sport\/mark-tamas-a-semnat-cu-echipa-lui-mutu-si-ii-raspunde-lui-laszlo-dioszegi\/#primaryimage"},"thumbnailUrl":"https:\/\/covasna45.ro\/wp-content\/uploads\/2023\/07\/Mark-Tamas.jpg","keywords":["L\u00e1szlo Di\u00f3szegi","M\u00e1rk Tam\u00e1s","Sepsi OSK","Transfer"],"articleSection":["Sport"],"inLanguage":"ro-RO","potentialAction":[{"@type":"CommentAction","name":"Comment","target":["https:\/\/covasna45.ro\/index.php\/sport\/mark-tamas-a-semnat-cu-echipa-lui-mutu-si-ii-raspunde-lui-laszlo-dioszegi\/#respond"]}]},{"@type":"WebPage","@id":"https:\/\/covasna45.ro\/index.php\/sport\/mark-tamas-a-semnat-cu-echipa-lui-mutu-si-ii-raspunde-lui-laszlo-dioszegi\/","url":"https:\/\/covasna45.ro\/index.php\/sport\/mark-tamas-a-semnat-cu-echipa-lui-mutu-si-ii-raspunde-lui-laszlo-dioszegi\/","name":"M\u00e1rk Tam\u00e1s a semnat cu echipa lui Mutu \u0219i \u00eei r\u0103spunde lui L\u00e1szlo Di\u00f3szegi - Covasna45","isPartOf":{"@id":"https:\/\/covasna45.ro\/#website"},"primaryImageOfPage":{"@id":"https:\/\/covasna45.ro\/index.php\/sport\/mark-tamas-a-semnat-cu-echipa-lui-mutu-si-ii-raspunde-lui-laszlo-dioszegi\/#primaryimage"},"image":{"@id":"https:\/\/covasna45.ro\/index.php\/sport\/mark-tamas-a-semnat-cu-echipa-lui-mutu-si-ii-raspunde-lui-laszlo-dioszegi\/#primaryimage"},"thumbnailUrl":"https:\/\/covasna45.ro\/wp-content\/uploads\/2023\/07\/Mark-Tamas.jpg","datePublished":"2023-07-24T14:18:20+00:00","dateModified":"2023-07-24T14:24:04+00:00","description":"M\u00e1rk Tam\u00e1s \u00eei r\u0103spunde lui L\u00e1szlo Di\u00f3szegi, patronul lui Sepsi OSK, cel care l-a acuzat de cur\u00e2nd pe funda\u0219ul central","breadcrumb":{"@id":"https:\/\/covasna45.ro\/index.php\/sport\/mark-tamas-a-semnat-cu-echipa-lui-mutu-si-ii-raspunde-lui-laszlo-dioszegi\/#breadcrumb"},"inLanguage":"ro-RO","potentialAction":[{"@type":"ReadAction","target":["https:\/\/covasna45.ro\/index.php\/sport\/mark-tamas-a-semnat-cu-echipa-lui-mutu-si-ii-raspunde-lui-laszlo-dioszegi\/"]}]},{"@type":"ImageObject","inLanguage":"ro-RO","@id":"https:\/\/covasna45.ro\/index.php\/sport\/mark-tamas-a-semnat-cu-echipa-lui-mutu-si-ii-raspunde-lui-laszlo-dioszegi\/#primaryimage","url":"https:\/\/covasna45.ro\/wp-content\/uploads\/2023\/07\/Mark-Tamas.jpg","contentUrl":"https:\/\/covasna45.ro\/wp-content\/uploads\/2023\/07\/Mark-Tamas.jpg","width":900,"height":602},{"@type":"BreadcrumbList","@id":"https:\/\/covasna45.ro\/index.php\/sport\/mark-tamas-a-semnat-cu-echipa-lui-mutu-si-ii-raspunde-lui-laszlo-dioszegi\/#breadcrumb","itemListElement":[{"@type":"ListItem","position":1,"name":"Prima pagin\u0103","item":"https:\/\/covasna45.ro\/"},{"@type":"ListItem","position":2,"name":"M\u00e1rk Tam\u00e1s a semnat cu echipa lui Mutu \u0219i \u00eei r\u0103spunde lui L\u00e1szlo Di\u00f3szegi"}]},{"@type":"WebSite","@id":"https:\/\/covasna45.ro\/#website","url":"https:\/\/covasna45.ro\/","name":"covasna45.ro","description":"","publisher":{"@id":"https:\/\/covasna45.ro\/#organization"},"potentialAction":[{"@type":"SearchAction","target":{"@type":"EntryPoint","urlTemplate":"https:\/\/covasna45.ro\/?s={search_term_string}"},"query-input":{"@type":"PropertyValueSpecification","valueRequired":true,"valueName":"search_term_string"}}],"inLanguage":"ro-RO"},{"@type":"Organization","@id":"https:\/\/covasna45.ro\/#organization","name":"covasna45.ro","url":"https:\/\/covasna45.ro\/","logo":{"@type":"ImageObject","inLanguage":"ro-RO","@id":"https:\/\/covasna45.ro\/#\/schema\/logo\/image\/","url":"https:\/\/covasna45.ro\/wp-content\/uploads\/2023\/01\/icon_logo.png","contentUrl":"https:\/\/covasna45.ro\/wp-content\/uploads\/2023\/01\/icon_logo.png","width":1900,"height":1900,"caption":"covasna45.ro"},"image":{"@id":"https:\/\/covasna45.ro\/#\/schema\/logo\/image\/"}},{"@type":"Person","@id":"https:\/\/covasna45.ro\/#\/schema\/person\/e674052bd7d95d70bbb007a1060ab73c","name":"Covasna45","image":{"@type":"ImageObject","inLanguage":"ro-RO","@id":"https:\/\/covasna45.ro\/wp-content\/uploads\/2025\/10\/icon_logo_covasna45-150x150.png","url":"https:\/\/covasna45.ro\/wp-content\/uploads\/2025\/10\/icon_logo_covasna45-150x150.png","contentUrl":"https:\/\/covasna45.ro\/wp-content\/uploads\/2025\/10\/icon_logo_covasna45-150x150.png","caption":"Covasna45"},"sameAs":["https:\/\/covasna45.ro"],"url":"https:\/\/covasna45.ro\/index.php\/author\/covasna\/"}]}},"_links":{"self":[{"href":"https:\/\/covasna45.ro\/index.php\/wp-json\/wp\/v2\/posts\/2344","targetHints":{"allow":["GET"]}}],"collection":[{"href":"https:\/\/covasna45.ro\/index.php\/wp-json\/wp\/v2\/posts"}],"about":[{"href":"https:\/\/covasna45.ro\/index.php\/wp-json\/wp\/v2\/types\/post"}],"author":[{"embeddable":true,"href":"https:\/\/covasna45.ro\/index.php\/wp-json\/wp\/v2\/users\/1"}],"replies":[{"embeddable":true,"href":"https:\/\/covasna45.ro\/index.php\/wp-json\/wp\/v2\/comments?post=2344"}],"version-history":[{"count":1,"href":"https:\/\/covasna45.ro\/index.php\/wp-json\/wp\/v2\/posts\/2344\/revisions"}],"predecessor-version":[{"id":2346,"href":"https:\/\/covasna45.ro\/index.php\/wp-json\/wp\/v2\/posts\/2344\/revisions\/2346"}],"wp:featuredmedia":[{"embeddable":true,"href":"https:\/\/covasna45.ro\/index.php\/wp-json\/wp\/v2\/media\/2345"}],"wp:attachment":[{"href":"https:\/\/covasna45.ro\/index.php\/wp-json\/wp\/v2\/media?parent=2344"}],"wp:term":[{"taxonomy":"category","embeddable":true,"href":"https:\/\/covasna45.ro\/index.php\/wp-json\/wp\/v2\/categories?post=2344"},{"taxonomy":"post_tag","embeddable":true,"href":"https:\/\/covasna45.ro\/index.php\/wp-json\/wp\/v2\/tags?post=2344"}],"curies":[{"name":"wp","href":"https:\/\/api.w.org\/{rel}","templated":true}]}}