{"id":2353,"date":"2023-07-25T09:19:33","date_gmt":"2023-07-25T07:19:33","guid":{"rendered":"https:\/\/covasna45.ro\/?p=2353"},"modified":"2023-07-25T09:19:34","modified_gmt":"2023-07-25T07:19:34","slug":"cresterea-taxelor-e-inevitabila","status":"publish","type":"post","link":"https:\/\/covasna45.ro\/index.php\/lumea-noastra\/cresterea-taxelor-e-inevitabila\/","title":{"rendered":"Cre\u0219terea taxelor e inevitabil\u0103!"},"content":{"rendered":"\n<p>Modificarea sistemului de taxe este inevitabil\u0103 pe fondul unei tot mai probabile dep\u0103\u015firi a \u0163intei de deficit bugetar pentru acest an. Problema nu poate fi rezolvat\u0103 cu c\u00e2teva reglaje. E nevoie de o abordare diferit\u0103 care s\u0103 vizeze at\u00e2t sistemul de taxare, c\u00e2t \u015fi administrarea fiscal\u0103, politica bugetar\u0103, salarizarea \u00een sectorul public, pensiile, modul \u00een care sunt cheltui\u0163i banii publici, consider\u0103 Daniel Anghel, liderul serviciilor fiscale \u015fi juridice PwC Rom\u00e2nia.<\/p>\n\n\n\n<p><strong><em>\u201e&#8230;situa\u0163ia actual\u0103 are r\u0103d\u0103cini ad\u00e2nci \u00eentr-o perioad\u0103 lung\u0103 \u00een care schimb\u0103rile de taxe \u015fi impozite s-au f\u0103cut ad-hoc, f\u0103r\u0103 analize, f\u0103r\u0103 studii de impact \u015fi, practic, au sub\u0163iat baza de impozitare, afect\u00e2nd echitatea fiscal\u0103. Cu alte cuvinte avem o problem\u0103 sistemic\u0103 care nu poate fi rezolvat\u0103 cu c\u00e2teva reglaje, ci printr-o abordare diferit\u0103 care s\u0103 vizeze at\u00e2t sistemul de taxare, c\u00e2t \u015fi administrarea fiscal\u0103, politica bugetar\u0103, salarizarea \u00een sectorul public, pensiile, modul \u00een care sunt cheltui\u0163i banii publici, pentru c\u0103 \u00een caz contrar, ne vom confrunta din nou cu acelea\u015fi probleme ca cele care trebuie rezolvate ast\u0103zi\u201d,<\/em><\/strong> sus\u0163ine Anghel.<\/p>\n\n\n\n<p>Potrivit acestuia, situa\u0163ia finan\u0163elor publice este bine cunoscut\u0103, de aici \u015fi obiectivele asumate prin PNRR la capitolul reforma fiscal\u0103, care au scopul de a remedia problemele actuale. \u00cen acest context, reprezentantul PwC aminte\u015fte c\u0103 Banca Mondial\u0103 (BM) a livrat un raport de analiz\u0103 a sistemului fiscal la finalul anului trecut, care ar fi trebuit s\u0103 fie publicat \u015fi pus \u00een dezbatere public\u0103 la acel moment.<br>Tot conform jaloanelor asumate prin PNRR, \u00een primul trimestru din 2023, ar fi trebuit s\u0103 aib\u0103 loc <strong><em>\u201eintrarea \u00een vigoare a modific\u0103rilor aduse Codului fiscal \u00een vederea reducerii \u015fi\/sau elimin\u0103rii altor stimulente fiscale cu scopul de a simplifica sistemul fiscal, de a-l face mai eficient, mai transparent \u015fi mai echitabil p\u00e2n\u0103 \u00een 2024 \u015fi legisla\u0163ia de extindere a impozit\u0103rii ecologice\u201d.<\/em><\/strong><\/p>\n\n\n\n<h2 class=\"wp-block-heading\">Modific\u0103ri propuse de Banca Mondial\u0103<\/h2>\n\n\n\n<p>Modific\u0103rile propuse de BM pentru 2023 vizeaz\u0103 printre altele: \u00eenlocuirea impozitului pe tranzac\u0163ii cu un impozit pe c\u00e2\u015ftigurile de capital la v\u00e2nzarea de propriet\u0103\u0163i reziden\u0163iale, men\u0163inerea cotei de impozitare de 10% pentru c\u00e2\u015ftigurile de capital ob\u0163inute prin intermediar \u015fi cre\u015fterea cotei de impozitare a dividendelor la 10%, norme de consolidare care s\u0103 previn\u0103 divizarea artificial\u0103 a \u00eentreprinderilor cu scopul de a avea acces la regimul micro\u00eentreprinderilor, eliminarea plafonului CAS aplicat lucr\u0103torilor independen\u0163i, eliminarea unor cote reduse de TVA. <\/p>\n\n\n\n<p>Aceste propuneri urmau s\u0103 fie lansate \u00een consultare \u00eenc\u0103 de la \u00eenceputul acestui an, ceea ce ar fi dat suficient timp de analiz\u0103 \u015fi dezbatere astfel \u00eenc\u00e2t s\u0103 fie preluate acele m\u0103suri care nu creeaz\u0103 dezechilibre mai mari \u015fi sunt implementate predictibil. \u00cens\u0103 discu\u0163iile au fost am\u00e2nate, iar acum ne afl\u0103m sub presiune, fiind invocat\u0103 nevoia urgent\u0103 de a modifica fiscalitatea, chiar de la 1 septembrie, pentru ca Rom\u00e2nia s\u0103 nu suporte sanc\u0163iuni financiare, subliniaz\u0103 consultantul.<\/p>\n","protected":false},"excerpt":{"rendered":"<p>Modificarea sistemului de taxe este inevitabil\u0103 pe fondul unei tot mai probabile dep\u0103\u015firi a \u0163intei de deficit bugetar pentru acest an. Problema nu poate fi rezolvat\u0103 cu c\u00e2teva reglaje. E nevoie de o abordare diferit\u0103 care s\u0103 vizeze at\u00e2t sistemul de taxare, c\u00e2t \u015fi administrarea fiscal\u0103, politica bugetar\u0103, salarizarea \u00een sectorul public, pensiile, modul \u00een [&hellip;]<\/p>\n","protected":false},"author":1,"featured_media":2354,"comment_status":"open","ping_status":"closed","sticky":false,"template":"","format":"standard","meta":{"tdm_status":"","tdm_grid_status":"","footnotes":""},"categories":[14],"tags":[934,935,204,722,129],"class_list":{"0":"post-2353","1":"post","2":"type-post","3":"status-publish","4":"format-standard","5":"has-post-thumbnail","7":"category-lumea-noastra","8":"tag-cresteri","9":"tag-deficit","10":"tag-impozite","11":"tag-scumpiri","12":"tag-taxe"},"yoast_head":"<!-- This site is optimized with the Yoast SEO plugin v27.4 - https:\/\/yoast.com\/product\/yoast-seo-wordpress\/ -->\n<title>Cre\u0219terea taxelor e inevitabil\u0103! - Covasna45<\/title>\n<meta name=\"description\" content=\"situa\u0163ia actual\u0103 are r\u0103d\u0103cini ad\u00e2nci \u00eentr-o perioad\u0103 lung\u0103 \u00een care schimb\u0103rile de taxe \u015fi impozite s-au f\u0103cut ad-hoc, f\u0103r\u0103 analize\" \/>\n<meta name=\"robots\" content=\"index, follow, max-snippet:-1, max-image-preview:large, max-video-preview:-1\" \/>\n<link rel=\"canonical\" href=\"https:\/\/covasna45.ro\/index.php\/lumea-noastra\/cresterea-taxelor-e-inevitabila\/\" \/>\n<meta property=\"og:locale\" content=\"ro_RO\" \/>\n<meta property=\"og:type\" content=\"article\" \/>\n<meta property=\"og:title\" content=\"Cre\u0219terea taxelor e inevitabil\u0103! - Covasna45\" \/>\n<meta property=\"og:description\" content=\"situa\u0163ia actual\u0103 are r\u0103d\u0103cini ad\u00e2nci \u00eentr-o perioad\u0103 lung\u0103 \u00een care schimb\u0103rile de taxe \u015fi impozite s-au f\u0103cut ad-hoc, f\u0103r\u0103 analize\" \/>\n<meta property=\"og:url\" content=\"https:\/\/covasna45.ro\/index.php\/lumea-noastra\/cresterea-taxelor-e-inevitabila\/\" \/>\n<meta property=\"og:site_name\" content=\"Covasna45\" \/>\n<meta property=\"article:published_time\" content=\"2023-07-25T07:19:33+00:00\" \/>\n<meta property=\"article:modified_time\" content=\"2023-07-25T07:19:34+00:00\" \/>\n<meta property=\"og:image\" content=\"https:\/\/covasna45.ro\/wp-content\/uploads\/2023\/07\/taxe-impozite.jpg\" \/>\n\t<meta property=\"og:image:width\" content=\"1200\" \/>\n\t<meta property=\"og:image:height\" content=\"800\" \/>\n\t<meta property=\"og:image:type\" content=\"image\/jpeg\" \/>\n<meta name=\"author\" content=\"Covasna45\" \/>\n<meta name=\"twitter:card\" content=\"summary_large_image\" \/>\n<meta name=\"twitter:label1\" content=\"Scris de\" \/>\n\t<meta name=\"twitter:data1\" content=\"Covasna45\" \/>\n\t<meta name=\"twitter:label2\" content=\"Timp estimat pentru citire\" \/>\n\t<meta name=\"twitter:data2\" content=\"3 minute\" \/>\n<script type=\"application\/ld+json\" class=\"yoast-schema-graph\">{\"@context\":\"https:\\\/\\\/schema.org\",\"@graph\":[{\"@type\":\"Article\",\"@id\":\"https:\\\/\\\/covasna45.ro\\\/index.php\\\/lumea-noastra\\\/cresterea-taxelor-e-inevitabila\\\/#article\",\"isPartOf\":{\"@id\":\"https:\\\/\\\/covasna45.ro\\\/index.php\\\/lumea-noastra\\\/cresterea-taxelor-e-inevitabila\\\/\"},\"author\":{\"name\":\"Covasna45\",\"@id\":\"https:\\\/\\\/covasna45.ro\\\/#\\\/schema\\\/person\\\/e674052bd7d95d70bbb007a1060ab73c\"},\"headline\":\"Cre\u0219terea taxelor e inevitabil\u0103!\",\"datePublished\":\"2023-07-25T07:19:33+00:00\",\"dateModified\":\"2023-07-25T07:19:34+00:00\",\"mainEntityOfPage\":{\"@id\":\"https:\\\/\\\/covasna45.ro\\\/index.php\\\/lumea-noastra\\\/cresterea-taxelor-e-inevitabila\\\/\"},\"wordCount\":505,\"commentCount\":0,\"publisher\":{\"@id\":\"https:\\\/\\\/covasna45.ro\\\/#organization\"},\"image\":{\"@id\":\"https:\\\/\\\/covasna45.ro\\\/index.php\\\/lumea-noastra\\\/cresterea-taxelor-e-inevitabila\\\/#primaryimage\"},\"thumbnailUrl\":\"https:\\\/\\\/covasna45.ro\\\/wp-content\\\/uploads\\\/2023\\\/07\\\/taxe-impozite.jpg\",\"keywords\":[\"Cre\u0219teri\",\"Deficit\",\"Impozite\",\"Scumpiri\",\"Taxe\"],\"articleSection\":[\"Lumea noastr\u0103\"],\"inLanguage\":\"ro-RO\",\"potentialAction\":[{\"@type\":\"CommentAction\",\"name\":\"Comment\",\"target\":[\"https:\\\/\\\/covasna45.ro\\\/index.php\\\/lumea-noastra\\\/cresterea-taxelor-e-inevitabila\\\/#respond\"]}]},{\"@type\":\"WebPage\",\"@id\":\"https:\\\/\\\/covasna45.ro\\\/index.php\\\/lumea-noastra\\\/cresterea-taxelor-e-inevitabila\\\/\",\"url\":\"https:\\\/\\\/covasna45.ro\\\/index.php\\\/lumea-noastra\\\/cresterea-taxelor-e-inevitabila\\\/\",\"name\":\"Cre\u0219terea taxelor e inevitabil\u0103! - Covasna45\",\"isPartOf\":{\"@id\":\"https:\\\/\\\/covasna45.ro\\\/#website\"},\"primaryImageOfPage\":{\"@id\":\"https:\\\/\\\/covasna45.ro\\\/index.php\\\/lumea-noastra\\\/cresterea-taxelor-e-inevitabila\\\/#primaryimage\"},\"image\":{\"@id\":\"https:\\\/\\\/covasna45.ro\\\/index.php\\\/lumea-noastra\\\/cresterea-taxelor-e-inevitabila\\\/#primaryimage\"},\"thumbnailUrl\":\"https:\\\/\\\/covasna45.ro\\\/wp-content\\\/uploads\\\/2023\\\/07\\\/taxe-impozite.jpg\",\"datePublished\":\"2023-07-25T07:19:33+00:00\",\"dateModified\":\"2023-07-25T07:19:34+00:00\",\"description\":\"situa\u0163ia actual\u0103 are r\u0103d\u0103cini ad\u00e2nci \u00eentr-o perioad\u0103 lung\u0103 \u00een care schimb\u0103rile de taxe \u015fi impozite s-au f\u0103cut ad-hoc, f\u0103r\u0103 analize\",\"breadcrumb\":{\"@id\":\"https:\\\/\\\/covasna45.ro\\\/index.php\\\/lumea-noastra\\\/cresterea-taxelor-e-inevitabila\\\/#breadcrumb\"},\"inLanguage\":\"ro-RO\",\"potentialAction\":[{\"@type\":\"ReadAction\",\"target\":[\"https:\\\/\\\/covasna45.ro\\\/index.php\\\/lumea-noastra\\\/cresterea-taxelor-e-inevitabila\\\/\"]}]},{\"@type\":\"ImageObject\",\"inLanguage\":\"ro-RO\",\"@id\":\"https:\\\/\\\/covasna45.ro\\\/index.php\\\/lumea-noastra\\\/cresterea-taxelor-e-inevitabila\\\/#primaryimage\",\"url\":\"https:\\\/\\\/covasna45.ro\\\/wp-content\\\/uploads\\\/2023\\\/07\\\/taxe-impozite.jpg\",\"contentUrl\":\"https:\\\/\\\/covasna45.ro\\\/wp-content\\\/uploads\\\/2023\\\/07\\\/taxe-impozite.jpg\",\"width\":1200,\"height\":800},{\"@type\":\"BreadcrumbList\",\"@id\":\"https:\\\/\\\/covasna45.ro\\\/index.php\\\/lumea-noastra\\\/cresterea-taxelor-e-inevitabila\\\/#breadcrumb\",\"itemListElement\":[{\"@type\":\"ListItem\",\"position\":1,\"name\":\"Prima pagin\u0103\",\"item\":\"https:\\\/\\\/covasna45.ro\\\/\"},{\"@type\":\"ListItem\",\"position\":2,\"name\":\"Cre\u0219terea taxelor e inevitabil\u0103!\"}]},{\"@type\":\"WebSite\",\"@id\":\"https:\\\/\\\/covasna45.ro\\\/#website\",\"url\":\"https:\\\/\\\/covasna45.ro\\\/\",\"name\":\"covasna45.ro\",\"description\":\"\",\"publisher\":{\"@id\":\"https:\\\/\\\/covasna45.ro\\\/#organization\"},\"potentialAction\":[{\"@type\":\"SearchAction\",\"target\":{\"@type\":\"EntryPoint\",\"urlTemplate\":\"https:\\\/\\\/covasna45.ro\\\/?s={search_term_string}\"},\"query-input\":{\"@type\":\"PropertyValueSpecification\",\"valueRequired\":true,\"valueName\":\"search_term_string\"}}],\"inLanguage\":\"ro-RO\"},{\"@type\":\"Organization\",\"@id\":\"https:\\\/\\\/covasna45.ro\\\/#organization\",\"name\":\"covasna45.ro\",\"url\":\"https:\\\/\\\/covasna45.ro\\\/\",\"logo\":{\"@type\":\"ImageObject\",\"inLanguage\":\"ro-RO\",\"@id\":\"https:\\\/\\\/covasna45.ro\\\/#\\\/schema\\\/logo\\\/image\\\/\",\"url\":\"https:\\\/\\\/covasna45.ro\\\/wp-content\\\/uploads\\\/2023\\\/01\\\/icon_logo.png\",\"contentUrl\":\"https:\\\/\\\/covasna45.ro\\\/wp-content\\\/uploads\\\/2023\\\/01\\\/icon_logo.png\",\"width\":1900,\"height\":1900,\"caption\":\"covasna45.ro\"},\"image\":{\"@id\":\"https:\\\/\\\/covasna45.ro\\\/#\\\/schema\\\/logo\\\/image\\\/\"}},{\"@type\":\"Person\",\"@id\":\"https:\\\/\\\/covasna45.ro\\\/#\\\/schema\\\/person\\\/e674052bd7d95d70bbb007a1060ab73c\",\"name\":\"Covasna45\",\"image\":{\"@type\":\"ImageObject\",\"inLanguage\":\"ro-RO\",\"@id\":\"https:\\\/\\\/covasna45.ro\\\/wp-content\\\/uploads\\\/2025\\\/10\\\/icon_logo_covasna45-150x150.png\",\"url\":\"https:\\\/\\\/covasna45.ro\\\/wp-content\\\/uploads\\\/2025\\\/10\\\/icon_logo_covasna45-150x150.png\",\"contentUrl\":\"https:\\\/\\\/covasna45.ro\\\/wp-content\\\/uploads\\\/2025\\\/10\\\/icon_logo_covasna45-150x150.png\",\"caption\":\"Covasna45\"},\"sameAs\":[\"https:\\\/\\\/covasna45.ro\"],\"url\":\"https:\\\/\\\/covasna45.ro\\\/index.php\\\/author\\\/covasna\\\/\"}]}<\/script>\n<!-- \/ Yoast SEO plugin. -->","yoast_head_json":{"title":"Cre\u0219terea taxelor e inevitabil\u0103! - Covasna45","description":"situa\u0163ia actual\u0103 are r\u0103d\u0103cini ad\u00e2nci \u00eentr-o perioad\u0103 lung\u0103 \u00een care schimb\u0103rile de taxe \u015fi impozite s-au f\u0103cut ad-hoc, f\u0103r\u0103 analize","robots":{"index":"index","follow":"follow","max-snippet":"max-snippet:-1","max-image-preview":"max-image-preview:large","max-video-preview":"max-video-preview:-1"},"canonical":"https:\/\/covasna45.ro\/index.php\/lumea-noastra\/cresterea-taxelor-e-inevitabila\/","og_locale":"ro_RO","og_type":"article","og_title":"Cre\u0219terea taxelor e inevitabil\u0103! - Covasna45","og_description":"situa\u0163ia actual\u0103 are r\u0103d\u0103cini ad\u00e2nci \u00eentr-o perioad\u0103 lung\u0103 \u00een care schimb\u0103rile de taxe \u015fi impozite s-au f\u0103cut ad-hoc, f\u0103r\u0103 analize","og_url":"https:\/\/covasna45.ro\/index.php\/lumea-noastra\/cresterea-taxelor-e-inevitabila\/","og_site_name":"Covasna45","article_published_time":"2023-07-25T07:19:33+00:00","article_modified_time":"2023-07-25T07:19:34+00:00","og_image":[{"width":1200,"height":800,"url":"https:\/\/covasna45.ro\/wp-content\/uploads\/2023\/07\/taxe-impozite.jpg","type":"image\/jpeg"}],"author":"Covasna45","twitter_card":"summary_large_image","twitter_misc":{"Scris de":"Covasna45","Timp estimat pentru citire":"3 minute"},"schema":{"@context":"https:\/\/schema.org","@graph":[{"@type":"Article","@id":"https:\/\/covasna45.ro\/index.php\/lumea-noastra\/cresterea-taxelor-e-inevitabila\/#article","isPartOf":{"@id":"https:\/\/covasna45.ro\/index.php\/lumea-noastra\/cresterea-taxelor-e-inevitabila\/"},"author":{"name":"Covasna45","@id":"https:\/\/covasna45.ro\/#\/schema\/person\/e674052bd7d95d70bbb007a1060ab73c"},"headline":"Cre\u0219terea taxelor e inevitabil\u0103!","datePublished":"2023-07-25T07:19:33+00:00","dateModified":"2023-07-25T07:19:34+00:00","mainEntityOfPage":{"@id":"https:\/\/covasna45.ro\/index.php\/lumea-noastra\/cresterea-taxelor-e-inevitabila\/"},"wordCount":505,"commentCount":0,"publisher":{"@id":"https:\/\/covasna45.ro\/#organization"},"image":{"@id":"https:\/\/covasna45.ro\/index.php\/lumea-noastra\/cresterea-taxelor-e-inevitabila\/#primaryimage"},"thumbnailUrl":"https:\/\/covasna45.ro\/wp-content\/uploads\/2023\/07\/taxe-impozite.jpg","keywords":["Cre\u0219teri","Deficit","Impozite","Scumpiri","Taxe"],"articleSection":["Lumea noastr\u0103"],"inLanguage":"ro-RO","potentialAction":[{"@type":"CommentAction","name":"Comment","target":["https:\/\/covasna45.ro\/index.php\/lumea-noastra\/cresterea-taxelor-e-inevitabila\/#respond"]}]},{"@type":"WebPage","@id":"https:\/\/covasna45.ro\/index.php\/lumea-noastra\/cresterea-taxelor-e-inevitabila\/","url":"https:\/\/covasna45.ro\/index.php\/lumea-noastra\/cresterea-taxelor-e-inevitabila\/","name":"Cre\u0219terea taxelor e inevitabil\u0103! - Covasna45","isPartOf":{"@id":"https:\/\/covasna45.ro\/#website"},"primaryImageOfPage":{"@id":"https:\/\/covasna45.ro\/index.php\/lumea-noastra\/cresterea-taxelor-e-inevitabila\/#primaryimage"},"image":{"@id":"https:\/\/covasna45.ro\/index.php\/lumea-noastra\/cresterea-taxelor-e-inevitabila\/#primaryimage"},"thumbnailUrl":"https:\/\/covasna45.ro\/wp-content\/uploads\/2023\/07\/taxe-impozite.jpg","datePublished":"2023-07-25T07:19:33+00:00","dateModified":"2023-07-25T07:19:34+00:00","description":"situa\u0163ia actual\u0103 are r\u0103d\u0103cini ad\u00e2nci \u00eentr-o perioad\u0103 lung\u0103 \u00een care schimb\u0103rile de taxe \u015fi impozite s-au f\u0103cut ad-hoc, f\u0103r\u0103 analize","breadcrumb":{"@id":"https:\/\/covasna45.ro\/index.php\/lumea-noastra\/cresterea-taxelor-e-inevitabila\/#breadcrumb"},"inLanguage":"ro-RO","potentialAction":[{"@type":"ReadAction","target":["https:\/\/covasna45.ro\/index.php\/lumea-noastra\/cresterea-taxelor-e-inevitabila\/"]}]},{"@type":"ImageObject","inLanguage":"ro-RO","@id":"https:\/\/covasna45.ro\/index.php\/lumea-noastra\/cresterea-taxelor-e-inevitabila\/#primaryimage","url":"https:\/\/covasna45.ro\/wp-content\/uploads\/2023\/07\/taxe-impozite.jpg","contentUrl":"https:\/\/covasna45.ro\/wp-content\/uploads\/2023\/07\/taxe-impozite.jpg","width":1200,"height":800},{"@type":"BreadcrumbList","@id":"https:\/\/covasna45.ro\/index.php\/lumea-noastra\/cresterea-taxelor-e-inevitabila\/#breadcrumb","itemListElement":[{"@type":"ListItem","position":1,"name":"Prima pagin\u0103","item":"https:\/\/covasna45.ro\/"},{"@type":"ListItem","position":2,"name":"Cre\u0219terea taxelor e inevitabil\u0103!"}]},{"@type":"WebSite","@id":"https:\/\/covasna45.ro\/#website","url":"https:\/\/covasna45.ro\/","name":"covasna45.ro","description":"","publisher":{"@id":"https:\/\/covasna45.ro\/#organization"},"potentialAction":[{"@type":"SearchAction","target":{"@type":"EntryPoint","urlTemplate":"https:\/\/covasna45.ro\/?s={search_term_string}"},"query-input":{"@type":"PropertyValueSpecification","valueRequired":true,"valueName":"search_term_string"}}],"inLanguage":"ro-RO"},{"@type":"Organization","@id":"https:\/\/covasna45.ro\/#organization","name":"covasna45.ro","url":"https:\/\/covasna45.ro\/","logo":{"@type":"ImageObject","inLanguage":"ro-RO","@id":"https:\/\/covasna45.ro\/#\/schema\/logo\/image\/","url":"https:\/\/covasna45.ro\/wp-content\/uploads\/2023\/01\/icon_logo.png","contentUrl":"https:\/\/covasna45.ro\/wp-content\/uploads\/2023\/01\/icon_logo.png","width":1900,"height":1900,"caption":"covasna45.ro"},"image":{"@id":"https:\/\/covasna45.ro\/#\/schema\/logo\/image\/"}},{"@type":"Person","@id":"https:\/\/covasna45.ro\/#\/schema\/person\/e674052bd7d95d70bbb007a1060ab73c","name":"Covasna45","image":{"@type":"ImageObject","inLanguage":"ro-RO","@id":"https:\/\/covasna45.ro\/wp-content\/uploads\/2025\/10\/icon_logo_covasna45-150x150.png","url":"https:\/\/covasna45.ro\/wp-content\/uploads\/2025\/10\/icon_logo_covasna45-150x150.png","contentUrl":"https:\/\/covasna45.ro\/wp-content\/uploads\/2025\/10\/icon_logo_covasna45-150x150.png","caption":"Covasna45"},"sameAs":["https:\/\/covasna45.ro"],"url":"https:\/\/covasna45.ro\/index.php\/author\/covasna\/"}]}},"_links":{"self":[{"href":"https:\/\/covasna45.ro\/index.php\/wp-json\/wp\/v2\/posts\/2353","targetHints":{"allow":["GET"]}}],"collection":[{"href":"https:\/\/covasna45.ro\/index.php\/wp-json\/wp\/v2\/posts"}],"about":[{"href":"https:\/\/covasna45.ro\/index.php\/wp-json\/wp\/v2\/types\/post"}],"author":[{"embeddable":true,"href":"https:\/\/covasna45.ro\/index.php\/wp-json\/wp\/v2\/users\/1"}],"replies":[{"embeddable":true,"href":"https:\/\/covasna45.ro\/index.php\/wp-json\/wp\/v2\/comments?post=2353"}],"version-history":[{"count":1,"href":"https:\/\/covasna45.ro\/index.php\/wp-json\/wp\/v2\/posts\/2353\/revisions"}],"predecessor-version":[{"id":2355,"href":"https:\/\/covasna45.ro\/index.php\/wp-json\/wp\/v2\/posts\/2353\/revisions\/2355"}],"wp:featuredmedia":[{"embeddable":true,"href":"https:\/\/covasna45.ro\/index.php\/wp-json\/wp\/v2\/media\/2354"}],"wp:attachment":[{"href":"https:\/\/covasna45.ro\/index.php\/wp-json\/wp\/v2\/media?parent=2353"}],"wp:term":[{"taxonomy":"category","embeddable":true,"href":"https:\/\/covasna45.ro\/index.php\/wp-json\/wp\/v2\/categories?post=2353"},{"taxonomy":"post_tag","embeddable":true,"href":"https:\/\/covasna45.ro\/index.php\/wp-json\/wp\/v2\/tags?post=2353"}],"curies":[{"name":"wp","href":"https:\/\/api.w.org\/{rel}","templated":true}]}}