{"id":2419,"date":"2023-07-31T09:38:51","date_gmt":"2023-07-31T07:38:51","guid":{"rendered":"https:\/\/covasna45.ro\/?p=2419"},"modified":"2023-07-31T09:38:52","modified_gmt":"2023-07-31T07:38:52","slug":"peter-szijjarto-deranjat-de-cum-este-vazuta-ungaria-in-ue","status":"publish","type":"post","link":"https:\/\/covasna45.ro\/index.php\/lumea-larga\/peter-szijjarto-deranjat-de-cum-este-vazuta-ungaria-in-ue\/","title":{"rendered":"P\u00e9ter Szijj\u00e1rt\u00f3, deranjat de cum este v\u0103zut\u0103 Ungaria \u00een UE"},"content":{"rendered":"\n<p>UE sus\u021bine c\u0103 deocamdat\u0103 nu sunt condi\u021bii prielnice pentru negocieri privind solu\u0163ionarea conflictului. Argumentele UE sunt pref\u0103cute \u015fi contraproductive, sus\u021bine ministrul de externe maghiar. <\/p>\n\n\n\n<p>Ungaria continu\u0103 s\u0103 solicite \u00eencetarea focului \u015fi negocieri de pace c\u00e2t mai cur\u00e2nd posibil, a declarat ministrul afacerilor externe \u015fi comer\u0163ului exterior, P\u00e9ter Szijj\u00e1rt\u00f3, potrivit MTI.<\/p>\n\n\n\n<p>Ministrul a sus\u021binut c\u0103 de la invadarea Ucrainei, Europa s-a scufundat \u00eentr-o psihoz\u0103 a r\u0103zboiului. Politica extern\u0103 comun\u0103 s-a redus la aceast\u0103 problem\u0103 unic\u0103.<\/p>\n\n\n\n<h2 class=\"wp-block-heading\">\u201eDe 500 de zile nu vorbim dec\u00e2t despre r\u0103zboi!\u201d<\/h2>\n\n\n\n<p><strong><em>\u201eDe mai bine de 500 de zile nu vorbim dec\u00e2t despre r\u0103zboi. Cu toate c\u0103 \u015ftim exact ce crede fiecare despre acest r\u0103zboi. Practic, toat\u0103 lumea g\u00e2nde\u015fte la fel. Acest r\u0103zboi este r\u0103u, este brutal, \u00een acest r\u0103zboi mor oameni. O \u0163ar\u0103 este practic distrus\u0103. R\u0103zboiul trebuie s\u0103 \u00eenceteze. Trebuie condamnat, trebuie indicat \u00een mod clar cine este agresorul \u015fi cine este victima\u201d,<\/em><\/strong> a spus ministrul.<\/p>\n\n\n\n<p><strong><em>\u201eDegeaba \u00eencearc\u0103 unii s\u0103 demonstreze contrariul, aceste aspecte nu se discut\u0103. Dar de 500 de zile nu vorbim dec\u00e2t despre asta (\u2026) Iar c\u00e2nd noi cerem s\u0103 vorbim despre pace, ni se spune c\u0103 suntem oamenii lui Putin, propagandi\u015fti ai Kremlinului, prietenii sau spionii ru\u015filor \u015fi a\u015fa mai departe\u201d, <\/em><\/strong>a argumentat el.<\/p>\n\n\n\n<p><strong><em>\u201eEu \u00eens\u0103 cred c\u0103 este \u00een interesul Ucrainei, al poporului ucrainean, al Europei \u015fi chiar al \u00eentregii lumi ca \u00een sf\u00e2r\u015fit s\u0103 fie pace\u201d,<\/em><\/strong> a ad\u0103ugat ministrul.<\/p>\n\n\n\n<p>El a calificat drept o ipocrizie faptul c\u0103 UE cere imediat \u00eencetarea focului \u015fi negocieri de pace \u00een leg\u0103tur\u0103 cu conflictele armate din alte p\u0103r\u0163i ale lumii, \u00een cazul Ucrainei \u00eens\u0103 nu se \u00eent\u00e2mpl\u0103 acela\u015fi lucru, iar aceast\u0103 duplicitate este inacceptabil\u0103 \u015fi d\u0103un\u0103toare.<\/p>\n\n\n\n<h2 class=\"wp-block-heading\">\u201eSuntem singurii din Europa care sus\u0163inem necesitatea p\u0103cii<\/h2>\n\n\n\n<p>Szijj\u00e1rt\u00f3 a spus c\u0103 argumentul este \u00eentotdeauna acela\u015fi \u015fi anume c\u0103 nu exist\u0103 \u00eenc\u0103 condi\u0163ii prielnice. <strong><em>\u201eM\u00e2ine condi\u0163iile vor fi mai neprielnice dec\u00e2t ast\u0103zi. Ieri condi\u0163iile erau mai bune dec\u00e2t sunt ast\u0103zi, pentru c\u0103 ieri num\u0103rul mor\u0163ilor era mai mic dec\u00e2t azi. M\u00e2ine num\u0103rul lor va fi \u015fi mai mare\u201d.<\/em><\/strong><\/p>\n\n\n\n<p><strong><em>\u201eA\u015fadar, argumentul \u00eempotriva p\u0103cii pe care \u00eel auzim din partea colegilor no\u015ftri din UE este pref\u0103cut, inacceptabil \u015fi contraproductiv\u201d,<\/em><\/strong> a sus\u021binut el. \u201e<strong><em>\u00cen pofida atacurilor la adresa noastr\u0103, azi noi suntem singurii din Europa care sus\u0163inem necesitatea p\u0103cii.\u201d<\/em><\/strong><\/p>\n","protected":false},"excerpt":{"rendered":"<p>UE sus\u021bine c\u0103 deocamdat\u0103 nu sunt condi\u021bii prielnice pentru negocieri privind solu\u0163ionarea conflictului. Argumentele UE sunt pref\u0103cute \u015fi contraproductive, sus\u021bine ministrul de externe maghiar. Ungaria continu\u0103 s\u0103 solicite \u00eencetarea focului \u015fi negocieri de pace c\u00e2t mai cur\u00e2nd posibil, a declarat ministrul afacerilor externe \u015fi comer\u0163ului exterior, P\u00e9ter Szijj\u00e1rt\u00f3, potrivit MTI. Ministrul a sus\u021binut c\u0103 de [&hellip;]<\/p>\n","protected":false},"author":1,"featured_media":2420,"comment_status":"open","ping_status":"closed","sticky":false,"template":"","format":"standard","meta":{"tdm_status":"","tdm_grid_status":"","footnotes":""},"categories":[10],"tags":[116,47,108],"class_list":{"0":"post-2419","1":"post","2":"type-post","3":"status-publish","4":"format-standard","5":"has-post-thumbnail","7":"category-lumea-larga","8":"tag-ucraina","9":"tag-ue","10":"tag-ungaria"},"yoast_head":"<!-- This site is optimized with the Yoast SEO plugin v27.5 - https:\/\/yoast.com\/product\/yoast-seo-wordpress\/ -->\n<title>P\u00e9ter Szijj\u00e1rt\u00f3, deranjat de cum este v\u0103zut\u0103 Ungaria \u00een UE - Covasna45<\/title>\n<meta name=\"description\" content=\"A\u015fadar, argumentul \u00eempotriva p\u0103cii pe care \u00eel auzim din partea colegilor no\u015ftri din UE este pref\u0103cut, inacceptabil \u015fi contraproductiv.\" \/>\n<meta name=\"robots\" content=\"index, follow, max-snippet:-1, max-image-preview:large, max-video-preview:-1\" \/>\n<link rel=\"canonical\" href=\"https:\/\/covasna45.ro\/index.php\/lumea-larga\/peter-szijjarto-deranjat-de-cum-este-vazuta-ungaria-in-ue\/\" \/>\n<meta property=\"og:locale\" content=\"ro_RO\" \/>\n<meta property=\"og:type\" content=\"article\" \/>\n<meta property=\"og:title\" content=\"P\u00e9ter Szijj\u00e1rt\u00f3, deranjat de cum este v\u0103zut\u0103 Ungaria \u00een UE - Covasna45\" \/>\n<meta property=\"og:description\" content=\"A\u015fadar, argumentul \u00eempotriva p\u0103cii pe care \u00eel auzim din partea colegilor no\u015ftri din UE este pref\u0103cut, inacceptabil \u015fi contraproductiv.\" \/>\n<meta property=\"og:url\" content=\"https:\/\/covasna45.ro\/index.php\/lumea-larga\/peter-szijjarto-deranjat-de-cum-este-vazuta-ungaria-in-ue\/\" \/>\n<meta property=\"og:site_name\" content=\"Covasna45\" \/>\n<meta property=\"article:published_time\" content=\"2023-07-31T07:38:51+00:00\" \/>\n<meta property=\"article:modified_time\" content=\"2023-07-31T07:38:52+00:00\" \/>\n<meta property=\"og:image\" content=\"https:\/\/covasna45.ro\/wp-content\/uploads\/2023\/07\/Peter-Szijjarto-2.jpg\" \/>\n\t<meta property=\"og:image:width\" content=\"800\" \/>\n\t<meta property=\"og:image:height\" content=\"533\" \/>\n\t<meta property=\"og:image:type\" content=\"image\/jpeg\" \/>\n<meta name=\"author\" content=\"Covasna45\" \/>\n<meta name=\"twitter:card\" content=\"summary_large_image\" \/>\n<meta name=\"twitter:label1\" content=\"Scris de\" \/>\n\t<meta name=\"twitter:data1\" content=\"Covasna45\" \/>\n\t<meta name=\"twitter:label2\" content=\"Timp estimat pentru citire\" \/>\n\t<meta name=\"twitter:data2\" content=\"2 minute\" \/>\n<script type=\"application\/ld+json\" class=\"yoast-schema-graph\">{\"@context\":\"https:\\\/\\\/schema.org\",\"@graph\":[{\"@type\":\"Article\",\"@id\":\"https:\\\/\\\/covasna45.ro\\\/index.php\\\/lumea-larga\\\/peter-szijjarto-deranjat-de-cum-este-vazuta-ungaria-in-ue\\\/#article\",\"isPartOf\":{\"@id\":\"https:\\\/\\\/covasna45.ro\\\/index.php\\\/lumea-larga\\\/peter-szijjarto-deranjat-de-cum-este-vazuta-ungaria-in-ue\\\/\"},\"author\":{\"name\":\"Covasna45\",\"@id\":\"https:\\\/\\\/covasna45.ro\\\/#\\\/schema\\\/person\\\/e674052bd7d95d70bbb007a1060ab73c\"},\"headline\":\"P\u00e9ter Szijj\u00e1rt\u00f3, deranjat de cum este v\u0103zut\u0103 Ungaria \u00een UE\",\"datePublished\":\"2023-07-31T07:38:51+00:00\",\"dateModified\":\"2023-07-31T07:38:52+00:00\",\"mainEntityOfPage\":{\"@id\":\"https:\\\/\\\/covasna45.ro\\\/index.php\\\/lumea-larga\\\/peter-szijjarto-deranjat-de-cum-este-vazuta-ungaria-in-ue\\\/\"},\"wordCount\":438,\"commentCount\":0,\"publisher\":{\"@id\":\"https:\\\/\\\/covasna45.ro\\\/#organization\"},\"image\":{\"@id\":\"https:\\\/\\\/covasna45.ro\\\/index.php\\\/lumea-larga\\\/peter-szijjarto-deranjat-de-cum-este-vazuta-ungaria-in-ue\\\/#primaryimage\"},\"thumbnailUrl\":\"https:\\\/\\\/covasna45.ro\\\/wp-content\\\/uploads\\\/2023\\\/07\\\/Peter-Szijjarto-2.jpg\",\"keywords\":[\"Ucraina\",\"UE\",\"Ungaria\"],\"articleSection\":[\"Lumea larg\u0103\"],\"inLanguage\":\"ro-RO\",\"potentialAction\":[{\"@type\":\"CommentAction\",\"name\":\"Comment\",\"target\":[\"https:\\\/\\\/covasna45.ro\\\/index.php\\\/lumea-larga\\\/peter-szijjarto-deranjat-de-cum-este-vazuta-ungaria-in-ue\\\/#respond\"]}]},{\"@type\":\"WebPage\",\"@id\":\"https:\\\/\\\/covasna45.ro\\\/index.php\\\/lumea-larga\\\/peter-szijjarto-deranjat-de-cum-este-vazuta-ungaria-in-ue\\\/\",\"url\":\"https:\\\/\\\/covasna45.ro\\\/index.php\\\/lumea-larga\\\/peter-szijjarto-deranjat-de-cum-este-vazuta-ungaria-in-ue\\\/\",\"name\":\"P\u00e9ter Szijj\u00e1rt\u00f3, deranjat de cum este v\u0103zut\u0103 Ungaria \u00een UE - Covasna45\",\"isPartOf\":{\"@id\":\"https:\\\/\\\/covasna45.ro\\\/#website\"},\"primaryImageOfPage\":{\"@id\":\"https:\\\/\\\/covasna45.ro\\\/index.php\\\/lumea-larga\\\/peter-szijjarto-deranjat-de-cum-este-vazuta-ungaria-in-ue\\\/#primaryimage\"},\"image\":{\"@id\":\"https:\\\/\\\/covasna45.ro\\\/index.php\\\/lumea-larga\\\/peter-szijjarto-deranjat-de-cum-este-vazuta-ungaria-in-ue\\\/#primaryimage\"},\"thumbnailUrl\":\"https:\\\/\\\/covasna45.ro\\\/wp-content\\\/uploads\\\/2023\\\/07\\\/Peter-Szijjarto-2.jpg\",\"datePublished\":\"2023-07-31T07:38:51+00:00\",\"dateModified\":\"2023-07-31T07:38:52+00:00\",\"description\":\"A\u015fadar, argumentul \u00eempotriva p\u0103cii pe care \u00eel auzim din partea colegilor no\u015ftri din UE este pref\u0103cut, inacceptabil \u015fi contraproductiv.\",\"breadcrumb\":{\"@id\":\"https:\\\/\\\/covasna45.ro\\\/index.php\\\/lumea-larga\\\/peter-szijjarto-deranjat-de-cum-este-vazuta-ungaria-in-ue\\\/#breadcrumb\"},\"inLanguage\":\"ro-RO\",\"potentialAction\":[{\"@type\":\"ReadAction\",\"target\":[\"https:\\\/\\\/covasna45.ro\\\/index.php\\\/lumea-larga\\\/peter-szijjarto-deranjat-de-cum-este-vazuta-ungaria-in-ue\\\/\"]}]},{\"@type\":\"ImageObject\",\"inLanguage\":\"ro-RO\",\"@id\":\"https:\\\/\\\/covasna45.ro\\\/index.php\\\/lumea-larga\\\/peter-szijjarto-deranjat-de-cum-este-vazuta-ungaria-in-ue\\\/#primaryimage\",\"url\":\"https:\\\/\\\/covasna45.ro\\\/wp-content\\\/uploads\\\/2023\\\/07\\\/Peter-Szijjarto-2.jpg\",\"contentUrl\":\"https:\\\/\\\/covasna45.ro\\\/wp-content\\\/uploads\\\/2023\\\/07\\\/Peter-Szijjarto-2.jpg\",\"width\":800,\"height\":533},{\"@type\":\"BreadcrumbList\",\"@id\":\"https:\\\/\\\/covasna45.ro\\\/index.php\\\/lumea-larga\\\/peter-szijjarto-deranjat-de-cum-este-vazuta-ungaria-in-ue\\\/#breadcrumb\",\"itemListElement\":[{\"@type\":\"ListItem\",\"position\":1,\"name\":\"Prima pagin\u0103\",\"item\":\"https:\\\/\\\/covasna45.ro\\\/\"},{\"@type\":\"ListItem\",\"position\":2,\"name\":\"P\u00e9ter Szijj\u00e1rt\u00f3, deranjat de cum este v\u0103zut\u0103 Ungaria \u00een UE\"}]},{\"@type\":\"WebSite\",\"@id\":\"https:\\\/\\\/covasna45.ro\\\/#website\",\"url\":\"https:\\\/\\\/covasna45.ro\\\/\",\"name\":\"covasna45.ro\",\"description\":\"\",\"publisher\":{\"@id\":\"https:\\\/\\\/covasna45.ro\\\/#organization\"},\"potentialAction\":[{\"@type\":\"SearchAction\",\"target\":{\"@type\":\"EntryPoint\",\"urlTemplate\":\"https:\\\/\\\/covasna45.ro\\\/?s={search_term_string}\"},\"query-input\":{\"@type\":\"PropertyValueSpecification\",\"valueRequired\":true,\"valueName\":\"search_term_string\"}}],\"inLanguage\":\"ro-RO\"},{\"@type\":\"Organization\",\"@id\":\"https:\\\/\\\/covasna45.ro\\\/#organization\",\"name\":\"covasna45.ro\",\"url\":\"https:\\\/\\\/covasna45.ro\\\/\",\"logo\":{\"@type\":\"ImageObject\",\"inLanguage\":\"ro-RO\",\"@id\":\"https:\\\/\\\/covasna45.ro\\\/#\\\/schema\\\/logo\\\/image\\\/\",\"url\":\"https:\\\/\\\/covasna45.ro\\\/wp-content\\\/uploads\\\/2023\\\/01\\\/icon_logo.png\",\"contentUrl\":\"https:\\\/\\\/covasna45.ro\\\/wp-content\\\/uploads\\\/2023\\\/01\\\/icon_logo.png\",\"width\":1900,\"height\":1900,\"caption\":\"covasna45.ro\"},\"image\":{\"@id\":\"https:\\\/\\\/covasna45.ro\\\/#\\\/schema\\\/logo\\\/image\\\/\"}},{\"@type\":\"Person\",\"@id\":\"https:\\\/\\\/covasna45.ro\\\/#\\\/schema\\\/person\\\/e674052bd7d95d70bbb007a1060ab73c\",\"name\":\"Covasna45\",\"image\":{\"@type\":\"ImageObject\",\"inLanguage\":\"ro-RO\",\"@id\":\"https:\\\/\\\/covasna45.ro\\\/wp-content\\\/uploads\\\/2025\\\/10\\\/icon_logo_covasna45-150x150.png\",\"url\":\"https:\\\/\\\/covasna45.ro\\\/wp-content\\\/uploads\\\/2025\\\/10\\\/icon_logo_covasna45-150x150.png\",\"contentUrl\":\"https:\\\/\\\/covasna45.ro\\\/wp-content\\\/uploads\\\/2025\\\/10\\\/icon_logo_covasna45-150x150.png\",\"caption\":\"Covasna45\"},\"sameAs\":[\"https:\\\/\\\/covasna45.ro\"],\"url\":\"https:\\\/\\\/covasna45.ro\\\/index.php\\\/author\\\/covasna\\\/\"}]}<\/script>\n<!-- \/ Yoast SEO plugin. -->","yoast_head_json":{"title":"P\u00e9ter Szijj\u00e1rt\u00f3, deranjat de cum este v\u0103zut\u0103 Ungaria \u00een UE - Covasna45","description":"A\u015fadar, argumentul \u00eempotriva p\u0103cii pe care \u00eel auzim din partea colegilor no\u015ftri din UE este pref\u0103cut, inacceptabil \u015fi contraproductiv.","robots":{"index":"index","follow":"follow","max-snippet":"max-snippet:-1","max-image-preview":"max-image-preview:large","max-video-preview":"max-video-preview:-1"},"canonical":"https:\/\/covasna45.ro\/index.php\/lumea-larga\/peter-szijjarto-deranjat-de-cum-este-vazuta-ungaria-in-ue\/","og_locale":"ro_RO","og_type":"article","og_title":"P\u00e9ter Szijj\u00e1rt\u00f3, deranjat de cum este v\u0103zut\u0103 Ungaria \u00een UE - Covasna45","og_description":"A\u015fadar, argumentul \u00eempotriva p\u0103cii pe care \u00eel auzim din partea colegilor no\u015ftri din UE este pref\u0103cut, inacceptabil \u015fi contraproductiv.","og_url":"https:\/\/covasna45.ro\/index.php\/lumea-larga\/peter-szijjarto-deranjat-de-cum-este-vazuta-ungaria-in-ue\/","og_site_name":"Covasna45","article_published_time":"2023-07-31T07:38:51+00:00","article_modified_time":"2023-07-31T07:38:52+00:00","og_image":[{"width":800,"height":533,"url":"https:\/\/covasna45.ro\/wp-content\/uploads\/2023\/07\/Peter-Szijjarto-2.jpg","type":"image\/jpeg"}],"author":"Covasna45","twitter_card":"summary_large_image","twitter_misc":{"Scris de":"Covasna45","Timp estimat pentru citire":"2 minute"},"schema":{"@context":"https:\/\/schema.org","@graph":[{"@type":"Article","@id":"https:\/\/covasna45.ro\/index.php\/lumea-larga\/peter-szijjarto-deranjat-de-cum-este-vazuta-ungaria-in-ue\/#article","isPartOf":{"@id":"https:\/\/covasna45.ro\/index.php\/lumea-larga\/peter-szijjarto-deranjat-de-cum-este-vazuta-ungaria-in-ue\/"},"author":{"name":"Covasna45","@id":"https:\/\/covasna45.ro\/#\/schema\/person\/e674052bd7d95d70bbb007a1060ab73c"},"headline":"P\u00e9ter Szijj\u00e1rt\u00f3, deranjat de cum este v\u0103zut\u0103 Ungaria \u00een UE","datePublished":"2023-07-31T07:38:51+00:00","dateModified":"2023-07-31T07:38:52+00:00","mainEntityOfPage":{"@id":"https:\/\/covasna45.ro\/index.php\/lumea-larga\/peter-szijjarto-deranjat-de-cum-este-vazuta-ungaria-in-ue\/"},"wordCount":438,"commentCount":0,"publisher":{"@id":"https:\/\/covasna45.ro\/#organization"},"image":{"@id":"https:\/\/covasna45.ro\/index.php\/lumea-larga\/peter-szijjarto-deranjat-de-cum-este-vazuta-ungaria-in-ue\/#primaryimage"},"thumbnailUrl":"https:\/\/covasna45.ro\/wp-content\/uploads\/2023\/07\/Peter-Szijjarto-2.jpg","keywords":["Ucraina","UE","Ungaria"],"articleSection":["Lumea larg\u0103"],"inLanguage":"ro-RO","potentialAction":[{"@type":"CommentAction","name":"Comment","target":["https:\/\/covasna45.ro\/index.php\/lumea-larga\/peter-szijjarto-deranjat-de-cum-este-vazuta-ungaria-in-ue\/#respond"]}]},{"@type":"WebPage","@id":"https:\/\/covasna45.ro\/index.php\/lumea-larga\/peter-szijjarto-deranjat-de-cum-este-vazuta-ungaria-in-ue\/","url":"https:\/\/covasna45.ro\/index.php\/lumea-larga\/peter-szijjarto-deranjat-de-cum-este-vazuta-ungaria-in-ue\/","name":"P\u00e9ter Szijj\u00e1rt\u00f3, deranjat de cum este v\u0103zut\u0103 Ungaria \u00een UE - Covasna45","isPartOf":{"@id":"https:\/\/covasna45.ro\/#website"},"primaryImageOfPage":{"@id":"https:\/\/covasna45.ro\/index.php\/lumea-larga\/peter-szijjarto-deranjat-de-cum-este-vazuta-ungaria-in-ue\/#primaryimage"},"image":{"@id":"https:\/\/covasna45.ro\/index.php\/lumea-larga\/peter-szijjarto-deranjat-de-cum-este-vazuta-ungaria-in-ue\/#primaryimage"},"thumbnailUrl":"https:\/\/covasna45.ro\/wp-content\/uploads\/2023\/07\/Peter-Szijjarto-2.jpg","datePublished":"2023-07-31T07:38:51+00:00","dateModified":"2023-07-31T07:38:52+00:00","description":"A\u015fadar, argumentul \u00eempotriva p\u0103cii pe care \u00eel auzim din partea colegilor no\u015ftri din UE este pref\u0103cut, inacceptabil \u015fi contraproductiv.","breadcrumb":{"@id":"https:\/\/covasna45.ro\/index.php\/lumea-larga\/peter-szijjarto-deranjat-de-cum-este-vazuta-ungaria-in-ue\/#breadcrumb"},"inLanguage":"ro-RO","potentialAction":[{"@type":"ReadAction","target":["https:\/\/covasna45.ro\/index.php\/lumea-larga\/peter-szijjarto-deranjat-de-cum-este-vazuta-ungaria-in-ue\/"]}]},{"@type":"ImageObject","inLanguage":"ro-RO","@id":"https:\/\/covasna45.ro\/index.php\/lumea-larga\/peter-szijjarto-deranjat-de-cum-este-vazuta-ungaria-in-ue\/#primaryimage","url":"https:\/\/covasna45.ro\/wp-content\/uploads\/2023\/07\/Peter-Szijjarto-2.jpg","contentUrl":"https:\/\/covasna45.ro\/wp-content\/uploads\/2023\/07\/Peter-Szijjarto-2.jpg","width":800,"height":533},{"@type":"BreadcrumbList","@id":"https:\/\/covasna45.ro\/index.php\/lumea-larga\/peter-szijjarto-deranjat-de-cum-este-vazuta-ungaria-in-ue\/#breadcrumb","itemListElement":[{"@type":"ListItem","position":1,"name":"Prima pagin\u0103","item":"https:\/\/covasna45.ro\/"},{"@type":"ListItem","position":2,"name":"P\u00e9ter Szijj\u00e1rt\u00f3, deranjat de cum este v\u0103zut\u0103 Ungaria \u00een UE"}]},{"@type":"WebSite","@id":"https:\/\/covasna45.ro\/#website","url":"https:\/\/covasna45.ro\/","name":"covasna45.ro","description":"","publisher":{"@id":"https:\/\/covasna45.ro\/#organization"},"potentialAction":[{"@type":"SearchAction","target":{"@type":"EntryPoint","urlTemplate":"https:\/\/covasna45.ro\/?s={search_term_string}"},"query-input":{"@type":"PropertyValueSpecification","valueRequired":true,"valueName":"search_term_string"}}],"inLanguage":"ro-RO"},{"@type":"Organization","@id":"https:\/\/covasna45.ro\/#organization","name":"covasna45.ro","url":"https:\/\/covasna45.ro\/","logo":{"@type":"ImageObject","inLanguage":"ro-RO","@id":"https:\/\/covasna45.ro\/#\/schema\/logo\/image\/","url":"https:\/\/covasna45.ro\/wp-content\/uploads\/2023\/01\/icon_logo.png","contentUrl":"https:\/\/covasna45.ro\/wp-content\/uploads\/2023\/01\/icon_logo.png","width":1900,"height":1900,"caption":"covasna45.ro"},"image":{"@id":"https:\/\/covasna45.ro\/#\/schema\/logo\/image\/"}},{"@type":"Person","@id":"https:\/\/covasna45.ro\/#\/schema\/person\/e674052bd7d95d70bbb007a1060ab73c","name":"Covasna45","image":{"@type":"ImageObject","inLanguage":"ro-RO","@id":"https:\/\/covasna45.ro\/wp-content\/uploads\/2025\/10\/icon_logo_covasna45-150x150.png","url":"https:\/\/covasna45.ro\/wp-content\/uploads\/2025\/10\/icon_logo_covasna45-150x150.png","contentUrl":"https:\/\/covasna45.ro\/wp-content\/uploads\/2025\/10\/icon_logo_covasna45-150x150.png","caption":"Covasna45"},"sameAs":["https:\/\/covasna45.ro"],"url":"https:\/\/covasna45.ro\/index.php\/author\/covasna\/"}]}},"_links":{"self":[{"href":"https:\/\/covasna45.ro\/index.php\/wp-json\/wp\/v2\/posts\/2419","targetHints":{"allow":["GET"]}}],"collection":[{"href":"https:\/\/covasna45.ro\/index.php\/wp-json\/wp\/v2\/posts"}],"about":[{"href":"https:\/\/covasna45.ro\/index.php\/wp-json\/wp\/v2\/types\/post"}],"author":[{"embeddable":true,"href":"https:\/\/covasna45.ro\/index.php\/wp-json\/wp\/v2\/users\/1"}],"replies":[{"embeddable":true,"href":"https:\/\/covasna45.ro\/index.php\/wp-json\/wp\/v2\/comments?post=2419"}],"version-history":[{"count":1,"href":"https:\/\/covasna45.ro\/index.php\/wp-json\/wp\/v2\/posts\/2419\/revisions"}],"predecessor-version":[{"id":2421,"href":"https:\/\/covasna45.ro\/index.php\/wp-json\/wp\/v2\/posts\/2419\/revisions\/2421"}],"wp:featuredmedia":[{"embeddable":true,"href":"https:\/\/covasna45.ro\/index.php\/wp-json\/wp\/v2\/media\/2420"}],"wp:attachment":[{"href":"https:\/\/covasna45.ro\/index.php\/wp-json\/wp\/v2\/media?parent=2419"}],"wp:term":[{"taxonomy":"category","embeddable":true,"href":"https:\/\/covasna45.ro\/index.php\/wp-json\/wp\/v2\/categories?post=2419"},{"taxonomy":"post_tag","embeddable":true,"href":"https:\/\/covasna45.ro\/index.php\/wp-json\/wp\/v2\/tags?post=2419"}],"curies":[{"name":"wp","href":"https:\/\/api.w.org\/{rel}","templated":true}]}}