{"id":2491,"date":"2023-08-08T10:42:43","date_gmt":"2023-08-08T08:42:43","guid":{"rendered":"https:\/\/covasna45.ro\/?p=2491"},"modified":"2023-08-08T10:43:11","modified_gmt":"2023-08-08T08:43:11","slug":"ministrul-dezvoltarii-sustine-reforma-administrativ-teritoriala-a-romaniei","status":"publish","type":"post","link":"https:\/\/covasna45.ro\/index.php\/lumea-noastra\/ministrul-dezvoltarii-sustine-reforma-administrativ-teritoriala-a-romaniei\/","title":{"rendered":"Ministrul Dezvolt\u0103rii sus\u021bine reforma administrativ-teritorial\u0103 a Rom\u00e2niei"},"content":{"rendered":"\n<p>Ministrul Dezvolt\u0103rii, Adrian Ve\u015ftea, a explicat c\u0103 nu va fi suficient timp, \u00een actualul mandat, pentru reforma administrativ-teritorial\u0103 a Rom\u00e2niei, dar a subliniat c\u0103 aceast\u0103 reform\u0103 este necesar\u0103.<\/p>\n\n\n\n<p><strong><em>\u201eNu va fi timp tocmai datorit\u0103 faptului c\u0103 vorbim de o reform\u0103 care trebuie s\u0103 aib\u0103 legisla\u0163ia necesar\u0103 pentru a putea fi implementat\u0103. \u00cen prezent, vedem c\u0103 avem referendumuri doar pentru a te dezlipi de o entitate existent\u0103. Nu exist\u0103 o deschidere din partea comunit\u0103\u0163ilor de a face referendumuri pentru a comasa anumite localit\u0103\u0163i. Exist\u0103 frica ca anumite zone sau anumite localit\u0103\u0163i s\u0103 fie neglijate din punct de vedere al proiectelor care ar trebui implementate \u015fi, din acest motiv, cet\u0103\u0163enii sunt destul de rezerva\u0163i\u201d,<\/em><\/strong> a precizat Adrian Ve\u015ftea.<\/p>\n\n\n\n<h2 class=\"wp-block-heading\">Reforma: 7 sau mai multe regiuni?<\/h2>\n\n\n\n<p>\u00centrebat cum ar trebui s\u0103 arate \u00eemp\u0103r\u0163irea administrativ-teritorial\u0103, dac\u0103 ar trebui s\u0103 existe 7 regiuni, Ve\u015ftea a explicat c\u0103 \u015fi dac\u0103 ar fi mai multe regiuni, tot ar fi o reform\u0103 important\u0103.<\/p>\n\n\n\n<p><strong><em>\u201eTrebuie s\u0103 fim reali\u015fti, a r\u0103m\u00e2ne 7 regiuni \u00een Rom\u00e2nia cred c\u0103 este o situa\u0163ie care va fi destul de greu de gestionat. Dar, dac\u0103 am \u00eenjum\u0103t\u0103\u0163i sau am \u00eemp\u0103r\u0163i la 3 num\u0103rul jude\u0163elor de ast\u0103zi, totu\u015fi ar fi o reform\u0103 destul de important\u0103. Cred c\u0103 nu ar trebui s\u0103 fim at\u00e2t de radicali, dar este necesar s\u0103 avem o reform\u0103 administrativ\u0103. Ultima reform\u0103 a fost f\u0103cut\u0103 \u00een 1968, prin Legea 2. <\/em><\/strong><\/p>\n\n\n\n<p><strong><em>Ar trebui s\u0103 ajungem s\u0103 avem noi reglement\u0103ri administrativ-teritoriale, adaptate la condi\u0163iile de ast\u0103zi, \u0163in\u00e2nd cont de faptul c\u0103 \u015fi Uniunea European\u0103 nu aloc\u0103 bani dec\u00e2t \u00een momentul \u00een care vede c\u0103, de fapt, noi g\u00e2ndim un concept integral la nivelul tuturor autorit\u0103\u0163ilor publice locale\u201d,<\/em><\/strong> a mai ad\u0103ugat Adrian Ve\u015ftea.<\/p>\n","protected":false},"excerpt":{"rendered":"<p>Ministrul Dezvolt\u0103rii, Adrian Ve\u015ftea, a explicat c\u0103 nu va fi suficient timp, \u00een actualul mandat, pentru reforma administrativ-teritorial\u0103 a Rom\u00e2niei, dar a subliniat c\u0103 aceast\u0103 reform\u0103 este necesar\u0103. \u201eNu va fi timp tocmai datorit\u0103 faptului c\u0103 vorbim de o reform\u0103 care trebuie s\u0103 aib\u0103 legisla\u0163ia necesar\u0103 pentru a putea fi implementat\u0103. \u00cen prezent, vedem c\u0103 [&hellip;]<\/p>\n","protected":false},"author":1,"featured_media":2492,"comment_status":"open","ping_status":"closed","sticky":false,"template":"","format":"standard","meta":{"tdm_status":"","tdm_grid_status":"","footnotes":""},"categories":[14],"tags":[994,997,537,995,996],"class_list":{"0":"post-2491","1":"post","2":"type-post","3":"status-publish","4":"format-standard","5":"has-post-thumbnail","7":"category-lumea-noastra","8":"tag-adrian-vestea","9":"tag-judete","10":"tag-reforma","11":"tag-reforma-administrativ-teritoriala","12":"tag-regiuni"},"yoast_head":"<!-- This site is optimized with the Yoast SEO plugin v27.5 - https:\/\/yoast.com\/product\/yoast-seo-wordpress\/ -->\n<title>Ministrul Dezvolt\u0103rii sus\u021bine reforma administrativ-teritorial\u0103 a Rom\u00e2niei - Covasna45<\/title>\n<meta name=\"description\" content=\"Ministrul Dezvolt\u0103rii, Adrian Ve\u015ftea, a explicat c\u0103 nu va fi suficient timp, \u00een actualul mandat, pentru reforma administrativ-teritorial\u0103\" \/>\n<meta name=\"robots\" content=\"index, follow, max-snippet:-1, max-image-preview:large, max-video-preview:-1\" \/>\n<link rel=\"canonical\" href=\"https:\/\/covasna45.ro\/index.php\/lumea-noastra\/ministrul-dezvoltarii-sustine-reforma-administrativ-teritoriala-a-romaniei\/\" \/>\n<meta property=\"og:locale\" content=\"ro_RO\" \/>\n<meta property=\"og:type\" content=\"article\" \/>\n<meta property=\"og:title\" content=\"Ministrul Dezvolt\u0103rii sus\u021bine reforma administrativ-teritorial\u0103 a Rom\u00e2niei - Covasna45\" \/>\n<meta property=\"og:description\" content=\"Ministrul Dezvolt\u0103rii, Adrian Ve\u015ftea, a explicat c\u0103 nu va fi suficient timp, \u00een actualul mandat, pentru reforma administrativ-teritorial\u0103\" \/>\n<meta property=\"og:url\" content=\"https:\/\/covasna45.ro\/index.php\/lumea-noastra\/ministrul-dezvoltarii-sustine-reforma-administrativ-teritoriala-a-romaniei\/\" \/>\n<meta property=\"og:site_name\" content=\"Covasna45\" \/>\n<meta property=\"article:published_time\" content=\"2023-08-08T08:42:43+00:00\" \/>\n<meta property=\"article:modified_time\" content=\"2023-08-08T08:43:11+00:00\" \/>\n<meta property=\"og:image\" content=\"https:\/\/covasna45.ro\/wp-content\/uploads\/2023\/08\/reorganizare.jpg\" \/>\n\t<meta property=\"og:image:width\" content=\"757\" \/>\n\t<meta property=\"og:image:height\" content=\"540\" \/>\n\t<meta property=\"og:image:type\" content=\"image\/jpeg\" \/>\n<meta name=\"author\" content=\"Covasna45\" \/>\n<meta name=\"twitter:card\" content=\"summary_large_image\" \/>\n<meta name=\"twitter:label1\" content=\"Scris de\" \/>\n\t<meta name=\"twitter:data1\" content=\"Covasna45\" \/>\n\t<meta name=\"twitter:label2\" content=\"Timp estimat pentru citire\" \/>\n\t<meta name=\"twitter:data2\" content=\"2 minute\" \/>\n<script type=\"application\/ld+json\" class=\"yoast-schema-graph\">{\"@context\":\"https:\\\/\\\/schema.org\",\"@graph\":[{\"@type\":\"Article\",\"@id\":\"https:\\\/\\\/covasna45.ro\\\/index.php\\\/lumea-noastra\\\/ministrul-dezvoltarii-sustine-reforma-administrativ-teritoriala-a-romaniei\\\/#article\",\"isPartOf\":{\"@id\":\"https:\\\/\\\/covasna45.ro\\\/index.php\\\/lumea-noastra\\\/ministrul-dezvoltarii-sustine-reforma-administrativ-teritoriala-a-romaniei\\\/\"},\"author\":{\"name\":\"Covasna45\",\"@id\":\"https:\\\/\\\/covasna45.ro\\\/#\\\/schema\\\/person\\\/e674052bd7d95d70bbb007a1060ab73c\"},\"headline\":\"Ministrul Dezvolt\u0103rii sus\u021bine reforma administrativ-teritorial\u0103 a Rom\u00e2niei\",\"datePublished\":\"2023-08-08T08:42:43+00:00\",\"dateModified\":\"2023-08-08T08:43:11+00:00\",\"mainEntityOfPage\":{\"@id\":\"https:\\\/\\\/covasna45.ro\\\/index.php\\\/lumea-noastra\\\/ministrul-dezvoltarii-sustine-reforma-administrativ-teritoriala-a-romaniei\\\/\"},\"wordCount\":317,\"commentCount\":0,\"publisher\":{\"@id\":\"https:\\\/\\\/covasna45.ro\\\/#organization\"},\"image\":{\"@id\":\"https:\\\/\\\/covasna45.ro\\\/index.php\\\/lumea-noastra\\\/ministrul-dezvoltarii-sustine-reforma-administrativ-teritoriala-a-romaniei\\\/#primaryimage\"},\"thumbnailUrl\":\"https:\\\/\\\/covasna45.ro\\\/wp-content\\\/uploads\\\/2023\\\/08\\\/reorganizare.jpg\",\"keywords\":[\"Adrian Ve\u0219tea\",\"Jude\u021be\",\"Reform\u0103\",\"Reforma administrativ-teritorial\u0103\",\"Regiuni\"],\"articleSection\":[\"Lumea noastr\u0103\"],\"inLanguage\":\"ro-RO\",\"potentialAction\":[{\"@type\":\"CommentAction\",\"name\":\"Comment\",\"target\":[\"https:\\\/\\\/covasna45.ro\\\/index.php\\\/lumea-noastra\\\/ministrul-dezvoltarii-sustine-reforma-administrativ-teritoriala-a-romaniei\\\/#respond\"]}]},{\"@type\":\"WebPage\",\"@id\":\"https:\\\/\\\/covasna45.ro\\\/index.php\\\/lumea-noastra\\\/ministrul-dezvoltarii-sustine-reforma-administrativ-teritoriala-a-romaniei\\\/\",\"url\":\"https:\\\/\\\/covasna45.ro\\\/index.php\\\/lumea-noastra\\\/ministrul-dezvoltarii-sustine-reforma-administrativ-teritoriala-a-romaniei\\\/\",\"name\":\"Ministrul Dezvolt\u0103rii sus\u021bine reforma administrativ-teritorial\u0103 a Rom\u00e2niei - Covasna45\",\"isPartOf\":{\"@id\":\"https:\\\/\\\/covasna45.ro\\\/#website\"},\"primaryImageOfPage\":{\"@id\":\"https:\\\/\\\/covasna45.ro\\\/index.php\\\/lumea-noastra\\\/ministrul-dezvoltarii-sustine-reforma-administrativ-teritoriala-a-romaniei\\\/#primaryimage\"},\"image\":{\"@id\":\"https:\\\/\\\/covasna45.ro\\\/index.php\\\/lumea-noastra\\\/ministrul-dezvoltarii-sustine-reforma-administrativ-teritoriala-a-romaniei\\\/#primaryimage\"},\"thumbnailUrl\":\"https:\\\/\\\/covasna45.ro\\\/wp-content\\\/uploads\\\/2023\\\/08\\\/reorganizare.jpg\",\"datePublished\":\"2023-08-08T08:42:43+00:00\",\"dateModified\":\"2023-08-08T08:43:11+00:00\",\"description\":\"Ministrul Dezvolt\u0103rii, Adrian Ve\u015ftea, a explicat c\u0103 nu va fi suficient timp, \u00een actualul mandat, pentru reforma administrativ-teritorial\u0103\",\"breadcrumb\":{\"@id\":\"https:\\\/\\\/covasna45.ro\\\/index.php\\\/lumea-noastra\\\/ministrul-dezvoltarii-sustine-reforma-administrativ-teritoriala-a-romaniei\\\/#breadcrumb\"},\"inLanguage\":\"ro-RO\",\"potentialAction\":[{\"@type\":\"ReadAction\",\"target\":[\"https:\\\/\\\/covasna45.ro\\\/index.php\\\/lumea-noastra\\\/ministrul-dezvoltarii-sustine-reforma-administrativ-teritoriala-a-romaniei\\\/\"]}]},{\"@type\":\"ImageObject\",\"inLanguage\":\"ro-RO\",\"@id\":\"https:\\\/\\\/covasna45.ro\\\/index.php\\\/lumea-noastra\\\/ministrul-dezvoltarii-sustine-reforma-administrativ-teritoriala-a-romaniei\\\/#primaryimage\",\"url\":\"https:\\\/\\\/covasna45.ro\\\/wp-content\\\/uploads\\\/2023\\\/08\\\/reorganizare.jpg\",\"contentUrl\":\"https:\\\/\\\/covasna45.ro\\\/wp-content\\\/uploads\\\/2023\\\/08\\\/reorganizare.jpg\",\"width\":757,\"height\":540},{\"@type\":\"BreadcrumbList\",\"@id\":\"https:\\\/\\\/covasna45.ro\\\/index.php\\\/lumea-noastra\\\/ministrul-dezvoltarii-sustine-reforma-administrativ-teritoriala-a-romaniei\\\/#breadcrumb\",\"itemListElement\":[{\"@type\":\"ListItem\",\"position\":1,\"name\":\"Prima pagin\u0103\",\"item\":\"https:\\\/\\\/covasna45.ro\\\/\"},{\"@type\":\"ListItem\",\"position\":2,\"name\":\"Ministrul Dezvolt\u0103rii sus\u021bine reforma administrativ-teritorial\u0103 a Rom\u00e2niei\"}]},{\"@type\":\"WebSite\",\"@id\":\"https:\\\/\\\/covasna45.ro\\\/#website\",\"url\":\"https:\\\/\\\/covasna45.ro\\\/\",\"name\":\"covasna45.ro\",\"description\":\"\",\"publisher\":{\"@id\":\"https:\\\/\\\/covasna45.ro\\\/#organization\"},\"potentialAction\":[{\"@type\":\"SearchAction\",\"target\":{\"@type\":\"EntryPoint\",\"urlTemplate\":\"https:\\\/\\\/covasna45.ro\\\/?s={search_term_string}\"},\"query-input\":{\"@type\":\"PropertyValueSpecification\",\"valueRequired\":true,\"valueName\":\"search_term_string\"}}],\"inLanguage\":\"ro-RO\"},{\"@type\":\"Organization\",\"@id\":\"https:\\\/\\\/covasna45.ro\\\/#organization\",\"name\":\"covasna45.ro\",\"url\":\"https:\\\/\\\/covasna45.ro\\\/\",\"logo\":{\"@type\":\"ImageObject\",\"inLanguage\":\"ro-RO\",\"@id\":\"https:\\\/\\\/covasna45.ro\\\/#\\\/schema\\\/logo\\\/image\\\/\",\"url\":\"https:\\\/\\\/covasna45.ro\\\/wp-content\\\/uploads\\\/2023\\\/01\\\/icon_logo.png\",\"contentUrl\":\"https:\\\/\\\/covasna45.ro\\\/wp-content\\\/uploads\\\/2023\\\/01\\\/icon_logo.png\",\"width\":1900,\"height\":1900,\"caption\":\"covasna45.ro\"},\"image\":{\"@id\":\"https:\\\/\\\/covasna45.ro\\\/#\\\/schema\\\/logo\\\/image\\\/\"}},{\"@type\":\"Person\",\"@id\":\"https:\\\/\\\/covasna45.ro\\\/#\\\/schema\\\/person\\\/e674052bd7d95d70bbb007a1060ab73c\",\"name\":\"Covasna45\",\"image\":{\"@type\":\"ImageObject\",\"inLanguage\":\"ro-RO\",\"@id\":\"https:\\\/\\\/covasna45.ro\\\/wp-content\\\/uploads\\\/2025\\\/10\\\/icon_logo_covasna45-150x150.png\",\"url\":\"https:\\\/\\\/covasna45.ro\\\/wp-content\\\/uploads\\\/2025\\\/10\\\/icon_logo_covasna45-150x150.png\",\"contentUrl\":\"https:\\\/\\\/covasna45.ro\\\/wp-content\\\/uploads\\\/2025\\\/10\\\/icon_logo_covasna45-150x150.png\",\"caption\":\"Covasna45\"},\"sameAs\":[\"https:\\\/\\\/covasna45.ro\"],\"url\":\"https:\\\/\\\/covasna45.ro\\\/index.php\\\/author\\\/covasna\\\/\"}]}<\/script>\n<!-- \/ Yoast SEO plugin. -->","yoast_head_json":{"title":"Ministrul Dezvolt\u0103rii sus\u021bine reforma administrativ-teritorial\u0103 a Rom\u00e2niei - Covasna45","description":"Ministrul Dezvolt\u0103rii, Adrian Ve\u015ftea, a explicat c\u0103 nu va fi suficient timp, \u00een actualul mandat, pentru reforma administrativ-teritorial\u0103","robots":{"index":"index","follow":"follow","max-snippet":"max-snippet:-1","max-image-preview":"max-image-preview:large","max-video-preview":"max-video-preview:-1"},"canonical":"https:\/\/covasna45.ro\/index.php\/lumea-noastra\/ministrul-dezvoltarii-sustine-reforma-administrativ-teritoriala-a-romaniei\/","og_locale":"ro_RO","og_type":"article","og_title":"Ministrul Dezvolt\u0103rii sus\u021bine reforma administrativ-teritorial\u0103 a Rom\u00e2niei - Covasna45","og_description":"Ministrul Dezvolt\u0103rii, Adrian Ve\u015ftea, a explicat c\u0103 nu va fi suficient timp, \u00een actualul mandat, pentru reforma administrativ-teritorial\u0103","og_url":"https:\/\/covasna45.ro\/index.php\/lumea-noastra\/ministrul-dezvoltarii-sustine-reforma-administrativ-teritoriala-a-romaniei\/","og_site_name":"Covasna45","article_published_time":"2023-08-08T08:42:43+00:00","article_modified_time":"2023-08-08T08:43:11+00:00","og_image":[{"width":757,"height":540,"url":"https:\/\/covasna45.ro\/wp-content\/uploads\/2023\/08\/reorganizare.jpg","type":"image\/jpeg"}],"author":"Covasna45","twitter_card":"summary_large_image","twitter_misc":{"Scris de":"Covasna45","Timp estimat pentru citire":"2 minute"},"schema":{"@context":"https:\/\/schema.org","@graph":[{"@type":"Article","@id":"https:\/\/covasna45.ro\/index.php\/lumea-noastra\/ministrul-dezvoltarii-sustine-reforma-administrativ-teritoriala-a-romaniei\/#article","isPartOf":{"@id":"https:\/\/covasna45.ro\/index.php\/lumea-noastra\/ministrul-dezvoltarii-sustine-reforma-administrativ-teritoriala-a-romaniei\/"},"author":{"name":"Covasna45","@id":"https:\/\/covasna45.ro\/#\/schema\/person\/e674052bd7d95d70bbb007a1060ab73c"},"headline":"Ministrul Dezvolt\u0103rii sus\u021bine reforma administrativ-teritorial\u0103 a Rom\u00e2niei","datePublished":"2023-08-08T08:42:43+00:00","dateModified":"2023-08-08T08:43:11+00:00","mainEntityOfPage":{"@id":"https:\/\/covasna45.ro\/index.php\/lumea-noastra\/ministrul-dezvoltarii-sustine-reforma-administrativ-teritoriala-a-romaniei\/"},"wordCount":317,"commentCount":0,"publisher":{"@id":"https:\/\/covasna45.ro\/#organization"},"image":{"@id":"https:\/\/covasna45.ro\/index.php\/lumea-noastra\/ministrul-dezvoltarii-sustine-reforma-administrativ-teritoriala-a-romaniei\/#primaryimage"},"thumbnailUrl":"https:\/\/covasna45.ro\/wp-content\/uploads\/2023\/08\/reorganizare.jpg","keywords":["Adrian Ve\u0219tea","Jude\u021be","Reform\u0103","Reforma administrativ-teritorial\u0103","Regiuni"],"articleSection":["Lumea noastr\u0103"],"inLanguage":"ro-RO","potentialAction":[{"@type":"CommentAction","name":"Comment","target":["https:\/\/covasna45.ro\/index.php\/lumea-noastra\/ministrul-dezvoltarii-sustine-reforma-administrativ-teritoriala-a-romaniei\/#respond"]}]},{"@type":"WebPage","@id":"https:\/\/covasna45.ro\/index.php\/lumea-noastra\/ministrul-dezvoltarii-sustine-reforma-administrativ-teritoriala-a-romaniei\/","url":"https:\/\/covasna45.ro\/index.php\/lumea-noastra\/ministrul-dezvoltarii-sustine-reforma-administrativ-teritoriala-a-romaniei\/","name":"Ministrul Dezvolt\u0103rii sus\u021bine reforma administrativ-teritorial\u0103 a Rom\u00e2niei - Covasna45","isPartOf":{"@id":"https:\/\/covasna45.ro\/#website"},"primaryImageOfPage":{"@id":"https:\/\/covasna45.ro\/index.php\/lumea-noastra\/ministrul-dezvoltarii-sustine-reforma-administrativ-teritoriala-a-romaniei\/#primaryimage"},"image":{"@id":"https:\/\/covasna45.ro\/index.php\/lumea-noastra\/ministrul-dezvoltarii-sustine-reforma-administrativ-teritoriala-a-romaniei\/#primaryimage"},"thumbnailUrl":"https:\/\/covasna45.ro\/wp-content\/uploads\/2023\/08\/reorganizare.jpg","datePublished":"2023-08-08T08:42:43+00:00","dateModified":"2023-08-08T08:43:11+00:00","description":"Ministrul Dezvolt\u0103rii, Adrian Ve\u015ftea, a explicat c\u0103 nu va fi suficient timp, \u00een actualul mandat, pentru reforma administrativ-teritorial\u0103","breadcrumb":{"@id":"https:\/\/covasna45.ro\/index.php\/lumea-noastra\/ministrul-dezvoltarii-sustine-reforma-administrativ-teritoriala-a-romaniei\/#breadcrumb"},"inLanguage":"ro-RO","potentialAction":[{"@type":"ReadAction","target":["https:\/\/covasna45.ro\/index.php\/lumea-noastra\/ministrul-dezvoltarii-sustine-reforma-administrativ-teritoriala-a-romaniei\/"]}]},{"@type":"ImageObject","inLanguage":"ro-RO","@id":"https:\/\/covasna45.ro\/index.php\/lumea-noastra\/ministrul-dezvoltarii-sustine-reforma-administrativ-teritoriala-a-romaniei\/#primaryimage","url":"https:\/\/covasna45.ro\/wp-content\/uploads\/2023\/08\/reorganizare.jpg","contentUrl":"https:\/\/covasna45.ro\/wp-content\/uploads\/2023\/08\/reorganizare.jpg","width":757,"height":540},{"@type":"BreadcrumbList","@id":"https:\/\/covasna45.ro\/index.php\/lumea-noastra\/ministrul-dezvoltarii-sustine-reforma-administrativ-teritoriala-a-romaniei\/#breadcrumb","itemListElement":[{"@type":"ListItem","position":1,"name":"Prima pagin\u0103","item":"https:\/\/covasna45.ro\/"},{"@type":"ListItem","position":2,"name":"Ministrul Dezvolt\u0103rii sus\u021bine reforma administrativ-teritorial\u0103 a Rom\u00e2niei"}]},{"@type":"WebSite","@id":"https:\/\/covasna45.ro\/#website","url":"https:\/\/covasna45.ro\/","name":"covasna45.ro","description":"","publisher":{"@id":"https:\/\/covasna45.ro\/#organization"},"potentialAction":[{"@type":"SearchAction","target":{"@type":"EntryPoint","urlTemplate":"https:\/\/covasna45.ro\/?s={search_term_string}"},"query-input":{"@type":"PropertyValueSpecification","valueRequired":true,"valueName":"search_term_string"}}],"inLanguage":"ro-RO"},{"@type":"Organization","@id":"https:\/\/covasna45.ro\/#organization","name":"covasna45.ro","url":"https:\/\/covasna45.ro\/","logo":{"@type":"ImageObject","inLanguage":"ro-RO","@id":"https:\/\/covasna45.ro\/#\/schema\/logo\/image\/","url":"https:\/\/covasna45.ro\/wp-content\/uploads\/2023\/01\/icon_logo.png","contentUrl":"https:\/\/covasna45.ro\/wp-content\/uploads\/2023\/01\/icon_logo.png","width":1900,"height":1900,"caption":"covasna45.ro"},"image":{"@id":"https:\/\/covasna45.ro\/#\/schema\/logo\/image\/"}},{"@type":"Person","@id":"https:\/\/covasna45.ro\/#\/schema\/person\/e674052bd7d95d70bbb007a1060ab73c","name":"Covasna45","image":{"@type":"ImageObject","inLanguage":"ro-RO","@id":"https:\/\/covasna45.ro\/wp-content\/uploads\/2025\/10\/icon_logo_covasna45-150x150.png","url":"https:\/\/covasna45.ro\/wp-content\/uploads\/2025\/10\/icon_logo_covasna45-150x150.png","contentUrl":"https:\/\/covasna45.ro\/wp-content\/uploads\/2025\/10\/icon_logo_covasna45-150x150.png","caption":"Covasna45"},"sameAs":["https:\/\/covasna45.ro"],"url":"https:\/\/covasna45.ro\/index.php\/author\/covasna\/"}]}},"_links":{"self":[{"href":"https:\/\/covasna45.ro\/index.php\/wp-json\/wp\/v2\/posts\/2491","targetHints":{"allow":["GET"]}}],"collection":[{"href":"https:\/\/covasna45.ro\/index.php\/wp-json\/wp\/v2\/posts"}],"about":[{"href":"https:\/\/covasna45.ro\/index.php\/wp-json\/wp\/v2\/types\/post"}],"author":[{"embeddable":true,"href":"https:\/\/covasna45.ro\/index.php\/wp-json\/wp\/v2\/users\/1"}],"replies":[{"embeddable":true,"href":"https:\/\/covasna45.ro\/index.php\/wp-json\/wp\/v2\/comments?post=2491"}],"version-history":[{"count":1,"href":"https:\/\/covasna45.ro\/index.php\/wp-json\/wp\/v2\/posts\/2491\/revisions"}],"predecessor-version":[{"id":2493,"href":"https:\/\/covasna45.ro\/index.php\/wp-json\/wp\/v2\/posts\/2491\/revisions\/2493"}],"wp:featuredmedia":[{"embeddable":true,"href":"https:\/\/covasna45.ro\/index.php\/wp-json\/wp\/v2\/media\/2492"}],"wp:attachment":[{"href":"https:\/\/covasna45.ro\/index.php\/wp-json\/wp\/v2\/media?parent=2491"}],"wp:term":[{"taxonomy":"category","embeddable":true,"href":"https:\/\/covasna45.ro\/index.php\/wp-json\/wp\/v2\/categories?post=2491"},{"taxonomy":"post_tag","embeddable":true,"href":"https:\/\/covasna45.ro\/index.php\/wp-json\/wp\/v2\/tags?post=2491"}],"curies":[{"name":"wp","href":"https:\/\/api.w.org\/{rel}","templated":true}]}}