{"id":2662,"date":"2023-08-25T14:49:39","date_gmt":"2023-08-25T12:49:39","guid":{"rendered":"https:\/\/covasna45.ro\/?p=2662"},"modified":"2023-08-25T15:02:15","modified_gmt":"2023-08-25T13:02:15","slug":"remiza-spectaculoasa-pentru-sepsi-osk-calificarea-se-decide-in-retur","status":"publish","type":"post","link":"https:\/\/covasna45.ro\/index.php\/sport\/remiza-spectaculoasa-pentru-sepsi-osk-calificarea-se-decide-in-retur\/","title":{"rendered":"Remiz\u0103 spectaculoas\u0103 pentru Sepsi OSK. Calificarea se decide \u00een retur"},"content":{"rendered":"\n<p>Speran\u021be pentru retur!&#8230; Condus\u0103 de dou\u0103 ori, Sepsi OSK a scos o remiz\u0103, scor 2-2, \u00eempotriva norvegienilor de la Bodo\/Glimt.<\/p>\n\n\n\n<p>Norvegienii au deschis scorul \u00een minutul 19 prin Moumbagna, dup\u0103 un contraatac \u00een urma unui balon pierdut de \u0218tef\u0103nescu.<\/p>\n\n\n\n<p>Imediat dup\u0103 pauz\u0103, Sepsi a egalat prin Alimi, dintr-un penalti acordat dup\u0103 un fault asupra lui \u0218tef\u0103nescu.<\/p>\n\n\n\n<p>Bodo\/Glimt a trecut din nou \u00een avantaj \u00een minutul 69, prin reu\u0219ita c\u0103pitanului Berg. Elevii lui Ciobotariu au mai revenit o dat\u0103. \u00cen minutul 79, un nou fault \u00een careu, de data aceasta asupra lui Varga, a dus la o lovitur\u0103 de la 11 metri transformat\u0103 de Cosmin Matei.<\/p>\n\n\n\n<p>Calificarea r\u0103m\u00e2ne \u00een joc, iar returul se va disputa peste o s\u0103pt\u0103m\u00e2n\u0103 \u00een Norvegia.<\/p>\n\n\n\n<h2 class=\"wp-block-heading\">Sepsi OSK va juca cu rezervele la Ia\u0219i. Echipa se concentreaz\u0103 pe meciul retur cu Bodo\/Glimt.<\/h2>\n\n\n\n<p>Antrenorul celor de la Sepsi OSK, Liviu Ciobotariu, anun\u021b\u0103 c\u0103 va sacrifica urm\u0103toarea partid\u0103 din SuperLig\u0103.<\/p>\n\n\n\n<p>\u00cenaintea partidei tur cu norvegienii de la Bodo\/Glimt, Sepsi OSK a \u00eencercat am\u00e2narea partidei cu Poli Ia\u0219i din etapa a \u0219aptea a SuperLigii. R\u0103spunsul LPF a fost unul negativ.<\/p>\n\n\n\n<p>\u00cen consecin\u021b\u0103, antrenorul Liviu Ciobotariu a anun\u021bat c\u0103 va sacrifica partida din Moldova. \u00cei va odihni pe titulari \u00een vederea calific\u0103rii \u00een Conference League. E mai important meciul din retur cu Bodo\/Glimt.<\/p>\n\n\n\n<p><strong><em>\u201eE un rezultat bun, care ne d\u0103 speran\u021be pentru meciul retur. Vreau s\u0103 \u00eei felicit pe b\u0103ie\u021bi pentru jocul prestat. M-a bucurat faptul c\u0103 au avut atitudinea potrivit\u0103 pentru un joc de asemenea intensitate. Am avut un adversar foarte bun. E adev\u0103rat c\u0103 puteam s\u0103 c\u00e2\u0219tig\u0103m acest joc la ultima faz\u0103, dar poate ar fi fost nedrept pentru c\u0103 \u0219i ei au avut situa\u021bii de a marca.<\/em><\/strong><\/p>\n\n\n\n<p><strong><em>Un joc bun, p\u0103cat c\u0103 \u00een prima repriz\u0103 nu am fost aten\u021bi la acel contraatac al lor \u0219i am \u00eencasat acel gol. B\u0103ie\u021bii sunt de felicitat c\u0103 au avut puterea s\u0103 revin\u0103 de dou\u0103 ori. E un lucru care m\u0103 satisface \u0219i \u00eemi felicit juc\u0103torii.<\/em><\/strong><\/p>\n\n\n\n<h2 class=\"wp-block-heading\">Ciobotariu: \u201e<strong><em>\u00cen totalitate va fi sacrificat meciul cu Poli Ia\u0219i!<\/em><\/strong>\u201d<\/h2>\n\n\n\n<p><strong><em>M\u00e2ine voi lua o decizie, este imposibil s\u0103 plec\u0103m s\u00e2mb\u0103t\u0103 dup\u0103 antrenament, la ora 14. Am ajunge la ora 20 la Roman, pentru c\u0103 nu am g\u0103sit cazare la Ia\u0219i, dup\u0103 care, duminic\u0103, s\u0103 plec\u0103m la ora 10 de la hotel, s\u0103 juc\u0103m la ora 13 la Ia\u0219i.<\/em><\/strong><\/p>\n\n\n\n<p><strong><em>Nu voi lua \u00een calcul meciul \u0103sta, \u00eemi pare r\u0103u c\u0103 o spun, poate nu este fair-play, dar nu pot s\u0103 iau \u00een calcul acest meci. Nu am cum, este foarte greu. At\u00e2t timp c\u00e2t avem \u0219anse s\u0103 juc\u0103m \u00een grupele Conference League, am s\u0103 sacrific un meci.<\/em><\/strong><\/p>\n\n\n\n<p><strong><em>Cel mai probabil voi l\u0103sa foarte mul\u021bi juc\u0103tori acas\u0103, nu vor face deplasarea. Nu are rost s\u0103 \u00eei \u021bin \u0219ase ore \u00een autocar, s\u0103 \u00eei duc dup\u0103 mine la Ia\u0219i. Pentru ce, dac\u0103 nu \u00eei folosesc? Nu are rost, dar \u00eenc\u0103 nu am luat aceast\u0103 decizie, \u00eenc\u0103 nu m-am hot\u0103r\u00e2t, dar m\u0103 g\u00e2ndesc serios. Nu vreau s\u0103 mai comentez, asta e situa\u021bia, ne conform\u0103m, mergem, juc\u0103m\u201d <\/em><\/strong>\u2013 a declarat Liviu Ciobotariu.<\/p>\n","protected":false},"excerpt":{"rendered":"<p>Speran\u021be pentru retur!&#8230; Condus\u0103 de dou\u0103 ori, Sepsi OSK a scos o remiz\u0103, scor 2-2, \u00eempotriva norvegienilor de la Bodo\/Glimt. Norvegienii au deschis scorul \u00een minutul 19 prin Moumbagna, dup\u0103 un contraatac \u00een urma unui balon pierdut de \u0218tef\u0103nescu. Imediat dup\u0103 pauz\u0103, Sepsi a egalat prin Alimi, dintr-un penalti acordat dup\u0103 un fault asupra lui [&hellip;]<\/p>\n","protected":false},"author":1,"featured_media":2663,"comment_status":"open","ping_status":"closed","sticky":false,"template":"","format":"standard","meta":{"tdm_status":"","tdm_grid_status":"","footnotes":""},"categories":[17],"tags":[999,705,978,60],"class_list":{"0":"post-2662","1":"post","2":"type-post","3":"status-publish","4":"format-standard","5":"has-post-thumbnail","7":"category-sport","8":"tag-bodo-glimt","9":"tag-liviu-ciobotariu","10":"tag-retur","11":"tag-sepsi-osk"},"yoast_head":"<!-- This site is optimized with the Yoast SEO plugin v27.5 - https:\/\/yoast.com\/product\/yoast-seo-wordpress\/ -->\n<title>Remiz\u0103 spectaculoas\u0103 pentru Sepsi OSK. Calificarea se decide \u00een retur - Covasna45<\/title>\n<meta name=\"description\" content=\"Sepsi OSK va juca cu rezervele la Ia\u0219i. Echipa se concentreaz\u0103 pe meciul retur cu Bodo\/Glimt. Antrenorul celor de la Sepsi OSK\" \/>\n<meta name=\"robots\" content=\"index, follow, max-snippet:-1, max-image-preview:large, max-video-preview:-1\" \/>\n<link rel=\"canonical\" href=\"https:\/\/covasna45.ro\/index.php\/sport\/remiza-spectaculoasa-pentru-sepsi-osk-calificarea-se-decide-in-retur\/\" \/>\n<meta property=\"og:locale\" content=\"ro_RO\" \/>\n<meta property=\"og:type\" content=\"article\" \/>\n<meta property=\"og:title\" content=\"Remiz\u0103 spectaculoas\u0103 pentru Sepsi OSK. Calificarea se decide \u00een retur - Covasna45\" \/>\n<meta property=\"og:description\" content=\"Sepsi OSK va juca cu rezervele la Ia\u0219i. Echipa se concentreaz\u0103 pe meciul retur cu Bodo\/Glimt. Antrenorul celor de la Sepsi OSK\" \/>\n<meta property=\"og:url\" content=\"https:\/\/covasna45.ro\/index.php\/sport\/remiza-spectaculoasa-pentru-sepsi-osk-calificarea-se-decide-in-retur\/\" \/>\n<meta property=\"og:site_name\" content=\"Covasna45\" \/>\n<meta property=\"article:published_time\" content=\"2023-08-25T12:49:39+00:00\" \/>\n<meta property=\"article:modified_time\" content=\"2023-08-25T13:02:15+00:00\" \/>\n<meta property=\"og:image\" content=\"https:\/\/covasna45.ro\/wp-content\/uploads\/2023\/08\/sepsi-bodo.jpg\" \/>\n\t<meta property=\"og:image:width\" content=\"980\" \/>\n\t<meta property=\"og:image:height\" content=\"549\" \/>\n\t<meta property=\"og:image:type\" content=\"image\/jpeg\" \/>\n<meta name=\"author\" content=\"Covasna45\" \/>\n<meta name=\"twitter:card\" content=\"summary_large_image\" \/>\n<meta name=\"twitter:label1\" content=\"Scris de\" \/>\n\t<meta name=\"twitter:data1\" content=\"Covasna45\" \/>\n\t<meta name=\"twitter:label2\" content=\"Timp estimat pentru citire\" \/>\n\t<meta name=\"twitter:data2\" content=\"3 minute\" \/>\n<script type=\"application\/ld+json\" class=\"yoast-schema-graph\">{\"@context\":\"https:\\\/\\\/schema.org\",\"@graph\":[{\"@type\":\"Article\",\"@id\":\"https:\\\/\\\/covasna45.ro\\\/index.php\\\/sport\\\/remiza-spectaculoasa-pentru-sepsi-osk-calificarea-se-decide-in-retur\\\/#article\",\"isPartOf\":{\"@id\":\"https:\\\/\\\/covasna45.ro\\\/index.php\\\/sport\\\/remiza-spectaculoasa-pentru-sepsi-osk-calificarea-se-decide-in-retur\\\/\"},\"author\":{\"name\":\"Covasna45\",\"@id\":\"https:\\\/\\\/covasna45.ro\\\/#\\\/schema\\\/person\\\/e674052bd7d95d70bbb007a1060ab73c\"},\"headline\":\"Remiz\u0103 spectaculoas\u0103 pentru Sepsi OSK. Calificarea se decide \u00een retur\",\"datePublished\":\"2023-08-25T12:49:39+00:00\",\"dateModified\":\"2023-08-25T13:02:15+00:00\",\"mainEntityOfPage\":{\"@id\":\"https:\\\/\\\/covasna45.ro\\\/index.php\\\/sport\\\/remiza-spectaculoasa-pentru-sepsi-osk-calificarea-se-decide-in-retur\\\/\"},\"wordCount\":560,\"commentCount\":0,\"publisher\":{\"@id\":\"https:\\\/\\\/covasna45.ro\\\/#organization\"},\"image\":{\"@id\":\"https:\\\/\\\/covasna45.ro\\\/index.php\\\/sport\\\/remiza-spectaculoasa-pentru-sepsi-osk-calificarea-se-decide-in-retur\\\/#primaryimage\"},\"thumbnailUrl\":\"https:\\\/\\\/covasna45.ro\\\/wp-content\\\/uploads\\\/2023\\\/08\\\/sepsi-bodo.jpg\",\"keywords\":[\"Bodo\\\/Glimt\",\"Liviu Ciobotariu\",\"Retur\",\"Sepsi OSK\"],\"articleSection\":[\"Sport\"],\"inLanguage\":\"ro-RO\",\"potentialAction\":[{\"@type\":\"CommentAction\",\"name\":\"Comment\",\"target\":[\"https:\\\/\\\/covasna45.ro\\\/index.php\\\/sport\\\/remiza-spectaculoasa-pentru-sepsi-osk-calificarea-se-decide-in-retur\\\/#respond\"]}]},{\"@type\":\"WebPage\",\"@id\":\"https:\\\/\\\/covasna45.ro\\\/index.php\\\/sport\\\/remiza-spectaculoasa-pentru-sepsi-osk-calificarea-se-decide-in-retur\\\/\",\"url\":\"https:\\\/\\\/covasna45.ro\\\/index.php\\\/sport\\\/remiza-spectaculoasa-pentru-sepsi-osk-calificarea-se-decide-in-retur\\\/\",\"name\":\"Remiz\u0103 spectaculoas\u0103 pentru Sepsi OSK. Calificarea se decide \u00een retur - Covasna45\",\"isPartOf\":{\"@id\":\"https:\\\/\\\/covasna45.ro\\\/#website\"},\"primaryImageOfPage\":{\"@id\":\"https:\\\/\\\/covasna45.ro\\\/index.php\\\/sport\\\/remiza-spectaculoasa-pentru-sepsi-osk-calificarea-se-decide-in-retur\\\/#primaryimage\"},\"image\":{\"@id\":\"https:\\\/\\\/covasna45.ro\\\/index.php\\\/sport\\\/remiza-spectaculoasa-pentru-sepsi-osk-calificarea-se-decide-in-retur\\\/#primaryimage\"},\"thumbnailUrl\":\"https:\\\/\\\/covasna45.ro\\\/wp-content\\\/uploads\\\/2023\\\/08\\\/sepsi-bodo.jpg\",\"datePublished\":\"2023-08-25T12:49:39+00:00\",\"dateModified\":\"2023-08-25T13:02:15+00:00\",\"description\":\"Sepsi OSK va juca cu rezervele la Ia\u0219i. Echipa se concentreaz\u0103 pe meciul retur cu Bodo\\\/Glimt. Antrenorul celor de la Sepsi OSK\",\"breadcrumb\":{\"@id\":\"https:\\\/\\\/covasna45.ro\\\/index.php\\\/sport\\\/remiza-spectaculoasa-pentru-sepsi-osk-calificarea-se-decide-in-retur\\\/#breadcrumb\"},\"inLanguage\":\"ro-RO\",\"potentialAction\":[{\"@type\":\"ReadAction\",\"target\":[\"https:\\\/\\\/covasna45.ro\\\/index.php\\\/sport\\\/remiza-spectaculoasa-pentru-sepsi-osk-calificarea-se-decide-in-retur\\\/\"]}]},{\"@type\":\"ImageObject\",\"inLanguage\":\"ro-RO\",\"@id\":\"https:\\\/\\\/covasna45.ro\\\/index.php\\\/sport\\\/remiza-spectaculoasa-pentru-sepsi-osk-calificarea-se-decide-in-retur\\\/#primaryimage\",\"url\":\"https:\\\/\\\/covasna45.ro\\\/wp-content\\\/uploads\\\/2023\\\/08\\\/sepsi-bodo.jpg\",\"contentUrl\":\"https:\\\/\\\/covasna45.ro\\\/wp-content\\\/uploads\\\/2023\\\/08\\\/sepsi-bodo.jpg\",\"width\":980,\"height\":549},{\"@type\":\"BreadcrumbList\",\"@id\":\"https:\\\/\\\/covasna45.ro\\\/index.php\\\/sport\\\/remiza-spectaculoasa-pentru-sepsi-osk-calificarea-se-decide-in-retur\\\/#breadcrumb\",\"itemListElement\":[{\"@type\":\"ListItem\",\"position\":1,\"name\":\"Prima pagin\u0103\",\"item\":\"https:\\\/\\\/covasna45.ro\\\/\"},{\"@type\":\"ListItem\",\"position\":2,\"name\":\"Remiz\u0103 spectaculoas\u0103 pentru Sepsi OSK. Calificarea se decide \u00een retur\"}]},{\"@type\":\"WebSite\",\"@id\":\"https:\\\/\\\/covasna45.ro\\\/#website\",\"url\":\"https:\\\/\\\/covasna45.ro\\\/\",\"name\":\"covasna45.ro\",\"description\":\"\",\"publisher\":{\"@id\":\"https:\\\/\\\/covasna45.ro\\\/#organization\"},\"potentialAction\":[{\"@type\":\"SearchAction\",\"target\":{\"@type\":\"EntryPoint\",\"urlTemplate\":\"https:\\\/\\\/covasna45.ro\\\/?s={search_term_string}\"},\"query-input\":{\"@type\":\"PropertyValueSpecification\",\"valueRequired\":true,\"valueName\":\"search_term_string\"}}],\"inLanguage\":\"ro-RO\"},{\"@type\":\"Organization\",\"@id\":\"https:\\\/\\\/covasna45.ro\\\/#organization\",\"name\":\"covasna45.ro\",\"url\":\"https:\\\/\\\/covasna45.ro\\\/\",\"logo\":{\"@type\":\"ImageObject\",\"inLanguage\":\"ro-RO\",\"@id\":\"https:\\\/\\\/covasna45.ro\\\/#\\\/schema\\\/logo\\\/image\\\/\",\"url\":\"https:\\\/\\\/covasna45.ro\\\/wp-content\\\/uploads\\\/2023\\\/01\\\/icon_logo.png\",\"contentUrl\":\"https:\\\/\\\/covasna45.ro\\\/wp-content\\\/uploads\\\/2023\\\/01\\\/icon_logo.png\",\"width\":1900,\"height\":1900,\"caption\":\"covasna45.ro\"},\"image\":{\"@id\":\"https:\\\/\\\/covasna45.ro\\\/#\\\/schema\\\/logo\\\/image\\\/\"}},{\"@type\":\"Person\",\"@id\":\"https:\\\/\\\/covasna45.ro\\\/#\\\/schema\\\/person\\\/e674052bd7d95d70bbb007a1060ab73c\",\"name\":\"Covasna45\",\"image\":{\"@type\":\"ImageObject\",\"inLanguage\":\"ro-RO\",\"@id\":\"https:\\\/\\\/covasna45.ro\\\/wp-content\\\/uploads\\\/2025\\\/10\\\/icon_logo_covasna45-150x150.png\",\"url\":\"https:\\\/\\\/covasna45.ro\\\/wp-content\\\/uploads\\\/2025\\\/10\\\/icon_logo_covasna45-150x150.png\",\"contentUrl\":\"https:\\\/\\\/covasna45.ro\\\/wp-content\\\/uploads\\\/2025\\\/10\\\/icon_logo_covasna45-150x150.png\",\"caption\":\"Covasna45\"},\"sameAs\":[\"https:\\\/\\\/covasna45.ro\"],\"url\":\"https:\\\/\\\/covasna45.ro\\\/index.php\\\/author\\\/covasna\\\/\"}]}<\/script>\n<!-- \/ Yoast SEO plugin. -->","yoast_head_json":{"title":"Remiz\u0103 spectaculoas\u0103 pentru Sepsi OSK. Calificarea se decide \u00een retur - Covasna45","description":"Sepsi OSK va juca cu rezervele la Ia\u0219i. Echipa se concentreaz\u0103 pe meciul retur cu Bodo\/Glimt. Antrenorul celor de la Sepsi OSK","robots":{"index":"index","follow":"follow","max-snippet":"max-snippet:-1","max-image-preview":"max-image-preview:large","max-video-preview":"max-video-preview:-1"},"canonical":"https:\/\/covasna45.ro\/index.php\/sport\/remiza-spectaculoasa-pentru-sepsi-osk-calificarea-se-decide-in-retur\/","og_locale":"ro_RO","og_type":"article","og_title":"Remiz\u0103 spectaculoas\u0103 pentru Sepsi OSK. Calificarea se decide \u00een retur - Covasna45","og_description":"Sepsi OSK va juca cu rezervele la Ia\u0219i. Echipa se concentreaz\u0103 pe meciul retur cu Bodo\/Glimt. Antrenorul celor de la Sepsi OSK","og_url":"https:\/\/covasna45.ro\/index.php\/sport\/remiza-spectaculoasa-pentru-sepsi-osk-calificarea-se-decide-in-retur\/","og_site_name":"Covasna45","article_published_time":"2023-08-25T12:49:39+00:00","article_modified_time":"2023-08-25T13:02:15+00:00","og_image":[{"width":980,"height":549,"url":"https:\/\/covasna45.ro\/wp-content\/uploads\/2023\/08\/sepsi-bodo.jpg","type":"image\/jpeg"}],"author":"Covasna45","twitter_card":"summary_large_image","twitter_misc":{"Scris de":"Covasna45","Timp estimat pentru citire":"3 minute"},"schema":{"@context":"https:\/\/schema.org","@graph":[{"@type":"Article","@id":"https:\/\/covasna45.ro\/index.php\/sport\/remiza-spectaculoasa-pentru-sepsi-osk-calificarea-se-decide-in-retur\/#article","isPartOf":{"@id":"https:\/\/covasna45.ro\/index.php\/sport\/remiza-spectaculoasa-pentru-sepsi-osk-calificarea-se-decide-in-retur\/"},"author":{"name":"Covasna45","@id":"https:\/\/covasna45.ro\/#\/schema\/person\/e674052bd7d95d70bbb007a1060ab73c"},"headline":"Remiz\u0103 spectaculoas\u0103 pentru Sepsi OSK. Calificarea se decide \u00een retur","datePublished":"2023-08-25T12:49:39+00:00","dateModified":"2023-08-25T13:02:15+00:00","mainEntityOfPage":{"@id":"https:\/\/covasna45.ro\/index.php\/sport\/remiza-spectaculoasa-pentru-sepsi-osk-calificarea-se-decide-in-retur\/"},"wordCount":560,"commentCount":0,"publisher":{"@id":"https:\/\/covasna45.ro\/#organization"},"image":{"@id":"https:\/\/covasna45.ro\/index.php\/sport\/remiza-spectaculoasa-pentru-sepsi-osk-calificarea-se-decide-in-retur\/#primaryimage"},"thumbnailUrl":"https:\/\/covasna45.ro\/wp-content\/uploads\/2023\/08\/sepsi-bodo.jpg","keywords":["Bodo\/Glimt","Liviu Ciobotariu","Retur","Sepsi OSK"],"articleSection":["Sport"],"inLanguage":"ro-RO","potentialAction":[{"@type":"CommentAction","name":"Comment","target":["https:\/\/covasna45.ro\/index.php\/sport\/remiza-spectaculoasa-pentru-sepsi-osk-calificarea-se-decide-in-retur\/#respond"]}]},{"@type":"WebPage","@id":"https:\/\/covasna45.ro\/index.php\/sport\/remiza-spectaculoasa-pentru-sepsi-osk-calificarea-se-decide-in-retur\/","url":"https:\/\/covasna45.ro\/index.php\/sport\/remiza-spectaculoasa-pentru-sepsi-osk-calificarea-se-decide-in-retur\/","name":"Remiz\u0103 spectaculoas\u0103 pentru Sepsi OSK. Calificarea se decide \u00een retur - Covasna45","isPartOf":{"@id":"https:\/\/covasna45.ro\/#website"},"primaryImageOfPage":{"@id":"https:\/\/covasna45.ro\/index.php\/sport\/remiza-spectaculoasa-pentru-sepsi-osk-calificarea-se-decide-in-retur\/#primaryimage"},"image":{"@id":"https:\/\/covasna45.ro\/index.php\/sport\/remiza-spectaculoasa-pentru-sepsi-osk-calificarea-se-decide-in-retur\/#primaryimage"},"thumbnailUrl":"https:\/\/covasna45.ro\/wp-content\/uploads\/2023\/08\/sepsi-bodo.jpg","datePublished":"2023-08-25T12:49:39+00:00","dateModified":"2023-08-25T13:02:15+00:00","description":"Sepsi OSK va juca cu rezervele la Ia\u0219i. Echipa se concentreaz\u0103 pe meciul retur cu Bodo\/Glimt. Antrenorul celor de la Sepsi OSK","breadcrumb":{"@id":"https:\/\/covasna45.ro\/index.php\/sport\/remiza-spectaculoasa-pentru-sepsi-osk-calificarea-se-decide-in-retur\/#breadcrumb"},"inLanguage":"ro-RO","potentialAction":[{"@type":"ReadAction","target":["https:\/\/covasna45.ro\/index.php\/sport\/remiza-spectaculoasa-pentru-sepsi-osk-calificarea-se-decide-in-retur\/"]}]},{"@type":"ImageObject","inLanguage":"ro-RO","@id":"https:\/\/covasna45.ro\/index.php\/sport\/remiza-spectaculoasa-pentru-sepsi-osk-calificarea-se-decide-in-retur\/#primaryimage","url":"https:\/\/covasna45.ro\/wp-content\/uploads\/2023\/08\/sepsi-bodo.jpg","contentUrl":"https:\/\/covasna45.ro\/wp-content\/uploads\/2023\/08\/sepsi-bodo.jpg","width":980,"height":549},{"@type":"BreadcrumbList","@id":"https:\/\/covasna45.ro\/index.php\/sport\/remiza-spectaculoasa-pentru-sepsi-osk-calificarea-se-decide-in-retur\/#breadcrumb","itemListElement":[{"@type":"ListItem","position":1,"name":"Prima pagin\u0103","item":"https:\/\/covasna45.ro\/"},{"@type":"ListItem","position":2,"name":"Remiz\u0103 spectaculoas\u0103 pentru Sepsi OSK. Calificarea se decide \u00een retur"}]},{"@type":"WebSite","@id":"https:\/\/covasna45.ro\/#website","url":"https:\/\/covasna45.ro\/","name":"covasna45.ro","description":"","publisher":{"@id":"https:\/\/covasna45.ro\/#organization"},"potentialAction":[{"@type":"SearchAction","target":{"@type":"EntryPoint","urlTemplate":"https:\/\/covasna45.ro\/?s={search_term_string}"},"query-input":{"@type":"PropertyValueSpecification","valueRequired":true,"valueName":"search_term_string"}}],"inLanguage":"ro-RO"},{"@type":"Organization","@id":"https:\/\/covasna45.ro\/#organization","name":"covasna45.ro","url":"https:\/\/covasna45.ro\/","logo":{"@type":"ImageObject","inLanguage":"ro-RO","@id":"https:\/\/covasna45.ro\/#\/schema\/logo\/image\/","url":"https:\/\/covasna45.ro\/wp-content\/uploads\/2023\/01\/icon_logo.png","contentUrl":"https:\/\/covasna45.ro\/wp-content\/uploads\/2023\/01\/icon_logo.png","width":1900,"height":1900,"caption":"covasna45.ro"},"image":{"@id":"https:\/\/covasna45.ro\/#\/schema\/logo\/image\/"}},{"@type":"Person","@id":"https:\/\/covasna45.ro\/#\/schema\/person\/e674052bd7d95d70bbb007a1060ab73c","name":"Covasna45","image":{"@type":"ImageObject","inLanguage":"ro-RO","@id":"https:\/\/covasna45.ro\/wp-content\/uploads\/2025\/10\/icon_logo_covasna45-150x150.png","url":"https:\/\/covasna45.ro\/wp-content\/uploads\/2025\/10\/icon_logo_covasna45-150x150.png","contentUrl":"https:\/\/covasna45.ro\/wp-content\/uploads\/2025\/10\/icon_logo_covasna45-150x150.png","caption":"Covasna45"},"sameAs":["https:\/\/covasna45.ro"],"url":"https:\/\/covasna45.ro\/index.php\/author\/covasna\/"}]}},"_links":{"self":[{"href":"https:\/\/covasna45.ro\/index.php\/wp-json\/wp\/v2\/posts\/2662","targetHints":{"allow":["GET"]}}],"collection":[{"href":"https:\/\/covasna45.ro\/index.php\/wp-json\/wp\/v2\/posts"}],"about":[{"href":"https:\/\/covasna45.ro\/index.php\/wp-json\/wp\/v2\/types\/post"}],"author":[{"embeddable":true,"href":"https:\/\/covasna45.ro\/index.php\/wp-json\/wp\/v2\/users\/1"}],"replies":[{"embeddable":true,"href":"https:\/\/covasna45.ro\/index.php\/wp-json\/wp\/v2\/comments?post=2662"}],"version-history":[{"count":1,"href":"https:\/\/covasna45.ro\/index.php\/wp-json\/wp\/v2\/posts\/2662\/revisions"}],"predecessor-version":[{"id":2664,"href":"https:\/\/covasna45.ro\/index.php\/wp-json\/wp\/v2\/posts\/2662\/revisions\/2664"}],"wp:featuredmedia":[{"embeddable":true,"href":"https:\/\/covasna45.ro\/index.php\/wp-json\/wp\/v2\/media\/2663"}],"wp:attachment":[{"href":"https:\/\/covasna45.ro\/index.php\/wp-json\/wp\/v2\/media?parent=2662"}],"wp:term":[{"taxonomy":"category","embeddable":true,"href":"https:\/\/covasna45.ro\/index.php\/wp-json\/wp\/v2\/categories?post=2662"},{"taxonomy":"post_tag","embeddable":true,"href":"https:\/\/covasna45.ro\/index.php\/wp-json\/wp\/v2\/tags?post=2662"}],"curies":[{"name":"wp","href":"https:\/\/api.w.org\/{rel}","templated":true}]}}