{"id":2720,"date":"2023-08-29T09:23:48","date_gmt":"2023-08-29T07:23:48","guid":{"rendered":"https:\/\/covasna45.ro\/?p=2720"},"modified":"2023-08-29T09:23:48","modified_gmt":"2023-08-29T07:23:48","slug":"cosmin-matei-nu-va-face-deplasarea-in-norvegia","status":"publish","type":"post","link":"https:\/\/covasna45.ro\/index.php\/sport\/cosmin-matei-nu-va-face-deplasarea-in-norvegia\/","title":{"rendered":"Cosmin Matei nu va face deplasarea \u00een Norvegia"},"content":{"rendered":"\n<p>Sepsi OSK se va putea baza \u00een cur\u00e2nd pe unul dintre cei mai importan\u021bi juc\u0103tori &#8211; Cosmin Matei. <\/p>\n\n\n\n<p>Conduc\u0103torii lui Sepsi OSK \u0219i antrenorul Liviu Ciobotariu s-au temut de o accidentare grav\u0103 \u00een cazul lui Cosmin Matei. Fostul dinamovist a sc\u0103pat \u201eieftin\u201d, dup\u0103 cum s-a v\u0103zut la RMN.<\/p>\n\n\n\n<p>Matei a avut \u0219ans\u0103! El a suferit doar o contractur\u0103 muscular\u0103 \u00een prima man\u0219\u0103 cu Bodo\/Glimt, care s-a \u00eencheiat cu scorul de 2-2. Acesta a resim\u021bit dureri imediat dup\u0103 ce a marcat din penalty \u0219i a stabilit scorul final.<\/p>\n\n\n\n<p>Prin urmare, juc\u0103torul ar urma s\u0103 lipseasc\u0103 doar patru-cinci zile \u0219i s\u0103 fie apt pentru urm\u0103torul meci din Superliga. Totu\u0219i, este clar c\u0103 fotbalistul care a marcat din penalty \u00eempotriva lui Bodo\/Glimt nu va face deplasarea \u00een Norvegia.<\/p>\n\n\n\n<p><strong><em>\u201eAm vrut s\u0103 fac ceva, a fost o mi\u0219care necontrolat\u0103 \u0219i asta a fost. Cred c\u0103 o s\u0103 iau o pauz\u0103 mai serioas\u0103, c\u00e2t este normal. Doamne ajut\u0103, le \u021bin pumnii b\u0103ie\u021bilor, dar prima dat\u0103 vreau s\u0103 v\u0103d. Mereu vreau s\u0103 v\u0103d un RMN. A\u0219a am spus \u0219i data trecut\u0103\u201d,<\/em><\/strong> a declarat Cosmin Matei, la finalul meciului cu Bodo\/Glimt.<\/p>\n\n\n\n<p>Cosmin Matei ar urma s\u0103 revin\u0103 \u00een meciul pe care Sepsi OSK \u00eel joac\u0103 \u00eempotriva celor de la UTA, \u00een urm\u0103toarea etap\u0103 din Superlig\u0103.<\/p>\n\n\n\n<p>Cel mai probabil, juc\u0103torul va fi \u00eens\u0103 \u00een form\u0103 maxim\u0103 dup\u0103 pauza prilejuit\u0103 de meciurile na\u021bionalei Rom\u00e2niei. Atunci Sepsi OSK va avea un meci foarte greu \u00een B\u0103nie, cu Universitatea Craiova.\u00a0<\/p>\n","protected":false},"excerpt":{"rendered":"<p>Sepsi OSK se va putea baza \u00een cur\u00e2nd pe unul dintre cei mai importan\u021bi juc\u0103tori &#8211; Cosmin Matei. Conduc\u0103torii lui Sepsi OSK \u0219i antrenorul Liviu Ciobotariu s-au temut de o accidentare grav\u0103 \u00een cazul lui Cosmin Matei. Fostul dinamovist a sc\u0103pat \u201eieftin\u201d, dup\u0103 cum s-a v\u0103zut la RMN. Matei a avut \u0219ans\u0103! El a suferit [&hellip;]<\/p>\n","protected":false},"author":1,"featured_media":2721,"comment_status":"open","ping_status":"closed","sticky":false,"template":"","format":"standard","meta":{"tdm_status":"","tdm_grid_status":"","footnotes":""},"categories":[17],"tags":[1093,60,575],"class_list":{"0":"post-2720","1":"post","2":"type-post","3":"status-publish","4":"format-standard","5":"has-post-thumbnail","7":"category-sport","8":"tag-cosmin-matei","9":"tag-sepsi-osk","10":"tag-superliga"},"yoast_head":"<!-- This site is optimized with the Yoast SEO plugin v27.5 - https:\/\/yoast.com\/product\/yoast-seo-wordpress\/ -->\n<title>Cosmin Matei nu va face deplasarea \u00een Norvegia - Covasna45<\/title>\n<meta name=\"description\" content=\"Cosmin Matei ar urma s\u0103 revin\u0103 \u00een meciul pe care Sepsi OSK \u00eel joac\u0103 \u00eempotriva celor de la UTA, \u00een urm\u0103toarea etap\u0103 din Superlig\u0103.\" \/>\n<meta name=\"robots\" content=\"index, follow, max-snippet:-1, max-image-preview:large, max-video-preview:-1\" \/>\n<link rel=\"canonical\" href=\"https:\/\/covasna45.ro\/index.php\/sport\/cosmin-matei-nu-va-face-deplasarea-in-norvegia\/\" \/>\n<meta property=\"og:locale\" content=\"ro_RO\" \/>\n<meta property=\"og:type\" content=\"article\" \/>\n<meta property=\"og:title\" content=\"Cosmin Matei nu va face deplasarea \u00een Norvegia - Covasna45\" \/>\n<meta property=\"og:description\" content=\"Cosmin Matei ar urma s\u0103 revin\u0103 \u00een meciul pe care Sepsi OSK \u00eel joac\u0103 \u00eempotriva celor de la UTA, \u00een urm\u0103toarea etap\u0103 din Superlig\u0103.\" \/>\n<meta property=\"og:url\" content=\"https:\/\/covasna45.ro\/index.php\/sport\/cosmin-matei-nu-va-face-deplasarea-in-norvegia\/\" \/>\n<meta property=\"og:site_name\" content=\"Covasna45\" \/>\n<meta property=\"article:published_time\" content=\"2023-08-29T07:23:48+00:00\" \/>\n<meta property=\"og:image\" content=\"https:\/\/covasna45.ro\/wp-content\/uploads\/2023\/08\/Cosmin-Matei.jpg\" \/>\n\t<meta property=\"og:image:width\" content=\"1500\" \/>\n\t<meta property=\"og:image:height\" content=\"798\" \/>\n\t<meta property=\"og:image:type\" content=\"image\/jpeg\" \/>\n<meta name=\"author\" content=\"Covasna45\" \/>\n<meta name=\"twitter:card\" content=\"summary_large_image\" \/>\n<meta name=\"twitter:label1\" content=\"Scris de\" \/>\n\t<meta name=\"twitter:data1\" content=\"Covasna45\" \/>\n\t<meta name=\"twitter:label2\" content=\"Timp estimat pentru citire\" \/>\n\t<meta name=\"twitter:data2\" content=\"2 minute\" \/>\n<script type=\"application\/ld+json\" class=\"yoast-schema-graph\">{\"@context\":\"https:\\\/\\\/schema.org\",\"@graph\":[{\"@type\":\"Article\",\"@id\":\"https:\\\/\\\/covasna45.ro\\\/index.php\\\/sport\\\/cosmin-matei-nu-va-face-deplasarea-in-norvegia\\\/#article\",\"isPartOf\":{\"@id\":\"https:\\\/\\\/covasna45.ro\\\/index.php\\\/sport\\\/cosmin-matei-nu-va-face-deplasarea-in-norvegia\\\/\"},\"author\":{\"name\":\"Covasna45\",\"@id\":\"https:\\\/\\\/covasna45.ro\\\/#\\\/schema\\\/person\\\/e674052bd7d95d70bbb007a1060ab73c\"},\"headline\":\"Cosmin Matei nu va face deplasarea \u00een Norvegia\",\"datePublished\":\"2023-08-29T07:23:48+00:00\",\"mainEntityOfPage\":{\"@id\":\"https:\\\/\\\/covasna45.ro\\\/index.php\\\/sport\\\/cosmin-matei-nu-va-face-deplasarea-in-norvegia\\\/\"},\"wordCount\":272,\"commentCount\":0,\"publisher\":{\"@id\":\"https:\\\/\\\/covasna45.ro\\\/#organization\"},\"image\":{\"@id\":\"https:\\\/\\\/covasna45.ro\\\/index.php\\\/sport\\\/cosmin-matei-nu-va-face-deplasarea-in-norvegia\\\/#primaryimage\"},\"thumbnailUrl\":\"https:\\\/\\\/covasna45.ro\\\/wp-content\\\/uploads\\\/2023\\\/08\\\/Cosmin-Matei.jpg\",\"keywords\":[\"Cosmin Matei\",\"Sepsi OSK\",\"Superliga\"],\"articleSection\":[\"Sport\"],\"inLanguage\":\"ro-RO\",\"potentialAction\":[{\"@type\":\"CommentAction\",\"name\":\"Comment\",\"target\":[\"https:\\\/\\\/covasna45.ro\\\/index.php\\\/sport\\\/cosmin-matei-nu-va-face-deplasarea-in-norvegia\\\/#respond\"]}]},{\"@type\":\"WebPage\",\"@id\":\"https:\\\/\\\/covasna45.ro\\\/index.php\\\/sport\\\/cosmin-matei-nu-va-face-deplasarea-in-norvegia\\\/\",\"url\":\"https:\\\/\\\/covasna45.ro\\\/index.php\\\/sport\\\/cosmin-matei-nu-va-face-deplasarea-in-norvegia\\\/\",\"name\":\"Cosmin Matei nu va face deplasarea \u00een Norvegia - Covasna45\",\"isPartOf\":{\"@id\":\"https:\\\/\\\/covasna45.ro\\\/#website\"},\"primaryImageOfPage\":{\"@id\":\"https:\\\/\\\/covasna45.ro\\\/index.php\\\/sport\\\/cosmin-matei-nu-va-face-deplasarea-in-norvegia\\\/#primaryimage\"},\"image\":{\"@id\":\"https:\\\/\\\/covasna45.ro\\\/index.php\\\/sport\\\/cosmin-matei-nu-va-face-deplasarea-in-norvegia\\\/#primaryimage\"},\"thumbnailUrl\":\"https:\\\/\\\/covasna45.ro\\\/wp-content\\\/uploads\\\/2023\\\/08\\\/Cosmin-Matei.jpg\",\"datePublished\":\"2023-08-29T07:23:48+00:00\",\"description\":\"Cosmin Matei ar urma s\u0103 revin\u0103 \u00een meciul pe care Sepsi OSK \u00eel joac\u0103 \u00eempotriva celor de la UTA, \u00een urm\u0103toarea etap\u0103 din Superlig\u0103.\",\"breadcrumb\":{\"@id\":\"https:\\\/\\\/covasna45.ro\\\/index.php\\\/sport\\\/cosmin-matei-nu-va-face-deplasarea-in-norvegia\\\/#breadcrumb\"},\"inLanguage\":\"ro-RO\",\"potentialAction\":[{\"@type\":\"ReadAction\",\"target\":[\"https:\\\/\\\/covasna45.ro\\\/index.php\\\/sport\\\/cosmin-matei-nu-va-face-deplasarea-in-norvegia\\\/\"]}]},{\"@type\":\"ImageObject\",\"inLanguage\":\"ro-RO\",\"@id\":\"https:\\\/\\\/covasna45.ro\\\/index.php\\\/sport\\\/cosmin-matei-nu-va-face-deplasarea-in-norvegia\\\/#primaryimage\",\"url\":\"https:\\\/\\\/covasna45.ro\\\/wp-content\\\/uploads\\\/2023\\\/08\\\/Cosmin-Matei.jpg\",\"contentUrl\":\"https:\\\/\\\/covasna45.ro\\\/wp-content\\\/uploads\\\/2023\\\/08\\\/Cosmin-Matei.jpg\",\"width\":1500,\"height\":798},{\"@type\":\"BreadcrumbList\",\"@id\":\"https:\\\/\\\/covasna45.ro\\\/index.php\\\/sport\\\/cosmin-matei-nu-va-face-deplasarea-in-norvegia\\\/#breadcrumb\",\"itemListElement\":[{\"@type\":\"ListItem\",\"position\":1,\"name\":\"Prima pagin\u0103\",\"item\":\"https:\\\/\\\/covasna45.ro\\\/\"},{\"@type\":\"ListItem\",\"position\":2,\"name\":\"Cosmin Matei nu va face deplasarea \u00een Norvegia\"}]},{\"@type\":\"WebSite\",\"@id\":\"https:\\\/\\\/covasna45.ro\\\/#website\",\"url\":\"https:\\\/\\\/covasna45.ro\\\/\",\"name\":\"covasna45.ro\",\"description\":\"\",\"publisher\":{\"@id\":\"https:\\\/\\\/covasna45.ro\\\/#organization\"},\"potentialAction\":[{\"@type\":\"SearchAction\",\"target\":{\"@type\":\"EntryPoint\",\"urlTemplate\":\"https:\\\/\\\/covasna45.ro\\\/?s={search_term_string}\"},\"query-input\":{\"@type\":\"PropertyValueSpecification\",\"valueRequired\":true,\"valueName\":\"search_term_string\"}}],\"inLanguage\":\"ro-RO\"},{\"@type\":\"Organization\",\"@id\":\"https:\\\/\\\/covasna45.ro\\\/#organization\",\"name\":\"covasna45.ro\",\"url\":\"https:\\\/\\\/covasna45.ro\\\/\",\"logo\":{\"@type\":\"ImageObject\",\"inLanguage\":\"ro-RO\",\"@id\":\"https:\\\/\\\/covasna45.ro\\\/#\\\/schema\\\/logo\\\/image\\\/\",\"url\":\"https:\\\/\\\/covasna45.ro\\\/wp-content\\\/uploads\\\/2023\\\/01\\\/icon_logo.png\",\"contentUrl\":\"https:\\\/\\\/covasna45.ro\\\/wp-content\\\/uploads\\\/2023\\\/01\\\/icon_logo.png\",\"width\":1900,\"height\":1900,\"caption\":\"covasna45.ro\"},\"image\":{\"@id\":\"https:\\\/\\\/covasna45.ro\\\/#\\\/schema\\\/logo\\\/image\\\/\"}},{\"@type\":\"Person\",\"@id\":\"https:\\\/\\\/covasna45.ro\\\/#\\\/schema\\\/person\\\/e674052bd7d95d70bbb007a1060ab73c\",\"name\":\"Covasna45\",\"image\":{\"@type\":\"ImageObject\",\"inLanguage\":\"ro-RO\",\"@id\":\"https:\\\/\\\/covasna45.ro\\\/wp-content\\\/uploads\\\/2025\\\/10\\\/icon_logo_covasna45-150x150.png\",\"url\":\"https:\\\/\\\/covasna45.ro\\\/wp-content\\\/uploads\\\/2025\\\/10\\\/icon_logo_covasna45-150x150.png\",\"contentUrl\":\"https:\\\/\\\/covasna45.ro\\\/wp-content\\\/uploads\\\/2025\\\/10\\\/icon_logo_covasna45-150x150.png\",\"caption\":\"Covasna45\"},\"sameAs\":[\"https:\\\/\\\/covasna45.ro\"],\"url\":\"https:\\\/\\\/covasna45.ro\\\/index.php\\\/author\\\/covasna\\\/\"}]}<\/script>\n<!-- \/ Yoast SEO plugin. -->","yoast_head_json":{"title":"Cosmin Matei nu va face deplasarea \u00een Norvegia - Covasna45","description":"Cosmin Matei ar urma s\u0103 revin\u0103 \u00een meciul pe care Sepsi OSK \u00eel joac\u0103 \u00eempotriva celor de la UTA, \u00een urm\u0103toarea etap\u0103 din Superlig\u0103.","robots":{"index":"index","follow":"follow","max-snippet":"max-snippet:-1","max-image-preview":"max-image-preview:large","max-video-preview":"max-video-preview:-1"},"canonical":"https:\/\/covasna45.ro\/index.php\/sport\/cosmin-matei-nu-va-face-deplasarea-in-norvegia\/","og_locale":"ro_RO","og_type":"article","og_title":"Cosmin Matei nu va face deplasarea \u00een Norvegia - Covasna45","og_description":"Cosmin Matei ar urma s\u0103 revin\u0103 \u00een meciul pe care Sepsi OSK \u00eel joac\u0103 \u00eempotriva celor de la UTA, \u00een urm\u0103toarea etap\u0103 din Superlig\u0103.","og_url":"https:\/\/covasna45.ro\/index.php\/sport\/cosmin-matei-nu-va-face-deplasarea-in-norvegia\/","og_site_name":"Covasna45","article_published_time":"2023-08-29T07:23:48+00:00","og_image":[{"width":1500,"height":798,"url":"https:\/\/covasna45.ro\/wp-content\/uploads\/2023\/08\/Cosmin-Matei.jpg","type":"image\/jpeg"}],"author":"Covasna45","twitter_card":"summary_large_image","twitter_misc":{"Scris de":"Covasna45","Timp estimat pentru citire":"2 minute"},"schema":{"@context":"https:\/\/schema.org","@graph":[{"@type":"Article","@id":"https:\/\/covasna45.ro\/index.php\/sport\/cosmin-matei-nu-va-face-deplasarea-in-norvegia\/#article","isPartOf":{"@id":"https:\/\/covasna45.ro\/index.php\/sport\/cosmin-matei-nu-va-face-deplasarea-in-norvegia\/"},"author":{"name":"Covasna45","@id":"https:\/\/covasna45.ro\/#\/schema\/person\/e674052bd7d95d70bbb007a1060ab73c"},"headline":"Cosmin Matei nu va face deplasarea \u00een Norvegia","datePublished":"2023-08-29T07:23:48+00:00","mainEntityOfPage":{"@id":"https:\/\/covasna45.ro\/index.php\/sport\/cosmin-matei-nu-va-face-deplasarea-in-norvegia\/"},"wordCount":272,"commentCount":0,"publisher":{"@id":"https:\/\/covasna45.ro\/#organization"},"image":{"@id":"https:\/\/covasna45.ro\/index.php\/sport\/cosmin-matei-nu-va-face-deplasarea-in-norvegia\/#primaryimage"},"thumbnailUrl":"https:\/\/covasna45.ro\/wp-content\/uploads\/2023\/08\/Cosmin-Matei.jpg","keywords":["Cosmin Matei","Sepsi OSK","Superliga"],"articleSection":["Sport"],"inLanguage":"ro-RO","potentialAction":[{"@type":"CommentAction","name":"Comment","target":["https:\/\/covasna45.ro\/index.php\/sport\/cosmin-matei-nu-va-face-deplasarea-in-norvegia\/#respond"]}]},{"@type":"WebPage","@id":"https:\/\/covasna45.ro\/index.php\/sport\/cosmin-matei-nu-va-face-deplasarea-in-norvegia\/","url":"https:\/\/covasna45.ro\/index.php\/sport\/cosmin-matei-nu-va-face-deplasarea-in-norvegia\/","name":"Cosmin Matei nu va face deplasarea \u00een Norvegia - Covasna45","isPartOf":{"@id":"https:\/\/covasna45.ro\/#website"},"primaryImageOfPage":{"@id":"https:\/\/covasna45.ro\/index.php\/sport\/cosmin-matei-nu-va-face-deplasarea-in-norvegia\/#primaryimage"},"image":{"@id":"https:\/\/covasna45.ro\/index.php\/sport\/cosmin-matei-nu-va-face-deplasarea-in-norvegia\/#primaryimage"},"thumbnailUrl":"https:\/\/covasna45.ro\/wp-content\/uploads\/2023\/08\/Cosmin-Matei.jpg","datePublished":"2023-08-29T07:23:48+00:00","description":"Cosmin Matei ar urma s\u0103 revin\u0103 \u00een meciul pe care Sepsi OSK \u00eel joac\u0103 \u00eempotriva celor de la UTA, \u00een urm\u0103toarea etap\u0103 din Superlig\u0103.","breadcrumb":{"@id":"https:\/\/covasna45.ro\/index.php\/sport\/cosmin-matei-nu-va-face-deplasarea-in-norvegia\/#breadcrumb"},"inLanguage":"ro-RO","potentialAction":[{"@type":"ReadAction","target":["https:\/\/covasna45.ro\/index.php\/sport\/cosmin-matei-nu-va-face-deplasarea-in-norvegia\/"]}]},{"@type":"ImageObject","inLanguage":"ro-RO","@id":"https:\/\/covasna45.ro\/index.php\/sport\/cosmin-matei-nu-va-face-deplasarea-in-norvegia\/#primaryimage","url":"https:\/\/covasna45.ro\/wp-content\/uploads\/2023\/08\/Cosmin-Matei.jpg","contentUrl":"https:\/\/covasna45.ro\/wp-content\/uploads\/2023\/08\/Cosmin-Matei.jpg","width":1500,"height":798},{"@type":"BreadcrumbList","@id":"https:\/\/covasna45.ro\/index.php\/sport\/cosmin-matei-nu-va-face-deplasarea-in-norvegia\/#breadcrumb","itemListElement":[{"@type":"ListItem","position":1,"name":"Prima pagin\u0103","item":"https:\/\/covasna45.ro\/"},{"@type":"ListItem","position":2,"name":"Cosmin Matei nu va face deplasarea \u00een Norvegia"}]},{"@type":"WebSite","@id":"https:\/\/covasna45.ro\/#website","url":"https:\/\/covasna45.ro\/","name":"covasna45.ro","description":"","publisher":{"@id":"https:\/\/covasna45.ro\/#organization"},"potentialAction":[{"@type":"SearchAction","target":{"@type":"EntryPoint","urlTemplate":"https:\/\/covasna45.ro\/?s={search_term_string}"},"query-input":{"@type":"PropertyValueSpecification","valueRequired":true,"valueName":"search_term_string"}}],"inLanguage":"ro-RO"},{"@type":"Organization","@id":"https:\/\/covasna45.ro\/#organization","name":"covasna45.ro","url":"https:\/\/covasna45.ro\/","logo":{"@type":"ImageObject","inLanguage":"ro-RO","@id":"https:\/\/covasna45.ro\/#\/schema\/logo\/image\/","url":"https:\/\/covasna45.ro\/wp-content\/uploads\/2023\/01\/icon_logo.png","contentUrl":"https:\/\/covasna45.ro\/wp-content\/uploads\/2023\/01\/icon_logo.png","width":1900,"height":1900,"caption":"covasna45.ro"},"image":{"@id":"https:\/\/covasna45.ro\/#\/schema\/logo\/image\/"}},{"@type":"Person","@id":"https:\/\/covasna45.ro\/#\/schema\/person\/e674052bd7d95d70bbb007a1060ab73c","name":"Covasna45","image":{"@type":"ImageObject","inLanguage":"ro-RO","@id":"https:\/\/covasna45.ro\/wp-content\/uploads\/2025\/10\/icon_logo_covasna45-150x150.png","url":"https:\/\/covasna45.ro\/wp-content\/uploads\/2025\/10\/icon_logo_covasna45-150x150.png","contentUrl":"https:\/\/covasna45.ro\/wp-content\/uploads\/2025\/10\/icon_logo_covasna45-150x150.png","caption":"Covasna45"},"sameAs":["https:\/\/covasna45.ro"],"url":"https:\/\/covasna45.ro\/index.php\/author\/covasna\/"}]}},"_links":{"self":[{"href":"https:\/\/covasna45.ro\/index.php\/wp-json\/wp\/v2\/posts\/2720","targetHints":{"allow":["GET"]}}],"collection":[{"href":"https:\/\/covasna45.ro\/index.php\/wp-json\/wp\/v2\/posts"}],"about":[{"href":"https:\/\/covasna45.ro\/index.php\/wp-json\/wp\/v2\/types\/post"}],"author":[{"embeddable":true,"href":"https:\/\/covasna45.ro\/index.php\/wp-json\/wp\/v2\/users\/1"}],"replies":[{"embeddable":true,"href":"https:\/\/covasna45.ro\/index.php\/wp-json\/wp\/v2\/comments?post=2720"}],"version-history":[{"count":1,"href":"https:\/\/covasna45.ro\/index.php\/wp-json\/wp\/v2\/posts\/2720\/revisions"}],"predecessor-version":[{"id":2722,"href":"https:\/\/covasna45.ro\/index.php\/wp-json\/wp\/v2\/posts\/2720\/revisions\/2722"}],"wp:featuredmedia":[{"embeddable":true,"href":"https:\/\/covasna45.ro\/index.php\/wp-json\/wp\/v2\/media\/2721"}],"wp:attachment":[{"href":"https:\/\/covasna45.ro\/index.php\/wp-json\/wp\/v2\/media?parent=2720"}],"wp:term":[{"taxonomy":"category","embeddable":true,"href":"https:\/\/covasna45.ro\/index.php\/wp-json\/wp\/v2\/categories?post=2720"},{"taxonomy":"post_tag","embeddable":true,"href":"https:\/\/covasna45.ro\/index.php\/wp-json\/wp\/v2\/tags?post=2720"}],"curies":[{"name":"wp","href":"https:\/\/api.w.org\/{rel}","templated":true}]}}