{"id":2723,"date":"2023-08-29T11:41:48","date_gmt":"2023-08-29T09:41:48","guid":{"rendered":"https:\/\/covasna45.ro\/?p=2723"},"modified":"2023-08-29T11:41:50","modified_gmt":"2023-08-29T09:41:50","slug":"ministrul-de-interne-vrea-testare-antidrog-in-scoli","status":"publish","type":"post","link":"https:\/\/covasna45.ro\/index.php\/lumea-noastra\/ministrul-de-interne-vrea-testare-antidrog-in-scoli\/","title":{"rendered":"Ministrul de interne vrea testare antidrog \u00een \u0219coli"},"content":{"rendered":"\n<p>Ministrul de Interne, C\u0103t\u0103lin Predoiu, spune c\u0103 este analizat\u0103 posibilitatea test\u0103rii antidrog a elevilor. Testare care s-ar face de personal medical. Ministrul spune c\u0103 s-ar face teste \u00een cazul \u00een care elevul\/eleva <strong><em>\u201emanifest\u0103 vizibil comportament caracteristic consumului de droguri\u201d.<\/em><\/strong> El a mai precizat c\u0103 orice testare s-ar face doar cu acordul p\u0103rin\u0163ilor.<\/p>\n\n\n\n<h2 class=\"wp-block-heading\">Testare antidrog \u0219i pentru ob\u021binerea permisului auto?<\/h2>\n\n\n\n<p>C\u0103t\u0103lin Predoiu spune c\u0103 va propune modificarea legisla\u0163iei privind drogurile. El cere s\u0103 fie f\u0103cut test antidrog la examinarea pentru dob\u00e2ndirea sau restituirea carnetului de conducere anulat pentru consum de substan\u0163e interzise. De asemenea, ma\u0219inile \u00een care sunt depistate droguri s\u0103 fie confiscate. Predoiu mai propune suspendarea \u015fi anularea \u00eenmatricul\u0103rii \u00een cazul \u00een care autovehiculul nu de\u0163ine RCA. M\u0103sur\u0103 similar\u0103 cu m\u0103sura lipsei ITP.<\/p>\n\n\n\n<p>Predoiu mai propune \u0219i instituirea unor noi situa\u0163ii \u00een care testarea pentru droguri \u0219i pentru alcool s\u0103 fie obligatorie. De exemplu, atunci c\u00e2nd \u00een ma\u0219in\u0103 sunt identificate substan\u021be suspecte sau recipiente de alcool desf\u0103cute. Sau atunci c\u00e2nd \u0219oferul figureaz\u0103 \u00een baza de date c\u0103 a \u00eenc\u0103lcat legea privind consumul de alcool sau droguri la volan.<\/p>\n","protected":false},"excerpt":{"rendered":"<p>Ministrul de Interne, C\u0103t\u0103lin Predoiu, spune c\u0103 este analizat\u0103 posibilitatea test\u0103rii antidrog a elevilor. Testare care s-ar face de personal medical. Ministrul spune c\u0103 s-ar face teste \u00een cazul \u00een care elevul\/eleva \u201emanifest\u0103 vizibil comportament caracteristic consumului de droguri\u201d. El a mai precizat c\u0103 orice testare s-ar face doar cu acordul p\u0103rin\u0163ilor. Testare antidrog \u0219i [&hellip;]<\/p>\n","protected":false},"author":1,"featured_media":2724,"comment_status":"open","ping_status":"closed","sticky":false,"template":"","format":"standard","meta":{"tdm_status":"","tdm_grid_status":"","footnotes":""},"categories":[14],"tags":[1095,1094,1097,130,1096],"class_list":{"0":"post-2723","1":"post","2":"type-post","3":"status-publish","4":"format-standard","5":"has-post-thumbnail","7":"category-lumea-noastra","8":"tag-antidrog","9":"tag-catalin-predoiu","10":"tag-elevi","11":"tag-soferi","12":"tag-testare"},"yoast_head":"<!-- This site is optimized with the Yoast SEO plugin v27.5 - https:\/\/yoast.com\/product\/yoast-seo-wordpress\/ -->\n<title>Ministrul de interne vrea testare antidrog \u00een \u0219coli - Covasna45<\/title>\n<meta name=\"description\" content=\"Testare antidrog \u0219i pentru ob\u021binerea permisului auto? C\u0103t\u0103lin Predoiu spune c\u0103 va propune modificarea legisla\u0163iei privind drogurile.\" \/>\n<meta name=\"robots\" content=\"index, follow, max-snippet:-1, max-image-preview:large, max-video-preview:-1\" \/>\n<link rel=\"canonical\" href=\"https:\/\/covasna45.ro\/index.php\/lumea-noastra\/ministrul-de-interne-vrea-testare-antidrog-in-scoli\/\" \/>\n<meta property=\"og:locale\" content=\"ro_RO\" \/>\n<meta property=\"og:type\" content=\"article\" \/>\n<meta property=\"og:title\" content=\"Ministrul de interne vrea testare antidrog \u00een \u0219coli - Covasna45\" \/>\n<meta property=\"og:description\" content=\"Testare antidrog \u0219i pentru ob\u021binerea permisului auto? C\u0103t\u0103lin Predoiu spune c\u0103 va propune modificarea legisla\u0163iei privind drogurile.\" \/>\n<meta property=\"og:url\" content=\"https:\/\/covasna45.ro\/index.php\/lumea-noastra\/ministrul-de-interne-vrea-testare-antidrog-in-scoli\/\" \/>\n<meta property=\"og:site_name\" content=\"Covasna45\" \/>\n<meta property=\"article:published_time\" content=\"2023-08-29T09:41:48+00:00\" \/>\n<meta property=\"article:modified_time\" content=\"2023-08-29T09:41:50+00:00\" \/>\n<meta property=\"og:image\" content=\"https:\/\/covasna45.ro\/wp-content\/uploads\/2023\/08\/antidrog.jpg\" \/>\n\t<meta property=\"og:image:width\" content=\"800\" \/>\n\t<meta property=\"og:image:height\" content=\"535\" \/>\n\t<meta property=\"og:image:type\" content=\"image\/jpeg\" \/>\n<meta name=\"author\" content=\"Covasna45\" \/>\n<meta name=\"twitter:card\" content=\"summary_large_image\" \/>\n<meta name=\"twitter:label1\" content=\"Scris de\" \/>\n\t<meta name=\"twitter:data1\" content=\"Covasna45\" \/>\n\t<meta name=\"twitter:label2\" content=\"Timp estimat pentru citire\" \/>\n\t<meta name=\"twitter:data2\" content=\"1 minut\" \/>\n<script type=\"application\/ld+json\" class=\"yoast-schema-graph\">{\"@context\":\"https:\\\/\\\/schema.org\",\"@graph\":[{\"@type\":\"Article\",\"@id\":\"https:\\\/\\\/covasna45.ro\\\/index.php\\\/lumea-noastra\\\/ministrul-de-interne-vrea-testare-antidrog-in-scoli\\\/#article\",\"isPartOf\":{\"@id\":\"https:\\\/\\\/covasna45.ro\\\/index.php\\\/lumea-noastra\\\/ministrul-de-interne-vrea-testare-antidrog-in-scoli\\\/\"},\"author\":{\"name\":\"Covasna45\",\"@id\":\"https:\\\/\\\/covasna45.ro\\\/#\\\/schema\\\/person\\\/e674052bd7d95d70bbb007a1060ab73c\"},\"headline\":\"Ministrul de interne vrea testare antidrog \u00een \u0219coli\",\"datePublished\":\"2023-08-29T09:41:48+00:00\",\"dateModified\":\"2023-08-29T09:41:50+00:00\",\"mainEntityOfPage\":{\"@id\":\"https:\\\/\\\/covasna45.ro\\\/index.php\\\/lumea-noastra\\\/ministrul-de-interne-vrea-testare-antidrog-in-scoli\\\/\"},\"wordCount\":211,\"commentCount\":0,\"publisher\":{\"@id\":\"https:\\\/\\\/covasna45.ro\\\/#organization\"},\"image\":{\"@id\":\"https:\\\/\\\/covasna45.ro\\\/index.php\\\/lumea-noastra\\\/ministrul-de-interne-vrea-testare-antidrog-in-scoli\\\/#primaryimage\"},\"thumbnailUrl\":\"https:\\\/\\\/covasna45.ro\\\/wp-content\\\/uploads\\\/2023\\\/08\\\/antidrog.jpg\",\"keywords\":[\"Antidrog\",\"C\u0103t\u0103lin Predoiu\",\"Elevi\",\"\u0218oferi\",\"Testare\"],\"articleSection\":[\"Lumea noastr\u0103\"],\"inLanguage\":\"ro-RO\",\"potentialAction\":[{\"@type\":\"CommentAction\",\"name\":\"Comment\",\"target\":[\"https:\\\/\\\/covasna45.ro\\\/index.php\\\/lumea-noastra\\\/ministrul-de-interne-vrea-testare-antidrog-in-scoli\\\/#respond\"]}]},{\"@type\":\"WebPage\",\"@id\":\"https:\\\/\\\/covasna45.ro\\\/index.php\\\/lumea-noastra\\\/ministrul-de-interne-vrea-testare-antidrog-in-scoli\\\/\",\"url\":\"https:\\\/\\\/covasna45.ro\\\/index.php\\\/lumea-noastra\\\/ministrul-de-interne-vrea-testare-antidrog-in-scoli\\\/\",\"name\":\"Ministrul de interne vrea testare antidrog \u00een \u0219coli - Covasna45\",\"isPartOf\":{\"@id\":\"https:\\\/\\\/covasna45.ro\\\/#website\"},\"primaryImageOfPage\":{\"@id\":\"https:\\\/\\\/covasna45.ro\\\/index.php\\\/lumea-noastra\\\/ministrul-de-interne-vrea-testare-antidrog-in-scoli\\\/#primaryimage\"},\"image\":{\"@id\":\"https:\\\/\\\/covasna45.ro\\\/index.php\\\/lumea-noastra\\\/ministrul-de-interne-vrea-testare-antidrog-in-scoli\\\/#primaryimage\"},\"thumbnailUrl\":\"https:\\\/\\\/covasna45.ro\\\/wp-content\\\/uploads\\\/2023\\\/08\\\/antidrog.jpg\",\"datePublished\":\"2023-08-29T09:41:48+00:00\",\"dateModified\":\"2023-08-29T09:41:50+00:00\",\"description\":\"Testare antidrog \u0219i pentru ob\u021binerea permisului auto? C\u0103t\u0103lin Predoiu spune c\u0103 va propune modificarea legisla\u0163iei privind drogurile.\",\"breadcrumb\":{\"@id\":\"https:\\\/\\\/covasna45.ro\\\/index.php\\\/lumea-noastra\\\/ministrul-de-interne-vrea-testare-antidrog-in-scoli\\\/#breadcrumb\"},\"inLanguage\":\"ro-RO\",\"potentialAction\":[{\"@type\":\"ReadAction\",\"target\":[\"https:\\\/\\\/covasna45.ro\\\/index.php\\\/lumea-noastra\\\/ministrul-de-interne-vrea-testare-antidrog-in-scoli\\\/\"]}]},{\"@type\":\"ImageObject\",\"inLanguage\":\"ro-RO\",\"@id\":\"https:\\\/\\\/covasna45.ro\\\/index.php\\\/lumea-noastra\\\/ministrul-de-interne-vrea-testare-antidrog-in-scoli\\\/#primaryimage\",\"url\":\"https:\\\/\\\/covasna45.ro\\\/wp-content\\\/uploads\\\/2023\\\/08\\\/antidrog.jpg\",\"contentUrl\":\"https:\\\/\\\/covasna45.ro\\\/wp-content\\\/uploads\\\/2023\\\/08\\\/antidrog.jpg\",\"width\":800,\"height\":535},{\"@type\":\"BreadcrumbList\",\"@id\":\"https:\\\/\\\/covasna45.ro\\\/index.php\\\/lumea-noastra\\\/ministrul-de-interne-vrea-testare-antidrog-in-scoli\\\/#breadcrumb\",\"itemListElement\":[{\"@type\":\"ListItem\",\"position\":1,\"name\":\"Prima pagin\u0103\",\"item\":\"https:\\\/\\\/covasna45.ro\\\/\"},{\"@type\":\"ListItem\",\"position\":2,\"name\":\"Ministrul de interne vrea testare antidrog \u00een \u0219coli\"}]},{\"@type\":\"WebSite\",\"@id\":\"https:\\\/\\\/covasna45.ro\\\/#website\",\"url\":\"https:\\\/\\\/covasna45.ro\\\/\",\"name\":\"covasna45.ro\",\"description\":\"\",\"publisher\":{\"@id\":\"https:\\\/\\\/covasna45.ro\\\/#organization\"},\"potentialAction\":[{\"@type\":\"SearchAction\",\"target\":{\"@type\":\"EntryPoint\",\"urlTemplate\":\"https:\\\/\\\/covasna45.ro\\\/?s={search_term_string}\"},\"query-input\":{\"@type\":\"PropertyValueSpecification\",\"valueRequired\":true,\"valueName\":\"search_term_string\"}}],\"inLanguage\":\"ro-RO\"},{\"@type\":\"Organization\",\"@id\":\"https:\\\/\\\/covasna45.ro\\\/#organization\",\"name\":\"covasna45.ro\",\"url\":\"https:\\\/\\\/covasna45.ro\\\/\",\"logo\":{\"@type\":\"ImageObject\",\"inLanguage\":\"ro-RO\",\"@id\":\"https:\\\/\\\/covasna45.ro\\\/#\\\/schema\\\/logo\\\/image\\\/\",\"url\":\"https:\\\/\\\/covasna45.ro\\\/wp-content\\\/uploads\\\/2023\\\/01\\\/icon_logo.png\",\"contentUrl\":\"https:\\\/\\\/covasna45.ro\\\/wp-content\\\/uploads\\\/2023\\\/01\\\/icon_logo.png\",\"width\":1900,\"height\":1900,\"caption\":\"covasna45.ro\"},\"image\":{\"@id\":\"https:\\\/\\\/covasna45.ro\\\/#\\\/schema\\\/logo\\\/image\\\/\"}},{\"@type\":\"Person\",\"@id\":\"https:\\\/\\\/covasna45.ro\\\/#\\\/schema\\\/person\\\/e674052bd7d95d70bbb007a1060ab73c\",\"name\":\"Covasna45\",\"image\":{\"@type\":\"ImageObject\",\"inLanguage\":\"ro-RO\",\"@id\":\"https:\\\/\\\/covasna45.ro\\\/wp-content\\\/uploads\\\/2025\\\/10\\\/icon_logo_covasna45-150x150.png\",\"url\":\"https:\\\/\\\/covasna45.ro\\\/wp-content\\\/uploads\\\/2025\\\/10\\\/icon_logo_covasna45-150x150.png\",\"contentUrl\":\"https:\\\/\\\/covasna45.ro\\\/wp-content\\\/uploads\\\/2025\\\/10\\\/icon_logo_covasna45-150x150.png\",\"caption\":\"Covasna45\"},\"sameAs\":[\"https:\\\/\\\/covasna45.ro\"],\"url\":\"https:\\\/\\\/covasna45.ro\\\/index.php\\\/author\\\/covasna\\\/\"}]}<\/script>\n<!-- \/ Yoast SEO plugin. -->","yoast_head_json":{"title":"Ministrul de interne vrea testare antidrog \u00een \u0219coli - Covasna45","description":"Testare antidrog \u0219i pentru ob\u021binerea permisului auto? C\u0103t\u0103lin Predoiu spune c\u0103 va propune modificarea legisla\u0163iei privind drogurile.","robots":{"index":"index","follow":"follow","max-snippet":"max-snippet:-1","max-image-preview":"max-image-preview:large","max-video-preview":"max-video-preview:-1"},"canonical":"https:\/\/covasna45.ro\/index.php\/lumea-noastra\/ministrul-de-interne-vrea-testare-antidrog-in-scoli\/","og_locale":"ro_RO","og_type":"article","og_title":"Ministrul de interne vrea testare antidrog \u00een \u0219coli - Covasna45","og_description":"Testare antidrog \u0219i pentru ob\u021binerea permisului auto? C\u0103t\u0103lin Predoiu spune c\u0103 va propune modificarea legisla\u0163iei privind drogurile.","og_url":"https:\/\/covasna45.ro\/index.php\/lumea-noastra\/ministrul-de-interne-vrea-testare-antidrog-in-scoli\/","og_site_name":"Covasna45","article_published_time":"2023-08-29T09:41:48+00:00","article_modified_time":"2023-08-29T09:41:50+00:00","og_image":[{"width":800,"height":535,"url":"https:\/\/covasna45.ro\/wp-content\/uploads\/2023\/08\/antidrog.jpg","type":"image\/jpeg"}],"author":"Covasna45","twitter_card":"summary_large_image","twitter_misc":{"Scris de":"Covasna45","Timp estimat pentru citire":"1 minut"},"schema":{"@context":"https:\/\/schema.org","@graph":[{"@type":"Article","@id":"https:\/\/covasna45.ro\/index.php\/lumea-noastra\/ministrul-de-interne-vrea-testare-antidrog-in-scoli\/#article","isPartOf":{"@id":"https:\/\/covasna45.ro\/index.php\/lumea-noastra\/ministrul-de-interne-vrea-testare-antidrog-in-scoli\/"},"author":{"name":"Covasna45","@id":"https:\/\/covasna45.ro\/#\/schema\/person\/e674052bd7d95d70bbb007a1060ab73c"},"headline":"Ministrul de interne vrea testare antidrog \u00een \u0219coli","datePublished":"2023-08-29T09:41:48+00:00","dateModified":"2023-08-29T09:41:50+00:00","mainEntityOfPage":{"@id":"https:\/\/covasna45.ro\/index.php\/lumea-noastra\/ministrul-de-interne-vrea-testare-antidrog-in-scoli\/"},"wordCount":211,"commentCount":0,"publisher":{"@id":"https:\/\/covasna45.ro\/#organization"},"image":{"@id":"https:\/\/covasna45.ro\/index.php\/lumea-noastra\/ministrul-de-interne-vrea-testare-antidrog-in-scoli\/#primaryimage"},"thumbnailUrl":"https:\/\/covasna45.ro\/wp-content\/uploads\/2023\/08\/antidrog.jpg","keywords":["Antidrog","C\u0103t\u0103lin Predoiu","Elevi","\u0218oferi","Testare"],"articleSection":["Lumea noastr\u0103"],"inLanguage":"ro-RO","potentialAction":[{"@type":"CommentAction","name":"Comment","target":["https:\/\/covasna45.ro\/index.php\/lumea-noastra\/ministrul-de-interne-vrea-testare-antidrog-in-scoli\/#respond"]}]},{"@type":"WebPage","@id":"https:\/\/covasna45.ro\/index.php\/lumea-noastra\/ministrul-de-interne-vrea-testare-antidrog-in-scoli\/","url":"https:\/\/covasna45.ro\/index.php\/lumea-noastra\/ministrul-de-interne-vrea-testare-antidrog-in-scoli\/","name":"Ministrul de interne vrea testare antidrog \u00een \u0219coli - Covasna45","isPartOf":{"@id":"https:\/\/covasna45.ro\/#website"},"primaryImageOfPage":{"@id":"https:\/\/covasna45.ro\/index.php\/lumea-noastra\/ministrul-de-interne-vrea-testare-antidrog-in-scoli\/#primaryimage"},"image":{"@id":"https:\/\/covasna45.ro\/index.php\/lumea-noastra\/ministrul-de-interne-vrea-testare-antidrog-in-scoli\/#primaryimage"},"thumbnailUrl":"https:\/\/covasna45.ro\/wp-content\/uploads\/2023\/08\/antidrog.jpg","datePublished":"2023-08-29T09:41:48+00:00","dateModified":"2023-08-29T09:41:50+00:00","description":"Testare antidrog \u0219i pentru ob\u021binerea permisului auto? C\u0103t\u0103lin Predoiu spune c\u0103 va propune modificarea legisla\u0163iei privind drogurile.","breadcrumb":{"@id":"https:\/\/covasna45.ro\/index.php\/lumea-noastra\/ministrul-de-interne-vrea-testare-antidrog-in-scoli\/#breadcrumb"},"inLanguage":"ro-RO","potentialAction":[{"@type":"ReadAction","target":["https:\/\/covasna45.ro\/index.php\/lumea-noastra\/ministrul-de-interne-vrea-testare-antidrog-in-scoli\/"]}]},{"@type":"ImageObject","inLanguage":"ro-RO","@id":"https:\/\/covasna45.ro\/index.php\/lumea-noastra\/ministrul-de-interne-vrea-testare-antidrog-in-scoli\/#primaryimage","url":"https:\/\/covasna45.ro\/wp-content\/uploads\/2023\/08\/antidrog.jpg","contentUrl":"https:\/\/covasna45.ro\/wp-content\/uploads\/2023\/08\/antidrog.jpg","width":800,"height":535},{"@type":"BreadcrumbList","@id":"https:\/\/covasna45.ro\/index.php\/lumea-noastra\/ministrul-de-interne-vrea-testare-antidrog-in-scoli\/#breadcrumb","itemListElement":[{"@type":"ListItem","position":1,"name":"Prima pagin\u0103","item":"https:\/\/covasna45.ro\/"},{"@type":"ListItem","position":2,"name":"Ministrul de interne vrea testare antidrog \u00een \u0219coli"}]},{"@type":"WebSite","@id":"https:\/\/covasna45.ro\/#website","url":"https:\/\/covasna45.ro\/","name":"covasna45.ro","description":"","publisher":{"@id":"https:\/\/covasna45.ro\/#organization"},"potentialAction":[{"@type":"SearchAction","target":{"@type":"EntryPoint","urlTemplate":"https:\/\/covasna45.ro\/?s={search_term_string}"},"query-input":{"@type":"PropertyValueSpecification","valueRequired":true,"valueName":"search_term_string"}}],"inLanguage":"ro-RO"},{"@type":"Organization","@id":"https:\/\/covasna45.ro\/#organization","name":"covasna45.ro","url":"https:\/\/covasna45.ro\/","logo":{"@type":"ImageObject","inLanguage":"ro-RO","@id":"https:\/\/covasna45.ro\/#\/schema\/logo\/image\/","url":"https:\/\/covasna45.ro\/wp-content\/uploads\/2023\/01\/icon_logo.png","contentUrl":"https:\/\/covasna45.ro\/wp-content\/uploads\/2023\/01\/icon_logo.png","width":1900,"height":1900,"caption":"covasna45.ro"},"image":{"@id":"https:\/\/covasna45.ro\/#\/schema\/logo\/image\/"}},{"@type":"Person","@id":"https:\/\/covasna45.ro\/#\/schema\/person\/e674052bd7d95d70bbb007a1060ab73c","name":"Covasna45","image":{"@type":"ImageObject","inLanguage":"ro-RO","@id":"https:\/\/covasna45.ro\/wp-content\/uploads\/2025\/10\/icon_logo_covasna45-150x150.png","url":"https:\/\/covasna45.ro\/wp-content\/uploads\/2025\/10\/icon_logo_covasna45-150x150.png","contentUrl":"https:\/\/covasna45.ro\/wp-content\/uploads\/2025\/10\/icon_logo_covasna45-150x150.png","caption":"Covasna45"},"sameAs":["https:\/\/covasna45.ro"],"url":"https:\/\/covasna45.ro\/index.php\/author\/covasna\/"}]}},"_links":{"self":[{"href":"https:\/\/covasna45.ro\/index.php\/wp-json\/wp\/v2\/posts\/2723","targetHints":{"allow":["GET"]}}],"collection":[{"href":"https:\/\/covasna45.ro\/index.php\/wp-json\/wp\/v2\/posts"}],"about":[{"href":"https:\/\/covasna45.ro\/index.php\/wp-json\/wp\/v2\/types\/post"}],"author":[{"embeddable":true,"href":"https:\/\/covasna45.ro\/index.php\/wp-json\/wp\/v2\/users\/1"}],"replies":[{"embeddable":true,"href":"https:\/\/covasna45.ro\/index.php\/wp-json\/wp\/v2\/comments?post=2723"}],"version-history":[{"count":1,"href":"https:\/\/covasna45.ro\/index.php\/wp-json\/wp\/v2\/posts\/2723\/revisions"}],"predecessor-version":[{"id":2725,"href":"https:\/\/covasna45.ro\/index.php\/wp-json\/wp\/v2\/posts\/2723\/revisions\/2725"}],"wp:featuredmedia":[{"embeddable":true,"href":"https:\/\/covasna45.ro\/index.php\/wp-json\/wp\/v2\/media\/2724"}],"wp:attachment":[{"href":"https:\/\/covasna45.ro\/index.php\/wp-json\/wp\/v2\/media?parent=2723"}],"wp:term":[{"taxonomy":"category","embeddable":true,"href":"https:\/\/covasna45.ro\/index.php\/wp-json\/wp\/v2\/categories?post=2723"},{"taxonomy":"post_tag","embeddable":true,"href":"https:\/\/covasna45.ro\/index.php\/wp-json\/wp\/v2\/tags?post=2723"}],"curies":[{"name":"wp","href":"https:\/\/api.w.org\/{rel}","templated":true}]}}