{"id":2830,"date":"2023-09-07T09:43:13","date_gmt":"2023-09-07T07:43:13","guid":{"rendered":"https:\/\/covasna45.ro\/?p=2830"},"modified":"2023-09-07T09:43:14","modified_gmt":"2023-09-07T07:43:14","slug":"liderii-coalitiei-mizeaza-pe-neutralitatea-udmr-la-motiunea-de-cenzura","status":"publish","type":"post","link":"https:\/\/covasna45.ro\/index.php\/lumea-noastra\/liderii-coalitiei-mizeaza-pe-neutralitatea-udmr-la-motiunea-de-cenzura\/","title":{"rendered":"Liderii coali\u021biei mizeaz\u0103 pe neutralitatea UDMR la mo\u021biunea de cenzur\u0103"},"content":{"rendered":"\n<p>Lideri din coali\u021bia de guvernare au declarat c\u0103 cel mai probabil UDMR nu va contribui cu semn\u0103turi la demersul opozi\u021biei de a depune mo\u021biune de cenzur\u0103. Mo\u021biunea s-ar putea depune dup\u0103 ce Guvernul \u00ee\u0219i va angaja r\u0103spunderea pe pachetul fiscal-bugetar.<\/p>\n\n\n\n<p>Membri ai guvernului rom\u00e2n au discutat la Bruxelles cu exper\u021bi europeni despre reformele pe care trebuie s\u0103 le realizeze Rom\u00e2nia. Deficitul bugetar trebuie \u021binut sub control. Coali\u021bia de guvernare urmeaz\u0103 s\u0103 aleag\u0103 astfel m\u0103suri de reducere a cheltuielilor. Dar \u0219i s\u0103 modifice prevederi fiscale care s\u0103 aduc\u0103 sume suplimentare la buget. De asemenea, vrea s\u0103 \u00eembun\u0103t\u0103\u021beasc\u0103 nivelul de colectare a taxelor \u0219i impozitelor.<\/p>\n\n\n\n<p>Pentru a introduce c\u00e2t mai repede acest amplu pachet legislativ, Guvernul va apela la procedura angaj\u0103rii r\u0103spunderii \u00een Parlament. <\/p>\n\n\n\n<p>USR pe de-o parte \u0219i AUR pe de alt\u0103 parte vor s\u0103 str\u00e2ng\u0103 semn\u0103turi pentru a depune mo\u021biune de cenzur\u0103 \u00een urma demersului guvernamental. E nevoie de 117 semn\u0103turi pentru ca mo\u021biunea de cenzur\u0103 s\u0103 poate fi depus\u0103. Niciunul dintre aceste partide nu poate atinge num\u0103rul de semn\u0103turi f\u0103r\u0103 UDMR.<\/p>\n\n\n\n<h2 class=\"wp-block-heading\">UDMR, \u00een calculele politice ale opozi\u021biei<\/h2>\n\n\n\n<p>Surse din coali\u021bia de guvernare au explicat c\u0103 este greu de crezut c\u0103 UDMR se va al\u0103tura demersului opozi\u021biei, de\u0219i forma\u021biunea nu mai face parte din arcul guvernamental.<\/p>\n\n\n\n<p>UDMR are \u00een continuare reprezentan\u021bi \u00een institu\u021biile statului. Nu ar avea niciun interes s\u0103 gireze un gest de ostilitate care s\u0103 pun\u0103 \u00een primejdie mandatul Guvernului.<\/p>\n\n\n\n<p>Purt\u0103torul de cuv\u00e2nt al forma\u0163iunii maghiare, deputatul Csoma Botond, a declarat c\u0103 UDMR va lua o decizie \u00een privin\u0163a mo\u0163iunii de cenzur\u0103 dup\u0103 ce va analiza textul oficial pe baza c\u0103ruia Guvernul \u00ee\u015fi va asuma r\u0103spunderea.<\/p>\n\n\n\n<p><strong><em>\u201eA\u015ftept\u0103m varianta final\u0103. Am v\u0103zut c\u0103 \u00een ultimele s\u0103pt\u0103m\u00e2ni au ap\u0103rut foarte multe variante \u00een pres\u0103, pe surse. Noi nu vrem s\u0103 lu\u0103m o decizie bazat\u0103 pe informa\u0163ii ap\u0103rute pe surse. C\u00e2nd vom avea un text final, despre care spune Guvernul c\u0103 este documentul oficial pe care vrea s\u0103-\u015fi asume r\u0103spunderea, atunci c\u00e2nd citim \u015fi facem o analiz\u0103, vom lua o decizie\u201d, <\/em><\/strong>a precizat Csoma Botond.<\/p>\n\n\n\n<p>Guvernul ar putea s\u0103-\u0219i angajeze r\u0103spunderea \u00een Parlament partea a doua a lunii septembrie. Dup\u0103 aceea, coali\u021bia de guvernare va trece la legea pensiilor speciale, \u00eentoars\u0103 de CCR \u00een Parlament.<\/p>\n","protected":false},"excerpt":{"rendered":"<p>Lideri din coali\u021bia de guvernare au declarat c\u0103 cel mai probabil UDMR nu va contribui cu semn\u0103turi la demersul opozi\u021biei de a depune mo\u021biune de cenzur\u0103. Mo\u021biunea s-ar putea depune dup\u0103 ce Guvernul \u00ee\u0219i va angaja r\u0103spunderea pe pachetul fiscal-bugetar. Membri ai guvernului rom\u00e2n au discutat la Bruxelles cu exper\u021bi europeni despre reformele pe care [&hellip;]<\/p>\n","protected":false},"author":1,"featured_media":2832,"comment_status":"open","ping_status":"closed","sticky":false,"template":"","format":"standard","meta":{"tdm_status":"","tdm_grid_status":"","footnotes":""},"categories":[14],"tags":[177,1135,189],"class_list":{"0":"post-2830","1":"post","2":"type-post","3":"status-publish","4":"format-standard","5":"has-post-thumbnail","7":"category-lumea-noastra","8":"tag-guvern","9":"tag-motiune-de-cenzura","10":"tag-udmr"},"yoast_head":"<!-- This site is optimized with the Yoast SEO plugin v27.5 - https:\/\/yoast.com\/product\/yoast-seo-wordpress\/ -->\n<title>Liderii coali\u021biei mizeaz\u0103 pe neutralitatea UDMR la mo\u021biunea de cenzur\u0103 - Covasna45<\/title>\n<meta name=\"description\" content=\"UDMR are \u00een continuare reprezentan\u021bi \u00een institu\u021biile statului. Nu ar avea niciun interes s\u0103 gireze un gest de ostilitate\" \/>\n<meta name=\"robots\" content=\"index, follow, max-snippet:-1, max-image-preview:large, max-video-preview:-1\" \/>\n<link rel=\"canonical\" href=\"https:\/\/covasna45.ro\/index.php\/lumea-noastra\/liderii-coalitiei-mizeaza-pe-neutralitatea-udmr-la-motiunea-de-cenzura\/\" \/>\n<meta property=\"og:locale\" content=\"ro_RO\" \/>\n<meta property=\"og:type\" content=\"article\" \/>\n<meta property=\"og:title\" content=\"Liderii coali\u021biei mizeaz\u0103 pe neutralitatea UDMR la mo\u021biunea de cenzur\u0103 - Covasna45\" \/>\n<meta property=\"og:description\" content=\"UDMR are \u00een continuare reprezentan\u021bi \u00een institu\u021biile statului. Nu ar avea niciun interes s\u0103 gireze un gest de ostilitate\" \/>\n<meta property=\"og:url\" content=\"https:\/\/covasna45.ro\/index.php\/lumea-noastra\/liderii-coalitiei-mizeaza-pe-neutralitatea-udmr-la-motiunea-de-cenzura\/\" \/>\n<meta property=\"og:site_name\" content=\"Covasna45\" \/>\n<meta property=\"article:published_time\" content=\"2023-09-07T07:43:13+00:00\" \/>\n<meta property=\"article:modified_time\" content=\"2023-09-07T07:43:14+00:00\" \/>\n<meta property=\"og:image\" content=\"https:\/\/covasna45.ro\/wp-content\/uploads\/2023\/09\/Csoma-Botond-UDMR.jpg\" \/>\n\t<meta property=\"og:image:width\" content=\"1249\" \/>\n\t<meta property=\"og:image:height\" content=\"833\" \/>\n\t<meta property=\"og:image:type\" content=\"image\/jpeg\" \/>\n<meta name=\"author\" content=\"Covasna45\" \/>\n<meta name=\"twitter:card\" content=\"summary_large_image\" \/>\n<meta name=\"twitter:label1\" content=\"Scris de\" \/>\n\t<meta name=\"twitter:data1\" content=\"Covasna45\" \/>\n\t<meta name=\"twitter:label2\" content=\"Timp estimat pentru citire\" \/>\n\t<meta name=\"twitter:data2\" content=\"2 minute\" \/>\n<script type=\"application\/ld+json\" class=\"yoast-schema-graph\">{\"@context\":\"https:\\\/\\\/schema.org\",\"@graph\":[{\"@type\":\"Article\",\"@id\":\"https:\\\/\\\/covasna45.ro\\\/index.php\\\/lumea-noastra\\\/liderii-coalitiei-mizeaza-pe-neutralitatea-udmr-la-motiunea-de-cenzura\\\/#article\",\"isPartOf\":{\"@id\":\"https:\\\/\\\/covasna45.ro\\\/index.php\\\/lumea-noastra\\\/liderii-coalitiei-mizeaza-pe-neutralitatea-udmr-la-motiunea-de-cenzura\\\/\"},\"author\":{\"name\":\"Covasna45\",\"@id\":\"https:\\\/\\\/covasna45.ro\\\/#\\\/schema\\\/person\\\/e674052bd7d95d70bbb007a1060ab73c\"},\"headline\":\"Liderii coali\u021biei mizeaz\u0103 pe neutralitatea UDMR la mo\u021biunea de cenzur\u0103\",\"datePublished\":\"2023-09-07T07:43:13+00:00\",\"dateModified\":\"2023-09-07T07:43:14+00:00\",\"mainEntityOfPage\":{\"@id\":\"https:\\\/\\\/covasna45.ro\\\/index.php\\\/lumea-noastra\\\/liderii-coalitiei-mizeaza-pe-neutralitatea-udmr-la-motiunea-de-cenzura\\\/\"},\"wordCount\":433,\"commentCount\":0,\"publisher\":{\"@id\":\"https:\\\/\\\/covasna45.ro\\\/#organization\"},\"image\":{\"@id\":\"https:\\\/\\\/covasna45.ro\\\/index.php\\\/lumea-noastra\\\/liderii-coalitiei-mizeaza-pe-neutralitatea-udmr-la-motiunea-de-cenzura\\\/#primaryimage\"},\"thumbnailUrl\":\"https:\\\/\\\/covasna45.ro\\\/wp-content\\\/uploads\\\/2023\\\/09\\\/Csoma-Botond-UDMR.jpg\",\"keywords\":[\"Guvern\",\"Mo\u021biune de cenzur\u0103\",\"UDMR\"],\"articleSection\":[\"Lumea noastr\u0103\"],\"inLanguage\":\"ro-RO\",\"potentialAction\":[{\"@type\":\"CommentAction\",\"name\":\"Comment\",\"target\":[\"https:\\\/\\\/covasna45.ro\\\/index.php\\\/lumea-noastra\\\/liderii-coalitiei-mizeaza-pe-neutralitatea-udmr-la-motiunea-de-cenzura\\\/#respond\"]}]},{\"@type\":\"WebPage\",\"@id\":\"https:\\\/\\\/covasna45.ro\\\/index.php\\\/lumea-noastra\\\/liderii-coalitiei-mizeaza-pe-neutralitatea-udmr-la-motiunea-de-cenzura\\\/\",\"url\":\"https:\\\/\\\/covasna45.ro\\\/index.php\\\/lumea-noastra\\\/liderii-coalitiei-mizeaza-pe-neutralitatea-udmr-la-motiunea-de-cenzura\\\/\",\"name\":\"Liderii coali\u021biei mizeaz\u0103 pe neutralitatea UDMR la mo\u021biunea de cenzur\u0103 - Covasna45\",\"isPartOf\":{\"@id\":\"https:\\\/\\\/covasna45.ro\\\/#website\"},\"primaryImageOfPage\":{\"@id\":\"https:\\\/\\\/covasna45.ro\\\/index.php\\\/lumea-noastra\\\/liderii-coalitiei-mizeaza-pe-neutralitatea-udmr-la-motiunea-de-cenzura\\\/#primaryimage\"},\"image\":{\"@id\":\"https:\\\/\\\/covasna45.ro\\\/index.php\\\/lumea-noastra\\\/liderii-coalitiei-mizeaza-pe-neutralitatea-udmr-la-motiunea-de-cenzura\\\/#primaryimage\"},\"thumbnailUrl\":\"https:\\\/\\\/covasna45.ro\\\/wp-content\\\/uploads\\\/2023\\\/09\\\/Csoma-Botond-UDMR.jpg\",\"datePublished\":\"2023-09-07T07:43:13+00:00\",\"dateModified\":\"2023-09-07T07:43:14+00:00\",\"description\":\"UDMR are \u00een continuare reprezentan\u021bi \u00een institu\u021biile statului. Nu ar avea niciun interes s\u0103 gireze un gest de ostilitate\",\"breadcrumb\":{\"@id\":\"https:\\\/\\\/covasna45.ro\\\/index.php\\\/lumea-noastra\\\/liderii-coalitiei-mizeaza-pe-neutralitatea-udmr-la-motiunea-de-cenzura\\\/#breadcrumb\"},\"inLanguage\":\"ro-RO\",\"potentialAction\":[{\"@type\":\"ReadAction\",\"target\":[\"https:\\\/\\\/covasna45.ro\\\/index.php\\\/lumea-noastra\\\/liderii-coalitiei-mizeaza-pe-neutralitatea-udmr-la-motiunea-de-cenzura\\\/\"]}]},{\"@type\":\"ImageObject\",\"inLanguage\":\"ro-RO\",\"@id\":\"https:\\\/\\\/covasna45.ro\\\/index.php\\\/lumea-noastra\\\/liderii-coalitiei-mizeaza-pe-neutralitatea-udmr-la-motiunea-de-cenzura\\\/#primaryimage\",\"url\":\"https:\\\/\\\/covasna45.ro\\\/wp-content\\\/uploads\\\/2023\\\/09\\\/Csoma-Botond-UDMR.jpg\",\"contentUrl\":\"https:\\\/\\\/covasna45.ro\\\/wp-content\\\/uploads\\\/2023\\\/09\\\/Csoma-Botond-UDMR.jpg\",\"width\":1249,\"height\":833},{\"@type\":\"BreadcrumbList\",\"@id\":\"https:\\\/\\\/covasna45.ro\\\/index.php\\\/lumea-noastra\\\/liderii-coalitiei-mizeaza-pe-neutralitatea-udmr-la-motiunea-de-cenzura\\\/#breadcrumb\",\"itemListElement\":[{\"@type\":\"ListItem\",\"position\":1,\"name\":\"Prima pagin\u0103\",\"item\":\"https:\\\/\\\/covasna45.ro\\\/\"},{\"@type\":\"ListItem\",\"position\":2,\"name\":\"Liderii coali\u021biei mizeaz\u0103 pe neutralitatea UDMR la mo\u021biunea de cenzur\u0103\"}]},{\"@type\":\"WebSite\",\"@id\":\"https:\\\/\\\/covasna45.ro\\\/#website\",\"url\":\"https:\\\/\\\/covasna45.ro\\\/\",\"name\":\"covasna45.ro\",\"description\":\"\",\"publisher\":{\"@id\":\"https:\\\/\\\/covasna45.ro\\\/#organization\"},\"potentialAction\":[{\"@type\":\"SearchAction\",\"target\":{\"@type\":\"EntryPoint\",\"urlTemplate\":\"https:\\\/\\\/covasna45.ro\\\/?s={search_term_string}\"},\"query-input\":{\"@type\":\"PropertyValueSpecification\",\"valueRequired\":true,\"valueName\":\"search_term_string\"}}],\"inLanguage\":\"ro-RO\"},{\"@type\":\"Organization\",\"@id\":\"https:\\\/\\\/covasna45.ro\\\/#organization\",\"name\":\"covasna45.ro\",\"url\":\"https:\\\/\\\/covasna45.ro\\\/\",\"logo\":{\"@type\":\"ImageObject\",\"inLanguage\":\"ro-RO\",\"@id\":\"https:\\\/\\\/covasna45.ro\\\/#\\\/schema\\\/logo\\\/image\\\/\",\"url\":\"https:\\\/\\\/covasna45.ro\\\/wp-content\\\/uploads\\\/2023\\\/01\\\/icon_logo.png\",\"contentUrl\":\"https:\\\/\\\/covasna45.ro\\\/wp-content\\\/uploads\\\/2023\\\/01\\\/icon_logo.png\",\"width\":1900,\"height\":1900,\"caption\":\"covasna45.ro\"},\"image\":{\"@id\":\"https:\\\/\\\/covasna45.ro\\\/#\\\/schema\\\/logo\\\/image\\\/\"}},{\"@type\":\"Person\",\"@id\":\"https:\\\/\\\/covasna45.ro\\\/#\\\/schema\\\/person\\\/e674052bd7d95d70bbb007a1060ab73c\",\"name\":\"Covasna45\",\"image\":{\"@type\":\"ImageObject\",\"inLanguage\":\"ro-RO\",\"@id\":\"https:\\\/\\\/covasna45.ro\\\/wp-content\\\/uploads\\\/2025\\\/10\\\/icon_logo_covasna45-150x150.png\",\"url\":\"https:\\\/\\\/covasna45.ro\\\/wp-content\\\/uploads\\\/2025\\\/10\\\/icon_logo_covasna45-150x150.png\",\"contentUrl\":\"https:\\\/\\\/covasna45.ro\\\/wp-content\\\/uploads\\\/2025\\\/10\\\/icon_logo_covasna45-150x150.png\",\"caption\":\"Covasna45\"},\"sameAs\":[\"https:\\\/\\\/covasna45.ro\"],\"url\":\"https:\\\/\\\/covasna45.ro\\\/index.php\\\/author\\\/covasna\\\/\"}]}<\/script>\n<!-- \/ Yoast SEO plugin. -->","yoast_head_json":{"title":"Liderii coali\u021biei mizeaz\u0103 pe neutralitatea UDMR la mo\u021biunea de cenzur\u0103 - Covasna45","description":"UDMR are \u00een continuare reprezentan\u021bi \u00een institu\u021biile statului. Nu ar avea niciun interes s\u0103 gireze un gest de ostilitate","robots":{"index":"index","follow":"follow","max-snippet":"max-snippet:-1","max-image-preview":"max-image-preview:large","max-video-preview":"max-video-preview:-1"},"canonical":"https:\/\/covasna45.ro\/index.php\/lumea-noastra\/liderii-coalitiei-mizeaza-pe-neutralitatea-udmr-la-motiunea-de-cenzura\/","og_locale":"ro_RO","og_type":"article","og_title":"Liderii coali\u021biei mizeaz\u0103 pe neutralitatea UDMR la mo\u021biunea de cenzur\u0103 - Covasna45","og_description":"UDMR are \u00een continuare reprezentan\u021bi \u00een institu\u021biile statului. Nu ar avea niciun interes s\u0103 gireze un gest de ostilitate","og_url":"https:\/\/covasna45.ro\/index.php\/lumea-noastra\/liderii-coalitiei-mizeaza-pe-neutralitatea-udmr-la-motiunea-de-cenzura\/","og_site_name":"Covasna45","article_published_time":"2023-09-07T07:43:13+00:00","article_modified_time":"2023-09-07T07:43:14+00:00","og_image":[{"width":1249,"height":833,"url":"https:\/\/covasna45.ro\/wp-content\/uploads\/2023\/09\/Csoma-Botond-UDMR.jpg","type":"image\/jpeg"}],"author":"Covasna45","twitter_card":"summary_large_image","twitter_misc":{"Scris de":"Covasna45","Timp estimat pentru citire":"2 minute"},"schema":{"@context":"https:\/\/schema.org","@graph":[{"@type":"Article","@id":"https:\/\/covasna45.ro\/index.php\/lumea-noastra\/liderii-coalitiei-mizeaza-pe-neutralitatea-udmr-la-motiunea-de-cenzura\/#article","isPartOf":{"@id":"https:\/\/covasna45.ro\/index.php\/lumea-noastra\/liderii-coalitiei-mizeaza-pe-neutralitatea-udmr-la-motiunea-de-cenzura\/"},"author":{"name":"Covasna45","@id":"https:\/\/covasna45.ro\/#\/schema\/person\/e674052bd7d95d70bbb007a1060ab73c"},"headline":"Liderii coali\u021biei mizeaz\u0103 pe neutralitatea UDMR la mo\u021biunea de cenzur\u0103","datePublished":"2023-09-07T07:43:13+00:00","dateModified":"2023-09-07T07:43:14+00:00","mainEntityOfPage":{"@id":"https:\/\/covasna45.ro\/index.php\/lumea-noastra\/liderii-coalitiei-mizeaza-pe-neutralitatea-udmr-la-motiunea-de-cenzura\/"},"wordCount":433,"commentCount":0,"publisher":{"@id":"https:\/\/covasna45.ro\/#organization"},"image":{"@id":"https:\/\/covasna45.ro\/index.php\/lumea-noastra\/liderii-coalitiei-mizeaza-pe-neutralitatea-udmr-la-motiunea-de-cenzura\/#primaryimage"},"thumbnailUrl":"https:\/\/covasna45.ro\/wp-content\/uploads\/2023\/09\/Csoma-Botond-UDMR.jpg","keywords":["Guvern","Mo\u021biune de cenzur\u0103","UDMR"],"articleSection":["Lumea noastr\u0103"],"inLanguage":"ro-RO","potentialAction":[{"@type":"CommentAction","name":"Comment","target":["https:\/\/covasna45.ro\/index.php\/lumea-noastra\/liderii-coalitiei-mizeaza-pe-neutralitatea-udmr-la-motiunea-de-cenzura\/#respond"]}]},{"@type":"WebPage","@id":"https:\/\/covasna45.ro\/index.php\/lumea-noastra\/liderii-coalitiei-mizeaza-pe-neutralitatea-udmr-la-motiunea-de-cenzura\/","url":"https:\/\/covasna45.ro\/index.php\/lumea-noastra\/liderii-coalitiei-mizeaza-pe-neutralitatea-udmr-la-motiunea-de-cenzura\/","name":"Liderii coali\u021biei mizeaz\u0103 pe neutralitatea UDMR la mo\u021biunea de cenzur\u0103 - Covasna45","isPartOf":{"@id":"https:\/\/covasna45.ro\/#website"},"primaryImageOfPage":{"@id":"https:\/\/covasna45.ro\/index.php\/lumea-noastra\/liderii-coalitiei-mizeaza-pe-neutralitatea-udmr-la-motiunea-de-cenzura\/#primaryimage"},"image":{"@id":"https:\/\/covasna45.ro\/index.php\/lumea-noastra\/liderii-coalitiei-mizeaza-pe-neutralitatea-udmr-la-motiunea-de-cenzura\/#primaryimage"},"thumbnailUrl":"https:\/\/covasna45.ro\/wp-content\/uploads\/2023\/09\/Csoma-Botond-UDMR.jpg","datePublished":"2023-09-07T07:43:13+00:00","dateModified":"2023-09-07T07:43:14+00:00","description":"UDMR are \u00een continuare reprezentan\u021bi \u00een institu\u021biile statului. Nu ar avea niciun interes s\u0103 gireze un gest de ostilitate","breadcrumb":{"@id":"https:\/\/covasna45.ro\/index.php\/lumea-noastra\/liderii-coalitiei-mizeaza-pe-neutralitatea-udmr-la-motiunea-de-cenzura\/#breadcrumb"},"inLanguage":"ro-RO","potentialAction":[{"@type":"ReadAction","target":["https:\/\/covasna45.ro\/index.php\/lumea-noastra\/liderii-coalitiei-mizeaza-pe-neutralitatea-udmr-la-motiunea-de-cenzura\/"]}]},{"@type":"ImageObject","inLanguage":"ro-RO","@id":"https:\/\/covasna45.ro\/index.php\/lumea-noastra\/liderii-coalitiei-mizeaza-pe-neutralitatea-udmr-la-motiunea-de-cenzura\/#primaryimage","url":"https:\/\/covasna45.ro\/wp-content\/uploads\/2023\/09\/Csoma-Botond-UDMR.jpg","contentUrl":"https:\/\/covasna45.ro\/wp-content\/uploads\/2023\/09\/Csoma-Botond-UDMR.jpg","width":1249,"height":833},{"@type":"BreadcrumbList","@id":"https:\/\/covasna45.ro\/index.php\/lumea-noastra\/liderii-coalitiei-mizeaza-pe-neutralitatea-udmr-la-motiunea-de-cenzura\/#breadcrumb","itemListElement":[{"@type":"ListItem","position":1,"name":"Prima pagin\u0103","item":"https:\/\/covasna45.ro\/"},{"@type":"ListItem","position":2,"name":"Liderii coali\u021biei mizeaz\u0103 pe neutralitatea UDMR la mo\u021biunea de cenzur\u0103"}]},{"@type":"WebSite","@id":"https:\/\/covasna45.ro\/#website","url":"https:\/\/covasna45.ro\/","name":"covasna45.ro","description":"","publisher":{"@id":"https:\/\/covasna45.ro\/#organization"},"potentialAction":[{"@type":"SearchAction","target":{"@type":"EntryPoint","urlTemplate":"https:\/\/covasna45.ro\/?s={search_term_string}"},"query-input":{"@type":"PropertyValueSpecification","valueRequired":true,"valueName":"search_term_string"}}],"inLanguage":"ro-RO"},{"@type":"Organization","@id":"https:\/\/covasna45.ro\/#organization","name":"covasna45.ro","url":"https:\/\/covasna45.ro\/","logo":{"@type":"ImageObject","inLanguage":"ro-RO","@id":"https:\/\/covasna45.ro\/#\/schema\/logo\/image\/","url":"https:\/\/covasna45.ro\/wp-content\/uploads\/2023\/01\/icon_logo.png","contentUrl":"https:\/\/covasna45.ro\/wp-content\/uploads\/2023\/01\/icon_logo.png","width":1900,"height":1900,"caption":"covasna45.ro"},"image":{"@id":"https:\/\/covasna45.ro\/#\/schema\/logo\/image\/"}},{"@type":"Person","@id":"https:\/\/covasna45.ro\/#\/schema\/person\/e674052bd7d95d70bbb007a1060ab73c","name":"Covasna45","image":{"@type":"ImageObject","inLanguage":"ro-RO","@id":"https:\/\/covasna45.ro\/wp-content\/uploads\/2025\/10\/icon_logo_covasna45-150x150.png","url":"https:\/\/covasna45.ro\/wp-content\/uploads\/2025\/10\/icon_logo_covasna45-150x150.png","contentUrl":"https:\/\/covasna45.ro\/wp-content\/uploads\/2025\/10\/icon_logo_covasna45-150x150.png","caption":"Covasna45"},"sameAs":["https:\/\/covasna45.ro"],"url":"https:\/\/covasna45.ro\/index.php\/author\/covasna\/"}]}},"_links":{"self":[{"href":"https:\/\/covasna45.ro\/index.php\/wp-json\/wp\/v2\/posts\/2830","targetHints":{"allow":["GET"]}}],"collection":[{"href":"https:\/\/covasna45.ro\/index.php\/wp-json\/wp\/v2\/posts"}],"about":[{"href":"https:\/\/covasna45.ro\/index.php\/wp-json\/wp\/v2\/types\/post"}],"author":[{"embeddable":true,"href":"https:\/\/covasna45.ro\/index.php\/wp-json\/wp\/v2\/users\/1"}],"replies":[{"embeddable":true,"href":"https:\/\/covasna45.ro\/index.php\/wp-json\/wp\/v2\/comments?post=2830"}],"version-history":[{"count":1,"href":"https:\/\/covasna45.ro\/index.php\/wp-json\/wp\/v2\/posts\/2830\/revisions"}],"predecessor-version":[{"id":2833,"href":"https:\/\/covasna45.ro\/index.php\/wp-json\/wp\/v2\/posts\/2830\/revisions\/2833"}],"wp:featuredmedia":[{"embeddable":true,"href":"https:\/\/covasna45.ro\/index.php\/wp-json\/wp\/v2\/media\/2832"}],"wp:attachment":[{"href":"https:\/\/covasna45.ro\/index.php\/wp-json\/wp\/v2\/media?parent=2830"}],"wp:term":[{"taxonomy":"category","embeddable":true,"href":"https:\/\/covasna45.ro\/index.php\/wp-json\/wp\/v2\/categories?post=2830"},{"taxonomy":"post_tag","embeddable":true,"href":"https:\/\/covasna45.ro\/index.php\/wp-json\/wp\/v2\/tags?post=2830"}],"curies":[{"name":"wp","href":"https:\/\/api.w.org\/{rel}","templated":true}]}}