{"id":2834,"date":"2023-09-07T09:54:23","date_gmt":"2023-09-07T07:54:23","guid":{"rendered":"https:\/\/covasna45.ro\/?p=2834"},"modified":"2023-09-07T09:54:24","modified_gmt":"2023-09-07T07:54:24","slug":"utilitatile-ne-ard-la-buzunare","status":"publish","type":"post","link":"https:\/\/covasna45.ro\/index.php\/lumea-noastra\/utilitatile-ne-ard-la-buzunare\/","title":{"rendered":"Utilit\u0103\u021bile ne ard la buzunare"},"content":{"rendered":"\n<p>Cre\u0219terea cheltuielilor cu utilit\u0103\u021bile (electricitate, ap\u0103, gaze) reprezint\u0103 principala cauz\u0103 a problemelor financiare cu care se confrunt\u0103 rom\u00e2nii \u00een ultimii doi ani, arat\u0103 un sondaj CURS, realizat la comanda Centrului de Solu\u021bionare Alternativ\u0103 a Litigiilor \u00een domeniul Bancar (CSALB).<\/p>\n\n\n\n<p>Pentru a face fa\u021b\u0103, cei mai mul\u021bi au t\u0103iat cheltuielile cu alimentele, utilit\u0103\u021bile \u0219i vacan\u021bele. Au pus bani deoparte \u0219i \u0219i-au luat un job \u00een plus.<br>Unul din cinci (21%) consumatori rom\u00e2ni de produse \u0219i servicii financiare spun c\u0103 au avut \u00een 2022 \u0219i 2023 probleme \u00een rela\u021bie cu b\u0103ncile \u0219i cu IFN-urile. Sondajul a fost realizat \u00een perioada 12-25 iulie 2023, pe un e\u0219antion de 1.067 de responden\u021bi.<\/p>\n\n\n\n<p>Dou\u0103 treimi dintre responden\u021bi (70%) indic\u0103 utilit\u0103\u021bile ca principala surs\u0103 a problemelor financiare. 54% sunt de p\u0103rere c\u0103 pre\u021burile la alimente \u0219i medicamente sunt sursa problemelor.<\/p>\n\n\n\n<p>Ratele la credite sunt indicate de 51% dintre responden\u021bi. 40% au indicat costurile cu combustibilul \u0219i transportul. Doar 15% din cei chestiona\u021bi spun c\u0103 nu au probleme financiare.<\/p>\n\n\n\n<h2 class=\"wp-block-heading\">T\u0103iem de la alimente \u0219i vacan\u021be<\/h2>\n\n\n\n<p>55% dintre responden\u021bi au redus cheltuielile asociate consumului de alimente, utilit\u0103\u021bi \u0219i vacan\u021be. 29% economisesc \u0219i \u00ee\u0219i fac un fond de rezerv\u0103 sau de urgen\u021b\u0103.<\/p>\n\n\n\n<p>De asemenea, 26% dintre responden\u021bi spun c\u0103 \u0219i-au luat un job \u00een plus pentru a face fa\u021b\u0103 problemelor financiare. Pentru 20% dintre ace\u0219tia, informarea \u0219i autoeduca\u021bia sunt solu\u021bia. <\/p>\n\n\n\n<h2 class=\"wp-block-heading\">Ce au f\u0103cut rom\u00e2nii cu creditele?<\/h2>\n\n\n\n<p>\u00cen perioada 2022-2023, majoritatea responden\u021bilor (76%) spun c\u0103 nu au avut probleme \u00een rela\u021bia cu creditorii. 13% dintre rom\u00e2ni spun c\u0103 au avut probleme \u00een trecut cu b\u0103ncile, dar acum nu mai au. 6% se confrunt\u0103 cu probleme \u0219i \u00een prezent. \u00cen aceea\u0219i perioad\u0103, 3% dintre consumatori au avut sau au probleme cu IFN-urile.<\/p>\n\n\n\n<p>Dintre cei care au \u00eent\u00e2mpinat probleme, 33% au reu\u0219it s\u0103 refinan\u021beze, s\u0103 restructureze sau s\u0103 ree\u0219aloneze creditul. 17% au trecut de la ROBOR la IRCC. 16% au trecut de la dob\u00e2nd\u0103 variabil\u0103 la dob\u00e2nd\u0103 fix\u0103.<\/p>\n\n\n\n<p>O pondere important\u0103 (13%) o reprezint\u0103 cei care au \u00eencercat\/reu\u0219it s\u0103 negocieze cu banca\/IFN-ul \u00een cadrul CSALB atunci c\u00e2nd au \u00eent\u00e2mpinat o problem\u0103 \u00een rela\u021bie cu institu\u021bia de credit.<\/p>\n","protected":false},"excerpt":{"rendered":"<p>Cre\u0219terea cheltuielilor cu utilit\u0103\u021bile (electricitate, ap\u0103, gaze) reprezint\u0103 principala cauz\u0103 a problemelor financiare cu care se confrunt\u0103 rom\u00e2nii \u00een ultimii doi ani, arat\u0103 un sondaj CURS, realizat la comanda Centrului de Solu\u021bionare Alternativ\u0103 a Litigiilor \u00een domeniul Bancar (CSALB). Pentru a face fa\u021b\u0103, cei mai mul\u021bi au t\u0103iat cheltuielile cu alimentele, utilit\u0103\u021bile \u0219i vacan\u021bele. Au [&hellip;]<\/p>\n","protected":false},"author":1,"featured_media":2835,"comment_status":"open","ping_status":"closed","sticky":false,"template":"","format":"standard","meta":{"tdm_status":"","tdm_grid_status":"","footnotes":""},"categories":[14],"tags":[428,1136,138,1137],"class_list":{"0":"post-2834","1":"post","2":"type-post","3":"status-publish","4":"format-standard","5":"has-post-thumbnail","7":"category-lumea-noastra","8":"tag-cheltuieli","9":"tag-costuri","10":"tag-preturi","11":"tag-utilitati"},"yoast_head":"<!-- This site is optimized with the Yoast SEO plugin v27.5 - https:\/\/yoast.com\/product\/yoast-seo-wordpress\/ -->\n<title>Utilit\u0103\u021bile ne ard la buzunare - Covasna45<\/title>\n<meta name=\"description\" content=\"55% dintre responden\u021bi au redus cheltuielile asociate consumului de alimente, utilit\u0103\u021bi \u0219i vacan\u021be. 29% economisesc\" \/>\n<meta name=\"robots\" content=\"index, follow, max-snippet:-1, max-image-preview:large, max-video-preview:-1\" \/>\n<link rel=\"canonical\" href=\"https:\/\/covasna45.ro\/index.php\/lumea-noastra\/utilitatile-ne-ard-la-buzunare\/\" \/>\n<meta property=\"og:locale\" content=\"ro_RO\" \/>\n<meta property=\"og:type\" content=\"article\" \/>\n<meta property=\"og:title\" content=\"Utilit\u0103\u021bile ne ard la buzunare - Covasna45\" \/>\n<meta property=\"og:description\" content=\"55% dintre responden\u021bi au redus cheltuielile asociate consumului de alimente, utilit\u0103\u021bi \u0219i vacan\u021be. 29% economisesc\" \/>\n<meta property=\"og:url\" content=\"https:\/\/covasna45.ro\/index.php\/lumea-noastra\/utilitatile-ne-ard-la-buzunare\/\" \/>\n<meta property=\"og:site_name\" content=\"Covasna45\" \/>\n<meta property=\"article:published_time\" content=\"2023-09-07T07:54:23+00:00\" \/>\n<meta property=\"article:modified_time\" content=\"2023-09-07T07:54:24+00:00\" \/>\n<meta property=\"og:image\" content=\"https:\/\/covasna45.ro\/wp-content\/uploads\/2023\/09\/utilitati-1024x678.jpg\" \/>\n\t<meta property=\"og:image:width\" content=\"1024\" \/>\n\t<meta property=\"og:image:height\" content=\"678\" \/>\n\t<meta property=\"og:image:type\" content=\"image\/jpeg\" \/>\n<meta name=\"author\" content=\"Covasna45\" \/>\n<meta name=\"twitter:card\" content=\"summary_large_image\" \/>\n<meta name=\"twitter:label1\" content=\"Scris de\" \/>\n\t<meta name=\"twitter:data1\" content=\"Covasna45\" \/>\n\t<meta name=\"twitter:label2\" content=\"Timp estimat pentru citire\" \/>\n\t<meta name=\"twitter:data2\" content=\"2 minute\" \/>\n<script type=\"application\/ld+json\" class=\"yoast-schema-graph\">{\"@context\":\"https:\\\/\\\/schema.org\",\"@graph\":[{\"@type\":\"Article\",\"@id\":\"https:\\\/\\\/covasna45.ro\\\/index.php\\\/lumea-noastra\\\/utilitatile-ne-ard-la-buzunare\\\/#article\",\"isPartOf\":{\"@id\":\"https:\\\/\\\/covasna45.ro\\\/index.php\\\/lumea-noastra\\\/utilitatile-ne-ard-la-buzunare\\\/\"},\"author\":{\"name\":\"Covasna45\",\"@id\":\"https:\\\/\\\/covasna45.ro\\\/#\\\/schema\\\/person\\\/e674052bd7d95d70bbb007a1060ab73c\"},\"headline\":\"Utilit\u0103\u021bile ne ard la buzunare\",\"datePublished\":\"2023-09-07T07:54:23+00:00\",\"dateModified\":\"2023-09-07T07:54:24+00:00\",\"mainEntityOfPage\":{\"@id\":\"https:\\\/\\\/covasna45.ro\\\/index.php\\\/lumea-noastra\\\/utilitatile-ne-ard-la-buzunare\\\/\"},\"wordCount\":377,\"commentCount\":0,\"publisher\":{\"@id\":\"https:\\\/\\\/covasna45.ro\\\/#organization\"},\"image\":{\"@id\":\"https:\\\/\\\/covasna45.ro\\\/index.php\\\/lumea-noastra\\\/utilitatile-ne-ard-la-buzunare\\\/#primaryimage\"},\"thumbnailUrl\":\"https:\\\/\\\/covasna45.ro\\\/wp-content\\\/uploads\\\/2023\\\/09\\\/utilitati.jpg\",\"keywords\":[\"Cheltuieli\",\"Costuri\",\"Pre\u021buri\",\"Utilit\u0103\u021bi\"],\"articleSection\":[\"Lumea noastr\u0103\"],\"inLanguage\":\"ro-RO\",\"potentialAction\":[{\"@type\":\"CommentAction\",\"name\":\"Comment\",\"target\":[\"https:\\\/\\\/covasna45.ro\\\/index.php\\\/lumea-noastra\\\/utilitatile-ne-ard-la-buzunare\\\/#respond\"]}]},{\"@type\":\"WebPage\",\"@id\":\"https:\\\/\\\/covasna45.ro\\\/index.php\\\/lumea-noastra\\\/utilitatile-ne-ard-la-buzunare\\\/\",\"url\":\"https:\\\/\\\/covasna45.ro\\\/index.php\\\/lumea-noastra\\\/utilitatile-ne-ard-la-buzunare\\\/\",\"name\":\"Utilit\u0103\u021bile ne ard la buzunare - Covasna45\",\"isPartOf\":{\"@id\":\"https:\\\/\\\/covasna45.ro\\\/#website\"},\"primaryImageOfPage\":{\"@id\":\"https:\\\/\\\/covasna45.ro\\\/index.php\\\/lumea-noastra\\\/utilitatile-ne-ard-la-buzunare\\\/#primaryimage\"},\"image\":{\"@id\":\"https:\\\/\\\/covasna45.ro\\\/index.php\\\/lumea-noastra\\\/utilitatile-ne-ard-la-buzunare\\\/#primaryimage\"},\"thumbnailUrl\":\"https:\\\/\\\/covasna45.ro\\\/wp-content\\\/uploads\\\/2023\\\/09\\\/utilitati.jpg\",\"datePublished\":\"2023-09-07T07:54:23+00:00\",\"dateModified\":\"2023-09-07T07:54:24+00:00\",\"description\":\"55% dintre responden\u021bi au redus cheltuielile asociate consumului de alimente, utilit\u0103\u021bi \u0219i vacan\u021be. 29% economisesc\",\"breadcrumb\":{\"@id\":\"https:\\\/\\\/covasna45.ro\\\/index.php\\\/lumea-noastra\\\/utilitatile-ne-ard-la-buzunare\\\/#breadcrumb\"},\"inLanguage\":\"ro-RO\",\"potentialAction\":[{\"@type\":\"ReadAction\",\"target\":[\"https:\\\/\\\/covasna45.ro\\\/index.php\\\/lumea-noastra\\\/utilitatile-ne-ard-la-buzunare\\\/\"]}]},{\"@type\":\"ImageObject\",\"inLanguage\":\"ro-RO\",\"@id\":\"https:\\\/\\\/covasna45.ro\\\/index.php\\\/lumea-noastra\\\/utilitatile-ne-ard-la-buzunare\\\/#primaryimage\",\"url\":\"https:\\\/\\\/covasna45.ro\\\/wp-content\\\/uploads\\\/2023\\\/09\\\/utilitati.jpg\",\"contentUrl\":\"https:\\\/\\\/covasna45.ro\\\/wp-content\\\/uploads\\\/2023\\\/09\\\/utilitati.jpg\",\"width\":2127,\"height\":1409},{\"@type\":\"BreadcrumbList\",\"@id\":\"https:\\\/\\\/covasna45.ro\\\/index.php\\\/lumea-noastra\\\/utilitatile-ne-ard-la-buzunare\\\/#breadcrumb\",\"itemListElement\":[{\"@type\":\"ListItem\",\"position\":1,\"name\":\"Prima pagin\u0103\",\"item\":\"https:\\\/\\\/covasna45.ro\\\/\"},{\"@type\":\"ListItem\",\"position\":2,\"name\":\"Utilit\u0103\u021bile ne ard la buzunare\"}]},{\"@type\":\"WebSite\",\"@id\":\"https:\\\/\\\/covasna45.ro\\\/#website\",\"url\":\"https:\\\/\\\/covasna45.ro\\\/\",\"name\":\"covasna45.ro\",\"description\":\"\",\"publisher\":{\"@id\":\"https:\\\/\\\/covasna45.ro\\\/#organization\"},\"potentialAction\":[{\"@type\":\"SearchAction\",\"target\":{\"@type\":\"EntryPoint\",\"urlTemplate\":\"https:\\\/\\\/covasna45.ro\\\/?s={search_term_string}\"},\"query-input\":{\"@type\":\"PropertyValueSpecification\",\"valueRequired\":true,\"valueName\":\"search_term_string\"}}],\"inLanguage\":\"ro-RO\"},{\"@type\":\"Organization\",\"@id\":\"https:\\\/\\\/covasna45.ro\\\/#organization\",\"name\":\"covasna45.ro\",\"url\":\"https:\\\/\\\/covasna45.ro\\\/\",\"logo\":{\"@type\":\"ImageObject\",\"inLanguage\":\"ro-RO\",\"@id\":\"https:\\\/\\\/covasna45.ro\\\/#\\\/schema\\\/logo\\\/image\\\/\",\"url\":\"https:\\\/\\\/covasna45.ro\\\/wp-content\\\/uploads\\\/2023\\\/01\\\/icon_logo.png\",\"contentUrl\":\"https:\\\/\\\/covasna45.ro\\\/wp-content\\\/uploads\\\/2023\\\/01\\\/icon_logo.png\",\"width\":1900,\"height\":1900,\"caption\":\"covasna45.ro\"},\"image\":{\"@id\":\"https:\\\/\\\/covasna45.ro\\\/#\\\/schema\\\/logo\\\/image\\\/\"}},{\"@type\":\"Person\",\"@id\":\"https:\\\/\\\/covasna45.ro\\\/#\\\/schema\\\/person\\\/e674052bd7d95d70bbb007a1060ab73c\",\"name\":\"Covasna45\",\"image\":{\"@type\":\"ImageObject\",\"inLanguage\":\"ro-RO\",\"@id\":\"https:\\\/\\\/covasna45.ro\\\/wp-content\\\/uploads\\\/2025\\\/10\\\/icon_logo_covasna45-150x150.png\",\"url\":\"https:\\\/\\\/covasna45.ro\\\/wp-content\\\/uploads\\\/2025\\\/10\\\/icon_logo_covasna45-150x150.png\",\"contentUrl\":\"https:\\\/\\\/covasna45.ro\\\/wp-content\\\/uploads\\\/2025\\\/10\\\/icon_logo_covasna45-150x150.png\",\"caption\":\"Covasna45\"},\"sameAs\":[\"https:\\\/\\\/covasna45.ro\"],\"url\":\"https:\\\/\\\/covasna45.ro\\\/index.php\\\/author\\\/covasna\\\/\"}]}<\/script>\n<!-- \/ Yoast SEO plugin. -->","yoast_head_json":{"title":"Utilit\u0103\u021bile ne ard la buzunare - Covasna45","description":"55% dintre responden\u021bi au redus cheltuielile asociate consumului de alimente, utilit\u0103\u021bi \u0219i vacan\u021be. 29% economisesc","robots":{"index":"index","follow":"follow","max-snippet":"max-snippet:-1","max-image-preview":"max-image-preview:large","max-video-preview":"max-video-preview:-1"},"canonical":"https:\/\/covasna45.ro\/index.php\/lumea-noastra\/utilitatile-ne-ard-la-buzunare\/","og_locale":"ro_RO","og_type":"article","og_title":"Utilit\u0103\u021bile ne ard la buzunare - Covasna45","og_description":"55% dintre responden\u021bi au redus cheltuielile asociate consumului de alimente, utilit\u0103\u021bi \u0219i vacan\u021be. 29% economisesc","og_url":"https:\/\/covasna45.ro\/index.php\/lumea-noastra\/utilitatile-ne-ard-la-buzunare\/","og_site_name":"Covasna45","article_published_time":"2023-09-07T07:54:23+00:00","article_modified_time":"2023-09-07T07:54:24+00:00","og_image":[{"width":1024,"height":678,"url":"https:\/\/covasna45.ro\/wp-content\/uploads\/2023\/09\/utilitati-1024x678.jpg","type":"image\/jpeg"}],"author":"Covasna45","twitter_card":"summary_large_image","twitter_misc":{"Scris de":"Covasna45","Timp estimat pentru citire":"2 minute"},"schema":{"@context":"https:\/\/schema.org","@graph":[{"@type":"Article","@id":"https:\/\/covasna45.ro\/index.php\/lumea-noastra\/utilitatile-ne-ard-la-buzunare\/#article","isPartOf":{"@id":"https:\/\/covasna45.ro\/index.php\/lumea-noastra\/utilitatile-ne-ard-la-buzunare\/"},"author":{"name":"Covasna45","@id":"https:\/\/covasna45.ro\/#\/schema\/person\/e674052bd7d95d70bbb007a1060ab73c"},"headline":"Utilit\u0103\u021bile ne ard la buzunare","datePublished":"2023-09-07T07:54:23+00:00","dateModified":"2023-09-07T07:54:24+00:00","mainEntityOfPage":{"@id":"https:\/\/covasna45.ro\/index.php\/lumea-noastra\/utilitatile-ne-ard-la-buzunare\/"},"wordCount":377,"commentCount":0,"publisher":{"@id":"https:\/\/covasna45.ro\/#organization"},"image":{"@id":"https:\/\/covasna45.ro\/index.php\/lumea-noastra\/utilitatile-ne-ard-la-buzunare\/#primaryimage"},"thumbnailUrl":"https:\/\/covasna45.ro\/wp-content\/uploads\/2023\/09\/utilitati.jpg","keywords":["Cheltuieli","Costuri","Pre\u021buri","Utilit\u0103\u021bi"],"articleSection":["Lumea noastr\u0103"],"inLanguage":"ro-RO","potentialAction":[{"@type":"CommentAction","name":"Comment","target":["https:\/\/covasna45.ro\/index.php\/lumea-noastra\/utilitatile-ne-ard-la-buzunare\/#respond"]}]},{"@type":"WebPage","@id":"https:\/\/covasna45.ro\/index.php\/lumea-noastra\/utilitatile-ne-ard-la-buzunare\/","url":"https:\/\/covasna45.ro\/index.php\/lumea-noastra\/utilitatile-ne-ard-la-buzunare\/","name":"Utilit\u0103\u021bile ne ard la buzunare - Covasna45","isPartOf":{"@id":"https:\/\/covasna45.ro\/#website"},"primaryImageOfPage":{"@id":"https:\/\/covasna45.ro\/index.php\/lumea-noastra\/utilitatile-ne-ard-la-buzunare\/#primaryimage"},"image":{"@id":"https:\/\/covasna45.ro\/index.php\/lumea-noastra\/utilitatile-ne-ard-la-buzunare\/#primaryimage"},"thumbnailUrl":"https:\/\/covasna45.ro\/wp-content\/uploads\/2023\/09\/utilitati.jpg","datePublished":"2023-09-07T07:54:23+00:00","dateModified":"2023-09-07T07:54:24+00:00","description":"55% dintre responden\u021bi au redus cheltuielile asociate consumului de alimente, utilit\u0103\u021bi \u0219i vacan\u021be. 29% economisesc","breadcrumb":{"@id":"https:\/\/covasna45.ro\/index.php\/lumea-noastra\/utilitatile-ne-ard-la-buzunare\/#breadcrumb"},"inLanguage":"ro-RO","potentialAction":[{"@type":"ReadAction","target":["https:\/\/covasna45.ro\/index.php\/lumea-noastra\/utilitatile-ne-ard-la-buzunare\/"]}]},{"@type":"ImageObject","inLanguage":"ro-RO","@id":"https:\/\/covasna45.ro\/index.php\/lumea-noastra\/utilitatile-ne-ard-la-buzunare\/#primaryimage","url":"https:\/\/covasna45.ro\/wp-content\/uploads\/2023\/09\/utilitati.jpg","contentUrl":"https:\/\/covasna45.ro\/wp-content\/uploads\/2023\/09\/utilitati.jpg","width":2127,"height":1409},{"@type":"BreadcrumbList","@id":"https:\/\/covasna45.ro\/index.php\/lumea-noastra\/utilitatile-ne-ard-la-buzunare\/#breadcrumb","itemListElement":[{"@type":"ListItem","position":1,"name":"Prima pagin\u0103","item":"https:\/\/covasna45.ro\/"},{"@type":"ListItem","position":2,"name":"Utilit\u0103\u021bile ne ard la buzunare"}]},{"@type":"WebSite","@id":"https:\/\/covasna45.ro\/#website","url":"https:\/\/covasna45.ro\/","name":"covasna45.ro","description":"","publisher":{"@id":"https:\/\/covasna45.ro\/#organization"},"potentialAction":[{"@type":"SearchAction","target":{"@type":"EntryPoint","urlTemplate":"https:\/\/covasna45.ro\/?s={search_term_string}"},"query-input":{"@type":"PropertyValueSpecification","valueRequired":true,"valueName":"search_term_string"}}],"inLanguage":"ro-RO"},{"@type":"Organization","@id":"https:\/\/covasna45.ro\/#organization","name":"covasna45.ro","url":"https:\/\/covasna45.ro\/","logo":{"@type":"ImageObject","inLanguage":"ro-RO","@id":"https:\/\/covasna45.ro\/#\/schema\/logo\/image\/","url":"https:\/\/covasna45.ro\/wp-content\/uploads\/2023\/01\/icon_logo.png","contentUrl":"https:\/\/covasna45.ro\/wp-content\/uploads\/2023\/01\/icon_logo.png","width":1900,"height":1900,"caption":"covasna45.ro"},"image":{"@id":"https:\/\/covasna45.ro\/#\/schema\/logo\/image\/"}},{"@type":"Person","@id":"https:\/\/covasna45.ro\/#\/schema\/person\/e674052bd7d95d70bbb007a1060ab73c","name":"Covasna45","image":{"@type":"ImageObject","inLanguage":"ro-RO","@id":"https:\/\/covasna45.ro\/wp-content\/uploads\/2025\/10\/icon_logo_covasna45-150x150.png","url":"https:\/\/covasna45.ro\/wp-content\/uploads\/2025\/10\/icon_logo_covasna45-150x150.png","contentUrl":"https:\/\/covasna45.ro\/wp-content\/uploads\/2025\/10\/icon_logo_covasna45-150x150.png","caption":"Covasna45"},"sameAs":["https:\/\/covasna45.ro"],"url":"https:\/\/covasna45.ro\/index.php\/author\/covasna\/"}]}},"_links":{"self":[{"href":"https:\/\/covasna45.ro\/index.php\/wp-json\/wp\/v2\/posts\/2834","targetHints":{"allow":["GET"]}}],"collection":[{"href":"https:\/\/covasna45.ro\/index.php\/wp-json\/wp\/v2\/posts"}],"about":[{"href":"https:\/\/covasna45.ro\/index.php\/wp-json\/wp\/v2\/types\/post"}],"author":[{"embeddable":true,"href":"https:\/\/covasna45.ro\/index.php\/wp-json\/wp\/v2\/users\/1"}],"replies":[{"embeddable":true,"href":"https:\/\/covasna45.ro\/index.php\/wp-json\/wp\/v2\/comments?post=2834"}],"version-history":[{"count":1,"href":"https:\/\/covasna45.ro\/index.php\/wp-json\/wp\/v2\/posts\/2834\/revisions"}],"predecessor-version":[{"id":2836,"href":"https:\/\/covasna45.ro\/index.php\/wp-json\/wp\/v2\/posts\/2834\/revisions\/2836"}],"wp:featuredmedia":[{"embeddable":true,"href":"https:\/\/covasna45.ro\/index.php\/wp-json\/wp\/v2\/media\/2835"}],"wp:attachment":[{"href":"https:\/\/covasna45.ro\/index.php\/wp-json\/wp\/v2\/media?parent=2834"}],"wp:term":[{"taxonomy":"category","embeddable":true,"href":"https:\/\/covasna45.ro\/index.php\/wp-json\/wp\/v2\/categories?post=2834"},{"taxonomy":"post_tag","embeddable":true,"href":"https:\/\/covasna45.ro\/index.php\/wp-json\/wp\/v2\/tags?post=2834"}],"curies":[{"name":"wp","href":"https:\/\/api.w.org\/{rel}","templated":true}]}}