{"id":2882,"date":"2023-09-13T08:24:26","date_gmt":"2023-09-13T06:24:26","guid":{"rendered":"https:\/\/covasna45.ro\/?p=2882"},"modified":"2023-09-13T12:10:26","modified_gmt":"2023-09-13T10:10:26","slug":"ura-ca-o-legitimare-a-firii","status":"publish","type":"post","link":"https:\/\/covasna45.ro\/index.php\/opinii\/ura-ca-o-legitimare-a-firii\/","title":{"rendered":"Ura, ca o legitimare a firii"},"content":{"rendered":"\n<p>Azi pare c\u0103 cea mai validat\u0103 unitate de m\u0103sur\u0103 este ura. Fierea \u0219i veninul sunt laptele \u0219i cornul comunic\u0103rii zilnice. Ura \u00eei umfl\u0103 pe avoca\u021bi, consultan\u021bi, publici\u0219ti, intelectuali, ziari\u0219ti, politicieni sau doar cet\u0103\u021beni. Trepida\u021bia devine visceral\u0103, privirile se \u00eentunec\u0103 sub spr\u00e2ncenele \u00eencruntate, venele g\u00e2tului dau s\u0103 se sparg\u0103. Ura inund\u0103 comunicarea, oricare ar fi platforma acesteia.<\/p>\n\n\n\n<div class=\"wp-block-group\"><div class=\"wp-block-group__inner-container is-layout-constrained wp-block-group-is-layout-constrained\">\n<p><em><strong>\u2013 Dac\u0103 nu e\u0219ti cu noi, e\u0219ti cu cel\u0103lalt\u2026<\/strong><\/em><\/p>\n\n\n\n<p><strong><em>\u2013 De unde \u0219ti\u021bi?!<\/em><\/strong><\/p>\n\n\n\n<p><strong><em>\u2013 \u0218tim! \u2026 \u0218i te ur\u00e2m! \u2026<\/em><\/strong><\/p>\n<\/div><\/div>\n\n\n\n<h2 class=\"wp-block-heading\">Ura se simte, se \u00eencaseaz\u0103 mai tare ca o st\u00e2ng\u0103 la ficat!<\/h2>\n\n\n\n<p>Modernitatea a schimbat multe lucruri. Mediul online a redus distan\u021ba dintre politicieni \u0219i cet\u0103\u021beni. Timpul \u0219i spa\u021biul se m\u0103soar\u0103 altfel dec\u00e2t acum o jum\u0103tate de veac. Tehnologia avanseaz\u0103 extraordinar.<\/p>\n\n\n\n<p>Azi, c\u00e2nd totul se transmite \u00een timp real \u0219i oricine poate comunica public, ies \u00een eviden\u021b\u0103 \u00eencr\u00e2ncenarea \u0219i invectiva. Ura. Sicofan\u021bi de ambele sexe sufoc\u0103 televizorul cu furia rev\u0103rsat\u0103 din gurile-pung\u0103. Atot\u0219tiutori \u0219i atoate\u0219tiutoare  at\u00e2rn\u0103 prin studiourile de televiziune ca l\u0103mpile de miner pe casca de protec\u021bie. Pe Facebook e la fel.<\/p>\n\n\n\n<p>\u00cen 1920, Max Weber spunea \u00eentr-o conferin\u021b\u0103 \u021binut\u0103 la M\u00fcnchen:<strong><em> \u201eCeea ce conteaz\u0103 este obiectivitatea instruit\u0103 a privirii asupra realit\u0103\u021bilor lumii, puterea de a le \u00een\u021belege \u0219i de a ne ridica l\u0103untric la \u00een\u0103l\u021bimea lor\u201c.<\/em><\/strong> Am mai scris despre acest citat. O fraz\u0103 puternic\u0103 \u0219i mereu actual\u0103. E dincolo de emfaza st\u00e2ngii, dincolo de lipsa de inspira\u021bie a dreptei sau de incoeren\u021bele dintre cele dou\u0103 m\u00e2ini.<\/p>\n\n\n\n<h2 class=\"wp-block-heading\">C\u00e2t ne-am schimbat?<\/h2>\n\n\n\n<p>Au trecut mai bine de 30 de ani \u00een care unii dintre noi \u2013 mul\u021bi, pu\u021bini?! \u2013 nu ne-am avut dec\u00e2t pe noi \u00een\u0219ine. \u0218i familiile noastre \u0219i o m\u00e2n\u0103 de prieteni \u0219i privirile \u00eendreptate scrut\u0103tor \u00eenainte. At\u00e2t de mult ne-am uitat \u00eenainte, \u00eenc\u00e2t am albit f\u0103r\u0103 s\u0103 ne d\u0103m seama. <\/p>\n\n\n\n<p>Albumele noastre cu amintiri sunt s\u0103race pentru c\u0103 ne-am uitat mereu c\u0103tre o lume mai bun\u0103. Ne-am \u00eencr\u00e2ncenat at\u00e2ta vreme pentru o zi de m\u00e2ine care s\u0103 devin\u0103, dac\u0103 nu realitatea noastr\u0103 cotidian\u0103, m\u0103car o frumoas\u0103 fotografie color \u00een albumul de amintiri\u2026<\/p>\n\n\n\n<p>\u00cenchei cu un alt citat, \u0219i mai drag mie, din Evanghelia dup\u0103 Matei. <strong><em>\u201eNu v\u0103 \u00eengriji\u021bi de ziua de m\u00e2ine, c\u0103ci ziua de m\u00e2ine se va \u00eengriji de ale sale. Ajunge zilei r\u0103utatea ei\u201c.<\/em><\/strong><\/p>\n","protected":false},"excerpt":{"rendered":"<p>Azi pare c\u0103 cea mai validat\u0103 unitate de m\u0103sur\u0103 este ura. Fierea \u0219i veninul sunt laptele \u0219i cornul comunic\u0103rii zilnice. Ura \u00eei umfl\u0103 pe avoca\u021bi, consultan\u021bi, publici\u0219ti, intelectuali, ziari\u0219ti, politicieni sau doar cet\u0103\u021beni. Trepida\u021bia devine visceral\u0103, privirile se \u00eentunec\u0103 sub spr\u00e2ncenele \u00eencruntate, venele g\u00e2tului dau s\u0103 se sparg\u0103. Ura inund\u0103 comunicarea, oricare ar fi platforma [&hellip;]<\/p>\n","protected":false},"author":2,"featured_media":2883,"comment_status":"open","ping_status":"closed","sticky":false,"template":"","format":"standard","meta":{"tdm_status":"","tdm_grid_status":"","footnotes":""},"categories":[13],"tags":[1160,399,1159,1161],"class_list":{"0":"post-2882","1":"post","2":"type-post","3":"status-publish","4":"format-standard","5":"has-post-thumbnail","7":"category-opinii","8":"tag-facebook","9":"tag-online","10":"tag-ura","11":"tag-violenta"},"yoast_head":"<!-- This site is optimized with the Yoast SEO plugin v27.5 - https:\/\/yoast.com\/product\/yoast-seo-wordpress\/ -->\n<title>Ura, ca o legitimare a firii - Covasna45<\/title>\n<meta name=\"description\" content=\"Cea mai validat\u0103 unitate de m\u0103sur\u0103 este ura. Fierea \u0219i veninul sunt laptele \u0219i cornul comunic\u0103rii zilnice.\" \/>\n<meta name=\"robots\" content=\"index, follow, max-snippet:-1, max-image-preview:large, max-video-preview:-1\" \/>\n<link rel=\"canonical\" href=\"https:\/\/covasna45.ro\/index.php\/opinii\/ura-ca-o-legitimare-a-firii\/\" \/>\n<meta property=\"og:locale\" content=\"ro_RO\" \/>\n<meta property=\"og:type\" content=\"article\" \/>\n<meta property=\"og:title\" content=\"Ura, ca o legitimare a firii - Covasna45\" \/>\n<meta property=\"og:description\" content=\"Cea mai validat\u0103 unitate de m\u0103sur\u0103 este ura. Fierea \u0219i veninul sunt laptele \u0219i cornul comunic\u0103rii zilnice.\" \/>\n<meta property=\"og:url\" content=\"https:\/\/covasna45.ro\/index.php\/opinii\/ura-ca-o-legitimare-a-firii\/\" \/>\n<meta property=\"og:site_name\" content=\"Covasna45\" \/>\n<meta property=\"article:published_time\" content=\"2023-09-13T06:24:26+00:00\" \/>\n<meta property=\"article:modified_time\" content=\"2023-09-13T10:10:26+00:00\" \/>\n<meta property=\"og:image\" content=\"https:\/\/covasna45.ro\/wp-content\/uploads\/2023\/09\/ura.jpg\" \/>\n\t<meta property=\"og:image:width\" content=\"1350\" \/>\n\t<meta property=\"og:image:height\" content=\"900\" \/>\n\t<meta property=\"og:image:type\" content=\"image\/jpeg\" \/>\n<meta name=\"author\" content=\"Tudor Artenie\" \/>\n<meta name=\"twitter:card\" content=\"summary_large_image\" \/>\n<meta name=\"twitter:label1\" content=\"Scris de\" \/>\n\t<meta name=\"twitter:data1\" content=\"Tudor Artenie\" \/>\n\t<meta name=\"twitter:label2\" content=\"Timp estimat pentru citire\" \/>\n\t<meta name=\"twitter:data2\" content=\"2 minute\" \/>\n<script type=\"application\/ld+json\" class=\"yoast-schema-graph\">{\"@context\":\"https:\\\/\\\/schema.org\",\"@graph\":[{\"@type\":\"Article\",\"@id\":\"https:\\\/\\\/covasna45.ro\\\/index.php\\\/opinii\\\/ura-ca-o-legitimare-a-firii\\\/#article\",\"isPartOf\":{\"@id\":\"https:\\\/\\\/covasna45.ro\\\/index.php\\\/opinii\\\/ura-ca-o-legitimare-a-firii\\\/\"},\"author\":{\"name\":\"Tudor Artenie\",\"@id\":\"https:\\\/\\\/covasna45.ro\\\/#\\\/schema\\\/person\\\/bebc5d3d25da46ad17e583074ed07bde\"},\"headline\":\"Ura, ca o legitimare a firii\",\"datePublished\":\"2023-09-13T06:24:26+00:00\",\"dateModified\":\"2023-09-13T10:10:26+00:00\",\"mainEntityOfPage\":{\"@id\":\"https:\\\/\\\/covasna45.ro\\\/index.php\\\/opinii\\\/ura-ca-o-legitimare-a-firii\\\/\"},\"wordCount\":425,\"commentCount\":0,\"publisher\":{\"@id\":\"https:\\\/\\\/covasna45.ro\\\/#organization\"},\"image\":{\"@id\":\"https:\\\/\\\/covasna45.ro\\\/index.php\\\/opinii\\\/ura-ca-o-legitimare-a-firii\\\/#primaryimage\"},\"thumbnailUrl\":\"https:\\\/\\\/covasna45.ro\\\/wp-content\\\/uploads\\\/2023\\\/09\\\/ura.jpg\",\"keywords\":[\"Facebook\",\"Online\",\"Ura\",\"Violen\u021b\u0103\"],\"articleSection\":[\"Opinii\"],\"inLanguage\":\"ro-RO\",\"potentialAction\":[{\"@type\":\"CommentAction\",\"name\":\"Comment\",\"target\":[\"https:\\\/\\\/covasna45.ro\\\/index.php\\\/opinii\\\/ura-ca-o-legitimare-a-firii\\\/#respond\"]}]},{\"@type\":\"WebPage\",\"@id\":\"https:\\\/\\\/covasna45.ro\\\/index.php\\\/opinii\\\/ura-ca-o-legitimare-a-firii\\\/\",\"url\":\"https:\\\/\\\/covasna45.ro\\\/index.php\\\/opinii\\\/ura-ca-o-legitimare-a-firii\\\/\",\"name\":\"Ura, ca o legitimare a firii - Covasna45\",\"isPartOf\":{\"@id\":\"https:\\\/\\\/covasna45.ro\\\/#website\"},\"primaryImageOfPage\":{\"@id\":\"https:\\\/\\\/covasna45.ro\\\/index.php\\\/opinii\\\/ura-ca-o-legitimare-a-firii\\\/#primaryimage\"},\"image\":{\"@id\":\"https:\\\/\\\/covasna45.ro\\\/index.php\\\/opinii\\\/ura-ca-o-legitimare-a-firii\\\/#primaryimage\"},\"thumbnailUrl\":\"https:\\\/\\\/covasna45.ro\\\/wp-content\\\/uploads\\\/2023\\\/09\\\/ura.jpg\",\"datePublished\":\"2023-09-13T06:24:26+00:00\",\"dateModified\":\"2023-09-13T10:10:26+00:00\",\"description\":\"Cea mai validat\u0103 unitate de m\u0103sur\u0103 este ura. Fierea \u0219i veninul sunt laptele \u0219i cornul comunic\u0103rii zilnice.\",\"breadcrumb\":{\"@id\":\"https:\\\/\\\/covasna45.ro\\\/index.php\\\/opinii\\\/ura-ca-o-legitimare-a-firii\\\/#breadcrumb\"},\"inLanguage\":\"ro-RO\",\"potentialAction\":[{\"@type\":\"ReadAction\",\"target\":[\"https:\\\/\\\/covasna45.ro\\\/index.php\\\/opinii\\\/ura-ca-o-legitimare-a-firii\\\/\"]}]},{\"@type\":\"ImageObject\",\"inLanguage\":\"ro-RO\",\"@id\":\"https:\\\/\\\/covasna45.ro\\\/index.php\\\/opinii\\\/ura-ca-o-legitimare-a-firii\\\/#primaryimage\",\"url\":\"https:\\\/\\\/covasna45.ro\\\/wp-content\\\/uploads\\\/2023\\\/09\\\/ura.jpg\",\"contentUrl\":\"https:\\\/\\\/covasna45.ro\\\/wp-content\\\/uploads\\\/2023\\\/09\\\/ura.jpg\",\"width\":1350,\"height\":900},{\"@type\":\"BreadcrumbList\",\"@id\":\"https:\\\/\\\/covasna45.ro\\\/index.php\\\/opinii\\\/ura-ca-o-legitimare-a-firii\\\/#breadcrumb\",\"itemListElement\":[{\"@type\":\"ListItem\",\"position\":1,\"name\":\"Prima pagin\u0103\",\"item\":\"https:\\\/\\\/covasna45.ro\\\/\"},{\"@type\":\"ListItem\",\"position\":2,\"name\":\"Ura, ca o legitimare a firii\"}]},{\"@type\":\"WebSite\",\"@id\":\"https:\\\/\\\/covasna45.ro\\\/#website\",\"url\":\"https:\\\/\\\/covasna45.ro\\\/\",\"name\":\"covasna45.ro\",\"description\":\"\",\"publisher\":{\"@id\":\"https:\\\/\\\/covasna45.ro\\\/#organization\"},\"potentialAction\":[{\"@type\":\"SearchAction\",\"target\":{\"@type\":\"EntryPoint\",\"urlTemplate\":\"https:\\\/\\\/covasna45.ro\\\/?s={search_term_string}\"},\"query-input\":{\"@type\":\"PropertyValueSpecification\",\"valueRequired\":true,\"valueName\":\"search_term_string\"}}],\"inLanguage\":\"ro-RO\"},{\"@type\":\"Organization\",\"@id\":\"https:\\\/\\\/covasna45.ro\\\/#organization\",\"name\":\"covasna45.ro\",\"url\":\"https:\\\/\\\/covasna45.ro\\\/\",\"logo\":{\"@type\":\"ImageObject\",\"inLanguage\":\"ro-RO\",\"@id\":\"https:\\\/\\\/covasna45.ro\\\/#\\\/schema\\\/logo\\\/image\\\/\",\"url\":\"https:\\\/\\\/covasna45.ro\\\/wp-content\\\/uploads\\\/2023\\\/01\\\/icon_logo.png\",\"contentUrl\":\"https:\\\/\\\/covasna45.ro\\\/wp-content\\\/uploads\\\/2023\\\/01\\\/icon_logo.png\",\"width\":1900,\"height\":1900,\"caption\":\"covasna45.ro\"},\"image\":{\"@id\":\"https:\\\/\\\/covasna45.ro\\\/#\\\/schema\\\/logo\\\/image\\\/\"}},{\"@type\":\"Person\",\"@id\":\"https:\\\/\\\/covasna45.ro\\\/#\\\/schema\\\/person\\\/bebc5d3d25da46ad17e583074ed07bde\",\"name\":\"Tudor Artenie\",\"image\":{\"@type\":\"ImageObject\",\"inLanguage\":\"ro-RO\",\"@id\":\"https:\\\/\\\/covasna45.ro\\\/wp-content\\\/uploads\\\/2025\\\/10\\\/Tudor_recita_1-1-150x150.jpg\",\"url\":\"https:\\\/\\\/covasna45.ro\\\/wp-content\\\/uploads\\\/2025\\\/10\\\/Tudor_recita_1-1-150x150.jpg\",\"contentUrl\":\"https:\\\/\\\/covasna45.ro\\\/wp-content\\\/uploads\\\/2025\\\/10\\\/Tudor_recita_1-1-150x150.jpg\",\"caption\":\"Tudor Artenie\"},\"url\":\"https:\\\/\\\/covasna45.ro\\\/index.php\\\/author\\\/tudor\\\/\"}]}<\/script>\n<!-- \/ Yoast SEO plugin. -->","yoast_head_json":{"title":"Ura, ca o legitimare a firii - Covasna45","description":"Cea mai validat\u0103 unitate de m\u0103sur\u0103 este ura. Fierea \u0219i veninul sunt laptele \u0219i cornul comunic\u0103rii zilnice.","robots":{"index":"index","follow":"follow","max-snippet":"max-snippet:-1","max-image-preview":"max-image-preview:large","max-video-preview":"max-video-preview:-1"},"canonical":"https:\/\/covasna45.ro\/index.php\/opinii\/ura-ca-o-legitimare-a-firii\/","og_locale":"ro_RO","og_type":"article","og_title":"Ura, ca o legitimare a firii - Covasna45","og_description":"Cea mai validat\u0103 unitate de m\u0103sur\u0103 este ura. Fierea \u0219i veninul sunt laptele \u0219i cornul comunic\u0103rii zilnice.","og_url":"https:\/\/covasna45.ro\/index.php\/opinii\/ura-ca-o-legitimare-a-firii\/","og_site_name":"Covasna45","article_published_time":"2023-09-13T06:24:26+00:00","article_modified_time":"2023-09-13T10:10:26+00:00","og_image":[{"width":1350,"height":900,"url":"https:\/\/covasna45.ro\/wp-content\/uploads\/2023\/09\/ura.jpg","type":"image\/jpeg"}],"author":"Tudor Artenie","twitter_card":"summary_large_image","twitter_misc":{"Scris de":"Tudor Artenie","Timp estimat pentru citire":"2 minute"},"schema":{"@context":"https:\/\/schema.org","@graph":[{"@type":"Article","@id":"https:\/\/covasna45.ro\/index.php\/opinii\/ura-ca-o-legitimare-a-firii\/#article","isPartOf":{"@id":"https:\/\/covasna45.ro\/index.php\/opinii\/ura-ca-o-legitimare-a-firii\/"},"author":{"name":"Tudor Artenie","@id":"https:\/\/covasna45.ro\/#\/schema\/person\/bebc5d3d25da46ad17e583074ed07bde"},"headline":"Ura, ca o legitimare a firii","datePublished":"2023-09-13T06:24:26+00:00","dateModified":"2023-09-13T10:10:26+00:00","mainEntityOfPage":{"@id":"https:\/\/covasna45.ro\/index.php\/opinii\/ura-ca-o-legitimare-a-firii\/"},"wordCount":425,"commentCount":0,"publisher":{"@id":"https:\/\/covasna45.ro\/#organization"},"image":{"@id":"https:\/\/covasna45.ro\/index.php\/opinii\/ura-ca-o-legitimare-a-firii\/#primaryimage"},"thumbnailUrl":"https:\/\/covasna45.ro\/wp-content\/uploads\/2023\/09\/ura.jpg","keywords":["Facebook","Online","Ura","Violen\u021b\u0103"],"articleSection":["Opinii"],"inLanguage":"ro-RO","potentialAction":[{"@type":"CommentAction","name":"Comment","target":["https:\/\/covasna45.ro\/index.php\/opinii\/ura-ca-o-legitimare-a-firii\/#respond"]}]},{"@type":"WebPage","@id":"https:\/\/covasna45.ro\/index.php\/opinii\/ura-ca-o-legitimare-a-firii\/","url":"https:\/\/covasna45.ro\/index.php\/opinii\/ura-ca-o-legitimare-a-firii\/","name":"Ura, ca o legitimare a firii - Covasna45","isPartOf":{"@id":"https:\/\/covasna45.ro\/#website"},"primaryImageOfPage":{"@id":"https:\/\/covasna45.ro\/index.php\/opinii\/ura-ca-o-legitimare-a-firii\/#primaryimage"},"image":{"@id":"https:\/\/covasna45.ro\/index.php\/opinii\/ura-ca-o-legitimare-a-firii\/#primaryimage"},"thumbnailUrl":"https:\/\/covasna45.ro\/wp-content\/uploads\/2023\/09\/ura.jpg","datePublished":"2023-09-13T06:24:26+00:00","dateModified":"2023-09-13T10:10:26+00:00","description":"Cea mai validat\u0103 unitate de m\u0103sur\u0103 este ura. Fierea \u0219i veninul sunt laptele \u0219i cornul comunic\u0103rii zilnice.","breadcrumb":{"@id":"https:\/\/covasna45.ro\/index.php\/opinii\/ura-ca-o-legitimare-a-firii\/#breadcrumb"},"inLanguage":"ro-RO","potentialAction":[{"@type":"ReadAction","target":["https:\/\/covasna45.ro\/index.php\/opinii\/ura-ca-o-legitimare-a-firii\/"]}]},{"@type":"ImageObject","inLanguage":"ro-RO","@id":"https:\/\/covasna45.ro\/index.php\/opinii\/ura-ca-o-legitimare-a-firii\/#primaryimage","url":"https:\/\/covasna45.ro\/wp-content\/uploads\/2023\/09\/ura.jpg","contentUrl":"https:\/\/covasna45.ro\/wp-content\/uploads\/2023\/09\/ura.jpg","width":1350,"height":900},{"@type":"BreadcrumbList","@id":"https:\/\/covasna45.ro\/index.php\/opinii\/ura-ca-o-legitimare-a-firii\/#breadcrumb","itemListElement":[{"@type":"ListItem","position":1,"name":"Prima pagin\u0103","item":"https:\/\/covasna45.ro\/"},{"@type":"ListItem","position":2,"name":"Ura, ca o legitimare a firii"}]},{"@type":"WebSite","@id":"https:\/\/covasna45.ro\/#website","url":"https:\/\/covasna45.ro\/","name":"covasna45.ro","description":"","publisher":{"@id":"https:\/\/covasna45.ro\/#organization"},"potentialAction":[{"@type":"SearchAction","target":{"@type":"EntryPoint","urlTemplate":"https:\/\/covasna45.ro\/?s={search_term_string}"},"query-input":{"@type":"PropertyValueSpecification","valueRequired":true,"valueName":"search_term_string"}}],"inLanguage":"ro-RO"},{"@type":"Organization","@id":"https:\/\/covasna45.ro\/#organization","name":"covasna45.ro","url":"https:\/\/covasna45.ro\/","logo":{"@type":"ImageObject","inLanguage":"ro-RO","@id":"https:\/\/covasna45.ro\/#\/schema\/logo\/image\/","url":"https:\/\/covasna45.ro\/wp-content\/uploads\/2023\/01\/icon_logo.png","contentUrl":"https:\/\/covasna45.ro\/wp-content\/uploads\/2023\/01\/icon_logo.png","width":1900,"height":1900,"caption":"covasna45.ro"},"image":{"@id":"https:\/\/covasna45.ro\/#\/schema\/logo\/image\/"}},{"@type":"Person","@id":"https:\/\/covasna45.ro\/#\/schema\/person\/bebc5d3d25da46ad17e583074ed07bde","name":"Tudor Artenie","image":{"@type":"ImageObject","inLanguage":"ro-RO","@id":"https:\/\/covasna45.ro\/wp-content\/uploads\/2025\/10\/Tudor_recita_1-1-150x150.jpg","url":"https:\/\/covasna45.ro\/wp-content\/uploads\/2025\/10\/Tudor_recita_1-1-150x150.jpg","contentUrl":"https:\/\/covasna45.ro\/wp-content\/uploads\/2025\/10\/Tudor_recita_1-1-150x150.jpg","caption":"Tudor Artenie"},"url":"https:\/\/covasna45.ro\/index.php\/author\/tudor\/"}]}},"_links":{"self":[{"href":"https:\/\/covasna45.ro\/index.php\/wp-json\/wp\/v2\/posts\/2882","targetHints":{"allow":["GET"]}}],"collection":[{"href":"https:\/\/covasna45.ro\/index.php\/wp-json\/wp\/v2\/posts"}],"about":[{"href":"https:\/\/covasna45.ro\/index.php\/wp-json\/wp\/v2\/types\/post"}],"author":[{"embeddable":true,"href":"https:\/\/covasna45.ro\/index.php\/wp-json\/wp\/v2\/users\/2"}],"replies":[{"embeddable":true,"href":"https:\/\/covasna45.ro\/index.php\/wp-json\/wp\/v2\/comments?post=2882"}],"version-history":[{"count":2,"href":"https:\/\/covasna45.ro\/index.php\/wp-json\/wp\/v2\/posts\/2882\/revisions"}],"predecessor-version":[{"id":2906,"href":"https:\/\/covasna45.ro\/index.php\/wp-json\/wp\/v2\/posts\/2882\/revisions\/2906"}],"wp:featuredmedia":[{"embeddable":true,"href":"https:\/\/covasna45.ro\/index.php\/wp-json\/wp\/v2\/media\/2883"}],"wp:attachment":[{"href":"https:\/\/covasna45.ro\/index.php\/wp-json\/wp\/v2\/media?parent=2882"}],"wp:term":[{"taxonomy":"category","embeddable":true,"href":"https:\/\/covasna45.ro\/index.php\/wp-json\/wp\/v2\/categories?post=2882"},{"taxonomy":"post_tag","embeddable":true,"href":"https:\/\/covasna45.ro\/index.php\/wp-json\/wp\/v2\/tags?post=2882"}],"curies":[{"name":"wp","href":"https:\/\/api.w.org\/{rel}","templated":true}]}}