{"id":2962,"date":"2023-09-18T10:09:44","date_gmt":"2023-09-18T08:09:44","guid":{"rendered":"https:\/\/covasna45.ro\/?p=2962"},"modified":"2023-09-18T10:09:44","modified_gmt":"2023-09-18T08:09:44","slug":"alerta-probleme-cu-productia-de-motorina-in-europa","status":"publish","type":"post","link":"https:\/\/covasna45.ro\/index.php\/lumea-larga\/alerta-probleme-cu-productia-de-motorina-in-europa\/","title":{"rendered":"Alert\u0103: probleme cu produc\u0163ia de motorin\u0103 \u00een Europa"},"content":{"rendered":"\n<p>Companiile de rafinare din \u00eentreaga lume nu pot s\u0103 produc\u0103 suficient\u0103 motorin\u0103. Se deschide astfel un nou front infla\u0163ionist. Motorina asigur\u0103 func\u0163ionarea industriei \u015fi transportului, transmite Bloomberg.<\/p>\n\n\n\n<p>Chiar dac\u0103 cota\u0163iile la petrol sunt \u00een cre\u015ftere accelerat\u0103, ajung\u00e2nd la bursa de la Londra p\u00e2n\u0103 aproape de 95 de dolari per baril, acest avans este unul modest comparativ cu explozia cota\u0163iilor la motorin\u0103. <\/p>\n\n\n\n<p>Pe pia\u0163a din SUA, pre\u0163urile la motorin\u0103 au trecut de 140 de dolari per baril. Este cel mai ridicat nivel \u00eenregistrat vreodat\u0103 pentru acest moment al anului. Pre\u0163urile de referin\u0163\u0103 \u00een Europa au crescut \u015fi ele cu 60% \u00een ultimele luni.<\/p>\n\n\n\n<h2 class=\"wp-block-heading\">Lucrurile ar putea s\u0103 se \u00eenr\u0103ut\u0103\u021beasc\u0103!<\/h2>\n\n\n\n<p>Arabia Saudit\u0103 \u015fi Rusia au redus produc\u0163ia de \u0163i\u0163ei mai dens care este folosit la fabricarea de motorin\u0103. \u00cen data de 5 septembrie, cele dou\u0103 state care sunt liderii de facto ai alian\u0163ei OPEC+ au anun\u0163at c\u0103 vor prelungi reducerile de produc\u0163ie p\u00e2n\u0103 la finele anului. Sf\u00e2r\u0219itul de an este o perioad\u0103 \u00een care \u00een mod tradi\u0163ional cre\u015fte cererea de motorin\u0103.<\/p>\n\n\n\n<p><strong><em>\u201eSuntem \u00een pericol s\u0103 vedem noi tensiuni pe pia\u0163\u0103, \u00een special pentru distilate, \u00een lunile de iarn\u0103. Companiile de rafinare au probleme \u00een a \u0163ine pasul cu cererea\u201d,<\/em><\/strong> a declarat Toril Bosoni, responsabil pentru pia\u0163a petrolier\u0103 la Agen\u0163ia Interna\u0163ional\u0103 a Energiei. El s-a referit la acea categorie de combustibili care include \u015fi motorina.<\/p>\n\n\n\n<p>Situa\u0163ia actual\u0103 este una dificil\u0103 pentru rafin\u0103riile din \u00eentreaga lume, care timp de mai multe luni au fost nevoite s\u0103 reduc\u0103 produc\u0163ia. Temperaturile ridicate \u00eenregistrate \u00een aceast\u0103 var\u0103 \u00een emisfera nordic\u0103 au for\u0163at multe rafin\u0103rii s\u0103 opereze la un nivel sub cel normal. \u00cen plus, rafin\u0103riile au fost presate s\u0103 fabrice alte produse precum combustibil pentru avia\u0163ie \u015fi benzin\u0103, \u00een cazul c\u0103rora cererea \u015fi-a revenit mai rapid, sus\u0163ine Callum Bruce, analist la Goldman Sachs Group Inc.<\/p>\n\n\n\n<h2 class=\"wp-block-heading\">Scumpirile la motorin\u0103 se vor vedea \u0219i la rafturi.<\/h2>\n\n\n\n<p><strong><em>\u201eMotorina este carburantul folosit de un camion de mare tonaj care mut\u0103 produsele de la fabric\u0103 p\u00e2n\u0103 pe pia\u0163\u0103<\/em><\/strong>.<strong><em> A\u015fa c\u0103 atunci c\u00e2nd pre\u0163urile explodeaz\u0103, aceste costuri mai mari cu transporturile sunt transferate pe seama firmelor \u015fi consumatorilor\u201d<\/em><\/strong>. Declara\u021bia \u00eei apar\u021bine lui Clay Seigle, director global de servicii petroliere la Rapidan Energy Group. <\/p>\n\n\n\n<p>Potrivit acestuia, de\u015fi exist\u0103 speran\u0163e c\u0103 economia american\u0103 poate evita recesiunea, <strong><em>\u201eo cre\u015ftere a pre\u0163urilor la energie, fie c\u0103 este vorba de pre\u0163urile la benzin\u0103 sau la motorin\u0103, ar putea submina o mare parte din progresele ob\u0163inute. Acest risc nu este ignorat la Washington av\u00e2nd \u00een vedere c\u0103 se apropie sezonul campaniei electorale\u201d,<\/em><\/strong> adaug\u0103 Clay Seigle.<\/p>\n\n\n\n<p>Situa\u0163ia pe pia\u0163a de motorin\u0103 ar fi putut fi mult mai grav\u0103. \u00cens\u0103 ritmul de cre\u015ftere a consumului nu a fost la fel de robust ca pe alte segmente ale pie\u0163ei. Cel mai recent raport al Agen\u0163iei Interna\u0163ionale a Energiei estimeaz\u0103 c\u0103 \u00een acest an consumul mondial de motorin\u0103 a crescut cu 100.000 de barili pe zi. Comparativ, consumul de benzin\u0103 a crescut cu aproape 500.000 de barili pe zi. Cel de combustibil pentru avia\u0163ie \u015fi kerosen a crescut cu peste un milion de barili pe zi.<\/p>\n","protected":false},"excerpt":{"rendered":"<p>Companiile de rafinare din \u00eentreaga lume nu pot s\u0103 produc\u0103 suficient\u0103 motorin\u0103. Se deschide astfel un nou front infla\u0163ionist. Motorina asigur\u0103 func\u0163ionarea industriei \u015fi transportului, transmite Bloomberg. Chiar dac\u0103 cota\u0163iile la petrol sunt \u00een cre\u015ftere accelerat\u0103, ajung\u00e2nd la bursa de la Londra p\u00e2n\u0103 aproape de 95 de dolari per baril, acest avans este unul modest [&hellip;]<\/p>\n","protected":false},"author":1,"featured_media":2963,"comment_status":"open","ping_status":"closed","sticky":false,"template":"","format":"standard","meta":{"tdm_status":"","tdm_grid_status":"","footnotes":""},"categories":[10],"tags":[934,429,841],"class_list":{"0":"post-2962","1":"post","2":"type-post","3":"status-publish","4":"format-standard","5":"has-post-thumbnail","7":"category-lumea-larga","8":"tag-cresteri","9":"tag-motorina","10":"tag-pret"},"yoast_head":"<!-- This site is optimized with the Yoast SEO plugin v27.4 - https:\/\/yoast.com\/product\/yoast-seo-wordpress\/ -->\n<title>Alert\u0103: probleme cu produc\u0163ia de motorin\u0103 \u00een Europa - Covasna45<\/title>\n<meta name=\"description\" content=\"Situa\u0163ia pe pia\u0163a de motorin\u0103 ar fi putut fi mult mai grav\u0103. \u00cens\u0103 ritmul de cre\u015ftere a consumului nu a fost la fel de robust\" \/>\n<meta name=\"robots\" content=\"index, follow, max-snippet:-1, max-image-preview:large, max-video-preview:-1\" \/>\n<link rel=\"canonical\" href=\"https:\/\/covasna45.ro\/index.php\/lumea-larga\/alerta-probleme-cu-productia-de-motorina-in-europa\/\" \/>\n<meta property=\"og:locale\" content=\"ro_RO\" \/>\n<meta property=\"og:type\" content=\"article\" \/>\n<meta property=\"og:title\" content=\"Alert\u0103: probleme cu produc\u0163ia de motorin\u0103 \u00een Europa - Covasna45\" \/>\n<meta property=\"og:description\" content=\"Situa\u0163ia pe pia\u0163a de motorin\u0103 ar fi putut fi mult mai grav\u0103. \u00cens\u0103 ritmul de cre\u015ftere a consumului nu a fost la fel de robust\" \/>\n<meta property=\"og:url\" content=\"https:\/\/covasna45.ro\/index.php\/lumea-larga\/alerta-probleme-cu-productia-de-motorina-in-europa\/\" \/>\n<meta property=\"og:site_name\" content=\"Covasna45\" \/>\n<meta property=\"article:published_time\" content=\"2023-09-18T08:09:44+00:00\" \/>\n<meta property=\"og:image\" content=\"https:\/\/covasna45.ro\/wp-content\/uploads\/2023\/09\/motorina-1-scaled.jpg\" \/>\n\t<meta property=\"og:image:width\" content=\"2560\" \/>\n\t<meta property=\"og:image:height\" content=\"1707\" \/>\n\t<meta property=\"og:image:type\" content=\"image\/jpeg\" \/>\n<meta name=\"author\" content=\"Covasna45\" \/>\n<meta name=\"twitter:card\" content=\"summary_large_image\" \/>\n<meta name=\"twitter:label1\" content=\"Scris de\" \/>\n\t<meta name=\"twitter:data1\" content=\"Covasna45\" \/>\n\t<meta name=\"twitter:label2\" content=\"Timp estimat pentru citire\" \/>\n\t<meta name=\"twitter:data2\" content=\"3 minute\" \/>\n<script type=\"application\/ld+json\" class=\"yoast-schema-graph\">{\"@context\":\"https:\\\/\\\/schema.org\",\"@graph\":[{\"@type\":\"Article\",\"@id\":\"https:\\\/\\\/covasna45.ro\\\/index.php\\\/lumea-larga\\\/alerta-probleme-cu-productia-de-motorina-in-europa\\\/#article\",\"isPartOf\":{\"@id\":\"https:\\\/\\\/covasna45.ro\\\/index.php\\\/lumea-larga\\\/alerta-probleme-cu-productia-de-motorina-in-europa\\\/\"},\"author\":{\"name\":\"Covasna45\",\"@id\":\"https:\\\/\\\/covasna45.ro\\\/#\\\/schema\\\/person\\\/e674052bd7d95d70bbb007a1060ab73c\"},\"headline\":\"Alert\u0103: probleme cu produc\u0163ia de motorin\u0103 \u00een Europa\",\"datePublished\":\"2023-09-18T08:09:44+00:00\",\"mainEntityOfPage\":{\"@id\":\"https:\\\/\\\/covasna45.ro\\\/index.php\\\/lumea-larga\\\/alerta-probleme-cu-productia-de-motorina-in-europa\\\/\"},\"wordCount\":560,\"commentCount\":0,\"publisher\":{\"@id\":\"https:\\\/\\\/covasna45.ro\\\/#organization\"},\"image\":{\"@id\":\"https:\\\/\\\/covasna45.ro\\\/index.php\\\/lumea-larga\\\/alerta-probleme-cu-productia-de-motorina-in-europa\\\/#primaryimage\"},\"thumbnailUrl\":\"https:\\\/\\\/covasna45.ro\\\/wp-content\\\/uploads\\\/2023\\\/09\\\/motorina-1-scaled.jpg\",\"keywords\":[\"Cre\u0219teri\",\"Motorin\u0103\",\"Pre\u021b\"],\"articleSection\":[\"Lumea larg\u0103\"],\"inLanguage\":\"ro-RO\",\"potentialAction\":[{\"@type\":\"CommentAction\",\"name\":\"Comment\",\"target\":[\"https:\\\/\\\/covasna45.ro\\\/index.php\\\/lumea-larga\\\/alerta-probleme-cu-productia-de-motorina-in-europa\\\/#respond\"]}]},{\"@type\":\"WebPage\",\"@id\":\"https:\\\/\\\/covasna45.ro\\\/index.php\\\/lumea-larga\\\/alerta-probleme-cu-productia-de-motorina-in-europa\\\/\",\"url\":\"https:\\\/\\\/covasna45.ro\\\/index.php\\\/lumea-larga\\\/alerta-probleme-cu-productia-de-motorina-in-europa\\\/\",\"name\":\"Alert\u0103: probleme cu produc\u0163ia de motorin\u0103 \u00een Europa - Covasna45\",\"isPartOf\":{\"@id\":\"https:\\\/\\\/covasna45.ro\\\/#website\"},\"primaryImageOfPage\":{\"@id\":\"https:\\\/\\\/covasna45.ro\\\/index.php\\\/lumea-larga\\\/alerta-probleme-cu-productia-de-motorina-in-europa\\\/#primaryimage\"},\"image\":{\"@id\":\"https:\\\/\\\/covasna45.ro\\\/index.php\\\/lumea-larga\\\/alerta-probleme-cu-productia-de-motorina-in-europa\\\/#primaryimage\"},\"thumbnailUrl\":\"https:\\\/\\\/covasna45.ro\\\/wp-content\\\/uploads\\\/2023\\\/09\\\/motorina-1-scaled.jpg\",\"datePublished\":\"2023-09-18T08:09:44+00:00\",\"description\":\"Situa\u0163ia pe pia\u0163a de motorin\u0103 ar fi putut fi mult mai grav\u0103. \u00cens\u0103 ritmul de cre\u015ftere a consumului nu a fost la fel de robust\",\"breadcrumb\":{\"@id\":\"https:\\\/\\\/covasna45.ro\\\/index.php\\\/lumea-larga\\\/alerta-probleme-cu-productia-de-motorina-in-europa\\\/#breadcrumb\"},\"inLanguage\":\"ro-RO\",\"potentialAction\":[{\"@type\":\"ReadAction\",\"target\":[\"https:\\\/\\\/covasna45.ro\\\/index.php\\\/lumea-larga\\\/alerta-probleme-cu-productia-de-motorina-in-europa\\\/\"]}]},{\"@type\":\"ImageObject\",\"inLanguage\":\"ro-RO\",\"@id\":\"https:\\\/\\\/covasna45.ro\\\/index.php\\\/lumea-larga\\\/alerta-probleme-cu-productia-de-motorina-in-europa\\\/#primaryimage\",\"url\":\"https:\\\/\\\/covasna45.ro\\\/wp-content\\\/uploads\\\/2023\\\/09\\\/motorina-1-scaled.jpg\",\"contentUrl\":\"https:\\\/\\\/covasna45.ro\\\/wp-content\\\/uploads\\\/2023\\\/09\\\/motorina-1-scaled.jpg\",\"width\":2560,\"height\":1707},{\"@type\":\"BreadcrumbList\",\"@id\":\"https:\\\/\\\/covasna45.ro\\\/index.php\\\/lumea-larga\\\/alerta-probleme-cu-productia-de-motorina-in-europa\\\/#breadcrumb\",\"itemListElement\":[{\"@type\":\"ListItem\",\"position\":1,\"name\":\"Prima pagin\u0103\",\"item\":\"https:\\\/\\\/covasna45.ro\\\/\"},{\"@type\":\"ListItem\",\"position\":2,\"name\":\"Alert\u0103: probleme cu produc\u0163ia de motorin\u0103 \u00een Europa\"}]},{\"@type\":\"WebSite\",\"@id\":\"https:\\\/\\\/covasna45.ro\\\/#website\",\"url\":\"https:\\\/\\\/covasna45.ro\\\/\",\"name\":\"covasna45.ro\",\"description\":\"\",\"publisher\":{\"@id\":\"https:\\\/\\\/covasna45.ro\\\/#organization\"},\"potentialAction\":[{\"@type\":\"SearchAction\",\"target\":{\"@type\":\"EntryPoint\",\"urlTemplate\":\"https:\\\/\\\/covasna45.ro\\\/?s={search_term_string}\"},\"query-input\":{\"@type\":\"PropertyValueSpecification\",\"valueRequired\":true,\"valueName\":\"search_term_string\"}}],\"inLanguage\":\"ro-RO\"},{\"@type\":\"Organization\",\"@id\":\"https:\\\/\\\/covasna45.ro\\\/#organization\",\"name\":\"covasna45.ro\",\"url\":\"https:\\\/\\\/covasna45.ro\\\/\",\"logo\":{\"@type\":\"ImageObject\",\"inLanguage\":\"ro-RO\",\"@id\":\"https:\\\/\\\/covasna45.ro\\\/#\\\/schema\\\/logo\\\/image\\\/\",\"url\":\"https:\\\/\\\/covasna45.ro\\\/wp-content\\\/uploads\\\/2023\\\/01\\\/icon_logo.png\",\"contentUrl\":\"https:\\\/\\\/covasna45.ro\\\/wp-content\\\/uploads\\\/2023\\\/01\\\/icon_logo.png\",\"width\":1900,\"height\":1900,\"caption\":\"covasna45.ro\"},\"image\":{\"@id\":\"https:\\\/\\\/covasna45.ro\\\/#\\\/schema\\\/logo\\\/image\\\/\"}},{\"@type\":\"Person\",\"@id\":\"https:\\\/\\\/covasna45.ro\\\/#\\\/schema\\\/person\\\/e674052bd7d95d70bbb007a1060ab73c\",\"name\":\"Covasna45\",\"image\":{\"@type\":\"ImageObject\",\"inLanguage\":\"ro-RO\",\"@id\":\"https:\\\/\\\/covasna45.ro\\\/wp-content\\\/uploads\\\/2025\\\/10\\\/icon_logo_covasna45-150x150.png\",\"url\":\"https:\\\/\\\/covasna45.ro\\\/wp-content\\\/uploads\\\/2025\\\/10\\\/icon_logo_covasna45-150x150.png\",\"contentUrl\":\"https:\\\/\\\/covasna45.ro\\\/wp-content\\\/uploads\\\/2025\\\/10\\\/icon_logo_covasna45-150x150.png\",\"caption\":\"Covasna45\"},\"sameAs\":[\"https:\\\/\\\/covasna45.ro\"],\"url\":\"https:\\\/\\\/covasna45.ro\\\/index.php\\\/author\\\/covasna\\\/\"}]}<\/script>\n<!-- \/ Yoast SEO plugin. -->","yoast_head_json":{"title":"Alert\u0103: probleme cu produc\u0163ia de motorin\u0103 \u00een Europa - Covasna45","description":"Situa\u0163ia pe pia\u0163a de motorin\u0103 ar fi putut fi mult mai grav\u0103. \u00cens\u0103 ritmul de cre\u015ftere a consumului nu a fost la fel de robust","robots":{"index":"index","follow":"follow","max-snippet":"max-snippet:-1","max-image-preview":"max-image-preview:large","max-video-preview":"max-video-preview:-1"},"canonical":"https:\/\/covasna45.ro\/index.php\/lumea-larga\/alerta-probleme-cu-productia-de-motorina-in-europa\/","og_locale":"ro_RO","og_type":"article","og_title":"Alert\u0103: probleme cu produc\u0163ia de motorin\u0103 \u00een Europa - Covasna45","og_description":"Situa\u0163ia pe pia\u0163a de motorin\u0103 ar fi putut fi mult mai grav\u0103. \u00cens\u0103 ritmul de cre\u015ftere a consumului nu a fost la fel de robust","og_url":"https:\/\/covasna45.ro\/index.php\/lumea-larga\/alerta-probleme-cu-productia-de-motorina-in-europa\/","og_site_name":"Covasna45","article_published_time":"2023-09-18T08:09:44+00:00","og_image":[{"width":2560,"height":1707,"url":"https:\/\/covasna45.ro\/wp-content\/uploads\/2023\/09\/motorina-1-scaled.jpg","type":"image\/jpeg"}],"author":"Covasna45","twitter_card":"summary_large_image","twitter_misc":{"Scris de":"Covasna45","Timp estimat pentru citire":"3 minute"},"schema":{"@context":"https:\/\/schema.org","@graph":[{"@type":"Article","@id":"https:\/\/covasna45.ro\/index.php\/lumea-larga\/alerta-probleme-cu-productia-de-motorina-in-europa\/#article","isPartOf":{"@id":"https:\/\/covasna45.ro\/index.php\/lumea-larga\/alerta-probleme-cu-productia-de-motorina-in-europa\/"},"author":{"name":"Covasna45","@id":"https:\/\/covasna45.ro\/#\/schema\/person\/e674052bd7d95d70bbb007a1060ab73c"},"headline":"Alert\u0103: probleme cu produc\u0163ia de motorin\u0103 \u00een Europa","datePublished":"2023-09-18T08:09:44+00:00","mainEntityOfPage":{"@id":"https:\/\/covasna45.ro\/index.php\/lumea-larga\/alerta-probleme-cu-productia-de-motorina-in-europa\/"},"wordCount":560,"commentCount":0,"publisher":{"@id":"https:\/\/covasna45.ro\/#organization"},"image":{"@id":"https:\/\/covasna45.ro\/index.php\/lumea-larga\/alerta-probleme-cu-productia-de-motorina-in-europa\/#primaryimage"},"thumbnailUrl":"https:\/\/covasna45.ro\/wp-content\/uploads\/2023\/09\/motorina-1-scaled.jpg","keywords":["Cre\u0219teri","Motorin\u0103","Pre\u021b"],"articleSection":["Lumea larg\u0103"],"inLanguage":"ro-RO","potentialAction":[{"@type":"CommentAction","name":"Comment","target":["https:\/\/covasna45.ro\/index.php\/lumea-larga\/alerta-probleme-cu-productia-de-motorina-in-europa\/#respond"]}]},{"@type":"WebPage","@id":"https:\/\/covasna45.ro\/index.php\/lumea-larga\/alerta-probleme-cu-productia-de-motorina-in-europa\/","url":"https:\/\/covasna45.ro\/index.php\/lumea-larga\/alerta-probleme-cu-productia-de-motorina-in-europa\/","name":"Alert\u0103: probleme cu produc\u0163ia de motorin\u0103 \u00een Europa - Covasna45","isPartOf":{"@id":"https:\/\/covasna45.ro\/#website"},"primaryImageOfPage":{"@id":"https:\/\/covasna45.ro\/index.php\/lumea-larga\/alerta-probleme-cu-productia-de-motorina-in-europa\/#primaryimage"},"image":{"@id":"https:\/\/covasna45.ro\/index.php\/lumea-larga\/alerta-probleme-cu-productia-de-motorina-in-europa\/#primaryimage"},"thumbnailUrl":"https:\/\/covasna45.ro\/wp-content\/uploads\/2023\/09\/motorina-1-scaled.jpg","datePublished":"2023-09-18T08:09:44+00:00","description":"Situa\u0163ia pe pia\u0163a de motorin\u0103 ar fi putut fi mult mai grav\u0103. \u00cens\u0103 ritmul de cre\u015ftere a consumului nu a fost la fel de robust","breadcrumb":{"@id":"https:\/\/covasna45.ro\/index.php\/lumea-larga\/alerta-probleme-cu-productia-de-motorina-in-europa\/#breadcrumb"},"inLanguage":"ro-RO","potentialAction":[{"@type":"ReadAction","target":["https:\/\/covasna45.ro\/index.php\/lumea-larga\/alerta-probleme-cu-productia-de-motorina-in-europa\/"]}]},{"@type":"ImageObject","inLanguage":"ro-RO","@id":"https:\/\/covasna45.ro\/index.php\/lumea-larga\/alerta-probleme-cu-productia-de-motorina-in-europa\/#primaryimage","url":"https:\/\/covasna45.ro\/wp-content\/uploads\/2023\/09\/motorina-1-scaled.jpg","contentUrl":"https:\/\/covasna45.ro\/wp-content\/uploads\/2023\/09\/motorina-1-scaled.jpg","width":2560,"height":1707},{"@type":"BreadcrumbList","@id":"https:\/\/covasna45.ro\/index.php\/lumea-larga\/alerta-probleme-cu-productia-de-motorina-in-europa\/#breadcrumb","itemListElement":[{"@type":"ListItem","position":1,"name":"Prima pagin\u0103","item":"https:\/\/covasna45.ro\/"},{"@type":"ListItem","position":2,"name":"Alert\u0103: probleme cu produc\u0163ia de motorin\u0103 \u00een Europa"}]},{"@type":"WebSite","@id":"https:\/\/covasna45.ro\/#website","url":"https:\/\/covasna45.ro\/","name":"covasna45.ro","description":"","publisher":{"@id":"https:\/\/covasna45.ro\/#organization"},"potentialAction":[{"@type":"SearchAction","target":{"@type":"EntryPoint","urlTemplate":"https:\/\/covasna45.ro\/?s={search_term_string}"},"query-input":{"@type":"PropertyValueSpecification","valueRequired":true,"valueName":"search_term_string"}}],"inLanguage":"ro-RO"},{"@type":"Organization","@id":"https:\/\/covasna45.ro\/#organization","name":"covasna45.ro","url":"https:\/\/covasna45.ro\/","logo":{"@type":"ImageObject","inLanguage":"ro-RO","@id":"https:\/\/covasna45.ro\/#\/schema\/logo\/image\/","url":"https:\/\/covasna45.ro\/wp-content\/uploads\/2023\/01\/icon_logo.png","contentUrl":"https:\/\/covasna45.ro\/wp-content\/uploads\/2023\/01\/icon_logo.png","width":1900,"height":1900,"caption":"covasna45.ro"},"image":{"@id":"https:\/\/covasna45.ro\/#\/schema\/logo\/image\/"}},{"@type":"Person","@id":"https:\/\/covasna45.ro\/#\/schema\/person\/e674052bd7d95d70bbb007a1060ab73c","name":"Covasna45","image":{"@type":"ImageObject","inLanguage":"ro-RO","@id":"https:\/\/covasna45.ro\/wp-content\/uploads\/2025\/10\/icon_logo_covasna45-150x150.png","url":"https:\/\/covasna45.ro\/wp-content\/uploads\/2025\/10\/icon_logo_covasna45-150x150.png","contentUrl":"https:\/\/covasna45.ro\/wp-content\/uploads\/2025\/10\/icon_logo_covasna45-150x150.png","caption":"Covasna45"},"sameAs":["https:\/\/covasna45.ro"],"url":"https:\/\/covasna45.ro\/index.php\/author\/covasna\/"}]}},"_links":{"self":[{"href":"https:\/\/covasna45.ro\/index.php\/wp-json\/wp\/v2\/posts\/2962","targetHints":{"allow":["GET"]}}],"collection":[{"href":"https:\/\/covasna45.ro\/index.php\/wp-json\/wp\/v2\/posts"}],"about":[{"href":"https:\/\/covasna45.ro\/index.php\/wp-json\/wp\/v2\/types\/post"}],"author":[{"embeddable":true,"href":"https:\/\/covasna45.ro\/index.php\/wp-json\/wp\/v2\/users\/1"}],"replies":[{"embeddable":true,"href":"https:\/\/covasna45.ro\/index.php\/wp-json\/wp\/v2\/comments?post=2962"}],"version-history":[{"count":1,"href":"https:\/\/covasna45.ro\/index.php\/wp-json\/wp\/v2\/posts\/2962\/revisions"}],"predecessor-version":[{"id":2964,"href":"https:\/\/covasna45.ro\/index.php\/wp-json\/wp\/v2\/posts\/2962\/revisions\/2964"}],"wp:featuredmedia":[{"embeddable":true,"href":"https:\/\/covasna45.ro\/index.php\/wp-json\/wp\/v2\/media\/2963"}],"wp:attachment":[{"href":"https:\/\/covasna45.ro\/index.php\/wp-json\/wp\/v2\/media?parent=2962"}],"wp:term":[{"taxonomy":"category","embeddable":true,"href":"https:\/\/covasna45.ro\/index.php\/wp-json\/wp\/v2\/categories?post=2962"},{"taxonomy":"post_tag","embeddable":true,"href":"https:\/\/covasna45.ro\/index.php\/wp-json\/wp\/v2\/tags?post=2962"}],"curies":[{"name":"wp","href":"https:\/\/api.w.org\/{rel}","templated":true}]}}