{"id":3016,"date":"2023-09-21T11:43:15","date_gmt":"2023-09-21T09:43:15","guid":{"rendered":"https:\/\/covasna45.ro\/?p=3016"},"modified":"2023-09-21T11:43:16","modified_gmt":"2023-09-21T09:43:16","slug":"disputa-intre-polonia-si-ucraina","status":"publish","type":"post","link":"https:\/\/covasna45.ro\/index.php\/lumea-larga\/disputa-intre-polonia-si-ucraina\/","title":{"rendered":"Disput\u0103 \u00eentre Polonia \u0219i Ucraina"},"content":{"rendered":"\n<p>\u00centr-un interviu acordat postului de televiziune Polsat News, premierul polonez Mateusz Morawiecki a l\u0103murit disputele cu Ucraina privind importurile de cereale \u0219i protestele fermierilor polonezi.<\/p>\n\n\n\n<p>La \u00eenceputul zilei de miercuri, Polonia l-a convocat pe ambasadorul ucrainean \u00een leg\u0103tur\u0103 cu comentariile pre\u0219edintelui Zelenski la Na\u021biunile Unite privind interzicerea cerealelor ucrainene. \u00cenaintea alegerilor poloneze dificile din octombrie, actualul guvern alege s\u0103 \u00ee\u0219i \u00een\u0103spreasc\u0103 pozi\u021bia fa\u021b\u0103 de Ucraina, nu doar din punct de vedere economic, ci \u0219i militar. <\/p>\n\n\n\n<h2 class=\"wp-block-heading\">Prim-ministrul polonez a f\u0103cut o serie de comentarii critice la adresa Ucrainei.<\/h2>\n\n\n\n<p><strong><em>\u201eRegret c\u0103 oligarhii ucraineni au \u00eenceput s\u0103 \u00ee\u0219i \u00eemping\u0103 cerealele pe pia\u021ba polonez\u0103, f\u0103r\u0103 a \u021bine cont de interesele agricultorilor polonezi. Ei au provocat pr\u0103bu\u0219irea pre\u021burilor. A trebuit s\u0103 garant\u0103m un pre\u021b de 1400 PLN pe tona de gr\u00e2u polonez &#8211; asta se \u00eent\u00e2mpla \u00een prim\u0103var\u0103. Ne-am \u00eendeplinit toate promisiunile \u0219i nu v\u0103d acum nicio amenin\u021bare din partea gr\u00e2ului ucrainean, deoarece am blocat acest import\u201d.<\/em><\/strong><\/p>\n\n\n\n<p>\u00centrebat despre continuarea trimiterii de arme \u00een Ucraina, el a precizat:<br><strong><em>\u201eDac\u0103 ar fi s\u0103 caut ceva care s\u0103 justifice (Ucraina), ar fi doar ceea ce \u0219tim cu to\u021bii foarte bine: c\u0103 Ucraina se ap\u0103r\u0103 \u00eempotriva atacului brutal al Rusiei \u0219i \u00een\u021belegem c\u0103 acest atac creeaz\u0103 o situa\u021bie complet f\u0103r\u0103 precedent, una cu care nu ne-am mai confruntat de la al Doilea R\u0103zboi Mondial \u00eencoace. Acesta este pur \u0219i simplu un r\u0103zboi obi\u0219nuit&#8230; <\/em><\/strong><\/p>\n\n\n\n<p><strong><em>Nu mai transfer\u0103m arme c\u0103tre Ucraina. Acum ne vom \u00eenarma cu cele mai moderne arme&#8230; Trebuie s\u0103 ai cu ce s\u0103 te aperi &#8211; acesta este principiul nostru, motiv pentru care am f\u0103cut comenzi mai mari&#8230; Produc\u021bia de arme este, de asemenea, \u00een plin\u0103 desf\u0103\u0219urare. La fel, la Stalowa Wola, \u00een Uzina Mecanic\u0103 Bumar \u0141ab\u0119dy, la Siemianowice \u0219i multe, multe alte uzine. Aici, ne concentr\u0103m \u00een principal pe modernizarea \u0219i \u00eenarmarea rapid\u0103 a armatei poloneze, astfel \u00eenc\u00e2t aceasta s\u0103 devin\u0103 una dintre cele mai puternice armate din Europa. \u0218i \u00eentr-un timp foarte scurt\u201d.<\/em><\/strong><\/p>\n\n\n\n<h2 class=\"wp-block-heading\">Polonia a fost cel mai important actor \u00een \u00eenarmarea Ucrainei. <\/h2>\n\n\n\n<p>Polonia a furnizat echipamente militare, inclusiv avioane MiG-29. A permis partenerilor str\u0103ini s\u0103 depoziteze \u0219i s\u0103 transfere arme peste grani\u021ba polonez\u0103 \u00een Ucraina. Aceast\u0103 disput\u0103 legat\u0103 de embargoul asupra cerealelor ucrainene \u0219i de alegerile din octombrie este cu siguran\u021b\u0103 un episod acut \u00een rela\u021bia fructuoas\u0103 de p\u00e2n\u0103 acum dintre cele dou\u0103 \u021b\u0103ri.<\/p>\n\n\n\n<p>Cu toate acestea, aceast\u0103 schism\u0103 va alimenta cu siguran\u021b\u0103 speran\u021bele ruse\u0219ti c\u0103 alian\u021ba NATO nu-\u0219i poate men\u021bine frontul comun \u00eempotriva invaziei lui Putin din 2022.<\/p>\n","protected":false},"excerpt":{"rendered":"<p>\u00centr-un interviu acordat postului de televiziune Polsat News, premierul polonez Mateusz Morawiecki a l\u0103murit disputele cu Ucraina privind importurile de cereale \u0219i protestele fermierilor polonezi. La \u00eenceputul zilei de miercuri, Polonia l-a convocat pe ambasadorul ucrainean \u00een leg\u0103tur\u0103 cu comentariile pre\u0219edintelui Zelenski la Na\u021biunile Unite privind interzicerea cerealelor ucrainene. \u00cenaintea alegerilor poloneze dificile din octombrie, [&hellip;]<\/p>\n","protected":false},"author":1,"featured_media":3017,"comment_status":"open","ping_status":"closed","sticky":false,"template":"","format":"standard","meta":{"tdm_status":"","tdm_grid_status":"","footnotes":""},"categories":[10],"tags":[1210,435,500,116],"class_list":{"0":"post-3016","1":"post","2":"type-post","3":"status-publish","4":"format-standard","5":"has-post-thumbnail","7":"category-lumea-larga","8":"tag-arme","9":"tag-cereale","10":"tag-polonia","11":"tag-ucraina"},"yoast_head":"<!-- This site is optimized with the Yoast SEO plugin v27.5 - https:\/\/yoast.com\/product\/yoast-seo-wordpress\/ -->\n<title>Disput\u0103 \u00eentre Polonia \u0219i Ucraina - Covasna45<\/title>\n<meta name=\"description\" content=\"La \u00eenceputul zilei de miercuri, Polonia l-a convocat pe ambasadorul ucrainean \u00een leg\u0103tur\u0103 cu comentariile pre\u0219edintelui Zelenski\" \/>\n<meta name=\"robots\" content=\"index, follow, max-snippet:-1, max-image-preview:large, max-video-preview:-1\" \/>\n<link rel=\"canonical\" href=\"https:\/\/covasna45.ro\/index.php\/lumea-larga\/disputa-intre-polonia-si-ucraina\/\" \/>\n<meta property=\"og:locale\" content=\"ro_RO\" \/>\n<meta property=\"og:type\" content=\"article\" \/>\n<meta property=\"og:title\" content=\"Disput\u0103 \u00eentre Polonia \u0219i Ucraina - Covasna45\" \/>\n<meta property=\"og:description\" content=\"La \u00eenceputul zilei de miercuri, Polonia l-a convocat pe ambasadorul ucrainean \u00een leg\u0103tur\u0103 cu comentariile pre\u0219edintelui Zelenski\" \/>\n<meta property=\"og:url\" content=\"https:\/\/covasna45.ro\/index.php\/lumea-larga\/disputa-intre-polonia-si-ucraina\/\" \/>\n<meta property=\"og:site_name\" content=\"Covasna45\" \/>\n<meta property=\"article:published_time\" content=\"2023-09-21T09:43:15+00:00\" \/>\n<meta property=\"article:modified_time\" content=\"2023-09-21T09:43:16+00:00\" \/>\n<meta property=\"og:image\" content=\"https:\/\/covasna45.ro\/wp-content\/uploads\/2023\/09\/mateusz-morawiecki.jpeg\" \/>\n\t<meta property=\"og:image:width\" content=\"1200\" \/>\n\t<meta property=\"og:image:height\" content=\"675\" \/>\n\t<meta property=\"og:image:type\" content=\"image\/jpeg\" \/>\n<meta name=\"author\" content=\"Covasna45\" \/>\n<meta name=\"twitter:card\" content=\"summary_large_image\" \/>\n<meta name=\"twitter:label1\" content=\"Scris de\" \/>\n\t<meta name=\"twitter:data1\" content=\"Covasna45\" \/>\n\t<meta name=\"twitter:label2\" content=\"Timp estimat pentru citire\" \/>\n\t<meta name=\"twitter:data2\" content=\"3 minute\" \/>\n<script type=\"application\/ld+json\" class=\"yoast-schema-graph\">{\"@context\":\"https:\\\/\\\/schema.org\",\"@graph\":[{\"@type\":\"Article\",\"@id\":\"https:\\\/\\\/covasna45.ro\\\/index.php\\\/lumea-larga\\\/disputa-intre-polonia-si-ucraina\\\/#article\",\"isPartOf\":{\"@id\":\"https:\\\/\\\/covasna45.ro\\\/index.php\\\/lumea-larga\\\/disputa-intre-polonia-si-ucraina\\\/\"},\"author\":{\"name\":\"Covasna45\",\"@id\":\"https:\\\/\\\/covasna45.ro\\\/#\\\/schema\\\/person\\\/e674052bd7d95d70bbb007a1060ab73c\"},\"headline\":\"Disput\u0103 \u00eentre Polonia \u0219i Ucraina\",\"datePublished\":\"2023-09-21T09:43:15+00:00\",\"dateModified\":\"2023-09-21T09:43:16+00:00\",\"mainEntityOfPage\":{\"@id\":\"https:\\\/\\\/covasna45.ro\\\/index.php\\\/lumea-larga\\\/disputa-intre-polonia-si-ucraina\\\/\"},\"wordCount\":452,\"commentCount\":2,\"publisher\":{\"@id\":\"https:\\\/\\\/covasna45.ro\\\/#organization\"},\"image\":{\"@id\":\"https:\\\/\\\/covasna45.ro\\\/index.php\\\/lumea-larga\\\/disputa-intre-polonia-si-ucraina\\\/#primaryimage\"},\"thumbnailUrl\":\"https:\\\/\\\/covasna45.ro\\\/wp-content\\\/uploads\\\/2023\\\/09\\\/mateusz-morawiecki.jpeg\",\"keywords\":[\"Arme\",\"Cereale\",\"Polonia\",\"Ucraina\"],\"articleSection\":[\"Lumea larg\u0103\"],\"inLanguage\":\"ro-RO\",\"potentialAction\":[{\"@type\":\"CommentAction\",\"name\":\"Comment\",\"target\":[\"https:\\\/\\\/covasna45.ro\\\/index.php\\\/lumea-larga\\\/disputa-intre-polonia-si-ucraina\\\/#respond\"]}]},{\"@type\":\"WebPage\",\"@id\":\"https:\\\/\\\/covasna45.ro\\\/index.php\\\/lumea-larga\\\/disputa-intre-polonia-si-ucraina\\\/\",\"url\":\"https:\\\/\\\/covasna45.ro\\\/index.php\\\/lumea-larga\\\/disputa-intre-polonia-si-ucraina\\\/\",\"name\":\"Disput\u0103 \u00eentre Polonia \u0219i Ucraina - Covasna45\",\"isPartOf\":{\"@id\":\"https:\\\/\\\/covasna45.ro\\\/#website\"},\"primaryImageOfPage\":{\"@id\":\"https:\\\/\\\/covasna45.ro\\\/index.php\\\/lumea-larga\\\/disputa-intre-polonia-si-ucraina\\\/#primaryimage\"},\"image\":{\"@id\":\"https:\\\/\\\/covasna45.ro\\\/index.php\\\/lumea-larga\\\/disputa-intre-polonia-si-ucraina\\\/#primaryimage\"},\"thumbnailUrl\":\"https:\\\/\\\/covasna45.ro\\\/wp-content\\\/uploads\\\/2023\\\/09\\\/mateusz-morawiecki.jpeg\",\"datePublished\":\"2023-09-21T09:43:15+00:00\",\"dateModified\":\"2023-09-21T09:43:16+00:00\",\"description\":\"La \u00eenceputul zilei de miercuri, Polonia l-a convocat pe ambasadorul ucrainean \u00een leg\u0103tur\u0103 cu comentariile pre\u0219edintelui Zelenski\",\"breadcrumb\":{\"@id\":\"https:\\\/\\\/covasna45.ro\\\/index.php\\\/lumea-larga\\\/disputa-intre-polonia-si-ucraina\\\/#breadcrumb\"},\"inLanguage\":\"ro-RO\",\"potentialAction\":[{\"@type\":\"ReadAction\",\"target\":[\"https:\\\/\\\/covasna45.ro\\\/index.php\\\/lumea-larga\\\/disputa-intre-polonia-si-ucraina\\\/\"]}]},{\"@type\":\"ImageObject\",\"inLanguage\":\"ro-RO\",\"@id\":\"https:\\\/\\\/covasna45.ro\\\/index.php\\\/lumea-larga\\\/disputa-intre-polonia-si-ucraina\\\/#primaryimage\",\"url\":\"https:\\\/\\\/covasna45.ro\\\/wp-content\\\/uploads\\\/2023\\\/09\\\/mateusz-morawiecki.jpeg\",\"contentUrl\":\"https:\\\/\\\/covasna45.ro\\\/wp-content\\\/uploads\\\/2023\\\/09\\\/mateusz-morawiecki.jpeg\",\"width\":1200,\"height\":675},{\"@type\":\"BreadcrumbList\",\"@id\":\"https:\\\/\\\/covasna45.ro\\\/index.php\\\/lumea-larga\\\/disputa-intre-polonia-si-ucraina\\\/#breadcrumb\",\"itemListElement\":[{\"@type\":\"ListItem\",\"position\":1,\"name\":\"Prima pagin\u0103\",\"item\":\"https:\\\/\\\/covasna45.ro\\\/\"},{\"@type\":\"ListItem\",\"position\":2,\"name\":\"Disput\u0103 \u00eentre Polonia \u0219i Ucraina\"}]},{\"@type\":\"WebSite\",\"@id\":\"https:\\\/\\\/covasna45.ro\\\/#website\",\"url\":\"https:\\\/\\\/covasna45.ro\\\/\",\"name\":\"covasna45.ro\",\"description\":\"\",\"publisher\":{\"@id\":\"https:\\\/\\\/covasna45.ro\\\/#organization\"},\"potentialAction\":[{\"@type\":\"SearchAction\",\"target\":{\"@type\":\"EntryPoint\",\"urlTemplate\":\"https:\\\/\\\/covasna45.ro\\\/?s={search_term_string}\"},\"query-input\":{\"@type\":\"PropertyValueSpecification\",\"valueRequired\":true,\"valueName\":\"search_term_string\"}}],\"inLanguage\":\"ro-RO\"},{\"@type\":\"Organization\",\"@id\":\"https:\\\/\\\/covasna45.ro\\\/#organization\",\"name\":\"covasna45.ro\",\"url\":\"https:\\\/\\\/covasna45.ro\\\/\",\"logo\":{\"@type\":\"ImageObject\",\"inLanguage\":\"ro-RO\",\"@id\":\"https:\\\/\\\/covasna45.ro\\\/#\\\/schema\\\/logo\\\/image\\\/\",\"url\":\"https:\\\/\\\/covasna45.ro\\\/wp-content\\\/uploads\\\/2023\\\/01\\\/icon_logo.png\",\"contentUrl\":\"https:\\\/\\\/covasna45.ro\\\/wp-content\\\/uploads\\\/2023\\\/01\\\/icon_logo.png\",\"width\":1900,\"height\":1900,\"caption\":\"covasna45.ro\"},\"image\":{\"@id\":\"https:\\\/\\\/covasna45.ro\\\/#\\\/schema\\\/logo\\\/image\\\/\"}},{\"@type\":\"Person\",\"@id\":\"https:\\\/\\\/covasna45.ro\\\/#\\\/schema\\\/person\\\/e674052bd7d95d70bbb007a1060ab73c\",\"name\":\"Covasna45\",\"image\":{\"@type\":\"ImageObject\",\"inLanguage\":\"ro-RO\",\"@id\":\"https:\\\/\\\/covasna45.ro\\\/wp-content\\\/uploads\\\/2025\\\/10\\\/icon_logo_covasna45-150x150.png\",\"url\":\"https:\\\/\\\/covasna45.ro\\\/wp-content\\\/uploads\\\/2025\\\/10\\\/icon_logo_covasna45-150x150.png\",\"contentUrl\":\"https:\\\/\\\/covasna45.ro\\\/wp-content\\\/uploads\\\/2025\\\/10\\\/icon_logo_covasna45-150x150.png\",\"caption\":\"Covasna45\"},\"sameAs\":[\"https:\\\/\\\/covasna45.ro\"],\"url\":\"https:\\\/\\\/covasna45.ro\\\/index.php\\\/author\\\/covasna\\\/\"}]}<\/script>\n<!-- \/ Yoast SEO plugin. -->","yoast_head_json":{"title":"Disput\u0103 \u00eentre Polonia \u0219i Ucraina - Covasna45","description":"La \u00eenceputul zilei de miercuri, Polonia l-a convocat pe ambasadorul ucrainean \u00een leg\u0103tur\u0103 cu comentariile pre\u0219edintelui Zelenski","robots":{"index":"index","follow":"follow","max-snippet":"max-snippet:-1","max-image-preview":"max-image-preview:large","max-video-preview":"max-video-preview:-1"},"canonical":"https:\/\/covasna45.ro\/index.php\/lumea-larga\/disputa-intre-polonia-si-ucraina\/","og_locale":"ro_RO","og_type":"article","og_title":"Disput\u0103 \u00eentre Polonia \u0219i Ucraina - Covasna45","og_description":"La \u00eenceputul zilei de miercuri, Polonia l-a convocat pe ambasadorul ucrainean \u00een leg\u0103tur\u0103 cu comentariile pre\u0219edintelui Zelenski","og_url":"https:\/\/covasna45.ro\/index.php\/lumea-larga\/disputa-intre-polonia-si-ucraina\/","og_site_name":"Covasna45","article_published_time":"2023-09-21T09:43:15+00:00","article_modified_time":"2023-09-21T09:43:16+00:00","og_image":[{"width":1200,"height":675,"url":"https:\/\/covasna45.ro\/wp-content\/uploads\/2023\/09\/mateusz-morawiecki.jpeg","type":"image\/jpeg"}],"author":"Covasna45","twitter_card":"summary_large_image","twitter_misc":{"Scris de":"Covasna45","Timp estimat pentru citire":"3 minute"},"schema":{"@context":"https:\/\/schema.org","@graph":[{"@type":"Article","@id":"https:\/\/covasna45.ro\/index.php\/lumea-larga\/disputa-intre-polonia-si-ucraina\/#article","isPartOf":{"@id":"https:\/\/covasna45.ro\/index.php\/lumea-larga\/disputa-intre-polonia-si-ucraina\/"},"author":{"name":"Covasna45","@id":"https:\/\/covasna45.ro\/#\/schema\/person\/e674052bd7d95d70bbb007a1060ab73c"},"headline":"Disput\u0103 \u00eentre Polonia \u0219i Ucraina","datePublished":"2023-09-21T09:43:15+00:00","dateModified":"2023-09-21T09:43:16+00:00","mainEntityOfPage":{"@id":"https:\/\/covasna45.ro\/index.php\/lumea-larga\/disputa-intre-polonia-si-ucraina\/"},"wordCount":452,"commentCount":2,"publisher":{"@id":"https:\/\/covasna45.ro\/#organization"},"image":{"@id":"https:\/\/covasna45.ro\/index.php\/lumea-larga\/disputa-intre-polonia-si-ucraina\/#primaryimage"},"thumbnailUrl":"https:\/\/covasna45.ro\/wp-content\/uploads\/2023\/09\/mateusz-morawiecki.jpeg","keywords":["Arme","Cereale","Polonia","Ucraina"],"articleSection":["Lumea larg\u0103"],"inLanguage":"ro-RO","potentialAction":[{"@type":"CommentAction","name":"Comment","target":["https:\/\/covasna45.ro\/index.php\/lumea-larga\/disputa-intre-polonia-si-ucraina\/#respond"]}]},{"@type":"WebPage","@id":"https:\/\/covasna45.ro\/index.php\/lumea-larga\/disputa-intre-polonia-si-ucraina\/","url":"https:\/\/covasna45.ro\/index.php\/lumea-larga\/disputa-intre-polonia-si-ucraina\/","name":"Disput\u0103 \u00eentre Polonia \u0219i Ucraina - Covasna45","isPartOf":{"@id":"https:\/\/covasna45.ro\/#website"},"primaryImageOfPage":{"@id":"https:\/\/covasna45.ro\/index.php\/lumea-larga\/disputa-intre-polonia-si-ucraina\/#primaryimage"},"image":{"@id":"https:\/\/covasna45.ro\/index.php\/lumea-larga\/disputa-intre-polonia-si-ucraina\/#primaryimage"},"thumbnailUrl":"https:\/\/covasna45.ro\/wp-content\/uploads\/2023\/09\/mateusz-morawiecki.jpeg","datePublished":"2023-09-21T09:43:15+00:00","dateModified":"2023-09-21T09:43:16+00:00","description":"La \u00eenceputul zilei de miercuri, Polonia l-a convocat pe ambasadorul ucrainean \u00een leg\u0103tur\u0103 cu comentariile pre\u0219edintelui Zelenski","breadcrumb":{"@id":"https:\/\/covasna45.ro\/index.php\/lumea-larga\/disputa-intre-polonia-si-ucraina\/#breadcrumb"},"inLanguage":"ro-RO","potentialAction":[{"@type":"ReadAction","target":["https:\/\/covasna45.ro\/index.php\/lumea-larga\/disputa-intre-polonia-si-ucraina\/"]}]},{"@type":"ImageObject","inLanguage":"ro-RO","@id":"https:\/\/covasna45.ro\/index.php\/lumea-larga\/disputa-intre-polonia-si-ucraina\/#primaryimage","url":"https:\/\/covasna45.ro\/wp-content\/uploads\/2023\/09\/mateusz-morawiecki.jpeg","contentUrl":"https:\/\/covasna45.ro\/wp-content\/uploads\/2023\/09\/mateusz-morawiecki.jpeg","width":1200,"height":675},{"@type":"BreadcrumbList","@id":"https:\/\/covasna45.ro\/index.php\/lumea-larga\/disputa-intre-polonia-si-ucraina\/#breadcrumb","itemListElement":[{"@type":"ListItem","position":1,"name":"Prima pagin\u0103","item":"https:\/\/covasna45.ro\/"},{"@type":"ListItem","position":2,"name":"Disput\u0103 \u00eentre Polonia \u0219i Ucraina"}]},{"@type":"WebSite","@id":"https:\/\/covasna45.ro\/#website","url":"https:\/\/covasna45.ro\/","name":"covasna45.ro","description":"","publisher":{"@id":"https:\/\/covasna45.ro\/#organization"},"potentialAction":[{"@type":"SearchAction","target":{"@type":"EntryPoint","urlTemplate":"https:\/\/covasna45.ro\/?s={search_term_string}"},"query-input":{"@type":"PropertyValueSpecification","valueRequired":true,"valueName":"search_term_string"}}],"inLanguage":"ro-RO"},{"@type":"Organization","@id":"https:\/\/covasna45.ro\/#organization","name":"covasna45.ro","url":"https:\/\/covasna45.ro\/","logo":{"@type":"ImageObject","inLanguage":"ro-RO","@id":"https:\/\/covasna45.ro\/#\/schema\/logo\/image\/","url":"https:\/\/covasna45.ro\/wp-content\/uploads\/2023\/01\/icon_logo.png","contentUrl":"https:\/\/covasna45.ro\/wp-content\/uploads\/2023\/01\/icon_logo.png","width":1900,"height":1900,"caption":"covasna45.ro"},"image":{"@id":"https:\/\/covasna45.ro\/#\/schema\/logo\/image\/"}},{"@type":"Person","@id":"https:\/\/covasna45.ro\/#\/schema\/person\/e674052bd7d95d70bbb007a1060ab73c","name":"Covasna45","image":{"@type":"ImageObject","inLanguage":"ro-RO","@id":"https:\/\/covasna45.ro\/wp-content\/uploads\/2025\/10\/icon_logo_covasna45-150x150.png","url":"https:\/\/covasna45.ro\/wp-content\/uploads\/2025\/10\/icon_logo_covasna45-150x150.png","contentUrl":"https:\/\/covasna45.ro\/wp-content\/uploads\/2025\/10\/icon_logo_covasna45-150x150.png","caption":"Covasna45"},"sameAs":["https:\/\/covasna45.ro"],"url":"https:\/\/covasna45.ro\/index.php\/author\/covasna\/"}]}},"_links":{"self":[{"href":"https:\/\/covasna45.ro\/index.php\/wp-json\/wp\/v2\/posts\/3016","targetHints":{"allow":["GET"]}}],"collection":[{"href":"https:\/\/covasna45.ro\/index.php\/wp-json\/wp\/v2\/posts"}],"about":[{"href":"https:\/\/covasna45.ro\/index.php\/wp-json\/wp\/v2\/types\/post"}],"author":[{"embeddable":true,"href":"https:\/\/covasna45.ro\/index.php\/wp-json\/wp\/v2\/users\/1"}],"replies":[{"embeddable":true,"href":"https:\/\/covasna45.ro\/index.php\/wp-json\/wp\/v2\/comments?post=3016"}],"version-history":[{"count":1,"href":"https:\/\/covasna45.ro\/index.php\/wp-json\/wp\/v2\/posts\/3016\/revisions"}],"predecessor-version":[{"id":3018,"href":"https:\/\/covasna45.ro\/index.php\/wp-json\/wp\/v2\/posts\/3016\/revisions\/3018"}],"wp:featuredmedia":[{"embeddable":true,"href":"https:\/\/covasna45.ro\/index.php\/wp-json\/wp\/v2\/media\/3017"}],"wp:attachment":[{"href":"https:\/\/covasna45.ro\/index.php\/wp-json\/wp\/v2\/media?parent=3016"}],"wp:term":[{"taxonomy":"category","embeddable":true,"href":"https:\/\/covasna45.ro\/index.php\/wp-json\/wp\/v2\/categories?post=3016"},{"taxonomy":"post_tag","embeddable":true,"href":"https:\/\/covasna45.ro\/index.php\/wp-json\/wp\/v2\/tags?post=3016"}],"curies":[{"name":"wp","href":"https:\/\/api.w.org\/{rel}","templated":true}]}}