{"id":3092,"date":"2023-09-26T17:10:35","date_gmt":"2023-09-26T15:10:35","guid":{"rendered":"https:\/\/covasna45.ro\/?p=3092"},"modified":"2023-09-26T17:10:36","modified_gmt":"2023-09-26T15:10:36","slug":"viktor-orban-avertizeaza-ucraina-ca-nu-o-va-sprijini-in-niciun-for-international","status":"publish","type":"post","link":"https:\/\/covasna45.ro\/index.php\/lumea-larga\/viktor-orban-avertizeaza-ucraina-ca-nu-o-va-sprijini-in-niciun-for-international\/","title":{"rendered":"Viktor Orb\u00e1n avertizeaz\u0103 Ucraina c\u0103 nu o va sprijini \u00een niciun for interna\u021bional"},"content":{"rendered":"\n<p>Ungaria nu va sprijini Ucraina \u00een niciun for interna\u0163ional at\u00e2t timp c\u00e2t nu sunt restabilite drepturile minorit\u0103\u0163ii maghiare din Transcarpatia, a declarat premierul ungar Viktor Orb\u00e1n \u00een deschiderea sesiunii de toamn\u0103 a parlamentului de la Budapesta. El a mai spus c\u0103 Parlamentul nu se va gr\u0103bi s\u0103 ratifice aderarea Suediei la NATO, relateaz\u0103 agen\u0163iile MTI \u015fi Reuters.<\/p>\n\n\n\n<p>Ucraina <strong><em>\u201eh\u0103r\u0163uie\u015fte\u201d<\/em><\/strong> de ani de zile \u015fcolile ungare, cu scopul <strong><em>\u201ede a le transforma \u00een \u015fcoli ucrainene, sau, dac\u0103 nu reu\u015fesc, atunci vor s\u0103 le \u00eenchid\u0103\u201d,<\/em><\/strong> a acuzat Orb\u00e1n. El a ar\u0103tat c\u0103 \u00een \u015fcoala maghiar\u0103 din ora\u015ful ucrainean Muncaci au fost interzise imnul \u015fi drapelul ungar la ceremonia de \u00eenceput de an \u015fcolar.<\/p>\n\n\n\n<p>Prin urmare, <strong><em>\u201enu sprijinim Ucraina \u00een nicio chestiune pe scena interna\u0163ional\u0103 p\u00e2n\u0103 c\u00e2nd nu va restabili legile care garanteaz\u0103 drepturile maghiarilor\u201d,<\/em><\/strong> a indicat premierul ungar. Orb\u00e1n a promis c\u0103 guvernul s\u0103u va lupta pentru drepturile maghiarilor din Transcarpatia, \u00een special pentru cele ale copiilor, \u00een toate forurile interna\u0163ionale.<\/p>\n\n\n\n<h2 class=\"wp-block-heading\">O decizie e a\u0219teptat\u0103 \u00een decembrie<\/h2>\n\n\n\n<p>Pre\u015fedinta Comisiei Europene, Ursula von der Leyen, a schi\u0163at \u00een discursul s\u0103u de luna aceasta despre Starea Uniunii o viziune a unei UE extinse care s\u0103 includ\u0103 \u015fi Ucraina. Statele blocului comunitar ar urma s\u0103 decid\u0103 \u00een decembrie dac\u0103 permit deschiderea negocierilor de aderare cu Ucraina. Decizia are nevoie de unanimitatea celor 27 de state membre.<\/p>\n\n\n\n<p>Rela\u0163iile dintre Kiev \u015fi Budapesta sunt tensionate. Guvernul ungar acuz\u0103 constant \u00eenc\u0103lcarea drepturilor minorit\u0103\u0163ii maghiare din Transcarpatia. Aceste rela\u0163ii s-au degradat \u015fi mai mult dup\u0103 ce Viktor Orb\u00e1n a refuzat orice sprijin militar pentru Ucraina \u00een r\u0103zboiul cu Rusia. \u00cen iunie, Moscova a predat Budapestei 11 prizonieri de r\u0103zboi ucraineni de etnie maghiar\u0103, provoc\u00e2nd indignarea Kievului. Potrivit ministrului ungar de externe P\u00e9ter Szijj\u00e1rt\u00f3, numero\u015fi etnici maghiari din Ucraina care au fost \u00eenrola\u0163i \u00een armata ucrainean\u0103 au murit pe front.<\/p>\n\n\n\n<h2 class=\"wp-block-heading\">\u0218i Suedia mai a\u0219teapt\u0103<\/h2>\n\n\n\n<p>Pe de alt\u0103 parte, \u00een discursul sus\u0163inut \u00een parlamentul ungar, Viktor Orb\u00e1n a spus c\u0103 Ungaria nu se gr\u0103be\u015fte s\u0103 ratifice aderarea Suediei la NATO. <strong><em>\u201eM\u0103 \u00eentreb dac\u0103 exist\u0103 ceva urgent care s\u0103 ne for\u0163eze s\u0103 ratific\u0103m aderarea Suediei la NATO. Dar nu v\u0103d nicio astfel de circumstan\u0163\u0103\u201d,<\/em><\/strong> a motivat el.<\/p>\n\n\n\n<p>Turcia \u015fi Ungaria sunt singurele state membre ale NATO care \u00eenc\u0103 nu au ratificat aderarea Suediei la Alian\u0163\u0103. Ankara invoc\u0103 lipsa de cooperare a guvernului de la Stockholm \u00een extr\u0103darea c\u0103tre Turcia a unor persoane pe care aceasta le consider\u0103 av\u00e2nd leg\u0103turi cu organiza\u0163ii teroriste, \u00een special din zona kurd\u0103. Budapesta le repro\u015feaz\u0103 politicienilor suedezi c\u0103 \u015fi-au f\u0103cut un obicei din a emite critici la adresa guvernului condus de Orb\u00e1n.<\/p>\n\n\n\n<p>Totu\u015fi, ministrul P\u00e9ter Szijj\u00e1rt\u00f3 a asigurat anterior c\u0103 Ungaria nu va am\u00e2na ratificarea ader\u0103rii Suediei la NATO dac\u0103 Turcia \u00ee\u015fi ridic\u0103 obiec\u0163iile fa\u0163\u0103 de intrarea acestei \u0163\u0103ri \u00een Alian\u0163\u0103.<\/p>\n\n\n\n<p>\u00cen acela\u015fi discurs, Viktor Orb\u00e1n a anticipat c\u0103 disputa dintre Budapesta \u015fi Bruxelles \u00een problema migran\u0163ilor se va \u201ead\u00e2nci\u201d \u00een toamn\u0103, \u00eentruc\u00e2t <strong><em>\u201eBruxellesul cere Ungariei s\u0103 permit\u0103 intrarea acestor migran\u0163i \u015fi construirea (&#8230;) unor ghetouri de migran\u0163i pentru zeci de mii de persoane\u201d.<\/em><\/strong><\/p>\n","protected":false},"excerpt":{"rendered":"<p>Ungaria nu va sprijini Ucraina \u00een niciun for interna\u0163ional at\u00e2t timp c\u00e2t nu sunt restabilite drepturile minorit\u0103\u0163ii maghiare din Transcarpatia, a declarat premierul ungar Viktor Orb\u00e1n \u00een deschiderea sesiunii de toamn\u0103 a parlamentului de la Budapesta. El a mai spus c\u0103 Parlamentul nu se va gr\u0103bi s\u0103 ratifice aderarea Suediei la NATO, relateaz\u0103 agen\u0163iile MTI [&hellip;]<\/p>\n","protected":false},"author":1,"featured_media":3094,"comment_status":"open","ping_status":"closed","sticky":false,"template":"","format":"standard","meta":{"tdm_status":"","tdm_grid_status":"","footnotes":""},"categories":[10],"tags":[109,116,47,108,107],"class_list":{"0":"post-3092","1":"post","2":"type-post","3":"status-publish","4":"format-standard","5":"has-post-thumbnail","7":"category-lumea-larga","8":"tag-nato","9":"tag-ucraina","10":"tag-ue","11":"tag-ungaria","12":"tag-viktor-orban-2"},"yoast_head":"<!-- This site is optimized with the Yoast SEO plugin v27.5 - https:\/\/yoast.com\/product\/yoast-seo-wordpress\/ -->\n<title>Viktor Orb\u00e1n avertizeaz\u0103 Ucraina c\u0103 nu o va sprijini \u00een niciun for interna\u021bional - Covasna45<\/title>\n<meta name=\"description\" content=\"\u00cen acela\u015fi discurs, Viktor Orb\u00e1n a anticipat c\u0103 disputa dintre Budapesta \u015fi Bruxelles \u00een problema migran\u0163ilor se va \u201ead\u00e2nci\u201d \u00een toamn\u0103\" \/>\n<meta name=\"robots\" content=\"index, follow, max-snippet:-1, max-image-preview:large, max-video-preview:-1\" \/>\n<link rel=\"canonical\" href=\"https:\/\/covasna45.ro\/index.php\/lumea-larga\/viktor-orban-avertizeaza-ucraina-ca-nu-o-va-sprijini-in-niciun-for-international\/\" \/>\n<meta property=\"og:locale\" content=\"ro_RO\" \/>\n<meta property=\"og:type\" content=\"article\" \/>\n<meta property=\"og:title\" content=\"Viktor Orb\u00e1n avertizeaz\u0103 Ucraina c\u0103 nu o va sprijini \u00een niciun for interna\u021bional - Covasna45\" \/>\n<meta property=\"og:description\" content=\"\u00cen acela\u015fi discurs, Viktor Orb\u00e1n a anticipat c\u0103 disputa dintre Budapesta \u015fi Bruxelles \u00een problema migran\u0163ilor se va \u201ead\u00e2nci\u201d \u00een toamn\u0103\" \/>\n<meta property=\"og:url\" content=\"https:\/\/covasna45.ro\/index.php\/lumea-larga\/viktor-orban-avertizeaza-ucraina-ca-nu-o-va-sprijini-in-niciun-for-international\/\" \/>\n<meta property=\"og:site_name\" content=\"Covasna45\" \/>\n<meta property=\"article:published_time\" content=\"2023-09-26T15:10:35+00:00\" \/>\n<meta property=\"article:modified_time\" content=\"2023-09-26T15:10:36+00:00\" \/>\n<meta property=\"og:image\" content=\"https:\/\/covasna45.ro\/wp-content\/uploads\/2023\/09\/orban-6.jpg\" \/>\n\t<meta property=\"og:image:width\" content=\"1000\" \/>\n\t<meta property=\"og:image:height\" content=\"600\" \/>\n\t<meta property=\"og:image:type\" content=\"image\/jpeg\" \/>\n<meta name=\"author\" content=\"Covasna45\" \/>\n<meta name=\"twitter:card\" content=\"summary_large_image\" \/>\n<meta name=\"twitter:label1\" content=\"Scris de\" \/>\n\t<meta name=\"twitter:data1\" content=\"Covasna45\" \/>\n\t<meta name=\"twitter:label2\" content=\"Timp estimat pentru citire\" \/>\n\t<meta name=\"twitter:data2\" content=\"3 minute\" \/>\n<script type=\"application\/ld+json\" class=\"yoast-schema-graph\">{\"@context\":\"https:\\\/\\\/schema.org\",\"@graph\":[{\"@type\":\"Article\",\"@id\":\"https:\\\/\\\/covasna45.ro\\\/index.php\\\/lumea-larga\\\/viktor-orban-avertizeaza-ucraina-ca-nu-o-va-sprijini-in-niciun-for-international\\\/#article\",\"isPartOf\":{\"@id\":\"https:\\\/\\\/covasna45.ro\\\/index.php\\\/lumea-larga\\\/viktor-orban-avertizeaza-ucraina-ca-nu-o-va-sprijini-in-niciun-for-international\\\/\"},\"author\":{\"name\":\"Covasna45\",\"@id\":\"https:\\\/\\\/covasna45.ro\\\/#\\\/schema\\\/person\\\/e674052bd7d95d70bbb007a1060ab73c\"},\"headline\":\"Viktor Orb\u00e1n avertizeaz\u0103 Ucraina c\u0103 nu o va sprijini \u00een niciun for interna\u021bional\",\"datePublished\":\"2023-09-26T15:10:35+00:00\",\"dateModified\":\"2023-09-26T15:10:36+00:00\",\"mainEntityOfPage\":{\"@id\":\"https:\\\/\\\/covasna45.ro\\\/index.php\\\/lumea-larga\\\/viktor-orban-avertizeaza-ucraina-ca-nu-o-va-sprijini-in-niciun-for-international\\\/\"},\"wordCount\":574,\"commentCount\":0,\"publisher\":{\"@id\":\"https:\\\/\\\/covasna45.ro\\\/#organization\"},\"image\":{\"@id\":\"https:\\\/\\\/covasna45.ro\\\/index.php\\\/lumea-larga\\\/viktor-orban-avertizeaza-ucraina-ca-nu-o-va-sprijini-in-niciun-for-international\\\/#primaryimage\"},\"thumbnailUrl\":\"https:\\\/\\\/covasna45.ro\\\/wp-content\\\/uploads\\\/2023\\\/09\\\/orban-6.jpg\",\"keywords\":[\"NATO\",\"Ucraina\",\"UE\",\"Ungaria\",\"Viktor Orb\u00e1n\"],\"articleSection\":[\"Lumea larg\u0103\"],\"inLanguage\":\"ro-RO\",\"potentialAction\":[{\"@type\":\"CommentAction\",\"name\":\"Comment\",\"target\":[\"https:\\\/\\\/covasna45.ro\\\/index.php\\\/lumea-larga\\\/viktor-orban-avertizeaza-ucraina-ca-nu-o-va-sprijini-in-niciun-for-international\\\/#respond\"]}]},{\"@type\":\"WebPage\",\"@id\":\"https:\\\/\\\/covasna45.ro\\\/index.php\\\/lumea-larga\\\/viktor-orban-avertizeaza-ucraina-ca-nu-o-va-sprijini-in-niciun-for-international\\\/\",\"url\":\"https:\\\/\\\/covasna45.ro\\\/index.php\\\/lumea-larga\\\/viktor-orban-avertizeaza-ucraina-ca-nu-o-va-sprijini-in-niciun-for-international\\\/\",\"name\":\"Viktor Orb\u00e1n avertizeaz\u0103 Ucraina c\u0103 nu o va sprijini \u00een niciun for interna\u021bional - Covasna45\",\"isPartOf\":{\"@id\":\"https:\\\/\\\/covasna45.ro\\\/#website\"},\"primaryImageOfPage\":{\"@id\":\"https:\\\/\\\/covasna45.ro\\\/index.php\\\/lumea-larga\\\/viktor-orban-avertizeaza-ucraina-ca-nu-o-va-sprijini-in-niciun-for-international\\\/#primaryimage\"},\"image\":{\"@id\":\"https:\\\/\\\/covasna45.ro\\\/index.php\\\/lumea-larga\\\/viktor-orban-avertizeaza-ucraina-ca-nu-o-va-sprijini-in-niciun-for-international\\\/#primaryimage\"},\"thumbnailUrl\":\"https:\\\/\\\/covasna45.ro\\\/wp-content\\\/uploads\\\/2023\\\/09\\\/orban-6.jpg\",\"datePublished\":\"2023-09-26T15:10:35+00:00\",\"dateModified\":\"2023-09-26T15:10:36+00:00\",\"description\":\"\u00cen acela\u015fi discurs, Viktor Orb\u00e1n a anticipat c\u0103 disputa dintre Budapesta \u015fi Bruxelles \u00een problema migran\u0163ilor se va \u201ead\u00e2nci\u201d \u00een toamn\u0103\",\"breadcrumb\":{\"@id\":\"https:\\\/\\\/covasna45.ro\\\/index.php\\\/lumea-larga\\\/viktor-orban-avertizeaza-ucraina-ca-nu-o-va-sprijini-in-niciun-for-international\\\/#breadcrumb\"},\"inLanguage\":\"ro-RO\",\"potentialAction\":[{\"@type\":\"ReadAction\",\"target\":[\"https:\\\/\\\/covasna45.ro\\\/index.php\\\/lumea-larga\\\/viktor-orban-avertizeaza-ucraina-ca-nu-o-va-sprijini-in-niciun-for-international\\\/\"]}]},{\"@type\":\"ImageObject\",\"inLanguage\":\"ro-RO\",\"@id\":\"https:\\\/\\\/covasna45.ro\\\/index.php\\\/lumea-larga\\\/viktor-orban-avertizeaza-ucraina-ca-nu-o-va-sprijini-in-niciun-for-international\\\/#primaryimage\",\"url\":\"https:\\\/\\\/covasna45.ro\\\/wp-content\\\/uploads\\\/2023\\\/09\\\/orban-6.jpg\",\"contentUrl\":\"https:\\\/\\\/covasna45.ro\\\/wp-content\\\/uploads\\\/2023\\\/09\\\/orban-6.jpg\",\"width\":1000,\"height\":600},{\"@type\":\"BreadcrumbList\",\"@id\":\"https:\\\/\\\/covasna45.ro\\\/index.php\\\/lumea-larga\\\/viktor-orban-avertizeaza-ucraina-ca-nu-o-va-sprijini-in-niciun-for-international\\\/#breadcrumb\",\"itemListElement\":[{\"@type\":\"ListItem\",\"position\":1,\"name\":\"Prima pagin\u0103\",\"item\":\"https:\\\/\\\/covasna45.ro\\\/\"},{\"@type\":\"ListItem\",\"position\":2,\"name\":\"Viktor Orb\u00e1n avertizeaz\u0103 Ucraina c\u0103 nu o va sprijini \u00een niciun for interna\u021bional\"}]},{\"@type\":\"WebSite\",\"@id\":\"https:\\\/\\\/covasna45.ro\\\/#website\",\"url\":\"https:\\\/\\\/covasna45.ro\\\/\",\"name\":\"covasna45.ro\",\"description\":\"\",\"publisher\":{\"@id\":\"https:\\\/\\\/covasna45.ro\\\/#organization\"},\"potentialAction\":[{\"@type\":\"SearchAction\",\"target\":{\"@type\":\"EntryPoint\",\"urlTemplate\":\"https:\\\/\\\/covasna45.ro\\\/?s={search_term_string}\"},\"query-input\":{\"@type\":\"PropertyValueSpecification\",\"valueRequired\":true,\"valueName\":\"search_term_string\"}}],\"inLanguage\":\"ro-RO\"},{\"@type\":\"Organization\",\"@id\":\"https:\\\/\\\/covasna45.ro\\\/#organization\",\"name\":\"covasna45.ro\",\"url\":\"https:\\\/\\\/covasna45.ro\\\/\",\"logo\":{\"@type\":\"ImageObject\",\"inLanguage\":\"ro-RO\",\"@id\":\"https:\\\/\\\/covasna45.ro\\\/#\\\/schema\\\/logo\\\/image\\\/\",\"url\":\"https:\\\/\\\/covasna45.ro\\\/wp-content\\\/uploads\\\/2023\\\/01\\\/icon_logo.png\",\"contentUrl\":\"https:\\\/\\\/covasna45.ro\\\/wp-content\\\/uploads\\\/2023\\\/01\\\/icon_logo.png\",\"width\":1900,\"height\":1900,\"caption\":\"covasna45.ro\"},\"image\":{\"@id\":\"https:\\\/\\\/covasna45.ro\\\/#\\\/schema\\\/logo\\\/image\\\/\"}},{\"@type\":\"Person\",\"@id\":\"https:\\\/\\\/covasna45.ro\\\/#\\\/schema\\\/person\\\/e674052bd7d95d70bbb007a1060ab73c\",\"name\":\"Covasna45\",\"image\":{\"@type\":\"ImageObject\",\"inLanguage\":\"ro-RO\",\"@id\":\"https:\\\/\\\/covasna45.ro\\\/wp-content\\\/uploads\\\/2025\\\/10\\\/icon_logo_covasna45-150x150.png\",\"url\":\"https:\\\/\\\/covasna45.ro\\\/wp-content\\\/uploads\\\/2025\\\/10\\\/icon_logo_covasna45-150x150.png\",\"contentUrl\":\"https:\\\/\\\/covasna45.ro\\\/wp-content\\\/uploads\\\/2025\\\/10\\\/icon_logo_covasna45-150x150.png\",\"caption\":\"Covasna45\"},\"sameAs\":[\"https:\\\/\\\/covasna45.ro\"],\"url\":\"https:\\\/\\\/covasna45.ro\\\/index.php\\\/author\\\/covasna\\\/\"}]}<\/script>\n<!-- \/ Yoast SEO plugin. -->","yoast_head_json":{"title":"Viktor Orb\u00e1n avertizeaz\u0103 Ucraina c\u0103 nu o va sprijini \u00een niciun for interna\u021bional - Covasna45","description":"\u00cen acela\u015fi discurs, Viktor Orb\u00e1n a anticipat c\u0103 disputa dintre Budapesta \u015fi Bruxelles \u00een problema migran\u0163ilor se va \u201ead\u00e2nci\u201d \u00een toamn\u0103","robots":{"index":"index","follow":"follow","max-snippet":"max-snippet:-1","max-image-preview":"max-image-preview:large","max-video-preview":"max-video-preview:-1"},"canonical":"https:\/\/covasna45.ro\/index.php\/lumea-larga\/viktor-orban-avertizeaza-ucraina-ca-nu-o-va-sprijini-in-niciun-for-international\/","og_locale":"ro_RO","og_type":"article","og_title":"Viktor Orb\u00e1n avertizeaz\u0103 Ucraina c\u0103 nu o va sprijini \u00een niciun for interna\u021bional - Covasna45","og_description":"\u00cen acela\u015fi discurs, Viktor Orb\u00e1n a anticipat c\u0103 disputa dintre Budapesta \u015fi Bruxelles \u00een problema migran\u0163ilor se va \u201ead\u00e2nci\u201d \u00een toamn\u0103","og_url":"https:\/\/covasna45.ro\/index.php\/lumea-larga\/viktor-orban-avertizeaza-ucraina-ca-nu-o-va-sprijini-in-niciun-for-international\/","og_site_name":"Covasna45","article_published_time":"2023-09-26T15:10:35+00:00","article_modified_time":"2023-09-26T15:10:36+00:00","og_image":[{"width":1000,"height":600,"url":"https:\/\/covasna45.ro\/wp-content\/uploads\/2023\/09\/orban-6.jpg","type":"image\/jpeg"}],"author":"Covasna45","twitter_card":"summary_large_image","twitter_misc":{"Scris de":"Covasna45","Timp estimat pentru citire":"3 minute"},"schema":{"@context":"https:\/\/schema.org","@graph":[{"@type":"Article","@id":"https:\/\/covasna45.ro\/index.php\/lumea-larga\/viktor-orban-avertizeaza-ucraina-ca-nu-o-va-sprijini-in-niciun-for-international\/#article","isPartOf":{"@id":"https:\/\/covasna45.ro\/index.php\/lumea-larga\/viktor-orban-avertizeaza-ucraina-ca-nu-o-va-sprijini-in-niciun-for-international\/"},"author":{"name":"Covasna45","@id":"https:\/\/covasna45.ro\/#\/schema\/person\/e674052bd7d95d70bbb007a1060ab73c"},"headline":"Viktor Orb\u00e1n avertizeaz\u0103 Ucraina c\u0103 nu o va sprijini \u00een niciun for interna\u021bional","datePublished":"2023-09-26T15:10:35+00:00","dateModified":"2023-09-26T15:10:36+00:00","mainEntityOfPage":{"@id":"https:\/\/covasna45.ro\/index.php\/lumea-larga\/viktor-orban-avertizeaza-ucraina-ca-nu-o-va-sprijini-in-niciun-for-international\/"},"wordCount":574,"commentCount":0,"publisher":{"@id":"https:\/\/covasna45.ro\/#organization"},"image":{"@id":"https:\/\/covasna45.ro\/index.php\/lumea-larga\/viktor-orban-avertizeaza-ucraina-ca-nu-o-va-sprijini-in-niciun-for-international\/#primaryimage"},"thumbnailUrl":"https:\/\/covasna45.ro\/wp-content\/uploads\/2023\/09\/orban-6.jpg","keywords":["NATO","Ucraina","UE","Ungaria","Viktor Orb\u00e1n"],"articleSection":["Lumea larg\u0103"],"inLanguage":"ro-RO","potentialAction":[{"@type":"CommentAction","name":"Comment","target":["https:\/\/covasna45.ro\/index.php\/lumea-larga\/viktor-orban-avertizeaza-ucraina-ca-nu-o-va-sprijini-in-niciun-for-international\/#respond"]}]},{"@type":"WebPage","@id":"https:\/\/covasna45.ro\/index.php\/lumea-larga\/viktor-orban-avertizeaza-ucraina-ca-nu-o-va-sprijini-in-niciun-for-international\/","url":"https:\/\/covasna45.ro\/index.php\/lumea-larga\/viktor-orban-avertizeaza-ucraina-ca-nu-o-va-sprijini-in-niciun-for-international\/","name":"Viktor Orb\u00e1n avertizeaz\u0103 Ucraina c\u0103 nu o va sprijini \u00een niciun for interna\u021bional - Covasna45","isPartOf":{"@id":"https:\/\/covasna45.ro\/#website"},"primaryImageOfPage":{"@id":"https:\/\/covasna45.ro\/index.php\/lumea-larga\/viktor-orban-avertizeaza-ucraina-ca-nu-o-va-sprijini-in-niciun-for-international\/#primaryimage"},"image":{"@id":"https:\/\/covasna45.ro\/index.php\/lumea-larga\/viktor-orban-avertizeaza-ucraina-ca-nu-o-va-sprijini-in-niciun-for-international\/#primaryimage"},"thumbnailUrl":"https:\/\/covasna45.ro\/wp-content\/uploads\/2023\/09\/orban-6.jpg","datePublished":"2023-09-26T15:10:35+00:00","dateModified":"2023-09-26T15:10:36+00:00","description":"\u00cen acela\u015fi discurs, Viktor Orb\u00e1n a anticipat c\u0103 disputa dintre Budapesta \u015fi Bruxelles \u00een problema migran\u0163ilor se va \u201ead\u00e2nci\u201d \u00een toamn\u0103","breadcrumb":{"@id":"https:\/\/covasna45.ro\/index.php\/lumea-larga\/viktor-orban-avertizeaza-ucraina-ca-nu-o-va-sprijini-in-niciun-for-international\/#breadcrumb"},"inLanguage":"ro-RO","potentialAction":[{"@type":"ReadAction","target":["https:\/\/covasna45.ro\/index.php\/lumea-larga\/viktor-orban-avertizeaza-ucraina-ca-nu-o-va-sprijini-in-niciun-for-international\/"]}]},{"@type":"ImageObject","inLanguage":"ro-RO","@id":"https:\/\/covasna45.ro\/index.php\/lumea-larga\/viktor-orban-avertizeaza-ucraina-ca-nu-o-va-sprijini-in-niciun-for-international\/#primaryimage","url":"https:\/\/covasna45.ro\/wp-content\/uploads\/2023\/09\/orban-6.jpg","contentUrl":"https:\/\/covasna45.ro\/wp-content\/uploads\/2023\/09\/orban-6.jpg","width":1000,"height":600},{"@type":"BreadcrumbList","@id":"https:\/\/covasna45.ro\/index.php\/lumea-larga\/viktor-orban-avertizeaza-ucraina-ca-nu-o-va-sprijini-in-niciun-for-international\/#breadcrumb","itemListElement":[{"@type":"ListItem","position":1,"name":"Prima pagin\u0103","item":"https:\/\/covasna45.ro\/"},{"@type":"ListItem","position":2,"name":"Viktor Orb\u00e1n avertizeaz\u0103 Ucraina c\u0103 nu o va sprijini \u00een niciun for interna\u021bional"}]},{"@type":"WebSite","@id":"https:\/\/covasna45.ro\/#website","url":"https:\/\/covasna45.ro\/","name":"covasna45.ro","description":"","publisher":{"@id":"https:\/\/covasna45.ro\/#organization"},"potentialAction":[{"@type":"SearchAction","target":{"@type":"EntryPoint","urlTemplate":"https:\/\/covasna45.ro\/?s={search_term_string}"},"query-input":{"@type":"PropertyValueSpecification","valueRequired":true,"valueName":"search_term_string"}}],"inLanguage":"ro-RO"},{"@type":"Organization","@id":"https:\/\/covasna45.ro\/#organization","name":"covasna45.ro","url":"https:\/\/covasna45.ro\/","logo":{"@type":"ImageObject","inLanguage":"ro-RO","@id":"https:\/\/covasna45.ro\/#\/schema\/logo\/image\/","url":"https:\/\/covasna45.ro\/wp-content\/uploads\/2023\/01\/icon_logo.png","contentUrl":"https:\/\/covasna45.ro\/wp-content\/uploads\/2023\/01\/icon_logo.png","width":1900,"height":1900,"caption":"covasna45.ro"},"image":{"@id":"https:\/\/covasna45.ro\/#\/schema\/logo\/image\/"}},{"@type":"Person","@id":"https:\/\/covasna45.ro\/#\/schema\/person\/e674052bd7d95d70bbb007a1060ab73c","name":"Covasna45","image":{"@type":"ImageObject","inLanguage":"ro-RO","@id":"https:\/\/covasna45.ro\/wp-content\/uploads\/2025\/10\/icon_logo_covasna45-150x150.png","url":"https:\/\/covasna45.ro\/wp-content\/uploads\/2025\/10\/icon_logo_covasna45-150x150.png","contentUrl":"https:\/\/covasna45.ro\/wp-content\/uploads\/2025\/10\/icon_logo_covasna45-150x150.png","caption":"Covasna45"},"sameAs":["https:\/\/covasna45.ro"],"url":"https:\/\/covasna45.ro\/index.php\/author\/covasna\/"}]}},"_links":{"self":[{"href":"https:\/\/covasna45.ro\/index.php\/wp-json\/wp\/v2\/posts\/3092","targetHints":{"allow":["GET"]}}],"collection":[{"href":"https:\/\/covasna45.ro\/index.php\/wp-json\/wp\/v2\/posts"}],"about":[{"href":"https:\/\/covasna45.ro\/index.php\/wp-json\/wp\/v2\/types\/post"}],"author":[{"embeddable":true,"href":"https:\/\/covasna45.ro\/index.php\/wp-json\/wp\/v2\/users\/1"}],"replies":[{"embeddable":true,"href":"https:\/\/covasna45.ro\/index.php\/wp-json\/wp\/v2\/comments?post=3092"}],"version-history":[{"count":1,"href":"https:\/\/covasna45.ro\/index.php\/wp-json\/wp\/v2\/posts\/3092\/revisions"}],"predecessor-version":[{"id":3093,"href":"https:\/\/covasna45.ro\/index.php\/wp-json\/wp\/v2\/posts\/3092\/revisions\/3093"}],"wp:featuredmedia":[{"embeddable":true,"href":"https:\/\/covasna45.ro\/index.php\/wp-json\/wp\/v2\/media\/3094"}],"wp:attachment":[{"href":"https:\/\/covasna45.ro\/index.php\/wp-json\/wp\/v2\/media?parent=3092"}],"wp:term":[{"taxonomy":"category","embeddable":true,"href":"https:\/\/covasna45.ro\/index.php\/wp-json\/wp\/v2\/categories?post=3092"},{"taxonomy":"post_tag","embeddable":true,"href":"https:\/\/covasna45.ro\/index.php\/wp-json\/wp\/v2\/tags?post=3092"}],"curies":[{"name":"wp","href":"https:\/\/api.w.org\/{rel}","templated":true}]}}