{"id":3186,"date":"2023-10-02T08:33:57","date_gmt":"2023-10-02T06:33:57","guid":{"rendered":"https:\/\/covasna45.ro\/?p=3186"},"modified":"2023-10-02T08:33:58","modified_gmt":"2023-10-02T06:33:58","slug":"kelemen-hunor-detoneaza-pnl","status":"publish","type":"post","link":"https:\/\/covasna45.ro\/index.php\/lumea-noastra\/kelemen-hunor-detoneaza-pnl\/","title":{"rendered":"Kelemen Hunor detoneaz\u0103 PNL"},"content":{"rendered":"\n<p>Pre\u015fedintele UDMR, Kelemen Hunor, a declarat c\u0103 mo\u0163iunea de cenzur\u0103 ini\u0163iat\u0103 de USR nu avea nicio \u015fans\u0103. <strong><em>\u201eToat\u0103 opozi\u0163ia la un loc are 40%\u201d.<\/em><\/strong> <\/p>\n\n\n\n<p>Kelemen Hunor spune c\u0103 au fost parlamentari liberali care i-au cerut s\u0103 semneze mo\u0163iunea. <strong><em>\u201eDar la \u00eentrebarea:<\/em><\/strong> <strong><em>Voi ve\u0163i vota mo\u0163iunea de cenzur\u0103?\u201d<\/em><\/strong>, spuneau: <strong><em>\u201eNu, c\u0103 nu ne las\u0103 s\u0103 ie\u015fim la vot. Eu nu pot s\u0103 \u00eemprumut curaj nim\u0103nui\u201d<\/em><\/strong>, a declarat liderul UDMR.<\/p>\n\n\n\n<h2 class=\"wp-block-heading\">De ce nu a semnat UDMR mo\u0163iunea de cenzur\u0103?<\/h2>\n\n\n\n<p>Pre\u015fedintele UDMR Kelemen Hunor a fost \u00eentrebat de ce nu a semnat mo\u0163iunea de cenzur\u0103 ini\u0163iat\u0103 de USR.<\/p>\n\n\n\n<p><strong><em>\u201eSunt dou\u0103 motive. \u00cen primul r\u00e2nd, am avut c\u00e2teva amendamente legate de autorit\u0103\u0163ile locale \u015fi de institu\u0163iile de cultur\u0103 &#8211; ce pot s\u0103 fac\u0103 autorit\u0103\u0163ile locale cu impozitele oamenilor. Au acceptat amendamentele noastre. <\/em><\/strong><\/p>\n\n\n\n<p><strong><em>Pe de alt\u0103 parte, ei au 60% <\/em><\/strong>(PSD \u015fi PNL &#8211; n.r.). <strong><em>Instrumentul mo\u0163iunii de cenzur\u0103 este extrem de important, mai ales dac\u0103 po\u0163i s\u0103 dai jos guvernul. <\/em><\/strong><\/p>\n\n\n\n<h2 class=\"wp-block-heading\">\u201e<strong><em>Pe partea opozi\u0163iei, exist\u0103 cel pu\u0163in dou\u0103 blocuri\u201d, <\/em><\/strong>spune Kelemen Hunor.<strong><em> <\/em><\/strong><\/h2>\n\n\n\n<p><strong><em>Pe de o parte, USR, UDMR, For\u0163a Dreptei \u015fi c\u00e2\u0163iva independen\u0163i. \u015ei pe partea cealalt\u0103, \u00eentr-un alt film, AUR. USR nu-\u015fi asum\u0103, pe bun\u0103 dreptate, s\u0103 semneze o mo\u0163iune de cenzur\u0103 cu AUR. Toat\u0103 opozi\u0163ia la un loc are 40%, n-are nicio \u015fans\u0103 s\u0103 schimbe guvernul. Ar fi fost un joc de imagine pentru unii \u015fi bine\u00een\u0163eles f\u0103r\u0103 niciun rezultat. <\/em><\/strong><\/p>\n\n\n\n<p><strong><em>Eu am spus c\u0103 trebui s\u0103 rezolv problema institu\u0163iilor de cultur\u0103 \u015fi problema autorit\u0103\u0163ilor locale. \u015ei dac\u0103 reu\u015fesc s\u0103 rezolv ceea ce, din punctul meu de vedere, este mult mai important dec\u00e2t un joc de imagine pentru unii sau pentru al\u0163ii, oricum nu pentru UDMR, atunci rezolv o problem\u0103 \u015fi nu semnez mo\u0163iunea de cenzur\u0103. <\/em><\/strong><\/p>\n\n\n\n<p><strong><em>Dac\u0103 noi nu am fi ajuns la o \u00een\u0163elegere, dac\u0103 Pilonul II ap\u0103rea \u00een textul legii, atunci, da, semnam mo\u0163iunea de cenzur\u0103 cu toate riscurile, \u00een sensul c\u0103 era doar o dezbatere parlamentar\u0103 \u015fi f\u0103r\u0103 un rezultat concret, pentru c\u0103 PNL nu ar fi semnat mo\u0163iunea de cenzur\u0103\u201d,<\/em><\/strong> a explicat Kelemen Hunor.<\/p>\n","protected":false},"excerpt":{"rendered":"<p>Pre\u015fedintele UDMR, Kelemen Hunor, a declarat c\u0103 mo\u0163iunea de cenzur\u0103 ini\u0163iat\u0103 de USR nu avea nicio \u015fans\u0103. \u201eToat\u0103 opozi\u0163ia la un loc are 40%\u201d. Kelemen Hunor spune c\u0103 au fost parlamentari liberali care i-au cerut s\u0103 semneze mo\u0163iunea. \u201eDar la \u00eentrebarea: Voi ve\u0163i vota mo\u0163iunea de cenzur\u0103?\u201d, spuneau: \u201eNu, c\u0103 nu ne las\u0103 s\u0103 ie\u015fim [&hellip;]<\/p>\n","protected":false},"author":1,"featured_media":3187,"comment_status":"open","ping_status":"closed","sticky":false,"template":"","format":"standard","meta":{"tdm_status":"","tdm_grid_status":"","footnotes":""},"categories":[14],"tags":[263,1135,189],"class_list":{"0":"post-3186","1":"post","2":"type-post","3":"status-publish","4":"format-standard","5":"has-post-thumbnail","7":"category-lumea-noastra","8":"tag-kelemen-hunor","9":"tag-motiune-de-cenzura","10":"tag-udmr"},"yoast_head":"<!-- This site is optimized with the Yoast SEO plugin v27.5 - https:\/\/yoast.com\/product\/yoast-seo-wordpress\/ -->\n<title>Kelemen Hunor detoneaz\u0103 PNL - Covasna45<\/title>\n<meta name=\"description\" content=\"Pre\u015fedintele UDMR, Kelemen Hunor, a declarat c\u0103 mo\u0163iunea de cenzur\u0103 ini\u0163iat\u0103 de USR nu avea nicio \u015fans\u0103. \u201eToat\u0103 opozi\u0163ia la un loc are 40%\u201d.\" \/>\n<meta name=\"robots\" content=\"index, follow, max-snippet:-1, max-image-preview:large, max-video-preview:-1\" \/>\n<link rel=\"canonical\" href=\"https:\/\/covasna45.ro\/index.php\/lumea-noastra\/kelemen-hunor-detoneaza-pnl\/\" \/>\n<meta property=\"og:locale\" content=\"ro_RO\" \/>\n<meta property=\"og:type\" content=\"article\" \/>\n<meta property=\"og:title\" content=\"Kelemen Hunor detoneaz\u0103 PNL - Covasna45\" \/>\n<meta property=\"og:description\" content=\"Pre\u015fedintele UDMR, Kelemen Hunor, a declarat c\u0103 mo\u0163iunea de cenzur\u0103 ini\u0163iat\u0103 de USR nu avea nicio \u015fans\u0103. \u201eToat\u0103 opozi\u0163ia la un loc are 40%\u201d.\" \/>\n<meta property=\"og:url\" content=\"https:\/\/covasna45.ro\/index.php\/lumea-noastra\/kelemen-hunor-detoneaza-pnl\/\" \/>\n<meta property=\"og:site_name\" content=\"Covasna45\" \/>\n<meta property=\"article:published_time\" content=\"2023-10-02T06:33:57+00:00\" \/>\n<meta property=\"article:modified_time\" content=\"2023-10-02T06:33:58+00:00\" \/>\n<meta property=\"og:image\" content=\"https:\/\/covasna45.ro\/wp-content\/uploads\/2023\/10\/kelemen-1.jpg\" \/>\n\t<meta property=\"og:image:width\" content=\"860\" \/>\n\t<meta property=\"og:image:height\" content=\"574\" \/>\n\t<meta property=\"og:image:type\" content=\"image\/jpeg\" \/>\n<meta name=\"author\" content=\"Covasna45\" \/>\n<meta name=\"twitter:card\" content=\"summary_large_image\" \/>\n<meta name=\"twitter:label1\" content=\"Scris de\" \/>\n\t<meta name=\"twitter:data1\" content=\"Covasna45\" \/>\n\t<meta name=\"twitter:label2\" content=\"Timp estimat pentru citire\" \/>\n\t<meta name=\"twitter:data2\" content=\"2 minute\" \/>\n<script type=\"application\/ld+json\" class=\"yoast-schema-graph\">{\"@context\":\"https:\\\/\\\/schema.org\",\"@graph\":[{\"@type\":\"Article\",\"@id\":\"https:\\\/\\\/covasna45.ro\\\/index.php\\\/lumea-noastra\\\/kelemen-hunor-detoneaza-pnl\\\/#article\",\"isPartOf\":{\"@id\":\"https:\\\/\\\/covasna45.ro\\\/index.php\\\/lumea-noastra\\\/kelemen-hunor-detoneaza-pnl\\\/\"},\"author\":{\"name\":\"Covasna45\",\"@id\":\"https:\\\/\\\/covasna45.ro\\\/#\\\/schema\\\/person\\\/e674052bd7d95d70bbb007a1060ab73c\"},\"headline\":\"Kelemen Hunor detoneaz\u0103 PNL\",\"datePublished\":\"2023-10-02T06:33:57+00:00\",\"dateModified\":\"2023-10-02T06:33:58+00:00\",\"mainEntityOfPage\":{\"@id\":\"https:\\\/\\\/covasna45.ro\\\/index.php\\\/lumea-noastra\\\/kelemen-hunor-detoneaza-pnl\\\/\"},\"wordCount\":378,\"commentCount\":10,\"publisher\":{\"@id\":\"https:\\\/\\\/covasna45.ro\\\/#organization\"},\"image\":{\"@id\":\"https:\\\/\\\/covasna45.ro\\\/index.php\\\/lumea-noastra\\\/kelemen-hunor-detoneaza-pnl\\\/#primaryimage\"},\"thumbnailUrl\":\"https:\\\/\\\/covasna45.ro\\\/wp-content\\\/uploads\\\/2023\\\/10\\\/kelemen-1.jpg\",\"keywords\":[\"Kelemen Hunor\",\"Mo\u021biune de cenzur\u0103\",\"UDMR\"],\"articleSection\":[\"Lumea noastr\u0103\"],\"inLanguage\":\"ro-RO\",\"potentialAction\":[{\"@type\":\"CommentAction\",\"name\":\"Comment\",\"target\":[\"https:\\\/\\\/covasna45.ro\\\/index.php\\\/lumea-noastra\\\/kelemen-hunor-detoneaza-pnl\\\/#respond\"]}]},{\"@type\":\"WebPage\",\"@id\":\"https:\\\/\\\/covasna45.ro\\\/index.php\\\/lumea-noastra\\\/kelemen-hunor-detoneaza-pnl\\\/\",\"url\":\"https:\\\/\\\/covasna45.ro\\\/index.php\\\/lumea-noastra\\\/kelemen-hunor-detoneaza-pnl\\\/\",\"name\":\"Kelemen Hunor detoneaz\u0103 PNL - Covasna45\",\"isPartOf\":{\"@id\":\"https:\\\/\\\/covasna45.ro\\\/#website\"},\"primaryImageOfPage\":{\"@id\":\"https:\\\/\\\/covasna45.ro\\\/index.php\\\/lumea-noastra\\\/kelemen-hunor-detoneaza-pnl\\\/#primaryimage\"},\"image\":{\"@id\":\"https:\\\/\\\/covasna45.ro\\\/index.php\\\/lumea-noastra\\\/kelemen-hunor-detoneaza-pnl\\\/#primaryimage\"},\"thumbnailUrl\":\"https:\\\/\\\/covasna45.ro\\\/wp-content\\\/uploads\\\/2023\\\/10\\\/kelemen-1.jpg\",\"datePublished\":\"2023-10-02T06:33:57+00:00\",\"dateModified\":\"2023-10-02T06:33:58+00:00\",\"description\":\"Pre\u015fedintele UDMR, Kelemen Hunor, a declarat c\u0103 mo\u0163iunea de cenzur\u0103 ini\u0163iat\u0103 de USR nu avea nicio \u015fans\u0103. \u201eToat\u0103 opozi\u0163ia la un loc are 40%\u201d.\",\"breadcrumb\":{\"@id\":\"https:\\\/\\\/covasna45.ro\\\/index.php\\\/lumea-noastra\\\/kelemen-hunor-detoneaza-pnl\\\/#breadcrumb\"},\"inLanguage\":\"ro-RO\",\"potentialAction\":[{\"@type\":\"ReadAction\",\"target\":[\"https:\\\/\\\/covasna45.ro\\\/index.php\\\/lumea-noastra\\\/kelemen-hunor-detoneaza-pnl\\\/\"]}]},{\"@type\":\"ImageObject\",\"inLanguage\":\"ro-RO\",\"@id\":\"https:\\\/\\\/covasna45.ro\\\/index.php\\\/lumea-noastra\\\/kelemen-hunor-detoneaza-pnl\\\/#primaryimage\",\"url\":\"https:\\\/\\\/covasna45.ro\\\/wp-content\\\/uploads\\\/2023\\\/10\\\/kelemen-1.jpg\",\"contentUrl\":\"https:\\\/\\\/covasna45.ro\\\/wp-content\\\/uploads\\\/2023\\\/10\\\/kelemen-1.jpg\",\"width\":860,\"height\":574},{\"@type\":\"BreadcrumbList\",\"@id\":\"https:\\\/\\\/covasna45.ro\\\/index.php\\\/lumea-noastra\\\/kelemen-hunor-detoneaza-pnl\\\/#breadcrumb\",\"itemListElement\":[{\"@type\":\"ListItem\",\"position\":1,\"name\":\"Prima pagin\u0103\",\"item\":\"https:\\\/\\\/covasna45.ro\\\/\"},{\"@type\":\"ListItem\",\"position\":2,\"name\":\"Kelemen Hunor detoneaz\u0103 PNL\"}]},{\"@type\":\"WebSite\",\"@id\":\"https:\\\/\\\/covasna45.ro\\\/#website\",\"url\":\"https:\\\/\\\/covasna45.ro\\\/\",\"name\":\"covasna45.ro\",\"description\":\"\",\"publisher\":{\"@id\":\"https:\\\/\\\/covasna45.ro\\\/#organization\"},\"potentialAction\":[{\"@type\":\"SearchAction\",\"target\":{\"@type\":\"EntryPoint\",\"urlTemplate\":\"https:\\\/\\\/covasna45.ro\\\/?s={search_term_string}\"},\"query-input\":{\"@type\":\"PropertyValueSpecification\",\"valueRequired\":true,\"valueName\":\"search_term_string\"}}],\"inLanguage\":\"ro-RO\"},{\"@type\":\"Organization\",\"@id\":\"https:\\\/\\\/covasna45.ro\\\/#organization\",\"name\":\"covasna45.ro\",\"url\":\"https:\\\/\\\/covasna45.ro\\\/\",\"logo\":{\"@type\":\"ImageObject\",\"inLanguage\":\"ro-RO\",\"@id\":\"https:\\\/\\\/covasna45.ro\\\/#\\\/schema\\\/logo\\\/image\\\/\",\"url\":\"https:\\\/\\\/covasna45.ro\\\/wp-content\\\/uploads\\\/2023\\\/01\\\/icon_logo.png\",\"contentUrl\":\"https:\\\/\\\/covasna45.ro\\\/wp-content\\\/uploads\\\/2023\\\/01\\\/icon_logo.png\",\"width\":1900,\"height\":1900,\"caption\":\"covasna45.ro\"},\"image\":{\"@id\":\"https:\\\/\\\/covasna45.ro\\\/#\\\/schema\\\/logo\\\/image\\\/\"}},{\"@type\":\"Person\",\"@id\":\"https:\\\/\\\/covasna45.ro\\\/#\\\/schema\\\/person\\\/e674052bd7d95d70bbb007a1060ab73c\",\"name\":\"Covasna45\",\"image\":{\"@type\":\"ImageObject\",\"inLanguage\":\"ro-RO\",\"@id\":\"https:\\\/\\\/covasna45.ro\\\/wp-content\\\/uploads\\\/2025\\\/10\\\/icon_logo_covasna45-150x150.png\",\"url\":\"https:\\\/\\\/covasna45.ro\\\/wp-content\\\/uploads\\\/2025\\\/10\\\/icon_logo_covasna45-150x150.png\",\"contentUrl\":\"https:\\\/\\\/covasna45.ro\\\/wp-content\\\/uploads\\\/2025\\\/10\\\/icon_logo_covasna45-150x150.png\",\"caption\":\"Covasna45\"},\"sameAs\":[\"https:\\\/\\\/covasna45.ro\"],\"url\":\"https:\\\/\\\/covasna45.ro\\\/index.php\\\/author\\\/covasna\\\/\"}]}<\/script>\n<!-- \/ Yoast SEO plugin. -->","yoast_head_json":{"title":"Kelemen Hunor detoneaz\u0103 PNL - Covasna45","description":"Pre\u015fedintele UDMR, Kelemen Hunor, a declarat c\u0103 mo\u0163iunea de cenzur\u0103 ini\u0163iat\u0103 de USR nu avea nicio \u015fans\u0103. \u201eToat\u0103 opozi\u0163ia la un loc are 40%\u201d.","robots":{"index":"index","follow":"follow","max-snippet":"max-snippet:-1","max-image-preview":"max-image-preview:large","max-video-preview":"max-video-preview:-1"},"canonical":"https:\/\/covasna45.ro\/index.php\/lumea-noastra\/kelemen-hunor-detoneaza-pnl\/","og_locale":"ro_RO","og_type":"article","og_title":"Kelemen Hunor detoneaz\u0103 PNL - Covasna45","og_description":"Pre\u015fedintele UDMR, Kelemen Hunor, a declarat c\u0103 mo\u0163iunea de cenzur\u0103 ini\u0163iat\u0103 de USR nu avea nicio \u015fans\u0103. \u201eToat\u0103 opozi\u0163ia la un loc are 40%\u201d.","og_url":"https:\/\/covasna45.ro\/index.php\/lumea-noastra\/kelemen-hunor-detoneaza-pnl\/","og_site_name":"Covasna45","article_published_time":"2023-10-02T06:33:57+00:00","article_modified_time":"2023-10-02T06:33:58+00:00","og_image":[{"width":860,"height":574,"url":"https:\/\/covasna45.ro\/wp-content\/uploads\/2023\/10\/kelemen-1.jpg","type":"image\/jpeg"}],"author":"Covasna45","twitter_card":"summary_large_image","twitter_misc":{"Scris de":"Covasna45","Timp estimat pentru citire":"2 minute"},"schema":{"@context":"https:\/\/schema.org","@graph":[{"@type":"Article","@id":"https:\/\/covasna45.ro\/index.php\/lumea-noastra\/kelemen-hunor-detoneaza-pnl\/#article","isPartOf":{"@id":"https:\/\/covasna45.ro\/index.php\/lumea-noastra\/kelemen-hunor-detoneaza-pnl\/"},"author":{"name":"Covasna45","@id":"https:\/\/covasna45.ro\/#\/schema\/person\/e674052bd7d95d70bbb007a1060ab73c"},"headline":"Kelemen Hunor detoneaz\u0103 PNL","datePublished":"2023-10-02T06:33:57+00:00","dateModified":"2023-10-02T06:33:58+00:00","mainEntityOfPage":{"@id":"https:\/\/covasna45.ro\/index.php\/lumea-noastra\/kelemen-hunor-detoneaza-pnl\/"},"wordCount":378,"commentCount":10,"publisher":{"@id":"https:\/\/covasna45.ro\/#organization"},"image":{"@id":"https:\/\/covasna45.ro\/index.php\/lumea-noastra\/kelemen-hunor-detoneaza-pnl\/#primaryimage"},"thumbnailUrl":"https:\/\/covasna45.ro\/wp-content\/uploads\/2023\/10\/kelemen-1.jpg","keywords":["Kelemen Hunor","Mo\u021biune de cenzur\u0103","UDMR"],"articleSection":["Lumea noastr\u0103"],"inLanguage":"ro-RO","potentialAction":[{"@type":"CommentAction","name":"Comment","target":["https:\/\/covasna45.ro\/index.php\/lumea-noastra\/kelemen-hunor-detoneaza-pnl\/#respond"]}]},{"@type":"WebPage","@id":"https:\/\/covasna45.ro\/index.php\/lumea-noastra\/kelemen-hunor-detoneaza-pnl\/","url":"https:\/\/covasna45.ro\/index.php\/lumea-noastra\/kelemen-hunor-detoneaza-pnl\/","name":"Kelemen Hunor detoneaz\u0103 PNL - Covasna45","isPartOf":{"@id":"https:\/\/covasna45.ro\/#website"},"primaryImageOfPage":{"@id":"https:\/\/covasna45.ro\/index.php\/lumea-noastra\/kelemen-hunor-detoneaza-pnl\/#primaryimage"},"image":{"@id":"https:\/\/covasna45.ro\/index.php\/lumea-noastra\/kelemen-hunor-detoneaza-pnl\/#primaryimage"},"thumbnailUrl":"https:\/\/covasna45.ro\/wp-content\/uploads\/2023\/10\/kelemen-1.jpg","datePublished":"2023-10-02T06:33:57+00:00","dateModified":"2023-10-02T06:33:58+00:00","description":"Pre\u015fedintele UDMR, Kelemen Hunor, a declarat c\u0103 mo\u0163iunea de cenzur\u0103 ini\u0163iat\u0103 de USR nu avea nicio \u015fans\u0103. \u201eToat\u0103 opozi\u0163ia la un loc are 40%\u201d.","breadcrumb":{"@id":"https:\/\/covasna45.ro\/index.php\/lumea-noastra\/kelemen-hunor-detoneaza-pnl\/#breadcrumb"},"inLanguage":"ro-RO","potentialAction":[{"@type":"ReadAction","target":["https:\/\/covasna45.ro\/index.php\/lumea-noastra\/kelemen-hunor-detoneaza-pnl\/"]}]},{"@type":"ImageObject","inLanguage":"ro-RO","@id":"https:\/\/covasna45.ro\/index.php\/lumea-noastra\/kelemen-hunor-detoneaza-pnl\/#primaryimage","url":"https:\/\/covasna45.ro\/wp-content\/uploads\/2023\/10\/kelemen-1.jpg","contentUrl":"https:\/\/covasna45.ro\/wp-content\/uploads\/2023\/10\/kelemen-1.jpg","width":860,"height":574},{"@type":"BreadcrumbList","@id":"https:\/\/covasna45.ro\/index.php\/lumea-noastra\/kelemen-hunor-detoneaza-pnl\/#breadcrumb","itemListElement":[{"@type":"ListItem","position":1,"name":"Prima pagin\u0103","item":"https:\/\/covasna45.ro\/"},{"@type":"ListItem","position":2,"name":"Kelemen Hunor detoneaz\u0103 PNL"}]},{"@type":"WebSite","@id":"https:\/\/covasna45.ro\/#website","url":"https:\/\/covasna45.ro\/","name":"covasna45.ro","description":"","publisher":{"@id":"https:\/\/covasna45.ro\/#organization"},"potentialAction":[{"@type":"SearchAction","target":{"@type":"EntryPoint","urlTemplate":"https:\/\/covasna45.ro\/?s={search_term_string}"},"query-input":{"@type":"PropertyValueSpecification","valueRequired":true,"valueName":"search_term_string"}}],"inLanguage":"ro-RO"},{"@type":"Organization","@id":"https:\/\/covasna45.ro\/#organization","name":"covasna45.ro","url":"https:\/\/covasna45.ro\/","logo":{"@type":"ImageObject","inLanguage":"ro-RO","@id":"https:\/\/covasna45.ro\/#\/schema\/logo\/image\/","url":"https:\/\/covasna45.ro\/wp-content\/uploads\/2023\/01\/icon_logo.png","contentUrl":"https:\/\/covasna45.ro\/wp-content\/uploads\/2023\/01\/icon_logo.png","width":1900,"height":1900,"caption":"covasna45.ro"},"image":{"@id":"https:\/\/covasna45.ro\/#\/schema\/logo\/image\/"}},{"@type":"Person","@id":"https:\/\/covasna45.ro\/#\/schema\/person\/e674052bd7d95d70bbb007a1060ab73c","name":"Covasna45","image":{"@type":"ImageObject","inLanguage":"ro-RO","@id":"https:\/\/covasna45.ro\/wp-content\/uploads\/2025\/10\/icon_logo_covasna45-150x150.png","url":"https:\/\/covasna45.ro\/wp-content\/uploads\/2025\/10\/icon_logo_covasna45-150x150.png","contentUrl":"https:\/\/covasna45.ro\/wp-content\/uploads\/2025\/10\/icon_logo_covasna45-150x150.png","caption":"Covasna45"},"sameAs":["https:\/\/covasna45.ro"],"url":"https:\/\/covasna45.ro\/index.php\/author\/covasna\/"}]}},"_links":{"self":[{"href":"https:\/\/covasna45.ro\/index.php\/wp-json\/wp\/v2\/posts\/3186","targetHints":{"allow":["GET"]}}],"collection":[{"href":"https:\/\/covasna45.ro\/index.php\/wp-json\/wp\/v2\/posts"}],"about":[{"href":"https:\/\/covasna45.ro\/index.php\/wp-json\/wp\/v2\/types\/post"}],"author":[{"embeddable":true,"href":"https:\/\/covasna45.ro\/index.php\/wp-json\/wp\/v2\/users\/1"}],"replies":[{"embeddable":true,"href":"https:\/\/covasna45.ro\/index.php\/wp-json\/wp\/v2\/comments?post=3186"}],"version-history":[{"count":1,"href":"https:\/\/covasna45.ro\/index.php\/wp-json\/wp\/v2\/posts\/3186\/revisions"}],"predecessor-version":[{"id":3188,"href":"https:\/\/covasna45.ro\/index.php\/wp-json\/wp\/v2\/posts\/3186\/revisions\/3188"}],"wp:featuredmedia":[{"embeddable":true,"href":"https:\/\/covasna45.ro\/index.php\/wp-json\/wp\/v2\/media\/3187"}],"wp:attachment":[{"href":"https:\/\/covasna45.ro\/index.php\/wp-json\/wp\/v2\/media?parent=3186"}],"wp:term":[{"taxonomy":"category","embeddable":true,"href":"https:\/\/covasna45.ro\/index.php\/wp-json\/wp\/v2\/categories?post=3186"},{"taxonomy":"post_tag","embeddable":true,"href":"https:\/\/covasna45.ro\/index.php\/wp-json\/wp\/v2\/tags?post=3186"}],"curies":[{"name":"wp","href":"https:\/\/api.w.org\/{rel}","templated":true}]}}