{"id":3272,"date":"2023-10-06T08:45:32","date_gmt":"2023-10-06T06:45:32","guid":{"rendered":"https:\/\/covasna45.ro\/?p=3272"},"modified":"2023-10-06T08:45:33","modified_gmt":"2023-10-06T06:45:33","slug":"afaceristii-din-romania-cer-infiintarea-unei-noi-companii-aeriene","status":"publish","type":"post","link":"https:\/\/covasna45.ro\/index.php\/lumea-noastra\/afaceristii-din-romania-cer-infiintarea-unei-noi-companii-aeriene\/","title":{"rendered":"Afaceri\u0219tii din Rom\u00e2nia cer \u00eenfiin\u021barea unei noi companii aeriene"},"content":{"rendered":"\n<p>Camera de Comer\u0163 \u015fi Industrie a Rom\u00e2niei (CCIR) propune \u00eenfiin\u0163area unei companii aeriene noi. O societate pe ac\u0163iuni, cu participarea consiliilor jude\u0163ene care au \u00een operare aeroporturi. Numele rezervat pentru aceast\u0103 nou\u0103 companie fiind: Liniile Aeriene Rom\u00e2ne (LAR).<\/p>\n\n\n\n<p>CCIR a organizat pe 4 octombrie cea de-a doua reuniune dedicat\u0103 lans\u0103rii acestui proiect. <\/p>\n\n\n\n<h2 class=\"wp-block-heading\">Conectivitatea aerian\u0103 interurban\u0103 pe teritoriul Rom\u00e2niei.<\/h2>\n\n\n\n<p><strong><em>\u201e\u00cen cadrul acestei \u00eent\u00e2lniri, a fost prezentat un studiu complex care a avut ca tem\u0103 central\u0103 lipsa de conectivitate \u00eentre ora\u015fele Rom\u00e2niei, cauzat\u0103 de infrastructura terestr\u0103 \u015fi feroviar\u0103 precar\u0103, pe care Rom\u00e2nia o are la ora actual\u0103, precum \u015fi solu\u0163iile identificate pentru demararea acestui nou proiect din domeniul aeronautic. <\/em><\/strong><\/p>\n\n\n\n<p><strong><em>Astfel, a fost avansat termenul de 1 Decembrie 2023 pentru \u00eenfiin\u0163area unei societ\u0103\u0163i pe ac\u0163iuni, cu participarea consiliilor jude\u0163ene care au \u00een operare aeroporturi<\/em><\/strong>.<strong><em> Numele rezervat pentru aceast\u0103 nou\u0103 companie fiind: Liniile Aeriene Rom\u00e2ne (LAR)\u201d<\/em><\/strong>, anun\u0163\u0103 CCIR.<\/p>\n\n\n\n<p>La reuniune au participat, at\u00e2t fizic, c\u00e2t \u015fi online, reprezentan\u0163ii consiliilor jude\u0163ene Arad, Bra\u015fov, Bac\u0103u, Constan\u0163a, Maramure\u015f \u015fi Sibiu. De asemenea, \u00eent\u00e2lnirea a beneficiat \u015fi de prezen\u0163a reprezentan\u0163ilor mediului academic. Ace\u0219tia au \u00eentocmit studiul privind conectivitatea aerian\u0103. Au mai participat speciali\u015fti din domeniul aeronautic din cadrul Aeroportului Delta Dun\u0103rii Tulcea, Aeroportului Interna\u0163ional Arad, Aeroportului Interna\u0163ional Maramure\u015f, Aeroportului \u015etefan cel Mare din Suceava, Aeroportului Interna\u0163ional Craiova \u015fi Regional Air Services Tuzla.<\/p>\n\n\n\n<h2 class=\"wp-block-heading\">De la Constan\u0163a la Timi\u015foara prin Roma sau Milano &#8211; ora\u0219ele \u021b\u0103rii nu au leg\u0103turi aeriene. <\/h2>\n\n\n\n<p><strong><em>\u201e\u00cen momentul de fa\u0163\u0103, dac\u0103 cineva \u00ee\u015fi dore\u015fte s\u0103 ajung\u0103 pe calea aerului de la Constan\u0163a la Timi\u015foara, va trebui s\u0103 fac\u0103 o escal\u0103 la Roma sau Milano<\/em><\/strong>.<strong><em> Nu exist\u0103 o cursa direct\u0103 \u00eentre cele dou\u0103 ora\u015fe ale Rom\u00e2niei. Vorbim practic de o mare pierdere de timp \u015fi de bani. <\/em><\/strong><\/p>\n\n\n\n<p><strong><em>Noul operator aerian propus de CCIR, care va avea forma unei societ\u0103\u0163i pe ac\u0163iuni, cu participarea consiliilor jude\u0163ene ca ac\u0163ionari, va opera cu un num\u0103r semnificativ de aeronave de mic\u0103 capacitate \u00eentre cele mai importante ora\u015fe ale \u0163\u0103rii. <\/em><\/strong><\/p>\n\n\n\n<p><strong><em>Pentru oamenii de afaceri, \u015fi nu numai, acest lucru va \u00eensemna c\u0103, \u00een cursul unei singure zile, se pot deplasa pe teritoriul Rom\u00e2niei \u00eentre ora\u015fe situate la sute de kilometri distan\u0163\u0103 unul de cel\u0103lalt<\/em><\/strong>.<strong><em> Economia de bani \u015fi de timp este evident\u0103. M-am bucurat s\u0103 v\u0103d c\u0103, \u00een urma discu\u0163iilor, consiliile jude\u0163ene au agreat acest proiect. Iat\u0103 c\u0103 azi facem primii pa\u015fi cu adev\u0103rat \u00een sensul \u00eenfiin\u0163\u0103rii noii companii aeriene rom\u00e2ne\u015fti\u201d, <\/em><\/strong>a declarat pre\u015fedintele CCIR, Mihai Daraban.<\/p>\n\n\n\n<p>Prezent la \u00eent\u00e2lnire, pre\u015fedintele Consiliului Jude\u0163ean Bra\u015fov, \u015eerban Todoric\u0103-Constantin sus\u021binut crearea noii linii aeriene. El a subliniat faptul c\u0103 <strong><em>\u201ede acest nou proiect vor beneficia nu numai oamenii de afaceri. Exist\u0103 doctori chirurgi de exemplu, specializa\u0163i \u00een diferite domenii<\/em><\/strong>. <em style=\"\"><b>Ei au nevoie s\u0103 se deplaseze dintr-un ora\u015f \u00een altul pentru anumite proceduri medicale speciale. De asemenea, pot exista cazuri de urgen\u021be medicale care pot fi rezolvate mai bine \u00een diferite <\/b><\/em><strong><em>ora\u0219e ale Rom\u00e2niei. Nu \u00een ultimul r\u00e2nd, trebuie s\u0103 ne g\u00e2ndim \u015fi la turism<\/em><\/strong>.<strong><em> O astfel de companie poate da un impuls serios acestui domeniu economic\u201d.<\/em><\/strong><\/p>\n","protected":false},"excerpt":{"rendered":"<p>Camera de Comer\u0163 \u015fi Industrie a Rom\u00e2niei (CCIR) propune \u00eenfiin\u0163area unei companii aeriene noi. O societate pe ac\u0163iuni, cu participarea consiliilor jude\u0163ene care au \u00een operare aeroporturi. Numele rezervat pentru aceast\u0103 nou\u0103 companie fiind: Liniile Aeriene Rom\u00e2ne (LAR). CCIR a organizat pe 4 octombrie cea de-a doua reuniune dedicat\u0103 lans\u0103rii acestui proiect. Conectivitatea aerian\u0103 interurban\u0103 [&hellip;]<\/p>\n","protected":false},"author":1,"featured_media":3273,"comment_status":"open","ping_status":"closed","sticky":false,"template":"","format":"standard","meta":{"tdm_status":"","tdm_grid_status":"","footnotes":""},"categories":[14],"tags":[437,1287,1288],"class_list":{"0":"post-3272","1":"post","2":"type-post","3":"status-publish","4":"format-standard","5":"has-post-thumbnail","7":"category-lumea-noastra","8":"tag-ccir","9":"tag-companie-aeriana","10":"tag-lar"},"yoast_head":"<!-- This site is optimized with the Yoast SEO plugin v27.5 - https:\/\/yoast.com\/product\/yoast-seo-wordpress\/ -->\n<title>Afaceri\u0219tii din Rom\u00e2nia cer \u00eenfiin\u021barea unei noi companii aeriene - Covasna45<\/title>\n<meta name=\"description\" content=\"Camera de Comer\u0163 \u015fi Industrie a Rom\u00e2niei (CCIR) propune \u00eenfiin\u0163area unei companii aeriene noi. O societate pe ac\u0163iuni\" \/>\n<meta name=\"robots\" content=\"index, follow, max-snippet:-1, max-image-preview:large, max-video-preview:-1\" \/>\n<link rel=\"canonical\" href=\"https:\/\/covasna45.ro\/index.php\/lumea-noastra\/afaceristii-din-romania-cer-infiintarea-unei-noi-companii-aeriene\/\" \/>\n<meta property=\"og:locale\" content=\"ro_RO\" \/>\n<meta property=\"og:type\" content=\"article\" \/>\n<meta property=\"og:title\" content=\"Afaceri\u0219tii din Rom\u00e2nia cer \u00eenfiin\u021barea unei noi companii aeriene - Covasna45\" \/>\n<meta property=\"og:description\" content=\"Camera de Comer\u0163 \u015fi Industrie a Rom\u00e2niei (CCIR) propune \u00eenfiin\u0163area unei companii aeriene noi. O societate pe ac\u0163iuni\" \/>\n<meta property=\"og:url\" content=\"https:\/\/covasna45.ro\/index.php\/lumea-noastra\/afaceristii-din-romania-cer-infiintarea-unei-noi-companii-aeriene\/\" \/>\n<meta property=\"og:site_name\" content=\"Covasna45\" \/>\n<meta property=\"article:published_time\" content=\"2023-10-06T06:45:32+00:00\" \/>\n<meta property=\"article:modified_time\" content=\"2023-10-06T06:45:33+00:00\" \/>\n<meta property=\"og:image\" content=\"https:\/\/covasna45.ro\/wp-content\/uploads\/2023\/10\/LAR.jpg\" \/>\n\t<meta property=\"og:image:width\" content=\"1024\" \/>\n\t<meta property=\"og:image:height\" content=\"680\" \/>\n\t<meta property=\"og:image:type\" content=\"image\/jpeg\" \/>\n<meta name=\"author\" content=\"Covasna45\" \/>\n<meta name=\"twitter:card\" content=\"summary_large_image\" \/>\n<meta name=\"twitter:label1\" content=\"Scris de\" \/>\n\t<meta name=\"twitter:data1\" content=\"Covasna45\" \/>\n\t<meta name=\"twitter:label2\" content=\"Timp estimat pentru citire\" \/>\n\t<meta name=\"twitter:data2\" content=\"3 minute\" \/>\n<script type=\"application\/ld+json\" class=\"yoast-schema-graph\">{\"@context\":\"https:\\\/\\\/schema.org\",\"@graph\":[{\"@type\":\"Article\",\"@id\":\"https:\\\/\\\/covasna45.ro\\\/index.php\\\/lumea-noastra\\\/afaceristii-din-romania-cer-infiintarea-unei-noi-companii-aeriene\\\/#article\",\"isPartOf\":{\"@id\":\"https:\\\/\\\/covasna45.ro\\\/index.php\\\/lumea-noastra\\\/afaceristii-din-romania-cer-infiintarea-unei-noi-companii-aeriene\\\/\"},\"author\":{\"name\":\"Covasna45\",\"@id\":\"https:\\\/\\\/covasna45.ro\\\/#\\\/schema\\\/person\\\/e674052bd7d95d70bbb007a1060ab73c\"},\"headline\":\"Afaceri\u0219tii din Rom\u00e2nia cer \u00eenfiin\u021barea unei noi companii aeriene\",\"datePublished\":\"2023-10-06T06:45:32+00:00\",\"dateModified\":\"2023-10-06T06:45:33+00:00\",\"mainEntityOfPage\":{\"@id\":\"https:\\\/\\\/covasna45.ro\\\/index.php\\\/lumea-noastra\\\/afaceristii-din-romania-cer-infiintarea-unei-noi-companii-aeriene\\\/\"},\"wordCount\":572,\"commentCount\":0,\"publisher\":{\"@id\":\"https:\\\/\\\/covasna45.ro\\\/#organization\"},\"image\":{\"@id\":\"https:\\\/\\\/covasna45.ro\\\/index.php\\\/lumea-noastra\\\/afaceristii-din-romania-cer-infiintarea-unei-noi-companii-aeriene\\\/#primaryimage\"},\"thumbnailUrl\":\"https:\\\/\\\/covasna45.ro\\\/wp-content\\\/uploads\\\/2023\\\/10\\\/LAR.jpg\",\"keywords\":[\"CCIR\",\"Companie aerian\u0103\",\"LAR\"],\"articleSection\":[\"Lumea noastr\u0103\"],\"inLanguage\":\"ro-RO\",\"potentialAction\":[{\"@type\":\"CommentAction\",\"name\":\"Comment\",\"target\":[\"https:\\\/\\\/covasna45.ro\\\/index.php\\\/lumea-noastra\\\/afaceristii-din-romania-cer-infiintarea-unei-noi-companii-aeriene\\\/#respond\"]}]},{\"@type\":\"WebPage\",\"@id\":\"https:\\\/\\\/covasna45.ro\\\/index.php\\\/lumea-noastra\\\/afaceristii-din-romania-cer-infiintarea-unei-noi-companii-aeriene\\\/\",\"url\":\"https:\\\/\\\/covasna45.ro\\\/index.php\\\/lumea-noastra\\\/afaceristii-din-romania-cer-infiintarea-unei-noi-companii-aeriene\\\/\",\"name\":\"Afaceri\u0219tii din Rom\u00e2nia cer \u00eenfiin\u021barea unei noi companii aeriene - Covasna45\",\"isPartOf\":{\"@id\":\"https:\\\/\\\/covasna45.ro\\\/#website\"},\"primaryImageOfPage\":{\"@id\":\"https:\\\/\\\/covasna45.ro\\\/index.php\\\/lumea-noastra\\\/afaceristii-din-romania-cer-infiintarea-unei-noi-companii-aeriene\\\/#primaryimage\"},\"image\":{\"@id\":\"https:\\\/\\\/covasna45.ro\\\/index.php\\\/lumea-noastra\\\/afaceristii-din-romania-cer-infiintarea-unei-noi-companii-aeriene\\\/#primaryimage\"},\"thumbnailUrl\":\"https:\\\/\\\/covasna45.ro\\\/wp-content\\\/uploads\\\/2023\\\/10\\\/LAR.jpg\",\"datePublished\":\"2023-10-06T06:45:32+00:00\",\"dateModified\":\"2023-10-06T06:45:33+00:00\",\"description\":\"Camera de Comer\u0163 \u015fi Industrie a Rom\u00e2niei (CCIR) propune \u00eenfiin\u0163area unei companii aeriene noi. O societate pe ac\u0163iuni\",\"breadcrumb\":{\"@id\":\"https:\\\/\\\/covasna45.ro\\\/index.php\\\/lumea-noastra\\\/afaceristii-din-romania-cer-infiintarea-unei-noi-companii-aeriene\\\/#breadcrumb\"},\"inLanguage\":\"ro-RO\",\"potentialAction\":[{\"@type\":\"ReadAction\",\"target\":[\"https:\\\/\\\/covasna45.ro\\\/index.php\\\/lumea-noastra\\\/afaceristii-din-romania-cer-infiintarea-unei-noi-companii-aeriene\\\/\"]}]},{\"@type\":\"ImageObject\",\"inLanguage\":\"ro-RO\",\"@id\":\"https:\\\/\\\/covasna45.ro\\\/index.php\\\/lumea-noastra\\\/afaceristii-din-romania-cer-infiintarea-unei-noi-companii-aeriene\\\/#primaryimage\",\"url\":\"https:\\\/\\\/covasna45.ro\\\/wp-content\\\/uploads\\\/2023\\\/10\\\/LAR.jpg\",\"contentUrl\":\"https:\\\/\\\/covasna45.ro\\\/wp-content\\\/uploads\\\/2023\\\/10\\\/LAR.jpg\",\"width\":1024,\"height\":680},{\"@type\":\"BreadcrumbList\",\"@id\":\"https:\\\/\\\/covasna45.ro\\\/index.php\\\/lumea-noastra\\\/afaceristii-din-romania-cer-infiintarea-unei-noi-companii-aeriene\\\/#breadcrumb\",\"itemListElement\":[{\"@type\":\"ListItem\",\"position\":1,\"name\":\"Prima pagin\u0103\",\"item\":\"https:\\\/\\\/covasna45.ro\\\/\"},{\"@type\":\"ListItem\",\"position\":2,\"name\":\"Afaceri\u0219tii din Rom\u00e2nia cer \u00eenfiin\u021barea unei noi companii aeriene\"}]},{\"@type\":\"WebSite\",\"@id\":\"https:\\\/\\\/covasna45.ro\\\/#website\",\"url\":\"https:\\\/\\\/covasna45.ro\\\/\",\"name\":\"covasna45.ro\",\"description\":\"\",\"publisher\":{\"@id\":\"https:\\\/\\\/covasna45.ro\\\/#organization\"},\"potentialAction\":[{\"@type\":\"SearchAction\",\"target\":{\"@type\":\"EntryPoint\",\"urlTemplate\":\"https:\\\/\\\/covasna45.ro\\\/?s={search_term_string}\"},\"query-input\":{\"@type\":\"PropertyValueSpecification\",\"valueRequired\":true,\"valueName\":\"search_term_string\"}}],\"inLanguage\":\"ro-RO\"},{\"@type\":\"Organization\",\"@id\":\"https:\\\/\\\/covasna45.ro\\\/#organization\",\"name\":\"covasna45.ro\",\"url\":\"https:\\\/\\\/covasna45.ro\\\/\",\"logo\":{\"@type\":\"ImageObject\",\"inLanguage\":\"ro-RO\",\"@id\":\"https:\\\/\\\/covasna45.ro\\\/#\\\/schema\\\/logo\\\/image\\\/\",\"url\":\"https:\\\/\\\/covasna45.ro\\\/wp-content\\\/uploads\\\/2023\\\/01\\\/icon_logo.png\",\"contentUrl\":\"https:\\\/\\\/covasna45.ro\\\/wp-content\\\/uploads\\\/2023\\\/01\\\/icon_logo.png\",\"width\":1900,\"height\":1900,\"caption\":\"covasna45.ro\"},\"image\":{\"@id\":\"https:\\\/\\\/covasna45.ro\\\/#\\\/schema\\\/logo\\\/image\\\/\"}},{\"@type\":\"Person\",\"@id\":\"https:\\\/\\\/covasna45.ro\\\/#\\\/schema\\\/person\\\/e674052bd7d95d70bbb007a1060ab73c\",\"name\":\"Covasna45\",\"image\":{\"@type\":\"ImageObject\",\"inLanguage\":\"ro-RO\",\"@id\":\"https:\\\/\\\/covasna45.ro\\\/wp-content\\\/uploads\\\/2025\\\/10\\\/icon_logo_covasna45-150x150.png\",\"url\":\"https:\\\/\\\/covasna45.ro\\\/wp-content\\\/uploads\\\/2025\\\/10\\\/icon_logo_covasna45-150x150.png\",\"contentUrl\":\"https:\\\/\\\/covasna45.ro\\\/wp-content\\\/uploads\\\/2025\\\/10\\\/icon_logo_covasna45-150x150.png\",\"caption\":\"Covasna45\"},\"sameAs\":[\"https:\\\/\\\/covasna45.ro\"],\"url\":\"https:\\\/\\\/covasna45.ro\\\/index.php\\\/author\\\/covasna\\\/\"}]}<\/script>\n<!-- \/ Yoast SEO plugin. -->","yoast_head_json":{"title":"Afaceri\u0219tii din Rom\u00e2nia cer \u00eenfiin\u021barea unei noi companii aeriene - Covasna45","description":"Camera de Comer\u0163 \u015fi Industrie a Rom\u00e2niei (CCIR) propune \u00eenfiin\u0163area unei companii aeriene noi. O societate pe ac\u0163iuni","robots":{"index":"index","follow":"follow","max-snippet":"max-snippet:-1","max-image-preview":"max-image-preview:large","max-video-preview":"max-video-preview:-1"},"canonical":"https:\/\/covasna45.ro\/index.php\/lumea-noastra\/afaceristii-din-romania-cer-infiintarea-unei-noi-companii-aeriene\/","og_locale":"ro_RO","og_type":"article","og_title":"Afaceri\u0219tii din Rom\u00e2nia cer \u00eenfiin\u021barea unei noi companii aeriene - Covasna45","og_description":"Camera de Comer\u0163 \u015fi Industrie a Rom\u00e2niei (CCIR) propune \u00eenfiin\u0163area unei companii aeriene noi. O societate pe ac\u0163iuni","og_url":"https:\/\/covasna45.ro\/index.php\/lumea-noastra\/afaceristii-din-romania-cer-infiintarea-unei-noi-companii-aeriene\/","og_site_name":"Covasna45","article_published_time":"2023-10-06T06:45:32+00:00","article_modified_time":"2023-10-06T06:45:33+00:00","og_image":[{"width":1024,"height":680,"url":"https:\/\/covasna45.ro\/wp-content\/uploads\/2023\/10\/LAR.jpg","type":"image\/jpeg"}],"author":"Covasna45","twitter_card":"summary_large_image","twitter_misc":{"Scris de":"Covasna45","Timp estimat pentru citire":"3 minute"},"schema":{"@context":"https:\/\/schema.org","@graph":[{"@type":"Article","@id":"https:\/\/covasna45.ro\/index.php\/lumea-noastra\/afaceristii-din-romania-cer-infiintarea-unei-noi-companii-aeriene\/#article","isPartOf":{"@id":"https:\/\/covasna45.ro\/index.php\/lumea-noastra\/afaceristii-din-romania-cer-infiintarea-unei-noi-companii-aeriene\/"},"author":{"name":"Covasna45","@id":"https:\/\/covasna45.ro\/#\/schema\/person\/e674052bd7d95d70bbb007a1060ab73c"},"headline":"Afaceri\u0219tii din Rom\u00e2nia cer \u00eenfiin\u021barea unei noi companii aeriene","datePublished":"2023-10-06T06:45:32+00:00","dateModified":"2023-10-06T06:45:33+00:00","mainEntityOfPage":{"@id":"https:\/\/covasna45.ro\/index.php\/lumea-noastra\/afaceristii-din-romania-cer-infiintarea-unei-noi-companii-aeriene\/"},"wordCount":572,"commentCount":0,"publisher":{"@id":"https:\/\/covasna45.ro\/#organization"},"image":{"@id":"https:\/\/covasna45.ro\/index.php\/lumea-noastra\/afaceristii-din-romania-cer-infiintarea-unei-noi-companii-aeriene\/#primaryimage"},"thumbnailUrl":"https:\/\/covasna45.ro\/wp-content\/uploads\/2023\/10\/LAR.jpg","keywords":["CCIR","Companie aerian\u0103","LAR"],"articleSection":["Lumea noastr\u0103"],"inLanguage":"ro-RO","potentialAction":[{"@type":"CommentAction","name":"Comment","target":["https:\/\/covasna45.ro\/index.php\/lumea-noastra\/afaceristii-din-romania-cer-infiintarea-unei-noi-companii-aeriene\/#respond"]}]},{"@type":"WebPage","@id":"https:\/\/covasna45.ro\/index.php\/lumea-noastra\/afaceristii-din-romania-cer-infiintarea-unei-noi-companii-aeriene\/","url":"https:\/\/covasna45.ro\/index.php\/lumea-noastra\/afaceristii-din-romania-cer-infiintarea-unei-noi-companii-aeriene\/","name":"Afaceri\u0219tii din Rom\u00e2nia cer \u00eenfiin\u021barea unei noi companii aeriene - Covasna45","isPartOf":{"@id":"https:\/\/covasna45.ro\/#website"},"primaryImageOfPage":{"@id":"https:\/\/covasna45.ro\/index.php\/lumea-noastra\/afaceristii-din-romania-cer-infiintarea-unei-noi-companii-aeriene\/#primaryimage"},"image":{"@id":"https:\/\/covasna45.ro\/index.php\/lumea-noastra\/afaceristii-din-romania-cer-infiintarea-unei-noi-companii-aeriene\/#primaryimage"},"thumbnailUrl":"https:\/\/covasna45.ro\/wp-content\/uploads\/2023\/10\/LAR.jpg","datePublished":"2023-10-06T06:45:32+00:00","dateModified":"2023-10-06T06:45:33+00:00","description":"Camera de Comer\u0163 \u015fi Industrie a Rom\u00e2niei (CCIR) propune \u00eenfiin\u0163area unei companii aeriene noi. O societate pe ac\u0163iuni","breadcrumb":{"@id":"https:\/\/covasna45.ro\/index.php\/lumea-noastra\/afaceristii-din-romania-cer-infiintarea-unei-noi-companii-aeriene\/#breadcrumb"},"inLanguage":"ro-RO","potentialAction":[{"@type":"ReadAction","target":["https:\/\/covasna45.ro\/index.php\/lumea-noastra\/afaceristii-din-romania-cer-infiintarea-unei-noi-companii-aeriene\/"]}]},{"@type":"ImageObject","inLanguage":"ro-RO","@id":"https:\/\/covasna45.ro\/index.php\/lumea-noastra\/afaceristii-din-romania-cer-infiintarea-unei-noi-companii-aeriene\/#primaryimage","url":"https:\/\/covasna45.ro\/wp-content\/uploads\/2023\/10\/LAR.jpg","contentUrl":"https:\/\/covasna45.ro\/wp-content\/uploads\/2023\/10\/LAR.jpg","width":1024,"height":680},{"@type":"BreadcrumbList","@id":"https:\/\/covasna45.ro\/index.php\/lumea-noastra\/afaceristii-din-romania-cer-infiintarea-unei-noi-companii-aeriene\/#breadcrumb","itemListElement":[{"@type":"ListItem","position":1,"name":"Prima pagin\u0103","item":"https:\/\/covasna45.ro\/"},{"@type":"ListItem","position":2,"name":"Afaceri\u0219tii din Rom\u00e2nia cer \u00eenfiin\u021barea unei noi companii aeriene"}]},{"@type":"WebSite","@id":"https:\/\/covasna45.ro\/#website","url":"https:\/\/covasna45.ro\/","name":"covasna45.ro","description":"","publisher":{"@id":"https:\/\/covasna45.ro\/#organization"},"potentialAction":[{"@type":"SearchAction","target":{"@type":"EntryPoint","urlTemplate":"https:\/\/covasna45.ro\/?s={search_term_string}"},"query-input":{"@type":"PropertyValueSpecification","valueRequired":true,"valueName":"search_term_string"}}],"inLanguage":"ro-RO"},{"@type":"Organization","@id":"https:\/\/covasna45.ro\/#organization","name":"covasna45.ro","url":"https:\/\/covasna45.ro\/","logo":{"@type":"ImageObject","inLanguage":"ro-RO","@id":"https:\/\/covasna45.ro\/#\/schema\/logo\/image\/","url":"https:\/\/covasna45.ro\/wp-content\/uploads\/2023\/01\/icon_logo.png","contentUrl":"https:\/\/covasna45.ro\/wp-content\/uploads\/2023\/01\/icon_logo.png","width":1900,"height":1900,"caption":"covasna45.ro"},"image":{"@id":"https:\/\/covasna45.ro\/#\/schema\/logo\/image\/"}},{"@type":"Person","@id":"https:\/\/covasna45.ro\/#\/schema\/person\/e674052bd7d95d70bbb007a1060ab73c","name":"Covasna45","image":{"@type":"ImageObject","inLanguage":"ro-RO","@id":"https:\/\/covasna45.ro\/wp-content\/uploads\/2025\/10\/icon_logo_covasna45-150x150.png","url":"https:\/\/covasna45.ro\/wp-content\/uploads\/2025\/10\/icon_logo_covasna45-150x150.png","contentUrl":"https:\/\/covasna45.ro\/wp-content\/uploads\/2025\/10\/icon_logo_covasna45-150x150.png","caption":"Covasna45"},"sameAs":["https:\/\/covasna45.ro"],"url":"https:\/\/covasna45.ro\/index.php\/author\/covasna\/"}]}},"_links":{"self":[{"href":"https:\/\/covasna45.ro\/index.php\/wp-json\/wp\/v2\/posts\/3272","targetHints":{"allow":["GET"]}}],"collection":[{"href":"https:\/\/covasna45.ro\/index.php\/wp-json\/wp\/v2\/posts"}],"about":[{"href":"https:\/\/covasna45.ro\/index.php\/wp-json\/wp\/v2\/types\/post"}],"author":[{"embeddable":true,"href":"https:\/\/covasna45.ro\/index.php\/wp-json\/wp\/v2\/users\/1"}],"replies":[{"embeddable":true,"href":"https:\/\/covasna45.ro\/index.php\/wp-json\/wp\/v2\/comments?post=3272"}],"version-history":[{"count":1,"href":"https:\/\/covasna45.ro\/index.php\/wp-json\/wp\/v2\/posts\/3272\/revisions"}],"predecessor-version":[{"id":3274,"href":"https:\/\/covasna45.ro\/index.php\/wp-json\/wp\/v2\/posts\/3272\/revisions\/3274"}],"wp:featuredmedia":[{"embeddable":true,"href":"https:\/\/covasna45.ro\/index.php\/wp-json\/wp\/v2\/media\/3273"}],"wp:attachment":[{"href":"https:\/\/covasna45.ro\/index.php\/wp-json\/wp\/v2\/media?parent=3272"}],"wp:term":[{"taxonomy":"category","embeddable":true,"href":"https:\/\/covasna45.ro\/index.php\/wp-json\/wp\/v2\/categories?post=3272"},{"taxonomy":"post_tag","embeddable":true,"href":"https:\/\/covasna45.ro\/index.php\/wp-json\/wp\/v2\/tags?post=3272"}],"curies":[{"name":"wp","href":"https:\/\/api.w.org\/{rel}","templated":true}]}}